{"id":1191082,"date":"2020-09-07T05:48:10","date_gmt":"2020-09-07T04:48:10","guid":{"rendered":"https:\/\/www.pressenza.com\/?p=1191082"},"modified":"2020-09-07T05:49:04","modified_gmt":"2020-09-07T04:49:04","slug":"fuer-starke-eu-klimaziele-einen-kohleausstieg-bis-2030-und-die-sozial-oekologische-wende","status":"publish","type":"post","link":"https:\/\/www.pressenza.com\/de\/2020\/09\/fuer-starke-eu-klimaziele-einen-kohleausstieg-bis-2030-und-die-sozial-oekologische-wende\/","title":{"rendered":"F\u00fcr starke EU-Klimaziele, einen Kohleausstieg bis 2030 und die sozial-\u00f6kologische Wende"},"content":{"rendered":"<div class=\"detail__teaser detail__teaser--below\">\n<p>Breites B\u00fcndnis unterst\u00fctzt den weltweiten Klimastreik der Fridays-for-Future-Bewegung am 25. September 2020<\/p>\n<\/div>\n<div class=\"detail__content\">\n<div class=\"detail__content-body\">\n<p><em>Unterst\u00fctzerb\u00fcndnis Klima-Streik 25.9.<\/em><\/p>\n<p>Ein breites B\u00fcndnis aus zahlreichen Organisationen, Verb\u00e4nden und Initiativen unterst\u00fctzt den weltweiten Klimastreik der Fridays-for-Future-Bewegung am 25. September. Unter dem Motto \u201eDie Klimakrise macht keine Pause!\u201c rufen sie dazu auf, sich am letzten Freitag im September einer der bundesweit mehr als 190 <a href=\"http:\/\/www.klima-streik.org\/demos\" target=\"_blank\" rel=\"noopener noreferrer\">Demonstrationen <\/a>und Aktionen anzuschlie\u00dfen. Gemeinsam fordern sie starke EU-Klimaziele, den Kohleausstieg bis 2030 und eine sozial-\u00f6kologische Wende.<\/p>\n<p>\u201eNicht nur die Corona-Krise stellt uns vor nie dagewesene Herausforderungen, sondern erst recht die Klimakrise\u201c, hei\u00dft es im <a href=\"http:\/\/www.klima-streik.org\/infos\/aufruf\" target=\"_blank\" rel=\"noopener noreferrer\">Aufruf<\/a> des B\u00fcndnisses. \u201eHier gilt wie bei Corona: Die Bundesregierung muss auf die Wissenschaft h\u00f6ren und endlich entschlossen handeln.\u201c Gelegenheit daf\u00fcr bietet der EU-Gipfel im Oktober, bei dem die EU-Staaten \u00fcber die Anhebung der europ\u00e4ischen Klimaziele entscheiden. Das B\u00fcndnis erwartet von Kanzlerin Merkel, als EU-Ratsvorsitzende daf\u00fcr zu sorgen, dass die EU-Staaten eine Reduktion der Treibhausgasemissionen bis 2030 um mindestens 65 Prozent beschlie\u00dfen. Nur so kann die EU ihren Teil dazu beitragen, dass die Erderhitzung nicht die kritische 1,5-Grad-Schwelle \u00fcberschreitet.<\/p>\n<p>Der Protest richtet sich auch gegen das Kohle-Gesetz der Gro\u00dfen Koalition, das einen Kohleausstieg erst f\u00fcr 2038 vorsieht. \u201eWer unsere Stimme f\u00fcr die Bundestagswahl im n\u00e4chsten Jahr will, muss sp\u00e4testens 2030 aus der Kohle aussteigen. F\u00fcr die Energiewende brauchen wir jetzt den massiven Ausbau der Erneuerbaren: auf mindestens 75 Prozent bis 2030\u201c, sind sich die 13 Organisationen in dem B\u00fcndnis einig.<\/p>\n<p>Einen Ausweg aus der Klimakrise bietet nur die sozial-\u00f6kologische Transformation der gesamten Wirtschaft. Statt Corona-Staatshilfen f\u00fcr klimasch\u00e4dliche Industrien zu zahlen, gilt es, Klimaschutz und soziale Gerechtigkeit zu Eckpfeilern aller Investitionen zu machen. \u201eDie klimapolitischen Herausforderungen er\u00f6ffnen die Chance, Soziales neu zu denken und so mehr Lebensqualit\u00e4t f\u00fcr alle zu schaffen. Wir wollen einen solidarischen Sozialstaat, in dem Strom, Wohnen, Lebensmittel und Mobilit\u00e4t klimafreundlich und f\u00fcr alle bezahlbar sind\u201c, hei\u00dft es im Aufruf.<\/p>\n<p>Die Demonstrationen und Kundgebungen am 25. September sind <a href=\"https:\/\/www.klima-streik.org\/corona-hinweise\" target=\"_blank\" rel=\"noopener noreferrer\">Corona-konform<\/a> mit Alltagsmaske und Abstand geplant.<\/p>\n<p><em>Zum Koordinierungskreis des B\u00fcndnisses geh\u00f6ren Attac Deutschland, Avaaz, der Bund f\u00fcr Umwelt und Naturschutz Deutschland (BUND), die BUNDjugend, Campact, Greenpeace, die Klima-Allianz Deutschland, der NABU, \u00a0die NAJU (Naturschutzjugend im NABU), die NaturFreunde Deutschlands, die Naturfreundejugend Deutschlands, Together for Future, der WWF und die WWF-Jugend. Der Aufruf wird insgesamt von 55 zivilgesellschaftlichen Organisationen getragen.<\/em><\/p>\n<p><strong>F\u00fcr R\u00fcckfragen:<\/strong><\/p>\n<ul>\n<li>Attac,\u00a0Frauke Distelrath | <a href=\"tel:069 900 281-42\">069 900 281-42<\/a> | presse@attac.de<\/li>\n<li>Avaaz,\u00a0Mario Lenhart | <a href=\"tel:(0151) 5914 2096\">(0151) 5914 2096<\/a> | mario@avaaz.org<\/li>\n<li>BUND,\u00a0Daniel Jahn | <a href=\"tel:(0151) 17924668\">(0151) 17924668<\/a> | presse@bund.net<\/li>\n<li>BUNDjugend,\u00a0Jenny Blekker | <a href=\"tel:(030) 275 86 584\">(030) 275 86 584<\/a> | jenny.blekker@bundjugend.de<\/li>\n<li>Campact,\u00a0Clara Koschies | <a href=\"tel:(0171) 489 04 55\">(0171) 489 04 55<\/a> | presse@campact.de<\/li>\n<li>Greenpeace,\u00a0Tina Loeffelbein | <a href=\"tel:(0151) 1672 0915\">(0151) 1672 0915<\/a> | tina.loeffelbein@greenpeace.org<\/li>\n<li>Klima-Allianz Deutschland,\u00a0Julia Dittmann | <a href=\"tel:(030) 780 899 514\">(030) 780 899 514<\/a> | presse@klima-allianz.de<\/li>\n<li>NABU,\u00a0Silvia Teich | <a href=\"tel:(030) 284984-1588\">(030) 284984-1588<\/a> | presse@NABU.de<\/li>\n<li>NAJU (Naturschutzjugend im NABU),\u00a0Franziska Ostertag | <a href=\"tel:(030) 652 137 52 30\">(030) 652 137 52 30<\/a> | Franziska.Ostertag@NABU.de<\/li>\n<li>NaturFreunde Deutschlands,\u00a0Samuel Lehmberg | <a href=\"tel:(030) 2977 3265\">(030) 2977 3265<\/a> | presse@naturfreunde.de<\/li>\n<li>Naturfreundejugend Deutschlands,\u00a0Lina Mombauer | <a href=\"tel:(030) 2977 3278\">(030) 2977 3278<\/a> | presse@naturfreundejugend.de<\/li>\n<li>Together for Future,\u00a0Holger Michel | <a href=\"tel:(0178) 662 3679\">(0178) 662 3679<\/a> | michel@laut-und.deutlich.com<\/li>\n<li>WWF,\u00a0Julian Philipp | <a href=\"tel:(030) 311 777 467\">(030) 311 777 467<\/a> | presse@wwf.de<\/li>\n<\/ul>\n<\/div>\n<\/div>\n<div class=\"news-related news-related-links\"><a href=\"https:\/\/www.attac.de\/presse\/detailansicht\/news\/fuer-starke-eu-klimaziele-einen-kohleausstieg-bis-2030-und-die-sozial-oekologische-wende\/\"><em>Original-Pressemitteilung<\/em><\/a><\/div>\n","protected":false},"excerpt":{"rendered":"<p>Breites B\u00fcndnis unterst\u00fctzt den weltweiten Klimastreik der Fridays-for-Future-Bewegung am 25. September 2020 Unterst\u00fctzerb\u00fcndnis Klima-Streik 25.9. Ein breites B\u00fcndnis aus zahlreichen Organisationen, Verb\u00e4nden und Initiativen unterst\u00fctzt den weltweiten Klimastreik der Fridays-for-Future-Bewegung am 25. September. Unter dem Motto \u201eDie Klimakrise macht keine&hellip;<\/p>\n","protected":false},"author":1095,"featured_media":1191084,"comment_status":"closed","ping_status":"closed","sticky":false,"template":"","format":"standard","meta":{"footnotes":""},"categories":[9160,9157,9168,9145],"tags":[55784,30246,12395,39704],"class_list":["post-1191082","post","type-post","status-publish","format-standard","has-post-thumbnail","hentry","category-gesundheit","category-oekologie-und-umwelt","category-politik","category-pressemitteilungen","tag-fridays-for-future-de","tag-klimaschutz","tag-klimawandel","tag-kohleausstieg"],"yoast_head":"<!-- This site is optimized with the Yoast SEO plugin v27.1.1 - https:\/\/yoast.com\/product\/yoast-seo-wordpress\/ -->\n<title>F\u00fcr starke EU-Klimaziele, einen Kohleausstieg bis 2030 und die sozial-\u00f6kologische Wende<\/title>\n<meta name=\"description\" content=\"Breites B\u00fcndnis unterst\u00fctzt den weltweiten Klimastreik der Fridays-for-Future-Bewegung am 25. September 2020 Unterst\u00fctzerb\u00fcndnis Klima-Streik 25.9. Ein\" \/>\n<meta name=\"robots\" content=\"index, follow, max-snippet:-1, max-image-preview:large, max-video-preview:-1\" \/>\n<link rel=\"canonical\" href=\"https:\/\/www.pressenza.com\/de\/2020\/09\/fuer-starke-eu-klimaziele-einen-kohleausstieg-bis-2030-und-die-sozial-oekologische-wende\/\" \/>\n<meta property=\"og:locale\" content=\"de_DE\" \/>\n<meta property=\"og:type\" content=\"article\" \/>\n<meta property=\"og:title\" content=\"F\u00fcr starke EU-Klimaziele, einen Kohleausstieg bis 2030 und die sozial-\u00f6kologische Wende\" \/>\n<meta property=\"og:description\" content=\"Breites B\u00fcndnis unterst\u00fctzt den weltweiten Klimastreik der Fridays-for-Future-Bewegung am 25. September 2020 Unterst\u00fctzerb\u00fcndnis Klima-Streik 25.9. Ein\" \/>\n<meta property=\"og:url\" content=\"https:\/\/www.pressenza.com\/de\/2020\/09\/fuer-starke-eu-klimaziele-einen-kohleausstieg-bis-2030-und-die-sozial-oekologische-wende\/\" \/>\n<meta property=\"og:site_name\" content=\"Pressenza\" \/>\n<meta property=\"article:publisher\" content=\"https:\/\/www.facebook.com\/PressenzaItalia\" \/>\n<meta property=\"article:author\" content=\"https:\/\/www.facebook.com\/Pressenza-Deutschland-sterreich-Schweiz-281675388658060\/timeline\/\" \/>\n<meta property=\"article:published_time\" content=\"2020-09-07T04:48:10+00:00\" \/>\n<meta property=\"article:modified_time\" content=\"2020-09-07T04:49:04+00:00\" \/>\n<meta property=\"og:image\" content=\"https:\/\/www.pressenza.com\/wp-content\/uploads\/2020\/09\/40EF8439-AB5A-4E0A-8F2F-074B31505814.jpeg\" \/>\n\t<meta property=\"og:image:width\" content=\"1920\" \/>\n\t<meta property=\"og:image:height\" content=\"1440\" \/>\n\t<meta property=\"og:image:type\" content=\"image\/jpeg\" \/>\n<meta name=\"author\" content=\"Pressenza Berlin\" \/>\n<meta name=\"twitter:card\" content=\"summary_large_image\" \/>\n<meta name=\"twitter:creator\" content=\"@pressenza_ger\" \/>\n<meta name=\"twitter:site\" content=\"@PressenzaIPA\" \/>\n<meta name=\"twitter:label1\" content=\"Verfasst von\" \/>\n\t<meta name=\"twitter:data1\" content=\"Pressenza Berlin\" \/>\n\t<meta name=\"twitter:label2\" content=\"Gesch\u00e4tzte Lesezeit\" \/>\n\t<meta name=\"twitter:data2\" content=\"2\u00a0Minuten\" \/>\n<script type=\"application\/ld+json\" class=\"yoast-schema-graph\">{\"@context\":\"https:\/\/schema.org\",\"@graph\":[{\"@type\":\"Article\",\"@id\":\"https:\/\/www.pressenza.com\/de\/2020\/09\/fuer-starke-eu-klimaziele-einen-kohleausstieg-bis-2030-und-die-sozial-oekologische-wende\/#article\",\"isPartOf\":{\"@id\":\"https:\/\/www.pressenza.com\/de\/2020\/09\/fuer-starke-eu-klimaziele-einen-kohleausstieg-bis-2030-und-die-sozial-oekologische-wende\/\"},\"author\":{\"name\":\"Pressenza Berlin\",\"@id\":\"https:\/\/www.pressenza.com\/de\/#\/schema\/person\/57bb5480943a496a7722b0248e4b658a\"},\"headline\":\"F\u00fcr starke EU-Klimaziele, einen Kohleausstieg bis 2030 und die sozial-\u00f6kologische Wende\",\"datePublished\":\"2020-09-07T04:48:10+00:00\",\"dateModified\":\"2020-09-07T04:49:04+00:00\",\"mainEntityOfPage\":{\"@id\":\"https:\/\/www.pressenza.com\/de\/2020\/09\/fuer-starke-eu-klimaziele-einen-kohleausstieg-bis-2030-und-die-sozial-oekologische-wende\/\"},\"wordCount\":501,\"publisher\":{\"@id\":\"https:\/\/www.pressenza.com\/de\/#organization\"},\"image\":{\"@id\":\"https:\/\/www.pressenza.com\/de\/2020\/09\/fuer-starke-eu-klimaziele-einen-kohleausstieg-bis-2030-und-die-sozial-oekologische-wende\/#primaryimage\"},\"thumbnailUrl\":\"https:\/\/www.pressenza.com\/wp-content\/uploads\/2020\/09\/40EF8439-AB5A-4E0A-8F2F-074B31505814.jpeg\",\"keywords\":[\"Fridays for Future\",\"Klimaschutz\",\"Klimawandel\",\"Kohleausstieg\"],\"articleSection\":[\"Gesundheit\",\"\u00d6kologie und Umwelt\",\"Politik\",\"Pressemitteilungen\"],\"inLanguage\":\"de\"},{\"@type\":\"WebPage\",\"@id\":\"https:\/\/www.pressenza.com\/de\/2020\/09\/fuer-starke-eu-klimaziele-einen-kohleausstieg-bis-2030-und-die-sozial-oekologische-wende\/\",\"url\":\"https:\/\/www.pressenza.com\/de\/2020\/09\/fuer-starke-eu-klimaziele-einen-kohleausstieg-bis-2030-und-die-sozial-oekologische-wende\/\",\"name\":\"F\u00fcr starke EU-Klimaziele, einen Kohleausstieg bis 2030 und die sozial-\u00f6kologische Wende\",\"isPartOf\":{\"@id\":\"https:\/\/www.pressenza.com\/de\/#website\"},\"primaryImageOfPage\":{\"@id\":\"https:\/\/www.pressenza.com\/de\/2020\/09\/fuer-starke-eu-klimaziele-einen-kohleausstieg-bis-2030-und-die-sozial-oekologische-wende\/#primaryimage\"},\"image\":{\"@id\":\"https:\/\/www.pressenza.com\/de\/2020\/09\/fuer-starke-eu-klimaziele-einen-kohleausstieg-bis-2030-und-die-sozial-oekologische-wende\/#primaryimage\"},\"thumbnailUrl\":\"https:\/\/www.pressenza.com\/wp-content\/uploads\/2020\/09\/40EF8439-AB5A-4E0A-8F2F-074B31505814.jpeg\",\"datePublished\":\"2020-09-07T04:48:10+00:00\",\"dateModified\":\"2020-09-07T04:49:04+00:00\",\"description\":\"Breites B\u00fcndnis unterst\u00fctzt den weltweiten Klimastreik der Fridays-for-Future-Bewegung am 25. September 2020 Unterst\u00fctzerb\u00fcndnis Klima-Streik 25.9. Ein\",\"breadcrumb\":{\"@id\":\"https:\/\/www.pressenza.com\/de\/2020\/09\/fuer-starke-eu-klimaziele-einen-kohleausstieg-bis-2030-und-die-sozial-oekologische-wende\/#breadcrumb\"},\"inLanguage\":\"de\",\"potentialAction\":[{\"@type\":\"ReadAction\",\"target\":[\"https:\/\/www.pressenza.com\/de\/2020\/09\/fuer-starke-eu-klimaziele-einen-kohleausstieg-bis-2030-und-die-sozial-oekologische-wende\/\"]}]},{\"@type\":\"ImageObject\",\"inLanguage\":\"de\",\"@id\":\"https:\/\/www.pressenza.com\/de\/2020\/09\/fuer-starke-eu-klimaziele-einen-kohleausstieg-bis-2030-und-die-sozial-oekologische-wende\/#primaryimage\",\"url\":\"https:\/\/www.pressenza.com\/wp-content\/uploads\/2020\/09\/40EF8439-AB5A-4E0A-8F2F-074B31505814.jpeg\",\"contentUrl\":\"https:\/\/www.pressenza.com\/wp-content\/uploads\/2020\/09\/40EF8439-AB5A-4E0A-8F2F-074B31505814.jpeg\",\"width\":1920,\"height\":1440},{\"@type\":\"BreadcrumbList\",\"@id\":\"https:\/\/www.pressenza.com\/de\/2020\/09\/fuer-starke-eu-klimaziele-einen-kohleausstieg-bis-2030-und-die-sozial-oekologische-wende\/#breadcrumb\",\"itemListElement\":[{\"@type\":\"ListItem\",\"position\":1,\"name\":\"Accueil\",\"item\":\"https:\/\/www.pressenza.com\/de\/\"},{\"@type\":\"ListItem\",\"position\":2,\"name\":\"F\u00fcr starke EU-Klimaziele, einen Kohleausstieg bis 2030 und die sozial-\u00f6kologische Wende\"}]},{\"@type\":\"WebSite\",\"@id\":\"https:\/\/www.pressenza.com\/de\/#website\",\"url\":\"https:\/\/www.pressenza.com\/de\/\",\"name\":\"Pressenza\",\"description\":\"International Press Agency\",\"publisher\":{\"@id\":\"https:\/\/www.pressenza.com\/de\/#organization\"},\"potentialAction\":[{\"@type\":\"SearchAction\",\"target\":{\"@type\":\"EntryPoint\",\"urlTemplate\":\"https:\/\/www.pressenza.com\/de\/?s={search_term_string}\"},\"query-input\":{\"@type\":\"PropertyValueSpecification\",\"valueRequired\":true,\"valueName\":\"search_term_string\"}}],\"inLanguage\":\"de\"},{\"@type\":\"Organization\",\"@id\":\"https:\/\/www.pressenza.com\/de\/#organization\",\"name\":\"Pressenza\",\"url\":\"https:\/\/www.pressenza.com\/de\/\",\"logo\":{\"@type\":\"ImageObject\",\"inLanguage\":\"de\",\"@id\":\"https:\/\/www.pressenza.com\/de\/#\/schema\/logo\/image\/\",\"url\":\"https:\/\/www.pressenza.com\/wp-content\/uploads\/2022\/10\/pressenza_logo_200x200.jpg\",\"contentUrl\":\"https:\/\/www.pressenza.com\/wp-content\/uploads\/2022\/10\/pressenza_logo_200x200.jpg\",\"width\":200,\"height\":200,\"caption\":\"Pressenza\"},\"image\":{\"@id\":\"https:\/\/www.pressenza.com\/de\/#\/schema\/logo\/image\/\"},\"sameAs\":[\"https:\/\/www.facebook.com\/PressenzaItalia\",\"https:\/\/x.com\/PressenzaIPA\"]},{\"@type\":\"Person\",\"@id\":\"https:\/\/www.pressenza.com\/de\/#\/schema\/person\/57bb5480943a496a7722b0248e4b658a\",\"name\":\"Pressenza Berlin\",\"description\":\"News from the Pressenza Bureau in Berlin, Germany\",\"sameAs\":[\"https:\/\/www.facebook.com\/Pressenza-Deutschland-sterreich-Schweiz-281675388658060\/timeline\/\",\"https:\/\/x.com\/pressenza_ger\"],\"url\":\"https:\/\/www.pressenza.com\/de\/author\/pressenza-berlin\/\"}]}<\/script>\n<!-- \/ Yoast SEO plugin. -->","yoast_head_json":{"title":"F\u00fcr starke EU-Klimaziele, einen Kohleausstieg bis 2030 und die sozial-\u00f6kologische Wende","description":"Breites B\u00fcndnis unterst\u00fctzt den weltweiten Klimastreik der Fridays-for-Future-Bewegung am 25. September 2020 Unterst\u00fctzerb\u00fcndnis Klima-Streik 25.9. Ein","robots":{"index":"index","follow":"follow","max-snippet":"max-snippet:-1","max-image-preview":"max-image-preview:large","max-video-preview":"max-video-preview:-1"},"canonical":"https:\/\/www.pressenza.com\/de\/2020\/09\/fuer-starke-eu-klimaziele-einen-kohleausstieg-bis-2030-und-die-sozial-oekologische-wende\/","og_locale":"de_DE","og_type":"article","og_title":"F\u00fcr starke EU-Klimaziele, einen Kohleausstieg bis 2030 und die sozial-\u00f6kologische Wende","og_description":"Breites B\u00fcndnis unterst\u00fctzt den weltweiten Klimastreik der Fridays-for-Future-Bewegung am 25. September 2020 Unterst\u00fctzerb\u00fcndnis Klima-Streik 25.9. Ein","og_url":"https:\/\/www.pressenza.com\/de\/2020\/09\/fuer-starke-eu-klimaziele-einen-kohleausstieg-bis-2030-und-die-sozial-oekologische-wende\/","og_site_name":"Pressenza","article_publisher":"https:\/\/www.facebook.com\/PressenzaItalia","article_author":"https:\/\/www.facebook.com\/Pressenza-Deutschland-sterreich-Schweiz-281675388658060\/timeline\/","article_published_time":"2020-09-07T04:48:10+00:00","article_modified_time":"2020-09-07T04:49:04+00:00","og_image":[{"width":1920,"height":1440,"url":"https:\/\/www.pressenza.com\/wp-content\/uploads\/2020\/09\/40EF8439-AB5A-4E0A-8F2F-074B31505814.jpeg","type":"image\/jpeg"}],"author":"Pressenza Berlin","twitter_card":"summary_large_image","twitter_creator":"@pressenza_ger","twitter_site":"@PressenzaIPA","twitter_misc":{"Verfasst von":"Pressenza Berlin","Gesch\u00e4tzte Lesezeit":"2\u00a0Minuten"},"schema":{"@context":"https:\/\/schema.org","@graph":[{"@type":"Article","@id":"https:\/\/www.pressenza.com\/de\/2020\/09\/fuer-starke-eu-klimaziele-einen-kohleausstieg-bis-2030-und-die-sozial-oekologische-wende\/#article","isPartOf":{"@id":"https:\/\/www.pressenza.com\/de\/2020\/09\/fuer-starke-eu-klimaziele-einen-kohleausstieg-bis-2030-und-die-sozial-oekologische-wende\/"},"author":{"name":"Pressenza Berlin","@id":"https:\/\/www.pressenza.com\/de\/#\/schema\/person\/57bb5480943a496a7722b0248e4b658a"},"headline":"F\u00fcr starke EU-Klimaziele, einen Kohleausstieg bis 2030 und die sozial-\u00f6kologische Wende","datePublished":"2020-09-07T04:48:10+00:00","dateModified":"2020-09-07T04:49:04+00:00","mainEntityOfPage":{"@id":"https:\/\/www.pressenza.com\/de\/2020\/09\/fuer-starke-eu-klimaziele-einen-kohleausstieg-bis-2030-und-die-sozial-oekologische-wende\/"},"wordCount":501,"publisher":{"@id":"https:\/\/www.pressenza.com\/de\/#organization"},"image":{"@id":"https:\/\/www.pressenza.com\/de\/2020\/09\/fuer-starke-eu-klimaziele-einen-kohleausstieg-bis-2030-und-die-sozial-oekologische-wende\/#primaryimage"},"thumbnailUrl":"https:\/\/www.pressenza.com\/wp-content\/uploads\/2020\/09\/40EF8439-AB5A-4E0A-8F2F-074B31505814.jpeg","keywords":["Fridays for Future","Klimaschutz","Klimawandel","Kohleausstieg"],"articleSection":["Gesundheit","\u00d6kologie und Umwelt","Politik","Pressemitteilungen"],"inLanguage":"de"},{"@type":"WebPage","@id":"https:\/\/www.pressenza.com\/de\/2020\/09\/fuer-starke-eu-klimaziele-einen-kohleausstieg-bis-2030-und-die-sozial-oekologische-wende\/","url":"https:\/\/www.pressenza.com\/de\/2020\/09\/fuer-starke-eu-klimaziele-einen-kohleausstieg-bis-2030-und-die-sozial-oekologische-wende\/","name":"F\u00fcr starke EU-Klimaziele, einen Kohleausstieg bis 2030 und die sozial-\u00f6kologische Wende","isPartOf":{"@id":"https:\/\/www.pressenza.com\/de\/#website"},"primaryImageOfPage":{"@id":"https:\/\/www.pressenza.com\/de\/2020\/09\/fuer-starke-eu-klimaziele-einen-kohleausstieg-bis-2030-und-die-sozial-oekologische-wende\/#primaryimage"},"image":{"@id":"https:\/\/www.pressenza.com\/de\/2020\/09\/fuer-starke-eu-klimaziele-einen-kohleausstieg-bis-2030-und-die-sozial-oekologische-wende\/#primaryimage"},"thumbnailUrl":"https:\/\/www.pressenza.com\/wp-content\/uploads\/2020\/09\/40EF8439-AB5A-4E0A-8F2F-074B31505814.jpeg","datePublished":"2020-09-07T04:48:10+00:00","dateModified":"2020-09-07T04:49:04+00:00","description":"Breites B\u00fcndnis unterst\u00fctzt den weltweiten Klimastreik der Fridays-for-Future-Bewegung am 25. September 2020 Unterst\u00fctzerb\u00fcndnis Klima-Streik 25.9. Ein","breadcrumb":{"@id":"https:\/\/www.pressenza.com\/de\/2020\/09\/fuer-starke-eu-klimaziele-einen-kohleausstieg-bis-2030-und-die-sozial-oekologische-wende\/#breadcrumb"},"inLanguage":"de","potentialAction":[{"@type":"ReadAction","target":["https:\/\/www.pressenza.com\/de\/2020\/09\/fuer-starke-eu-klimaziele-einen-kohleausstieg-bis-2030-und-die-sozial-oekologische-wende\/"]}]},{"@type":"ImageObject","inLanguage":"de","@id":"https:\/\/www.pressenza.com\/de\/2020\/09\/fuer-starke-eu-klimaziele-einen-kohleausstieg-bis-2030-und-die-sozial-oekologische-wende\/#primaryimage","url":"https:\/\/www.pressenza.com\/wp-content\/uploads\/2020\/09\/40EF8439-AB5A-4E0A-8F2F-074B31505814.jpeg","contentUrl":"https:\/\/www.pressenza.com\/wp-content\/uploads\/2020\/09\/40EF8439-AB5A-4E0A-8F2F-074B31505814.jpeg","width":1920,"height":1440},{"@type":"BreadcrumbList","@id":"https:\/\/www.pressenza.com\/de\/2020\/09\/fuer-starke-eu-klimaziele-einen-kohleausstieg-bis-2030-und-die-sozial-oekologische-wende\/#breadcrumb","itemListElement":[{"@type":"ListItem","position":1,"name":"Accueil","item":"https:\/\/www.pressenza.com\/de\/"},{"@type":"ListItem","position":2,"name":"F\u00fcr starke EU-Klimaziele, einen Kohleausstieg bis 2030 und die sozial-\u00f6kologische Wende"}]},{"@type":"WebSite","@id":"https:\/\/www.pressenza.com\/de\/#website","url":"https:\/\/www.pressenza.com\/de\/","name":"Pressenza","description":"International Press Agency","publisher":{"@id":"https:\/\/www.pressenza.com\/de\/#organization"},"potentialAction":[{"@type":"SearchAction","target":{"@type":"EntryPoint","urlTemplate":"https:\/\/www.pressenza.com\/de\/?s={search_term_string}"},"query-input":{"@type":"PropertyValueSpecification","valueRequired":true,"valueName":"search_term_string"}}],"inLanguage":"de"},{"@type":"Organization","@id":"https:\/\/www.pressenza.com\/de\/#organization","name":"Pressenza","url":"https:\/\/www.pressenza.com\/de\/","logo":{"@type":"ImageObject","inLanguage":"de","@id":"https:\/\/www.pressenza.com\/de\/#\/schema\/logo\/image\/","url":"https:\/\/www.pressenza.com\/wp-content\/uploads\/2022\/10\/pressenza_logo_200x200.jpg","contentUrl":"https:\/\/www.pressenza.com\/wp-content\/uploads\/2022\/10\/pressenza_logo_200x200.jpg","width":200,"height":200,"caption":"Pressenza"},"image":{"@id":"https:\/\/www.pressenza.com\/de\/#\/schema\/logo\/image\/"},"sameAs":["https:\/\/www.facebook.com\/PressenzaItalia","https:\/\/x.com\/PressenzaIPA"]},{"@type":"Person","@id":"https:\/\/www.pressenza.com\/de\/#\/schema\/person\/57bb5480943a496a7722b0248e4b658a","name":"Pressenza Berlin","description":"News from the Pressenza Bureau in Berlin, Germany","sameAs":["https:\/\/www.facebook.com\/Pressenza-Deutschland-sterreich-Schweiz-281675388658060\/timeline\/","https:\/\/x.com\/pressenza_ger"],"url":"https:\/\/www.pressenza.com\/de\/author\/pressenza-berlin\/"}]}},"place":"Attac","original_article_url":"","_links":{"self":[{"href":"https:\/\/www.pressenza.com\/de\/wp-json\/wp\/v2\/posts\/1191082","targetHints":{"allow":["GET"]}}],"collection":[{"href":"https:\/\/www.pressenza.com\/de\/wp-json\/wp\/v2\/posts"}],"about":[{"href":"https:\/\/www.pressenza.com\/de\/wp-json\/wp\/v2\/types\/post"}],"author":[{"embeddable":true,"href":"https:\/\/www.pressenza.com\/de\/wp-json\/wp\/v2\/users\/1095"}],"replies":[{"embeddable":true,"href":"https:\/\/www.pressenza.com\/de\/wp-json\/wp\/v2\/comments?post=1191082"}],"version-history":[{"count":0,"href":"https:\/\/www.pressenza.com\/de\/wp-json\/wp\/v2\/posts\/1191082\/revisions"}],"wp:featuredmedia":[{"embeddable":true,"href":"https:\/\/www.pressenza.com\/de\/wp-json\/wp\/v2\/media\/1191084"}],"wp:attachment":[{"href":"https:\/\/www.pressenza.com\/de\/wp-json\/wp\/v2\/media?parent=1191082"}],"wp:term":[{"taxonomy":"category","embeddable":true,"href":"https:\/\/www.pressenza.com\/de\/wp-json\/wp\/v2\/categories?post=1191082"},{"taxonomy":"post_tag","embeddable":true,"href":"https:\/\/www.pressenza.com\/de\/wp-json\/wp\/v2\/tags?post=1191082"}],"curies":[{"name":"wp","href":"https:\/\/api.w.org\/{rel}","templated":true}]}}