{"id":1178568,"date":"2020-08-14T20:22:01","date_gmt":"2020-08-14T19:22:01","guid":{"rendered":"https:\/\/www.pressenza.com\/?p=1178568"},"modified":"2020-08-14T20:22:01","modified_gmt":"2020-08-14T19:22:01","slug":"deutschland-im-hohen-norden","status":"publish","type":"post","link":"https:\/\/www.pressenza.com\/de\/2020\/08\/deutschland-im-hohen-norden\/","title":{"rendered":"Deutschland im Hohen Norden"},"content":{"rendered":"<p class=\"news-item-subtitle\"><strong>Die Bundesrepublik beteiligt sich zunehmend milit\u00e4rpolitisch am Machtkampf um die Arktis.<\/strong><\/p>\n<p>Die Bundesrepublik wird in Zukunft milit\u00e4rpolitisch enger mit den Staaten Nordeuropas kooperieren und damit in den Machtkampf um die Arktis eingreifen. Wie das Bundesverteidigungsministerium berichtet, hat Verteidigungsministerin Annegret Kramp-Karrenbauer im Vorfeld der deutschen EU-Ratspr\u00e4sidentschaft ausf\u00fchrlich mit ihren Amtskollegen in Finnland, Schweden, Norwegen und D\u00e4nemark konferiert; die vier nordeurop\u00e4ischen Staaten haben umfangreichere milit\u00e4rische Aktivit\u00e4ten im Hohen Norden in Aussicht gestellt. Ursache ist, dass wegen des Klimawandels die Eismassen in der Arktis schmelzen und sowohl den Zugriff auf gro\u00dfe Rohstofflagerst\u00e4tten als auch neue Seewege freigeben. Laut Experten k\u00f6nnten die arktischen Gew\u00e4sser schon 2030 im Sp\u00e4tsommer g\u00e4nzlich eisfrei sein. Vor diesem Hintergrund gewinnt die Rivalit\u00e4t um Einfluss in den Arktisregionen rasant an Sch\u00e4rfe. W\u00e4hrend China sich um eine &#8222;Polare Seidenstra\u00dfe&#8220; bem\u00fcht, haben das Pentagon und j\u00fcngst auch die U.S. Air Force eine Arktisstrategie publiziert. Auch Russland mit seiner langen Nordk\u00fcste ist involviert.<\/p>\n<p class=\"western\"><strong>Rohstoffe und Seewege<\/strong><\/p>\n<p class=\"western\">Hintergrund der zunehmenden Machtk\u00e4mpfe in der Arktis ist, dass das Polargebiet durch das Abschmelzen der dortigen Eismassen f\u00fcr Aktivit\u00e4ten verschiedenster Art zug\u00e4nglich wird. Schon im vergangenen Jahrhundert hat das Volumen des arktischen Eises um ann\u00e4hernd 75 Prozent abgenommen. Weil die Erw\u00e4rmung durch den Klimawandel in der Arktis deutlich st\u00e4rker ausf\u00e4llt als im globalen Durchschnitt, halten Experten es mittlerweile f\u00fcr denkbar, dass die Region bereits im Jahr 2030 im Sp\u00e4tsommer komplett eisfrei sein wird.[1] Dies erlaubt den Zugriff auf neue Rohstofflagerst\u00e4tten. Bereits heute werden weltweit rund zehn Prozent des Erd\u00f6ls und 25 Prozent des Erdgases in der Arktis gef\u00f6rdert, der gr\u00f6\u00dfte Teil davon in Sibirien und in Alaska. Laut einer Sch\u00e4tzung des U.S. Geological Survey k\u00f6nnten rund 13 Prozent der noch nicht erkundeten Erd\u00f6l- und rund 30 Prozent der noch nicht erkundeten Erdgasvorr\u00e4te weltweit n\u00f6rdlich des Polarkreises lagern &#8211; der gr\u00f6\u00dfte Teil davon unter dem Meer, allerdings in weniger als 500 Meter Wassertiefe. Dabei konzentrierten sich die Erdgasvorkommen vor allem unter russischen Gew\u00e4ssern, vermutet der U.S. Geological Survey.[2] Hinzu kommt, dass durch das Abschmelzen des Polareises neue Seewege in der Arktis befahrbar werden; dies er\u00f6ffnet neue Handlungsoptionen &#8211; f\u00fcr den Welthandel, aber auch f\u00fcr das Milit\u00e4r.<\/p>\n<p class=\"western\"><strong>Die Nordostpassage<\/strong><\/p>\n<p class=\"western\">Praktische Aktivit\u00e4ten hat es bislang weniger bei der Rohstofff\u00f6rderung gegeben. So hat etwa der Shell-Konzern Erkundungen in Alaska wegen mangelnder Erfolge eingestellt. Ein aussichtsreiches Projekt in der russischen Karasee, das Rosneft gemeinsam mit dem US-Konzern ExxonMobil gestartet hatte, musste im Jahr 2014 wegen der gemeinsamen Russlandsanktionen der Vereinigten Staaten und der EU eingestellt werden.[3] Erste Entwicklungen gibt es jedoch bei der Nutzung der arktischen Seewege. So legen seit 2014 j\u00e4hrlich 20 bis 30 Frachtschiffe die &#8222;Nordostpassage&#8220; zur\u00fcck &#8211; die Seeverbindung aus dem europ\u00e4ischen Nordmeer entlang der russischen Nordk\u00fcste bis in die Gew\u00e4sser Nordostasiens. Noch ist die Route wegen des bislang verbliebenen Eises und der schlecht ausgebauten Infrastruktur f\u00fcr den Handel nicht rentabel; allerdings zeichnet sich f\u00fcr sie inzwischen trotz aller Schwierigkeiten eine gewisse Perspektive ab &#8211; sie ist f\u00fcr den europ\u00e4ischen Ostasienhandel k\u00fcrzer als die Strecke durch den Indischen Ozean und das Mittelmeer.[4] Hinzu kommt &#8211; besonders aus chinesischer Sicht -, dass sie helfen k\u00f6nnte, Meerengen wie die Stra\u00dfe von Malakka und den Suezkanal zu meiden, die im Konfliktfall von den Vereinigten Staaten gesperrt werden k\u00f6nnten.<\/p>\n<p class=\"western\"><strong>Milit\u00e4rische Arktisstrategien<\/strong><\/p>\n<p class=\"western\">Trotz der noch vergleichsweise schwachen praktischen Nutzung der arktischen Gew\u00e4sser ist in den vergangenen Jahren der Machtkampf um die Region deutlich sch\u00e4rfer geworden. China, seinerseits kein Arktis-Anrainer, hat sich zum &#8222;arktisnahen Staat&#8220; erkl\u00e4rt, kooperiert mit Russland bei der Rohstofff\u00f6rderung und strebt die Anbindung arktischer Regionen mit einer &#8222;Polaren Seidenstra\u00dfe&#8220; an; dazu geh\u00f6rt auch das Bem\u00fchen um Zusammenarbeit mit Island und Gr\u00f6nland.[5] Russland h\u00e4lt regelm\u00e4\u00dfig Man\u00f6ver in arktischen Regionen ab; diese zielen nicht zuletzt darauf, die Schlie\u00dfung der &#8222;GIUK-L\u00fccke&#8220; (Greenland &#8211; Iceland &#8211; UK) und damit des Zugangs der russischen Nordflotte zum Nordatlantik durch die NATO zu verhindern.[6] Auch die Vereinigten Staaten und andere NATO-Mitglieder (Kanada, Norwegen, D\u00e4nemark) r\u00fcsten st\u00e4rker f\u00fcr die Kriegf\u00fchrung in polaren Regionen auf. Das Pentagon hat im Juni 2019 eine eigene Arktisstrategie publiziert [7]; im Juli hat dies nun auch die U.S. Air Force getan [8]. Dar\u00fcber hinaus streben die Staaten Nordeuropas &#8211; Finnland, Schweden, Norwegen, D\u00e4nemark &#8211; eine eigene, explizit gegen Russland gerichtete enge Milit\u00e4rkooperation mit Blick auf den Hohen Norden an.[9]<\/p>\n<p class=\"western\"><strong>&#8222;Intensiver mit der Region befassen&#8220;<\/strong><\/p>\n<p class=\"western\">Daran kn\u00fcpft nun die Bundesregierung an. Verteidigungsministerin Annegret Kramp-Karrenbauer hatte, wie das Verteidigungsministerium berichtet, urspr\u00fcnglich &#8222;im Vorfeld der deutschen EU-Ratspr\u00e4sidentschaft eine gro\u00dfe Reise durch die nordischen Staaten geplant&#8220;, um bei ihnen f\u00fcr eine engere milit\u00e4rpolitische Kooperation zu werben.[10] Wegen der Covid-19-Pandemie musste die Reise durch Video- und Telefonkonferenzen ersetzt werden. In diesem Rahmen f\u00fchrte Kramp-Karrenbauer nicht nur Gespr\u00e4che mit ihren nordischen Amtskollegen; sie nahm dar\u00fcber hinaus an Onlineveranstaltungen au\u00dfen- und milit\u00e4rpolitischer Think-Tanks in Helsinki, Stockholm, Oslo sowie Kopenhagen teil. &#8222;Mehrere gro\u00dfe Tageszeitungen druckten Namensartikel der Ministerin&#8220;, berichtet das Bundesverteidigungsministerium, &#8222;um ihre Botschaften einem breiten Publikum zu vermitteln&#8220;. Die NATO m\u00fcsse sich k\u00fcnftig &#8222;intensiver mit der Region befassen&#8220;, erkl\u00e4rte Kramp-Karrenbauer in einer Videokonferenz mit dem NATO Joint Warfare Centre im norwegischen Stavanger. In der Einrichtung sind laut Angaben des Verteidigungsministeriums rund 40 Soldaten der Bundeswehr aktiv. Gef\u00fchrt wird sie seit einem guten Jahr von Jan Christian Kaack, einem Konteradmiral der deutschen Marine.<\/p>\n<p class=\"western\"><strong>Man\u00f6ver mit der Bundeswehr<\/strong><\/p>\n<p class=\"western\">Auch die Bundeswehr bereitet sich schon l\u00e4ngst auf potenzielle Operationen in der Arktis vor. Seit Jahren nehmen deutsche Soldaten an Kriegs\u00fcbungen n\u00f6rdlich des Polarkreises teil (german-foreign-policy.com berichtete [11]). Bei der Bundesregierung ist vom &#8222;gegenseitigen Erfahrungsaustausch&#8220;, von der &#8222;In\u00fcbunghaltung eigener F\u00e4higkeiten unter besonderen klimatischen und geografischen Bedingungen&#8220; die Rede.[12] Dieses Jahr beteiligten sich deutsche Milit\u00e4rs zun\u00e4chst an dem Man\u00f6ver &#8222;Cold Response 2020&#8220; im Norden Norwegens, das Mitte M\u00e4rz freilich wegen der Covid-19-Pandemie abgebrochen werden musste. Im Juli nahm die deutsche Marine vor der K\u00fcste Islands an der Kriegs\u00fcbung &#8222;Dynamic Mongoose 2020&#8220; teil, bei der unter anderem der &#8222;U-Boot-Krieg hoher Intensit\u00e4t&#8220; geprobt wurde; er soll im Kriegsfall dazu beitragen, russische Kriegsschiffe an der Einfahrt in den Nordatlantik zu hindern (german-foreign-policy.com berichtete [13]). Damit nimmt die Bundesrepublik am Machtkampf um die Arktis auch auf milit\u00e4rpolitischer Ebene teil.<\/p>\n<p class=\"western\">[1] Simona R. Soare: Arctic Stress Test. Great power competition and Euro-Atlantic defence in the High North. EUISS Brief No. 9. 30.04.2020.<\/p>\n<p class=\"western\">[2] Assessment of undiscovered oil and gas in the arctic. pubs.er.usgs.gov.<\/p>\n<p class=\"western\">[3] Michael Paul: Arktische Seewege. Zwiesp\u00e4ltige Aussichten im Nordpolarmeer. SWP-Studie 14. Berlin, Juli 2020.<\/p>\n<p class=\"western\">[4] Simona R. Soare: Arctic Stress Test. Great power competition and Euro-Atlantic defence in the High North. EUISS Brief No. 9. 30.04.2020.<\/p>\n<p class=\"western\">[5] China&#8217;s Arctic Policy. The State Council Information Office of the People&#8217;s Republic of China. January 2018. english.www.gov.cn.<\/p>\n<p class=\"western\">[6] S. dazu <a href=\"https:\/\/www.german-foreign-policy.com\/news\/detail\/8332\/\" target=\"_blank\" rel=\"noopener noreferrer\">Die NATO auf U-Boot-Jagd<\/a>.<\/p>\n<p class=\"western\">[7] Department of Defense Arctic Strategy. June 2019.<\/p>\n<p class=\"western\">[8] The Department of the Air Force Arctic Strategy. July 2020.<\/p>\n<p class=\"western\">[9] Gerard O&#8217;Dwyer: Nordic militaries rekindle old alliances, as Russia warms to the region. defensenews.com 22.06.2020.<\/p>\n<p class=\"western\">[10] AKK: &#8222;Die Krise als Chance f\u00fcr Europa begreifen&#8220;. bmvg.de 09.07.2020.<\/p>\n<p class=\"western\">[11] S. dazu <a href=\"https:\/\/www.german-foreign-policy.com\/news\/detail\/6928\/\" target=\"_blank\" rel=\"noopener noreferrer\">Eiskalte Geopolitik (I)<\/a> und <a href=\"https:\/\/www.german-foreign-policy.com\/news\/detail\/8020\/\" target=\"_blank\" rel=\"noopener noreferrer\">Eiskalte Geopolitik (III)<\/a>.<\/p>\n<p class=\"western\">[12] Antwort der Bundesregierung auf die Kleine Anfrage der Abgeordneten Andrej Hunko, Christine Buchholz, Heike H\u00e4nsel, weiterer Abgeordneter und der Fraktion Die Linke. Deutscher Bundestag, Drucksache 19\/19973. 15.06.2020.<\/p>\n<p class=\"western\">[13] S. dazu <a href=\"https:\/\/www.german-foreign-policy.com\/news\/detail\/8332\/\" target=\"_blank\" rel=\"noopener noreferrer\">Die NATO auf U-Boot-Jagd<\/a>.<\/p>\n<div class=\"col-md-4\"><\/div>\n","protected":false},"excerpt":{"rendered":"<p>Die Bundesrepublik beteiligt sich zunehmend milit\u00e4rpolitisch am Machtkampf um die Arktis. Die Bundesrepublik wird in Zukunft milit\u00e4rpolitisch enger mit den Staaten Nordeuropas kooperieren und damit in den Machtkampf um die Arktis eingreifen. Wie das Bundesverteidigungsministerium berichtet, hat Verteidigungsministerin Annegret Kramp-Karrenbauer&hellip;<\/p>\n","protected":false},"author":1516,"featured_media":1178579,"comment_status":"closed","ping_status":"closed","sticky":false,"template":"","format":"standard","meta":{"footnotes":""},"categories":[9167,9157,9168],"tags":[62962,80166,80165,12395],"class_list":["post-1178568","post","type-post","status-publish","format-standard","has-post-thumbnail","hentry","category-frieden-und-abruestung","category-oekologie-und-umwelt","category-politik","tag-arktis","tag-erdgas","tag-erdoel","tag-klimawandel"],"yoast_head":"<!-- This site is optimized with the Yoast SEO plugin v27.1.1 - https:\/\/yoast.com\/product\/yoast-seo-wordpress\/ -->\n<title>Deutschland im Hohen Norden<\/title>\n<meta name=\"description\" content=\"Die Bundesrepublik beteiligt sich zunehmend milit\u00e4rpolitisch am Machtkampf um die Arktis. Die Bundesrepublik wird in Zukunft milit\u00e4rpolitisch enger mit\" \/>\n<meta name=\"robots\" content=\"index, follow, max-snippet:-1, max-image-preview:large, max-video-preview:-1\" \/>\n<link rel=\"canonical\" href=\"https:\/\/www.pressenza.com\/de\/2020\/08\/deutschland-im-hohen-norden\/\" \/>\n<meta property=\"og:locale\" content=\"de_DE\" \/>\n<meta property=\"og:type\" content=\"article\" \/>\n<meta property=\"og:title\" content=\"Deutschland im Hohen Norden\" \/>\n<meta property=\"og:description\" content=\"Die Bundesrepublik beteiligt sich zunehmend milit\u00e4rpolitisch am Machtkampf um die Arktis. Die Bundesrepublik wird in Zukunft milit\u00e4rpolitisch enger mit\" \/>\n<meta property=\"og:url\" content=\"https:\/\/www.pressenza.com\/de\/2020\/08\/deutschland-im-hohen-norden\/\" \/>\n<meta property=\"og:site_name\" content=\"Pressenza\" \/>\n<meta property=\"article:publisher\" content=\"https:\/\/www.facebook.com\/PressenzaItalia\" \/>\n<meta property=\"article:published_time\" content=\"2020-08-14T19:22:01+00:00\" \/>\n<meta property=\"og:image\" content=\"https:\/\/www.pressenza.com\/wp-content\/uploads\/2020\/08\/ice-breakers-540688_960_720.jpg\" \/>\n\t<meta property=\"og:image:width\" content=\"960\" \/>\n\t<meta property=\"og:image:height\" content=\"637\" \/>\n\t<meta property=\"og:image:type\" content=\"image\/jpeg\" \/>\n<meta name=\"author\" content=\"GERMAN-FOREIGN-POLICY.com\" \/>\n<meta name=\"twitter:card\" content=\"summary_large_image\" \/>\n<meta name=\"twitter:creator\" content=\"@PressenzaIPA\" \/>\n<meta name=\"twitter:site\" content=\"@PressenzaIPA\" \/>\n<meta name=\"twitter:label1\" content=\"Verfasst von\" \/>\n\t<meta name=\"twitter:data1\" content=\"GERMAN-FOREIGN-POLICY.com\" \/>\n\t<meta name=\"twitter:label2\" content=\"Gesch\u00e4tzte Lesezeit\" \/>\n\t<meta name=\"twitter:data2\" content=\"6\u00a0Minuten\" \/>\n<script type=\"application\/ld+json\" class=\"yoast-schema-graph\">{\"@context\":\"https:\/\/schema.org\",\"@graph\":[{\"@type\":\"Article\",\"@id\":\"https:\/\/www.pressenza.com\/de\/2020\/08\/deutschland-im-hohen-norden\/#article\",\"isPartOf\":{\"@id\":\"https:\/\/www.pressenza.com\/de\/2020\/08\/deutschland-im-hohen-norden\/\"},\"author\":{\"name\":\"GERMAN-FOREIGN-POLICY.com\",\"@id\":\"https:\/\/www.pressenza.com\/de\/#\/schema\/person\/65976e5880ee37f0ffc0cea7b0d6f456\"},\"headline\":\"Deutschland im Hohen Norden\",\"datePublished\":\"2020-08-14T19:22:01+00:00\",\"mainEntityOfPage\":{\"@id\":\"https:\/\/www.pressenza.com\/de\/2020\/08\/deutschland-im-hohen-norden\/\"},\"wordCount\":1267,\"publisher\":{\"@id\":\"https:\/\/www.pressenza.com\/de\/#organization\"},\"image\":{\"@id\":\"https:\/\/www.pressenza.com\/de\/2020\/08\/deutschland-im-hohen-norden\/#primaryimage\"},\"thumbnailUrl\":\"https:\/\/www.pressenza.com\/wp-content\/uploads\/2020\/08\/ice-breakers-540688_960_720.jpg\",\"keywords\":[\"Arktis\",\"Erdgas\",\"Erd\u00f6l\",\"Klimawandel\"],\"articleSection\":[\"Frieden und Abr\u00fcstung\",\"\u00d6kologie und Umwelt\",\"Politik\"],\"inLanguage\":\"de\"},{\"@type\":\"WebPage\",\"@id\":\"https:\/\/www.pressenza.com\/de\/2020\/08\/deutschland-im-hohen-norden\/\",\"url\":\"https:\/\/www.pressenza.com\/de\/2020\/08\/deutschland-im-hohen-norden\/\",\"name\":\"Deutschland im Hohen Norden\",\"isPartOf\":{\"@id\":\"https:\/\/www.pressenza.com\/de\/#website\"},\"primaryImageOfPage\":{\"@id\":\"https:\/\/www.pressenza.com\/de\/2020\/08\/deutschland-im-hohen-norden\/#primaryimage\"},\"image\":{\"@id\":\"https:\/\/www.pressenza.com\/de\/2020\/08\/deutschland-im-hohen-norden\/#primaryimage\"},\"thumbnailUrl\":\"https:\/\/www.pressenza.com\/wp-content\/uploads\/2020\/08\/ice-breakers-540688_960_720.jpg\",\"datePublished\":\"2020-08-14T19:22:01+00:00\",\"description\":\"Die Bundesrepublik beteiligt sich zunehmend milit\u00e4rpolitisch am Machtkampf um die Arktis. Die Bundesrepublik wird in Zukunft milit\u00e4rpolitisch enger mit\",\"breadcrumb\":{\"@id\":\"https:\/\/www.pressenza.com\/de\/2020\/08\/deutschland-im-hohen-norden\/#breadcrumb\"},\"inLanguage\":\"de\",\"potentialAction\":[{\"@type\":\"ReadAction\",\"target\":[\"https:\/\/www.pressenza.com\/de\/2020\/08\/deutschland-im-hohen-norden\/\"]}]},{\"@type\":\"ImageObject\",\"inLanguage\":\"de\",\"@id\":\"https:\/\/www.pressenza.com\/de\/2020\/08\/deutschland-im-hohen-norden\/#primaryimage\",\"url\":\"https:\/\/www.pressenza.com\/wp-content\/uploads\/2020\/08\/ice-breakers-540688_960_720.jpg\",\"contentUrl\":\"https:\/\/www.pressenza.com\/wp-content\/uploads\/2020\/08\/ice-breakers-540688_960_720.jpg\",\"width\":960,\"height\":637},{\"@type\":\"BreadcrumbList\",\"@id\":\"https:\/\/www.pressenza.com\/de\/2020\/08\/deutschland-im-hohen-norden\/#breadcrumb\",\"itemListElement\":[{\"@type\":\"ListItem\",\"position\":1,\"name\":\"Accueil\",\"item\":\"https:\/\/www.pressenza.com\/de\/\"},{\"@type\":\"ListItem\",\"position\":2,\"name\":\"Deutschland im Hohen Norden\"}]},{\"@type\":\"WebSite\",\"@id\":\"https:\/\/www.pressenza.com\/de\/#website\",\"url\":\"https:\/\/www.pressenza.com\/de\/\",\"name\":\"Pressenza\",\"description\":\"International Press Agency\",\"publisher\":{\"@id\":\"https:\/\/www.pressenza.com\/de\/#organization\"},\"potentialAction\":[{\"@type\":\"SearchAction\",\"target\":{\"@type\":\"EntryPoint\",\"urlTemplate\":\"https:\/\/www.pressenza.com\/de\/?s={search_term_string}\"},\"query-input\":{\"@type\":\"PropertyValueSpecification\",\"valueRequired\":true,\"valueName\":\"search_term_string\"}}],\"inLanguage\":\"de\"},{\"@type\":\"Organization\",\"@id\":\"https:\/\/www.pressenza.com\/de\/#organization\",\"name\":\"Pressenza\",\"url\":\"https:\/\/www.pressenza.com\/de\/\",\"logo\":{\"@type\":\"ImageObject\",\"inLanguage\":\"de\",\"@id\":\"https:\/\/www.pressenza.com\/de\/#\/schema\/logo\/image\/\",\"url\":\"https:\/\/www.pressenza.com\/wp-content\/uploads\/2022\/10\/pressenza_logo_200x200.jpg\",\"contentUrl\":\"https:\/\/www.pressenza.com\/wp-content\/uploads\/2022\/10\/pressenza_logo_200x200.jpg\",\"width\":200,\"height\":200,\"caption\":\"Pressenza\"},\"image\":{\"@id\":\"https:\/\/www.pressenza.com\/de\/#\/schema\/logo\/image\/\"},\"sameAs\":[\"https:\/\/www.facebook.com\/PressenzaItalia\",\"https:\/\/x.com\/PressenzaIPA\"]},{\"@type\":\"Person\",\"@id\":\"https:\/\/www.pressenza.com\/de\/#\/schema\/person\/65976e5880ee37f0ffc0cea7b0d6f456\",\"name\":\"GERMAN-FOREIGN-POLICY.com\",\"description\":\"Information on German Foreign Policy Articles and photographs by german-foreign-policy.com on Pressenza do not fall under the Creative Commons license and are not reproducible in any way. \\\"Information on German Foreign Policy\\\" (german-foreign-policy.com) is compiled by a group of independent journalists and social scientists who observe, on an ongoing basis, Germany's renewed attempts to regain great power status in the economic, military and political arena.\",\"url\":\"https:\/\/www.pressenza.com\/de\/author\/german-foreign-policy-com\/\"}]}<\/script>\n<!-- \/ Yoast SEO plugin. -->","yoast_head_json":{"title":"Deutschland im Hohen Norden","description":"Die Bundesrepublik beteiligt sich zunehmend milit\u00e4rpolitisch am Machtkampf um die Arktis. Die Bundesrepublik wird in Zukunft milit\u00e4rpolitisch enger mit","robots":{"index":"index","follow":"follow","max-snippet":"max-snippet:-1","max-image-preview":"max-image-preview:large","max-video-preview":"max-video-preview:-1"},"canonical":"https:\/\/www.pressenza.com\/de\/2020\/08\/deutschland-im-hohen-norden\/","og_locale":"de_DE","og_type":"article","og_title":"Deutschland im Hohen Norden","og_description":"Die Bundesrepublik beteiligt sich zunehmend milit\u00e4rpolitisch am Machtkampf um die Arktis. Die Bundesrepublik wird in Zukunft milit\u00e4rpolitisch enger mit","og_url":"https:\/\/www.pressenza.com\/de\/2020\/08\/deutschland-im-hohen-norden\/","og_site_name":"Pressenza","article_publisher":"https:\/\/www.facebook.com\/PressenzaItalia","article_published_time":"2020-08-14T19:22:01+00:00","og_image":[{"width":960,"height":637,"url":"https:\/\/www.pressenza.com\/wp-content\/uploads\/2020\/08\/ice-breakers-540688_960_720.jpg","type":"image\/jpeg"}],"author":"GERMAN-FOREIGN-POLICY.com","twitter_card":"summary_large_image","twitter_creator":"@PressenzaIPA","twitter_site":"@PressenzaIPA","twitter_misc":{"Verfasst von":"GERMAN-FOREIGN-POLICY.com","Gesch\u00e4tzte Lesezeit":"6\u00a0Minuten"},"schema":{"@context":"https:\/\/schema.org","@graph":[{"@type":"Article","@id":"https:\/\/www.pressenza.com\/de\/2020\/08\/deutschland-im-hohen-norden\/#article","isPartOf":{"@id":"https:\/\/www.pressenza.com\/de\/2020\/08\/deutschland-im-hohen-norden\/"},"author":{"name":"GERMAN-FOREIGN-POLICY.com","@id":"https:\/\/www.pressenza.com\/de\/#\/schema\/person\/65976e5880ee37f0ffc0cea7b0d6f456"},"headline":"Deutschland im Hohen Norden","datePublished":"2020-08-14T19:22:01+00:00","mainEntityOfPage":{"@id":"https:\/\/www.pressenza.com\/de\/2020\/08\/deutschland-im-hohen-norden\/"},"wordCount":1267,"publisher":{"@id":"https:\/\/www.pressenza.com\/de\/#organization"},"image":{"@id":"https:\/\/www.pressenza.com\/de\/2020\/08\/deutschland-im-hohen-norden\/#primaryimage"},"thumbnailUrl":"https:\/\/www.pressenza.com\/wp-content\/uploads\/2020\/08\/ice-breakers-540688_960_720.jpg","keywords":["Arktis","Erdgas","Erd\u00f6l","Klimawandel"],"articleSection":["Frieden und Abr\u00fcstung","\u00d6kologie und Umwelt","Politik"],"inLanguage":"de"},{"@type":"WebPage","@id":"https:\/\/www.pressenza.com\/de\/2020\/08\/deutschland-im-hohen-norden\/","url":"https:\/\/www.pressenza.com\/de\/2020\/08\/deutschland-im-hohen-norden\/","name":"Deutschland im Hohen Norden","isPartOf":{"@id":"https:\/\/www.pressenza.com\/de\/#website"},"primaryImageOfPage":{"@id":"https:\/\/www.pressenza.com\/de\/2020\/08\/deutschland-im-hohen-norden\/#primaryimage"},"image":{"@id":"https:\/\/www.pressenza.com\/de\/2020\/08\/deutschland-im-hohen-norden\/#primaryimage"},"thumbnailUrl":"https:\/\/www.pressenza.com\/wp-content\/uploads\/2020\/08\/ice-breakers-540688_960_720.jpg","datePublished":"2020-08-14T19:22:01+00:00","description":"Die Bundesrepublik beteiligt sich zunehmend milit\u00e4rpolitisch am Machtkampf um die Arktis. Die Bundesrepublik wird in Zukunft milit\u00e4rpolitisch enger mit","breadcrumb":{"@id":"https:\/\/www.pressenza.com\/de\/2020\/08\/deutschland-im-hohen-norden\/#breadcrumb"},"inLanguage":"de","potentialAction":[{"@type":"ReadAction","target":["https:\/\/www.pressenza.com\/de\/2020\/08\/deutschland-im-hohen-norden\/"]}]},{"@type":"ImageObject","inLanguage":"de","@id":"https:\/\/www.pressenza.com\/de\/2020\/08\/deutschland-im-hohen-norden\/#primaryimage","url":"https:\/\/www.pressenza.com\/wp-content\/uploads\/2020\/08\/ice-breakers-540688_960_720.jpg","contentUrl":"https:\/\/www.pressenza.com\/wp-content\/uploads\/2020\/08\/ice-breakers-540688_960_720.jpg","width":960,"height":637},{"@type":"BreadcrumbList","@id":"https:\/\/www.pressenza.com\/de\/2020\/08\/deutschland-im-hohen-norden\/#breadcrumb","itemListElement":[{"@type":"ListItem","position":1,"name":"Accueil","item":"https:\/\/www.pressenza.com\/de\/"},{"@type":"ListItem","position":2,"name":"Deutschland im Hohen Norden"}]},{"@type":"WebSite","@id":"https:\/\/www.pressenza.com\/de\/#website","url":"https:\/\/www.pressenza.com\/de\/","name":"Pressenza","description":"International Press Agency","publisher":{"@id":"https:\/\/www.pressenza.com\/de\/#organization"},"potentialAction":[{"@type":"SearchAction","target":{"@type":"EntryPoint","urlTemplate":"https:\/\/www.pressenza.com\/de\/?s={search_term_string}"},"query-input":{"@type":"PropertyValueSpecification","valueRequired":true,"valueName":"search_term_string"}}],"inLanguage":"de"},{"@type":"Organization","@id":"https:\/\/www.pressenza.com\/de\/#organization","name":"Pressenza","url":"https:\/\/www.pressenza.com\/de\/","logo":{"@type":"ImageObject","inLanguage":"de","@id":"https:\/\/www.pressenza.com\/de\/#\/schema\/logo\/image\/","url":"https:\/\/www.pressenza.com\/wp-content\/uploads\/2022\/10\/pressenza_logo_200x200.jpg","contentUrl":"https:\/\/www.pressenza.com\/wp-content\/uploads\/2022\/10\/pressenza_logo_200x200.jpg","width":200,"height":200,"caption":"Pressenza"},"image":{"@id":"https:\/\/www.pressenza.com\/de\/#\/schema\/logo\/image\/"},"sameAs":["https:\/\/www.facebook.com\/PressenzaItalia","https:\/\/x.com\/PressenzaIPA"]},{"@type":"Person","@id":"https:\/\/www.pressenza.com\/de\/#\/schema\/person\/65976e5880ee37f0ffc0cea7b0d6f456","name":"GERMAN-FOREIGN-POLICY.com","description":"Information on German Foreign Policy Articles and photographs by german-foreign-policy.com on Pressenza do not fall under the Creative Commons license and are not reproducible in any way. \"Information on German Foreign Policy\" (german-foreign-policy.com) is compiled by a group of independent journalists and social scientists who observe, on an ongoing basis, Germany's renewed attempts to regain great power status in the economic, military and political arena.","url":"https:\/\/www.pressenza.com\/de\/author\/german-foreign-policy-com\/"}]}},"place":"","original_article_url":"https:\/\/www.german-foreign-policy.com\/news\/detail\/8354\/","_links":{"self":[{"href":"https:\/\/www.pressenza.com\/de\/wp-json\/wp\/v2\/posts\/1178568","targetHints":{"allow":["GET"]}}],"collection":[{"href":"https:\/\/www.pressenza.com\/de\/wp-json\/wp\/v2\/posts"}],"about":[{"href":"https:\/\/www.pressenza.com\/de\/wp-json\/wp\/v2\/types\/post"}],"author":[{"embeddable":true,"href":"https:\/\/www.pressenza.com\/de\/wp-json\/wp\/v2\/users\/1516"}],"replies":[{"embeddable":true,"href":"https:\/\/www.pressenza.com\/de\/wp-json\/wp\/v2\/comments?post=1178568"}],"version-history":[{"count":0,"href":"https:\/\/www.pressenza.com\/de\/wp-json\/wp\/v2\/posts\/1178568\/revisions"}],"wp:featuredmedia":[{"embeddable":true,"href":"https:\/\/www.pressenza.com\/de\/wp-json\/wp\/v2\/media\/1178579"}],"wp:attachment":[{"href":"https:\/\/www.pressenza.com\/de\/wp-json\/wp\/v2\/media?parent=1178568"}],"wp:term":[{"taxonomy":"category","embeddable":true,"href":"https:\/\/www.pressenza.com\/de\/wp-json\/wp\/v2\/categories?post=1178568"},{"taxonomy":"post_tag","embeddable":true,"href":"https:\/\/www.pressenza.com\/de\/wp-json\/wp\/v2\/tags?post=1178568"}],"curies":[{"name":"wp","href":"https:\/\/api.w.org\/{rel}","templated":true}]}}