{"id":1177603,"date":"2020-08-12T06:00:43","date_gmt":"2020-08-12T05:00:43","guid":{"rendered":"https:\/\/www.pressenza.com\/?p=1177603"},"modified":"2020-08-12T06:00:43","modified_gmt":"2020-08-12T05:00:43","slug":"warum-gendern-sinnvoll-ist","status":"publish","type":"post","link":"https:\/\/www.pressenza.com\/de\/2020\/08\/warum-gendern-sinnvoll-ist\/","title":{"rendered":"Warum Gendern sinnvoll ist"},"content":{"rendered":"<p><b> Die Nutzung einer gendergerechten Sprache f\u00e4llt vielen Menschen auch heute noch schwer. Dabei ist ein Umstieg denkbar einfach und birgt das Potenzial, einen Beitrag zur Schaffung von gleichen Verh\u00e4ltnissen f\u00fcr M\u00e4nner und Frauen zu leisten. Der Macht von Sprache sowie der Tatsache, dass es m\u00f6glich ist, durch eine zeitgem\u00e4\u00dfe Sprache bereits im Kleinen Verantwortung zu \u00fcbernehmen, sollten sich mehr Menschen bewusst werden. Ein Kommentar von Constantin Huber.<\/b><\/p>\n<p>Alles, was neu ist, was ungewohnt ist, was uns aus unserer liebgewordenen Komfortzone potenziell herauszuholen vermag, betrachten wir Menschen nur zu gerne mit Argwohn. Das betrifft bereits Bereiche, mit denen wir nur peripher etwas zu tun haben, ganz besonders aber alles, was wir tagt\u00e4glich nutzen. Insofern ist es nicht verwunderlich, dass die Ver\u00e4nderung der Sprache immer wieder zum umstrittenen Thema wird. Da keine Sprache auf diesem Globus statisch ist, sondern stets einer gewissen Dynamik unterliegt, k\u00f6nnen wir sogar davon ausgehen, dass Menschen \u00fcber sinnvolle Ver\u00e4nderungen und Erweiterungen der Sprache debattierten, seitdem sie miteinander kommunizierten \u2013 oder kurz: schon immer.<\/p>\n<p><strong>Gendern \u2013 was ist das?<\/strong><\/p>\n<p>Wenn gezielt geschlechtergerechte Formulierungen gew\u00e4hlt werden, wird gemeinhin vom &#8222;Gendern&#8220; gesprochen. Geschlechtergerecht ist eine Formulierung genau dann, wenn keine angesprochene oder (vermeintlich) mitgemeinte Gruppierung au\u00dfen vor bleibt. Das Ziel einer jeden geschlechtergerechten Sprache ist folglich, dass sprachlich ausgeklammerte Personen explizit mitgedacht respektive mitgeschrieben und mitgesprochen werden. Da im Deutschen das generische Maskulinum \u00fcber Jahrhunderte gang und g\u00e4be war und auch hierzulande die Existenz von <a title=\"https:\/\/www.tagesspiegel.de\/wissen\/gender-in-der-biologie-es-gibt-mehr-als-zwei-geschlechter\/13386730.html\" href=\"https:\/\/www.tagesspiegel.de\/wissen\/gender-in-der-biologie-es-gibt-mehr-als-zwei-geschlechter\/13386730.html\">biologischen Geschlechtern abseits von m\u00e4nnlich und weiblich<\/a> lange Zeit bestritten wurde, sind es fast ausschlie\u00dflich Frauen sowie <a title=\"https:\/\/www.antidiskriminierungsstelle.de\/DE\/ThemenUndForschung\/Geschlecht\/Themenjahr_2015\/Trans\/trans_node.html\" href=\"https:\/\/www.antidiskriminierungsstelle.de\/DE\/ThemenUndForschung\/Geschlecht\/Themenjahr_2015\/Trans\/trans_node.html\">Trans<\/a>&#8211; und <a title=\"https:\/\/www.antidiskriminierungsstelle.de\/DE\/ThemenUndForschung\/Geschlecht\/Themenjahr_2015\/Inter\/Inter_node.html;jsessionid=8DEB283AFD15566E1A99E78A1156824B.1_cid351\" href=\"https:\/\/www.antidiskriminierungsstelle.de\/DE\/ThemenUndForschung\/Geschlecht\/Themenjahr_2015\/Inter\/Inter_node.html;jsessionid=8DEB283AFD15566E1A99E78A1156824B.1_cid351\">Inter<\/a>-Menschen, die h\u00e4ufig sprachbezogen unsichtbar bleiben. Ein kreativerer und bewussterer Umgang mit Sprache, sofern die Bereitschaft daf\u00fcr vorhanden ist, <a title=\"https:\/\/www.uke.de\/organisationsstruktur\/medizinische-fakult%C3%A4t\/unsere-fakult%C3%A4t\/gleichstellungsreferat\/geschlechtergerechte-sprache\/index.html\" href=\"https:\/\/www.uke.de\/organisationsstruktur\/medizinische-fakult%C3%A4t\/unsere-fakult%C3%A4t\/gleichstellungsreferat\/geschlechtergerechte-sprache\/index.html\">kann jedoch dazu beitragen, dass stereotype Rollenbilder abgeschafft werden<\/a>.<\/p>\n<p><strong>Gendern \u2013 mehr Vor- als Nachteile?<\/strong><\/p>\n<p>Die Sprache beeinflusst unser Denken: Wenn der Begriff &#8222;Professor&#8220; haupts\u00e4chlich mit m\u00e4nnlichen Akademiker*innen assoziiert wird und nicht mit Professor*innen, ist die Gefahr gro\u00df, dass bei dessen kontinuierlicher Nutzung im kollektiven Ged\u00e4chtnis noch zu h\u00e4ufig verankert bleibt, dass haupts\u00e4chlich M\u00e4nner Professor*innen werden und dies nicht etwa gleichberechtigt f\u00fcr alle Geschlechter m\u00f6glich ist. Das schafft vor allem f\u00fcr j\u00fcngere Menschen die falschen Anreize und <a title=\"https:\/\/www.dgps.de\/index.php?id=143&amp;tx_ttnews%5Btt_news%5D=1610&amp;cHash=1308c97486a0f55bc30d6a7cf12bf49f\" href=\"https:\/\/www.dgps.de\/index.php?id=143&amp;tx_ttnews%5Btt_news%5D=1610&amp;cHash=1308c97486a0f55bc30d6a7cf12bf49f\">gilt, wie Studien zeigen, f\u00fcr eine ganze Reihe von Berufen<\/a>. Ein gro\u00dfer Nutzen einer gendergerechten Sprache liegt demnach im Aufbrechen \u00fcberholter Rollenbilder und der damit einhergehenden, zwar langsamen, aber stetigen Generierung von gleichen Chancen f\u00fcr alle Menschen.<\/p>\n<p>Es geh\u00f6rt zur Demokratie und unserer Verfassung, alle Menschen gleich zu behandeln. Einzig die gendergerechte Sprache dr\u00fcckt diese Wertsch\u00e4tzung aus. Es kommt auch nicht von ungef\u00e4hr, dass viele der Agitator*innen gegen das Gendern ma\u00dfgeblich aus der rechten und antidemokratischen Ecke stammen. Diese \u2013 und sei es auch ungewollt \u2013 ohne gute Argumente in ihren Anliegen zu unterst\u00fctzen, ist ein gef\u00e4hrliches Unterfangen. Dabei d\u00fcrfte es schwer sein, gegen die erdr\u00fcckende Beweislast von Studien zu argumentieren, die aufzeigen, dass eine gegenderte Sprache unter anderem zu einer ver\u00e4nderten Wahrnehmung f\u00fchrt: dass zum Beispiel <a title=\"https:\/\/www.pnas.org\/content\/116\/34\/16781\" href=\"https:\/\/www.pnas.org\/content\/116\/34\/16781\">h\u00e4ufiger Frauen auch tats\u00e4chlich mitgedacht werden<\/a>.<\/p>\n<p>Machtverh\u00e4ltnisse, die es in unserer Gesellschaft gibt, spiegeln sich auch in unserer Sprache wider. Das generische Maskulinum, welches \u00fcbrigens auch eine Form des Genderns ist, nur eben jene, die die meisten von uns von klein auf kennen, <a title=\"https:\/\/www.ndr.de\/kultur\/Gendergerechte-Sprache-Pro,gedankenzurzeit1440.html\" href=\"https:\/\/www.ndr.de\/kultur\/Gendergerechte-Sprache-Pro,gedankenzurzeit1440.html\">wird uns gerne als neutral verkauft, obwohl dadurch unsere Sprache eindeutig m\u00e4nnlich gepr\u00e4gt wird<\/a>. Nicht nur die Realit\u00e4t schafft Sprache, sondern Sprache schafft mitunter auch Realit\u00e4t. Mit ihr <a title=\"https:\/\/www.hr-inforadio.de\/programm\/das-thema\/kommentar-gendergerechte-sprache,gender_sternchen-100.html\" href=\"https:\/\/www.hr-inforadio.de\/programm\/das-thema\/kommentar-gendergerechte-sprache,gender_sternchen-100.html\">kommunizieren, manipulieren, verletzten, propagieren und unterdr\u00fccken wir<\/a>. Eine diskriminierende Sprache tr\u00e4gt zur Schaffung und Festigung von Strukturen bei, in denen es benachteiligte Gruppen schwerer haben als unbedingt notwendig. Eine diskriminierungsfreie Sprache muss daher stets als Ideal angestrebt und immer wieder neu reflektiert werden, um sich ver\u00e4nderten Realit\u00e4ten, zum Beispiel durch den gesellschaftlichen Wandel, anzupassen.<\/p>\n<p>Die gerne angef\u00fchrten Nachteile, wonach der Lesefluss f\u00fcr eine*n unge\u00fcbte*n Leser*in verloren gehe, eine optisch weniger ansprechende Stilistik verwendet werde oder eine kontraproduktive Betonung des Geschlechts stattfinde, \u00fcberwiegen gegen\u00fcber den Vorteilen nicht. Wer h\u00e4ufiger gegenderte Texte liest oder damit gar aufw\u00e4chst, ist darin genauso schnell wie beim Lesen ungegenderter Texte. Und \u00c4sthetik ist immer h\u00f6chst subjektiv und kann auch stets gegen andere Aspekte abgewogen werden. Dass die Relevanz der Geschlechter durch eine gedankliche und sprachliche Anpassung explizit hervorgehoben wird, ist das erkl\u00e4rte Ziel der gendergerechten Sprache und kann daher kaum als Argument dagegen geltend gemacht werden. Erst, wenn Gleichberechtigung zwischen den Geschlechtern erreicht ist, kann dies als ein valides Argument f\u00fcr eine sodann auftretende \u00dcberfl\u00fcssigkeit herhalten.<\/p>\n<p>Zumal: Beinahe jeder Mensch kann die <a title=\"http:\/\/bsti.be\/newsletter\/dokumente\/20140112\/Echtkrass.pdf\" href=\"http:\/\/bsti.be\/newsletter\/dokumente\/20140112\/Echtkrass.pdf\">folgenden beiden Abschnitte lesen<\/a>, eine Abgew\u00f6hnung der geschlechterungerechten Sprache soll aber zu viel verlangt sein? Eine solche Haltung kann nicht ernst genommen werden.<\/p>\n<blockquote><p>Ehct ksras! Gm\u00e4e\u00df eneir Sutide eneir Uvinister\u00e4t, ist es nchit witihcg, in wlecehr Rneflogheie die Bstachuebn in eneim Wort snid, das ezniige, was wcthiig ist, ist, dsas der estre und der leztte Bstabchue an der ritihcegn Pstoiin snid. Der Rset knan ein ttoaelr Bsin\u00f6ldn sein, tedztorm knan man ihn onhe Pemoblre lseen. Das ist so, wiel wir nicht jeedn Bstachuebn enzelin leesn, snderon das Wort als Gzeans enkreenn. Ehct ksras! Das ghet wicklirh!<\/p>\n<p>D1353 M1TT31LUNG Z31GT D1R, ZU W3LCH3N GRO554RT1G3N L315TUNG3N UN53R G3H1RN F43H1G 15T! 4M 4NF4NG W4R 35 51CH3R NOCH 5CHW3R, D45 ZU L353N, 483R M1TTL3W31L3 K4NN5T DU D45 W4HR5CH31NL1ICH 5CHON G4NZ GUT L353N, OHN3 D455 35 D1CH W1RKL1CH 4N5TR3NGT. D45 L315T3T D31N G3H1RN M1T 531N3R 3NORM3N L3RNF43HIGKEIT. 8331NDRUCK3ND, OD3R?<\/p><\/blockquote>\n<p><strong>Gendern \u2013 ein Ausblick<\/strong><\/p>\n<p>Nein, das Gendern wird sicherlich nicht alle gravierenden Probleme l\u00f6sen, die etwa aus der noch nicht erreichten Gleichberechtigung von Mann und Frau sowie Trans*- und Inter*-Menschen resultieren, aber es vermag zumindest einen kleinen Teil dazu beizutragen. Egal, ob nun Binnen-I, Genderstern, Geschlechtsneutralisierung, Unterstrich, Doppelpunkt oder Schr\u00e4gstrich: wer eine Form der geschlechtergerechten Sprache nutzt, zeigt, dass er*sie sich Gedanken dar\u00fcber gemacht hat, wie auch im Alltag allen unn\u00f6tigen Formen der Diskriminierung Paroli geboten werden kann, damit sich weniger h\u00e4ufig patriarchale Strukturen weiter verfestigen und die bestehenden weiter aufgebrochen werden k\u00f6nnen. Diese Form der Sensibilisierung ist avantgardistisch und progressiv. Sich dieser in den Weg zu stellen, unterst\u00fctzt im Endeffekt nur alle Tr\u00e4ger*innen reaktion\u00e4rer Weltbilder.<\/p>\n<p>&nbsp;<\/p>\n","protected":false},"excerpt":{"rendered":"<p>Die Nutzung einer gendergerechten Sprache f\u00e4llt vielen Menschen auch heute noch schwer. Dabei ist ein Umstieg denkbar einfach und birgt das Potenzial, einen Beitrag zur Schaffung von gleichen Verh\u00e4ltnissen f\u00fcr M\u00e4nner und Frauen zu leisten. Der Macht von Sprache sowie&hellip;<\/p>\n","protected":false},"author":1163,"featured_media":1177605,"comment_status":"closed","ping_status":"closed","sticky":false,"template":"","format":"standard","meta":{"footnotes":""},"categories":[54510,9168],"tags":[9821,9254,62576,57606],"class_list":["post-1177603","post","type-post","status-publish","format-standard","has-post-thumbnail","hentry","category-gender-und-feminismen","category-politik","tag-demokratie","tag-diskriminierung","tag-gender-de","tag-kommunikation"],"yoast_head":"<!-- This site is optimized with the Yoast SEO plugin v27.1.1 - https:\/\/yoast.com\/product\/yoast-seo-wordpress\/ -->\n<title>Warum Gendern sinnvoll ist<\/title>\n<meta name=\"description\" content=\"Die Nutzung einer gendergerechten Sprache f\u00e4llt vielen Menschen auch heute noch schwer. Dabei ist ein Umstieg denkbar einfach und birgt das Potenzial,\" \/>\n<meta name=\"robots\" content=\"index, follow, max-snippet:-1, max-image-preview:large, max-video-preview:-1\" \/>\n<link rel=\"canonical\" href=\"https:\/\/www.pressenza.com\/de\/2020\/08\/warum-gendern-sinnvoll-ist\/\" \/>\n<meta property=\"og:locale\" content=\"de_DE\" \/>\n<meta property=\"og:type\" content=\"article\" \/>\n<meta property=\"og:title\" content=\"Warum Gendern sinnvoll ist\" \/>\n<meta property=\"og:description\" content=\"Die Nutzung einer gendergerechten Sprache f\u00e4llt vielen Menschen auch heute noch schwer. Dabei ist ein Umstieg denkbar einfach und birgt das Potenzial,\" \/>\n<meta property=\"og:url\" content=\"https:\/\/www.pressenza.com\/de\/2020\/08\/warum-gendern-sinnvoll-ist\/\" \/>\n<meta property=\"og:site_name\" content=\"Pressenza\" \/>\n<meta property=\"article:publisher\" content=\"https:\/\/www.facebook.com\/PressenzaItalia\" \/>\n<meta property=\"article:author\" content=\"https:\/\/www.facebook.com\/hpd.de\" \/>\n<meta property=\"article:published_time\" content=\"2020-08-12T05:00:43+00:00\" \/>\n<meta property=\"og:image\" content=\"https:\/\/www.pressenza.com\/wp-content\/uploads\/2020\/08\/maenner_und_frauen.png\" \/>\n\t<meta property=\"og:image:width\" content=\"824\" \/>\n\t<meta property=\"og:image:height\" content=\"549\" \/>\n\t<meta property=\"og:image:type\" content=\"image\/png\" \/>\n<meta name=\"author\" content=\"Humanistischer Pressedienst\" \/>\n<meta name=\"twitter:card\" content=\"summary_large_image\" \/>\n<meta name=\"twitter:creator\" content=\"@hpdticker\" \/>\n<meta name=\"twitter:site\" content=\"@PressenzaIPA\" \/>\n<meta name=\"twitter:label1\" content=\"Verfasst von\" \/>\n\t<meta name=\"twitter:data1\" content=\"Humanistischer Pressedienst\" \/>\n\t<meta name=\"twitter:label2\" content=\"Gesch\u00e4tzte Lesezeit\" \/>\n\t<meta name=\"twitter:data2\" content=\"6\u00a0Minuten\" \/>\n<script type=\"application\/ld+json\" class=\"yoast-schema-graph\">{\"@context\":\"https:\/\/schema.org\",\"@graph\":[{\"@type\":\"Article\",\"@id\":\"https:\/\/www.pressenza.com\/de\/2020\/08\/warum-gendern-sinnvoll-ist\/#article\",\"isPartOf\":{\"@id\":\"https:\/\/www.pressenza.com\/de\/2020\/08\/warum-gendern-sinnvoll-ist\/\"},\"author\":{\"name\":\"Humanistischer Pressedienst\",\"@id\":\"https:\/\/www.pressenza.com\/de\/#\/schema\/person\/38b1bb4060cd67df380552dfe740ee1c\"},\"headline\":\"Warum Gendern sinnvoll ist\",\"datePublished\":\"2020-08-12T05:00:43+00:00\",\"mainEntityOfPage\":{\"@id\":\"https:\/\/www.pressenza.com\/de\/2020\/08\/warum-gendern-sinnvoll-ist\/\"},\"wordCount\":1116,\"publisher\":{\"@id\":\"https:\/\/www.pressenza.com\/de\/#organization\"},\"image\":{\"@id\":\"https:\/\/www.pressenza.com\/de\/2020\/08\/warum-gendern-sinnvoll-ist\/#primaryimage\"},\"thumbnailUrl\":\"https:\/\/www.pressenza.com\/wp-content\/uploads\/2020\/08\/maenner_und_frauen.png\",\"keywords\":[\"Demokratie\",\"Diskriminierung\",\"Gender\",\"Kommunikation\"],\"articleSection\":[\"Gender und Feminismen\",\"Politik\"],\"inLanguage\":\"de\"},{\"@type\":\"WebPage\",\"@id\":\"https:\/\/www.pressenza.com\/de\/2020\/08\/warum-gendern-sinnvoll-ist\/\",\"url\":\"https:\/\/www.pressenza.com\/de\/2020\/08\/warum-gendern-sinnvoll-ist\/\",\"name\":\"Warum Gendern sinnvoll ist\",\"isPartOf\":{\"@id\":\"https:\/\/www.pressenza.com\/de\/#website\"},\"primaryImageOfPage\":{\"@id\":\"https:\/\/www.pressenza.com\/de\/2020\/08\/warum-gendern-sinnvoll-ist\/#primaryimage\"},\"image\":{\"@id\":\"https:\/\/www.pressenza.com\/de\/2020\/08\/warum-gendern-sinnvoll-ist\/#primaryimage\"},\"thumbnailUrl\":\"https:\/\/www.pressenza.com\/wp-content\/uploads\/2020\/08\/maenner_und_frauen.png\",\"datePublished\":\"2020-08-12T05:00:43+00:00\",\"description\":\"Die Nutzung einer gendergerechten Sprache f\u00e4llt vielen Menschen auch heute noch schwer. Dabei ist ein Umstieg denkbar einfach und birgt das Potenzial,\",\"breadcrumb\":{\"@id\":\"https:\/\/www.pressenza.com\/de\/2020\/08\/warum-gendern-sinnvoll-ist\/#breadcrumb\"},\"inLanguage\":\"de\",\"potentialAction\":[{\"@type\":\"ReadAction\",\"target\":[\"https:\/\/www.pressenza.com\/de\/2020\/08\/warum-gendern-sinnvoll-ist\/\"]}]},{\"@type\":\"ImageObject\",\"inLanguage\":\"de\",\"@id\":\"https:\/\/www.pressenza.com\/de\/2020\/08\/warum-gendern-sinnvoll-ist\/#primaryimage\",\"url\":\"https:\/\/www.pressenza.com\/wp-content\/uploads\/2020\/08\/maenner_und_frauen.png\",\"contentUrl\":\"https:\/\/www.pressenza.com\/wp-content\/uploads\/2020\/08\/maenner_und_frauen.png\",\"width\":824,\"height\":549},{\"@type\":\"BreadcrumbList\",\"@id\":\"https:\/\/www.pressenza.com\/de\/2020\/08\/warum-gendern-sinnvoll-ist\/#breadcrumb\",\"itemListElement\":[{\"@type\":\"ListItem\",\"position\":1,\"name\":\"Accueil\",\"item\":\"https:\/\/www.pressenza.com\/de\/\"},{\"@type\":\"ListItem\",\"position\":2,\"name\":\"Warum Gendern sinnvoll ist\"}]},{\"@type\":\"WebSite\",\"@id\":\"https:\/\/www.pressenza.com\/de\/#website\",\"url\":\"https:\/\/www.pressenza.com\/de\/\",\"name\":\"Pressenza\",\"description\":\"International Press Agency\",\"publisher\":{\"@id\":\"https:\/\/www.pressenza.com\/de\/#organization\"},\"potentialAction\":[{\"@type\":\"SearchAction\",\"target\":{\"@type\":\"EntryPoint\",\"urlTemplate\":\"https:\/\/www.pressenza.com\/de\/?s={search_term_string}\"},\"query-input\":{\"@type\":\"PropertyValueSpecification\",\"valueRequired\":true,\"valueName\":\"search_term_string\"}}],\"inLanguage\":\"de\"},{\"@type\":\"Organization\",\"@id\":\"https:\/\/www.pressenza.com\/de\/#organization\",\"name\":\"Pressenza\",\"url\":\"https:\/\/www.pressenza.com\/de\/\",\"logo\":{\"@type\":\"ImageObject\",\"inLanguage\":\"de\",\"@id\":\"https:\/\/www.pressenza.com\/de\/#\/schema\/logo\/image\/\",\"url\":\"https:\/\/www.pressenza.com\/wp-content\/uploads\/2022\/10\/pressenza_logo_200x200.jpg\",\"contentUrl\":\"https:\/\/www.pressenza.com\/wp-content\/uploads\/2022\/10\/pressenza_logo_200x200.jpg\",\"width\":200,\"height\":200,\"caption\":\"Pressenza\"},\"image\":{\"@id\":\"https:\/\/www.pressenza.com\/de\/#\/schema\/logo\/image\/\"},\"sameAs\":[\"https:\/\/www.facebook.com\/PressenzaItalia\",\"https:\/\/x.com\/PressenzaIPA\"]},{\"@type\":\"Person\",\"@id\":\"https:\/\/www.pressenza.com\/de\/#\/schema\/person\/38b1bb4060cd67df380552dfe740ee1c\",\"name\":\"Humanistischer Pressedienst\",\"description\":\"Der Humanistische Pressedienst (hpd) pr\u00e4sentiert aufkl\u00e4rerische, humanistische und freigeistige Positionen zu aktuellen Ereignissen. Das Internetportal will konfessionsfreien Menschen \u2013 in Deutschland ein Drittel der Bev\u00f6lkerung \u2013 eine Stimme geben. Der hpd versteht sich als Plattform f\u00fcr das breite Spektrum s\u00e4kularer Bestrebungen, mit deren Akteuren er bestens vernetzt ist und zu deren Meinungsbildung er beitragen m\u00f6chte. Artikel des Humanistischen Pressdienst auf Pressenza fallen nicht unter die Creative-Commons-Lizenz und d\u00fcrfen nur mit ausdr\u00fccklicher Zustimmung der Redaktion von hpd.de \u00fcbernommen werden.\",\"sameAs\":[\"https:\/\/www.facebook.com\/hpd.de\",\"https:\/\/x.com\/hpdticker\"],\"url\":\"https:\/\/www.pressenza.com\/de\/author\/humanistischer-pressedienst\/\"}]}<\/script>\n<!-- \/ Yoast SEO plugin. -->","yoast_head_json":{"title":"Warum Gendern sinnvoll ist","description":"Die Nutzung einer gendergerechten Sprache f\u00e4llt vielen Menschen auch heute noch schwer. Dabei ist ein Umstieg denkbar einfach und birgt das Potenzial,","robots":{"index":"index","follow":"follow","max-snippet":"max-snippet:-1","max-image-preview":"max-image-preview:large","max-video-preview":"max-video-preview:-1"},"canonical":"https:\/\/www.pressenza.com\/de\/2020\/08\/warum-gendern-sinnvoll-ist\/","og_locale":"de_DE","og_type":"article","og_title":"Warum Gendern sinnvoll ist","og_description":"Die Nutzung einer gendergerechten Sprache f\u00e4llt vielen Menschen auch heute noch schwer. Dabei ist ein Umstieg denkbar einfach und birgt das Potenzial,","og_url":"https:\/\/www.pressenza.com\/de\/2020\/08\/warum-gendern-sinnvoll-ist\/","og_site_name":"Pressenza","article_publisher":"https:\/\/www.facebook.com\/PressenzaItalia","article_author":"https:\/\/www.facebook.com\/hpd.de","article_published_time":"2020-08-12T05:00:43+00:00","og_image":[{"width":824,"height":549,"url":"https:\/\/www.pressenza.com\/wp-content\/uploads\/2020\/08\/maenner_und_frauen.png","type":"image\/png"}],"author":"Humanistischer Pressedienst","twitter_card":"summary_large_image","twitter_creator":"@hpdticker","twitter_site":"@PressenzaIPA","twitter_misc":{"Verfasst von":"Humanistischer Pressedienst","Gesch\u00e4tzte Lesezeit":"6\u00a0Minuten"},"schema":{"@context":"https:\/\/schema.org","@graph":[{"@type":"Article","@id":"https:\/\/www.pressenza.com\/de\/2020\/08\/warum-gendern-sinnvoll-ist\/#article","isPartOf":{"@id":"https:\/\/www.pressenza.com\/de\/2020\/08\/warum-gendern-sinnvoll-ist\/"},"author":{"name":"Humanistischer Pressedienst","@id":"https:\/\/www.pressenza.com\/de\/#\/schema\/person\/38b1bb4060cd67df380552dfe740ee1c"},"headline":"Warum Gendern sinnvoll ist","datePublished":"2020-08-12T05:00:43+00:00","mainEntityOfPage":{"@id":"https:\/\/www.pressenza.com\/de\/2020\/08\/warum-gendern-sinnvoll-ist\/"},"wordCount":1116,"publisher":{"@id":"https:\/\/www.pressenza.com\/de\/#organization"},"image":{"@id":"https:\/\/www.pressenza.com\/de\/2020\/08\/warum-gendern-sinnvoll-ist\/#primaryimage"},"thumbnailUrl":"https:\/\/www.pressenza.com\/wp-content\/uploads\/2020\/08\/maenner_und_frauen.png","keywords":["Demokratie","Diskriminierung","Gender","Kommunikation"],"articleSection":["Gender und Feminismen","Politik"],"inLanguage":"de"},{"@type":"WebPage","@id":"https:\/\/www.pressenza.com\/de\/2020\/08\/warum-gendern-sinnvoll-ist\/","url":"https:\/\/www.pressenza.com\/de\/2020\/08\/warum-gendern-sinnvoll-ist\/","name":"Warum Gendern sinnvoll ist","isPartOf":{"@id":"https:\/\/www.pressenza.com\/de\/#website"},"primaryImageOfPage":{"@id":"https:\/\/www.pressenza.com\/de\/2020\/08\/warum-gendern-sinnvoll-ist\/#primaryimage"},"image":{"@id":"https:\/\/www.pressenza.com\/de\/2020\/08\/warum-gendern-sinnvoll-ist\/#primaryimage"},"thumbnailUrl":"https:\/\/www.pressenza.com\/wp-content\/uploads\/2020\/08\/maenner_und_frauen.png","datePublished":"2020-08-12T05:00:43+00:00","description":"Die Nutzung einer gendergerechten Sprache f\u00e4llt vielen Menschen auch heute noch schwer. Dabei ist ein Umstieg denkbar einfach und birgt das Potenzial,","breadcrumb":{"@id":"https:\/\/www.pressenza.com\/de\/2020\/08\/warum-gendern-sinnvoll-ist\/#breadcrumb"},"inLanguage":"de","potentialAction":[{"@type":"ReadAction","target":["https:\/\/www.pressenza.com\/de\/2020\/08\/warum-gendern-sinnvoll-ist\/"]}]},{"@type":"ImageObject","inLanguage":"de","@id":"https:\/\/www.pressenza.com\/de\/2020\/08\/warum-gendern-sinnvoll-ist\/#primaryimage","url":"https:\/\/www.pressenza.com\/wp-content\/uploads\/2020\/08\/maenner_und_frauen.png","contentUrl":"https:\/\/www.pressenza.com\/wp-content\/uploads\/2020\/08\/maenner_und_frauen.png","width":824,"height":549},{"@type":"BreadcrumbList","@id":"https:\/\/www.pressenza.com\/de\/2020\/08\/warum-gendern-sinnvoll-ist\/#breadcrumb","itemListElement":[{"@type":"ListItem","position":1,"name":"Accueil","item":"https:\/\/www.pressenza.com\/de\/"},{"@type":"ListItem","position":2,"name":"Warum Gendern sinnvoll ist"}]},{"@type":"WebSite","@id":"https:\/\/www.pressenza.com\/de\/#website","url":"https:\/\/www.pressenza.com\/de\/","name":"Pressenza","description":"International Press Agency","publisher":{"@id":"https:\/\/www.pressenza.com\/de\/#organization"},"potentialAction":[{"@type":"SearchAction","target":{"@type":"EntryPoint","urlTemplate":"https:\/\/www.pressenza.com\/de\/?s={search_term_string}"},"query-input":{"@type":"PropertyValueSpecification","valueRequired":true,"valueName":"search_term_string"}}],"inLanguage":"de"},{"@type":"Organization","@id":"https:\/\/www.pressenza.com\/de\/#organization","name":"Pressenza","url":"https:\/\/www.pressenza.com\/de\/","logo":{"@type":"ImageObject","inLanguage":"de","@id":"https:\/\/www.pressenza.com\/de\/#\/schema\/logo\/image\/","url":"https:\/\/www.pressenza.com\/wp-content\/uploads\/2022\/10\/pressenza_logo_200x200.jpg","contentUrl":"https:\/\/www.pressenza.com\/wp-content\/uploads\/2022\/10\/pressenza_logo_200x200.jpg","width":200,"height":200,"caption":"Pressenza"},"image":{"@id":"https:\/\/www.pressenza.com\/de\/#\/schema\/logo\/image\/"},"sameAs":["https:\/\/www.facebook.com\/PressenzaItalia","https:\/\/x.com\/PressenzaIPA"]},{"@type":"Person","@id":"https:\/\/www.pressenza.com\/de\/#\/schema\/person\/38b1bb4060cd67df380552dfe740ee1c","name":"Humanistischer Pressedienst","description":"Der Humanistische Pressedienst (hpd) pr\u00e4sentiert aufkl\u00e4rerische, humanistische und freigeistige Positionen zu aktuellen Ereignissen. Das Internetportal will konfessionsfreien Menschen \u2013 in Deutschland ein Drittel der Bev\u00f6lkerung \u2013 eine Stimme geben. Der hpd versteht sich als Plattform f\u00fcr das breite Spektrum s\u00e4kularer Bestrebungen, mit deren Akteuren er bestens vernetzt ist und zu deren Meinungsbildung er beitragen m\u00f6chte. Artikel des Humanistischen Pressdienst auf Pressenza fallen nicht unter die Creative-Commons-Lizenz und d\u00fcrfen nur mit ausdr\u00fccklicher Zustimmung der Redaktion von hpd.de \u00fcbernommen werden.","sameAs":["https:\/\/www.facebook.com\/hpd.de","https:\/\/x.com\/hpdticker"],"url":"https:\/\/www.pressenza.com\/de\/author\/humanistischer-pressedienst\/"}]}},"place":"","original_article_url":"https:\/\/hpd.de\/artikel\/warum-gendern-sinnvoll-18343","_links":{"self":[{"href":"https:\/\/www.pressenza.com\/de\/wp-json\/wp\/v2\/posts\/1177603","targetHints":{"allow":["GET"]}}],"collection":[{"href":"https:\/\/www.pressenza.com\/de\/wp-json\/wp\/v2\/posts"}],"about":[{"href":"https:\/\/www.pressenza.com\/de\/wp-json\/wp\/v2\/types\/post"}],"author":[{"embeddable":true,"href":"https:\/\/www.pressenza.com\/de\/wp-json\/wp\/v2\/users\/1163"}],"replies":[{"embeddable":true,"href":"https:\/\/www.pressenza.com\/de\/wp-json\/wp\/v2\/comments?post=1177603"}],"version-history":[{"count":0,"href":"https:\/\/www.pressenza.com\/de\/wp-json\/wp\/v2\/posts\/1177603\/revisions"}],"wp:featuredmedia":[{"embeddable":true,"href":"https:\/\/www.pressenza.com\/de\/wp-json\/wp\/v2\/media\/1177605"}],"wp:attachment":[{"href":"https:\/\/www.pressenza.com\/de\/wp-json\/wp\/v2\/media?parent=1177603"}],"wp:term":[{"taxonomy":"category","embeddable":true,"href":"https:\/\/www.pressenza.com\/de\/wp-json\/wp\/v2\/categories?post=1177603"},{"taxonomy":"post_tag","embeddable":true,"href":"https:\/\/www.pressenza.com\/de\/wp-json\/wp\/v2\/tags?post=1177603"}],"curies":[{"name":"wp","href":"https:\/\/api.w.org\/{rel}","templated":true}]}}