{"id":1175938,"date":"2020-08-11T04:46:55","date_gmt":"2020-08-11T03:46:55","guid":{"rendered":"https:\/\/www.pressenza.com\/?p=1175938"},"modified":"2020-08-11T04:46:55","modified_gmt":"2020-08-11T03:46:55","slug":"corona-wille-zum-wandel-hinter-der-maske","status":"publish","type":"post","link":"https:\/\/www.pressenza.com\/de\/2020\/08\/corona-wille-zum-wandel-hinter-der-maske\/","title":{"rendered":"Corona: Wille zum Wandel hinter der Maske"},"content":{"rendered":"<p><strong>Hilfspakete und Homeoffice: COVID-19 hat gezeigt, dass Ver\u00e4nderungen schneller umzusetzen sind als gedacht. Politisch, wirtschaftlich und gesellschaftlich.<\/strong><\/p>\n<p>Corona als moralische Wende und Aufbruch f\u00fcr Ver\u00e4nderungen? Angesichts von Millionen Infizierten, Hunderttausenden Toten, brutaler\u00a0<a href=\"https:\/\/www.dw.com\/de\/wirtschaftshistoriker-wir-sind-erst-am-anfang-der-krise\/a-52941954\">Rezession<\/a> und Massenarbeitslosigkeit mag dies deplatziert, ja zynisch klingen.<\/p>\n<p>Doch mehr als ein halbes Jahr nach dem <a href=\"https:\/\/www.dw.com\/de\/wie-corona-deutschland-ver%C3%A4ndert-hat\/a-53341241\">Ausbruch der Pandemie<\/a>\u00a0mehren sich die Stimmen, die COVID-19\u00a0auch als Katalysator f\u00fcr Reformen und Ver\u00e4nderungen betrachten. Und f\u00fcr einen mentalen Mauerfall.<\/p>\n<p><strong>Gesundheit um jeden Preis<\/strong><\/p>\n<p>&#8222;Die Pandemie hat gezeigt, dass wir in der Lage sind, \u00f6konomische Erw\u00e4gungen nicht immer an die erste Stelle zu setzen&#8220;, sagt der deutsche Philosoph Markus Gabriel&#8230;&#8230; <a href=\"https:\/\/www.dw.com\/de\/corona-krise-wie-die-corona-krise-die-zeitenwende-beschleunigt\/a-54495830\"><em>weiter lesen<\/em><\/a><\/p>\n","protected":false},"excerpt":{"rendered":"<p>Hilfspakete und Homeoffice: COVID-19 hat gezeigt, dass Ver\u00e4nderungen schneller umzusetzen sind als gedacht. Politisch, wirtschaftlich und gesellschaftlich. Corona als moralische Wende und Aufbruch f\u00fcr Ver\u00e4nderungen? Angesichts von Millionen Infizierten, Hunderttausenden Toten, brutaler\u00a0Rezession und Massenarbeitslosigkeit mag dies deplatziert, ja zynisch klingen.&hellip;<\/p>\n","protected":false},"author":993,"featured_media":1175939,"comment_status":"closed","ping_status":"closed","sticky":false,"template":"","format":"standard","meta":{"footnotes":""},"categories":[9160,9168,9158],"tags":[72646,65906,75359,77646],"class_list":["post-1175938","post","type-post","status-publish","format-standard","has-post-thumbnail","hentry","category-gesundheit","category-politik","category-wirtschaft","tag-covid-19-de","tag-digitalisierung","tag-impfstoff","tag-konsum"],"yoast_head":"<!-- This site is optimized with the Yoast SEO plugin v27.1.1 - https:\/\/yoast.com\/product\/yoast-seo-wordpress\/ -->\n<title>Corona: Wille zum Wandel hinter der Maske<\/title>\n<meta name=\"description\" content=\"Hilfspakete und Homeoffice: COVID-19 hat gezeigt, dass Ver\u00e4nderungen schneller umzusetzen sind als gedacht. Politisch, wirtschaftlich und\" \/>\n<meta name=\"robots\" content=\"index, follow, max-snippet:-1, max-image-preview:large, max-video-preview:-1\" \/>\n<link rel=\"canonical\" href=\"https:\/\/www.pressenza.com\/de\/2020\/08\/corona-wille-zum-wandel-hinter-der-maske\/\" \/>\n<meta property=\"og:locale\" content=\"de_DE\" \/>\n<meta property=\"og:type\" content=\"article\" \/>\n<meta property=\"og:title\" content=\"Corona: Wille zum Wandel hinter der Maske\" \/>\n<meta property=\"og:description\" content=\"Hilfspakete und Homeoffice: COVID-19 hat gezeigt, dass Ver\u00e4nderungen schneller umzusetzen sind als gedacht. Politisch, wirtschaftlich und\" \/>\n<meta property=\"og:url\" content=\"https:\/\/www.pressenza.com\/de\/2020\/08\/corona-wille-zum-wandel-hinter-der-maske\/\" \/>\n<meta property=\"og:site_name\" content=\"Pressenza\" \/>\n<meta property=\"article:publisher\" content=\"https:\/\/www.facebook.com\/PressenzaItalia\" \/>\n<meta property=\"article:published_time\" content=\"2020-08-11T03:46:55+00:00\" \/>\n<meta property=\"og:image\" content=\"https:\/\/www.pressenza.com\/wp-content\/uploads\/2020\/08\/3DB7E170-8035-43EC-928A-A9DC8264C35D.jpeg\" \/>\n\t<meta property=\"og:image:width\" content=\"1920\" \/>\n\t<meta property=\"og:image:height\" content=\"1081\" \/>\n\t<meta property=\"og:image:type\" content=\"image\/jpeg\" \/>\n<meta name=\"author\" content=\"Deutsche Welle\" \/>\n<meta name=\"twitter:card\" content=\"summary_large_image\" \/>\n<meta name=\"twitter:creator\" content=\"@PressenzaIPA\" \/>\n<meta name=\"twitter:site\" content=\"@PressenzaIPA\" \/>\n<meta name=\"twitter:label1\" content=\"Verfasst von\" \/>\n\t<meta name=\"twitter:data1\" content=\"Deutsche Welle\" \/>\n\t<meta name=\"twitter:label2\" content=\"Gesch\u00e4tzte Lesezeit\" \/>\n\t<meta name=\"twitter:data2\" content=\"1\u00a0Minute\" \/>\n<script type=\"application\/ld+json\" class=\"yoast-schema-graph\">{\"@context\":\"https:\/\/schema.org\",\"@graph\":[{\"@type\":\"Article\",\"@id\":\"https:\/\/www.pressenza.com\/de\/2020\/08\/corona-wille-zum-wandel-hinter-der-maske\/#article\",\"isPartOf\":{\"@id\":\"https:\/\/www.pressenza.com\/de\/2020\/08\/corona-wille-zum-wandel-hinter-der-maske\/\"},\"author\":{\"name\":\"Deutsche Welle\",\"@id\":\"https:\/\/www.pressenza.com\/de\/#\/schema\/person\/b7c775911f2c9a1b8c7225b94e2e9f37\"},\"headline\":\"Corona: Wille zum Wandel hinter der Maske\",\"datePublished\":\"2020-08-11T03:46:55+00:00\",\"mainEntityOfPage\":{\"@id\":\"https:\/\/www.pressenza.com\/de\/2020\/08\/corona-wille-zum-wandel-hinter-der-maske\/\"},\"wordCount\":117,\"publisher\":{\"@id\":\"https:\/\/www.pressenza.com\/de\/#organization\"},\"image\":{\"@id\":\"https:\/\/www.pressenza.com\/de\/2020\/08\/corona-wille-zum-wandel-hinter-der-maske\/#primaryimage\"},\"thumbnailUrl\":\"https:\/\/www.pressenza.com\/wp-content\/uploads\/2020\/08\/3DB7E170-8035-43EC-928A-A9DC8264C35D.jpeg\",\"keywords\":[\"COVID-19\",\"Digitalisierung\",\"Impfstoff\",\"Konsum\"],\"articleSection\":[\"Gesundheit\",\"Politik\",\"Wirtschaft\"],\"inLanguage\":\"de\"},{\"@type\":\"WebPage\",\"@id\":\"https:\/\/www.pressenza.com\/de\/2020\/08\/corona-wille-zum-wandel-hinter-der-maske\/\",\"url\":\"https:\/\/www.pressenza.com\/de\/2020\/08\/corona-wille-zum-wandel-hinter-der-maske\/\",\"name\":\"Corona: Wille zum Wandel hinter der Maske\",\"isPartOf\":{\"@id\":\"https:\/\/www.pressenza.com\/de\/#website\"},\"primaryImageOfPage\":{\"@id\":\"https:\/\/www.pressenza.com\/de\/2020\/08\/corona-wille-zum-wandel-hinter-der-maske\/#primaryimage\"},\"image\":{\"@id\":\"https:\/\/www.pressenza.com\/de\/2020\/08\/corona-wille-zum-wandel-hinter-der-maske\/#primaryimage\"},\"thumbnailUrl\":\"https:\/\/www.pressenza.com\/wp-content\/uploads\/2020\/08\/3DB7E170-8035-43EC-928A-A9DC8264C35D.jpeg\",\"datePublished\":\"2020-08-11T03:46:55+00:00\",\"description\":\"Hilfspakete und Homeoffice: COVID-19 hat gezeigt, dass Ver\u00e4nderungen schneller umzusetzen sind als gedacht. Politisch, wirtschaftlich und\",\"breadcrumb\":{\"@id\":\"https:\/\/www.pressenza.com\/de\/2020\/08\/corona-wille-zum-wandel-hinter-der-maske\/#breadcrumb\"},\"inLanguage\":\"de\",\"potentialAction\":[{\"@type\":\"ReadAction\",\"target\":[\"https:\/\/www.pressenza.com\/de\/2020\/08\/corona-wille-zum-wandel-hinter-der-maske\/\"]}]},{\"@type\":\"ImageObject\",\"inLanguage\":\"de\",\"@id\":\"https:\/\/www.pressenza.com\/de\/2020\/08\/corona-wille-zum-wandel-hinter-der-maske\/#primaryimage\",\"url\":\"https:\/\/www.pressenza.com\/wp-content\/uploads\/2020\/08\/3DB7E170-8035-43EC-928A-A9DC8264C35D.jpeg\",\"contentUrl\":\"https:\/\/www.pressenza.com\/wp-content\/uploads\/2020\/08\/3DB7E170-8035-43EC-928A-A9DC8264C35D.jpeg\",\"width\":1920,\"height\":1081},{\"@type\":\"BreadcrumbList\",\"@id\":\"https:\/\/www.pressenza.com\/de\/2020\/08\/corona-wille-zum-wandel-hinter-der-maske\/#breadcrumb\",\"itemListElement\":[{\"@type\":\"ListItem\",\"position\":1,\"name\":\"Accueil\",\"item\":\"https:\/\/www.pressenza.com\/de\/\"},{\"@type\":\"ListItem\",\"position\":2,\"name\":\"Corona: Wille zum Wandel hinter der Maske\"}]},{\"@type\":\"WebSite\",\"@id\":\"https:\/\/www.pressenza.com\/de\/#website\",\"url\":\"https:\/\/www.pressenza.com\/de\/\",\"name\":\"Pressenza\",\"description\":\"International Press Agency\",\"publisher\":{\"@id\":\"https:\/\/www.pressenza.com\/de\/#organization\"},\"potentialAction\":[{\"@type\":\"SearchAction\",\"target\":{\"@type\":\"EntryPoint\",\"urlTemplate\":\"https:\/\/www.pressenza.com\/de\/?s={search_term_string}\"},\"query-input\":{\"@type\":\"PropertyValueSpecification\",\"valueRequired\":true,\"valueName\":\"search_term_string\"}}],\"inLanguage\":\"de\"},{\"@type\":\"Organization\",\"@id\":\"https:\/\/www.pressenza.com\/de\/#organization\",\"name\":\"Pressenza\",\"url\":\"https:\/\/www.pressenza.com\/de\/\",\"logo\":{\"@type\":\"ImageObject\",\"inLanguage\":\"de\",\"@id\":\"https:\/\/www.pressenza.com\/de\/#\/schema\/logo\/image\/\",\"url\":\"https:\/\/www.pressenza.com\/wp-content\/uploads\/2022\/10\/pressenza_logo_200x200.jpg\",\"contentUrl\":\"https:\/\/www.pressenza.com\/wp-content\/uploads\/2022\/10\/pressenza_logo_200x200.jpg\",\"width\":200,\"height\":200,\"caption\":\"Pressenza\"},\"image\":{\"@id\":\"https:\/\/www.pressenza.com\/de\/#\/schema\/logo\/image\/\"},\"sameAs\":[\"https:\/\/www.facebook.com\/PressenzaItalia\",\"https:\/\/x.com\/PressenzaIPA\"]},{\"@type\":\"Person\",\"@id\":\"https:\/\/www.pressenza.com\/de\/#\/schema\/person\/b7c775911f2c9a1b8c7225b94e2e9f37\",\"name\":\"Deutsche Welle\",\"description\":\"Articles and photographs by Deutsche Welle on Pressenza do not fall under the Creative Commons licence and are not reproducible in any way. www.dw.com\",\"sameAs\":[\"http:\/\/www.dw.com\"],\"url\":\"https:\/\/www.pressenza.com\/de\/author\/deutsche-welle\/\"}]}<\/script>\n<!-- \/ Yoast SEO plugin. -->","yoast_head_json":{"title":"Corona: Wille zum Wandel hinter der Maske","description":"Hilfspakete und Homeoffice: COVID-19 hat gezeigt, dass Ver\u00e4nderungen schneller umzusetzen sind als gedacht. Politisch, wirtschaftlich und","robots":{"index":"index","follow":"follow","max-snippet":"max-snippet:-1","max-image-preview":"max-image-preview:large","max-video-preview":"max-video-preview:-1"},"canonical":"https:\/\/www.pressenza.com\/de\/2020\/08\/corona-wille-zum-wandel-hinter-der-maske\/","og_locale":"de_DE","og_type":"article","og_title":"Corona: Wille zum Wandel hinter der Maske","og_description":"Hilfspakete und Homeoffice: COVID-19 hat gezeigt, dass Ver\u00e4nderungen schneller umzusetzen sind als gedacht. Politisch, wirtschaftlich und","og_url":"https:\/\/www.pressenza.com\/de\/2020\/08\/corona-wille-zum-wandel-hinter-der-maske\/","og_site_name":"Pressenza","article_publisher":"https:\/\/www.facebook.com\/PressenzaItalia","article_published_time":"2020-08-11T03:46:55+00:00","og_image":[{"width":1920,"height":1081,"url":"https:\/\/www.pressenza.com\/wp-content\/uploads\/2020\/08\/3DB7E170-8035-43EC-928A-A9DC8264C35D.jpeg","type":"image\/jpeg"}],"author":"Deutsche Welle","twitter_card":"summary_large_image","twitter_creator":"@PressenzaIPA","twitter_site":"@PressenzaIPA","twitter_misc":{"Verfasst von":"Deutsche Welle","Gesch\u00e4tzte Lesezeit":"1\u00a0Minute"},"schema":{"@context":"https:\/\/schema.org","@graph":[{"@type":"Article","@id":"https:\/\/www.pressenza.com\/de\/2020\/08\/corona-wille-zum-wandel-hinter-der-maske\/#article","isPartOf":{"@id":"https:\/\/www.pressenza.com\/de\/2020\/08\/corona-wille-zum-wandel-hinter-der-maske\/"},"author":{"name":"Deutsche Welle","@id":"https:\/\/www.pressenza.com\/de\/#\/schema\/person\/b7c775911f2c9a1b8c7225b94e2e9f37"},"headline":"Corona: Wille zum Wandel hinter der Maske","datePublished":"2020-08-11T03:46:55+00:00","mainEntityOfPage":{"@id":"https:\/\/www.pressenza.com\/de\/2020\/08\/corona-wille-zum-wandel-hinter-der-maske\/"},"wordCount":117,"publisher":{"@id":"https:\/\/www.pressenza.com\/de\/#organization"},"image":{"@id":"https:\/\/www.pressenza.com\/de\/2020\/08\/corona-wille-zum-wandel-hinter-der-maske\/#primaryimage"},"thumbnailUrl":"https:\/\/www.pressenza.com\/wp-content\/uploads\/2020\/08\/3DB7E170-8035-43EC-928A-A9DC8264C35D.jpeg","keywords":["COVID-19","Digitalisierung","Impfstoff","Konsum"],"articleSection":["Gesundheit","Politik","Wirtschaft"],"inLanguage":"de"},{"@type":"WebPage","@id":"https:\/\/www.pressenza.com\/de\/2020\/08\/corona-wille-zum-wandel-hinter-der-maske\/","url":"https:\/\/www.pressenza.com\/de\/2020\/08\/corona-wille-zum-wandel-hinter-der-maske\/","name":"Corona: Wille zum Wandel hinter der Maske","isPartOf":{"@id":"https:\/\/www.pressenza.com\/de\/#website"},"primaryImageOfPage":{"@id":"https:\/\/www.pressenza.com\/de\/2020\/08\/corona-wille-zum-wandel-hinter-der-maske\/#primaryimage"},"image":{"@id":"https:\/\/www.pressenza.com\/de\/2020\/08\/corona-wille-zum-wandel-hinter-der-maske\/#primaryimage"},"thumbnailUrl":"https:\/\/www.pressenza.com\/wp-content\/uploads\/2020\/08\/3DB7E170-8035-43EC-928A-A9DC8264C35D.jpeg","datePublished":"2020-08-11T03:46:55+00:00","description":"Hilfspakete und Homeoffice: COVID-19 hat gezeigt, dass Ver\u00e4nderungen schneller umzusetzen sind als gedacht. Politisch, wirtschaftlich und","breadcrumb":{"@id":"https:\/\/www.pressenza.com\/de\/2020\/08\/corona-wille-zum-wandel-hinter-der-maske\/#breadcrumb"},"inLanguage":"de","potentialAction":[{"@type":"ReadAction","target":["https:\/\/www.pressenza.com\/de\/2020\/08\/corona-wille-zum-wandel-hinter-der-maske\/"]}]},{"@type":"ImageObject","inLanguage":"de","@id":"https:\/\/www.pressenza.com\/de\/2020\/08\/corona-wille-zum-wandel-hinter-der-maske\/#primaryimage","url":"https:\/\/www.pressenza.com\/wp-content\/uploads\/2020\/08\/3DB7E170-8035-43EC-928A-A9DC8264C35D.jpeg","contentUrl":"https:\/\/www.pressenza.com\/wp-content\/uploads\/2020\/08\/3DB7E170-8035-43EC-928A-A9DC8264C35D.jpeg","width":1920,"height":1081},{"@type":"BreadcrumbList","@id":"https:\/\/www.pressenza.com\/de\/2020\/08\/corona-wille-zum-wandel-hinter-der-maske\/#breadcrumb","itemListElement":[{"@type":"ListItem","position":1,"name":"Accueil","item":"https:\/\/www.pressenza.com\/de\/"},{"@type":"ListItem","position":2,"name":"Corona: Wille zum Wandel hinter der Maske"}]},{"@type":"WebSite","@id":"https:\/\/www.pressenza.com\/de\/#website","url":"https:\/\/www.pressenza.com\/de\/","name":"Pressenza","description":"International Press Agency","publisher":{"@id":"https:\/\/www.pressenza.com\/de\/#organization"},"potentialAction":[{"@type":"SearchAction","target":{"@type":"EntryPoint","urlTemplate":"https:\/\/www.pressenza.com\/de\/?s={search_term_string}"},"query-input":{"@type":"PropertyValueSpecification","valueRequired":true,"valueName":"search_term_string"}}],"inLanguage":"de"},{"@type":"Organization","@id":"https:\/\/www.pressenza.com\/de\/#organization","name":"Pressenza","url":"https:\/\/www.pressenza.com\/de\/","logo":{"@type":"ImageObject","inLanguage":"de","@id":"https:\/\/www.pressenza.com\/de\/#\/schema\/logo\/image\/","url":"https:\/\/www.pressenza.com\/wp-content\/uploads\/2022\/10\/pressenza_logo_200x200.jpg","contentUrl":"https:\/\/www.pressenza.com\/wp-content\/uploads\/2022\/10\/pressenza_logo_200x200.jpg","width":200,"height":200,"caption":"Pressenza"},"image":{"@id":"https:\/\/www.pressenza.com\/de\/#\/schema\/logo\/image\/"},"sameAs":["https:\/\/www.facebook.com\/PressenzaItalia","https:\/\/x.com\/PressenzaIPA"]},{"@type":"Person","@id":"https:\/\/www.pressenza.com\/de\/#\/schema\/person\/b7c775911f2c9a1b8c7225b94e2e9f37","name":"Deutsche Welle","description":"Articles and photographs by Deutsche Welle on Pressenza do not fall under the Creative Commons licence and are not reproducible in any way. www.dw.com","sameAs":["http:\/\/www.dw.com"],"url":"https:\/\/www.pressenza.com\/de\/author\/deutsche-welle\/"}]}},"place":"","original_article_url":"https:\/\/www.dw.com\/de\/corona-krise-wie-die-corona-krise-die-zeitenwende-beschleunigt\/a-54495830","_links":{"self":[{"href":"https:\/\/www.pressenza.com\/de\/wp-json\/wp\/v2\/posts\/1175938","targetHints":{"allow":["GET"]}}],"collection":[{"href":"https:\/\/www.pressenza.com\/de\/wp-json\/wp\/v2\/posts"}],"about":[{"href":"https:\/\/www.pressenza.com\/de\/wp-json\/wp\/v2\/types\/post"}],"author":[{"embeddable":true,"href":"https:\/\/www.pressenza.com\/de\/wp-json\/wp\/v2\/users\/993"}],"replies":[{"embeddable":true,"href":"https:\/\/www.pressenza.com\/de\/wp-json\/wp\/v2\/comments?post=1175938"}],"version-history":[{"count":0,"href":"https:\/\/www.pressenza.com\/de\/wp-json\/wp\/v2\/posts\/1175938\/revisions"}],"wp:featuredmedia":[{"embeddable":true,"href":"https:\/\/www.pressenza.com\/de\/wp-json\/wp\/v2\/media\/1175939"}],"wp:attachment":[{"href":"https:\/\/www.pressenza.com\/de\/wp-json\/wp\/v2\/media?parent=1175938"}],"wp:term":[{"taxonomy":"category","embeddable":true,"href":"https:\/\/www.pressenza.com\/de\/wp-json\/wp\/v2\/categories?post=1175938"},{"taxonomy":"post_tag","embeddable":true,"href":"https:\/\/www.pressenza.com\/de\/wp-json\/wp\/v2\/tags?post=1175938"}],"curies":[{"name":"wp","href":"https:\/\/api.w.org\/{rel}","templated":true}]}}