{"id":1174803,"date":"2020-08-08T13:15:03","date_gmt":"2020-08-08T12:15:03","guid":{"rendered":"https:\/\/www.pressenza.com\/?p=1174803"},"modified":"2020-08-08T13:18:16","modified_gmt":"2020-08-08T12:18:16","slug":"nach-dem-ruecktritt-von-katrin-lompscher-chance-fuer-kommunalen-schulbau-nutzen","status":"publish","type":"post","link":"https:\/\/www.pressenza.com\/de\/2020\/08\/nach-dem-ruecktritt-von-katrin-lompscher-chance-fuer-kommunalen-schulbau-nutzen\/","title":{"rendered":"Nach dem R\u00fccktritt von Katrin Lompscher: Chance f\u00fcr kommunalen Schulbau nutzen"},"content":{"rendered":"<p><strong>Berlin, den 04.08.2020: Gemeingut in B\u00fcrgerInnenhand (GiB) weist darauf hin, dass sich durch den R\u00fccktritt von Katrin Lompscher die Gelegenheit f\u00fcr eine wichtige inhaltliche Fehlerkorrektur ergibt: der Verzicht auf die Privatisierung des Schulbaus via Howoge. <\/strong><\/p>\n<p>Dazu Carl Wa\u00dfmuth, Vorstand von Gemeingut:<\/p>\n<blockquote><p><em>\u00a0\u201eDer Schulbau wurde von Frau Lompscher bisher erheblich behindert. Ihr Lieblingskind Howoge hat seit dem Start der sogenannten Schulbau-Offensive vor vier Jahren keinen einzigen Schulneubau begonnen.\u00a0 Die erste Amtshandlung der neuen Bausenatorin \/ des neuen Bausenators sollte sein, die gef\u00e4hrlichen Vertragsentw\u00fcrfe f\u00fcr dieses Privatisierungsvorhaben in den Schredder zu stecken. Der Rahmenvertrag ist aufzuheben. F\u00fcr Linke sollte klar sein: keine Privatisierung der Daseinsvorsorge!\u201c<\/em><\/p><\/blockquote>\n<p>Ulrich Scholz, Berliner Lehrer und aktiv bei Gemeingut, kommentiert den Vorgang wie folgt:<\/p>\n<blockquote><p><em>\u201eInzwischen wissen wir, dass bis 2025 nicht 86.000 zus\u00e4tzliche Sch\u00fclerInnen erwartet werden sondern h\u00f6chstens 64.000, also 22.000 weniger als prognostiziert. Die Howoge sollte knapp 17.000 neue Schulpl\u00e4tze schaffen. Die k\u00f6nnen jetzt komplett entfallen. Damit sparen wir nicht nur viel Geld. Wir erhalten Berlin vor allem die F\u00e4higkeit zum eigenst\u00e4ndigen kommunalen Schulbau. Die Erbbau\u00advertr\u00e4ge im Privatrecht w\u00fcrden Berlin hingegen daran fesseln, k\u00fcnftig fast den gesamten Schulneubau \u00fcber die ineffiziente und privatrechtliche Howoge abzuwickeln, die aus Schulen Finanzprodukte macht.\u201c<\/em><\/p><\/blockquote>\n<h4><strong>Zum Hintergrund<\/strong><\/h4>\n<p>Der rot-rot-gr\u00fcne Senat plant die \u00dcbertragung des Erbbaurechts an 39 Schulen an die Howoge GmbH, deren Fachaufsicht durch die Senatsverwaltung f\u00fcr Stadtentwicklung und Wohnen ausge\u00fcbt wird. Die Howoge soll 29 Schulen bauen und zehn Gro\u00dfsanierungen planen und verwalten. Mit der \u00dcbertragung des Erbbaurechts soll ein Schattenhaushalt entstehen, der die Umgehung der sogenannten Schuldenbremse erm\u00f6glichen soll. Durch einen Verzicht auf Einrede bei Nicht-oder Schlechterf\u00fcllung hofft der Senat etwas g\u00fcnstigere Kredite f\u00fcr die Bauvorhaben zu bekommen.<\/p>\n<p>GiB hat im Juni (<a href=\"https:\/\/www.gemeingut.org\/vertragsluecken-und-kostenexplosion-bei-der-berliner-schulbauoffensive\" target=\"_blank\" rel=\"noopener noreferrer\">https:\/\/www.gemeingut.org\/vertragsluecken-und-kostenexplosion-bei-der-berliner-schulbauoffensive<\/a>) auf gravierende M\u00e4ngel in den Mustervertr\u00e4gen hingewiesen. Zudem hat GiB die Controllingberichte zur \u201eSchulbauoffensive\u201c an das Abgeordnetenhaus analysiert. Das Ergebnis: Es droht der Verkauf von Schulen durch die Howoge ohne Einspruchsm\u00f6glichkeit des Senats und der Schultr\u00e4ger. Und die Kostenprognosen sind im Vergleich zu 2018 um 67 Prozent (Neubau) bzw. 130 Prozent (Sanierungen) gestiegen.<\/p>\n<p>Berlin soll sich f\u00fcr 37 Jahre durch Mietvertr\u00e4ge binden und dadurch den finanziellen Rahmen f\u00fcr k\u00fcnftigen kommunalen Schulbau dadurch erheblich beschneiden. Der Senat hatte sich durch die \u201eAmtshilfe\u201c eine Beschleunigung des Schulbaus erhofft. Die letzten drei Jahre zeigen aber: Kein einziger Neubau einer Howoge-Schule wurde bisher begonnen. Die formelle Privatisierung stellt ein Hindernis f\u00fcr einen z\u00fcgigen Schulbau dar. Die seit 2017 um mehr als 20.000 Schulpl\u00e4tze nach unten korrigierten Sch\u00fclerzahlenprognosen rechtfertigen die Notwendigkeit einer solchen \u201eAmtshilfe\u201c ohnehin nicht mehr.<\/p>\n<p>Der Senat sollte den die Neubesetzung des Ressorts f\u00fcr Stadtentwicklung und Wohnen nutzen, um ein deutliches Signal f\u00fcr den kommunalen Schulbau zu setzen. Die erste Amtshandlung der Nachfolgerin oder des Nachfolgers muss die K\u00fcndigung des Rahmenvertrags durch die Howoge sein. Im Anschluss sollte ein Amt f\u00fcr Bau und Immobilien geschaffen werden, das nach dem Vorbild Frankfurt\/Mains die bisher bei der Howoge verorteten Projekte beschleunigt, transparent und in \u00f6ffentlicher Verantwortung weiterf\u00fchrt.<\/p>\n<hr \/>\n<p><em><a href=\"https:\/\/www.gemeingut.org\/nach-dem-ruecktritt-von-katrin-lompscher-chance-fuer-kommunalen-schulbau-nutzen\/\" target=\"_blank\" rel=\"noopener noreferrer\">Gemeingut in B\u00fcrgerInnenhand (GiB)<\/a> tritt ein f\u00fcr die Bewahrung und Demokratisierung der Daseinsvorsorge. Gemeing\u00fcter wie Wasser, Bildung, Gesundheit, Mobilit\u00e4t, Energie und \u00f6ffentliches Gr\u00fcn sollen zur\u00fcckgef\u00fchrt werden unter demokratische Kontrolle. Ein inhaltlicher Schwerpunkt unserer Arbeit gegen Privatisierung ist die Aufkl\u00e4rung \u00fcber \u00d6PP.\u00a0 <\/em><\/p>\n","protected":false},"excerpt":{"rendered":"<p>Berlin, den 04.08.2020: Gemeingut in B\u00fcrgerInnenhand (GiB) weist darauf hin, dass sich durch den R\u00fccktritt von Katrin Lompscher die Gelegenheit f\u00fcr eine wichtige inhaltliche Fehlerkorrektur ergibt: der Verzicht auf die Privatisierung des Schulbaus via Howoge. Dazu Carl Wa\u00dfmuth, Vorstand von&hellip;<\/p>\n","protected":false},"author":1095,"featured_media":1174826,"comment_status":"closed","ping_status":"closed","sticky":false,"template":"","format":"standard","meta":{"footnotes":""},"categories":[9150,9168,9145],"tags":[41659,79938,36556,37138,12500],"class_list":["post-1174803","post","type-post","status-publish","format-standard","has-post-thumbnail","hentry","category-europa-de","category-politik","category-pressemitteilungen","tag-howoge","tag-katrin-lompscher","tag-oeffentlich-private-partnerschaften","tag-oepp","tag-privatisierung"],"yoast_head":"<!-- This site is optimized with the Yoast SEO plugin v27.1.1 - https:\/\/yoast.com\/product\/yoast-seo-wordpress\/ -->\n<title>Nach dem R\u00fccktritt von Katrin Lompscher: Chance f\u00fcr kommunalen Schulbau nutzen<\/title>\n<meta name=\"description\" content=\"Berlin, den 04.08.2020: Gemeingut in B\u00fcrgerInnenhand (GiB) weist darauf hin, dass sich durch den R\u00fccktritt von Katrin Lompscher die Gelegenheit f\u00fcr eine\" \/>\n<meta name=\"robots\" content=\"index, follow, max-snippet:-1, max-image-preview:large, max-video-preview:-1\" \/>\n<link rel=\"canonical\" href=\"https:\/\/www.pressenza.com\/de\/2020\/08\/nach-dem-ruecktritt-von-katrin-lompscher-chance-fuer-kommunalen-schulbau-nutzen\/\" \/>\n<meta property=\"og:locale\" content=\"de_DE\" \/>\n<meta property=\"og:type\" content=\"article\" \/>\n<meta property=\"og:title\" content=\"Nach dem R\u00fccktritt von Katrin Lompscher: Chance f\u00fcr kommunalen Schulbau nutzen\" \/>\n<meta property=\"og:description\" content=\"Berlin, den 04.08.2020: Gemeingut in B\u00fcrgerInnenhand (GiB) weist darauf hin, dass sich durch den R\u00fccktritt von Katrin Lompscher die Gelegenheit f\u00fcr eine\" \/>\n<meta property=\"og:url\" content=\"https:\/\/www.pressenza.com\/de\/2020\/08\/nach-dem-ruecktritt-von-katrin-lompscher-chance-fuer-kommunalen-schulbau-nutzen\/\" \/>\n<meta property=\"og:site_name\" content=\"Pressenza\" \/>\n<meta property=\"article:publisher\" content=\"https:\/\/www.facebook.com\/PressenzaItalia\" \/>\n<meta property=\"article:author\" content=\"https:\/\/www.facebook.com\/Pressenza-Deutschland-sterreich-Schweiz-281675388658060\/timeline\/\" \/>\n<meta property=\"article:published_time\" content=\"2020-08-08T12:15:03+00:00\" \/>\n<meta property=\"article:modified_time\" content=\"2020-08-08T12:18:16+00:00\" \/>\n<meta property=\"og:image\" content=\"https:\/\/www.pressenza.com\/wp-content\/uploads\/2020\/08\/Schul-Privatisierung.jpg\" \/>\n\t<meta property=\"og:image:width\" content=\"750\" \/>\n\t<meta property=\"og:image:height\" content=\"440\" \/>\n\t<meta property=\"og:image:type\" content=\"image\/jpeg\" \/>\n<meta name=\"author\" content=\"Pressenza Berlin\" \/>\n<meta name=\"twitter:card\" content=\"summary_large_image\" \/>\n<meta name=\"twitter:creator\" content=\"@pressenza_ger\" \/>\n<meta name=\"twitter:site\" content=\"@PressenzaIPA\" \/>\n<meta name=\"twitter:label1\" content=\"Verfasst von\" \/>\n\t<meta name=\"twitter:data1\" content=\"Pressenza Berlin\" \/>\n\t<meta name=\"twitter:label2\" content=\"Gesch\u00e4tzte Lesezeit\" \/>\n\t<meta name=\"twitter:data2\" content=\"3\u00a0Minuten\" \/>\n<script type=\"application\/ld+json\" class=\"yoast-schema-graph\">{\"@context\":\"https:\/\/schema.org\",\"@graph\":[{\"@type\":\"Article\",\"@id\":\"https:\/\/www.pressenza.com\/de\/2020\/08\/nach-dem-ruecktritt-von-katrin-lompscher-chance-fuer-kommunalen-schulbau-nutzen\/#article\",\"isPartOf\":{\"@id\":\"https:\/\/www.pressenza.com\/de\/2020\/08\/nach-dem-ruecktritt-von-katrin-lompscher-chance-fuer-kommunalen-schulbau-nutzen\/\"},\"author\":{\"name\":\"Pressenza Berlin\",\"@id\":\"https:\/\/www.pressenza.com\/de\/#\/schema\/person\/57bb5480943a496a7722b0248e4b658a\"},\"headline\":\"Nach dem R\u00fccktritt von Katrin Lompscher: Chance f\u00fcr kommunalen Schulbau nutzen\",\"datePublished\":\"2020-08-08T12:15:03+00:00\",\"dateModified\":\"2020-08-08T12:18:16+00:00\",\"mainEntityOfPage\":{\"@id\":\"https:\/\/www.pressenza.com\/de\/2020\/08\/nach-dem-ruecktritt-von-katrin-lompscher-chance-fuer-kommunalen-schulbau-nutzen\/\"},\"wordCount\":572,\"publisher\":{\"@id\":\"https:\/\/www.pressenza.com\/de\/#organization\"},\"image\":{\"@id\":\"https:\/\/www.pressenza.com\/de\/2020\/08\/nach-dem-ruecktritt-von-katrin-lompscher-chance-fuer-kommunalen-schulbau-nutzen\/#primaryimage\"},\"thumbnailUrl\":\"https:\/\/www.pressenza.com\/wp-content\/uploads\/2020\/08\/Schul-Privatisierung.jpg\",\"keywords\":[\"HOWOGE\",\"Katrin Lompscher\",\"\u00d6ffentlich-private Partnerschaften\",\"\u00d6PP\",\"Privatisierung\"],\"articleSection\":[\"Europa\",\"Politik\",\"Pressemitteilungen\"],\"inLanguage\":\"de\"},{\"@type\":\"WebPage\",\"@id\":\"https:\/\/www.pressenza.com\/de\/2020\/08\/nach-dem-ruecktritt-von-katrin-lompscher-chance-fuer-kommunalen-schulbau-nutzen\/\",\"url\":\"https:\/\/www.pressenza.com\/de\/2020\/08\/nach-dem-ruecktritt-von-katrin-lompscher-chance-fuer-kommunalen-schulbau-nutzen\/\",\"name\":\"Nach dem R\u00fccktritt von Katrin Lompscher: Chance f\u00fcr kommunalen Schulbau nutzen\",\"isPartOf\":{\"@id\":\"https:\/\/www.pressenza.com\/de\/#website\"},\"primaryImageOfPage\":{\"@id\":\"https:\/\/www.pressenza.com\/de\/2020\/08\/nach-dem-ruecktritt-von-katrin-lompscher-chance-fuer-kommunalen-schulbau-nutzen\/#primaryimage\"},\"image\":{\"@id\":\"https:\/\/www.pressenza.com\/de\/2020\/08\/nach-dem-ruecktritt-von-katrin-lompscher-chance-fuer-kommunalen-schulbau-nutzen\/#primaryimage\"},\"thumbnailUrl\":\"https:\/\/www.pressenza.com\/wp-content\/uploads\/2020\/08\/Schul-Privatisierung.jpg\",\"datePublished\":\"2020-08-08T12:15:03+00:00\",\"dateModified\":\"2020-08-08T12:18:16+00:00\",\"description\":\"Berlin, den 04.08.2020: Gemeingut in B\u00fcrgerInnenhand (GiB) weist darauf hin, dass sich durch den R\u00fccktritt von Katrin Lompscher die Gelegenheit f\u00fcr eine\",\"breadcrumb\":{\"@id\":\"https:\/\/www.pressenza.com\/de\/2020\/08\/nach-dem-ruecktritt-von-katrin-lompscher-chance-fuer-kommunalen-schulbau-nutzen\/#breadcrumb\"},\"inLanguage\":\"de\",\"potentialAction\":[{\"@type\":\"ReadAction\",\"target\":[\"https:\/\/www.pressenza.com\/de\/2020\/08\/nach-dem-ruecktritt-von-katrin-lompscher-chance-fuer-kommunalen-schulbau-nutzen\/\"]}]},{\"@type\":\"ImageObject\",\"inLanguage\":\"de\",\"@id\":\"https:\/\/www.pressenza.com\/de\/2020\/08\/nach-dem-ruecktritt-von-katrin-lompscher-chance-fuer-kommunalen-schulbau-nutzen\/#primaryimage\",\"url\":\"https:\/\/www.pressenza.com\/wp-content\/uploads\/2020\/08\/Schul-Privatisierung.jpg\",\"contentUrl\":\"https:\/\/www.pressenza.com\/wp-content\/uploads\/2020\/08\/Schul-Privatisierung.jpg\",\"width\":750,\"height\":440,\"caption\":\"Nach dem R\u00fccktritt von Katrin Lompscher: Chance f\u00fcr kommunalen Schulbau nutzen\"},{\"@type\":\"BreadcrumbList\",\"@id\":\"https:\/\/www.pressenza.com\/de\/2020\/08\/nach-dem-ruecktritt-von-katrin-lompscher-chance-fuer-kommunalen-schulbau-nutzen\/#breadcrumb\",\"itemListElement\":[{\"@type\":\"ListItem\",\"position\":1,\"name\":\"Accueil\",\"item\":\"https:\/\/www.pressenza.com\/de\/\"},{\"@type\":\"ListItem\",\"position\":2,\"name\":\"Nach dem R\u00fccktritt von Katrin Lompscher: Chance f\u00fcr kommunalen Schulbau nutzen\"}]},{\"@type\":\"WebSite\",\"@id\":\"https:\/\/www.pressenza.com\/de\/#website\",\"url\":\"https:\/\/www.pressenza.com\/de\/\",\"name\":\"Pressenza\",\"description\":\"International Press Agency\",\"publisher\":{\"@id\":\"https:\/\/www.pressenza.com\/de\/#organization\"},\"potentialAction\":[{\"@type\":\"SearchAction\",\"target\":{\"@type\":\"EntryPoint\",\"urlTemplate\":\"https:\/\/www.pressenza.com\/de\/?s={search_term_string}\"},\"query-input\":{\"@type\":\"PropertyValueSpecification\",\"valueRequired\":true,\"valueName\":\"search_term_string\"}}],\"inLanguage\":\"de\"},{\"@type\":\"Organization\",\"@id\":\"https:\/\/www.pressenza.com\/de\/#organization\",\"name\":\"Pressenza\",\"url\":\"https:\/\/www.pressenza.com\/de\/\",\"logo\":{\"@type\":\"ImageObject\",\"inLanguage\":\"de\",\"@id\":\"https:\/\/www.pressenza.com\/de\/#\/schema\/logo\/image\/\",\"url\":\"https:\/\/www.pressenza.com\/wp-content\/uploads\/2022\/10\/pressenza_logo_200x200.jpg\",\"contentUrl\":\"https:\/\/www.pressenza.com\/wp-content\/uploads\/2022\/10\/pressenza_logo_200x200.jpg\",\"width\":200,\"height\":200,\"caption\":\"Pressenza\"},\"image\":{\"@id\":\"https:\/\/www.pressenza.com\/de\/#\/schema\/logo\/image\/\"},\"sameAs\":[\"https:\/\/www.facebook.com\/PressenzaItalia\",\"https:\/\/x.com\/PressenzaIPA\"]},{\"@type\":\"Person\",\"@id\":\"https:\/\/www.pressenza.com\/de\/#\/schema\/person\/57bb5480943a496a7722b0248e4b658a\",\"name\":\"Pressenza Berlin\",\"description\":\"News from the Pressenza Bureau in Berlin, Germany\",\"sameAs\":[\"https:\/\/www.facebook.com\/Pressenza-Deutschland-sterreich-Schweiz-281675388658060\/timeline\/\",\"https:\/\/x.com\/pressenza_ger\"],\"url\":\"https:\/\/www.pressenza.com\/de\/author\/pressenza-berlin\/\"}]}<\/script>\n<!-- \/ Yoast SEO plugin. -->","yoast_head_json":{"title":"Nach dem R\u00fccktritt von Katrin Lompscher: Chance f\u00fcr kommunalen Schulbau nutzen","description":"Berlin, den 04.08.2020: Gemeingut in B\u00fcrgerInnenhand (GiB) weist darauf hin, dass sich durch den R\u00fccktritt von Katrin Lompscher die Gelegenheit f\u00fcr eine","robots":{"index":"index","follow":"follow","max-snippet":"max-snippet:-1","max-image-preview":"max-image-preview:large","max-video-preview":"max-video-preview:-1"},"canonical":"https:\/\/www.pressenza.com\/de\/2020\/08\/nach-dem-ruecktritt-von-katrin-lompscher-chance-fuer-kommunalen-schulbau-nutzen\/","og_locale":"de_DE","og_type":"article","og_title":"Nach dem R\u00fccktritt von Katrin Lompscher: Chance f\u00fcr kommunalen Schulbau nutzen","og_description":"Berlin, den 04.08.2020: Gemeingut in B\u00fcrgerInnenhand (GiB) weist darauf hin, dass sich durch den R\u00fccktritt von Katrin Lompscher die Gelegenheit f\u00fcr eine","og_url":"https:\/\/www.pressenza.com\/de\/2020\/08\/nach-dem-ruecktritt-von-katrin-lompscher-chance-fuer-kommunalen-schulbau-nutzen\/","og_site_name":"Pressenza","article_publisher":"https:\/\/www.facebook.com\/PressenzaItalia","article_author":"https:\/\/www.facebook.com\/Pressenza-Deutschland-sterreich-Schweiz-281675388658060\/timeline\/","article_published_time":"2020-08-08T12:15:03+00:00","article_modified_time":"2020-08-08T12:18:16+00:00","og_image":[{"width":750,"height":440,"url":"https:\/\/www.pressenza.com\/wp-content\/uploads\/2020\/08\/Schul-Privatisierung.jpg","type":"image\/jpeg"}],"author":"Pressenza Berlin","twitter_card":"summary_large_image","twitter_creator":"@pressenza_ger","twitter_site":"@PressenzaIPA","twitter_misc":{"Verfasst von":"Pressenza Berlin","Gesch\u00e4tzte Lesezeit":"3\u00a0Minuten"},"schema":{"@context":"https:\/\/schema.org","@graph":[{"@type":"Article","@id":"https:\/\/www.pressenza.com\/de\/2020\/08\/nach-dem-ruecktritt-von-katrin-lompscher-chance-fuer-kommunalen-schulbau-nutzen\/#article","isPartOf":{"@id":"https:\/\/www.pressenza.com\/de\/2020\/08\/nach-dem-ruecktritt-von-katrin-lompscher-chance-fuer-kommunalen-schulbau-nutzen\/"},"author":{"name":"Pressenza Berlin","@id":"https:\/\/www.pressenza.com\/de\/#\/schema\/person\/57bb5480943a496a7722b0248e4b658a"},"headline":"Nach dem R\u00fccktritt von Katrin Lompscher: Chance f\u00fcr kommunalen Schulbau nutzen","datePublished":"2020-08-08T12:15:03+00:00","dateModified":"2020-08-08T12:18:16+00:00","mainEntityOfPage":{"@id":"https:\/\/www.pressenza.com\/de\/2020\/08\/nach-dem-ruecktritt-von-katrin-lompscher-chance-fuer-kommunalen-schulbau-nutzen\/"},"wordCount":572,"publisher":{"@id":"https:\/\/www.pressenza.com\/de\/#organization"},"image":{"@id":"https:\/\/www.pressenza.com\/de\/2020\/08\/nach-dem-ruecktritt-von-katrin-lompscher-chance-fuer-kommunalen-schulbau-nutzen\/#primaryimage"},"thumbnailUrl":"https:\/\/www.pressenza.com\/wp-content\/uploads\/2020\/08\/Schul-Privatisierung.jpg","keywords":["HOWOGE","Katrin Lompscher","\u00d6ffentlich-private Partnerschaften","\u00d6PP","Privatisierung"],"articleSection":["Europa","Politik","Pressemitteilungen"],"inLanguage":"de"},{"@type":"WebPage","@id":"https:\/\/www.pressenza.com\/de\/2020\/08\/nach-dem-ruecktritt-von-katrin-lompscher-chance-fuer-kommunalen-schulbau-nutzen\/","url":"https:\/\/www.pressenza.com\/de\/2020\/08\/nach-dem-ruecktritt-von-katrin-lompscher-chance-fuer-kommunalen-schulbau-nutzen\/","name":"Nach dem R\u00fccktritt von Katrin Lompscher: Chance f\u00fcr kommunalen Schulbau nutzen","isPartOf":{"@id":"https:\/\/www.pressenza.com\/de\/#website"},"primaryImageOfPage":{"@id":"https:\/\/www.pressenza.com\/de\/2020\/08\/nach-dem-ruecktritt-von-katrin-lompscher-chance-fuer-kommunalen-schulbau-nutzen\/#primaryimage"},"image":{"@id":"https:\/\/www.pressenza.com\/de\/2020\/08\/nach-dem-ruecktritt-von-katrin-lompscher-chance-fuer-kommunalen-schulbau-nutzen\/#primaryimage"},"thumbnailUrl":"https:\/\/www.pressenza.com\/wp-content\/uploads\/2020\/08\/Schul-Privatisierung.jpg","datePublished":"2020-08-08T12:15:03+00:00","dateModified":"2020-08-08T12:18:16+00:00","description":"Berlin, den 04.08.2020: Gemeingut in B\u00fcrgerInnenhand (GiB) weist darauf hin, dass sich durch den R\u00fccktritt von Katrin Lompscher die Gelegenheit f\u00fcr eine","breadcrumb":{"@id":"https:\/\/www.pressenza.com\/de\/2020\/08\/nach-dem-ruecktritt-von-katrin-lompscher-chance-fuer-kommunalen-schulbau-nutzen\/#breadcrumb"},"inLanguage":"de","potentialAction":[{"@type":"ReadAction","target":["https:\/\/www.pressenza.com\/de\/2020\/08\/nach-dem-ruecktritt-von-katrin-lompscher-chance-fuer-kommunalen-schulbau-nutzen\/"]}]},{"@type":"ImageObject","inLanguage":"de","@id":"https:\/\/www.pressenza.com\/de\/2020\/08\/nach-dem-ruecktritt-von-katrin-lompscher-chance-fuer-kommunalen-schulbau-nutzen\/#primaryimage","url":"https:\/\/www.pressenza.com\/wp-content\/uploads\/2020\/08\/Schul-Privatisierung.jpg","contentUrl":"https:\/\/www.pressenza.com\/wp-content\/uploads\/2020\/08\/Schul-Privatisierung.jpg","width":750,"height":440,"caption":"Nach dem R\u00fccktritt von Katrin Lompscher: Chance f\u00fcr kommunalen Schulbau nutzen"},{"@type":"BreadcrumbList","@id":"https:\/\/www.pressenza.com\/de\/2020\/08\/nach-dem-ruecktritt-von-katrin-lompscher-chance-fuer-kommunalen-schulbau-nutzen\/#breadcrumb","itemListElement":[{"@type":"ListItem","position":1,"name":"Accueil","item":"https:\/\/www.pressenza.com\/de\/"},{"@type":"ListItem","position":2,"name":"Nach dem R\u00fccktritt von Katrin Lompscher: Chance f\u00fcr kommunalen Schulbau nutzen"}]},{"@type":"WebSite","@id":"https:\/\/www.pressenza.com\/de\/#website","url":"https:\/\/www.pressenza.com\/de\/","name":"Pressenza","description":"International Press Agency","publisher":{"@id":"https:\/\/www.pressenza.com\/de\/#organization"},"potentialAction":[{"@type":"SearchAction","target":{"@type":"EntryPoint","urlTemplate":"https:\/\/www.pressenza.com\/de\/?s={search_term_string}"},"query-input":{"@type":"PropertyValueSpecification","valueRequired":true,"valueName":"search_term_string"}}],"inLanguage":"de"},{"@type":"Organization","@id":"https:\/\/www.pressenza.com\/de\/#organization","name":"Pressenza","url":"https:\/\/www.pressenza.com\/de\/","logo":{"@type":"ImageObject","inLanguage":"de","@id":"https:\/\/www.pressenza.com\/de\/#\/schema\/logo\/image\/","url":"https:\/\/www.pressenza.com\/wp-content\/uploads\/2022\/10\/pressenza_logo_200x200.jpg","contentUrl":"https:\/\/www.pressenza.com\/wp-content\/uploads\/2022\/10\/pressenza_logo_200x200.jpg","width":200,"height":200,"caption":"Pressenza"},"image":{"@id":"https:\/\/www.pressenza.com\/de\/#\/schema\/logo\/image\/"},"sameAs":["https:\/\/www.facebook.com\/PressenzaItalia","https:\/\/x.com\/PressenzaIPA"]},{"@type":"Person","@id":"https:\/\/www.pressenza.com\/de\/#\/schema\/person\/57bb5480943a496a7722b0248e4b658a","name":"Pressenza Berlin","description":"News from the Pressenza Bureau in Berlin, Germany","sameAs":["https:\/\/www.facebook.com\/Pressenza-Deutschland-sterreich-Schweiz-281675388658060\/timeline\/","https:\/\/x.com\/pressenza_ger"],"url":"https:\/\/www.pressenza.com\/de\/author\/pressenza-berlin\/"}]}},"place":"","original_article_url":"https:\/\/www.gemeingut.org\/nach-dem-ruecktritt-von-katrin-lompscher-chance-fuer-kommunalen-schulbau-nutzen\/","_links":{"self":[{"href":"https:\/\/www.pressenza.com\/de\/wp-json\/wp\/v2\/posts\/1174803","targetHints":{"allow":["GET"]}}],"collection":[{"href":"https:\/\/www.pressenza.com\/de\/wp-json\/wp\/v2\/posts"}],"about":[{"href":"https:\/\/www.pressenza.com\/de\/wp-json\/wp\/v2\/types\/post"}],"author":[{"embeddable":true,"href":"https:\/\/www.pressenza.com\/de\/wp-json\/wp\/v2\/users\/1095"}],"replies":[{"embeddable":true,"href":"https:\/\/www.pressenza.com\/de\/wp-json\/wp\/v2\/comments?post=1174803"}],"version-history":[{"count":0,"href":"https:\/\/www.pressenza.com\/de\/wp-json\/wp\/v2\/posts\/1174803\/revisions"}],"wp:featuredmedia":[{"embeddable":true,"href":"https:\/\/www.pressenza.com\/de\/wp-json\/wp\/v2\/media\/1174826"}],"wp:attachment":[{"href":"https:\/\/www.pressenza.com\/de\/wp-json\/wp\/v2\/media?parent=1174803"}],"wp:term":[{"taxonomy":"category","embeddable":true,"href":"https:\/\/www.pressenza.com\/de\/wp-json\/wp\/v2\/categories?post=1174803"},{"taxonomy":"post_tag","embeddable":true,"href":"https:\/\/www.pressenza.com\/de\/wp-json\/wp\/v2\/tags?post=1174803"}],"curies":[{"name":"wp","href":"https:\/\/api.w.org\/{rel}","templated":true}]}}