{"id":1174299,"date":"2020-08-07T13:59:18","date_gmt":"2020-08-07T12:59:18","guid":{"rendered":"https:\/\/www.pressenza.com\/?p=1174299"},"modified":"2020-08-07T13:59:18","modified_gmt":"2020-08-07T12:59:18","slug":"75-jahre-atombombenabwurf-auf-hiroshima","status":"publish","type":"post","link":"https:\/\/www.pressenza.com\/de\/2020\/08\/75-jahre-atombombenabwurf-auf-hiroshima\/","title":{"rendered":"75 Jahre Atombombenabwurf auf Hiroshima"},"content":{"rendered":"<div class=\"news-text-wrap\">\n<p><strong>Indigene V\u00f6lker leiden bis heute unter Folgen der Atombomben-Entwicklung<\/strong><\/p>\n<p class=\"bodytext\">Zum 75. Jahrestag des Atombombenabwurfs auf Hiroshima hat die Gesellschaft f\u00fcr bedrohte V\u00f6lker (GfbV) daran erinnert, dass indigene V\u00f6lker bis heute unter den dramatischen Folgen der Atombombenentwicklung leiden. Angesichts der katastrophalen Konsequenzen von Atomtests bezeichnete es die Menschenrechtsorganisation als unverantwortlich, dass von den USA eine Wiederaufnahme von Atomversuchen erwogen wird. &#8222;Wer erlebt hat, wie Atomm\u00e4chte indigene V\u00f6lker als Versuchskaninchen missbraucht haben, um die Wirkung von Atombomben zu testen, kann die Diskussion \u00fcber einen Neubeginn von Atomtests nur als blanken Zynismus empfinden&#8220;, erkl\u00e4rte der GfbV-Direktor Ulrich Delius am Dienstag in G\u00f6ttingen. Die Atomversuche seien eines der gr\u00f6\u00dften Verbrechen an Mensch und Umwelt nach dem Zweiten Weltkrieg gewesen. Von den dadurch entstandenen Atomm\u00fclldeponien gingen noch tausende Jahre ernste Gefahren f\u00fcr die ganze Menschheit aus.<\/p>\n<p class=\"bodytext\">Vor allem auf den Pazifischen Inseln w\u00fcrden indigene V\u00f6lker noch heute unter schwerwiegenden gesundheitlichen, \u00f6kologischen und sozialen Folgen des Atomkolonialismus leiden, erkl\u00e4rte die GfbV. Aber auch in Xinjiang im Nordwesten Chinas, in Kasachstan, Algerien, Australien und im Westen der USA h\u00e4tten indigene V\u00f6lker und Minderheiten einen hohen Preis f\u00fcr das atomare Wettr\u00fcsten gezahlt. &#8222;Tausende Menschen starben einen fr\u00fchen Tod aufgrund der Folgen ihrer Verstrahlung oder der Zerst\u00f6rung ihrer Lebensgrundlage. Den meisten Opfern von Atomversuchen hat man bis zu ihrem Tod jeden Einblick in die Hintergr\u00fcnde ihrer Erkrankungen verwehrt&#8220;, kritisierte Delius. Heute w\u00fcrde man das zynische Verhalten der Atomm\u00e4chte gegen\u00fcber ihrer eigenen Bev\u00f6lkerung als Verbrechen gegen die Menschlichkeit bezeichnen. Doch juristisch seien diese Verbrechen niemals geahndet worden. Die \u00dcberlebenden warteten zumeist bis heute auf eine angemessene Entsch\u00e4digung f\u00fcr ihr Leiden und die zerst\u00f6rte Umwelt.<\/p>\n<p class=\"bodytext\">So habe Frankreich erst im Juli 2020 die Bedingungen f\u00fcr eine Entsch\u00e4digung von Atomtestopfern erneut erschwert. &#8222;Es ist skandal\u00f6s, dass Frankreich selbst 24 Jahre nach dem Ende seiner Atomversuche nicht bereit ist, die volle Verantwortung f\u00fcr die Verstrahlung indigener Maohi und ihrer Inseln im S\u00fcdpazifik zu \u00fcbernehmen&#8220;, erkl\u00e4rte Delius. Frankreich hatte 193 Atomtests zwischen 1966 und 1996 in seinem \u00dcberseeterritorium Franz\u00f6sisch-Polynesien durchgef\u00fchrt. Die Testinseln Moruroa und Fangataufa gelten bis heute aufgrund gro\u00dfer Mengen Atomm\u00fcll als Sicherheitsrisiko.<\/p>\n<p class=\"bodytext\">Auch auf den von den USA kontrollierten Marshall-Inseln im Nordwestpazifik ist das strahlende Atomerbe bis heute eine Hypothek. Indigene werfen der US-Regierung vor, der Inselbev\u00f6lkerung Informationen \u00fcber ihre Gef\u00e4hrdung durch Atomm\u00fcll gezielt vorzuenthalten. Mehrfach wurden Indigene unter falschen Vorgaben umgesiedelt und dadurch Verstrahlung ausgesetzt. Nun machen die Marshall-Inseln Druck auf die US-Regierung, zur Kompensation ihre wirtschaftliche Hilfe f\u00fcr die notleidende Bev\u00f6lkerung zu verst\u00e4rken. &#8222;Die Kosten der Atomtests f\u00fcr die Menschheit sind horrend. Wer nun leichtfertig neue Atomversuche erw\u00e4gt, sollte das anhaltende Leiden der Opfer des atomaren Wettr\u00fcstens nicht ignorieren&#8220;, forderte Delius.<\/p>\n<\/div>\n<div class=\"news-related-wrap\">\n<p class=\"news-author\">Kontakt: Ulrich Delius, Direktor<\/p>\n<p class=\"news-email\">E-Mail: <a>presse@gfbv.de, u.delius@gfbv.de<\/a><\/p>\n<\/div>\n<div class=\"news-related-wrap\">\n<p class=\"news-email\">\n<\/div>\n","protected":false},"excerpt":{"rendered":"<p>Indigene V\u00f6lker leiden bis heute unter Folgen der Atombomben-Entwicklung Zum 75. Jahrestag des Atombombenabwurfs auf Hiroshima hat die Gesellschaft f\u00fcr bedrohte V\u00f6lker (GfbV) daran erinnert, dass indigene V\u00f6lker bis heute unter den dramatischen Folgen der Atombombenentwicklung leiden. Angesichts der katastrophalen&hellip;<\/p>\n","protected":false},"author":1100,"featured_media":1174333,"comment_status":"closed","ping_status":"closed","sticky":false,"template":"","format":"standard","meta":{"footnotes":""},"categories":[9167,9160,9166,9163,9168,9145],"tags":[68483,12506,61728,11052],"class_list":["post-1174299","post","type-post","status-publish","format-standard","has-post-thumbnail","hentry","category-frieden-und-abruestung","category-gesundheit","category-gewaltfreiheit","category-indigene-voelker","category-politik","category-pressemitteilungen","tag-atommuell","tag-atomwaffen","tag-hiroshima-de","tag-indigene-voelker-2"],"yoast_head":"<!-- This site is optimized with the Yoast SEO plugin v27.1.1 - https:\/\/yoast.com\/product\/yoast-seo-wordpress\/ -->\n<title>75 Jahre Atombombenabwurf auf Hiroshima<\/title>\n<meta name=\"description\" content=\"Indigene V\u00f6lker leiden bis heute unter Folgen der Atombomben-Entwicklung Zum 75. Jahrestag des Atombombenabwurfs auf Hiroshima hat die Gesellschaft f\u00fcr\" \/>\n<meta name=\"robots\" content=\"index, follow, max-snippet:-1, max-image-preview:large, max-video-preview:-1\" \/>\n<link rel=\"canonical\" href=\"https:\/\/www.pressenza.com\/de\/2020\/08\/75-jahre-atombombenabwurf-auf-hiroshima\/\" \/>\n<meta property=\"og:locale\" content=\"de_DE\" \/>\n<meta property=\"og:type\" content=\"article\" \/>\n<meta property=\"og:title\" content=\"75 Jahre Atombombenabwurf auf Hiroshima\" \/>\n<meta property=\"og:description\" content=\"Indigene V\u00f6lker leiden bis heute unter Folgen der Atombomben-Entwicklung Zum 75. Jahrestag des Atombombenabwurfs auf Hiroshima hat die Gesellschaft f\u00fcr\" \/>\n<meta property=\"og:url\" content=\"https:\/\/www.pressenza.com\/de\/2020\/08\/75-jahre-atombombenabwurf-auf-hiroshima\/\" \/>\n<meta property=\"og:site_name\" content=\"Pressenza\" \/>\n<meta property=\"article:publisher\" content=\"https:\/\/www.facebook.com\/PressenzaItalia\" \/>\n<meta property=\"article:published_time\" content=\"2020-08-07T12:59:18+00:00\" \/>\n<meta property=\"og:image\" content=\"https:\/\/www.pressenza.com\/wp-content\/uploads\/2020\/08\/623FC937-94CA-4843-9236-5163D9ACF635.jpeg\" \/>\n\t<meta property=\"og:image:width\" content=\"1920\" \/>\n\t<meta property=\"og:image:height\" content=\"1262\" \/>\n\t<meta property=\"og:image:type\" content=\"image\/jpeg\" \/>\n<meta name=\"author\" content=\"Gesellschaft f\u00fcr bedrohte V\u00f6lker\" \/>\n<meta name=\"twitter:card\" content=\"summary_large_image\" \/>\n<meta name=\"twitter:creator\" content=\"@PressenzaIPA\" \/>\n<meta name=\"twitter:site\" content=\"@PressenzaIPA\" \/>\n<meta name=\"twitter:label1\" content=\"Verfasst von\" \/>\n\t<meta name=\"twitter:data1\" content=\"Gesellschaft f\u00fcr bedrohte V\u00f6lker\" \/>\n\t<meta name=\"twitter:label2\" content=\"Gesch\u00e4tzte Lesezeit\" \/>\n\t<meta name=\"twitter:data2\" content=\"2\u00a0Minuten\" \/>\n<script type=\"application\/ld+json\" class=\"yoast-schema-graph\">{\"@context\":\"https:\/\/schema.org\",\"@graph\":[{\"@type\":\"Article\",\"@id\":\"https:\/\/www.pressenza.com\/de\/2020\/08\/75-jahre-atombombenabwurf-auf-hiroshima\/#article\",\"isPartOf\":{\"@id\":\"https:\/\/www.pressenza.com\/de\/2020\/08\/75-jahre-atombombenabwurf-auf-hiroshima\/\"},\"author\":{\"name\":\"Gesellschaft f\u00fcr bedrohte V\u00f6lker\",\"@id\":\"https:\/\/www.pressenza.com\/de\/#\/schema\/person\/f6cae27dc9933b58b3937fe60cc2c5a9\"},\"headline\":\"75 Jahre Atombombenabwurf auf Hiroshima\",\"datePublished\":\"2020-08-07T12:59:18+00:00\",\"mainEntityOfPage\":{\"@id\":\"https:\/\/www.pressenza.com\/de\/2020\/08\/75-jahre-atombombenabwurf-auf-hiroshima\/\"},\"wordCount\":488,\"publisher\":{\"@id\":\"https:\/\/www.pressenza.com\/de\/#organization\"},\"image\":{\"@id\":\"https:\/\/www.pressenza.com\/de\/2020\/08\/75-jahre-atombombenabwurf-auf-hiroshima\/#primaryimage\"},\"thumbnailUrl\":\"https:\/\/www.pressenza.com\/wp-content\/uploads\/2020\/08\/623FC937-94CA-4843-9236-5163D9ACF635.jpeg\",\"keywords\":[\"Atomm\u00fcll\",\"Atomwaffen\",\"Hiroshima\",\"indigene V\u00f6lker\"],\"articleSection\":[\"Frieden und Abr\u00fcstung\",\"Gesundheit\",\"Gewaltfreiheit\",\"Indigene V\u00f6lker\",\"Politik\",\"Pressemitteilungen\"],\"inLanguage\":\"de\"},{\"@type\":\"WebPage\",\"@id\":\"https:\/\/www.pressenza.com\/de\/2020\/08\/75-jahre-atombombenabwurf-auf-hiroshima\/\",\"url\":\"https:\/\/www.pressenza.com\/de\/2020\/08\/75-jahre-atombombenabwurf-auf-hiroshima\/\",\"name\":\"75 Jahre Atombombenabwurf auf Hiroshima\",\"isPartOf\":{\"@id\":\"https:\/\/www.pressenza.com\/de\/#website\"},\"primaryImageOfPage\":{\"@id\":\"https:\/\/www.pressenza.com\/de\/2020\/08\/75-jahre-atombombenabwurf-auf-hiroshima\/#primaryimage\"},\"image\":{\"@id\":\"https:\/\/www.pressenza.com\/de\/2020\/08\/75-jahre-atombombenabwurf-auf-hiroshima\/#primaryimage\"},\"thumbnailUrl\":\"https:\/\/www.pressenza.com\/wp-content\/uploads\/2020\/08\/623FC937-94CA-4843-9236-5163D9ACF635.jpeg\",\"datePublished\":\"2020-08-07T12:59:18+00:00\",\"description\":\"Indigene V\u00f6lker leiden bis heute unter Folgen der Atombomben-Entwicklung Zum 75. Jahrestag des Atombombenabwurfs auf Hiroshima hat die Gesellschaft f\u00fcr\",\"breadcrumb\":{\"@id\":\"https:\/\/www.pressenza.com\/de\/2020\/08\/75-jahre-atombombenabwurf-auf-hiroshima\/#breadcrumb\"},\"inLanguage\":\"de\",\"potentialAction\":[{\"@type\":\"ReadAction\",\"target\":[\"https:\/\/www.pressenza.com\/de\/2020\/08\/75-jahre-atombombenabwurf-auf-hiroshima\/\"]}]},{\"@type\":\"ImageObject\",\"inLanguage\":\"de\",\"@id\":\"https:\/\/www.pressenza.com\/de\/2020\/08\/75-jahre-atombombenabwurf-auf-hiroshima\/#primaryimage\",\"url\":\"https:\/\/www.pressenza.com\/wp-content\/uploads\/2020\/08\/623FC937-94CA-4843-9236-5163D9ACF635.jpeg\",\"contentUrl\":\"https:\/\/www.pressenza.com\/wp-content\/uploads\/2020\/08\/623FC937-94CA-4843-9236-5163D9ACF635.jpeg\",\"width\":1920,\"height\":1262},{\"@type\":\"BreadcrumbList\",\"@id\":\"https:\/\/www.pressenza.com\/de\/2020\/08\/75-jahre-atombombenabwurf-auf-hiroshima\/#breadcrumb\",\"itemListElement\":[{\"@type\":\"ListItem\",\"position\":1,\"name\":\"Accueil\",\"item\":\"https:\/\/www.pressenza.com\/de\/\"},{\"@type\":\"ListItem\",\"position\":2,\"name\":\"75 Jahre Atombombenabwurf auf Hiroshima\"}]},{\"@type\":\"WebSite\",\"@id\":\"https:\/\/www.pressenza.com\/de\/#website\",\"url\":\"https:\/\/www.pressenza.com\/de\/\",\"name\":\"Pressenza\",\"description\":\"International Press Agency\",\"publisher\":{\"@id\":\"https:\/\/www.pressenza.com\/de\/#organization\"},\"potentialAction\":[{\"@type\":\"SearchAction\",\"target\":{\"@type\":\"EntryPoint\",\"urlTemplate\":\"https:\/\/www.pressenza.com\/de\/?s={search_term_string}\"},\"query-input\":{\"@type\":\"PropertyValueSpecification\",\"valueRequired\":true,\"valueName\":\"search_term_string\"}}],\"inLanguage\":\"de\"},{\"@type\":\"Organization\",\"@id\":\"https:\/\/www.pressenza.com\/de\/#organization\",\"name\":\"Pressenza\",\"url\":\"https:\/\/www.pressenza.com\/de\/\",\"logo\":{\"@type\":\"ImageObject\",\"inLanguage\":\"de\",\"@id\":\"https:\/\/www.pressenza.com\/de\/#\/schema\/logo\/image\/\",\"url\":\"https:\/\/www.pressenza.com\/wp-content\/uploads\/2022\/10\/pressenza_logo_200x200.jpg\",\"contentUrl\":\"https:\/\/www.pressenza.com\/wp-content\/uploads\/2022\/10\/pressenza_logo_200x200.jpg\",\"width\":200,\"height\":200,\"caption\":\"Pressenza\"},\"image\":{\"@id\":\"https:\/\/www.pressenza.com\/de\/#\/schema\/logo\/image\/\"},\"sameAs\":[\"https:\/\/www.facebook.com\/PressenzaItalia\",\"https:\/\/x.com\/PressenzaIPA\"]},{\"@type\":\"Person\",\"@id\":\"https:\/\/www.pressenza.com\/de\/#\/schema\/person\/f6cae27dc9933b58b3937fe60cc2c5a9\",\"name\":\"Gesellschaft f\u00fcr bedrohte V\u00f6lker\",\"description\":\"bedrohte v\u00f6lker berichtet regelm\u00e4\u00dfig und aktuell \u00fcber verfolgte ethnische und religi\u00f6se Minderheiten, Nationalit\u00e4ten und Ureinwohnerv\u00f6lker in aller Welt. Im deutschen Sprachraum gibt es kein vergleichbares Medium.\",\"url\":\"https:\/\/www.pressenza.com\/de\/author\/gfbv\/\"}]}<\/script>\n<!-- \/ Yoast SEO plugin. -->","yoast_head_json":{"title":"75 Jahre Atombombenabwurf auf Hiroshima","description":"Indigene V\u00f6lker leiden bis heute unter Folgen der Atombomben-Entwicklung Zum 75. Jahrestag des Atombombenabwurfs auf Hiroshima hat die Gesellschaft f\u00fcr","robots":{"index":"index","follow":"follow","max-snippet":"max-snippet:-1","max-image-preview":"max-image-preview:large","max-video-preview":"max-video-preview:-1"},"canonical":"https:\/\/www.pressenza.com\/de\/2020\/08\/75-jahre-atombombenabwurf-auf-hiroshima\/","og_locale":"de_DE","og_type":"article","og_title":"75 Jahre Atombombenabwurf auf Hiroshima","og_description":"Indigene V\u00f6lker leiden bis heute unter Folgen der Atombomben-Entwicklung Zum 75. Jahrestag des Atombombenabwurfs auf Hiroshima hat die Gesellschaft f\u00fcr","og_url":"https:\/\/www.pressenza.com\/de\/2020\/08\/75-jahre-atombombenabwurf-auf-hiroshima\/","og_site_name":"Pressenza","article_publisher":"https:\/\/www.facebook.com\/PressenzaItalia","article_published_time":"2020-08-07T12:59:18+00:00","og_image":[{"width":1920,"height":1262,"url":"https:\/\/www.pressenza.com\/wp-content\/uploads\/2020\/08\/623FC937-94CA-4843-9236-5163D9ACF635.jpeg","type":"image\/jpeg"}],"author":"Gesellschaft f\u00fcr bedrohte V\u00f6lker","twitter_card":"summary_large_image","twitter_creator":"@PressenzaIPA","twitter_site":"@PressenzaIPA","twitter_misc":{"Verfasst von":"Gesellschaft f\u00fcr bedrohte V\u00f6lker","Gesch\u00e4tzte Lesezeit":"2\u00a0Minuten"},"schema":{"@context":"https:\/\/schema.org","@graph":[{"@type":"Article","@id":"https:\/\/www.pressenza.com\/de\/2020\/08\/75-jahre-atombombenabwurf-auf-hiroshima\/#article","isPartOf":{"@id":"https:\/\/www.pressenza.com\/de\/2020\/08\/75-jahre-atombombenabwurf-auf-hiroshima\/"},"author":{"name":"Gesellschaft f\u00fcr bedrohte V\u00f6lker","@id":"https:\/\/www.pressenza.com\/de\/#\/schema\/person\/f6cae27dc9933b58b3937fe60cc2c5a9"},"headline":"75 Jahre Atombombenabwurf auf Hiroshima","datePublished":"2020-08-07T12:59:18+00:00","mainEntityOfPage":{"@id":"https:\/\/www.pressenza.com\/de\/2020\/08\/75-jahre-atombombenabwurf-auf-hiroshima\/"},"wordCount":488,"publisher":{"@id":"https:\/\/www.pressenza.com\/de\/#organization"},"image":{"@id":"https:\/\/www.pressenza.com\/de\/2020\/08\/75-jahre-atombombenabwurf-auf-hiroshima\/#primaryimage"},"thumbnailUrl":"https:\/\/www.pressenza.com\/wp-content\/uploads\/2020\/08\/623FC937-94CA-4843-9236-5163D9ACF635.jpeg","keywords":["Atomm\u00fcll","Atomwaffen","Hiroshima","indigene V\u00f6lker"],"articleSection":["Frieden und Abr\u00fcstung","Gesundheit","Gewaltfreiheit","Indigene V\u00f6lker","Politik","Pressemitteilungen"],"inLanguage":"de"},{"@type":"WebPage","@id":"https:\/\/www.pressenza.com\/de\/2020\/08\/75-jahre-atombombenabwurf-auf-hiroshima\/","url":"https:\/\/www.pressenza.com\/de\/2020\/08\/75-jahre-atombombenabwurf-auf-hiroshima\/","name":"75 Jahre Atombombenabwurf auf Hiroshima","isPartOf":{"@id":"https:\/\/www.pressenza.com\/de\/#website"},"primaryImageOfPage":{"@id":"https:\/\/www.pressenza.com\/de\/2020\/08\/75-jahre-atombombenabwurf-auf-hiroshima\/#primaryimage"},"image":{"@id":"https:\/\/www.pressenza.com\/de\/2020\/08\/75-jahre-atombombenabwurf-auf-hiroshima\/#primaryimage"},"thumbnailUrl":"https:\/\/www.pressenza.com\/wp-content\/uploads\/2020\/08\/623FC937-94CA-4843-9236-5163D9ACF635.jpeg","datePublished":"2020-08-07T12:59:18+00:00","description":"Indigene V\u00f6lker leiden bis heute unter Folgen der Atombomben-Entwicklung Zum 75. Jahrestag des Atombombenabwurfs auf Hiroshima hat die Gesellschaft f\u00fcr","breadcrumb":{"@id":"https:\/\/www.pressenza.com\/de\/2020\/08\/75-jahre-atombombenabwurf-auf-hiroshima\/#breadcrumb"},"inLanguage":"de","potentialAction":[{"@type":"ReadAction","target":["https:\/\/www.pressenza.com\/de\/2020\/08\/75-jahre-atombombenabwurf-auf-hiroshima\/"]}]},{"@type":"ImageObject","inLanguage":"de","@id":"https:\/\/www.pressenza.com\/de\/2020\/08\/75-jahre-atombombenabwurf-auf-hiroshima\/#primaryimage","url":"https:\/\/www.pressenza.com\/wp-content\/uploads\/2020\/08\/623FC937-94CA-4843-9236-5163D9ACF635.jpeg","contentUrl":"https:\/\/www.pressenza.com\/wp-content\/uploads\/2020\/08\/623FC937-94CA-4843-9236-5163D9ACF635.jpeg","width":1920,"height":1262},{"@type":"BreadcrumbList","@id":"https:\/\/www.pressenza.com\/de\/2020\/08\/75-jahre-atombombenabwurf-auf-hiroshima\/#breadcrumb","itemListElement":[{"@type":"ListItem","position":1,"name":"Accueil","item":"https:\/\/www.pressenza.com\/de\/"},{"@type":"ListItem","position":2,"name":"75 Jahre Atombombenabwurf auf Hiroshima"}]},{"@type":"WebSite","@id":"https:\/\/www.pressenza.com\/de\/#website","url":"https:\/\/www.pressenza.com\/de\/","name":"Pressenza","description":"International Press Agency","publisher":{"@id":"https:\/\/www.pressenza.com\/de\/#organization"},"potentialAction":[{"@type":"SearchAction","target":{"@type":"EntryPoint","urlTemplate":"https:\/\/www.pressenza.com\/de\/?s={search_term_string}"},"query-input":{"@type":"PropertyValueSpecification","valueRequired":true,"valueName":"search_term_string"}}],"inLanguage":"de"},{"@type":"Organization","@id":"https:\/\/www.pressenza.com\/de\/#organization","name":"Pressenza","url":"https:\/\/www.pressenza.com\/de\/","logo":{"@type":"ImageObject","inLanguage":"de","@id":"https:\/\/www.pressenza.com\/de\/#\/schema\/logo\/image\/","url":"https:\/\/www.pressenza.com\/wp-content\/uploads\/2022\/10\/pressenza_logo_200x200.jpg","contentUrl":"https:\/\/www.pressenza.com\/wp-content\/uploads\/2022\/10\/pressenza_logo_200x200.jpg","width":200,"height":200,"caption":"Pressenza"},"image":{"@id":"https:\/\/www.pressenza.com\/de\/#\/schema\/logo\/image\/"},"sameAs":["https:\/\/www.facebook.com\/PressenzaItalia","https:\/\/x.com\/PressenzaIPA"]},{"@type":"Person","@id":"https:\/\/www.pressenza.com\/de\/#\/schema\/person\/f6cae27dc9933b58b3937fe60cc2c5a9","name":"Gesellschaft f\u00fcr bedrohte V\u00f6lker","description":"bedrohte v\u00f6lker berichtet regelm\u00e4\u00dfig und aktuell \u00fcber verfolgte ethnische und religi\u00f6se Minderheiten, Nationalit\u00e4ten und Ureinwohnerv\u00f6lker in aller Welt. Im deutschen Sprachraum gibt es kein vergleichbares Medium.","url":"https:\/\/www.pressenza.com\/de\/author\/gfbv\/"}]}},"place":"","original_article_url":"https:\/\/www.gfbv.de\/de\/news\/75-jahre-atombombenabwurf-auf-hiroshima-6-8-10176\/","_links":{"self":[{"href":"https:\/\/www.pressenza.com\/de\/wp-json\/wp\/v2\/posts\/1174299","targetHints":{"allow":["GET"]}}],"collection":[{"href":"https:\/\/www.pressenza.com\/de\/wp-json\/wp\/v2\/posts"}],"about":[{"href":"https:\/\/www.pressenza.com\/de\/wp-json\/wp\/v2\/types\/post"}],"author":[{"embeddable":true,"href":"https:\/\/www.pressenza.com\/de\/wp-json\/wp\/v2\/users\/1100"}],"replies":[{"embeddable":true,"href":"https:\/\/www.pressenza.com\/de\/wp-json\/wp\/v2\/comments?post=1174299"}],"version-history":[{"count":0,"href":"https:\/\/www.pressenza.com\/de\/wp-json\/wp\/v2\/posts\/1174299\/revisions"}],"wp:featuredmedia":[{"embeddable":true,"href":"https:\/\/www.pressenza.com\/de\/wp-json\/wp\/v2\/media\/1174333"}],"wp:attachment":[{"href":"https:\/\/www.pressenza.com\/de\/wp-json\/wp\/v2\/media?parent=1174299"}],"wp:term":[{"taxonomy":"category","embeddable":true,"href":"https:\/\/www.pressenza.com\/de\/wp-json\/wp\/v2\/categories?post=1174299"},{"taxonomy":"post_tag","embeddable":true,"href":"https:\/\/www.pressenza.com\/de\/wp-json\/wp\/v2\/tags?post=1174299"}],"curies":[{"name":"wp","href":"https:\/\/api.w.org\/{rel}","templated":true}]}}