{"id":1173341,"date":"2020-08-05T18:57:02","date_gmt":"2020-08-05T17:57:02","guid":{"rendered":"https:\/\/www.pressenza.com\/?p=1173341"},"modified":"2020-08-05T18:57:02","modified_gmt":"2020-08-05T17:57:02","slug":"erfolg-bundeslaender-verbieten-lebendtierexporte","status":"publish","type":"post","link":"https:\/\/www.pressenza.com\/de\/2020\/08\/erfolg-bundeslaender-verbieten-lebendtierexporte\/","title":{"rendered":"Erfolg: Bundesl\u00e4nder verbieten Lebendtierexporte!"},"content":{"rendered":"<p>Nach und nach verbieten (fast) alle deutschen Bundesl\u00e4nder per Erlass Lebendtierexporte in Drittstaaten au\u00dferhalb der EU. Den Anfang machten vor einiger Zeit die L\u00e4nder <strong>Schleswig-Holstein, Bayern <\/strong>und <strong>Hessen<\/strong>. In den letzten Wochen folgten viele weitere Bundesl\u00e4nder, unter ihnen mit <strong>Niedersachsen <\/strong>und<strong> Brandenburg<\/strong> einige der Hauptumschlagpl\u00e4tze f\u00fcr Lebendtiertransporte in Drittl\u00e4nder.\u00a0PROVIEH begr\u00fc\u00dft die Verbote ausdr\u00fccklich.<\/p>\n<p>Seit langem kritisiert PROVIEH die Lebendtierexporte in Drittstaaten, auf denen teilweise sogar gegen europ\u00e4ische Gesetze versto\u00dfen wird: Die Tiere werden dabei \u00fcber den erlaubten Zeitraum hinaus transportiert und nur mangelhaft oder gar nicht versorgt, auch aufgrund fehlender Versorgungsstationen.\u00a0<strong>Die Tiere leiden auf den tagelangen Transporten unter extremen Temperaturen, Enge, Hunger, Angst und Durst.<\/strong><\/p>\n<p>Bereits seit Jahren k\u00e4mpft PROVIEH unter anderem auf politischer Ebene f\u00fcr Verbesserungen der Transportbedingungen. In Stellungnahmen und Briefen an verschiedene Abgeordnete und Institutionen dr\u00e4ngten wir\u00a0immer wieder auf einen Stopp der Transporte in Drittstaaten.\u00a0<strong>Jetzt tr\u00e4gt unsere Arbeit Fr\u00fcchte: Endlich verbieten die Bundesl\u00e4nder Lebendtierexporte. <\/strong>Der Flickenteppich, der f\u00fcr v\u00f6llig ungleiche Bedingungen bei der Abfertigung von Tiertransporten gesorgt hat, schlie\u00dft sich. Damit werden zumindest vor\u00fcbergehend die meisten der schlimmen Transporte verhindert.\u00a0Nun sollte ein bundeseinheitliches Gesetz folgen!<\/p>\n<div>\n<h3>Was in den vergangenen Wochen geschah:<\/h3>\n<p>PROVIEH hat nach Hinweisen, <strong>Brandenburg<\/strong> sei eine Drehscheibe f\u00fcr Lebendtierexporte, am 16. Juli 2020<strong>\u00a0<a href=\"http:\/\/provieh.de\/downloads_provieh\/200716_Lebendtiertransporte%20in%20Drittstaaten%20au%C3%9Ferhalb%20Europas%20beenden_Brief%20Staatssekret%C3%A4rin%20Heyer-Stuffer.pdf\" target=\"_blank\" rel=\"noopener noreferrer\">einen Brief\u00a0an die zust\u00e4ndige Staatssekret\u00e4rin<\/a>\u00a0<\/strong>Anna Heyer-Stuffer geschrieben. In diesem<a href=\"https:\/\/provieh.de\/downloads_provieh\/200716_Lebendtiertransporte%20in%20Drittstaaten%20au%C3%9Ferhalb%20Europas%20beenden_Brief%20Staatssekret%C3%A4rin%20Heyer-Stuffer.pdf\" target=\"_blank\" rel=\"noopener noreferrer\">\u00a0<\/a>erl\u00e4uterten wir zum wiederholten Mal, wie eklatant die Tierschutzverst\u00f6\u00dfe auf den Routen in Drittstaaten sind und baten Brandenburg ganz konkret um Offenlegung der Gegenma\u00dfnahmen.\u00a0PROVIEH forderte die Brandenburgische Landesregierung auf, Transporte nach und durch Russland genauso wie alle anderen Lebendtierexporte in Drittstaaten zu verbieten.<\/p>\n<p>Die starke mediale Aufmerksamkeit f\u00fcr das Thema erh\u00f6hte zudem den Druck auf die Politik. So berichtete der RBB \u00fcber Transporte aus Brandenburg, bei denen eklatante Tierschutzverst\u00f6\u00dfe nachgewiesen wurden. Die aufw\u00fchlende und aufsehenerregende Reportage mit dem Titel \u201eTiertransporte gnadenlos\u201c in der ARD deckte weitere Tierschutzverst\u00f6\u00dfe bei Lebendtiertransporten auf.\u00a0 Sie zeigte\u00a0einige Bundesl\u00e4nder &#8211; unter ihnen Brandenburg -, \u00fcber welche die Tiere, bis zu diesem Zeitpunkt noch legal, aus ganz Deutschland unter schlimmen Bedingungen ins Ausland transportiert wurden.\u00a0<strong>Ein skandal\u00f6ses Vorgehen der Exporteure!<\/strong>\u00a0Nach den Medienberichten und dem Schreiben von PROVIEH an die Staatssekret\u00e4rin Anna Heyer-Stuffer hat Brandenburg endlich einen Erlass herausgegeben:\u00a0<strong>Lebendtierexporte sind nun verboten!<\/strong>\u00a0Dies werten wir als gro\u00dfen Erfolg, da danach dominoartig in weiteren Bundesl\u00e4ndern per Erlass die Tiertransporte verboten wurden.<\/p>\n<\/div>\n<p><strong>Nordrhein-Westfalen\u00a0<\/strong>und<strong>\u00a0Niedersachsen<\/strong> gaben ebenfalls einen Erlass an die Veterin\u00e4r\u00e4mter heraus, keine Lebendtierexporte mehr zu genehmigen. F\u00fcr <strong>Rheinland-Pfalz<\/strong> haben wir noch einen Brief vorbereitet, sind aber gar nicht mehr dazu gekommen diesen auch abzuschicken \u2013 dort wurden Lebendtierexporte ebenfalls inzwischen verboten. Auch in <strong>Sachsen, Baden-W\u00fcrttemberg <\/strong>und<strong> Th\u00fcringen<\/strong> d\u00fcrfen aktuell keine Lebendtierexporte in Drittstaaten mehr abgefertigt werden. In <strong>NRW <\/strong>und<strong> Rheinland-Pfalz<\/strong> sind sogar noch weitergehende Ma\u00dfnahmen getroffen worden: Auch lange K\u00e4lbertransporte (\u00fcber acht Stunden) d\u00fcrfen von dort aus nicht mehr starten.\u00a0<strong>Eine \u00dcbersicht \u00fcber die Erlasse der Bundesl\u00e4nder finden\u00a0Sie unten in der Tabelle.<\/strong><\/p>\n<h3>Was tut sich sonst beim Thema Tiertransporte?<\/h3>\n<p><strong><u>Bundesebene<\/u><\/strong><br \/>\nDemn\u00e4chst wird die deutsche Tierschutztransportverordnung \u00fcberarbeitet. Dazu hatte die Bundesregierung PROVIEH bereits im Herbst 2019 um Stellungnahme gebeten, aber nur wenige unserer Vorschl\u00e4ge wurden zun\u00e4chst in den aktuellen Gesetzesvorschlag eingearbeitet. Da PROVIEH nun erneut um Stellungnahme gebeten wurde, haben wir im Juli 2020 mit dem B\u00fcndnis f\u00fcr Tierschutzpolitik unsere Forderungen zu Tiertransporten erg\u00e4nzt und noch ein zweites Mal nachdr\u00fccklich vertreten.<strong>\u00a0<\/strong><a href=\"https:\/\/provieh.de\/tiertransporte\/tierschutztransportverordnung\" target=\"_blank\" rel=\"noopener noreferrer\"><strong>Unsere Stellungnahme finden Sie hier<\/strong>.<\/a>\u00a0Wir pochen darauf, dass unsere Vorschl\u00e4ge umgesetzt werden und begleiten den Gesetzgebungsprozess weiter.<\/p>\n<p><strong><u>EU-Ebene<\/u><\/strong><br \/>\nAuch auf europ\u00e4ischer Ebene gibt es bereits einen Lichtblick: Das EU-Parlament hat im Juni 2020 erstmals in seiner Geschichte beschlossen<strong>\u00a0<a href=\"https:\/\/provieh.de\/eu-parlament\/untersuchungsausschuss-tiertransporte\" target=\"_blank\" rel=\"noopener noreferrer\">einen Untersuchungsausschuss<\/a><\/strong>\u00a0im Bereich des Tierschutzes\u00a0einzusetzen\u00a0und zwar\u00a0zum Thema Tiertransporte. Mit diesem f\u00fcr europ\u00e4ische Verh\u00e4ltnisse sehr starken Mittel sollen vermutete Verst\u00f6\u00dfe gegen die europ\u00e4ische Tiertransportverordnung 1\/2005 aufgekl\u00e4rt werden. Angedacht ist au\u00dferdem, die europ\u00e4ische Verordnung zu novellieren, um Bedingungen f\u00fcr Lebendtierexporte zu verbessern. Wir haben Bundeslandwirtschaftsministerin Julia Kl\u00f6ckner mehrmals aufgefordert die\u00a0deutsche EU-Ratspr\u00e4sidentschaft im Sinne des Tierschutzes\u00a0zu nutzen, unter anderem durch<strong>\u00a0<a href=\"https:\/\/provieh.de\/Forderungen\/EU-Ratspraesidentschaft\" target=\"_blank\" rel=\"noopener noreferrer\">dieses Forderungspapier<\/a><\/strong>\u00a0gemeinsam mit dem weiteren Tierschutzorganisationen.<\/p>\n<p><strong>In den letzten Wochen hat sich also einiges f\u00fcr die Tiere zum Positiven bewegt.<\/strong> PROVIEH freut sich \u00fcber die erreichten Erfolge und wir hoffen, dass sie von Dauer sind. Wir werden weiter sehr genau beobachten, wie mit Tiertransporten, insbesondere in Drittstaaten, verfahren wird. Auch die dringend notwendigen Novellierungen der Tierschutztransportverordnung werden wir weiter beobachten und gegebenenfalls mit Briefen, Stellungnahmen und gezielten Aktionen bei Abgeordneten und Institutionen intervenieren. PROVIEH setzt sich weiter aktiv f\u00fcr Verbesserungen der Tiertransportbedingungen sowie f\u00fcr die Abschaffung von Lebendtierexporten in Drittl\u00e4nder ein.<\/p>\n<hr \/>\n<h4>Erlasse der Bundesl\u00e4nder zu Tiertransporten<\/h4>\n<p>Stand: 03.08.2020<\/p>\n<p><img loading=\"lazy\" decoding=\"async\" class=\"aligncenter wp-image-1173346 size-full\" src=\"https:\/\/www.pressenza.com\/wp-content\/uploads\/2020\/08\/Tabelle-\u00dcbersicht-Erlasse_PROVIEH-03.08.2020.png\" alt=\"\" width=\"960\" height=\"1269\" srcset=\"https:\/\/www.pressenza.com\/wp-content\/uploads\/2020\/08\/Tabelle-\u00dcbersicht-Erlasse_PROVIEH-03.08.2020.png 960w, https:\/\/www.pressenza.com\/wp-content\/uploads\/2020\/08\/Tabelle-\u00dcbersicht-Erlasse_PROVIEH-03.08.2020-227x300.png 227w, https:\/\/www.pressenza.com\/wp-content\/uploads\/2020\/08\/Tabelle-\u00dcbersicht-Erlasse_PROVIEH-03.08.2020-720x952.png 720w, https:\/\/www.pressenza.com\/wp-content\/uploads\/2020\/08\/Tabelle-\u00dcbersicht-Erlasse_PROVIEH-03.08.2020-768x1015.png 768w\" sizes=\"auto, (max-width: 960px) 100vw, 960px\" \/><\/p>\n<p>&nbsp;<\/p>\n<p><a href=\"https:\/\/provieh.de\/stoppt-lebendtierexporte\" target=\"_blank\" rel=\"noopener noreferrer\"><strong>Weitere Informationen zur Kampagne\u00a0&#8222;Stoppt Lebendtierexporte!<\/strong><\/a><\/p>\n<p>&nbsp;<\/p>\n","protected":false},"excerpt":{"rendered":"<p>Nach und nach verbieten (fast) alle deutschen Bundesl\u00e4nder per Erlass Lebendtierexporte in Drittstaaten au\u00dferhalb der EU. Den Anfang machten vor einiger Zeit die L\u00e4nder Schleswig-Holstein, Bayern und Hessen. In den letzten Wochen folgten viele weitere Bundesl\u00e4nder, unter ihnen mit Niedersachsen&hellip;<\/p>\n","protected":false},"author":1097,"featured_media":1173356,"comment_status":"closed","ping_status":"closed","sticky":false,"template":"","format":"standard","meta":{"footnotes":""},"categories":[9150,9164,9157,9168,9145],"tags":[67639,48582,56671,35647,43419,30463,35645,31206,40229],"class_list":["post-1173341","post","type-post","status-publish","format-standard","has-post-thumbnail","hentry","category-europa-de","category-internationale-angelegenheiten","category-oekologie-und-umwelt","category-politik","category-pressemitteilungen","tag-stoplivetransport","tag-lebendtiertransporte","tag-lebenstierexporte","tag-nutztierindustrie","tag-provieh-e-v","tag-tiere","tag-tierleid","tag-tierrechte","tag-tiertransporte"],"yoast_head":"<!-- This site is optimized with the Yoast SEO plugin v27.1.1 - https:\/\/yoast.com\/product\/yoast-seo-wordpress\/ -->\n<title>Erfolg: Bundesl\u00e4nder verbieten Lebendtierexporte!<\/title>\n<meta name=\"description\" content=\"Nach und nach verbieten (fast) alle deutschen Bundesl\u00e4nder per Erlass Lebendtierexporte in Drittstaaten au\u00dferhalb der EU. Den Anfang machten vor einiger\" \/>\n<meta name=\"robots\" content=\"index, follow, max-snippet:-1, max-image-preview:large, max-video-preview:-1\" \/>\n<link rel=\"canonical\" href=\"https:\/\/www.pressenza.com\/de\/2020\/08\/erfolg-bundeslaender-verbieten-lebendtierexporte\/\" \/>\n<meta property=\"og:locale\" content=\"de_DE\" \/>\n<meta property=\"og:type\" content=\"article\" \/>\n<meta property=\"og:title\" content=\"Erfolg: Bundesl\u00e4nder verbieten Lebendtierexporte!\" \/>\n<meta property=\"og:description\" content=\"Nach und nach verbieten (fast) alle deutschen Bundesl\u00e4nder per Erlass Lebendtierexporte in Drittstaaten au\u00dferhalb der EU. Den Anfang machten vor einiger\" \/>\n<meta property=\"og:url\" content=\"https:\/\/www.pressenza.com\/de\/2020\/08\/erfolg-bundeslaender-verbieten-lebendtierexporte\/\" \/>\n<meta property=\"og:site_name\" content=\"Pressenza\" \/>\n<meta property=\"article:publisher\" content=\"https:\/\/www.facebook.com\/PressenzaItalia\" \/>\n<meta property=\"article:author\" content=\"https:\/\/www.facebook.com\/Pressenza-Deutschland-sterreich-Schweiz-281675388658060\/timeline\/\" \/>\n<meta property=\"article:published_time\" content=\"2020-08-05T17:57:02+00:00\" \/>\n<meta property=\"og:image\" content=\"https:\/\/www.pressenza.com\/wp-content\/uploads\/2020\/08\/Erfolg-Bundesl\u00e4nder-verbieten-Tiertransporte.jpg\" \/>\n\t<meta property=\"og:image:width\" content=\"1748\" \/>\n\t<meta property=\"og:image:height\" content=\"1240\" \/>\n\t<meta property=\"og:image:type\" content=\"image\/jpeg\" \/>\n<meta name=\"author\" content=\"Pressenza Muenchen\" \/>\n<meta name=\"twitter:card\" content=\"summary_large_image\" \/>\n<meta name=\"twitter:creator\" content=\"@pressenza_ger\" \/>\n<meta name=\"twitter:site\" content=\"@PressenzaIPA\" \/>\n<meta name=\"twitter:label1\" content=\"Verfasst von\" \/>\n\t<meta name=\"twitter:data1\" content=\"Pressenza Muenchen\" \/>\n\t<meta name=\"twitter:label2\" content=\"Gesch\u00e4tzte Lesezeit\" \/>\n\t<meta name=\"twitter:data2\" content=\"4\u00a0Minuten\" \/>\n<script type=\"application\/ld+json\" class=\"yoast-schema-graph\">{\"@context\":\"https:\/\/schema.org\",\"@graph\":[{\"@type\":\"Article\",\"@id\":\"https:\/\/www.pressenza.com\/de\/2020\/08\/erfolg-bundeslaender-verbieten-lebendtierexporte\/#article\",\"isPartOf\":{\"@id\":\"https:\/\/www.pressenza.com\/de\/2020\/08\/erfolg-bundeslaender-verbieten-lebendtierexporte\/\"},\"author\":{\"name\":\"Pressenza Muenchen\",\"@id\":\"https:\/\/www.pressenza.com\/de\/#\/schema\/person\/0069724cfb2cb9785368a167d0d900b7\"},\"headline\":\"Erfolg: Bundesl\u00e4nder verbieten Lebendtierexporte!\",\"datePublished\":\"2020-08-05T17:57:02+00:00\",\"mainEntityOfPage\":{\"@id\":\"https:\/\/www.pressenza.com\/de\/2020\/08\/erfolg-bundeslaender-verbieten-lebendtierexporte\/\"},\"wordCount\":819,\"publisher\":{\"@id\":\"https:\/\/www.pressenza.com\/de\/#organization\"},\"image\":{\"@id\":\"https:\/\/www.pressenza.com\/de\/2020\/08\/erfolg-bundeslaender-verbieten-lebendtierexporte\/#primaryimage\"},\"thumbnailUrl\":\"https:\/\/www.pressenza.com\/wp-content\/uploads\/2020\/08\/Erfolg-Bundesl\u00e4nder-verbieten-Tiertransporte.jpg\",\"keywords\":[\"#StopLiveTransport\",\"Lebendtiertransporte\",\"Lebenstierexporte\",\"Nutztierindustrie\",\"PROVIEH e.V.\",\"Tiere\",\"Tierleid\",\"Tierrechte\",\"Tiertransporte\"],\"articleSection\":[\"Europa\",\"Internationale Angelegenheiten\",\"\u00d6kologie und Umwelt\",\"Politik\",\"Pressemitteilungen\"],\"inLanguage\":\"de\"},{\"@type\":\"WebPage\",\"@id\":\"https:\/\/www.pressenza.com\/de\/2020\/08\/erfolg-bundeslaender-verbieten-lebendtierexporte\/\",\"url\":\"https:\/\/www.pressenza.com\/de\/2020\/08\/erfolg-bundeslaender-verbieten-lebendtierexporte\/\",\"name\":\"Erfolg: Bundesl\u00e4nder verbieten Lebendtierexporte!\",\"isPartOf\":{\"@id\":\"https:\/\/www.pressenza.com\/de\/#website\"},\"primaryImageOfPage\":{\"@id\":\"https:\/\/www.pressenza.com\/de\/2020\/08\/erfolg-bundeslaender-verbieten-lebendtierexporte\/#primaryimage\"},\"image\":{\"@id\":\"https:\/\/www.pressenza.com\/de\/2020\/08\/erfolg-bundeslaender-verbieten-lebendtierexporte\/#primaryimage\"},\"thumbnailUrl\":\"https:\/\/www.pressenza.com\/wp-content\/uploads\/2020\/08\/Erfolg-Bundesl\u00e4nder-verbieten-Tiertransporte.jpg\",\"datePublished\":\"2020-08-05T17:57:02+00:00\",\"description\":\"Nach und nach verbieten (fast) alle deutschen Bundesl\u00e4nder per Erlass Lebendtierexporte in Drittstaaten au\u00dferhalb der EU. Den Anfang machten vor einiger\",\"breadcrumb\":{\"@id\":\"https:\/\/www.pressenza.com\/de\/2020\/08\/erfolg-bundeslaender-verbieten-lebendtierexporte\/#breadcrumb\"},\"inLanguage\":\"de\",\"potentialAction\":[{\"@type\":\"ReadAction\",\"target\":[\"https:\/\/www.pressenza.com\/de\/2020\/08\/erfolg-bundeslaender-verbieten-lebendtierexporte\/\"]}]},{\"@type\":\"ImageObject\",\"inLanguage\":\"de\",\"@id\":\"https:\/\/www.pressenza.com\/de\/2020\/08\/erfolg-bundeslaender-verbieten-lebendtierexporte\/#primaryimage\",\"url\":\"https:\/\/www.pressenza.com\/wp-content\/uploads\/2020\/08\/Erfolg-Bundesl\u00e4nder-verbieten-Tiertransporte.jpg\",\"contentUrl\":\"https:\/\/www.pressenza.com\/wp-content\/uploads\/2020\/08\/Erfolg-Bundesl\u00e4nder-verbieten-Tiertransporte.jpg\",\"width\":1748,\"height\":1240,\"caption\":\"Erfolg: Bundesl\u00e4nder verbieten Lebendtierexporte!\"},{\"@type\":\"BreadcrumbList\",\"@id\":\"https:\/\/www.pressenza.com\/de\/2020\/08\/erfolg-bundeslaender-verbieten-lebendtierexporte\/#breadcrumb\",\"itemListElement\":[{\"@type\":\"ListItem\",\"position\":1,\"name\":\"Accueil\",\"item\":\"https:\/\/www.pressenza.com\/de\/\"},{\"@type\":\"ListItem\",\"position\":2,\"name\":\"Erfolg: Bundesl\u00e4nder verbieten Lebendtierexporte!\"}]},{\"@type\":\"WebSite\",\"@id\":\"https:\/\/www.pressenza.com\/de\/#website\",\"url\":\"https:\/\/www.pressenza.com\/de\/\",\"name\":\"Pressenza\",\"description\":\"International Press Agency\",\"publisher\":{\"@id\":\"https:\/\/www.pressenza.com\/de\/#organization\"},\"potentialAction\":[{\"@type\":\"SearchAction\",\"target\":{\"@type\":\"EntryPoint\",\"urlTemplate\":\"https:\/\/www.pressenza.com\/de\/?s={search_term_string}\"},\"query-input\":{\"@type\":\"PropertyValueSpecification\",\"valueRequired\":true,\"valueName\":\"search_term_string\"}}],\"inLanguage\":\"de\"},{\"@type\":\"Organization\",\"@id\":\"https:\/\/www.pressenza.com\/de\/#organization\",\"name\":\"Pressenza\",\"url\":\"https:\/\/www.pressenza.com\/de\/\",\"logo\":{\"@type\":\"ImageObject\",\"inLanguage\":\"de\",\"@id\":\"https:\/\/www.pressenza.com\/de\/#\/schema\/logo\/image\/\",\"url\":\"https:\/\/www.pressenza.com\/wp-content\/uploads\/2022\/10\/pressenza_logo_200x200.jpg\",\"contentUrl\":\"https:\/\/www.pressenza.com\/wp-content\/uploads\/2022\/10\/pressenza_logo_200x200.jpg\",\"width\":200,\"height\":200,\"caption\":\"Pressenza\"},\"image\":{\"@id\":\"https:\/\/www.pressenza.com\/de\/#\/schema\/logo\/image\/\"},\"sameAs\":[\"https:\/\/www.facebook.com\/PressenzaItalia\",\"https:\/\/x.com\/PressenzaIPA\"]},{\"@type\":\"Person\",\"@id\":\"https:\/\/www.pressenza.com\/de\/#\/schema\/person\/0069724cfb2cb9785368a167d0d900b7\",\"name\":\"Pressenza Muenchen\",\"description\":\"News from the Pressenza bureau in Munich, Germany\",\"sameAs\":[\"https:\/\/www.facebook.com\/Pressenza-Deutschland-sterreich-Schweiz-281675388658060\/timeline\/\",\"https:\/\/x.com\/pressenza_ger\"],\"url\":\"https:\/\/www.pressenza.com\/de\/author\/pressenza-muenchen\/\"}]}<\/script>\n<!-- \/ Yoast SEO plugin. -->","yoast_head_json":{"title":"Erfolg: Bundesl\u00e4nder verbieten Lebendtierexporte!","description":"Nach und nach verbieten (fast) alle deutschen Bundesl\u00e4nder per Erlass Lebendtierexporte in Drittstaaten au\u00dferhalb der EU. Den Anfang machten vor einiger","robots":{"index":"index","follow":"follow","max-snippet":"max-snippet:-1","max-image-preview":"max-image-preview:large","max-video-preview":"max-video-preview:-1"},"canonical":"https:\/\/www.pressenza.com\/de\/2020\/08\/erfolg-bundeslaender-verbieten-lebendtierexporte\/","og_locale":"de_DE","og_type":"article","og_title":"Erfolg: Bundesl\u00e4nder verbieten Lebendtierexporte!","og_description":"Nach und nach verbieten (fast) alle deutschen Bundesl\u00e4nder per Erlass Lebendtierexporte in Drittstaaten au\u00dferhalb der EU. Den Anfang machten vor einiger","og_url":"https:\/\/www.pressenza.com\/de\/2020\/08\/erfolg-bundeslaender-verbieten-lebendtierexporte\/","og_site_name":"Pressenza","article_publisher":"https:\/\/www.facebook.com\/PressenzaItalia","article_author":"https:\/\/www.facebook.com\/Pressenza-Deutschland-sterreich-Schweiz-281675388658060\/timeline\/","article_published_time":"2020-08-05T17:57:02+00:00","og_image":[{"width":1748,"height":1240,"url":"https:\/\/www.pressenza.com\/wp-content\/uploads\/2020\/08\/Erfolg-Bundesl\u00e4nder-verbieten-Tiertransporte.jpg","type":"image\/jpeg"}],"author":"Pressenza Muenchen","twitter_card":"summary_large_image","twitter_creator":"@pressenza_ger","twitter_site":"@PressenzaIPA","twitter_misc":{"Verfasst von":"Pressenza Muenchen","Gesch\u00e4tzte Lesezeit":"4\u00a0Minuten"},"schema":{"@context":"https:\/\/schema.org","@graph":[{"@type":"Article","@id":"https:\/\/www.pressenza.com\/de\/2020\/08\/erfolg-bundeslaender-verbieten-lebendtierexporte\/#article","isPartOf":{"@id":"https:\/\/www.pressenza.com\/de\/2020\/08\/erfolg-bundeslaender-verbieten-lebendtierexporte\/"},"author":{"name":"Pressenza Muenchen","@id":"https:\/\/www.pressenza.com\/de\/#\/schema\/person\/0069724cfb2cb9785368a167d0d900b7"},"headline":"Erfolg: Bundesl\u00e4nder verbieten Lebendtierexporte!","datePublished":"2020-08-05T17:57:02+00:00","mainEntityOfPage":{"@id":"https:\/\/www.pressenza.com\/de\/2020\/08\/erfolg-bundeslaender-verbieten-lebendtierexporte\/"},"wordCount":819,"publisher":{"@id":"https:\/\/www.pressenza.com\/de\/#organization"},"image":{"@id":"https:\/\/www.pressenza.com\/de\/2020\/08\/erfolg-bundeslaender-verbieten-lebendtierexporte\/#primaryimage"},"thumbnailUrl":"https:\/\/www.pressenza.com\/wp-content\/uploads\/2020\/08\/Erfolg-Bundesl\u00e4nder-verbieten-Tiertransporte.jpg","keywords":["#StopLiveTransport","Lebendtiertransporte","Lebenstierexporte","Nutztierindustrie","PROVIEH e.V.","Tiere","Tierleid","Tierrechte","Tiertransporte"],"articleSection":["Europa","Internationale Angelegenheiten","\u00d6kologie und Umwelt","Politik","Pressemitteilungen"],"inLanguage":"de"},{"@type":"WebPage","@id":"https:\/\/www.pressenza.com\/de\/2020\/08\/erfolg-bundeslaender-verbieten-lebendtierexporte\/","url":"https:\/\/www.pressenza.com\/de\/2020\/08\/erfolg-bundeslaender-verbieten-lebendtierexporte\/","name":"Erfolg: Bundesl\u00e4nder verbieten Lebendtierexporte!","isPartOf":{"@id":"https:\/\/www.pressenza.com\/de\/#website"},"primaryImageOfPage":{"@id":"https:\/\/www.pressenza.com\/de\/2020\/08\/erfolg-bundeslaender-verbieten-lebendtierexporte\/#primaryimage"},"image":{"@id":"https:\/\/www.pressenza.com\/de\/2020\/08\/erfolg-bundeslaender-verbieten-lebendtierexporte\/#primaryimage"},"thumbnailUrl":"https:\/\/www.pressenza.com\/wp-content\/uploads\/2020\/08\/Erfolg-Bundesl\u00e4nder-verbieten-Tiertransporte.jpg","datePublished":"2020-08-05T17:57:02+00:00","description":"Nach und nach verbieten (fast) alle deutschen Bundesl\u00e4nder per Erlass Lebendtierexporte in Drittstaaten au\u00dferhalb der EU. Den Anfang machten vor einiger","breadcrumb":{"@id":"https:\/\/www.pressenza.com\/de\/2020\/08\/erfolg-bundeslaender-verbieten-lebendtierexporte\/#breadcrumb"},"inLanguage":"de","potentialAction":[{"@type":"ReadAction","target":["https:\/\/www.pressenza.com\/de\/2020\/08\/erfolg-bundeslaender-verbieten-lebendtierexporte\/"]}]},{"@type":"ImageObject","inLanguage":"de","@id":"https:\/\/www.pressenza.com\/de\/2020\/08\/erfolg-bundeslaender-verbieten-lebendtierexporte\/#primaryimage","url":"https:\/\/www.pressenza.com\/wp-content\/uploads\/2020\/08\/Erfolg-Bundesl\u00e4nder-verbieten-Tiertransporte.jpg","contentUrl":"https:\/\/www.pressenza.com\/wp-content\/uploads\/2020\/08\/Erfolg-Bundesl\u00e4nder-verbieten-Tiertransporte.jpg","width":1748,"height":1240,"caption":"Erfolg: Bundesl\u00e4nder verbieten Lebendtierexporte!"},{"@type":"BreadcrumbList","@id":"https:\/\/www.pressenza.com\/de\/2020\/08\/erfolg-bundeslaender-verbieten-lebendtierexporte\/#breadcrumb","itemListElement":[{"@type":"ListItem","position":1,"name":"Accueil","item":"https:\/\/www.pressenza.com\/de\/"},{"@type":"ListItem","position":2,"name":"Erfolg: Bundesl\u00e4nder verbieten Lebendtierexporte!"}]},{"@type":"WebSite","@id":"https:\/\/www.pressenza.com\/de\/#website","url":"https:\/\/www.pressenza.com\/de\/","name":"Pressenza","description":"International Press Agency","publisher":{"@id":"https:\/\/www.pressenza.com\/de\/#organization"},"potentialAction":[{"@type":"SearchAction","target":{"@type":"EntryPoint","urlTemplate":"https:\/\/www.pressenza.com\/de\/?s={search_term_string}"},"query-input":{"@type":"PropertyValueSpecification","valueRequired":true,"valueName":"search_term_string"}}],"inLanguage":"de"},{"@type":"Organization","@id":"https:\/\/www.pressenza.com\/de\/#organization","name":"Pressenza","url":"https:\/\/www.pressenza.com\/de\/","logo":{"@type":"ImageObject","inLanguage":"de","@id":"https:\/\/www.pressenza.com\/de\/#\/schema\/logo\/image\/","url":"https:\/\/www.pressenza.com\/wp-content\/uploads\/2022\/10\/pressenza_logo_200x200.jpg","contentUrl":"https:\/\/www.pressenza.com\/wp-content\/uploads\/2022\/10\/pressenza_logo_200x200.jpg","width":200,"height":200,"caption":"Pressenza"},"image":{"@id":"https:\/\/www.pressenza.com\/de\/#\/schema\/logo\/image\/"},"sameAs":["https:\/\/www.facebook.com\/PressenzaItalia","https:\/\/x.com\/PressenzaIPA"]},{"@type":"Person","@id":"https:\/\/www.pressenza.com\/de\/#\/schema\/person\/0069724cfb2cb9785368a167d0d900b7","name":"Pressenza Muenchen","description":"News from the Pressenza bureau in Munich, Germany","sameAs":["https:\/\/www.facebook.com\/Pressenza-Deutschland-sterreich-Schweiz-281675388658060\/timeline\/","https:\/\/x.com\/pressenza_ger"],"url":"https:\/\/www.pressenza.com\/de\/author\/pressenza-muenchen\/"}]}},"place":"PROVIEH","original_article_url":"https:\/\/provieh.de\/erfolg\/bl-lebendtierexporte","_links":{"self":[{"href":"https:\/\/www.pressenza.com\/de\/wp-json\/wp\/v2\/posts\/1173341","targetHints":{"allow":["GET"]}}],"collection":[{"href":"https:\/\/www.pressenza.com\/de\/wp-json\/wp\/v2\/posts"}],"about":[{"href":"https:\/\/www.pressenza.com\/de\/wp-json\/wp\/v2\/types\/post"}],"author":[{"embeddable":true,"href":"https:\/\/www.pressenza.com\/de\/wp-json\/wp\/v2\/users\/1097"}],"replies":[{"embeddable":true,"href":"https:\/\/www.pressenza.com\/de\/wp-json\/wp\/v2\/comments?post=1173341"}],"version-history":[{"count":0,"href":"https:\/\/www.pressenza.com\/de\/wp-json\/wp\/v2\/posts\/1173341\/revisions"}],"wp:featuredmedia":[{"embeddable":true,"href":"https:\/\/www.pressenza.com\/de\/wp-json\/wp\/v2\/media\/1173356"}],"wp:attachment":[{"href":"https:\/\/www.pressenza.com\/de\/wp-json\/wp\/v2\/media?parent=1173341"}],"wp:term":[{"taxonomy":"category","embeddable":true,"href":"https:\/\/www.pressenza.com\/de\/wp-json\/wp\/v2\/categories?post=1173341"},{"taxonomy":"post_tag","embeddable":true,"href":"https:\/\/www.pressenza.com\/de\/wp-json\/wp\/v2\/tags?post=1173341"}],"curies":[{"name":"wp","href":"https:\/\/api.w.org\/{rel}","templated":true}]}}