{"id":1172933,"date":"2020-08-06T06:21:31","date_gmt":"2020-08-06T05:21:31","guid":{"rendered":"https:\/\/www.pressenza.com\/?p=1172933"},"modified":"2020-08-06T06:21:31","modified_gmt":"2020-08-06T05:21:31","slug":"corona-folgen-fuer-das-erdsystem","status":"publish","type":"post","link":"https:\/\/www.pressenza.com\/de\/2020\/08\/corona-folgen-fuer-das-erdsystem\/","title":{"rendered":"Corona-Folgen f\u00fcr das Erdsystem"},"content":{"rendered":"<p class=\"subheader\"><em><strong>COVID-19 wirkt sich unmittelbar auf die Gesundheit, die Wirtschaft und das soziale Wohlergehen in unserem pers\u00f6nlichen Leben aus. Doch die Folgen f\u00fcr das gesamte Erdsystem, insbesondere solche, die sich aus den weltweit verh\u00e4ngten Kontaktbeschr\u00e4nkungen ergeben, k\u00f6nnten sehr viel weitreichender und langwieriger sein. Dies wurde in einer heute erschienenen Ver\u00f6ffentlichung in Nature Reviews von einem internationalen Team von Geowissenschaftlern analysiert, darunter Markus Reichstein, Direktor am Max-Planck-Institut f\u00fcr Biogeochemie in Jena.<\/strong><\/em><\/p>\n<p>Die COVID-19-Krise beeintr\u00e4chtigt das Leben jedes Einzelnen. Zus\u00e4tzlich wirkt sie sich auf beispiellose Weise auf das gesamte Erdsystem aus und offenbart system-immanente Risiken unserer stark vernetzten Welt. Ein internationales Team von Geowissenschaftlern kommt zu dem Schluss, dass sowohl die unmittelbaren als auch die l\u00e4ngerfristigen Folgen von COVID-19 entlang von mindestens zwei Kaskaden auftreten k\u00f6nnen: Die erste umfasst Energie, Emissionen, Klima und Luftqualit\u00e4t, die zweite Kaskade betrifft Armut, Globalisierung, Ern\u00e4hrung und biologische Vielfalt.<\/p>\n<p>Unmittelbare COVID-19-Folgen ergeben sich haupts\u00e4chlich aus den reduzierten Aktivit\u00e4ten und Interaktionen der Menschen; l\u00e4nger anhaltende Folgen hingegen aus den kaskadenartigen Auswirkungen der wirtschaftlichen Rezession auf die globale Armut, gr\u00fcne Investitionen und menschliches Verhalten. Diese l\u00e4nger anhaltenden Effekte k\u00f6nnen sich drastisch von den kurzfristigen unterscheiden, selbst in deren Vorzeichen. W\u00e4hrend z.B. die CO2-Emissionen vor\u00fcbergehend leicht zur\u00fcckgegangen sind, k\u00f6nnen sie sp\u00e4ter entweder wieder steigen und sogar \u00fcber das Ziel hinausschie\u00dfen. Oder aber sie k\u00f6nnen in Zukunft langsamer wachsen als vor der COVID-19-Krise. \u201eDies wird auch davon abh\u00e4ngen, welche politischen Entscheidungen bez\u00fcglich der Kohledioxidemissionen der Energieproduktion nun getroffen werden&#8220;, erkl\u00e4rt Markus Reichstein, Direktor am Max-Planck-Institut f\u00fcr Biogeochemie in Jena. \u201eDaher ist es entscheidend dass klimafreundliche und nachhaltige Weichen in der Wirtschaftspolitik gestellt werden\u201c, so Reichstein weiter.<\/p>\n<p>Die Autoren des Berichts argumentieren weiterhin, dass Langzeitbeobachtungen der Atmosph\u00e4re, Hydrosph\u00e4re und Biosph\u00e4re von gr\u00f6\u00dfter Bedeutung sind, um die Reaktionen des Erdsystems auf COVID-19 zu verstehen. &#8222;Trotz der Tatsache, dass die Kontaktbeschr\u00e4nkung die Kontinuit\u00e4t von wissenschaftlichen Messreihen bedroht, d\u00fcrfen Langzeitbeobachtungen nicht eingestellt werden&#8220;, f\u00fcgt Reichstein hinzu.<\/p>\n<p>Am Max-Planck-Institut f\u00fcr Biogeochemie werden Kreisl\u00e4ufe grundlegender Ressourcen wie Wasser, Kohlenstoff, Stickstoff und Energie erforscht. Das Institut ist besonders bekannt f\u00fcr seine Langzeitmessungen von Treibhausgasen in Deutschland und an weltweit verstreuten Stationen, die dann in Budgetanalysen und die damit verbundenen Modelle einflie\u00dfen.<\/p>\n<p>Wenn man versteht, wie das Erdsystem auf COVID-19 reagiert, sollte es besser m\u00f6glich sein dieses globale Ereignis zu bew\u00e4ltigen und sich von ihm zu erholen. Die Autoren legen dar, wie mit diesem Wissen z.B. Brennpunkte von Umweltrisiken besser erkannt und damit bedrohte Regionen in der Katastrophenvorsorge unterst\u00fctzt werden k\u00f6nnen. Auch sollten die gewonnenen Erkenntnisse zu einer nachhaltigen wirtschaftlichen, sozialen und \u00f6kologischen Erholung beitragen.<\/p>\n<h5 class=\"subheader\">Dr. Eberhard Fritz <em>Presse- und \u00d6ffentlichkeitsarbeit<\/em><br \/>\n<a href=\"https:\/\/idw-online.de\/de\/institution1377\">Max-Planck-Institut f\u00fcr Biogeochemie<\/a><\/h5>\n<p><a href=\"https:\/\/idw-online.de\/de\/news751918\"><em>Originalver\u00f6ffentlichung<\/em><\/a><\/p>\n<hr \/>\n<h6>Wissenschaftliche Ansprechpartner:<\/h6>\n<h6>Prof. Dr. Markus Reichstein<br \/>\nGesch\u00e4ftsf\u00fchrender Direktor<br \/>\nMax-Planck-Institut f\u00fcr Biogeochemie, Jena<\/h6>\n<h6>Tel: +49 (0)3641 57 &#8211; 6200<br \/>\nEmail: mreichstein@bgc-jena.mpg.de<\/h6>\n","protected":false},"excerpt":{"rendered":"<p>COVID-19 wirkt sich unmittelbar auf die Gesundheit, die Wirtschaft und das soziale Wohlergehen in unserem pers\u00f6nlichen Leben aus. Doch die Folgen f\u00fcr das gesamte Erdsystem, insbesondere solche, die sich aus den weltweit verh\u00e4ngten Kontaktbeschr\u00e4nkungen ergeben, k\u00f6nnten sehr viel weitreichender und&hellip;<\/p>\n","protected":false},"author":1096,"featured_media":1172934,"comment_status":"closed","ping_status":"closed","sticky":false,"template":"","format":"standard","meta":{"footnotes":""},"categories":[9160,9157,9145,9158,9169],"tags":[72646,12373,33043,30244],"class_list":["post-1172933","post","type-post","status-publish","format-standard","has-post-thumbnail","hentry","category-gesundheit","category-oekologie-und-umwelt","category-pressemitteilungen","category-wirtschaft","category-wissenschaft-und-technologie","tag-covid-19-de","tag-emissionen","tag-max-planck-institut","tag-umwelt"],"yoast_head":"<!-- This site is optimized with the Yoast SEO plugin v27.1.1 - https:\/\/yoast.com\/product\/yoast-seo-wordpress\/ -->\n<title>Corona-Folgen f\u00fcr das Erdsystem<\/title>\n<meta name=\"description\" content=\"COVID-19 wirkt sich unmittelbar auf die Gesundheit, die Wirtschaft und das soziale Wohlergehen in unserem pers\u00f6nlichen Leben aus. Doch die Folgen f\u00fcr das\" \/>\n<meta name=\"robots\" content=\"index, follow, max-snippet:-1, max-image-preview:large, max-video-preview:-1\" \/>\n<link rel=\"canonical\" href=\"https:\/\/www.pressenza.com\/de\/2020\/08\/corona-folgen-fuer-das-erdsystem\/\" \/>\n<meta property=\"og:locale\" content=\"de_DE\" \/>\n<meta property=\"og:type\" content=\"article\" \/>\n<meta property=\"og:title\" content=\"Corona-Folgen f\u00fcr das Erdsystem\" \/>\n<meta property=\"og:description\" content=\"COVID-19 wirkt sich unmittelbar auf die Gesundheit, die Wirtschaft und das soziale Wohlergehen in unserem pers\u00f6nlichen Leben aus. Doch die Folgen f\u00fcr das\" \/>\n<meta property=\"og:url\" content=\"https:\/\/www.pressenza.com\/de\/2020\/08\/corona-folgen-fuer-das-erdsystem\/\" \/>\n<meta property=\"og:site_name\" content=\"Pressenza\" \/>\n<meta property=\"article:publisher\" content=\"https:\/\/www.facebook.com\/PressenzaItalia\" \/>\n<meta property=\"article:published_time\" content=\"2020-08-06T05:21:31+00:00\" \/>\n<meta property=\"og:image\" content=\"https:\/\/www.pressenza.com\/wp-content\/uploads\/2020\/08\/newsimage.v1.jpg\" \/>\n\t<meta property=\"og:image:width\" content=\"1920\" \/>\n\t<meta property=\"og:image:height\" content=\"1080\" \/>\n\t<meta property=\"og:image:type\" content=\"image\/jpeg\" \/>\n<meta name=\"author\" content=\"Pressenza Wien\" \/>\n<meta name=\"twitter:card\" content=\"summary_large_image\" \/>\n<meta name=\"twitter:creator\" content=\"@pressenza_ger\" \/>\n<meta name=\"twitter:site\" content=\"@PressenzaIPA\" \/>\n<meta name=\"twitter:label1\" content=\"Verfasst von\" \/>\n\t<meta name=\"twitter:data1\" content=\"Pressenza Wien\" \/>\n\t<meta name=\"twitter:label2\" content=\"Gesch\u00e4tzte Lesezeit\" \/>\n\t<meta name=\"twitter:data2\" content=\"3\u00a0Minuten\" \/>\n<script type=\"application\/ld+json\" class=\"yoast-schema-graph\">{\"@context\":\"https:\/\/schema.org\",\"@graph\":[{\"@type\":\"Article\",\"@id\":\"https:\/\/www.pressenza.com\/de\/2020\/08\/corona-folgen-fuer-das-erdsystem\/#article\",\"isPartOf\":{\"@id\":\"https:\/\/www.pressenza.com\/de\/2020\/08\/corona-folgen-fuer-das-erdsystem\/\"},\"author\":{\"name\":\"Pressenza Wien\",\"@id\":\"https:\/\/www.pressenza.com\/de\/#\/schema\/person\/3df859e5bf9b19ab936f666e0177e38b\"},\"headline\":\"Corona-Folgen f\u00fcr das Erdsystem\",\"datePublished\":\"2020-08-06T05:21:31+00:00\",\"mainEntityOfPage\":{\"@id\":\"https:\/\/www.pressenza.com\/de\/2020\/08\/corona-folgen-fuer-das-erdsystem\/\"},\"wordCount\":506,\"publisher\":{\"@id\":\"https:\/\/www.pressenza.com\/de\/#organization\"},\"image\":{\"@id\":\"https:\/\/www.pressenza.com\/de\/2020\/08\/corona-folgen-fuer-das-erdsystem\/#primaryimage\"},\"thumbnailUrl\":\"https:\/\/www.pressenza.com\/wp-content\/uploads\/2020\/08\/newsimage.v1.jpg\",\"keywords\":[\"COVID-19\",\"Emissionen\",\"Max Planck Institut\",\"Umwelt\"],\"articleSection\":[\"Gesundheit\",\"\u00d6kologie und Umwelt\",\"Pressemitteilungen\",\"Wirtschaft\",\"Wissenschaft und Technologie\"],\"inLanguage\":\"de\"},{\"@type\":\"WebPage\",\"@id\":\"https:\/\/www.pressenza.com\/de\/2020\/08\/corona-folgen-fuer-das-erdsystem\/\",\"url\":\"https:\/\/www.pressenza.com\/de\/2020\/08\/corona-folgen-fuer-das-erdsystem\/\",\"name\":\"Corona-Folgen f\u00fcr das Erdsystem\",\"isPartOf\":{\"@id\":\"https:\/\/www.pressenza.com\/de\/#website\"},\"primaryImageOfPage\":{\"@id\":\"https:\/\/www.pressenza.com\/de\/2020\/08\/corona-folgen-fuer-das-erdsystem\/#primaryimage\"},\"image\":{\"@id\":\"https:\/\/www.pressenza.com\/de\/2020\/08\/corona-folgen-fuer-das-erdsystem\/#primaryimage\"},\"thumbnailUrl\":\"https:\/\/www.pressenza.com\/wp-content\/uploads\/2020\/08\/newsimage.v1.jpg\",\"datePublished\":\"2020-08-06T05:21:31+00:00\",\"description\":\"COVID-19 wirkt sich unmittelbar auf die Gesundheit, die Wirtschaft und das soziale Wohlergehen in unserem pers\u00f6nlichen Leben aus. Doch die Folgen f\u00fcr das\",\"breadcrumb\":{\"@id\":\"https:\/\/www.pressenza.com\/de\/2020\/08\/corona-folgen-fuer-das-erdsystem\/#breadcrumb\"},\"inLanguage\":\"de\",\"potentialAction\":[{\"@type\":\"ReadAction\",\"target\":[\"https:\/\/www.pressenza.com\/de\/2020\/08\/corona-folgen-fuer-das-erdsystem\/\"]}]},{\"@type\":\"ImageObject\",\"inLanguage\":\"de\",\"@id\":\"https:\/\/www.pressenza.com\/de\/2020\/08\/corona-folgen-fuer-das-erdsystem\/#primaryimage\",\"url\":\"https:\/\/www.pressenza.com\/wp-content\/uploads\/2020\/08\/newsimage.v1.jpg\",\"contentUrl\":\"https:\/\/www.pressenza.com\/wp-content\/uploads\/2020\/08\/newsimage.v1.jpg\",\"width\":1920,\"height\":1080},{\"@type\":\"BreadcrumbList\",\"@id\":\"https:\/\/www.pressenza.com\/de\/2020\/08\/corona-folgen-fuer-das-erdsystem\/#breadcrumb\",\"itemListElement\":[{\"@type\":\"ListItem\",\"position\":1,\"name\":\"Accueil\",\"item\":\"https:\/\/www.pressenza.com\/de\/\"},{\"@type\":\"ListItem\",\"position\":2,\"name\":\"Corona-Folgen f\u00fcr das Erdsystem\"}]},{\"@type\":\"WebSite\",\"@id\":\"https:\/\/www.pressenza.com\/de\/#website\",\"url\":\"https:\/\/www.pressenza.com\/de\/\",\"name\":\"Pressenza\",\"description\":\"International Press Agency\",\"publisher\":{\"@id\":\"https:\/\/www.pressenza.com\/de\/#organization\"},\"potentialAction\":[{\"@type\":\"SearchAction\",\"target\":{\"@type\":\"EntryPoint\",\"urlTemplate\":\"https:\/\/www.pressenza.com\/de\/?s={search_term_string}\"},\"query-input\":{\"@type\":\"PropertyValueSpecification\",\"valueRequired\":true,\"valueName\":\"search_term_string\"}}],\"inLanguage\":\"de\"},{\"@type\":\"Organization\",\"@id\":\"https:\/\/www.pressenza.com\/de\/#organization\",\"name\":\"Pressenza\",\"url\":\"https:\/\/www.pressenza.com\/de\/\",\"logo\":{\"@type\":\"ImageObject\",\"inLanguage\":\"de\",\"@id\":\"https:\/\/www.pressenza.com\/de\/#\/schema\/logo\/image\/\",\"url\":\"https:\/\/www.pressenza.com\/wp-content\/uploads\/2022\/10\/pressenza_logo_200x200.jpg\",\"contentUrl\":\"https:\/\/www.pressenza.com\/wp-content\/uploads\/2022\/10\/pressenza_logo_200x200.jpg\",\"width\":200,\"height\":200,\"caption\":\"Pressenza\"},\"image\":{\"@id\":\"https:\/\/www.pressenza.com\/de\/#\/schema\/logo\/image\/\"},\"sameAs\":[\"https:\/\/www.facebook.com\/PressenzaItalia\",\"https:\/\/x.com\/PressenzaIPA\"]},{\"@type\":\"Person\",\"@id\":\"https:\/\/www.pressenza.com\/de\/#\/schema\/person\/3df859e5bf9b19ab936f666e0177e38b\",\"name\":\"Pressenza Wien\",\"description\":\"News from the Pressenza Bureau in Vienna, Austria\",\"sameAs\":[\"https:\/\/x.com\/pressenza_ger\"],\"url\":\"https:\/\/www.pressenza.com\/de\/author\/pressenza-wien\/\"}]}<\/script>\n<!-- \/ Yoast SEO plugin. -->","yoast_head_json":{"title":"Corona-Folgen f\u00fcr das Erdsystem","description":"COVID-19 wirkt sich unmittelbar auf die Gesundheit, die Wirtschaft und das soziale Wohlergehen in unserem pers\u00f6nlichen Leben aus. Doch die Folgen f\u00fcr das","robots":{"index":"index","follow":"follow","max-snippet":"max-snippet:-1","max-image-preview":"max-image-preview:large","max-video-preview":"max-video-preview:-1"},"canonical":"https:\/\/www.pressenza.com\/de\/2020\/08\/corona-folgen-fuer-das-erdsystem\/","og_locale":"de_DE","og_type":"article","og_title":"Corona-Folgen f\u00fcr das Erdsystem","og_description":"COVID-19 wirkt sich unmittelbar auf die Gesundheit, die Wirtschaft und das soziale Wohlergehen in unserem pers\u00f6nlichen Leben aus. Doch die Folgen f\u00fcr das","og_url":"https:\/\/www.pressenza.com\/de\/2020\/08\/corona-folgen-fuer-das-erdsystem\/","og_site_name":"Pressenza","article_publisher":"https:\/\/www.facebook.com\/PressenzaItalia","article_published_time":"2020-08-06T05:21:31+00:00","og_image":[{"width":1920,"height":1080,"url":"https:\/\/www.pressenza.com\/wp-content\/uploads\/2020\/08\/newsimage.v1.jpg","type":"image\/jpeg"}],"author":"Pressenza Wien","twitter_card":"summary_large_image","twitter_creator":"@pressenza_ger","twitter_site":"@PressenzaIPA","twitter_misc":{"Verfasst von":"Pressenza Wien","Gesch\u00e4tzte Lesezeit":"3\u00a0Minuten"},"schema":{"@context":"https:\/\/schema.org","@graph":[{"@type":"Article","@id":"https:\/\/www.pressenza.com\/de\/2020\/08\/corona-folgen-fuer-das-erdsystem\/#article","isPartOf":{"@id":"https:\/\/www.pressenza.com\/de\/2020\/08\/corona-folgen-fuer-das-erdsystem\/"},"author":{"name":"Pressenza Wien","@id":"https:\/\/www.pressenza.com\/de\/#\/schema\/person\/3df859e5bf9b19ab936f666e0177e38b"},"headline":"Corona-Folgen f\u00fcr das Erdsystem","datePublished":"2020-08-06T05:21:31+00:00","mainEntityOfPage":{"@id":"https:\/\/www.pressenza.com\/de\/2020\/08\/corona-folgen-fuer-das-erdsystem\/"},"wordCount":506,"publisher":{"@id":"https:\/\/www.pressenza.com\/de\/#organization"},"image":{"@id":"https:\/\/www.pressenza.com\/de\/2020\/08\/corona-folgen-fuer-das-erdsystem\/#primaryimage"},"thumbnailUrl":"https:\/\/www.pressenza.com\/wp-content\/uploads\/2020\/08\/newsimage.v1.jpg","keywords":["COVID-19","Emissionen","Max Planck Institut","Umwelt"],"articleSection":["Gesundheit","\u00d6kologie und Umwelt","Pressemitteilungen","Wirtschaft","Wissenschaft und Technologie"],"inLanguage":"de"},{"@type":"WebPage","@id":"https:\/\/www.pressenza.com\/de\/2020\/08\/corona-folgen-fuer-das-erdsystem\/","url":"https:\/\/www.pressenza.com\/de\/2020\/08\/corona-folgen-fuer-das-erdsystem\/","name":"Corona-Folgen f\u00fcr das Erdsystem","isPartOf":{"@id":"https:\/\/www.pressenza.com\/de\/#website"},"primaryImageOfPage":{"@id":"https:\/\/www.pressenza.com\/de\/2020\/08\/corona-folgen-fuer-das-erdsystem\/#primaryimage"},"image":{"@id":"https:\/\/www.pressenza.com\/de\/2020\/08\/corona-folgen-fuer-das-erdsystem\/#primaryimage"},"thumbnailUrl":"https:\/\/www.pressenza.com\/wp-content\/uploads\/2020\/08\/newsimage.v1.jpg","datePublished":"2020-08-06T05:21:31+00:00","description":"COVID-19 wirkt sich unmittelbar auf die Gesundheit, die Wirtschaft und das soziale Wohlergehen in unserem pers\u00f6nlichen Leben aus. Doch die Folgen f\u00fcr das","breadcrumb":{"@id":"https:\/\/www.pressenza.com\/de\/2020\/08\/corona-folgen-fuer-das-erdsystem\/#breadcrumb"},"inLanguage":"de","potentialAction":[{"@type":"ReadAction","target":["https:\/\/www.pressenza.com\/de\/2020\/08\/corona-folgen-fuer-das-erdsystem\/"]}]},{"@type":"ImageObject","inLanguage":"de","@id":"https:\/\/www.pressenza.com\/de\/2020\/08\/corona-folgen-fuer-das-erdsystem\/#primaryimage","url":"https:\/\/www.pressenza.com\/wp-content\/uploads\/2020\/08\/newsimage.v1.jpg","contentUrl":"https:\/\/www.pressenza.com\/wp-content\/uploads\/2020\/08\/newsimage.v1.jpg","width":1920,"height":1080},{"@type":"BreadcrumbList","@id":"https:\/\/www.pressenza.com\/de\/2020\/08\/corona-folgen-fuer-das-erdsystem\/#breadcrumb","itemListElement":[{"@type":"ListItem","position":1,"name":"Accueil","item":"https:\/\/www.pressenza.com\/de\/"},{"@type":"ListItem","position":2,"name":"Corona-Folgen f\u00fcr das Erdsystem"}]},{"@type":"WebSite","@id":"https:\/\/www.pressenza.com\/de\/#website","url":"https:\/\/www.pressenza.com\/de\/","name":"Pressenza","description":"International Press Agency","publisher":{"@id":"https:\/\/www.pressenza.com\/de\/#organization"},"potentialAction":[{"@type":"SearchAction","target":{"@type":"EntryPoint","urlTemplate":"https:\/\/www.pressenza.com\/de\/?s={search_term_string}"},"query-input":{"@type":"PropertyValueSpecification","valueRequired":true,"valueName":"search_term_string"}}],"inLanguage":"de"},{"@type":"Organization","@id":"https:\/\/www.pressenza.com\/de\/#organization","name":"Pressenza","url":"https:\/\/www.pressenza.com\/de\/","logo":{"@type":"ImageObject","inLanguage":"de","@id":"https:\/\/www.pressenza.com\/de\/#\/schema\/logo\/image\/","url":"https:\/\/www.pressenza.com\/wp-content\/uploads\/2022\/10\/pressenza_logo_200x200.jpg","contentUrl":"https:\/\/www.pressenza.com\/wp-content\/uploads\/2022\/10\/pressenza_logo_200x200.jpg","width":200,"height":200,"caption":"Pressenza"},"image":{"@id":"https:\/\/www.pressenza.com\/de\/#\/schema\/logo\/image\/"},"sameAs":["https:\/\/www.facebook.com\/PressenzaItalia","https:\/\/x.com\/PressenzaIPA"]},{"@type":"Person","@id":"https:\/\/www.pressenza.com\/de\/#\/schema\/person\/3df859e5bf9b19ab936f666e0177e38b","name":"Pressenza Wien","description":"News from the Pressenza Bureau in Vienna, Austria","sameAs":["https:\/\/x.com\/pressenza_ger"],"url":"https:\/\/www.pressenza.com\/de\/author\/pressenza-wien\/"}]}},"place":"idw","original_article_url":"","_links":{"self":[{"href":"https:\/\/www.pressenza.com\/de\/wp-json\/wp\/v2\/posts\/1172933","targetHints":{"allow":["GET"]}}],"collection":[{"href":"https:\/\/www.pressenza.com\/de\/wp-json\/wp\/v2\/posts"}],"about":[{"href":"https:\/\/www.pressenza.com\/de\/wp-json\/wp\/v2\/types\/post"}],"author":[{"embeddable":true,"href":"https:\/\/www.pressenza.com\/de\/wp-json\/wp\/v2\/users\/1096"}],"replies":[{"embeddable":true,"href":"https:\/\/www.pressenza.com\/de\/wp-json\/wp\/v2\/comments?post=1172933"}],"version-history":[{"count":0,"href":"https:\/\/www.pressenza.com\/de\/wp-json\/wp\/v2\/posts\/1172933\/revisions"}],"wp:featuredmedia":[{"embeddable":true,"href":"https:\/\/www.pressenza.com\/de\/wp-json\/wp\/v2\/media\/1172934"}],"wp:attachment":[{"href":"https:\/\/www.pressenza.com\/de\/wp-json\/wp\/v2\/media?parent=1172933"}],"wp:term":[{"taxonomy":"category","embeddable":true,"href":"https:\/\/www.pressenza.com\/de\/wp-json\/wp\/v2\/categories?post=1172933"},{"taxonomy":"post_tag","embeddable":true,"href":"https:\/\/www.pressenza.com\/de\/wp-json\/wp\/v2\/tags?post=1172933"}],"curies":[{"name":"wp","href":"https:\/\/api.w.org\/{rel}","templated":true}]}}