{"id":1165080,"date":"2020-07-23T07:37:31","date_gmt":"2020-07-23T06:37:31","guid":{"rendered":"https:\/\/www.pressenza.com\/?p=1165080"},"modified":"2020-07-23T07:37:31","modified_gmt":"2020-07-23T06:37:31","slug":"global-e-waste-monitor-schon-wieder-mehr-elektroschrott","status":"publish","type":"post","link":"https:\/\/www.pressenza.com\/de\/2020\/07\/global-e-waste-monitor-schon-wieder-mehr-elektroschrott\/","title":{"rendered":"Global E-Waste Monitor: Schon wieder mehr Elektroschrott"},"content":{"rendered":"<p><strong>Die Welt produziert immer mehr Elektrom\u00fcll, vor allem in reichen L\u00e4ndern. Die pro Kopf gr\u00f6sste Menge f\u00e4llt in Europa an.<\/strong><\/p>\n<p><em>Daniela Gschweng f\u00fcr die Online-Zeitung <a href=\"https:\/\/www.infosperber.ch\/Artikel\/Umwelt\/Schon-wieder-mehr-Elektroschrott\">INFOsperber<\/a><\/em><\/p>\n<div class=\"content\">\n<p class=\"paragraph\">Der Konsum von Elektronik ist Notwendigkeit und Statussymbol. Der K\u00fchlschrank ist wie Herd und Handy im Alltag unverzichtbar. Alle ein bis zwei Jahre geht das Handy kaputt und muss entsorgt werden. In den letzten f\u00fcnf Jahren wuchs der globale E-M\u00fcll-Berg um insgesamt ein F\u00fcnftel oder fast ein Kilogramm pro Kopf, listet der \u00ab<a href=\"https:\/\/publications.globalewaste.org\/v1\/file\/271\/The-Global-E-waste-Monitor-2020-Quantities-flows-and-the-circular-economy-potential.pdf\" target=\"_blank\" rel=\"noopener noreferrer\">Global E-Waste Monitor 2020<\/a>\u00bb auf: Das sind viele Handys, K\u00fchlschr\u00e4nke und Herde und es ist der bisherige Rekord. Weltweit werden jedes Jahr 2,5 Millionen Tonnen mehr Elektroger\u00e4te gekauft als im Jahr davor, Solarpanele nicht mit eingerechnet.<\/p>\n<p class=\"paragraph\">Ger\u00e4te, die immer noch gr\u00f6sstenteils im M\u00fcll landen. 2019 wurden weltweit 54 Millionen Tonnen Elektrom\u00fcll weggeworfen, 7,3 Kilogramm pro Kopf und 9 Millionen Tonnen mehr als bei der letzten Z\u00e4hlung 2014. Nur ein kleiner Teil wird recycelt. Setzt sich diese Entwicklung fort, wird die Menschheit bis 2030 auf j\u00e4hrlich 74,7 Millionen Tonnen alten Elektroger\u00e4ten sitzen, sch\u00e4tzen die Autoren der Studie.<\/p>\n<p class=\"paragraph\"><img decoding=\"async\" src=\"https:\/\/www.infosperber.ch\/data\/attachements\/ewaste%20pc%20und%20pa%202019.JPG\" alt=\"\" width=\"100%\" \/><\/p>\n<p class=\"paragraph\"><em>Europa wirft am meisten Elektrom\u00fcll weg. In absoluten Zahlen ist Asien f\u00fchrend (\u00ab<a href=\"https:\/\/publications.globalewaste.org\/v1\/file\/271\/The-Global-E-waste-Monitor-2020-Quantities-flows-and-the-circular-economy-potential.pdf\" target=\"_blank\" rel=\"noopener noreferrer\">Global E-Waste Monitor 2020<\/a>\u00bb)<\/em><\/p>\n<p class=\"paragraph\">Steigender Wohlstand, Urbanisierung, die fortschreitende Industrialisierung \u00e4rmerer L\u00e4nder sowie wachsende Mobilit\u00e4t verlangen nach immer mehr Gadgets. Konsumentinnen und Konsumenten kaufen nicht nur mehr von dem, was blinkt, k\u00fchlt, piepst und sendet, es wird auch f\u00fcr immer k\u00fcrzere Zeit genutzt. Der Lebenszyklus innovativer Produkte wie \u00absmarter\u00bb Kleidungsst\u00fccke ist relativ kurz, Kleinelektronik wie die elektrische Zahnb\u00fcrste landen zu oft im Eimer.<\/p>\n<p class=\"paragraph\">Einwohner von L\u00e4ndern mit hohem Durchschnittseinkommen besitzen erwartungsgem\u00e4ss deutlich mehr von allem, was Batterie oder Stecker hat. Den gr\u00f6ssten Durchlauf hat dabei Europa, wo ganze 16,2 Kilogramm Elektroschrott pro Kopf und Jahr anfallen, in der Schweiz sogar satte 23,3 Kilogramm pro Kopf und Jahr. In absoluten Mengen ist Asien f\u00fchrend, gefolgt von Amerika.<\/p>\n<p class=\"paragraph\">Viele Ger\u00e4te kann selbst der Fachmann kaum reparieren, lohnend ist es ohnehin nicht. Oft l\u00e4sst sich nicht einmal der Akku austauschen, weil ein Ger\u00e4t sich nicht \u00f6ffnen l\u00e4sst. Oder es werden bewusst Bauteile von schlechter Qualit\u00e4t verwendet, die schnell den Geist aufgeben. \u00abPlanned Obsolescence\u00bb nennt sich das. Die Hersteller bestreiten, dabei vors\u00e4tzlich vorzugehen.<\/p>\n<p class=\"section8\"><strong>Recycling w\u00e4chst langsamer als die Produktion<\/strong><\/p>\n<p class=\"paragraph\">Gerade einmal 17,4 Prozent des weltweit anfallenden Elektrom\u00fclls wurden letztes Jahr recycelt, listet der Report auf. Die recycelten Mengen sind seit 2014 zwar leicht angestiegen, mit dem Wachstum des globalen Marktes kann Recycling aber nicht Schritt halten. Das heisst, die Recycling-Quote ist gesunken. Unter dem Strich landen also immer mehr Elektroger\u00e4te \u2013 ja, wo eigentlich?<\/p>\n<p class=\"paragraph\">Acht Prozent gebrauchter Elektronik wird nachvollziehbar im Restm\u00fcll entsorgt und anschliessend verbrannt oder deponiert. Sch\u00e4tzungsweise 7 bis 20 Prozent werden legal oder illegal in weniger verm\u00f6gende L\u00e4nder exportiert. Von mehr als der H\u00e4lfte fehlt jede Spur. Verschwunden sind sie wom\u00f6glich in anderen M\u00fcllstr\u00f6men oder in der informellen Wiederverwertung (oder von der Mafia heimlich im Meer versenkt.<em> Anm. der Red.<\/em>)<\/p>\n<p class=\"paragraph\">In infrastrukturarmen L\u00e4ndern wird Elektroschrott von Hand vom M\u00fcll getrennt. Oft nicht nur der eigene, sondern auch der importierte. Die nicht dokumentierte Recyclingquote ist nach Sch\u00e4tzung der Autoren relativ hoch. Die meist armen M\u00fcllverwerter in Afrika und Asien arbeiten oft mit Methoden, die f\u00fcr Sammler und Aufbereiter gesundheitssch\u00e4dlich sind. Etwa, weil sie Gase einatmen, die beim Schmelzen oder Verbrennen von M\u00fcll entstehen. Die offizielle Recycling-Quote in Afrika ist niedriger als ein Prozent.<\/p>\n<p class=\"paragraph\"><img decoding=\"async\" src=\"https:\/\/www.infosperber.ch\/data\/attachements\/ewaste%20and%20recycling%20CH%202019.JPG\" alt=\"\" width=\"100%\" \/><\/p>\n<p class=\"paragraph\"><em>In der Schweiz wird ein sehr grosser Anteil gebrauchter Elektroger\u00e4te wieder eingesammelt. (Daten: OECD 2017, Visualisierung: <a href=\"https:\/\/globalewaste.org\/statistics\/country\/switzerland\/2019\/\" target=\"_blank\" rel=\"noopener noreferrer\">Global E-Waste<\/a>)<\/em><\/p>\n<p class=\"paragraph\">Europ\u00e4erinnen und Europ\u00e4er verursachen pro Kopf nicht nur den meisten Elektronikschrott, sie sind nach best\u00e4tigten Zahlen auch E-Recycling-Weltmeister. Durchschnittlich 43 Prozent des europ\u00e4ischen E-M\u00fclls werden wieder eingesammelt, in der Schweiz waren es nach OECD-Daten von 2017 sogar 63 Prozent. Swiss Recycling sch\u00e4tzt die R\u00fcckgabequote auf 95 Prozent. Wobei \u00abEinsammeln\u00bb nicht das Gleiche ist wie \u00abWiederverwerten\u00bb. Ein Teil dieses M\u00fclls wird dennoch verbrannt oder exportiert.<\/p>\n<p class=\"section15\"><strong>Gefahr und Goldgrube <\/strong><\/p>\n<p class=\"paragraph\">Elektroschrott enth\u00e4lt nicht nur Silizium und Plastik, sondern auch Eisen, Gold, Silber, Kupfer, Platin sowie seltene Stoffe wie Lithium und Kobalt. Laut \u00ab<a href=\"https:\/\/www.planet-wissen.de\/technik\/werkstoffe\/metallrohstoffe\/pwierohstoffelektroschrott100.html\" target=\"_blank\" rel=\"noopener noreferrer\">Planet Wissen<\/a>\u00bb sind vor allem weggeworfene Handys eine Goldgrube. Eine Tonne Handyschrott enth\u00e4lt 240 Gramm Gold, zweieinhalb Kilogramm Silber, 92 Gramm Palladium, 92 Kilogramm Kupfer und 38 Kilogramm Kobalt mit einem Gesamtwert von rund 10&#8217;000 Euro.<\/p>\n<p class=\"paragraph\">Weltweit wurden im vergangenen Jahr Rohmaterialien im Wert von 57 Milliarden US-Dollar einfach weggeworfen. Den gr\u00f6ssten Anteil an diesem Wert hatten Eisen, Gold und Kupfer. Selbst die niedrige Recycling-Quote von 17 Prozent rettete Sekund\u00e4rrohstoffe im Wert von 10 Milliarden Dollar.<\/p>\n<p class=\"paragraph\">Weggeworfene Toaster, Lampen, Kabel und K\u00fchlschr\u00e4nke enthalten neben Wertstoffen aber auch giftige oder umweltsch\u00e4dliche Bestandteile wie Flammschutzmittel, Quecksilber, Cadmium und FCKW. Diese landen im schlimmsten Fall in Luft, Gew\u00e4ssern und Boden und verursachen Gesundheitssch\u00e4den.<\/p>\n<p class=\"section18\"><strong>Die Gesetzeslage bessert sich<\/strong><\/p>\n<p class=\"paragraph\">Um wertvolle Inhaltstoffe wiederzugewinnen und giftige unsch\u00e4dlich zu machen, braucht es nicht nur ein funktionierendes Recyclingsystem, sondern auch Gesetze. In dieser Hinsicht hat sich in den letzten Jahren viel getan. 71 Prozent der Weltbev\u00f6lkerung leben in einem Land, in dem es eine grundlegende E-Abfallpolitik gibt, 2014 waren es nur 44 Prozent. Mehr als die H\u00e4lfte aller L\u00e4nder hat aber noch immer keine politischen Instrumente, um mit Elektroschrott vern\u00fcnftiger umzugehen.<\/p>\n<p class=\"paragraph\">Das Schweizer System der vorgezogenen Recycling-Geb\u00fchr gilt als vorbildlich. Dennoch w\u00e4re es sinnvoll, auch an anderer Stelle anzusetzen, wenn wir nicht in einigen Jahren an Elektroschrott ersticken wollen. Laut R\u00fcdiger K\u00fchr, stellvertretender Rektor der <em>United Nations University Europe<\/em> und einer der Autoren der Studie, ist es h\u00f6chste Zeit f\u00fcr ein Umdenken, wie es beim Plastikm\u00fcll bereits begonnen hat. Sonst laufe man fr\u00fcher oder sp\u00e4ter auf \u00abeine ganz grosse Krise\u00bb zu, sagte er zur \u00ab<a href=\"https:\/\/www.zeit.de\/wissen\/umwelt\/2020-07\/elektroschrott-zunahme-un-bericht-umweltschutz\" target=\"_blank\" rel=\"noopener noreferrer\">Zeit<\/a>\u00bb.<\/p>\n<p class=\"paragraph\">International diskutiert, um den Verbrauch von Elektronik nachhaltiger zu machen, werden beispielsweise Gesetze zur besseren Reparierbarkeit, zu l\u00e4ngerer Lebensdauer sowie zur Anpassung der Ger\u00e4tefertigung. Bestandteile von Elektroger\u00e4ten sollen besser voneinander getrennt werden k\u00f6nnen, im Idealfall sogar modular austauschbar sein.<\/p>\n<p class=\"paragraph\">Die Vereinten Nationen verlangten schon vor f\u00fcnf Jahren, dass reiche L\u00e4nder vermehrt gegen illegale M\u00fcllexporte vorgehen sollen. So mancher kaputte Fernseher wird als \u00abGebrauchtger\u00e4t\u00bb nach Afrika verschifft und vergiftet dort Mensch und Umwelt. Das haben Recherchen mit GPS-Sendern mehrfach bewiesen.<\/p>\n<\/div>\n","protected":false},"excerpt":{"rendered":"<p>Die Welt produziert immer mehr Elektrom\u00fcll, vor allem in reichen L\u00e4ndern. Die pro Kopf gr\u00f6sste Menge f\u00e4llt in Europa an. Daniela Gschweng f\u00fcr die Online-Zeitung INFOsperber Der Konsum von Elektronik ist Notwendigkeit und Statussymbol. Der K\u00fchlschrank ist wie Herd und&hellip;<\/p>\n","protected":false},"author":1855,"featured_media":1165082,"comment_status":"closed","ping_status":"closed","sticky":false,"template":"","format":"standard","meta":{"footnotes":""},"categories":[9160,9157,9168],"tags":[79196,77646,63004],"class_list":["post-1165080","post","type-post","status-publish","format-standard","has-post-thumbnail","hentry","category-gesundheit","category-oekologie-und-umwelt","category-politik","tag-elektromuell","tag-konsum","tag-recycling-de"],"yoast_head":"<!-- This site is optimized with the Yoast SEO plugin v27.1.1 - https:\/\/yoast.com\/product\/yoast-seo-wordpress\/ -->\n<title>Global E-Waste Monitor: Schon wieder mehr Elektroschrott<\/title>\n<meta name=\"description\" content=\"Die Welt produziert immer mehr Elektrom\u00fcll, vor allem in reichen L\u00e4ndern. Die pro Kopf gr\u00f6sste Menge f\u00e4llt in Europa an. Daniela Gschweng f\u00fcr die\" \/>\n<meta name=\"robots\" content=\"index, follow, max-snippet:-1, max-image-preview:large, max-video-preview:-1\" \/>\n<link rel=\"canonical\" href=\"https:\/\/www.pressenza.com\/de\/2020\/07\/global-e-waste-monitor-schon-wieder-mehr-elektroschrott\/\" \/>\n<meta property=\"og:locale\" content=\"de_DE\" \/>\n<meta property=\"og:type\" content=\"article\" \/>\n<meta property=\"og:title\" content=\"Global E-Waste Monitor: Schon wieder mehr Elektroschrott\" \/>\n<meta property=\"og:description\" content=\"Die Welt produziert immer mehr Elektrom\u00fcll, vor allem in reichen L\u00e4ndern. Die pro Kopf gr\u00f6sste Menge f\u00e4llt in Europa an. Daniela Gschweng f\u00fcr die\" \/>\n<meta property=\"og:url\" content=\"https:\/\/www.pressenza.com\/de\/2020\/07\/global-e-waste-monitor-schon-wieder-mehr-elektroschrott\/\" \/>\n<meta property=\"og:site_name\" content=\"Pressenza\" \/>\n<meta property=\"article:publisher\" content=\"https:\/\/www.facebook.com\/PressenzaItalia\" \/>\n<meta property=\"article:published_time\" content=\"2020-07-23T06:37:31+00:00\" \/>\n<meta property=\"og:image\" content=\"https:\/\/www.pressenza.com\/wp-content\/uploads\/2020\/07\/FotoJet.jpg\" \/>\n\t<meta property=\"og:image:width\" content=\"1920\" \/>\n\t<meta property=\"og:image:height\" content=\"958\" \/>\n\t<meta property=\"og:image:type\" content=\"image\/jpeg\" \/>\n<meta name=\"author\" content=\"INFOsperber\" \/>\n<meta name=\"twitter:card\" content=\"summary_large_image\" \/>\n<meta name=\"twitter:creator\" content=\"@PressenzaIPA\" \/>\n<meta name=\"twitter:site\" content=\"@PressenzaIPA\" \/>\n<meta name=\"twitter:label1\" content=\"Verfasst von\" \/>\n\t<meta name=\"twitter:data1\" content=\"INFOsperber\" \/>\n\t<meta name=\"twitter:label2\" content=\"Gesch\u00e4tzte Lesezeit\" \/>\n\t<meta name=\"twitter:data2\" content=\"5\u00a0Minuten\" \/>\n<script type=\"application\/ld+json\" class=\"yoast-schema-graph\">{\"@context\":\"https:\/\/schema.org\",\"@graph\":[{\"@type\":\"Article\",\"@id\":\"https:\/\/www.pressenza.com\/de\/2020\/07\/global-e-waste-monitor-schon-wieder-mehr-elektroschrott\/#article\",\"isPartOf\":{\"@id\":\"https:\/\/www.pressenza.com\/de\/2020\/07\/global-e-waste-monitor-schon-wieder-mehr-elektroschrott\/\"},\"author\":{\"name\":\"INFOsperber\",\"@id\":\"https:\/\/www.pressenza.com\/de\/#\/schema\/person\/77735f6583e3041b31ebc7b93a284357\"},\"headline\":\"Global E-Waste Monitor: Schon wieder mehr Elektroschrott\",\"datePublished\":\"2020-07-23T06:37:31+00:00\",\"mainEntityOfPage\":{\"@id\":\"https:\/\/www.pressenza.com\/de\/2020\/07\/global-e-waste-monitor-schon-wieder-mehr-elektroschrott\/\"},\"wordCount\":1061,\"publisher\":{\"@id\":\"https:\/\/www.pressenza.com\/de\/#organization\"},\"image\":{\"@id\":\"https:\/\/www.pressenza.com\/de\/2020\/07\/global-e-waste-monitor-schon-wieder-mehr-elektroschrott\/#primaryimage\"},\"thumbnailUrl\":\"https:\/\/www.pressenza.com\/wp-content\/uploads\/2020\/07\/FotoJet.jpg\",\"keywords\":[\"Elektrom\u00fcll\",\"Konsum\",\"Recycling\"],\"articleSection\":[\"Gesundheit\",\"\u00d6kologie und Umwelt\",\"Politik\"],\"inLanguage\":\"de\"},{\"@type\":\"WebPage\",\"@id\":\"https:\/\/www.pressenza.com\/de\/2020\/07\/global-e-waste-monitor-schon-wieder-mehr-elektroschrott\/\",\"url\":\"https:\/\/www.pressenza.com\/de\/2020\/07\/global-e-waste-monitor-schon-wieder-mehr-elektroschrott\/\",\"name\":\"Global E-Waste Monitor: Schon wieder mehr Elektroschrott\",\"isPartOf\":{\"@id\":\"https:\/\/www.pressenza.com\/de\/#website\"},\"primaryImageOfPage\":{\"@id\":\"https:\/\/www.pressenza.com\/de\/2020\/07\/global-e-waste-monitor-schon-wieder-mehr-elektroschrott\/#primaryimage\"},\"image\":{\"@id\":\"https:\/\/www.pressenza.com\/de\/2020\/07\/global-e-waste-monitor-schon-wieder-mehr-elektroschrott\/#primaryimage\"},\"thumbnailUrl\":\"https:\/\/www.pressenza.com\/wp-content\/uploads\/2020\/07\/FotoJet.jpg\",\"datePublished\":\"2020-07-23T06:37:31+00:00\",\"description\":\"Die Welt produziert immer mehr Elektrom\u00fcll, vor allem in reichen L\u00e4ndern. Die pro Kopf gr\u00f6sste Menge f\u00e4llt in Europa an. Daniela Gschweng f\u00fcr die\",\"breadcrumb\":{\"@id\":\"https:\/\/www.pressenza.com\/de\/2020\/07\/global-e-waste-monitor-schon-wieder-mehr-elektroschrott\/#breadcrumb\"},\"inLanguage\":\"de\",\"potentialAction\":[{\"@type\":\"ReadAction\",\"target\":[\"https:\/\/www.pressenza.com\/de\/2020\/07\/global-e-waste-monitor-schon-wieder-mehr-elektroschrott\/\"]}]},{\"@type\":\"ImageObject\",\"inLanguage\":\"de\",\"@id\":\"https:\/\/www.pressenza.com\/de\/2020\/07\/global-e-waste-monitor-schon-wieder-mehr-elektroschrott\/#primaryimage\",\"url\":\"https:\/\/www.pressenza.com\/wp-content\/uploads\/2020\/07\/FotoJet.jpg\",\"contentUrl\":\"https:\/\/www.pressenza.com\/wp-content\/uploads\/2020\/07\/FotoJet.jpg\",\"width\":1920,\"height\":958},{\"@type\":\"BreadcrumbList\",\"@id\":\"https:\/\/www.pressenza.com\/de\/2020\/07\/global-e-waste-monitor-schon-wieder-mehr-elektroschrott\/#breadcrumb\",\"itemListElement\":[{\"@type\":\"ListItem\",\"position\":1,\"name\":\"Accueil\",\"item\":\"https:\/\/www.pressenza.com\/de\/\"},{\"@type\":\"ListItem\",\"position\":2,\"name\":\"Global E-Waste Monitor: Schon wieder mehr Elektroschrott\"}]},{\"@type\":\"WebSite\",\"@id\":\"https:\/\/www.pressenza.com\/de\/#website\",\"url\":\"https:\/\/www.pressenza.com\/de\/\",\"name\":\"Pressenza\",\"description\":\"International Press Agency\",\"publisher\":{\"@id\":\"https:\/\/www.pressenza.com\/de\/#organization\"},\"potentialAction\":[{\"@type\":\"SearchAction\",\"target\":{\"@type\":\"EntryPoint\",\"urlTemplate\":\"https:\/\/www.pressenza.com\/de\/?s={search_term_string}\"},\"query-input\":{\"@type\":\"PropertyValueSpecification\",\"valueRequired\":true,\"valueName\":\"search_term_string\"}}],\"inLanguage\":\"de\"},{\"@type\":\"Organization\",\"@id\":\"https:\/\/www.pressenza.com\/de\/#organization\",\"name\":\"Pressenza\",\"url\":\"https:\/\/www.pressenza.com\/de\/\",\"logo\":{\"@type\":\"ImageObject\",\"inLanguage\":\"de\",\"@id\":\"https:\/\/www.pressenza.com\/de\/#\/schema\/logo\/image\/\",\"url\":\"https:\/\/www.pressenza.com\/wp-content\/uploads\/2022\/10\/pressenza_logo_200x200.jpg\",\"contentUrl\":\"https:\/\/www.pressenza.com\/wp-content\/uploads\/2022\/10\/pressenza_logo_200x200.jpg\",\"width\":200,\"height\":200,\"caption\":\"Pressenza\"},\"image\":{\"@id\":\"https:\/\/www.pressenza.com\/de\/#\/schema\/logo\/image\/\"},\"sameAs\":[\"https:\/\/www.facebook.com\/PressenzaItalia\",\"https:\/\/x.com\/PressenzaIPA\"]},{\"@type\":\"Person\",\"@id\":\"https:\/\/www.pressenza.com\/de\/#\/schema\/person\/77735f6583e3041b31ebc7b93a284357\",\"name\":\"INFOsperber\",\"description\":\"Infosperber.ch - sieht, was andere \u00fcbersehen Die Schweizer Internet-Zeitung richtet sich an Entscheidungstr\u00e4ger in Gesellschaft, Wirtschaft und Politik sowie alle, die erg\u00e4nzende Informationen zu den grossen Medien suchen. Infosperber will die grossen Informations-Medien nicht konkurrenzieren, sondern diese erg\u00e4nzen. \u00a9 Das Weiterverbreiten s\u00e4mtlicher auf dem gemeinn\u00fctzigen Portal www.infosperber.ch enthaltenen Texte ist ohne Kostenfolge erlaubt, sofern die Texte integral ohne K\u00fcrzung und mit Quellenangaben (Autor und \u00abInfosperber\u00bb) verbreitet werden. Bei einer Online-Nutzung ist die Quellenangabe m\u00f6glichst schon am Anfang des Artikels mit einem Link auf infosperber.ch zu versehen. F\u00fcr das Verbreiten von gek\u00fcrzten oder abge\u00e4nderten Texten ist das schriftliche Einverst\u00e4ndnis der AutorInnen erforderlich.\",\"sameAs\":[\"https:\/\/www.infosperber.ch\/\"],\"url\":\"https:\/\/www.pressenza.com\/de\/author\/infosperber\/\"}]}<\/script>\n<!-- \/ Yoast SEO plugin. -->","yoast_head_json":{"title":"Global E-Waste Monitor: Schon wieder mehr Elektroschrott","description":"Die Welt produziert immer mehr Elektrom\u00fcll, vor allem in reichen L\u00e4ndern. Die pro Kopf gr\u00f6sste Menge f\u00e4llt in Europa an. Daniela Gschweng f\u00fcr die","robots":{"index":"index","follow":"follow","max-snippet":"max-snippet:-1","max-image-preview":"max-image-preview:large","max-video-preview":"max-video-preview:-1"},"canonical":"https:\/\/www.pressenza.com\/de\/2020\/07\/global-e-waste-monitor-schon-wieder-mehr-elektroschrott\/","og_locale":"de_DE","og_type":"article","og_title":"Global E-Waste Monitor: Schon wieder mehr Elektroschrott","og_description":"Die Welt produziert immer mehr Elektrom\u00fcll, vor allem in reichen L\u00e4ndern. Die pro Kopf gr\u00f6sste Menge f\u00e4llt in Europa an. Daniela Gschweng f\u00fcr die","og_url":"https:\/\/www.pressenza.com\/de\/2020\/07\/global-e-waste-monitor-schon-wieder-mehr-elektroschrott\/","og_site_name":"Pressenza","article_publisher":"https:\/\/www.facebook.com\/PressenzaItalia","article_published_time":"2020-07-23T06:37:31+00:00","og_image":[{"width":1920,"height":958,"url":"https:\/\/www.pressenza.com\/wp-content\/uploads\/2020\/07\/FotoJet.jpg","type":"image\/jpeg"}],"author":"INFOsperber","twitter_card":"summary_large_image","twitter_creator":"@PressenzaIPA","twitter_site":"@PressenzaIPA","twitter_misc":{"Verfasst von":"INFOsperber","Gesch\u00e4tzte Lesezeit":"5\u00a0Minuten"},"schema":{"@context":"https:\/\/schema.org","@graph":[{"@type":"Article","@id":"https:\/\/www.pressenza.com\/de\/2020\/07\/global-e-waste-monitor-schon-wieder-mehr-elektroschrott\/#article","isPartOf":{"@id":"https:\/\/www.pressenza.com\/de\/2020\/07\/global-e-waste-monitor-schon-wieder-mehr-elektroschrott\/"},"author":{"name":"INFOsperber","@id":"https:\/\/www.pressenza.com\/de\/#\/schema\/person\/77735f6583e3041b31ebc7b93a284357"},"headline":"Global E-Waste Monitor: Schon wieder mehr Elektroschrott","datePublished":"2020-07-23T06:37:31+00:00","mainEntityOfPage":{"@id":"https:\/\/www.pressenza.com\/de\/2020\/07\/global-e-waste-monitor-schon-wieder-mehr-elektroschrott\/"},"wordCount":1061,"publisher":{"@id":"https:\/\/www.pressenza.com\/de\/#organization"},"image":{"@id":"https:\/\/www.pressenza.com\/de\/2020\/07\/global-e-waste-monitor-schon-wieder-mehr-elektroschrott\/#primaryimage"},"thumbnailUrl":"https:\/\/www.pressenza.com\/wp-content\/uploads\/2020\/07\/FotoJet.jpg","keywords":["Elektrom\u00fcll","Konsum","Recycling"],"articleSection":["Gesundheit","\u00d6kologie und Umwelt","Politik"],"inLanguage":"de"},{"@type":"WebPage","@id":"https:\/\/www.pressenza.com\/de\/2020\/07\/global-e-waste-monitor-schon-wieder-mehr-elektroschrott\/","url":"https:\/\/www.pressenza.com\/de\/2020\/07\/global-e-waste-monitor-schon-wieder-mehr-elektroschrott\/","name":"Global E-Waste Monitor: Schon wieder mehr Elektroschrott","isPartOf":{"@id":"https:\/\/www.pressenza.com\/de\/#website"},"primaryImageOfPage":{"@id":"https:\/\/www.pressenza.com\/de\/2020\/07\/global-e-waste-monitor-schon-wieder-mehr-elektroschrott\/#primaryimage"},"image":{"@id":"https:\/\/www.pressenza.com\/de\/2020\/07\/global-e-waste-monitor-schon-wieder-mehr-elektroschrott\/#primaryimage"},"thumbnailUrl":"https:\/\/www.pressenza.com\/wp-content\/uploads\/2020\/07\/FotoJet.jpg","datePublished":"2020-07-23T06:37:31+00:00","description":"Die Welt produziert immer mehr Elektrom\u00fcll, vor allem in reichen L\u00e4ndern. Die pro Kopf gr\u00f6sste Menge f\u00e4llt in Europa an. Daniela Gschweng f\u00fcr die","breadcrumb":{"@id":"https:\/\/www.pressenza.com\/de\/2020\/07\/global-e-waste-monitor-schon-wieder-mehr-elektroschrott\/#breadcrumb"},"inLanguage":"de","potentialAction":[{"@type":"ReadAction","target":["https:\/\/www.pressenza.com\/de\/2020\/07\/global-e-waste-monitor-schon-wieder-mehr-elektroschrott\/"]}]},{"@type":"ImageObject","inLanguage":"de","@id":"https:\/\/www.pressenza.com\/de\/2020\/07\/global-e-waste-monitor-schon-wieder-mehr-elektroschrott\/#primaryimage","url":"https:\/\/www.pressenza.com\/wp-content\/uploads\/2020\/07\/FotoJet.jpg","contentUrl":"https:\/\/www.pressenza.com\/wp-content\/uploads\/2020\/07\/FotoJet.jpg","width":1920,"height":958},{"@type":"BreadcrumbList","@id":"https:\/\/www.pressenza.com\/de\/2020\/07\/global-e-waste-monitor-schon-wieder-mehr-elektroschrott\/#breadcrumb","itemListElement":[{"@type":"ListItem","position":1,"name":"Accueil","item":"https:\/\/www.pressenza.com\/de\/"},{"@type":"ListItem","position":2,"name":"Global E-Waste Monitor: Schon wieder mehr Elektroschrott"}]},{"@type":"WebSite","@id":"https:\/\/www.pressenza.com\/de\/#website","url":"https:\/\/www.pressenza.com\/de\/","name":"Pressenza","description":"International Press Agency","publisher":{"@id":"https:\/\/www.pressenza.com\/de\/#organization"},"potentialAction":[{"@type":"SearchAction","target":{"@type":"EntryPoint","urlTemplate":"https:\/\/www.pressenza.com\/de\/?s={search_term_string}"},"query-input":{"@type":"PropertyValueSpecification","valueRequired":true,"valueName":"search_term_string"}}],"inLanguage":"de"},{"@type":"Organization","@id":"https:\/\/www.pressenza.com\/de\/#organization","name":"Pressenza","url":"https:\/\/www.pressenza.com\/de\/","logo":{"@type":"ImageObject","inLanguage":"de","@id":"https:\/\/www.pressenza.com\/de\/#\/schema\/logo\/image\/","url":"https:\/\/www.pressenza.com\/wp-content\/uploads\/2022\/10\/pressenza_logo_200x200.jpg","contentUrl":"https:\/\/www.pressenza.com\/wp-content\/uploads\/2022\/10\/pressenza_logo_200x200.jpg","width":200,"height":200,"caption":"Pressenza"},"image":{"@id":"https:\/\/www.pressenza.com\/de\/#\/schema\/logo\/image\/"},"sameAs":["https:\/\/www.facebook.com\/PressenzaItalia","https:\/\/x.com\/PressenzaIPA"]},{"@type":"Person","@id":"https:\/\/www.pressenza.com\/de\/#\/schema\/person\/77735f6583e3041b31ebc7b93a284357","name":"INFOsperber","description":"Infosperber.ch - sieht, was andere \u00fcbersehen Die Schweizer Internet-Zeitung richtet sich an Entscheidungstr\u00e4ger in Gesellschaft, Wirtschaft und Politik sowie alle, die erg\u00e4nzende Informationen zu den grossen Medien suchen. Infosperber will die grossen Informations-Medien nicht konkurrenzieren, sondern diese erg\u00e4nzen. \u00a9 Das Weiterverbreiten s\u00e4mtlicher auf dem gemeinn\u00fctzigen Portal www.infosperber.ch enthaltenen Texte ist ohne Kostenfolge erlaubt, sofern die Texte integral ohne K\u00fcrzung und mit Quellenangaben (Autor und \u00abInfosperber\u00bb) verbreitet werden. Bei einer Online-Nutzung ist die Quellenangabe m\u00f6glichst schon am Anfang des Artikels mit einem Link auf infosperber.ch zu versehen. F\u00fcr das Verbreiten von gek\u00fcrzten oder abge\u00e4nderten Texten ist das schriftliche Einverst\u00e4ndnis der AutorInnen erforderlich.","sameAs":["https:\/\/www.infosperber.ch\/"],"url":"https:\/\/www.pressenza.com\/de\/author\/infosperber\/"}]}},"place":"","original_article_url":"","_links":{"self":[{"href":"https:\/\/www.pressenza.com\/de\/wp-json\/wp\/v2\/posts\/1165080","targetHints":{"allow":["GET"]}}],"collection":[{"href":"https:\/\/www.pressenza.com\/de\/wp-json\/wp\/v2\/posts"}],"about":[{"href":"https:\/\/www.pressenza.com\/de\/wp-json\/wp\/v2\/types\/post"}],"author":[{"embeddable":true,"href":"https:\/\/www.pressenza.com\/de\/wp-json\/wp\/v2\/users\/1855"}],"replies":[{"embeddable":true,"href":"https:\/\/www.pressenza.com\/de\/wp-json\/wp\/v2\/comments?post=1165080"}],"version-history":[{"count":0,"href":"https:\/\/www.pressenza.com\/de\/wp-json\/wp\/v2\/posts\/1165080\/revisions"}],"wp:featuredmedia":[{"embeddable":true,"href":"https:\/\/www.pressenza.com\/de\/wp-json\/wp\/v2\/media\/1165082"}],"wp:attachment":[{"href":"https:\/\/www.pressenza.com\/de\/wp-json\/wp\/v2\/media?parent=1165080"}],"wp:term":[{"taxonomy":"category","embeddable":true,"href":"https:\/\/www.pressenza.com\/de\/wp-json\/wp\/v2\/categories?post=1165080"},{"taxonomy":"post_tag","embeddable":true,"href":"https:\/\/www.pressenza.com\/de\/wp-json\/wp\/v2\/tags?post=1165080"}],"curies":[{"name":"wp","href":"https:\/\/api.w.org\/{rel}","templated":true}]}}