{"id":1164826,"date":"2020-07-23T07:01:56","date_gmt":"2020-07-23T06:01:56","guid":{"rendered":"https:\/\/www.pressenza.com\/?p=1164826"},"modified":"2020-07-23T07:01:56","modified_gmt":"2020-07-23T06:01:56","slug":"unter-dem-radar-gegen-das-voelkerrecht","status":"publish","type":"post","link":"https:\/\/www.pressenza.com\/de\/2020\/07\/unter-dem-radar-gegen-das-voelkerrecht\/","title":{"rendered":"Unter dem Radar gegen das V\u00f6lkerrecht"},"content":{"rendered":"<p><strong>Seit drei Jahren chartert Frontex Kleinflugzeuge zur \u00dcberwachung der EU-Aussengrenzen.<\/strong><\/p>\n<article>Zuerst wurde damit Italien, anschliessend auch Kroatien unterst\u00fctzt. Angaben zu den Luftfahrzeugen h\u00e4lt Frontex geheim, die Firmen schalten im Einsatz auch die Transponder zur Positionsdarstellung ab.Die Europ\u00e4ische Kommission will nicht \u00f6ffentlich machen, welche privaten Aufkl\u00e4rungsflugzeuge Frontex im Mittelmeer einsetzt. In der nicht \u00f6ffentlichen Antwort auf eine parlamentarische Anfrage schreibt die EU-Grenzagentur, die Angaben zu den Luftfahrzeugen seien \u201ekommerziell vertraulich\u201c, da sie \u201epers\u00f6nliche Daten und sensible betriebliche Informationen\u201c enthielten.Frontex bietet den EU-Mitgliedstaaten an, deren Aussengrenzen mit Flugzeugen aus der Luft zu \u00fcberwachen. F\u00fcr die Fl\u00fcge dieses \u201eFrontex Aerial Surveillance Service\u201c (FASS) chartert Frontex zweimotorige Flugzeuge von europ\u00e4ischen Firmen. Zuerst hat Italien 2017 von dem Dienst Gebrauch gemacht, ein Jahr sp\u00e4ter folgte Kroatien. 2018 hat Frontex im Rahmen des FASS mindestens 1.800 Flugstunden durchgef\u00fchrt, f\u00fcr 2019 liegen noch keine Zahlen vor.<\/p>\n<h3>Flugdienst wird mit Drohnen erg\u00e4nzt<\/h3>\n<p>Die FASS-Fl\u00fcge erfolgen unter dem Dach der \u201eMultipurpose Aerial Surveillance\u201c, die neben Satellitenaufkl\u00e4rung auch Drohnen beinhaltet. Noch in diesem Jahr will die Grenzagentur f\u00fcr bis zu vier Jahre grosse Drohnen im Mittelmeer stationieren, nach einer Ausschreibung wird nun der Anbieter ausgew\u00e4hlt. Die derart erzeugten Lagebilder des \u201eGrenzvorbereichs\u201c der Europ\u00e4ischen Union werden in das \u00dcberwachungssystem EUROSUR eingespeist, dessen Hauptquartier bei Frontex in Warschau eingerichtet ist. Auch die nationalen EUROSUR-Kontaktstellen, etwa in Spanien, Portugal und Italien, erhalten diese Informationen.<\/p>\n<p>Neben den privaten Chartermaschinen nutzt Frontex ausserdem Flugzeuge und Hubschrauber, die aus den EU-Mitgliedstaaten bereitgestellt werden. Im zentralen Mittelmeer erfolgt dies in der Mission \u201eThemis\u201c. Auch die Rufzeichen dort eingesetzter staatlicher Luftfahrzeuge h\u00e4lt die EU-Kommission geheim. Sie w\u00fcrden als \u201esensible operative Mittel\u201c betrachtet und k\u00f6nnten Abgeordneten nicht offengelegt werden.<\/p>\n<p>Vorher hatte auch die Plattform \u201eFrag den Staat\u201c versucht, Details \u00fcber die See- und Luftkapazit\u00e4ten der Mitgliedstaaten in \u201eThemis\u201c zu erfahren. Frontex hatte jede Auskunft dazu abgelehnt, eine Klage dagegen hat die Plattform vor dem Europ\u00e4ischen Gerichtshof verloren und soll nun 23.700 Euro f\u00fcr Anwaltskosten an Frontex zahlen.<\/p>\n<h3>Echtzeit-Positionsdarstellung mit FlightAware<\/h3>\n<p>Die Geheimhaltung von Frontex \u00fcberrascht, denn Firmen, die f\u00fcr die Agentur das Mittelmeer \u00fcberwachen, sind durch eine Ausschreibung bekannt. Frontex hat Rahmenvertr\u00e4ge mit dem spanischen R\u00fcstungskonzern Indra sowie den Chartergesellschaften CAE Aviation (Kanada), Diamond-Executive Aviation (Grossbritannien) und EASP Air (Niederlande) abgeschlossen, daf\u00fcr gibt Frontex jeweils bis zu 14,5 Millionen Euro aus.<\/p>\n<p>Schliesslich k\u00f6nnen auch \u00fcber Online-Plattformen wie FlightAware R\u00fcckschl\u00fcsse gezogen werden, welche privaten und staatlichen Luftfahrzeuge f\u00fcr Frontex im Mittelmeer unterwegs sind. F\u00fcr die Echtzeit-Positionsdarstellung nutzen die Anbieter Daten der ADS-B-Transponder, die alle gr\u00f6sseren Luftfahrzeuge installiert haben m\u00fcssen. Eine weltweite Gemeinde unkommerzieller Tracker empf\u00e4ngt diese Geodaten und speist sie ins Internet ein. Auf diese Weise dokumentiert beispielsweise der italienische Journalist Sergio Scandura praktisch alle Bewegungen von Frontex-Flugzeugen im zentralen Mittelmeer.<\/p>\n<p>Derzeit nutzt Frontex zweimotorige \u201eDA-42\u201c, \u201eDA-62\u201c und \u201eBeech 350\u201c der Firma Diamond-Executive Aviation, die als \u201eOsprey1\u201c, \u201eOsprey3\u201c und \u201eTasty\u201c im Auftrag von Frontex im Mittelmeer patrouillieren, fr\u00fcher flogen ausserdem \u201eOsprey2\u201c und \u201eEagle1\u201c. Sie starten und landen auf Flugh\u00e4fen in Malta und Sizilien.<\/p>\n<h3>Aus \u201ePush-backs\u201c werden \u201ePull-backs\u201c<\/h3>\n<p>Die Grenzagentur darf gem\u00e4ss der Genfer Fl\u00fcchtlingskonvention keine Menschen in Staaten zur\u00fcckbringen, in denen ihnen Folter oder andere schwere Menschenrechtsverletzungen drohen. Libyen stellt keinen sicheren Hafen dar, diese Einsch\u00e4tzung hat unter anderem der Fl\u00fcchtlingskommissar der Vereinten Nationen mehrfach bekr\u00e4ftigt.<\/p>\n<p>Weil diese \u201ePush-backs\u201c also verboten sind, hilft Frontex seit 2017 bei sogenannten \u201ePull-backs\u201c, indem Gefl\u00fcchtete nicht von EU-Einheiten, sondern von der libyschen K\u00fcstenwache nach Libyen zur\u00fcckgebracht werden. Im Mittelpunkt steht dabei die \u201eMultipurpose Aerial Surveillance\u201c, womit Frontex de facto die Luftaufkl\u00e4rung f\u00fcr die libysche K\u00fcstenwache betreibt. Bis November 2019 hat die Grenzagentur in mindestens 42 F\u00e4llen libysche Beh\u00f6rden \u00fcber Fl\u00fcchtlingsboote auf Hoher See benachrichtigt.<\/p>\n<p>Viele V\u00f6lkerrechtlerInnen halten diese Praxis f\u00fcr rechtswidrig. Da Libyen die Gefl\u00fcchteten nicht ohne Mithilfe von Frontex aufsp\u00fcren k\u00f6nnte, muss sich diese die Zur\u00fcckschiebungen (\u201eRefoulments\u201c) zurechnen lassen. Die Rechtsanw\u00e4lte Omer Shatz und Juan Branco wollen Verantwortliche der Europ\u00e4ischen Union deshalb vor dem Internationalen Strafgerichtshof in Den Haag verklagen.<\/p>\n<h3>Frontex sieht Gefl\u00fcchteten beim Ertrinken zu<\/h3>\n<p>Wohl deshalb verschleiert Frontex den genauen Einsatzort seiner Luft\u00fcberwachung. Seenotrettungsorganisationen haben wiederholt darauf aufmerksam gemacht, dass die Flugzeuge ihre Transponder gelegentlich ausschalten, so dass sie \u00fcber ADS-B nicht zu verfolgen sind. In der nun vorliegenden Antwort der EU-Kommission wird dies best\u00e4tigt. Demnach w\u00fcrde die Sichtbarkeit der Flugzeuge \u201esensible operative Informationen\u201c offenlegen und in Kombination mit anderen Informationen operative Ziele \u201euntergraben\u201c.<\/p>\n<p>\u00c4hnlich hatte sich bereits das deutsche Innenministerium zu den Einsatzmitteln der Bundespolizei in Frontex-Mission ge\u00e4ussert, wonach \u201eeine generelle Nachverfolgung\u201c der Routen in Echtzeit \u201eden Einsatzerfolg gef\u00e4hrden\u201c w\u00fcrden.<\/p>\n<p>Anweisungen an die Online-Dienstleister zur Blockierung der Echtzeit-Positionsdarstellung von Frontex-Flugzeugen, wie sie der Journalist Scandura beschrieben hat, will Frontex aber nicht vorgenommen haben. Trotzdem l\u00e4sst die Verschleierung der Fl\u00fcge nur den Schluss zu, dass sich die EU-Grenzagentur nicht auf die Finger schauen lassen will, wenn sie den Gefl\u00fcchteten aus der Luft beim Ertrinken zusieht, und Italien und Malta als benachbarte EU-Mitgliedstaaten keine Hilfe leisten.<\/p>\n<\/article>\n<p class=\"author\">Matthias Monroy<br \/>\n<a class=\"author_link\" href=\"https:\/\/netzpolitik.org\/2020\/im-blindflug-gegen-das-voelkerrecht\/\" target=\"_blank\" rel=\"nofollow noopener noreferrer\">netzpolitik.org<\/a><\/p>\n","protected":false},"excerpt":{"rendered":"<p>Seit drei Jahren chartert Frontex Kleinflugzeuge zur \u00dcberwachung der EU-Aussengrenzen. Zuerst wurde damit Italien, anschliessend auch Kroatien unterst\u00fctzt. Angaben zu den Luftfahrzeugen h\u00e4lt Frontex geheim, die Firmen schalten im Einsatz auch die Transponder zur Positionsdarstellung ab.Die Europ\u00e4ische Kommission will nicht&hellip;<\/p>\n","protected":false},"author":1556,"featured_media":1164827,"comment_status":"closed","ping_status":"closed","sticky":false,"template":"","format":"standard","meta":{"footnotes":""},"categories":[9161,54569,9168],"tags":[9272,9481,79173,10654,79172],"class_list":["post-1164826","post","type-post","status-publish","format-standard","has-post-thumbnail","hentry","category-menschenrechte","category-migration","category-politik","tag-drohnen","tag-eu-de","tag-fass","tag-frontex-de","tag-luftueberwachung"],"yoast_head":"<!-- This site is optimized with the Yoast SEO plugin v27.1.1 - https:\/\/yoast.com\/product\/yoast-seo-wordpress\/ -->\n<title>Unter dem Radar gegen das V\u00f6lkerrecht<\/title>\n<meta name=\"description\" content=\"Seit drei Jahren chartert Frontex Kleinflugzeuge zur \u00dcberwachung der EU-Aussengrenzen. Zuerst wurde damit Italien, anschliessend auch Kroatien\" \/>\n<meta name=\"robots\" content=\"index, follow, max-snippet:-1, max-image-preview:large, max-video-preview:-1\" \/>\n<link rel=\"canonical\" href=\"https:\/\/www.pressenza.com\/de\/2020\/07\/unter-dem-radar-gegen-das-voelkerrecht\/\" \/>\n<meta property=\"og:locale\" content=\"de_DE\" \/>\n<meta property=\"og:type\" content=\"article\" \/>\n<meta property=\"og:title\" content=\"Unter dem Radar gegen das V\u00f6lkerrecht\" \/>\n<meta property=\"og:description\" content=\"Seit drei Jahren chartert Frontex Kleinflugzeuge zur \u00dcberwachung der EU-Aussengrenzen. Zuerst wurde damit Italien, anschliessend auch Kroatien\" \/>\n<meta property=\"og:url\" content=\"https:\/\/www.pressenza.com\/de\/2020\/07\/unter-dem-radar-gegen-das-voelkerrecht\/\" \/>\n<meta property=\"og:site_name\" content=\"Pressenza\" \/>\n<meta property=\"article:publisher\" content=\"https:\/\/www.facebook.com\/PressenzaItalia\" \/>\n<meta property=\"article:published_time\" content=\"2020-07-23T06:01:56+00:00\" \/>\n<meta property=\"og:image\" content=\"https:\/\/www.pressenza.com\/wp-content\/uploads\/2020\/07\/7A61E809-C27A-4432-ABE7-EB39A95312BA.jpeg\" \/>\n\t<meta property=\"og:image:width\" content=\"912\" \/>\n\t<meta property=\"og:image:height\" content=\"340\" \/>\n\t<meta property=\"og:image:type\" content=\"image\/jpeg\" \/>\n<meta name=\"author\" content=\"Untergrund-Bl\u00e4ttle\" \/>\n<meta name=\"twitter:card\" content=\"summary_large_image\" \/>\n<meta name=\"twitter:creator\" content=\"@PressenzaIPA\" \/>\n<meta name=\"twitter:site\" content=\"@PressenzaIPA\" \/>\n<meta name=\"twitter:label1\" content=\"Verfasst von\" \/>\n\t<meta name=\"twitter:data1\" content=\"Untergrund-Bl\u00e4ttle\" \/>\n\t<meta name=\"twitter:label2\" content=\"Gesch\u00e4tzte Lesezeit\" \/>\n\t<meta name=\"twitter:data2\" content=\"4\u00a0Minuten\" \/>\n<script type=\"application\/ld+json\" class=\"yoast-schema-graph\">{\"@context\":\"https:\/\/schema.org\",\"@graph\":[{\"@type\":\"Article\",\"@id\":\"https:\/\/www.pressenza.com\/de\/2020\/07\/unter-dem-radar-gegen-das-voelkerrecht\/#article\",\"isPartOf\":{\"@id\":\"https:\/\/www.pressenza.com\/de\/2020\/07\/unter-dem-radar-gegen-das-voelkerrecht\/\"},\"author\":{\"name\":\"Untergrund-Bl\u00e4ttle\",\"@id\":\"https:\/\/www.pressenza.com\/de\/#\/schema\/person\/769b3fca5f2f2d48f505e01a952bd7db\"},\"headline\":\"Unter dem Radar gegen das V\u00f6lkerrecht\",\"datePublished\":\"2020-07-23T06:01:56+00:00\",\"mainEntityOfPage\":{\"@id\":\"https:\/\/www.pressenza.com\/de\/2020\/07\/unter-dem-radar-gegen-das-voelkerrecht\/\"},\"wordCount\":867,\"publisher\":{\"@id\":\"https:\/\/www.pressenza.com\/de\/#organization\"},\"image\":{\"@id\":\"https:\/\/www.pressenza.com\/de\/2020\/07\/unter-dem-radar-gegen-das-voelkerrecht\/#primaryimage\"},\"thumbnailUrl\":\"https:\/\/www.pressenza.com\/wp-content\/uploads\/2020\/07\/7A61E809-C27A-4432-ABE7-EB39A95312BA.jpeg\",\"keywords\":[\"Drohnen\",\"EU\",\"FASS\",\"Frontex\",\"Luft\u00fcberwachung\"],\"articleSection\":[\"Menschenrechte\",\"Migration\",\"Politik\"],\"inLanguage\":\"de\"},{\"@type\":\"WebPage\",\"@id\":\"https:\/\/www.pressenza.com\/de\/2020\/07\/unter-dem-radar-gegen-das-voelkerrecht\/\",\"url\":\"https:\/\/www.pressenza.com\/de\/2020\/07\/unter-dem-radar-gegen-das-voelkerrecht\/\",\"name\":\"Unter dem Radar gegen das V\u00f6lkerrecht\",\"isPartOf\":{\"@id\":\"https:\/\/www.pressenza.com\/de\/#website\"},\"primaryImageOfPage\":{\"@id\":\"https:\/\/www.pressenza.com\/de\/2020\/07\/unter-dem-radar-gegen-das-voelkerrecht\/#primaryimage\"},\"image\":{\"@id\":\"https:\/\/www.pressenza.com\/de\/2020\/07\/unter-dem-radar-gegen-das-voelkerrecht\/#primaryimage\"},\"thumbnailUrl\":\"https:\/\/www.pressenza.com\/wp-content\/uploads\/2020\/07\/7A61E809-C27A-4432-ABE7-EB39A95312BA.jpeg\",\"datePublished\":\"2020-07-23T06:01:56+00:00\",\"description\":\"Seit drei Jahren chartert Frontex Kleinflugzeuge zur \u00dcberwachung der EU-Aussengrenzen. Zuerst wurde damit Italien, anschliessend auch Kroatien\",\"breadcrumb\":{\"@id\":\"https:\/\/www.pressenza.com\/de\/2020\/07\/unter-dem-radar-gegen-das-voelkerrecht\/#breadcrumb\"},\"inLanguage\":\"de\",\"potentialAction\":[{\"@type\":\"ReadAction\",\"target\":[\"https:\/\/www.pressenza.com\/de\/2020\/07\/unter-dem-radar-gegen-das-voelkerrecht\/\"]}]},{\"@type\":\"ImageObject\",\"inLanguage\":\"de\",\"@id\":\"https:\/\/www.pressenza.com\/de\/2020\/07\/unter-dem-radar-gegen-das-voelkerrecht\/#primaryimage\",\"url\":\"https:\/\/www.pressenza.com\/wp-content\/uploads\/2020\/07\/7A61E809-C27A-4432-ABE7-EB39A95312BA.jpeg\",\"contentUrl\":\"https:\/\/www.pressenza.com\/wp-content\/uploads\/2020\/07\/7A61E809-C27A-4432-ABE7-EB39A95312BA.jpeg\",\"width\":912,\"height\":340},{\"@type\":\"BreadcrumbList\",\"@id\":\"https:\/\/www.pressenza.com\/de\/2020\/07\/unter-dem-radar-gegen-das-voelkerrecht\/#breadcrumb\",\"itemListElement\":[{\"@type\":\"ListItem\",\"position\":1,\"name\":\"Accueil\",\"item\":\"https:\/\/www.pressenza.com\/de\/\"},{\"@type\":\"ListItem\",\"position\":2,\"name\":\"Unter dem Radar gegen das V\u00f6lkerrecht\"}]},{\"@type\":\"WebSite\",\"@id\":\"https:\/\/www.pressenza.com\/de\/#website\",\"url\":\"https:\/\/www.pressenza.com\/de\/\",\"name\":\"Pressenza\",\"description\":\"International Press Agency\",\"publisher\":{\"@id\":\"https:\/\/www.pressenza.com\/de\/#organization\"},\"potentialAction\":[{\"@type\":\"SearchAction\",\"target\":{\"@type\":\"EntryPoint\",\"urlTemplate\":\"https:\/\/www.pressenza.com\/de\/?s={search_term_string}\"},\"query-input\":{\"@type\":\"PropertyValueSpecification\",\"valueRequired\":true,\"valueName\":\"search_term_string\"}}],\"inLanguage\":\"de\"},{\"@type\":\"Organization\",\"@id\":\"https:\/\/www.pressenza.com\/de\/#organization\",\"name\":\"Pressenza\",\"url\":\"https:\/\/www.pressenza.com\/de\/\",\"logo\":{\"@type\":\"ImageObject\",\"inLanguage\":\"de\",\"@id\":\"https:\/\/www.pressenza.com\/de\/#\/schema\/logo\/image\/\",\"url\":\"https:\/\/www.pressenza.com\/wp-content\/uploads\/2022\/10\/pressenza_logo_200x200.jpg\",\"contentUrl\":\"https:\/\/www.pressenza.com\/wp-content\/uploads\/2022\/10\/pressenza_logo_200x200.jpg\",\"width\":200,\"height\":200,\"caption\":\"Pressenza\"},\"image\":{\"@id\":\"https:\/\/www.pressenza.com\/de\/#\/schema\/logo\/image\/\"},\"sameAs\":[\"https:\/\/www.facebook.com\/PressenzaItalia\",\"https:\/\/x.com\/PressenzaIPA\"]},{\"@type\":\"Person\",\"@id\":\"https:\/\/www.pressenza.com\/de\/#\/schema\/person\/769b3fca5f2f2d48f505e01a952bd7db\",\"name\":\"Untergrund-Bl\u00e4ttle\",\"description\":\"Online-Magazin f\u00fcr kritischen Journalismus aus dem Grossraum Z\u00fcrich. Untergrund-Bl\u00e4ttle publizieren analytische und kontroverse Texte zu den Themenschwerpunkten Politik, Gesellschaft, \u00d6konomie und \u00d6kologie. Ein ganz besonderes Augenmerk gilt dabei auch dem kulturellen Teil. Der inhaltlich und redaktionelle Anspruch liegt unter anderem darin, Synergien innerhalb von linken Str\u00f6mungen herzustellen.\",\"sameAs\":[\"http:\/\/www.xn--untergrund-blttle-2qb.ch\/\"],\"url\":\"https:\/\/www.pressenza.com\/de\/author\/untergrund-blaettle\/\"}]}<\/script>\n<!-- \/ Yoast SEO plugin. -->","yoast_head_json":{"title":"Unter dem Radar gegen das V\u00f6lkerrecht","description":"Seit drei Jahren chartert Frontex Kleinflugzeuge zur \u00dcberwachung der EU-Aussengrenzen. Zuerst wurde damit Italien, anschliessend auch Kroatien","robots":{"index":"index","follow":"follow","max-snippet":"max-snippet:-1","max-image-preview":"max-image-preview:large","max-video-preview":"max-video-preview:-1"},"canonical":"https:\/\/www.pressenza.com\/de\/2020\/07\/unter-dem-radar-gegen-das-voelkerrecht\/","og_locale":"de_DE","og_type":"article","og_title":"Unter dem Radar gegen das V\u00f6lkerrecht","og_description":"Seit drei Jahren chartert Frontex Kleinflugzeuge zur \u00dcberwachung der EU-Aussengrenzen. Zuerst wurde damit Italien, anschliessend auch Kroatien","og_url":"https:\/\/www.pressenza.com\/de\/2020\/07\/unter-dem-radar-gegen-das-voelkerrecht\/","og_site_name":"Pressenza","article_publisher":"https:\/\/www.facebook.com\/PressenzaItalia","article_published_time":"2020-07-23T06:01:56+00:00","og_image":[{"width":912,"height":340,"url":"https:\/\/www.pressenza.com\/wp-content\/uploads\/2020\/07\/7A61E809-C27A-4432-ABE7-EB39A95312BA.jpeg","type":"image\/jpeg"}],"author":"Untergrund-Bl\u00e4ttle","twitter_card":"summary_large_image","twitter_creator":"@PressenzaIPA","twitter_site":"@PressenzaIPA","twitter_misc":{"Verfasst von":"Untergrund-Bl\u00e4ttle","Gesch\u00e4tzte Lesezeit":"4\u00a0Minuten"},"schema":{"@context":"https:\/\/schema.org","@graph":[{"@type":"Article","@id":"https:\/\/www.pressenza.com\/de\/2020\/07\/unter-dem-radar-gegen-das-voelkerrecht\/#article","isPartOf":{"@id":"https:\/\/www.pressenza.com\/de\/2020\/07\/unter-dem-radar-gegen-das-voelkerrecht\/"},"author":{"name":"Untergrund-Bl\u00e4ttle","@id":"https:\/\/www.pressenza.com\/de\/#\/schema\/person\/769b3fca5f2f2d48f505e01a952bd7db"},"headline":"Unter dem Radar gegen das V\u00f6lkerrecht","datePublished":"2020-07-23T06:01:56+00:00","mainEntityOfPage":{"@id":"https:\/\/www.pressenza.com\/de\/2020\/07\/unter-dem-radar-gegen-das-voelkerrecht\/"},"wordCount":867,"publisher":{"@id":"https:\/\/www.pressenza.com\/de\/#organization"},"image":{"@id":"https:\/\/www.pressenza.com\/de\/2020\/07\/unter-dem-radar-gegen-das-voelkerrecht\/#primaryimage"},"thumbnailUrl":"https:\/\/www.pressenza.com\/wp-content\/uploads\/2020\/07\/7A61E809-C27A-4432-ABE7-EB39A95312BA.jpeg","keywords":["Drohnen","EU","FASS","Frontex","Luft\u00fcberwachung"],"articleSection":["Menschenrechte","Migration","Politik"],"inLanguage":"de"},{"@type":"WebPage","@id":"https:\/\/www.pressenza.com\/de\/2020\/07\/unter-dem-radar-gegen-das-voelkerrecht\/","url":"https:\/\/www.pressenza.com\/de\/2020\/07\/unter-dem-radar-gegen-das-voelkerrecht\/","name":"Unter dem Radar gegen das V\u00f6lkerrecht","isPartOf":{"@id":"https:\/\/www.pressenza.com\/de\/#website"},"primaryImageOfPage":{"@id":"https:\/\/www.pressenza.com\/de\/2020\/07\/unter-dem-radar-gegen-das-voelkerrecht\/#primaryimage"},"image":{"@id":"https:\/\/www.pressenza.com\/de\/2020\/07\/unter-dem-radar-gegen-das-voelkerrecht\/#primaryimage"},"thumbnailUrl":"https:\/\/www.pressenza.com\/wp-content\/uploads\/2020\/07\/7A61E809-C27A-4432-ABE7-EB39A95312BA.jpeg","datePublished":"2020-07-23T06:01:56+00:00","description":"Seit drei Jahren chartert Frontex Kleinflugzeuge zur \u00dcberwachung der EU-Aussengrenzen. Zuerst wurde damit Italien, anschliessend auch Kroatien","breadcrumb":{"@id":"https:\/\/www.pressenza.com\/de\/2020\/07\/unter-dem-radar-gegen-das-voelkerrecht\/#breadcrumb"},"inLanguage":"de","potentialAction":[{"@type":"ReadAction","target":["https:\/\/www.pressenza.com\/de\/2020\/07\/unter-dem-radar-gegen-das-voelkerrecht\/"]}]},{"@type":"ImageObject","inLanguage":"de","@id":"https:\/\/www.pressenza.com\/de\/2020\/07\/unter-dem-radar-gegen-das-voelkerrecht\/#primaryimage","url":"https:\/\/www.pressenza.com\/wp-content\/uploads\/2020\/07\/7A61E809-C27A-4432-ABE7-EB39A95312BA.jpeg","contentUrl":"https:\/\/www.pressenza.com\/wp-content\/uploads\/2020\/07\/7A61E809-C27A-4432-ABE7-EB39A95312BA.jpeg","width":912,"height":340},{"@type":"BreadcrumbList","@id":"https:\/\/www.pressenza.com\/de\/2020\/07\/unter-dem-radar-gegen-das-voelkerrecht\/#breadcrumb","itemListElement":[{"@type":"ListItem","position":1,"name":"Accueil","item":"https:\/\/www.pressenza.com\/de\/"},{"@type":"ListItem","position":2,"name":"Unter dem Radar gegen das V\u00f6lkerrecht"}]},{"@type":"WebSite","@id":"https:\/\/www.pressenza.com\/de\/#website","url":"https:\/\/www.pressenza.com\/de\/","name":"Pressenza","description":"International Press Agency","publisher":{"@id":"https:\/\/www.pressenza.com\/de\/#organization"},"potentialAction":[{"@type":"SearchAction","target":{"@type":"EntryPoint","urlTemplate":"https:\/\/www.pressenza.com\/de\/?s={search_term_string}"},"query-input":{"@type":"PropertyValueSpecification","valueRequired":true,"valueName":"search_term_string"}}],"inLanguage":"de"},{"@type":"Organization","@id":"https:\/\/www.pressenza.com\/de\/#organization","name":"Pressenza","url":"https:\/\/www.pressenza.com\/de\/","logo":{"@type":"ImageObject","inLanguage":"de","@id":"https:\/\/www.pressenza.com\/de\/#\/schema\/logo\/image\/","url":"https:\/\/www.pressenza.com\/wp-content\/uploads\/2022\/10\/pressenza_logo_200x200.jpg","contentUrl":"https:\/\/www.pressenza.com\/wp-content\/uploads\/2022\/10\/pressenza_logo_200x200.jpg","width":200,"height":200,"caption":"Pressenza"},"image":{"@id":"https:\/\/www.pressenza.com\/de\/#\/schema\/logo\/image\/"},"sameAs":["https:\/\/www.facebook.com\/PressenzaItalia","https:\/\/x.com\/PressenzaIPA"]},{"@type":"Person","@id":"https:\/\/www.pressenza.com\/de\/#\/schema\/person\/769b3fca5f2f2d48f505e01a952bd7db","name":"Untergrund-Bl\u00e4ttle","description":"Online-Magazin f\u00fcr kritischen Journalismus aus dem Grossraum Z\u00fcrich. Untergrund-Bl\u00e4ttle publizieren analytische und kontroverse Texte zu den Themenschwerpunkten Politik, Gesellschaft, \u00d6konomie und \u00d6kologie. Ein ganz besonderes Augenmerk gilt dabei auch dem kulturellen Teil. Der inhaltlich und redaktionelle Anspruch liegt unter anderem darin, Synergien innerhalb von linken Str\u00f6mungen herzustellen.","sameAs":["http:\/\/www.xn--untergrund-blttle-2qb.ch\/"],"url":"https:\/\/www.pressenza.com\/de\/author\/untergrund-blaettle\/"}]}},"place":"","original_article_url":"https:\/\/www.untergrund-bl\u00e4ttle.ch\/politik\/europa\/frontex-flugzeuge-voelkerrecht-5901.html","_links":{"self":[{"href":"https:\/\/www.pressenza.com\/de\/wp-json\/wp\/v2\/posts\/1164826","targetHints":{"allow":["GET"]}}],"collection":[{"href":"https:\/\/www.pressenza.com\/de\/wp-json\/wp\/v2\/posts"}],"about":[{"href":"https:\/\/www.pressenza.com\/de\/wp-json\/wp\/v2\/types\/post"}],"author":[{"embeddable":true,"href":"https:\/\/www.pressenza.com\/de\/wp-json\/wp\/v2\/users\/1556"}],"replies":[{"embeddable":true,"href":"https:\/\/www.pressenza.com\/de\/wp-json\/wp\/v2\/comments?post=1164826"}],"version-history":[{"count":0,"href":"https:\/\/www.pressenza.com\/de\/wp-json\/wp\/v2\/posts\/1164826\/revisions"}],"wp:featuredmedia":[{"embeddable":true,"href":"https:\/\/www.pressenza.com\/de\/wp-json\/wp\/v2\/media\/1164827"}],"wp:attachment":[{"href":"https:\/\/www.pressenza.com\/de\/wp-json\/wp\/v2\/media?parent=1164826"}],"wp:term":[{"taxonomy":"category","embeddable":true,"href":"https:\/\/www.pressenza.com\/de\/wp-json\/wp\/v2\/categories?post=1164826"},{"taxonomy":"post_tag","embeddable":true,"href":"https:\/\/www.pressenza.com\/de\/wp-json\/wp\/v2\/tags?post=1164826"}],"curies":[{"name":"wp","href":"https:\/\/api.w.org\/{rel}","templated":true}]}}