{"id":1163416,"date":"2020-07-20T16:08:33","date_gmt":"2020-07-20T15:08:33","guid":{"rendered":"https:\/\/www.pressenza.com\/?p=1163416"},"modified":"2020-07-20T16:08:33","modified_gmt":"2020-07-20T15:08:33","slug":"studie-deutschland-verstiess-gegen-ruestungsexportrichtlinien","status":"publish","type":"post","link":"https:\/\/www.pressenza.com\/de\/2020\/07\/studie-deutschland-verstiess-gegen-ruestungsexportrichtlinien\/","title":{"rendered":"Studie: Deutschland verstie\u00df gegen R\u00fcstungsexportrichtlinien"},"content":{"rendered":"<p><strong>Greenpeace wirft der Bundesregierung vor, bei der R\u00fcstungsexportpolitik in den vergangenen 30 Jahren wiederholt gegen Ausfuhrkriterien versto\u00dfen zu haben. Das Wirtschaftsministerium verteidigt die deutsche Exportpolitik.<\/strong><\/p>\n<p>Die Studie des Leibnitz-Instituts Hessische Stiftung Friedens- und Konfliktforschung (HSFK) legt dar, dass die verschiedenen Bundesregierungen seit Ende des Ost-West-Konflikts ab 1990 R\u00fcstungsexporte an L\u00e4nder und Regionen genehmigt oder gar aktiv auf den Weg gebracht h\u00e4tten, in die solche Waffen niemals h\u00e4tten hingelangen d\u00fcrfen. \u00a0&#8230;. <a href=\"https:\/\/www.dw.com\/de\/studie-deutschland-verstie\u00df-gegen-r\u00fcstungsexportrichtlinien\/a-54233321\"><em>weiter lesen<\/em><\/a><\/p>\n","protected":false},"excerpt":{"rendered":"<p>Greenpeace wirft der Bundesregierung vor, bei der R\u00fcstungsexportpolitik in den vergangenen 30 Jahren wiederholt gegen Ausfuhrkriterien versto\u00dfen zu haben. Das Wirtschaftsministerium verteidigt die deutsche Exportpolitik. Die Studie des Leibnitz-Instituts Hessische Stiftung Friedens- und Konfliktforschung (HSFK) legt dar, dass die verschiedenen&hellip;<\/p>\n","protected":false},"author":993,"featured_media":1163417,"comment_status":"closed","ping_status":"closed","sticky":false,"template":"","format":"standard","meta":{"footnotes":""},"categories":[9167,9166,9168,9158],"tags":[9221,79077,10329],"class_list":["post-1163416","post","type-post","status-publish","format-standard","has-post-thumbnail","hentry","category-frieden-und-abruestung","category-gewaltfreiheit","category-politik","category-wirtschaft","tag-abrustung","tag-kriegswaffen","tag-waffenexporte"],"yoast_head":"<!-- This site is optimized with the Yoast SEO plugin v27.1.1 - https:\/\/yoast.com\/product\/yoast-seo-wordpress\/ -->\n<title>Studie: Deutschland verstie\u00df gegen R\u00fcstungsexportrichtlinien<\/title>\n<meta name=\"description\" content=\"Greenpeace wirft der Bundesregierung vor, bei der R\u00fcstungsexportpolitik in den vergangenen 30 Jahren wiederholt gegen Ausfuhrkriterien versto\u00dfen zu haben.\" \/>\n<meta name=\"robots\" content=\"index, follow, max-snippet:-1, max-image-preview:large, max-video-preview:-1\" \/>\n<link rel=\"canonical\" href=\"https:\/\/www.pressenza.com\/de\/2020\/07\/studie-deutschland-verstiess-gegen-ruestungsexportrichtlinien\/\" \/>\n<meta property=\"og:locale\" content=\"de_DE\" \/>\n<meta property=\"og:type\" content=\"article\" \/>\n<meta property=\"og:title\" content=\"Studie: Deutschland verstie\u00df gegen R\u00fcstungsexportrichtlinien\" \/>\n<meta property=\"og:description\" content=\"Greenpeace wirft der Bundesregierung vor, bei der R\u00fcstungsexportpolitik in den vergangenen 30 Jahren wiederholt gegen Ausfuhrkriterien versto\u00dfen zu haben.\" \/>\n<meta property=\"og:url\" content=\"https:\/\/www.pressenza.com\/de\/2020\/07\/studie-deutschland-verstiess-gegen-ruestungsexportrichtlinien\/\" \/>\n<meta property=\"og:site_name\" content=\"Pressenza\" \/>\n<meta property=\"article:publisher\" content=\"https:\/\/www.facebook.com\/PressenzaItalia\" \/>\n<meta property=\"article:published_time\" content=\"2020-07-20T15:08:33+00:00\" \/>\n<meta property=\"og:image\" content=\"https:\/\/www.pressenza.com\/wp-content\/uploads\/2020\/07\/0FC7BDDC-DB7E-4E05-B002-4B141D39E1E1.jpeg\" \/>\n\t<meta property=\"og:image:width\" content=\"700\" \/>\n\t<meta property=\"og:image:height\" content=\"394\" \/>\n\t<meta property=\"og:image:type\" content=\"image\/jpeg\" \/>\n<meta name=\"author\" content=\"Deutsche Welle\" \/>\n<meta name=\"twitter:card\" content=\"summary_large_image\" \/>\n<meta name=\"twitter:creator\" content=\"@PressenzaIPA\" \/>\n<meta name=\"twitter:site\" content=\"@PressenzaIPA\" \/>\n<meta name=\"twitter:label1\" content=\"Verfasst von\" \/>\n\t<meta name=\"twitter:data1\" content=\"Deutsche Welle\" \/>\n<script type=\"application\/ld+json\" class=\"yoast-schema-graph\">{\"@context\":\"https:\/\/schema.org\",\"@graph\":[{\"@type\":\"Article\",\"@id\":\"https:\/\/www.pressenza.com\/de\/2020\/07\/studie-deutschland-verstiess-gegen-ruestungsexportrichtlinien\/#article\",\"isPartOf\":{\"@id\":\"https:\/\/www.pressenza.com\/de\/2020\/07\/studie-deutschland-verstiess-gegen-ruestungsexportrichtlinien\/\"},\"author\":{\"name\":\"Deutsche Welle\",\"@id\":\"https:\/\/www.pressenza.com\/de\/#\/schema\/person\/b7c775911f2c9a1b8c7225b94e2e9f37\"},\"headline\":\"Studie: Deutschland verstie\u00df gegen R\u00fcstungsexportrichtlinien\",\"datePublished\":\"2020-07-20T15:08:33+00:00\",\"mainEntityOfPage\":{\"@id\":\"https:\/\/www.pressenza.com\/de\/2020\/07\/studie-deutschland-verstiess-gegen-ruestungsexportrichtlinien\/\"},\"wordCount\":82,\"publisher\":{\"@id\":\"https:\/\/www.pressenza.com\/de\/#organization\"},\"image\":{\"@id\":\"https:\/\/www.pressenza.com\/de\/2020\/07\/studie-deutschland-verstiess-gegen-ruestungsexportrichtlinien\/#primaryimage\"},\"thumbnailUrl\":\"https:\/\/www.pressenza.com\/wp-content\/uploads\/2020\/07\/0FC7BDDC-DB7E-4E05-B002-4B141D39E1E1.jpeg\",\"keywords\":[\"Abr\u00fcstung\",\"Kriegswaffen\",\"Waffenexporte\"],\"articleSection\":[\"Frieden und Abr\u00fcstung\",\"Gewaltfreiheit\",\"Politik\",\"Wirtschaft\"],\"inLanguage\":\"de\"},{\"@type\":\"WebPage\",\"@id\":\"https:\/\/www.pressenza.com\/de\/2020\/07\/studie-deutschland-verstiess-gegen-ruestungsexportrichtlinien\/\",\"url\":\"https:\/\/www.pressenza.com\/de\/2020\/07\/studie-deutschland-verstiess-gegen-ruestungsexportrichtlinien\/\",\"name\":\"Studie: Deutschland verstie\u00df gegen R\u00fcstungsexportrichtlinien\",\"isPartOf\":{\"@id\":\"https:\/\/www.pressenza.com\/de\/#website\"},\"primaryImageOfPage\":{\"@id\":\"https:\/\/www.pressenza.com\/de\/2020\/07\/studie-deutschland-verstiess-gegen-ruestungsexportrichtlinien\/#primaryimage\"},\"image\":{\"@id\":\"https:\/\/www.pressenza.com\/de\/2020\/07\/studie-deutschland-verstiess-gegen-ruestungsexportrichtlinien\/#primaryimage\"},\"thumbnailUrl\":\"https:\/\/www.pressenza.com\/wp-content\/uploads\/2020\/07\/0FC7BDDC-DB7E-4E05-B002-4B141D39E1E1.jpeg\",\"datePublished\":\"2020-07-20T15:08:33+00:00\",\"description\":\"Greenpeace wirft der Bundesregierung vor, bei der R\u00fcstungsexportpolitik in den vergangenen 30 Jahren wiederholt gegen Ausfuhrkriterien versto\u00dfen zu haben.\",\"breadcrumb\":{\"@id\":\"https:\/\/www.pressenza.com\/de\/2020\/07\/studie-deutschland-verstiess-gegen-ruestungsexportrichtlinien\/#breadcrumb\"},\"inLanguage\":\"de\",\"potentialAction\":[{\"@type\":\"ReadAction\",\"target\":[\"https:\/\/www.pressenza.com\/de\/2020\/07\/studie-deutschland-verstiess-gegen-ruestungsexportrichtlinien\/\"]}]},{\"@type\":\"ImageObject\",\"inLanguage\":\"de\",\"@id\":\"https:\/\/www.pressenza.com\/de\/2020\/07\/studie-deutschland-verstiess-gegen-ruestungsexportrichtlinien\/#primaryimage\",\"url\":\"https:\/\/www.pressenza.com\/wp-content\/uploads\/2020\/07\/0FC7BDDC-DB7E-4E05-B002-4B141D39E1E1.jpeg\",\"contentUrl\":\"https:\/\/www.pressenza.com\/wp-content\/uploads\/2020\/07\/0FC7BDDC-DB7E-4E05-B002-4B141D39E1E1.jpeg\",\"width\":700,\"height\":394},{\"@type\":\"BreadcrumbList\",\"@id\":\"https:\/\/www.pressenza.com\/de\/2020\/07\/studie-deutschland-verstiess-gegen-ruestungsexportrichtlinien\/#breadcrumb\",\"itemListElement\":[{\"@type\":\"ListItem\",\"position\":1,\"name\":\"Accueil\",\"item\":\"https:\/\/www.pressenza.com\/de\/\"},{\"@type\":\"ListItem\",\"position\":2,\"name\":\"Studie: Deutschland verstie\u00df gegen R\u00fcstungsexportrichtlinien\"}]},{\"@type\":\"WebSite\",\"@id\":\"https:\/\/www.pressenza.com\/de\/#website\",\"url\":\"https:\/\/www.pressenza.com\/de\/\",\"name\":\"Pressenza\",\"description\":\"International Press Agency\",\"publisher\":{\"@id\":\"https:\/\/www.pressenza.com\/de\/#organization\"},\"potentialAction\":[{\"@type\":\"SearchAction\",\"target\":{\"@type\":\"EntryPoint\",\"urlTemplate\":\"https:\/\/www.pressenza.com\/de\/?s={search_term_string}\"},\"query-input\":{\"@type\":\"PropertyValueSpecification\",\"valueRequired\":true,\"valueName\":\"search_term_string\"}}],\"inLanguage\":\"de\"},{\"@type\":\"Organization\",\"@id\":\"https:\/\/www.pressenza.com\/de\/#organization\",\"name\":\"Pressenza\",\"url\":\"https:\/\/www.pressenza.com\/de\/\",\"logo\":{\"@type\":\"ImageObject\",\"inLanguage\":\"de\",\"@id\":\"https:\/\/www.pressenza.com\/de\/#\/schema\/logo\/image\/\",\"url\":\"https:\/\/www.pressenza.com\/wp-content\/uploads\/2022\/10\/pressenza_logo_200x200.jpg\",\"contentUrl\":\"https:\/\/www.pressenza.com\/wp-content\/uploads\/2022\/10\/pressenza_logo_200x200.jpg\",\"width\":200,\"height\":200,\"caption\":\"Pressenza\"},\"image\":{\"@id\":\"https:\/\/www.pressenza.com\/de\/#\/schema\/logo\/image\/\"},\"sameAs\":[\"https:\/\/www.facebook.com\/PressenzaItalia\",\"https:\/\/x.com\/PressenzaIPA\"]},{\"@type\":\"Person\",\"@id\":\"https:\/\/www.pressenza.com\/de\/#\/schema\/person\/b7c775911f2c9a1b8c7225b94e2e9f37\",\"name\":\"Deutsche Welle\",\"description\":\"Articles and photographs by Deutsche Welle on Pressenza do not fall under the Creative Commons licence and are not reproducible in any way. www.dw.com\",\"sameAs\":[\"http:\/\/www.dw.com\"],\"url\":\"https:\/\/www.pressenza.com\/de\/author\/deutsche-welle\/\"}]}<\/script>\n<!-- \/ Yoast SEO plugin. -->","yoast_head_json":{"title":"Studie: Deutschland verstie\u00df gegen R\u00fcstungsexportrichtlinien","description":"Greenpeace wirft der Bundesregierung vor, bei der R\u00fcstungsexportpolitik in den vergangenen 30 Jahren wiederholt gegen Ausfuhrkriterien versto\u00dfen zu haben.","robots":{"index":"index","follow":"follow","max-snippet":"max-snippet:-1","max-image-preview":"max-image-preview:large","max-video-preview":"max-video-preview:-1"},"canonical":"https:\/\/www.pressenza.com\/de\/2020\/07\/studie-deutschland-verstiess-gegen-ruestungsexportrichtlinien\/","og_locale":"de_DE","og_type":"article","og_title":"Studie: Deutschland verstie\u00df gegen R\u00fcstungsexportrichtlinien","og_description":"Greenpeace wirft der Bundesregierung vor, bei der R\u00fcstungsexportpolitik in den vergangenen 30 Jahren wiederholt gegen Ausfuhrkriterien versto\u00dfen zu haben.","og_url":"https:\/\/www.pressenza.com\/de\/2020\/07\/studie-deutschland-verstiess-gegen-ruestungsexportrichtlinien\/","og_site_name":"Pressenza","article_publisher":"https:\/\/www.facebook.com\/PressenzaItalia","article_published_time":"2020-07-20T15:08:33+00:00","og_image":[{"width":700,"height":394,"url":"https:\/\/www.pressenza.com\/wp-content\/uploads\/2020\/07\/0FC7BDDC-DB7E-4E05-B002-4B141D39E1E1.jpeg","type":"image\/jpeg"}],"author":"Deutsche Welle","twitter_card":"summary_large_image","twitter_creator":"@PressenzaIPA","twitter_site":"@PressenzaIPA","twitter_misc":{"Verfasst von":"Deutsche Welle"},"schema":{"@context":"https:\/\/schema.org","@graph":[{"@type":"Article","@id":"https:\/\/www.pressenza.com\/de\/2020\/07\/studie-deutschland-verstiess-gegen-ruestungsexportrichtlinien\/#article","isPartOf":{"@id":"https:\/\/www.pressenza.com\/de\/2020\/07\/studie-deutschland-verstiess-gegen-ruestungsexportrichtlinien\/"},"author":{"name":"Deutsche Welle","@id":"https:\/\/www.pressenza.com\/de\/#\/schema\/person\/b7c775911f2c9a1b8c7225b94e2e9f37"},"headline":"Studie: Deutschland verstie\u00df gegen R\u00fcstungsexportrichtlinien","datePublished":"2020-07-20T15:08:33+00:00","mainEntityOfPage":{"@id":"https:\/\/www.pressenza.com\/de\/2020\/07\/studie-deutschland-verstiess-gegen-ruestungsexportrichtlinien\/"},"wordCount":82,"publisher":{"@id":"https:\/\/www.pressenza.com\/de\/#organization"},"image":{"@id":"https:\/\/www.pressenza.com\/de\/2020\/07\/studie-deutschland-verstiess-gegen-ruestungsexportrichtlinien\/#primaryimage"},"thumbnailUrl":"https:\/\/www.pressenza.com\/wp-content\/uploads\/2020\/07\/0FC7BDDC-DB7E-4E05-B002-4B141D39E1E1.jpeg","keywords":["Abr\u00fcstung","Kriegswaffen","Waffenexporte"],"articleSection":["Frieden und Abr\u00fcstung","Gewaltfreiheit","Politik","Wirtschaft"],"inLanguage":"de"},{"@type":"WebPage","@id":"https:\/\/www.pressenza.com\/de\/2020\/07\/studie-deutschland-verstiess-gegen-ruestungsexportrichtlinien\/","url":"https:\/\/www.pressenza.com\/de\/2020\/07\/studie-deutschland-verstiess-gegen-ruestungsexportrichtlinien\/","name":"Studie: Deutschland verstie\u00df gegen R\u00fcstungsexportrichtlinien","isPartOf":{"@id":"https:\/\/www.pressenza.com\/de\/#website"},"primaryImageOfPage":{"@id":"https:\/\/www.pressenza.com\/de\/2020\/07\/studie-deutschland-verstiess-gegen-ruestungsexportrichtlinien\/#primaryimage"},"image":{"@id":"https:\/\/www.pressenza.com\/de\/2020\/07\/studie-deutschland-verstiess-gegen-ruestungsexportrichtlinien\/#primaryimage"},"thumbnailUrl":"https:\/\/www.pressenza.com\/wp-content\/uploads\/2020\/07\/0FC7BDDC-DB7E-4E05-B002-4B141D39E1E1.jpeg","datePublished":"2020-07-20T15:08:33+00:00","description":"Greenpeace wirft der Bundesregierung vor, bei der R\u00fcstungsexportpolitik in den vergangenen 30 Jahren wiederholt gegen Ausfuhrkriterien versto\u00dfen zu haben.","breadcrumb":{"@id":"https:\/\/www.pressenza.com\/de\/2020\/07\/studie-deutschland-verstiess-gegen-ruestungsexportrichtlinien\/#breadcrumb"},"inLanguage":"de","potentialAction":[{"@type":"ReadAction","target":["https:\/\/www.pressenza.com\/de\/2020\/07\/studie-deutschland-verstiess-gegen-ruestungsexportrichtlinien\/"]}]},{"@type":"ImageObject","inLanguage":"de","@id":"https:\/\/www.pressenza.com\/de\/2020\/07\/studie-deutschland-verstiess-gegen-ruestungsexportrichtlinien\/#primaryimage","url":"https:\/\/www.pressenza.com\/wp-content\/uploads\/2020\/07\/0FC7BDDC-DB7E-4E05-B002-4B141D39E1E1.jpeg","contentUrl":"https:\/\/www.pressenza.com\/wp-content\/uploads\/2020\/07\/0FC7BDDC-DB7E-4E05-B002-4B141D39E1E1.jpeg","width":700,"height":394},{"@type":"BreadcrumbList","@id":"https:\/\/www.pressenza.com\/de\/2020\/07\/studie-deutschland-verstiess-gegen-ruestungsexportrichtlinien\/#breadcrumb","itemListElement":[{"@type":"ListItem","position":1,"name":"Accueil","item":"https:\/\/www.pressenza.com\/de\/"},{"@type":"ListItem","position":2,"name":"Studie: Deutschland verstie\u00df gegen R\u00fcstungsexportrichtlinien"}]},{"@type":"WebSite","@id":"https:\/\/www.pressenza.com\/de\/#website","url":"https:\/\/www.pressenza.com\/de\/","name":"Pressenza","description":"International Press Agency","publisher":{"@id":"https:\/\/www.pressenza.com\/de\/#organization"},"potentialAction":[{"@type":"SearchAction","target":{"@type":"EntryPoint","urlTemplate":"https:\/\/www.pressenza.com\/de\/?s={search_term_string}"},"query-input":{"@type":"PropertyValueSpecification","valueRequired":true,"valueName":"search_term_string"}}],"inLanguage":"de"},{"@type":"Organization","@id":"https:\/\/www.pressenza.com\/de\/#organization","name":"Pressenza","url":"https:\/\/www.pressenza.com\/de\/","logo":{"@type":"ImageObject","inLanguage":"de","@id":"https:\/\/www.pressenza.com\/de\/#\/schema\/logo\/image\/","url":"https:\/\/www.pressenza.com\/wp-content\/uploads\/2022\/10\/pressenza_logo_200x200.jpg","contentUrl":"https:\/\/www.pressenza.com\/wp-content\/uploads\/2022\/10\/pressenza_logo_200x200.jpg","width":200,"height":200,"caption":"Pressenza"},"image":{"@id":"https:\/\/www.pressenza.com\/de\/#\/schema\/logo\/image\/"},"sameAs":["https:\/\/www.facebook.com\/PressenzaItalia","https:\/\/x.com\/PressenzaIPA"]},{"@type":"Person","@id":"https:\/\/www.pressenza.com\/de\/#\/schema\/person\/b7c775911f2c9a1b8c7225b94e2e9f37","name":"Deutsche Welle","description":"Articles and photographs by Deutsche Welle on Pressenza do not fall under the Creative Commons licence and are not reproducible in any way. www.dw.com","sameAs":["http:\/\/www.dw.com"],"url":"https:\/\/www.pressenza.com\/de\/author\/deutsche-welle\/"}]}},"place":"","original_article_url":"https:\/\/www.dw.com\/de\/studie-deutschland-verstie\u00df-gegen-r\u00fcstungsexportrichtlinien\/a-54233321","_links":{"self":[{"href":"https:\/\/www.pressenza.com\/de\/wp-json\/wp\/v2\/posts\/1163416","targetHints":{"allow":["GET"]}}],"collection":[{"href":"https:\/\/www.pressenza.com\/de\/wp-json\/wp\/v2\/posts"}],"about":[{"href":"https:\/\/www.pressenza.com\/de\/wp-json\/wp\/v2\/types\/post"}],"author":[{"embeddable":true,"href":"https:\/\/www.pressenza.com\/de\/wp-json\/wp\/v2\/users\/993"}],"replies":[{"embeddable":true,"href":"https:\/\/www.pressenza.com\/de\/wp-json\/wp\/v2\/comments?post=1163416"}],"version-history":[{"count":0,"href":"https:\/\/www.pressenza.com\/de\/wp-json\/wp\/v2\/posts\/1163416\/revisions"}],"wp:featuredmedia":[{"embeddable":true,"href":"https:\/\/www.pressenza.com\/de\/wp-json\/wp\/v2\/media\/1163417"}],"wp:attachment":[{"href":"https:\/\/www.pressenza.com\/de\/wp-json\/wp\/v2\/media?parent=1163416"}],"wp:term":[{"taxonomy":"category","embeddable":true,"href":"https:\/\/www.pressenza.com\/de\/wp-json\/wp\/v2\/categories?post=1163416"},{"taxonomy":"post_tag","embeddable":true,"href":"https:\/\/www.pressenza.com\/de\/wp-json\/wp\/v2\/tags?post=1163416"}],"curies":[{"name":"wp","href":"https:\/\/api.w.org\/{rel}","templated":true}]}}