{"id":1163210,"date":"2020-07-20T15:51:15","date_gmt":"2020-07-20T14:51:15","guid":{"rendered":"https:\/\/www.pressenza.com\/?p=1163210"},"modified":"2020-07-20T15:53:26","modified_gmt":"2020-07-20T14:53:26","slug":"zur-relativierung-von-menschlichkeit","status":"publish","type":"post","link":"https:\/\/www.pressenza.com\/de\/2020\/07\/zur-relativierung-von-menschlichkeit\/","title":{"rendered":"Zur Relativierung von Menschlichkeit"},"content":{"rendered":"<p><strong>Es wird kolportiert, dass Liz Mohn <sup><a id=\"fnref-1\" href=\"https:\/\/neue-debatte.com\/2020\/07\/17\/zur-relativierung-von-menschlichkeit\/#fn-1\">[1]<\/a><\/sup>, ihrerseits die Herrscherin \u00fcber das Bertelsmann-Imperium, vor gut zwei Wochen durch die Stabsetagen im Hauptquartier lief und ganz best\u00fcrzt rief, das sei alles ganz schrecklich, furchtbar schrecklich, und die Margit, die sei den ganzen Tag am Weinen. Die Mitarbeiterinnen und Mitarbeiter, versiert in der G\u00fctersloher Gesellschaft, wussten, wer gemeint war.<\/strong><\/p>\n<p><strong>Das Elend<\/strong><\/p>\n<p>Es ging um Margit T\u00f6nnies, die Frau des Fleischk\u00f6nigs, und die konnte das Malheur, das in den Schlachthallen des eigenen Betriebs seinen Ausgang hatte, nicht verwinden <sup><a id=\"fnref-2\" href=\"https:\/\/neue-debatte.com\/2020\/07\/17\/zur-relativierung-von-menschlichkeit\/#fn-2\">[2]<\/a><\/sup>. Margit weinte, und Liz hatte Mitgef\u00fchl.<\/p>\n<p>Bitte nicht lachen! Die Episode ist todernst. Weil sie zeigt, dass die Ausdifferenzierung von <a href=\"https:\/\/neue-debatte.com\/2020\/04\/04\/wirklich-ich-lebe-in-finsteren-zeiten\/\">Menschlichkeit<\/a> eine Dimension angenommen hat, die vern\u00fcnftiges gesellschaftliches Handeln nahezu unm\u00f6glich macht.<\/p>\n<p><strong>Im Hause von Liz Mohn war noch 2019 ein Gutachten ver\u00f6ffentlicht worden, das vorschlug, die H\u00e4lfte aller Krankenh\u00e4user in der Republik zu schlie\u00dfen, um die Versorgung zu verbessern<\/strong> <sup><a id=\"fnref-3\" href=\"https:\/\/neue-debatte.com\/2020\/07\/17\/zur-relativierung-von-menschlichkeit\/#fn-3\">[3]<\/a><\/sup>.<\/p>\n<p>Man stelle sich vor, das w\u00e4re vor Corona umgesetzt worden. Wie st\u00fcnde die Politik nun da? Spr\u00e4che sie immer noch von den wunderbaren Bedingungen in diesem Land?<\/p>\n<p>Die Berichte \u00fcber die Arbeitsbedingungen in besagtem Fleischkonzern, die nun produziert wurden und die es lange vor dem Infektionsskandal gab, zeigen, dass da vorbei an Tarifen und Vorschriften mit dem <a href=\"https:\/\/arbeitsunrecht.de\/zustaende-in-der-fleischindustrie-werkvertraege-oder-illegale-arbeitnehmerueberlassung\/\" target=\"_blank\" rel=\"noopener noreferrer\">Elend osteurop\u00e4ischer Menschen<\/a> ein Sklavensystem aufgebaut wurde, das unbeschreiblich, aber wahr ist. Analog geht es auf dem Bau in vielen Bereichen zu.<\/p>\n<p><span id=\"Das_System\" class=\"ez-toc-section\"><\/span><strong>Das System<\/strong><\/p>\n<p>Bei aller Emp\u00f6rung \u00fcber die Einzelf\u00e4lle sollte nicht aus den Augen verloren werden, dass es sich dabei um ein klar gegliedertes System handelt. Da sind tats\u00e4chlich nicht einige Akteure zu d\u00e4monisieren, sondern da muss einer Politik die Rote Karte gezeigt werden, die das alles bewusst inszeniert.<\/p>\n<p><strong>Die Ost- und S\u00fcdexpansion der EU diente dazu, neue M\u00e4rkte vor allem f\u00fcr die deutsche Exportindustrie zu schaffen. Um die Nachfrage zu stimulieren, wurden gro\u00dfz\u00fcgig Kredite ausgegeben \u2013 f\u00fcr die letztendlich das Gemeinwesen haftete -, die zum Kauf von LKWs, Waffen, Bussen und Luxusg\u00fctern verwendet wurden.<\/strong><\/p>\n<p>Die mit der EU-Aufnahme verbundene <a href=\"https:\/\/neue-debatte.com\/2016\/09\/20\/europas-bittere-medizin-kannibalisierend-aus-der-krise\/\">Freiz\u00fcgigkeit<\/a> verursachte eine Arbeitsmigration, die noch dazu genutzt wurde, die Lohnkosten vor allem in Deutschland brutal zu dr\u00fccken. Die sozialen Kosten f\u00fcr diese Immigration \u00fcberlie\u00df man hingegen wieder den Kommunen. Ein einfaches, durchschaubares System, dessen Ende in Sicht ist.<\/p>\n<p><span id=\"Die_Relativierung\" class=\"ez-toc-section\"><\/span><strong>Die Relativierung<\/strong><\/p>\n<p>Es ist also nicht so, dass der ostwestf\u00e4lischen Fleischbaron ein Einzelfall ist. Sollten sich Ressentiments gebildet haben, so w\u00e4re es ein Akt der Gerechtigkeit, diese nicht nur auf die Familie der bemitleidenswerten Margit zu richten, sondern konsequenterweise auf das politische Programm, das dahinter steckt.<\/p>\n<p>Die Profiteure dieser Politik sind keine schlimmeren B\u00f6sewichter, und jetzt kommt die geplante Unversch\u00e4mtheit, als der Rest. Sie sind einerseits k\u00fchl positionierte Rechenmaschinen, die in der Lage sind, das Menschliche f\u00fcr eine Weile auszublenden.<\/p>\n<p><strong>Geht es jedoch um die eigenen Belange, dann erh\u00e4lt das Menschliche durchaus wieder Einzug. <\/strong><\/p>\n<p>Die genannte Ausdifferenzierung, die findet \u00fcbrigens auch bei denen statt, die sich nun, punktuell, \u00fcber die Ereignisse auf dem Schlachthof echauffieren. <a href=\"https:\/\/neue-debatte.com\/2020\/06\/05\/darueber-muessen-wir-reden-die-kaputte-gesellschaft-in-den-usa\/\">Black Lives Matter<\/a>! Allerdings nur in den USA. Oder weint ihr ebenso herzzerrei\u00dfend \u00fcber die Toten im Mittelmeer oder in den von Banden verwalteten KZs in Libyen? Und Ihr besitzt die Chuzpe, \u00fcber Liz Mohn und Margit T\u00f6nnies zu lachen?<\/p>\n<p>Wahrheit wie Menschlichkeit haben einen Wesenszug gemein: Sie lassen sich nicht relativieren. Wer das glaubt, tanzt Arsch an Arsch mit dem Beelzebub.<\/p>\n<hr \/>\n<p><span id=\"Quellen_und_Anmerkungen\" class=\"ez-toc-section\"><\/span><strong>Quellen und Anmerkungen<\/strong><\/p>\n<p id=\"fn-1\">[1] <strong>Elisabeth Mohn<\/strong> (Jahrgang 1941)ist Vorsitzende der Gesellschafterversammlung und des Lenkungsausschusses der Bertelsmann Verwaltungsgesellschaft, Mitglied der Aufsichtsratsgremien von Bertelsmann sowie stellvertretende Vorsitzende des Vorstands und des Kuratoriums der Bertelsmann Stiftung. Sie ist Ehrenb\u00fcrgerin der Stadt G\u00fctersloh. Auf <a href=\"https:\/\/de.wikipedia.org\/wiki\/Liz_Mohn\" target=\"_blank\" rel=\"noopener noreferrer\">https:\/\/de.wikipedia.org\/wiki\/Liz_Mohn<\/a> (abgerufen am 2020)<\/p>\n<p id=\"fn-2\">[2] BBC (23.6.2020): <strong>Who is Germany\u2019s \u201ameat baron\u2018 Clemens T\u00f6nnies?<\/strong> Auf <a href=\"https:\/\/www.bbc.com\/news\/world-europe-53152724\" target=\"_blank\" rel=\"noopener noreferrer\">https:\/\/www.bbc.com\/news\/world-europe-53152724<\/a> (abgerufen am 17.7.2020)<\/p>\n<p id=\"fn-3\">[3] Bertelsmann-Stiftung (15.7.2019): <strong>Eine bessere Versorgung ist nur mit halb so vielen Kliniken m\u00f6glich.<\/strong> Auf <a href=\"https:\/\/www.bertelsmann-stiftung.de\/de\/themen\/aktuelle-meldungen\/2019\/juli\/eine-bessere-versorgung-ist-nur-mit-halb-so-vielen-kliniken-moeglich\/\" target=\"_blank\" rel=\"noopener noreferrer\">https:\/\/www.bertelsmann-stiftung.de\/de\/themen\/aktuelle-meldungen\/2019\/juli\/eine-bessere-versorgung-ist-nur-mit-halb-so-vielen-kliniken-moeglich\/<\/a> (abgerufen am 17.7.2020)<\/p>\n","protected":false},"excerpt":{"rendered":"<p>Es wird kolportiert, dass Liz Mohn [1], ihrerseits die Herrscherin \u00fcber das Bertelsmann-Imperium, vor gut zwei Wochen durch die Stabsetagen im Hauptquartier lief und ganz best\u00fcrzt rief, das sei alles ganz schrecklich, furchtbar schrecklich, und die Margit, die sei den&hellip;<\/p>\n","protected":false},"author":1342,"featured_media":1163212,"comment_status":"closed","ping_status":"closed","sticky":false,"template":"","format":"standard","meta":{"footnotes":""},"categories":[9161,54569,9168,9158],"tags":[79064,9481,40232,9218],"class_list":["post-1163210","post","type-post","status-publish","format-standard","has-post-thumbnail","hentry","category-menschenrechte","category-migration","category-politik","category-wirtschaft","tag-billigloehne","tag-eu-de","tag-fleischindustrie","tag-migration-de"],"yoast_head":"<!-- This site is optimized with the Yoast SEO plugin v27.1.1 - https:\/\/yoast.com\/product\/yoast-seo-wordpress\/ -->\n<title>Zur Relativierung von Menschlichkeit<\/title>\n<meta name=\"description\" content=\"Es wird kolportiert, dass Liz Mohn , ihrerseits die Herrscherin \u00fcber das Bertelsmann-Imperium, vor gut zwei Wochen durch die Stabsetagen im Hauptquartier\" \/>\n<meta name=\"robots\" content=\"index, follow, max-snippet:-1, max-image-preview:large, max-video-preview:-1\" \/>\n<link rel=\"canonical\" href=\"https:\/\/www.pressenza.com\/de\/2020\/07\/zur-relativierung-von-menschlichkeit\/\" \/>\n<meta property=\"og:locale\" content=\"de_DE\" \/>\n<meta property=\"og:type\" content=\"article\" \/>\n<meta property=\"og:title\" content=\"Zur Relativierung von Menschlichkeit\" \/>\n<meta property=\"og:description\" content=\"Es wird kolportiert, dass Liz Mohn , ihrerseits die Herrscherin \u00fcber das Bertelsmann-Imperium, vor gut zwei Wochen durch die Stabsetagen im Hauptquartier\" \/>\n<meta property=\"og:url\" content=\"https:\/\/www.pressenza.com\/de\/2020\/07\/zur-relativierung-von-menschlichkeit\/\" \/>\n<meta property=\"og:site_name\" content=\"Pressenza\" \/>\n<meta property=\"article:publisher\" content=\"https:\/\/www.facebook.com\/PressenzaItalia\" \/>\n<meta property=\"article:published_time\" content=\"2020-07-20T14:51:15+00:00\" \/>\n<meta property=\"article:modified_time\" content=\"2020-07-20T14:53:26+00:00\" \/>\n<meta property=\"og:image\" content=\"https:\/\/www.pressenza.com\/wp-content\/uploads\/2020\/07\/BeitragT\u00f6nnies.jpg\" \/>\n\t<meta property=\"og:image:width\" content=\"1000\" \/>\n\t<meta property=\"og:image:height\" content=\"560\" \/>\n\t<meta property=\"og:image:type\" content=\"image\/jpeg\" \/>\n<meta name=\"author\" content=\"Neue Debatte\" \/>\n<meta name=\"twitter:card\" content=\"summary_large_image\" \/>\n<meta name=\"twitter:creator\" content=\"@PressenzaIPA\" \/>\n<meta name=\"twitter:site\" content=\"@PressenzaIPA\" \/>\n<meta name=\"twitter:label1\" content=\"Verfasst von\" \/>\n\t<meta name=\"twitter:data1\" content=\"Neue Debatte\" \/>\n\t<meta name=\"twitter:label2\" content=\"Gesch\u00e4tzte Lesezeit\" \/>\n\t<meta name=\"twitter:data2\" content=\"3\u00a0Minuten\" \/>\n<script type=\"application\/ld+json\" class=\"yoast-schema-graph\">{\"@context\":\"https:\/\/schema.org\",\"@graph\":[{\"@type\":\"Article\",\"@id\":\"https:\/\/www.pressenza.com\/de\/2020\/07\/zur-relativierung-von-menschlichkeit\/#article\",\"isPartOf\":{\"@id\":\"https:\/\/www.pressenza.com\/de\/2020\/07\/zur-relativierung-von-menschlichkeit\/\"},\"author\":{\"name\":\"Neue Debatte\",\"@id\":\"https:\/\/www.pressenza.com\/de\/#\/schema\/person\/b816344ee166a2736c48a20c4b9ad2a9\"},\"headline\":\"Zur Relativierung von Menschlichkeit\",\"datePublished\":\"2020-07-20T14:51:15+00:00\",\"dateModified\":\"2020-07-20T14:53:26+00:00\",\"mainEntityOfPage\":{\"@id\":\"https:\/\/www.pressenza.com\/de\/2020\/07\/zur-relativierung-von-menschlichkeit\/\"},\"wordCount\":672,\"publisher\":{\"@id\":\"https:\/\/www.pressenza.com\/de\/#organization\"},\"image\":{\"@id\":\"https:\/\/www.pressenza.com\/de\/2020\/07\/zur-relativierung-von-menschlichkeit\/#primaryimage\"},\"thumbnailUrl\":\"https:\/\/www.pressenza.com\/wp-content\/uploads\/2020\/07\/BeitragT\u00f6nnies.jpg\",\"keywords\":[\"Billigl\u00f6hne\",\"EU\",\"Fleischindustrie\",\"Migration\"],\"articleSection\":[\"Menschenrechte\",\"Migration\",\"Politik\",\"Wirtschaft\"],\"inLanguage\":\"de\"},{\"@type\":\"WebPage\",\"@id\":\"https:\/\/www.pressenza.com\/de\/2020\/07\/zur-relativierung-von-menschlichkeit\/\",\"url\":\"https:\/\/www.pressenza.com\/de\/2020\/07\/zur-relativierung-von-menschlichkeit\/\",\"name\":\"Zur Relativierung von Menschlichkeit\",\"isPartOf\":{\"@id\":\"https:\/\/www.pressenza.com\/de\/#website\"},\"primaryImageOfPage\":{\"@id\":\"https:\/\/www.pressenza.com\/de\/2020\/07\/zur-relativierung-von-menschlichkeit\/#primaryimage\"},\"image\":{\"@id\":\"https:\/\/www.pressenza.com\/de\/2020\/07\/zur-relativierung-von-menschlichkeit\/#primaryimage\"},\"thumbnailUrl\":\"https:\/\/www.pressenza.com\/wp-content\/uploads\/2020\/07\/BeitragT\u00f6nnies.jpg\",\"datePublished\":\"2020-07-20T14:51:15+00:00\",\"dateModified\":\"2020-07-20T14:53:26+00:00\",\"description\":\"Es wird kolportiert, dass Liz Mohn , ihrerseits die Herrscherin \u00fcber das Bertelsmann-Imperium, vor gut zwei Wochen durch die Stabsetagen im Hauptquartier\",\"breadcrumb\":{\"@id\":\"https:\/\/www.pressenza.com\/de\/2020\/07\/zur-relativierung-von-menschlichkeit\/#breadcrumb\"},\"inLanguage\":\"de\",\"potentialAction\":[{\"@type\":\"ReadAction\",\"target\":[\"https:\/\/www.pressenza.com\/de\/2020\/07\/zur-relativierung-von-menschlichkeit\/\"]}]},{\"@type\":\"ImageObject\",\"inLanguage\":\"de\",\"@id\":\"https:\/\/www.pressenza.com\/de\/2020\/07\/zur-relativierung-von-menschlichkeit\/#primaryimage\",\"url\":\"https:\/\/www.pressenza.com\/wp-content\/uploads\/2020\/07\/BeitragT\u00f6nnies.jpg\",\"contentUrl\":\"https:\/\/www.pressenza.com\/wp-content\/uploads\/2020\/07\/BeitragT\u00f6nnies.jpg\",\"width\":1000,\"height\":560},{\"@type\":\"BreadcrumbList\",\"@id\":\"https:\/\/www.pressenza.com\/de\/2020\/07\/zur-relativierung-von-menschlichkeit\/#breadcrumb\",\"itemListElement\":[{\"@type\":\"ListItem\",\"position\":1,\"name\":\"Accueil\",\"item\":\"https:\/\/www.pressenza.com\/de\/\"},{\"@type\":\"ListItem\",\"position\":2,\"name\":\"Zur Relativierung von Menschlichkeit\"}]},{\"@type\":\"WebSite\",\"@id\":\"https:\/\/www.pressenza.com\/de\/#website\",\"url\":\"https:\/\/www.pressenza.com\/de\/\",\"name\":\"Pressenza\",\"description\":\"International Press Agency\",\"publisher\":{\"@id\":\"https:\/\/www.pressenza.com\/de\/#organization\"},\"potentialAction\":[{\"@type\":\"SearchAction\",\"target\":{\"@type\":\"EntryPoint\",\"urlTemplate\":\"https:\/\/www.pressenza.com\/de\/?s={search_term_string}\"},\"query-input\":{\"@type\":\"PropertyValueSpecification\",\"valueRequired\":true,\"valueName\":\"search_term_string\"}}],\"inLanguage\":\"de\"},{\"@type\":\"Organization\",\"@id\":\"https:\/\/www.pressenza.com\/de\/#organization\",\"name\":\"Pressenza\",\"url\":\"https:\/\/www.pressenza.com\/de\/\",\"logo\":{\"@type\":\"ImageObject\",\"inLanguage\":\"de\",\"@id\":\"https:\/\/www.pressenza.com\/de\/#\/schema\/logo\/image\/\",\"url\":\"https:\/\/www.pressenza.com\/wp-content\/uploads\/2022\/10\/pressenza_logo_200x200.jpg\",\"contentUrl\":\"https:\/\/www.pressenza.com\/wp-content\/uploads\/2022\/10\/pressenza_logo_200x200.jpg\",\"width\":200,\"height\":200,\"caption\":\"Pressenza\"},\"image\":{\"@id\":\"https:\/\/www.pressenza.com\/de\/#\/schema\/logo\/image\/\"},\"sameAs\":[\"https:\/\/www.facebook.com\/PressenzaItalia\",\"https:\/\/x.com\/PressenzaIPA\"]},{\"@type\":\"Person\",\"@id\":\"https:\/\/www.pressenza.com\/de\/#\/schema\/person\/b816344ee166a2736c48a20c4b9ad2a9\",\"name\":\"Neue Debatte\",\"description\":\"Magazin f\u00fcr Menschen, Kultur und Gesellschaft www.neue-debatte.de\",\"url\":\"https:\/\/www.pressenza.com\/de\/author\/neue-debatte\/\"}]}<\/script>\n<!-- \/ Yoast SEO plugin. -->","yoast_head_json":{"title":"Zur Relativierung von Menschlichkeit","description":"Es wird kolportiert, dass Liz Mohn , ihrerseits die Herrscherin \u00fcber das Bertelsmann-Imperium, vor gut zwei Wochen durch die Stabsetagen im Hauptquartier","robots":{"index":"index","follow":"follow","max-snippet":"max-snippet:-1","max-image-preview":"max-image-preview:large","max-video-preview":"max-video-preview:-1"},"canonical":"https:\/\/www.pressenza.com\/de\/2020\/07\/zur-relativierung-von-menschlichkeit\/","og_locale":"de_DE","og_type":"article","og_title":"Zur Relativierung von Menschlichkeit","og_description":"Es wird kolportiert, dass Liz Mohn , ihrerseits die Herrscherin \u00fcber das Bertelsmann-Imperium, vor gut zwei Wochen durch die Stabsetagen im Hauptquartier","og_url":"https:\/\/www.pressenza.com\/de\/2020\/07\/zur-relativierung-von-menschlichkeit\/","og_site_name":"Pressenza","article_publisher":"https:\/\/www.facebook.com\/PressenzaItalia","article_published_time":"2020-07-20T14:51:15+00:00","article_modified_time":"2020-07-20T14:53:26+00:00","og_image":[{"width":1000,"height":560,"url":"https:\/\/www.pressenza.com\/wp-content\/uploads\/2020\/07\/BeitragT\u00f6nnies.jpg","type":"image\/jpeg"}],"author":"Neue Debatte","twitter_card":"summary_large_image","twitter_creator":"@PressenzaIPA","twitter_site":"@PressenzaIPA","twitter_misc":{"Verfasst von":"Neue Debatte","Gesch\u00e4tzte Lesezeit":"3\u00a0Minuten"},"schema":{"@context":"https:\/\/schema.org","@graph":[{"@type":"Article","@id":"https:\/\/www.pressenza.com\/de\/2020\/07\/zur-relativierung-von-menschlichkeit\/#article","isPartOf":{"@id":"https:\/\/www.pressenza.com\/de\/2020\/07\/zur-relativierung-von-menschlichkeit\/"},"author":{"name":"Neue Debatte","@id":"https:\/\/www.pressenza.com\/de\/#\/schema\/person\/b816344ee166a2736c48a20c4b9ad2a9"},"headline":"Zur Relativierung von Menschlichkeit","datePublished":"2020-07-20T14:51:15+00:00","dateModified":"2020-07-20T14:53:26+00:00","mainEntityOfPage":{"@id":"https:\/\/www.pressenza.com\/de\/2020\/07\/zur-relativierung-von-menschlichkeit\/"},"wordCount":672,"publisher":{"@id":"https:\/\/www.pressenza.com\/de\/#organization"},"image":{"@id":"https:\/\/www.pressenza.com\/de\/2020\/07\/zur-relativierung-von-menschlichkeit\/#primaryimage"},"thumbnailUrl":"https:\/\/www.pressenza.com\/wp-content\/uploads\/2020\/07\/BeitragT\u00f6nnies.jpg","keywords":["Billigl\u00f6hne","EU","Fleischindustrie","Migration"],"articleSection":["Menschenrechte","Migration","Politik","Wirtschaft"],"inLanguage":"de"},{"@type":"WebPage","@id":"https:\/\/www.pressenza.com\/de\/2020\/07\/zur-relativierung-von-menschlichkeit\/","url":"https:\/\/www.pressenza.com\/de\/2020\/07\/zur-relativierung-von-menschlichkeit\/","name":"Zur Relativierung von Menschlichkeit","isPartOf":{"@id":"https:\/\/www.pressenza.com\/de\/#website"},"primaryImageOfPage":{"@id":"https:\/\/www.pressenza.com\/de\/2020\/07\/zur-relativierung-von-menschlichkeit\/#primaryimage"},"image":{"@id":"https:\/\/www.pressenza.com\/de\/2020\/07\/zur-relativierung-von-menschlichkeit\/#primaryimage"},"thumbnailUrl":"https:\/\/www.pressenza.com\/wp-content\/uploads\/2020\/07\/BeitragT\u00f6nnies.jpg","datePublished":"2020-07-20T14:51:15+00:00","dateModified":"2020-07-20T14:53:26+00:00","description":"Es wird kolportiert, dass Liz Mohn , ihrerseits die Herrscherin \u00fcber das Bertelsmann-Imperium, vor gut zwei Wochen durch die Stabsetagen im Hauptquartier","breadcrumb":{"@id":"https:\/\/www.pressenza.com\/de\/2020\/07\/zur-relativierung-von-menschlichkeit\/#breadcrumb"},"inLanguage":"de","potentialAction":[{"@type":"ReadAction","target":["https:\/\/www.pressenza.com\/de\/2020\/07\/zur-relativierung-von-menschlichkeit\/"]}]},{"@type":"ImageObject","inLanguage":"de","@id":"https:\/\/www.pressenza.com\/de\/2020\/07\/zur-relativierung-von-menschlichkeit\/#primaryimage","url":"https:\/\/www.pressenza.com\/wp-content\/uploads\/2020\/07\/BeitragT\u00f6nnies.jpg","contentUrl":"https:\/\/www.pressenza.com\/wp-content\/uploads\/2020\/07\/BeitragT\u00f6nnies.jpg","width":1000,"height":560},{"@type":"BreadcrumbList","@id":"https:\/\/www.pressenza.com\/de\/2020\/07\/zur-relativierung-von-menschlichkeit\/#breadcrumb","itemListElement":[{"@type":"ListItem","position":1,"name":"Accueil","item":"https:\/\/www.pressenza.com\/de\/"},{"@type":"ListItem","position":2,"name":"Zur Relativierung von Menschlichkeit"}]},{"@type":"WebSite","@id":"https:\/\/www.pressenza.com\/de\/#website","url":"https:\/\/www.pressenza.com\/de\/","name":"Pressenza","description":"International Press Agency","publisher":{"@id":"https:\/\/www.pressenza.com\/de\/#organization"},"potentialAction":[{"@type":"SearchAction","target":{"@type":"EntryPoint","urlTemplate":"https:\/\/www.pressenza.com\/de\/?s={search_term_string}"},"query-input":{"@type":"PropertyValueSpecification","valueRequired":true,"valueName":"search_term_string"}}],"inLanguage":"de"},{"@type":"Organization","@id":"https:\/\/www.pressenza.com\/de\/#organization","name":"Pressenza","url":"https:\/\/www.pressenza.com\/de\/","logo":{"@type":"ImageObject","inLanguage":"de","@id":"https:\/\/www.pressenza.com\/de\/#\/schema\/logo\/image\/","url":"https:\/\/www.pressenza.com\/wp-content\/uploads\/2022\/10\/pressenza_logo_200x200.jpg","contentUrl":"https:\/\/www.pressenza.com\/wp-content\/uploads\/2022\/10\/pressenza_logo_200x200.jpg","width":200,"height":200,"caption":"Pressenza"},"image":{"@id":"https:\/\/www.pressenza.com\/de\/#\/schema\/logo\/image\/"},"sameAs":["https:\/\/www.facebook.com\/PressenzaItalia","https:\/\/x.com\/PressenzaIPA"]},{"@type":"Person","@id":"https:\/\/www.pressenza.com\/de\/#\/schema\/person\/b816344ee166a2736c48a20c4b9ad2a9","name":"Neue Debatte","description":"Magazin f\u00fcr Menschen, Kultur und Gesellschaft www.neue-debatte.de","url":"https:\/\/www.pressenza.com\/de\/author\/neue-debatte\/"}]}},"place":"Gerhard Mersmann","original_article_url":"https:\/\/neue-debatte.com\/2020\/07\/17\/zur-relativierung-von-menschlichkeit\/","_links":{"self":[{"href":"https:\/\/www.pressenza.com\/de\/wp-json\/wp\/v2\/posts\/1163210","targetHints":{"allow":["GET"]}}],"collection":[{"href":"https:\/\/www.pressenza.com\/de\/wp-json\/wp\/v2\/posts"}],"about":[{"href":"https:\/\/www.pressenza.com\/de\/wp-json\/wp\/v2\/types\/post"}],"author":[{"embeddable":true,"href":"https:\/\/www.pressenza.com\/de\/wp-json\/wp\/v2\/users\/1342"}],"replies":[{"embeddable":true,"href":"https:\/\/www.pressenza.com\/de\/wp-json\/wp\/v2\/comments?post=1163210"}],"version-history":[{"count":0,"href":"https:\/\/www.pressenza.com\/de\/wp-json\/wp\/v2\/posts\/1163210\/revisions"}],"wp:featuredmedia":[{"embeddable":true,"href":"https:\/\/www.pressenza.com\/de\/wp-json\/wp\/v2\/media\/1163212"}],"wp:attachment":[{"href":"https:\/\/www.pressenza.com\/de\/wp-json\/wp\/v2\/media?parent=1163210"}],"wp:term":[{"taxonomy":"category","embeddable":true,"href":"https:\/\/www.pressenza.com\/de\/wp-json\/wp\/v2\/categories?post=1163210"},{"taxonomy":"post_tag","embeddable":true,"href":"https:\/\/www.pressenza.com\/de\/wp-json\/wp\/v2\/tags?post=1163210"}],"curies":[{"name":"wp","href":"https:\/\/api.w.org\/{rel}","templated":true}]}}