{"id":1161290,"date":"2020-07-18T11:13:58","date_gmt":"2020-07-18T10:13:58","guid":{"rendered":"https:\/\/www.pressenza.com\/?p=1161290"},"modified":"2020-07-18T11:13:58","modified_gmt":"2020-07-18T10:13:58","slug":"frankreich-radikale-vorschlaege-zum-klimaschutz","status":"publish","type":"post","link":"https:\/\/www.pressenza.com\/de\/2020\/07\/frankreich-radikale-vorschlaege-zum-klimaschutz\/","title":{"rendered":"Frankreich: Radikale Vorschl\u00e4ge zum Klimaschutz"},"content":{"rendered":"<p><strong>Der franz\u00f6sische B\u00fcrgerrat legt weitreichende Vorschl\u00e4ge zum Klimaschutz vor. Er m\u00f6chte f\u00fcr das Klima sogar die Verfassung \u00e4ndern.<\/strong><\/p>\n<p><em>Daniela Gschweng f\u00fcr die Online-Zeitung <a href=\"https:\/\/www.infosperber.ch\/Artikel\/Gesellschaft\/Frankreich-Radikale-Vorschlage-zum-Klimaschutz\">INFOsperber<\/a><\/em><\/p>\n<div class=\"content\">\n<p class=\"paragraph\">Wenn B\u00fcrgerinnen und B\u00fcrger selbst \u00fcber den Kurs der Regierung entscheiden, sind ihre Vorschl\u00e4ge \u00fcberraschend radikal. Das Tempo runter auf maximal 110 Kilometer pro Stunde, keine Inlandfl\u00fcge mehr und in Kantinen soll k\u00fcnftig immer Veggie-Day sein. Diese Aufz\u00e4hlung ist keine Wunschliste einer Umweltorganisation, sondern der Wille des franz\u00f6sischen Volkes.<\/p>\n<p class=\"paragraph\">Oder zumindest eines repr\u00e4sentativen Teils davon. Ende Juni hat der franz\u00f6sische B\u00fcrgerrat 149 Empfehlungen zum Klimaschutz verabschiedet. Die \u00abConvention Citoyenne pour le Climat\u00bb wurde im vergangenen Jahr einberufen. Nicht zuletzt, um nach Macrons Gelbwesten-Debakel das Vertrauen der W\u00e4hler in die franz\u00f6sische Politik wiederherzustellen.<\/p>\n<p class=\"section3\"><strong>Ausschuss aus zuf\u00e4llig ausgew\u00e4hlten B\u00fcrgern<\/strong><\/p>\n<p class=\"paragraph\">Das tempor\u00e4re Gremium besteht aus 150 zuf\u00e4llig ausgew\u00e4hlten B\u00fcrgerinnen und B\u00fcrgern. Dabei wurde auf eine demografisch m\u00f6glichst repr\u00e4sentative Auswahl von Jungen und Alten, M\u00e4nnern und Frauen, urbanen und nicht-urbanen B\u00fcrgern sowie Mitgliedern verschiedener Bildungs- und Verm\u00f6gensst\u00e4nde und Migrationshintergr\u00fcnde geachtet.<\/p>\n<p class=\"paragraph\">Seit Oktober 2019 haben die Mitglieder des Rats an sieben Wochenenden getagt, sich Fachvortr\u00e4ge angeh\u00f6rt und sich mit bestehenden Gesetzen besch\u00e4ftigt. Dabei wurden sie von Expertinnen und Experten unterst\u00fctzt \u2013 eine Arbeit, wie sie sonst Politikerinnen und Politiker machen. Die erarbeiteten Massnahmen sollen den CO<sub>2<\/sub>-Ausstoss Frankreichs bis 2030 um 40 Prozent reduzieren.<\/p>\n<p class=\"section5\"><strong>Kerosinsteuer, Reichensteuer, Dividendenbesteuerung: Frankreich soll per Gesetz gr\u00fcner werden<\/strong><\/p>\n<p class=\"paragraph\">Das 500 Seiten starke B\u00fcrgergutachten enth\u00e4lt dazu \u00fcberraschend radikale Vorschl\u00e4ge in den Bereichen Konsum, Verkehr, Wohnen, Produktion, Landwirtschaft und Ern\u00e4hrung. Die Ratsmitglieder sind beispielsweise daf\u00fcr, eine Kerosinsteuer zu erheben und den Neu- und Ausbau von Flugh\u00e4fen zu verbieten. Inlandfl\u00fcge soll es ab 2025 gar nur noch geben, wenn es auf der betreffenden Strecke keine Alternativen gibt.<\/p>\n<p class=\"paragraph\">Die private Nutzung von Autos soll durch Anreize reduziert werden, alle Geb\u00e4ude sollen bis 2040 energetisch saniert sein. Werbung f\u00fcr klimasch\u00e4dlichere Produkte wie SUVs oder Fleisch soll untersagt werden. Produkte, die in Frankreich verkauft werden, sollen zwingend reparierbar sein und Plastik schon ab 2023 umfassend recycelt werden. Firmen, die hohe Dividenden aussch\u00fctten, sollen k\u00fcnftig einen Teil davon zum Klimaschutz abtreten.<\/p>\n<p class=\"paragraph\">Nicht <a href=\"http:\/\/democracy-international.org\/final-propositions-french-citizens-convention-climate\" target=\"_blank\" rel=\"noopener noreferrer\">alle Vorschl\u00e4ge<\/a> fanden Zustimmung. So lehnte der Rat eine Arbeitszeitverk\u00fcrzung auf 28 Stunden pro Woche ab. Auch die Tempo-110-Vorlage schaffte es mit 60 Prozent Zustimmung nur knapp ins Papier.<\/p>\n<p class=\"paragraph\">Die strikte Klimapolitik soll nicht auf Kosten finanziell Schw\u00e4cherer gehen. So sollen Bed\u00fcrftige beispielsweise Gutscheine f\u00fcr lokales Bio-Essen bekommen. Finanziert werden soll der Wandel durch eine Reichensteuer.<\/p>\n<p class=\"section9\"><strong>Umweltschutz soll in die Verfassung <\/strong><\/p>\n<p class=\"paragraph\">Die vielleicht gr\u00f6ssten \u00c4nderungen: Der Schutz der Umwelt soll in der franz\u00f6sischen Verfassung verankert werden. Der Rat m\u00f6chte dazu zus\u00e4tzlich den Straftatbestand des \u00ab\u00d6kozids\u00bb einf\u00fchren. Zu beidem sollen in Frankreich Referenden abgehalten werden. Der B\u00fcrgerrat empfiehlt ausserdem das Wirtschafts- und Handelsabkommen CETA der EU mit Fokus auf Umweltziele neu zu verhandeln.<\/p>\n<p class=\"paragraph\">Die vom Klima-B\u00fcrgerrat erarbeiteten Punkte sind nur Vorschl\u00e4ge. Nicht darauf einzugehen kann sich der franz\u00f6sische Pr\u00e4sident Emmanuel Macron aber politisch kaum leisten. Schliesslich war er es, der den Klimarat als direktdemokratisches Element einberufen hat. Nicht zuletzt als Reaktion auf die anhaltenden Ausschreitungen der <em>Gilets jaunes<\/em> gegen seine CO<sub>2<\/sub>-Steuer.<\/p>\n<p class=\"paragraph\">Dazu kommt, dass der Liberale Macron bisher eher nicht f\u00fcr sein gr\u00fcnes Herz bekannt ist. Einige Wahlversprechen von 2017 wie ein Glyphosat-Verbot setzte seine Regierung nicht um, 2018 schmiss dann auch noch Umweltminister <a href=\"https:\/\/www.sueddeutsche.de\/politik\/frankreichs-umweltminister-nicolas-hulot-abgang-eines-enttaeuschten-1.4107845\" target=\"_blank\" rel=\"noopener noreferrer\">Nicolas Hulot<\/a> seinen Posten frustriert hin. Macrons Partei \u00abLa R\u00e9publique en Marche\u00bb (LREM) laufen zunehmend die W\u00e4hler weg. Ein Prozess, den die Corona-Pandemie noch beschleunigte. Bei den franz\u00f6sischen Kommunalwahlen Ende Juni verlor sie St\u00e4dte wie Paris, Lyon und Toulouse an gr\u00fcne oder linke Kandidaten. Macron hat am 30. Juni bereits angek\u00fcndigt, dass er 146 der 149 Vorschl\u00e4ge des Rates ins Parlament einbringen m\u00f6chte.<\/p>\n<p class=\"section12\"><strong>B\u00fcrgerr\u00e4te treffen \u00fcberraschend radikale Entscheidungen<\/strong><\/p>\n<p class=\"paragraph\">Der B\u00fcrgerrat ist ein bisher einmaliges Gremium in Frankreich, das von vielen Seiten begr\u00fcsst wird. Sonst sitzen bei politischen Fragen meist dieselben am Tisch: Non-Profit-Organisationen, Lobbyverb\u00e4nde, Berufspolitiker.<\/p>\n<p class=\"paragraph\">\u00c4hnliche Ans\u00e4tze f\u00fcr Gremien aus einer demografisch repr\u00e4sentativen Gruppe zuf\u00e4llig ausgew\u00e4hlter B\u00fcrger gibt es in ganz Europa, beispielsweise in Grossbritannien, Deutschland und \u00d6sterreich. Der erste B\u00fcrgerrat, der sehr weitreichende Ideen auf den Weg brachte, war eine \u00abCitizens Assembly\u00bb in Irland. Ihre Vorschl\u00e4ge sorgten 2015 daf\u00fcr, dass im katholischen Irland die \u00abEhe f\u00fcr alle\u00bb durch ein Referendum legalisiert wurde.<\/p>\n<\/div>\n","protected":false},"excerpt":{"rendered":"<p>Der franz\u00f6sische B\u00fcrgerrat legt weitreichende Vorschl\u00e4ge zum Klimaschutz vor. Er m\u00f6chte f\u00fcr das Klima sogar die Verfassung \u00e4ndern. Daniela Gschweng f\u00fcr die Online-Zeitung INFOsperber Wenn B\u00fcrgerinnen und B\u00fcrger selbst \u00fcber den Kurs der Regierung entscheiden, sind ihre Vorschl\u00e4ge \u00fcberraschend radikal.&hellip;<\/p>\n","protected":false},"author":1855,"featured_media":1161302,"comment_status":"closed","ping_status":"closed","sticky":false,"template":"","format":"standard","meta":{"footnotes":""},"categories":[9157,9168],"tags":[9821,30246],"class_list":["post-1161290","post","type-post","status-publish","format-standard","has-post-thumbnail","hentry","category-oekologie-und-umwelt","category-politik","tag-demokratie","tag-klimaschutz"],"yoast_head":"<!-- This site is optimized with the Yoast SEO plugin v27.1.1 - https:\/\/yoast.com\/product\/yoast-seo-wordpress\/ -->\n<title>Frankreich: Radikale Vorschl\u00e4ge zum Klimaschutz<\/title>\n<meta name=\"description\" content=\"Der franz\u00f6sische B\u00fcrgerrat legt weitreichende Vorschl\u00e4ge zum Klimaschutz vor. Er m\u00f6chte f\u00fcr das Klima sogar die Verfassung \u00e4ndern. Daniela Gschweng f\u00fcr\" \/>\n<meta name=\"robots\" content=\"index, follow, max-snippet:-1, max-image-preview:large, max-video-preview:-1\" \/>\n<link rel=\"canonical\" href=\"https:\/\/www.pressenza.com\/de\/2020\/07\/frankreich-radikale-vorschlaege-zum-klimaschutz\/\" \/>\n<meta property=\"og:locale\" content=\"de_DE\" \/>\n<meta property=\"og:type\" content=\"article\" \/>\n<meta property=\"og:title\" content=\"Frankreich: Radikale Vorschl\u00e4ge zum Klimaschutz\" \/>\n<meta property=\"og:description\" content=\"Der franz\u00f6sische B\u00fcrgerrat legt weitreichende Vorschl\u00e4ge zum Klimaschutz vor. Er m\u00f6chte f\u00fcr das Klima sogar die Verfassung \u00e4ndern. Daniela Gschweng f\u00fcr\" \/>\n<meta property=\"og:url\" content=\"https:\/\/www.pressenza.com\/de\/2020\/07\/frankreich-radikale-vorschlaege-zum-klimaschutz\/\" \/>\n<meta property=\"og:site_name\" content=\"Pressenza\" \/>\n<meta property=\"article:publisher\" content=\"https:\/\/www.facebook.com\/PressenzaItalia\" \/>\n<meta property=\"article:published_time\" content=\"2020-07-18T10:13:58+00:00\" \/>\n<meta property=\"og:image\" content=\"https:\/\/www.pressenza.com\/wp-content\/uploads\/2020\/07\/0DB28575-C07C-4391-A972-BF44EF092778.jpeg\" \/>\n\t<meta property=\"og:image:width\" content=\"1920\" \/>\n\t<meta property=\"og:image:height\" content=\"958\" \/>\n\t<meta property=\"og:image:type\" content=\"image\/jpeg\" \/>\n<meta name=\"author\" content=\"INFOsperber\" \/>\n<meta name=\"twitter:card\" content=\"summary_large_image\" \/>\n<meta name=\"twitter:creator\" content=\"@PressenzaIPA\" \/>\n<meta name=\"twitter:site\" content=\"@PressenzaIPA\" \/>\n<meta name=\"twitter:label1\" content=\"Verfasst von\" \/>\n\t<meta name=\"twitter:data1\" content=\"INFOsperber\" \/>\n\t<meta name=\"twitter:label2\" content=\"Gesch\u00e4tzte Lesezeit\" \/>\n\t<meta name=\"twitter:data2\" content=\"4\u00a0Minuten\" \/>\n<script type=\"application\/ld+json\" class=\"yoast-schema-graph\">{\"@context\":\"https:\/\/schema.org\",\"@graph\":[{\"@type\":\"Article\",\"@id\":\"https:\/\/www.pressenza.com\/de\/2020\/07\/frankreich-radikale-vorschlaege-zum-klimaschutz\/#article\",\"isPartOf\":{\"@id\":\"https:\/\/www.pressenza.com\/de\/2020\/07\/frankreich-radikale-vorschlaege-zum-klimaschutz\/\"},\"author\":{\"name\":\"INFOsperber\",\"@id\":\"https:\/\/www.pressenza.com\/de\/#\/schema\/person\/77735f6583e3041b31ebc7b93a284357\"},\"headline\":\"Frankreich: Radikale Vorschl\u00e4ge zum Klimaschutz\",\"datePublished\":\"2020-07-18T10:13:58+00:00\",\"mainEntityOfPage\":{\"@id\":\"https:\/\/www.pressenza.com\/de\/2020\/07\/frankreich-radikale-vorschlaege-zum-klimaschutz\/\"},\"wordCount\":764,\"publisher\":{\"@id\":\"https:\/\/www.pressenza.com\/de\/#organization\"},\"image\":{\"@id\":\"https:\/\/www.pressenza.com\/de\/2020\/07\/frankreich-radikale-vorschlaege-zum-klimaschutz\/#primaryimage\"},\"thumbnailUrl\":\"https:\/\/www.pressenza.com\/wp-content\/uploads\/2020\/07\/0DB28575-C07C-4391-A972-BF44EF092778.jpeg\",\"keywords\":[\"Demokratie\",\"Klimaschutz\"],\"articleSection\":[\"\u00d6kologie und Umwelt\",\"Politik\"],\"inLanguage\":\"de\"},{\"@type\":\"WebPage\",\"@id\":\"https:\/\/www.pressenza.com\/de\/2020\/07\/frankreich-radikale-vorschlaege-zum-klimaschutz\/\",\"url\":\"https:\/\/www.pressenza.com\/de\/2020\/07\/frankreich-radikale-vorschlaege-zum-klimaschutz\/\",\"name\":\"Frankreich: Radikale Vorschl\u00e4ge zum Klimaschutz\",\"isPartOf\":{\"@id\":\"https:\/\/www.pressenza.com\/de\/#website\"},\"primaryImageOfPage\":{\"@id\":\"https:\/\/www.pressenza.com\/de\/2020\/07\/frankreich-radikale-vorschlaege-zum-klimaschutz\/#primaryimage\"},\"image\":{\"@id\":\"https:\/\/www.pressenza.com\/de\/2020\/07\/frankreich-radikale-vorschlaege-zum-klimaschutz\/#primaryimage\"},\"thumbnailUrl\":\"https:\/\/www.pressenza.com\/wp-content\/uploads\/2020\/07\/0DB28575-C07C-4391-A972-BF44EF092778.jpeg\",\"datePublished\":\"2020-07-18T10:13:58+00:00\",\"description\":\"Der franz\u00f6sische B\u00fcrgerrat legt weitreichende Vorschl\u00e4ge zum Klimaschutz vor. Er m\u00f6chte f\u00fcr das Klima sogar die Verfassung \u00e4ndern. Daniela Gschweng f\u00fcr\",\"breadcrumb\":{\"@id\":\"https:\/\/www.pressenza.com\/de\/2020\/07\/frankreich-radikale-vorschlaege-zum-klimaschutz\/#breadcrumb\"},\"inLanguage\":\"de\",\"potentialAction\":[{\"@type\":\"ReadAction\",\"target\":[\"https:\/\/www.pressenza.com\/de\/2020\/07\/frankreich-radikale-vorschlaege-zum-klimaschutz\/\"]}]},{\"@type\":\"ImageObject\",\"inLanguage\":\"de\",\"@id\":\"https:\/\/www.pressenza.com\/de\/2020\/07\/frankreich-radikale-vorschlaege-zum-klimaschutz\/#primaryimage\",\"url\":\"https:\/\/www.pressenza.com\/wp-content\/uploads\/2020\/07\/0DB28575-C07C-4391-A972-BF44EF092778.jpeg\",\"contentUrl\":\"https:\/\/www.pressenza.com\/wp-content\/uploads\/2020\/07\/0DB28575-C07C-4391-A972-BF44EF092778.jpeg\",\"width\":1920,\"height\":958},{\"@type\":\"BreadcrumbList\",\"@id\":\"https:\/\/www.pressenza.com\/de\/2020\/07\/frankreich-radikale-vorschlaege-zum-klimaschutz\/#breadcrumb\",\"itemListElement\":[{\"@type\":\"ListItem\",\"position\":1,\"name\":\"Accueil\",\"item\":\"https:\/\/www.pressenza.com\/de\/\"},{\"@type\":\"ListItem\",\"position\":2,\"name\":\"Frankreich: Radikale Vorschl\u00e4ge zum Klimaschutz\"}]},{\"@type\":\"WebSite\",\"@id\":\"https:\/\/www.pressenza.com\/de\/#website\",\"url\":\"https:\/\/www.pressenza.com\/de\/\",\"name\":\"Pressenza\",\"description\":\"International Press Agency\",\"publisher\":{\"@id\":\"https:\/\/www.pressenza.com\/de\/#organization\"},\"potentialAction\":[{\"@type\":\"SearchAction\",\"target\":{\"@type\":\"EntryPoint\",\"urlTemplate\":\"https:\/\/www.pressenza.com\/de\/?s={search_term_string}\"},\"query-input\":{\"@type\":\"PropertyValueSpecification\",\"valueRequired\":true,\"valueName\":\"search_term_string\"}}],\"inLanguage\":\"de\"},{\"@type\":\"Organization\",\"@id\":\"https:\/\/www.pressenza.com\/de\/#organization\",\"name\":\"Pressenza\",\"url\":\"https:\/\/www.pressenza.com\/de\/\",\"logo\":{\"@type\":\"ImageObject\",\"inLanguage\":\"de\",\"@id\":\"https:\/\/www.pressenza.com\/de\/#\/schema\/logo\/image\/\",\"url\":\"https:\/\/www.pressenza.com\/wp-content\/uploads\/2022\/10\/pressenza_logo_200x200.jpg\",\"contentUrl\":\"https:\/\/www.pressenza.com\/wp-content\/uploads\/2022\/10\/pressenza_logo_200x200.jpg\",\"width\":200,\"height\":200,\"caption\":\"Pressenza\"},\"image\":{\"@id\":\"https:\/\/www.pressenza.com\/de\/#\/schema\/logo\/image\/\"},\"sameAs\":[\"https:\/\/www.facebook.com\/PressenzaItalia\",\"https:\/\/x.com\/PressenzaIPA\"]},{\"@type\":\"Person\",\"@id\":\"https:\/\/www.pressenza.com\/de\/#\/schema\/person\/77735f6583e3041b31ebc7b93a284357\",\"name\":\"INFOsperber\",\"description\":\"Infosperber.ch - sieht, was andere \u00fcbersehen Die Schweizer Internet-Zeitung richtet sich an Entscheidungstr\u00e4ger in Gesellschaft, Wirtschaft und Politik sowie alle, die erg\u00e4nzende Informationen zu den grossen Medien suchen. Infosperber will die grossen Informations-Medien nicht konkurrenzieren, sondern diese erg\u00e4nzen. \u00a9 Das Weiterverbreiten s\u00e4mtlicher auf dem gemeinn\u00fctzigen Portal www.infosperber.ch enthaltenen Texte ist ohne Kostenfolge erlaubt, sofern die Texte integral ohne K\u00fcrzung und mit Quellenangaben (Autor und \u00abInfosperber\u00bb) verbreitet werden. Bei einer Online-Nutzung ist die Quellenangabe m\u00f6glichst schon am Anfang des Artikels mit einem Link auf infosperber.ch zu versehen. F\u00fcr das Verbreiten von gek\u00fcrzten oder abge\u00e4nderten Texten ist das schriftliche Einverst\u00e4ndnis der AutorInnen erforderlich.\",\"sameAs\":[\"https:\/\/www.infosperber.ch\/\"],\"url\":\"https:\/\/www.pressenza.com\/de\/author\/infosperber\/\"}]}<\/script>\n<!-- \/ Yoast SEO plugin. -->","yoast_head_json":{"title":"Frankreich: Radikale Vorschl\u00e4ge zum Klimaschutz","description":"Der franz\u00f6sische B\u00fcrgerrat legt weitreichende Vorschl\u00e4ge zum Klimaschutz vor. Er m\u00f6chte f\u00fcr das Klima sogar die Verfassung \u00e4ndern. Daniela Gschweng f\u00fcr","robots":{"index":"index","follow":"follow","max-snippet":"max-snippet:-1","max-image-preview":"max-image-preview:large","max-video-preview":"max-video-preview:-1"},"canonical":"https:\/\/www.pressenza.com\/de\/2020\/07\/frankreich-radikale-vorschlaege-zum-klimaschutz\/","og_locale":"de_DE","og_type":"article","og_title":"Frankreich: Radikale Vorschl\u00e4ge zum Klimaschutz","og_description":"Der franz\u00f6sische B\u00fcrgerrat legt weitreichende Vorschl\u00e4ge zum Klimaschutz vor. Er m\u00f6chte f\u00fcr das Klima sogar die Verfassung \u00e4ndern. Daniela Gschweng f\u00fcr","og_url":"https:\/\/www.pressenza.com\/de\/2020\/07\/frankreich-radikale-vorschlaege-zum-klimaschutz\/","og_site_name":"Pressenza","article_publisher":"https:\/\/www.facebook.com\/PressenzaItalia","article_published_time":"2020-07-18T10:13:58+00:00","og_image":[{"width":1920,"height":958,"url":"https:\/\/www.pressenza.com\/wp-content\/uploads\/2020\/07\/0DB28575-C07C-4391-A972-BF44EF092778.jpeg","type":"image\/jpeg"}],"author":"INFOsperber","twitter_card":"summary_large_image","twitter_creator":"@PressenzaIPA","twitter_site":"@PressenzaIPA","twitter_misc":{"Verfasst von":"INFOsperber","Gesch\u00e4tzte Lesezeit":"4\u00a0Minuten"},"schema":{"@context":"https:\/\/schema.org","@graph":[{"@type":"Article","@id":"https:\/\/www.pressenza.com\/de\/2020\/07\/frankreich-radikale-vorschlaege-zum-klimaschutz\/#article","isPartOf":{"@id":"https:\/\/www.pressenza.com\/de\/2020\/07\/frankreich-radikale-vorschlaege-zum-klimaschutz\/"},"author":{"name":"INFOsperber","@id":"https:\/\/www.pressenza.com\/de\/#\/schema\/person\/77735f6583e3041b31ebc7b93a284357"},"headline":"Frankreich: Radikale Vorschl\u00e4ge zum Klimaschutz","datePublished":"2020-07-18T10:13:58+00:00","mainEntityOfPage":{"@id":"https:\/\/www.pressenza.com\/de\/2020\/07\/frankreich-radikale-vorschlaege-zum-klimaschutz\/"},"wordCount":764,"publisher":{"@id":"https:\/\/www.pressenza.com\/de\/#organization"},"image":{"@id":"https:\/\/www.pressenza.com\/de\/2020\/07\/frankreich-radikale-vorschlaege-zum-klimaschutz\/#primaryimage"},"thumbnailUrl":"https:\/\/www.pressenza.com\/wp-content\/uploads\/2020\/07\/0DB28575-C07C-4391-A972-BF44EF092778.jpeg","keywords":["Demokratie","Klimaschutz"],"articleSection":["\u00d6kologie und Umwelt","Politik"],"inLanguage":"de"},{"@type":"WebPage","@id":"https:\/\/www.pressenza.com\/de\/2020\/07\/frankreich-radikale-vorschlaege-zum-klimaschutz\/","url":"https:\/\/www.pressenza.com\/de\/2020\/07\/frankreich-radikale-vorschlaege-zum-klimaschutz\/","name":"Frankreich: Radikale Vorschl\u00e4ge zum Klimaschutz","isPartOf":{"@id":"https:\/\/www.pressenza.com\/de\/#website"},"primaryImageOfPage":{"@id":"https:\/\/www.pressenza.com\/de\/2020\/07\/frankreich-radikale-vorschlaege-zum-klimaschutz\/#primaryimage"},"image":{"@id":"https:\/\/www.pressenza.com\/de\/2020\/07\/frankreich-radikale-vorschlaege-zum-klimaschutz\/#primaryimage"},"thumbnailUrl":"https:\/\/www.pressenza.com\/wp-content\/uploads\/2020\/07\/0DB28575-C07C-4391-A972-BF44EF092778.jpeg","datePublished":"2020-07-18T10:13:58+00:00","description":"Der franz\u00f6sische B\u00fcrgerrat legt weitreichende Vorschl\u00e4ge zum Klimaschutz vor. Er m\u00f6chte f\u00fcr das Klima sogar die Verfassung \u00e4ndern. Daniela Gschweng f\u00fcr","breadcrumb":{"@id":"https:\/\/www.pressenza.com\/de\/2020\/07\/frankreich-radikale-vorschlaege-zum-klimaschutz\/#breadcrumb"},"inLanguage":"de","potentialAction":[{"@type":"ReadAction","target":["https:\/\/www.pressenza.com\/de\/2020\/07\/frankreich-radikale-vorschlaege-zum-klimaschutz\/"]}]},{"@type":"ImageObject","inLanguage":"de","@id":"https:\/\/www.pressenza.com\/de\/2020\/07\/frankreich-radikale-vorschlaege-zum-klimaschutz\/#primaryimage","url":"https:\/\/www.pressenza.com\/wp-content\/uploads\/2020\/07\/0DB28575-C07C-4391-A972-BF44EF092778.jpeg","contentUrl":"https:\/\/www.pressenza.com\/wp-content\/uploads\/2020\/07\/0DB28575-C07C-4391-A972-BF44EF092778.jpeg","width":1920,"height":958},{"@type":"BreadcrumbList","@id":"https:\/\/www.pressenza.com\/de\/2020\/07\/frankreich-radikale-vorschlaege-zum-klimaschutz\/#breadcrumb","itemListElement":[{"@type":"ListItem","position":1,"name":"Accueil","item":"https:\/\/www.pressenza.com\/de\/"},{"@type":"ListItem","position":2,"name":"Frankreich: Radikale Vorschl\u00e4ge zum Klimaschutz"}]},{"@type":"WebSite","@id":"https:\/\/www.pressenza.com\/de\/#website","url":"https:\/\/www.pressenza.com\/de\/","name":"Pressenza","description":"International Press Agency","publisher":{"@id":"https:\/\/www.pressenza.com\/de\/#organization"},"potentialAction":[{"@type":"SearchAction","target":{"@type":"EntryPoint","urlTemplate":"https:\/\/www.pressenza.com\/de\/?s={search_term_string}"},"query-input":{"@type":"PropertyValueSpecification","valueRequired":true,"valueName":"search_term_string"}}],"inLanguage":"de"},{"@type":"Organization","@id":"https:\/\/www.pressenza.com\/de\/#organization","name":"Pressenza","url":"https:\/\/www.pressenza.com\/de\/","logo":{"@type":"ImageObject","inLanguage":"de","@id":"https:\/\/www.pressenza.com\/de\/#\/schema\/logo\/image\/","url":"https:\/\/www.pressenza.com\/wp-content\/uploads\/2022\/10\/pressenza_logo_200x200.jpg","contentUrl":"https:\/\/www.pressenza.com\/wp-content\/uploads\/2022\/10\/pressenza_logo_200x200.jpg","width":200,"height":200,"caption":"Pressenza"},"image":{"@id":"https:\/\/www.pressenza.com\/de\/#\/schema\/logo\/image\/"},"sameAs":["https:\/\/www.facebook.com\/PressenzaItalia","https:\/\/x.com\/PressenzaIPA"]},{"@type":"Person","@id":"https:\/\/www.pressenza.com\/de\/#\/schema\/person\/77735f6583e3041b31ebc7b93a284357","name":"INFOsperber","description":"Infosperber.ch - sieht, was andere \u00fcbersehen Die Schweizer Internet-Zeitung richtet sich an Entscheidungstr\u00e4ger in Gesellschaft, Wirtschaft und Politik sowie alle, die erg\u00e4nzende Informationen zu den grossen Medien suchen. Infosperber will die grossen Informations-Medien nicht konkurrenzieren, sondern diese erg\u00e4nzen. \u00a9 Das Weiterverbreiten s\u00e4mtlicher auf dem gemeinn\u00fctzigen Portal www.infosperber.ch enthaltenen Texte ist ohne Kostenfolge erlaubt, sofern die Texte integral ohne K\u00fcrzung und mit Quellenangaben (Autor und \u00abInfosperber\u00bb) verbreitet werden. Bei einer Online-Nutzung ist die Quellenangabe m\u00f6glichst schon am Anfang des Artikels mit einem Link auf infosperber.ch zu versehen. F\u00fcr das Verbreiten von gek\u00fcrzten oder abge\u00e4nderten Texten ist das schriftliche Einverst\u00e4ndnis der AutorInnen erforderlich.","sameAs":["https:\/\/www.infosperber.ch\/"],"url":"https:\/\/www.pressenza.com\/de\/author\/infosperber\/"}]}},"place":"","original_article_url":"","_links":{"self":[{"href":"https:\/\/www.pressenza.com\/de\/wp-json\/wp\/v2\/posts\/1161290","targetHints":{"allow":["GET"]}}],"collection":[{"href":"https:\/\/www.pressenza.com\/de\/wp-json\/wp\/v2\/posts"}],"about":[{"href":"https:\/\/www.pressenza.com\/de\/wp-json\/wp\/v2\/types\/post"}],"author":[{"embeddable":true,"href":"https:\/\/www.pressenza.com\/de\/wp-json\/wp\/v2\/users\/1855"}],"replies":[{"embeddable":true,"href":"https:\/\/www.pressenza.com\/de\/wp-json\/wp\/v2\/comments?post=1161290"}],"version-history":[{"count":0,"href":"https:\/\/www.pressenza.com\/de\/wp-json\/wp\/v2\/posts\/1161290\/revisions"}],"wp:featuredmedia":[{"embeddable":true,"href":"https:\/\/www.pressenza.com\/de\/wp-json\/wp\/v2\/media\/1161302"}],"wp:attachment":[{"href":"https:\/\/www.pressenza.com\/de\/wp-json\/wp\/v2\/media?parent=1161290"}],"wp:term":[{"taxonomy":"category","embeddable":true,"href":"https:\/\/www.pressenza.com\/de\/wp-json\/wp\/v2\/categories?post=1161290"},{"taxonomy":"post_tag","embeddable":true,"href":"https:\/\/www.pressenza.com\/de\/wp-json\/wp\/v2\/tags?post=1161290"}],"curies":[{"name":"wp","href":"https:\/\/api.w.org\/{rel}","templated":true}]}}