{"id":1155500,"date":"2020-07-09T06:59:51","date_gmt":"2020-07-09T05:59:51","guid":{"rendered":"https:\/\/www.pressenza.com\/?p=1155500"},"modified":"2020-07-09T06:59:51","modified_gmt":"2020-07-09T05:59:51","slug":"wir-brauchen-einen-kulturellen-und-spirituellen-wandel-aber-wie","status":"publish","type":"post","link":"https:\/\/www.pressenza.com\/de\/2020\/07\/wir-brauchen-einen-kulturellen-und-spirituellen-wandel-aber-wie\/","title":{"rendered":"Wir brauchen einen kulturellen und spirituellen Wandel. Aber wie?"},"content":{"rendered":"<p>Der Mann ist Professor f\u00fcr Umweltpolitik und Nachhaltige Entwicklung an der Yale University in New Haven (Connecticut), eine der renommiertesten Universit\u00e4ten der Welt. Er war Chefberater der Nationalen Umweltkommission unter den US-Pr\u00e4sidenten Jimmy Carter und Bill Clinton. Aber erst jetzt ist bei ihm der Groschen gefallen. Sein Name: <a href=\"https:\/\/web.archive.org\/web\/20070701111600\/http:\/\/environment.yale.edu\/profile\/240\/james_gustave_speth\/\" target=\"_blank\" rel=\"noopener noreferrer\">Gus Speth<\/a>.<\/p>\n<p><strong>In einem Interview mit der New York Times kommt Speth, der \u00fcber Jahre hinweg in wichtiger Position vor einem drohenden \u00d6kozid gewarnt hatte, zu einer nicht gerade ermutigenden Erkenntnis.<\/strong><\/p>\n<p>\u201eFr\u00fcher dachte ich\u201c, so sein deprimierendes Statement, \u201edass die gr\u00f6\u00dften Umweltprobleme der Verlust der Artenvielfalt, der Kollaps der \u00d6kosysteme und der Klimawandel w\u00e4ren. Ich dachte, 30 Jahre gute Wissenschaft k\u00f6nnte diese Probleme angehen. Ich habe mich geirrt. Die gr\u00f6\u00dften Umweltprobleme sind Egoismus, Gier und Gleichg\u00fcltigkeit, und um mit ihnen fertig zu werden, brauchen wir einen kulturellen und spirituellen Wandel. Und wir Wissenschaftler wissen nicht, wie man das macht.\u201c<\/p>\n<p>Wenn man nicht ohnehin der Meinung ist, dass der Drops gelutscht ist, weil wir es bereits heute mit irreparablen Langzeitsch\u00e4den zu Lande (Atomm\u00fcll, Abholzung der Regenw\u00e4lder, Verlust der Artenvielfalt, <a href=\"https:\/\/neue-debatte.com\/2018\/09\/24\/unser-taeglich-gift-pestizide-in-der-nahrung\/\">Pestizideinsatz<\/a> in der Landwirtschaft), zu Wasser (Plastikschwemme) und in der Luft (Geoengineering) zu tun haben, muss man zumindest konzedieren, dass der Umbau unserer globalen Konsumkultur das wichtigste Ereignis in der Geschichte der Menschheit sein wird. Und, wie Gus Speth zurecht bef\u00fcrchtet, wird er wohl kaum zu stemmen sein.<\/p>\n<p>Dabei hatten wir unsere Chance. Wir hatten sie immer. Wir konnten sie nur nicht nutzen, weil wir als politisches Gemeinwesen keine Idee besa\u00dfen, was und wer wir eigentlich sein wollten, jenseits unseres immer k\u00fcmmerlicher werdenden Konsumentendaseins im Scheinpluralismus weniger Konzerne. Das <a href=\"https:\/\/neue-debatte.com\/2020\/04\/03\/symptome-einer-verdraengungs-und-konkurrenzgesellschaft\/\">Profitinteresse<\/a> einer kriminellen Finanz- und Wirtschaftselite hat in den letzten Jahrzehnten jede vern\u00fcnftige Probleml\u00f6sung im Ansatz erstickt.<\/p>\n<p><strong>Wie ist es m\u00f6glich, dass alle zerst\u00f6rerischen Handlungen, die wir erleben m\u00fcssen, von den Verantwortlichen als kreative Taten gefeiert werden? Die Bombardierung anderer L\u00e4nder, der Bau von Staud\u00e4mmen, das Verspr\u00fchen von Insektiziden, die Erschaffung genmanipulierter Organismen \u2013 dies alles wird als notwendig, fortschrittlich und kreativ empfunden.<\/strong><\/p>\n<p>Wir begreifen Gesundheit als Leistung der pharmazeutischen Industrie, wir verstehen soziale Sicherheit als etwas, was Polizei und Justiz herstellen. So ist es auf fast allen Gebieten: wir glauben ausschlie\u00dflich an ordnungspolitische oder technische L\u00f6sungen. Warum ist das so? Weil unsere Gesellschaft dem Patriarchat gehorcht, dessen zentrale Werte \u00dcberlegenheit und Dominanz sind. Deshalb ist es au\u00dferordentlich wichtig, dass wir das weibliche Prinzip wieder zum Tragen bringen.<\/p>\n<p>In den Kulturen der indigenen V\u00f6lker gilt die kreative Kraft der Natur als feminin. Die Anerkennung dieser Kraft macht uns dem Leben gegen\u00fcber dem\u00fctig und l\u00e4sst uns erkennen, dass wir nicht sein Meister sind. Wenn jeder Mensch bereit w\u00e4re, das weibliche Prinzip in sich wieder zuzulassen, w\u00fcrden wir erleben, dass Selbstversorgung, Selbstvertrauen und Selbstbestimmung ganz oben auf der politischen Tagesordnung st\u00fcnden.<\/p>\n<p>Jetzt aber haben wir den Salat. Den Menschen nun ins Bewusstsein zu bringen, dass sie nicht nur Kulturwesen, sondern auch Naturwesen sind, die verinnerlicht haben, dass die Natur ein Existenzrecht hat, unabh\u00e4ngig davon, ob sie etwas davon haben, ist eine Herkulesaufgabe, von der niemand wei\u00df, wie sie bewerkstelligt werden kann. Dabei ist die Frustration gegen\u00fcber einem System, dass sich nur \u00fcber <a href=\"https:\/\/neue-debatte.com\/2020\/05\/26\/klassiker-grundprinzipien-kommunistischer-produktion-und-verteilung\/\">kapitalistische Prinzipien<\/a> zu definieren wei\u00df, inzwischen riesengro\u00df.<\/p>\n<p>Viele Menschen wollen es nicht mehr hinnehmen, dass jede ihrer produktiven Handlungen in ein globales Wirtschaftssystem gepresst wird, um einen Wert zu bekommen. Sie sehnen sich nach Identit\u00e4t. Ihre Identit\u00e4t finden sie nur, wenn sie ihre Probleme vor Ort angehen. Der einzige Weg, das globale Desaster in den Griff zu kriegen, sind weltweite lokale L\u00f6sungen. Das gilt es in erster Linie zu propagieren.<\/p>\n<p><strong>Professor Klaus Bosselmann (67) gilt als einer der wichtigsten Denker einer \u00f6kologischen Rechtsordnung. In einem Interview mit <a href=\"https:\/\/beschreiber.de\/geseko-von-luepke\/\" target=\"_blank\" rel=\"noopener noreferrer\">Geseko von L\u00fcbke<\/a> (Politik des Herzens, Arun Verlag) sagte er folgendes:<\/strong><\/p>\n<blockquote><p><em>\u201eUnsere Politiker sind geradezu geblendet von der Vorstellung, Wachstumszahlen zu produzieren und haben \u00fcberhaupt kein Gef\u00fchl daf\u00fcr, was die Menschen denn wirklich bewegt. Sie begreifen nicht, dass es eine Sinnkrise ist, die tiefer geht als die Entt\u00e4uschung \u00fcber die schwierige Wirtschaftslage. Die Sinnkrise hat damit zu tun, dass die Ohnmacht der Politik immer st\u00e4rker empfunden wird, wir aber nicht wissen, wie wir auf diese zun\u00e4chst einmal als negativ erlebten Ver\u00e4nderungen reagieren sollen. Ich glaube also, dass wir tats\u00e4chlich am Beginn einer Zeit stehen, in der \u00f6kologische Inhalte \u00fcberhaupt erst erfahrbar werden. Erst in Folge werden sie zu Wirtschafts- und Gesellschaftsformen f\u00fchren, f\u00fcr die wir noch keine Begriffe haben. Es gibt sie, die M\u00f6glichkeit, dass wir aus der \u00f6kologischen Krise die entscheidenden Schl\u00fcsse ziehen und verstehen, dass wir die Umweltprobleme selbst geschaffen haben. Wir haben sie in unseren K\u00f6pfen, in unseren Selbstvorstellungen geschaffen, dort m\u00fcsste auch der Schl\u00fcssel liegen, sie zu l\u00f6sen.\u201c<\/em><\/p><\/blockquote>\n<p>Bisher haben wir den Umweltschutz lediglich als Menschenschutz begriffen, bisher sprachen wir ausschlie\u00dflich von Best\u00e4nden, wenn von der Natur die Rede war. Wir machten in allem unsere Rechnung auf. Dieses Denken war nicht dem Leben verpflichtet, sondern einer Buchhaltungsmentalit\u00e4t.<\/p>\n<p>Die Erde ist ein lebendiges System, in dem alle Dinge miteinander verwoben und voneinander abh\u00e4ngig sind. Ist denn das so schwer zu verstehen? Wir alle leben von der Erde, sie ist unser Lebensspender. Glaubt denn jemand im Ernst, dass etwas, das Leben spendet, selbst ohne Leben ist? Erst wenn wir bereit sind, uns als Bestandteil eines lebendigen Erdk\u00f6rpers zu verstehen, wird sich unsere Stellung in der Welt grunds\u00e4tzlich ver\u00e4ndern.<\/p>\n<p>Eine solche Perspektive hat dramatische Folgen f\u00fcr unser inneres und kollektives Wachstum. Sie mag angesichts der herrschenden Probleme vision\u00e4r und vertr\u00e4umt wirken, aber eine Gesellschaft, die keine <a href=\"http:\/\/www.futur-2.info\" target=\"_blank\" rel=\"noopener noreferrer\">Visionen<\/a> entwickelt, ist nicht zukunftsf\u00e4hig. Zum ersten Mal in unserer Geschichte sind wir mit der selbstverursachten Zerst\u00f6rung aller biologischen Lebensgrundlagen konfrontiert. Keine Generation vor uns hatte eine solche Bedrohung auszuhalten.<\/p>\n<p><strong>Wir m\u00fcssen uns also fragen: Was wollen wir? Wer sind wir? Was brauchen wir? Indem wir uns dies fragen, schulen wir nicht nur unsere Wahrnehmung, wir formulieren auch unsere Bed\u00fcrfnisse neu.<\/strong><\/p>\n<p>Es gibt inzwischen viele Menschen auf der Welt, die diesen Bewusstseinswandel vollzogen haben, und t\u00e4glich werden es mehr. All das passiert in einem ungeheuren Tempo, und es passiert jetzt. Die Vertreter des alten Systems wissen das. Sie wissen, dass ihre Richtlinien, Normen und Werte nicht mehr funktionieren.<\/p>\n<p>Ein solcher <a href=\"https:\/\/neue-debatte.com\/2018\/09\/01\/ist-die-menschheit-noch-zu-retten\/\">Wertezusammenbruch<\/a> macht zun\u00e4chst einmal Angst. Wir haben Angst vor Chaos und <a href=\"https:\/\/neue-debatte.com\/2017\/12\/08\/herrschaftsfreie-gesellschaft-als-ideal-ein-gespraech-ueber-katalonien-rojava-und-den-anarchismus\/\">Anarchie<\/a>, Angst davor, unterzugehen in diesem Endzeitszenario, in dem sich jeder gegen jeden zu behaupten versucht. Aber nicht wir sind dem Tode geweiht, es sind unsere alten Sicht- und Handlungsweisen die sterben. Im Grunde m\u00fcssen wir heute zwei Aufgaben zugleich bew\u00e4ltigen: als Sterbebegleiter f\u00fcr ein abgewirtschaftetes System und als Geburtshelfer f\u00fcr eine neue Kultur.<\/p>\n<p>Wenn es uns gelingt, eine positive Zukunftsvision in uns erbl\u00fchen zu lassen, dann werden wir sie in der praktischen Politik auch umsetzen k\u00f6nnen. Denn es wird nichts Neues durch uns in die Welt kommen, was nicht vorher in unserem Bewusstsein Gestalt angenommen hat.<\/p>\n<p><strong>Der US-amerikanische Schriftsteller <a href=\"https:\/\/kais-journal.de\/h-d-thoreau-lebenslauf\/\" target=\"_blank\" rel=\"noopener noreferrer\">Henry David Thoreau<\/a> (1817 \u2013 1862) notierte am 19.7.1851 in seinem Tagebuch folgende S\u00e4tze:<\/strong><\/p>\n<blockquote><p><em>\u201eIch bin vierunddrei\u00dfig Jahre alt, und dennoch ist mein Leben beinahe ganz unentfaltet. Wie viel liegt da erst im Keim? Zwischen meinem Ideal und der Wirklichkeit herrscht oft ein solcher zeitlicher Abstand, dass ich sagen kann, ich sei noch nicht geboren.\u201c<\/em><\/p><\/blockquote>\n<p>Gilt dies nicht f\u00fcr die Menschheit insgesamt? Sind wir nicht ebenfalls noch ganz unentfaltet? Und tragen wir als Menschenfamilie nicht auch den Keim des Verst\u00e4ndnisses in uns, der uns, erst einmal erbl\u00fcht, wieder eingliedert in die Sch\u00f6pfung, die wir bisher nur zu beherrschen versuchten? Aber man kann nur etwas beherrschen wollen, von dem man sich grunds\u00e4tzlich getrennt wei\u00df. Mit diesem Missverst\u00e4ndnis muss Schluss sein. Oder es ist Schluss mit uns.<\/p>\n<hr \/>\n<p><strong>Redaktioneller Hinweis:<\/strong> Das Essay von <a href=\"https:\/\/neue-debatte.com\/author\/dirk-c-fleck\/\">Dirk C. Fleck<\/a> erschien unter dem Titel \u201eWir brauchen einen kulturellen und spirituellen Wandel. Aber wie soll das gehen?\u201c bei <a href=\"https:\/\/kenfm.de\/wir-brauchen-einen-kulturellen-und-spirituellen-wandel-aber-wie-soll-das-gehen\/\" target=\"_blank\" rel=\"noopener noreferrer\">Kenfm.de<\/a> und wurde von Neue Debatte \u00fcbernommen. Links wurden erg\u00e4nzt und einzelne Abs\u00e4tze zur besseren Lesbarkeit im Netz eingef\u00fcgt und hervorgehoben.<\/p>\n","protected":false},"excerpt":{"rendered":"<p>Der Mann ist Professor f\u00fcr Umweltpolitik und Nachhaltige Entwicklung an der Yale University in New Haven (Connecticut), eine der renommiertesten Universit\u00e4ten der Welt. Er war Chefberater der Nationalen Umweltkommission unter den US-Pr\u00e4sidenten Jimmy Carter und Bill Clinton. Aber erst jetzt&hellip;<\/p>\n","protected":false},"author":1342,"featured_media":1155504,"comment_status":"closed","ping_status":"closed","sticky":false,"template":"","format":"standard","meta":{"footnotes":""},"categories":[9157,9168,9158,9169],"tags":[26462,70050,78461],"class_list":["post-1155500","post","type-post","status-publish","format-standard","has-post-thumbnail","hentry","category-oekologie-und-umwelt","category-politik","category-wirtschaft","category-wissenschaft-und-technologie","tag-kapitalismus","tag-philosophie-de","tag-sinnkrise"],"yoast_head":"<!-- This site is optimized with the Yoast SEO plugin v27.1.1 - https:\/\/yoast.com\/product\/yoast-seo-wordpress\/ -->\n<title>Wir brauchen einen kulturellen und spirituellen Wandel. Aber wie?<\/title>\n<meta name=\"description\" content=\"Der Mann ist Professor f\u00fcr Umweltpolitik und Nachhaltige Entwicklung an der Yale University in New Haven (Connecticut), eine der renommiertesten\" \/>\n<meta name=\"robots\" content=\"index, follow, max-snippet:-1, max-image-preview:large, max-video-preview:-1\" \/>\n<link rel=\"canonical\" href=\"https:\/\/www.pressenza.com\/de\/2020\/07\/wir-brauchen-einen-kulturellen-und-spirituellen-wandel-aber-wie\/\" \/>\n<meta property=\"og:locale\" content=\"de_DE\" \/>\n<meta property=\"og:type\" content=\"article\" \/>\n<meta property=\"og:title\" content=\"Wir brauchen einen kulturellen und spirituellen Wandel. Aber wie?\" \/>\n<meta property=\"og:description\" content=\"Der Mann ist Professor f\u00fcr Umweltpolitik und Nachhaltige Entwicklung an der Yale University in New Haven (Connecticut), eine der renommiertesten\" \/>\n<meta property=\"og:url\" content=\"https:\/\/www.pressenza.com\/de\/2020\/07\/wir-brauchen-einen-kulturellen-und-spirituellen-wandel-aber-wie\/\" \/>\n<meta property=\"og:site_name\" content=\"Pressenza\" \/>\n<meta property=\"article:publisher\" content=\"https:\/\/www.facebook.com\/PressenzaItalia\" \/>\n<meta property=\"article:published_time\" content=\"2020-07-09T05:59:51+00:00\" \/>\n<meta property=\"og:image\" content=\"https:\/\/www.pressenza.com\/wp-content\/uploads\/2020\/07\/Vitruvianischer_Mann.png\" \/>\n\t<meta property=\"og:image:width\" content=\"2468\" \/>\n\t<meta property=\"og:image:height\" content=\"2493\" \/>\n\t<meta property=\"og:image:type\" content=\"image\/png\" \/>\n<meta name=\"author\" content=\"Neue Debatte\" \/>\n<meta name=\"twitter:card\" content=\"summary_large_image\" \/>\n<meta name=\"twitter:creator\" content=\"@PressenzaIPA\" \/>\n<meta name=\"twitter:site\" content=\"@PressenzaIPA\" \/>\n<meta name=\"twitter:label1\" content=\"Verfasst von\" \/>\n\t<meta name=\"twitter:data1\" content=\"Neue Debatte\" \/>\n\t<meta name=\"twitter:label2\" content=\"Gesch\u00e4tzte Lesezeit\" \/>\n\t<meta name=\"twitter:data2\" content=\"7\u00a0Minuten\" \/>\n<script type=\"application\/ld+json\" class=\"yoast-schema-graph\">{\"@context\":\"https:\/\/schema.org\",\"@graph\":[{\"@type\":\"Article\",\"@id\":\"https:\/\/www.pressenza.com\/de\/2020\/07\/wir-brauchen-einen-kulturellen-und-spirituellen-wandel-aber-wie\/#article\",\"isPartOf\":{\"@id\":\"https:\/\/www.pressenza.com\/de\/2020\/07\/wir-brauchen-einen-kulturellen-und-spirituellen-wandel-aber-wie\/\"},\"author\":{\"name\":\"Neue Debatte\",\"@id\":\"https:\/\/www.pressenza.com\/de\/#\/schema\/person\/b816344ee166a2736c48a20c4b9ad2a9\"},\"headline\":\"Wir brauchen einen kulturellen und spirituellen Wandel. Aber wie?\",\"datePublished\":\"2020-07-09T05:59:51+00:00\",\"mainEntityOfPage\":{\"@id\":\"https:\/\/www.pressenza.com\/de\/2020\/07\/wir-brauchen-einen-kulturellen-und-spirituellen-wandel-aber-wie\/\"},\"wordCount\":1381,\"publisher\":{\"@id\":\"https:\/\/www.pressenza.com\/de\/#organization\"},\"image\":{\"@id\":\"https:\/\/www.pressenza.com\/de\/2020\/07\/wir-brauchen-einen-kulturellen-und-spirituellen-wandel-aber-wie\/#primaryimage\"},\"thumbnailUrl\":\"https:\/\/www.pressenza.com\/wp-content\/uploads\/2020\/07\/Vitruvianischer_Mann.png\",\"keywords\":[\"Kapitalismus\",\"philosophie\",\"Sinnkrise\"],\"articleSection\":[\"\u00d6kologie und Umwelt\",\"Politik\",\"Wirtschaft\",\"Wissenschaft und Technologie\"],\"inLanguage\":\"de\"},{\"@type\":\"WebPage\",\"@id\":\"https:\/\/www.pressenza.com\/de\/2020\/07\/wir-brauchen-einen-kulturellen-und-spirituellen-wandel-aber-wie\/\",\"url\":\"https:\/\/www.pressenza.com\/de\/2020\/07\/wir-brauchen-einen-kulturellen-und-spirituellen-wandel-aber-wie\/\",\"name\":\"Wir brauchen einen kulturellen und spirituellen Wandel. Aber wie?\",\"isPartOf\":{\"@id\":\"https:\/\/www.pressenza.com\/de\/#website\"},\"primaryImageOfPage\":{\"@id\":\"https:\/\/www.pressenza.com\/de\/2020\/07\/wir-brauchen-einen-kulturellen-und-spirituellen-wandel-aber-wie\/#primaryimage\"},\"image\":{\"@id\":\"https:\/\/www.pressenza.com\/de\/2020\/07\/wir-brauchen-einen-kulturellen-und-spirituellen-wandel-aber-wie\/#primaryimage\"},\"thumbnailUrl\":\"https:\/\/www.pressenza.com\/wp-content\/uploads\/2020\/07\/Vitruvianischer_Mann.png\",\"datePublished\":\"2020-07-09T05:59:51+00:00\",\"description\":\"Der Mann ist Professor f\u00fcr Umweltpolitik und Nachhaltige Entwicklung an der Yale University in New Haven (Connecticut), eine der renommiertesten\",\"breadcrumb\":{\"@id\":\"https:\/\/www.pressenza.com\/de\/2020\/07\/wir-brauchen-einen-kulturellen-und-spirituellen-wandel-aber-wie\/#breadcrumb\"},\"inLanguage\":\"de\",\"potentialAction\":[{\"@type\":\"ReadAction\",\"target\":[\"https:\/\/www.pressenza.com\/de\/2020\/07\/wir-brauchen-einen-kulturellen-und-spirituellen-wandel-aber-wie\/\"]}]},{\"@type\":\"ImageObject\",\"inLanguage\":\"de\",\"@id\":\"https:\/\/www.pressenza.com\/de\/2020\/07\/wir-brauchen-einen-kulturellen-und-spirituellen-wandel-aber-wie\/#primaryimage\",\"url\":\"https:\/\/www.pressenza.com\/wp-content\/uploads\/2020\/07\/Vitruvianischer_Mann.png\",\"contentUrl\":\"https:\/\/www.pressenza.com\/wp-content\/uploads\/2020\/07\/Vitruvianischer_Mann.png\",\"width\":2468,\"height\":2493},{\"@type\":\"BreadcrumbList\",\"@id\":\"https:\/\/www.pressenza.com\/de\/2020\/07\/wir-brauchen-einen-kulturellen-und-spirituellen-wandel-aber-wie\/#breadcrumb\",\"itemListElement\":[{\"@type\":\"ListItem\",\"position\":1,\"name\":\"Accueil\",\"item\":\"https:\/\/www.pressenza.com\/de\/\"},{\"@type\":\"ListItem\",\"position\":2,\"name\":\"Wir brauchen einen kulturellen und spirituellen Wandel. Aber wie?\"}]},{\"@type\":\"WebSite\",\"@id\":\"https:\/\/www.pressenza.com\/de\/#website\",\"url\":\"https:\/\/www.pressenza.com\/de\/\",\"name\":\"Pressenza\",\"description\":\"International Press Agency\",\"publisher\":{\"@id\":\"https:\/\/www.pressenza.com\/de\/#organization\"},\"potentialAction\":[{\"@type\":\"SearchAction\",\"target\":{\"@type\":\"EntryPoint\",\"urlTemplate\":\"https:\/\/www.pressenza.com\/de\/?s={search_term_string}\"},\"query-input\":{\"@type\":\"PropertyValueSpecification\",\"valueRequired\":true,\"valueName\":\"search_term_string\"}}],\"inLanguage\":\"de\"},{\"@type\":\"Organization\",\"@id\":\"https:\/\/www.pressenza.com\/de\/#organization\",\"name\":\"Pressenza\",\"url\":\"https:\/\/www.pressenza.com\/de\/\",\"logo\":{\"@type\":\"ImageObject\",\"inLanguage\":\"de\",\"@id\":\"https:\/\/www.pressenza.com\/de\/#\/schema\/logo\/image\/\",\"url\":\"https:\/\/www.pressenza.com\/wp-content\/uploads\/2022\/10\/pressenza_logo_200x200.jpg\",\"contentUrl\":\"https:\/\/www.pressenza.com\/wp-content\/uploads\/2022\/10\/pressenza_logo_200x200.jpg\",\"width\":200,\"height\":200,\"caption\":\"Pressenza\"},\"image\":{\"@id\":\"https:\/\/www.pressenza.com\/de\/#\/schema\/logo\/image\/\"},\"sameAs\":[\"https:\/\/www.facebook.com\/PressenzaItalia\",\"https:\/\/x.com\/PressenzaIPA\"]},{\"@type\":\"Person\",\"@id\":\"https:\/\/www.pressenza.com\/de\/#\/schema\/person\/b816344ee166a2736c48a20c4b9ad2a9\",\"name\":\"Neue Debatte\",\"description\":\"Magazin f\u00fcr Menschen, Kultur und Gesellschaft www.neue-debatte.de\",\"url\":\"https:\/\/www.pressenza.com\/de\/author\/neue-debatte\/\"}]}<\/script>\n<!-- \/ Yoast SEO plugin. -->","yoast_head_json":{"title":"Wir brauchen einen kulturellen und spirituellen Wandel. Aber wie?","description":"Der Mann ist Professor f\u00fcr Umweltpolitik und Nachhaltige Entwicklung an der Yale University in New Haven (Connecticut), eine der renommiertesten","robots":{"index":"index","follow":"follow","max-snippet":"max-snippet:-1","max-image-preview":"max-image-preview:large","max-video-preview":"max-video-preview:-1"},"canonical":"https:\/\/www.pressenza.com\/de\/2020\/07\/wir-brauchen-einen-kulturellen-und-spirituellen-wandel-aber-wie\/","og_locale":"de_DE","og_type":"article","og_title":"Wir brauchen einen kulturellen und spirituellen Wandel. Aber wie?","og_description":"Der Mann ist Professor f\u00fcr Umweltpolitik und Nachhaltige Entwicklung an der Yale University in New Haven (Connecticut), eine der renommiertesten","og_url":"https:\/\/www.pressenza.com\/de\/2020\/07\/wir-brauchen-einen-kulturellen-und-spirituellen-wandel-aber-wie\/","og_site_name":"Pressenza","article_publisher":"https:\/\/www.facebook.com\/PressenzaItalia","article_published_time":"2020-07-09T05:59:51+00:00","og_image":[{"width":2468,"height":2493,"url":"https:\/\/www.pressenza.com\/wp-content\/uploads\/2020\/07\/Vitruvianischer_Mann.png","type":"image\/png"}],"author":"Neue Debatte","twitter_card":"summary_large_image","twitter_creator":"@PressenzaIPA","twitter_site":"@PressenzaIPA","twitter_misc":{"Verfasst von":"Neue Debatte","Gesch\u00e4tzte Lesezeit":"7\u00a0Minuten"},"schema":{"@context":"https:\/\/schema.org","@graph":[{"@type":"Article","@id":"https:\/\/www.pressenza.com\/de\/2020\/07\/wir-brauchen-einen-kulturellen-und-spirituellen-wandel-aber-wie\/#article","isPartOf":{"@id":"https:\/\/www.pressenza.com\/de\/2020\/07\/wir-brauchen-einen-kulturellen-und-spirituellen-wandel-aber-wie\/"},"author":{"name":"Neue Debatte","@id":"https:\/\/www.pressenza.com\/de\/#\/schema\/person\/b816344ee166a2736c48a20c4b9ad2a9"},"headline":"Wir brauchen einen kulturellen und spirituellen Wandel. Aber wie?","datePublished":"2020-07-09T05:59:51+00:00","mainEntityOfPage":{"@id":"https:\/\/www.pressenza.com\/de\/2020\/07\/wir-brauchen-einen-kulturellen-und-spirituellen-wandel-aber-wie\/"},"wordCount":1381,"publisher":{"@id":"https:\/\/www.pressenza.com\/de\/#organization"},"image":{"@id":"https:\/\/www.pressenza.com\/de\/2020\/07\/wir-brauchen-einen-kulturellen-und-spirituellen-wandel-aber-wie\/#primaryimage"},"thumbnailUrl":"https:\/\/www.pressenza.com\/wp-content\/uploads\/2020\/07\/Vitruvianischer_Mann.png","keywords":["Kapitalismus","philosophie","Sinnkrise"],"articleSection":["\u00d6kologie und Umwelt","Politik","Wirtschaft","Wissenschaft und Technologie"],"inLanguage":"de"},{"@type":"WebPage","@id":"https:\/\/www.pressenza.com\/de\/2020\/07\/wir-brauchen-einen-kulturellen-und-spirituellen-wandel-aber-wie\/","url":"https:\/\/www.pressenza.com\/de\/2020\/07\/wir-brauchen-einen-kulturellen-und-spirituellen-wandel-aber-wie\/","name":"Wir brauchen einen kulturellen und spirituellen Wandel. Aber wie?","isPartOf":{"@id":"https:\/\/www.pressenza.com\/de\/#website"},"primaryImageOfPage":{"@id":"https:\/\/www.pressenza.com\/de\/2020\/07\/wir-brauchen-einen-kulturellen-und-spirituellen-wandel-aber-wie\/#primaryimage"},"image":{"@id":"https:\/\/www.pressenza.com\/de\/2020\/07\/wir-brauchen-einen-kulturellen-und-spirituellen-wandel-aber-wie\/#primaryimage"},"thumbnailUrl":"https:\/\/www.pressenza.com\/wp-content\/uploads\/2020\/07\/Vitruvianischer_Mann.png","datePublished":"2020-07-09T05:59:51+00:00","description":"Der Mann ist Professor f\u00fcr Umweltpolitik und Nachhaltige Entwicklung an der Yale University in New Haven (Connecticut), eine der renommiertesten","breadcrumb":{"@id":"https:\/\/www.pressenza.com\/de\/2020\/07\/wir-brauchen-einen-kulturellen-und-spirituellen-wandel-aber-wie\/#breadcrumb"},"inLanguage":"de","potentialAction":[{"@type":"ReadAction","target":["https:\/\/www.pressenza.com\/de\/2020\/07\/wir-brauchen-einen-kulturellen-und-spirituellen-wandel-aber-wie\/"]}]},{"@type":"ImageObject","inLanguage":"de","@id":"https:\/\/www.pressenza.com\/de\/2020\/07\/wir-brauchen-einen-kulturellen-und-spirituellen-wandel-aber-wie\/#primaryimage","url":"https:\/\/www.pressenza.com\/wp-content\/uploads\/2020\/07\/Vitruvianischer_Mann.png","contentUrl":"https:\/\/www.pressenza.com\/wp-content\/uploads\/2020\/07\/Vitruvianischer_Mann.png","width":2468,"height":2493},{"@type":"BreadcrumbList","@id":"https:\/\/www.pressenza.com\/de\/2020\/07\/wir-brauchen-einen-kulturellen-und-spirituellen-wandel-aber-wie\/#breadcrumb","itemListElement":[{"@type":"ListItem","position":1,"name":"Accueil","item":"https:\/\/www.pressenza.com\/de\/"},{"@type":"ListItem","position":2,"name":"Wir brauchen einen kulturellen und spirituellen Wandel. Aber wie?"}]},{"@type":"WebSite","@id":"https:\/\/www.pressenza.com\/de\/#website","url":"https:\/\/www.pressenza.com\/de\/","name":"Pressenza","description":"International Press Agency","publisher":{"@id":"https:\/\/www.pressenza.com\/de\/#organization"},"potentialAction":[{"@type":"SearchAction","target":{"@type":"EntryPoint","urlTemplate":"https:\/\/www.pressenza.com\/de\/?s={search_term_string}"},"query-input":{"@type":"PropertyValueSpecification","valueRequired":true,"valueName":"search_term_string"}}],"inLanguage":"de"},{"@type":"Organization","@id":"https:\/\/www.pressenza.com\/de\/#organization","name":"Pressenza","url":"https:\/\/www.pressenza.com\/de\/","logo":{"@type":"ImageObject","inLanguage":"de","@id":"https:\/\/www.pressenza.com\/de\/#\/schema\/logo\/image\/","url":"https:\/\/www.pressenza.com\/wp-content\/uploads\/2022\/10\/pressenza_logo_200x200.jpg","contentUrl":"https:\/\/www.pressenza.com\/wp-content\/uploads\/2022\/10\/pressenza_logo_200x200.jpg","width":200,"height":200,"caption":"Pressenza"},"image":{"@id":"https:\/\/www.pressenza.com\/de\/#\/schema\/logo\/image\/"},"sameAs":["https:\/\/www.facebook.com\/PressenzaItalia","https:\/\/x.com\/PressenzaIPA"]},{"@type":"Person","@id":"https:\/\/www.pressenza.com\/de\/#\/schema\/person\/b816344ee166a2736c48a20c4b9ad2a9","name":"Neue Debatte","description":"Magazin f\u00fcr Menschen, Kultur und Gesellschaft www.neue-debatte.de","url":"https:\/\/www.pressenza.com\/de\/author\/neue-debatte\/"}]}},"place":"","original_article_url":"https:\/\/neue-debatte.com\/2020\/06\/27\/wir-brauchen-einen-kulturellen-und-spirituellen-wandel-aber-wie\/","_links":{"self":[{"href":"https:\/\/www.pressenza.com\/de\/wp-json\/wp\/v2\/posts\/1155500","targetHints":{"allow":["GET"]}}],"collection":[{"href":"https:\/\/www.pressenza.com\/de\/wp-json\/wp\/v2\/posts"}],"about":[{"href":"https:\/\/www.pressenza.com\/de\/wp-json\/wp\/v2\/types\/post"}],"author":[{"embeddable":true,"href":"https:\/\/www.pressenza.com\/de\/wp-json\/wp\/v2\/users\/1342"}],"replies":[{"embeddable":true,"href":"https:\/\/www.pressenza.com\/de\/wp-json\/wp\/v2\/comments?post=1155500"}],"version-history":[{"count":0,"href":"https:\/\/www.pressenza.com\/de\/wp-json\/wp\/v2\/posts\/1155500\/revisions"}],"wp:featuredmedia":[{"embeddable":true,"href":"https:\/\/www.pressenza.com\/de\/wp-json\/wp\/v2\/media\/1155504"}],"wp:attachment":[{"href":"https:\/\/www.pressenza.com\/de\/wp-json\/wp\/v2\/media?parent=1155500"}],"wp:term":[{"taxonomy":"category","embeddable":true,"href":"https:\/\/www.pressenza.com\/de\/wp-json\/wp\/v2\/categories?post=1155500"},{"taxonomy":"post_tag","embeddable":true,"href":"https:\/\/www.pressenza.com\/de\/wp-json\/wp\/v2\/tags?post=1155500"}],"curies":[{"name":"wp","href":"https:\/\/api.w.org\/{rel}","templated":true}]}}