{"id":1151671,"date":"2020-07-04T09:34:28","date_gmt":"2020-07-04T08:34:28","guid":{"rendered":"https:\/\/www.pressenza.com\/?p=1151671"},"modified":"2020-07-04T09:34:28","modified_gmt":"2020-07-04T08:34:28","slug":"offengeht-fuenf-jahre-nach-dem-sommer-der-flucht","status":"publish","type":"post","link":"https:\/\/www.pressenza.com\/de\/2020\/07\/offengeht-fuenf-jahre-nach-dem-sommer-der-flucht\/","title":{"rendered":"#offengeht: F\u00fcnf Jahre nach dem Sommer der Flucht"},"content":{"rendered":"<p><strong>\u00bbMenschen sind gekommen und das war gut so!\u00ab ziehen 27 zivilgesellschaftliche Organisationen f\u00fcnf Jahre nach dem Sommer der Flucht Bilanz. Die Fl\u00fcchtlingsaufnahme wurde dank des Einsatzes von Haupt- und Ehrenamtlichen und des Engagements der Gefl\u00fcchteten selbst zu einer Erfolgsgeschichte. #offengeht ist eine Erkl\u00e4rung f\u00fcr eine offene Gesellschaft.<\/strong><\/p>\n<p>Menschen sind gekommen. Ohne dass wir sie gerufen h\u00e4tten. Menschen sind gekommen, weil sie vor Bomben und Kugeln, vor Terror und politischer Verfolgung, vor Folter und Misshandlung fliehen mussten. Sie flohen aus den Kriegs- und Krisengebieten in Syrien, Afghanistan, dem Irak, Eritrea oder Somalia. Sie flohen, weil sie dort keine Perspektive hatten und die T\u00fcrkei als Durchgangsland kein Staat ist, der dauerhaft Schutz gew\u00e4hrt.<\/p>\n<div class=\"wpb_text_column wpb_content_element \">\n<div class=\"wpb_wrapper\">\n<p>Menschen sind gekommen mit der vagen und auf ihren Fluchtwegen oft hart gepr\u00fcften Hoffnung, hier etwas Besseres zu finden. Menschen sind gekommen, weil andere EU-Staaten geltendes Recht brechen und keine Fl\u00fcchtlinge aufnehmen wollen. Sie sind gekommen, weil Deutschland ein demokratischer Rechtsstaat ist, in dem die Menschenrechte und das EU-Recht geachtet werden, ein Staat, der seine Grenzen nicht rechtswidrig geschlossen hat.<\/p>\n<\/div>\n<\/div>\n<p style=\"text-align: center;\"><a href=\"https:\/\/www.proasyl.de\/wp-content\/uploads\/20-07-03_Erklaerung_offengeht-1.pdf\">#Offengeht! Zur ganzen Erkl\u00e4rung<\/a><\/p>\n<p><strong>MENSCHEN SIND GEKOMMEN. UND MENSCHEN HABEN SIE AUFGENOMMEN.<\/strong><\/p>\n<div class=\"wpb_text_column wpb_content_element \">\n<div class=\"wpb_wrapper\">\n<p>Menschen sind gekommen. Und Menschen haben sie aufgenommen. Schon das allein ist eine Erfolgsgeschichte. Dieser lange Sommer der Flucht im Jahr 2015 traf auf eine lebendige Humanit\u00e4t, Empathie und die Idee der Menschenrechte verwirklichenden Zivilgesellschaft. Und dann wurde aus der Aufnahme Gefl\u00fcchteter sogar noch in vielen anderen Hinsichten ein Erfolg.<\/p>\n<\/div>\n<\/div>\n<article class=\"asvce-element asvce-ausblocker fullwidth fullwidth--inline\">\n<blockquote>\n<p class=\"asvce-ausblocker__content\">Aus Fl\u00fcchtlingen sind neue Nachbar*innen und Freund*innen geworden \u2013 und h\u00e4ufig auch neue Kolleginnen und Kollegen am Arbeitsplatz oder an der Universit\u00e4t.<\/p>\n<\/blockquote>\n<\/article>\n<div class=\"wpb_text_column wpb_content_element \">\n<div class=\"wpb_wrapper\">\n<p>Aus Fl\u00fcchtlingen sind neue Nachbar*innen und Freund*innen geworden \u2013 und h\u00e4ufig auch neue Kolleginnen und Kollegen am Arbeitsplatz oder an der Universit\u00e4t, die Deutschland vielf\u00e4ltiger, offener und erfahrungsreicher machen. Anfang M\u00e4rz 2020 ist <a href=\"https:\/\/www.iab.de\/de\/informationsservice\/presse\/presseinformationen\/kb0420.aspx\" target=\"_blank\" rel=\"noopener noreferrer\">die H\u00e4lfte der seit 2013 eingereisten Gefl\u00fcchteten erwerbst\u00e4tig<\/a> \u2013 das ging viel schneller als prognostiziert. Ebenso korrigiert werden musste die Prognose der Ausgaben.<\/p>\n<\/div>\n<\/div>\n<div class=\"wpb_text_column wpb_content_element \">\n<div class=\"wpb_wrapper\">\n<p><strong>MEHR ARBEITST\u00c4TIGE UND WENIGER KOSTEN ALS ERWARTET<\/strong><\/p>\n<p>2015 sch\u00e4tzten Experten des Instituts f\u00fcr Weltwirtschaft, dass die Integration der Fl\u00fcchtlinge mindestens 20 Mrd. Euro j\u00e4hrlich kosten wird. Die <a href=\"https:\/\/dip21.bundestag.de\/dip21\/btd\/19\/197\/1919780.pdf\" target=\"_blank\" rel=\"noopener noreferrer\">tats\u00e4chlichen Ausgaben des Bundes<\/a> f\u00fcr Fl\u00fcchtlinge in Deutschland im Jahr 2019 beliefen sich auf 14,7 Mrd. Euro (inklusive Kostenerstattungen an die Bundesl\u00e4nder in H\u00f6he von 6,3 Mrd. Euro). Zum Vergleich: Auch f\u00fcr \u00bbFluchtursachenbek\u00e4mpfung\u00ab au\u00dferhalb Deutschlands (darunter fallen auch zweifelhafte Ma\u00dfnahmen, mit dem Ziel, Gefl\u00fcchtete fernzuhalten) wurden 8,4 Mrd. Euro ausgegeben.<\/p>\n<\/div>\n<\/div>\n<div class=\"asvce-element hidden-print asvce-big-number marginal marginal--left\">\n<div class=\"row\">\n<blockquote>\n<div class=\"fixed-col-xs-8 fixed-col-xs-offset-2 fixed-col-md-2 fixed-col-md-offset-0\"><strong class=\"asvce-big-number__number\">337 Mrd.\u00a0<\/strong>waren die gesamten Ausgaben des Bundes 2019<\/div>\n<\/blockquote>\n<\/div>\n<\/div>\n<div class=\"wpb_text_column wpb_content_element \">\n<div class=\"wpb_wrapper\">\n<p>G\u00e4nzlich dabei fehlt au\u00dferdem die Gegenrechnung, z.B. die zus\u00e4tzlichen Steuereinnahmen durch arbeitende Gefl\u00fcchtete oder die <a href=\"https:\/\/www.welt.de\/politik\/deutschland\/article172556088\/Gesetzliche-Krankenkassen-Zuwanderer-fuehren-zu-einem-doppelten-Entlastungseffekt.html\" target=\"_blank\" rel=\"noopener noreferrer\">Entlastung von Krankenkassen<\/a>, weil die neuen Versicherten j\u00fcnger sind und weniger Leistungen in Anspruch nehmen als der Durchschnitt der Bev\u00f6lkerung. Und die von der Bundesregierung gebildete <a href=\"https:\/\/www.zeit.de\/politik\/deutschland\/2019-01\/bundeshaushalt-ausgaben-steuereinnahmen-ueberschuss-olaf-scholz\" target=\"_blank\" rel=\"noopener noreferrer\">Fl\u00fcchtlingsr\u00fccklage<\/a> in H\u00f6he von mittlerweile 35 Milliarden Euro wurde bisher nicht angetastet. Das alles macht deutlich: Wir sind nicht nur \u2013 unabh\u00e4ngig von den Kosten \u2013 verpflichtet, Fl\u00fcchtlinge aufzunehmen, weil das individuelle Recht auf Asyl unbedingt gilt. Wir k\u00f6nnen uns die Aufnahme Schutz suchender Menschen \u00f6konomisch auch gut leisten. &#8230;. <em><a href=\"https:\/\/www.proasyl.de\/news\/offengeht-fuenf-jahre-nach-dem-sommer-der-flucht\/\">weiter lesen<\/a><\/em><\/p>\n<\/div>\n<\/div>\n<p>&nbsp;<\/p>\n","protected":false},"excerpt":{"rendered":"<p>\u00bbMenschen sind gekommen und das war gut so!\u00ab ziehen 27 zivilgesellschaftliche Organisationen f\u00fcnf Jahre nach dem Sommer der Flucht Bilanz. Die Fl\u00fcchtlingsaufnahme wurde dank des Einsatzes von Haupt- und Ehrenamtlichen und des Engagements der Gefl\u00fcchteten selbst zu einer Erfolgsgeschichte. #offengeht&hellip;<\/p>\n","protected":false},"author":1411,"featured_media":1151672,"comment_status":"closed","ping_status":"closed","sticky":false,"template":"","format":"standard","meta":{"footnotes":""},"categories":[9167,9161,54569,9145],"tags":[10412],"class_list":["post-1151671","post","type-post","status-publish","format-standard","has-post-thumbnail","hentry","category-frieden-und-abruestung","category-menschenrechte","category-migration","category-pressemitteilungen","tag-asyl"],"yoast_head":"<!-- This site is optimized with the Yoast SEO plugin v27.1.1 - https:\/\/yoast.com\/product\/yoast-seo-wordpress\/ -->\n<title>#offengeht: F\u00fcnf Jahre nach dem Sommer der Flucht<\/title>\n<meta name=\"description\" content=\"\u00bbMenschen sind gekommen und das war gut so!\u00ab ziehen 27 zivilgesellschaftliche Organisationen f\u00fcnf Jahre nach dem Sommer der Flucht Bilanz. Die\" \/>\n<meta name=\"robots\" content=\"index, follow, max-snippet:-1, max-image-preview:large, max-video-preview:-1\" \/>\n<link rel=\"canonical\" href=\"https:\/\/www.pressenza.com\/de\/2020\/07\/offengeht-fuenf-jahre-nach-dem-sommer-der-flucht\/\" \/>\n<meta property=\"og:locale\" content=\"de_DE\" \/>\n<meta property=\"og:type\" content=\"article\" \/>\n<meta property=\"og:title\" content=\"#offengeht: F\u00fcnf Jahre nach dem Sommer der Flucht\" \/>\n<meta property=\"og:description\" content=\"\u00bbMenschen sind gekommen und das war gut so!\u00ab ziehen 27 zivilgesellschaftliche Organisationen f\u00fcnf Jahre nach dem Sommer der Flucht Bilanz. Die\" \/>\n<meta property=\"og:url\" content=\"https:\/\/www.pressenza.com\/de\/2020\/07\/offengeht-fuenf-jahre-nach-dem-sommer-der-flucht\/\" \/>\n<meta property=\"og:site_name\" content=\"Pressenza\" \/>\n<meta property=\"article:publisher\" content=\"https:\/\/www.facebook.com\/PressenzaItalia\" \/>\n<meta property=\"article:published_time\" content=\"2020-07-04T08:34:28+00:00\" \/>\n<meta property=\"og:image\" content=\"https:\/\/www.pressenza.com\/wp-content\/uploads\/2020\/07\/C15F870B-DD8E-4CE5-95C7-1C86AA5050CB.png\" \/>\n\t<meta property=\"og:image:width\" content=\"660\" \/>\n\t<meta property=\"og:image:height\" content=\"370\" \/>\n\t<meta property=\"og:image:type\" content=\"image\/png\" \/>\n<meta name=\"author\" content=\"Pro Asyl\" \/>\n<meta name=\"twitter:card\" content=\"summary_large_image\" \/>\n<meta name=\"twitter:creator\" content=\"@PressenzaIPA\" \/>\n<meta name=\"twitter:site\" content=\"@PressenzaIPA\" \/>\n<meta name=\"twitter:label1\" content=\"Verfasst von\" \/>\n\t<meta name=\"twitter:data1\" content=\"Pro Asyl\" \/>\n\t<meta name=\"twitter:label2\" content=\"Gesch\u00e4tzte Lesezeit\" \/>\n\t<meta name=\"twitter:data2\" content=\"3\u00a0Minuten\" \/>\n<script type=\"application\/ld+json\" class=\"yoast-schema-graph\">{\"@context\":\"https:\/\/schema.org\",\"@graph\":[{\"@type\":\"Article\",\"@id\":\"https:\/\/www.pressenza.com\/de\/2020\/07\/offengeht-fuenf-jahre-nach-dem-sommer-der-flucht\/#article\",\"isPartOf\":{\"@id\":\"https:\/\/www.pressenza.com\/de\/2020\/07\/offengeht-fuenf-jahre-nach-dem-sommer-der-flucht\/\"},\"author\":{\"name\":\"Pro Asyl\",\"@id\":\"https:\/\/www.pressenza.com\/de\/#\/schema\/person\/2a2e2e83a39e4cf3cf67ecb1e0760b14\"},\"headline\":\"#offengeht: F\u00fcnf Jahre nach dem Sommer der Flucht\",\"datePublished\":\"2020-07-04T08:34:28+00:00\",\"mainEntityOfPage\":{\"@id\":\"https:\/\/www.pressenza.com\/de\/2020\/07\/offengeht-fuenf-jahre-nach-dem-sommer-der-flucht\/\"},\"wordCount\":537,\"publisher\":{\"@id\":\"https:\/\/www.pressenza.com\/de\/#organization\"},\"image\":{\"@id\":\"https:\/\/www.pressenza.com\/de\/2020\/07\/offengeht-fuenf-jahre-nach-dem-sommer-der-flucht\/#primaryimage\"},\"thumbnailUrl\":\"https:\/\/www.pressenza.com\/wp-content\/uploads\/2020\/07\/C15F870B-DD8E-4CE5-95C7-1C86AA5050CB.png\",\"keywords\":[\"Asyl\"],\"articleSection\":[\"Frieden und Abr\u00fcstung\",\"Menschenrechte\",\"Migration\",\"Pressemitteilungen\"],\"inLanguage\":\"de\"},{\"@type\":\"WebPage\",\"@id\":\"https:\/\/www.pressenza.com\/de\/2020\/07\/offengeht-fuenf-jahre-nach-dem-sommer-der-flucht\/\",\"url\":\"https:\/\/www.pressenza.com\/de\/2020\/07\/offengeht-fuenf-jahre-nach-dem-sommer-der-flucht\/\",\"name\":\"#offengeht: F\u00fcnf Jahre nach dem Sommer der Flucht\",\"isPartOf\":{\"@id\":\"https:\/\/www.pressenza.com\/de\/#website\"},\"primaryImageOfPage\":{\"@id\":\"https:\/\/www.pressenza.com\/de\/2020\/07\/offengeht-fuenf-jahre-nach-dem-sommer-der-flucht\/#primaryimage\"},\"image\":{\"@id\":\"https:\/\/www.pressenza.com\/de\/2020\/07\/offengeht-fuenf-jahre-nach-dem-sommer-der-flucht\/#primaryimage\"},\"thumbnailUrl\":\"https:\/\/www.pressenza.com\/wp-content\/uploads\/2020\/07\/C15F870B-DD8E-4CE5-95C7-1C86AA5050CB.png\",\"datePublished\":\"2020-07-04T08:34:28+00:00\",\"description\":\"\u00bbMenschen sind gekommen und das war gut so!\u00ab ziehen 27 zivilgesellschaftliche Organisationen f\u00fcnf Jahre nach dem Sommer der Flucht Bilanz. Die\",\"breadcrumb\":{\"@id\":\"https:\/\/www.pressenza.com\/de\/2020\/07\/offengeht-fuenf-jahre-nach-dem-sommer-der-flucht\/#breadcrumb\"},\"inLanguage\":\"de\",\"potentialAction\":[{\"@type\":\"ReadAction\",\"target\":[\"https:\/\/www.pressenza.com\/de\/2020\/07\/offengeht-fuenf-jahre-nach-dem-sommer-der-flucht\/\"]}]},{\"@type\":\"ImageObject\",\"inLanguage\":\"de\",\"@id\":\"https:\/\/www.pressenza.com\/de\/2020\/07\/offengeht-fuenf-jahre-nach-dem-sommer-der-flucht\/#primaryimage\",\"url\":\"https:\/\/www.pressenza.com\/wp-content\/uploads\/2020\/07\/C15F870B-DD8E-4CE5-95C7-1C86AA5050CB.png\",\"contentUrl\":\"https:\/\/www.pressenza.com\/wp-content\/uploads\/2020\/07\/C15F870B-DD8E-4CE5-95C7-1C86AA5050CB.png\",\"width\":660,\"height\":370},{\"@type\":\"BreadcrumbList\",\"@id\":\"https:\/\/www.pressenza.com\/de\/2020\/07\/offengeht-fuenf-jahre-nach-dem-sommer-der-flucht\/#breadcrumb\",\"itemListElement\":[{\"@type\":\"ListItem\",\"position\":1,\"name\":\"Accueil\",\"item\":\"https:\/\/www.pressenza.com\/de\/\"},{\"@type\":\"ListItem\",\"position\":2,\"name\":\"#offengeht: F\u00fcnf Jahre nach dem Sommer der Flucht\"}]},{\"@type\":\"WebSite\",\"@id\":\"https:\/\/www.pressenza.com\/de\/#website\",\"url\":\"https:\/\/www.pressenza.com\/de\/\",\"name\":\"Pressenza\",\"description\":\"International Press Agency\",\"publisher\":{\"@id\":\"https:\/\/www.pressenza.com\/de\/#organization\"},\"potentialAction\":[{\"@type\":\"SearchAction\",\"target\":{\"@type\":\"EntryPoint\",\"urlTemplate\":\"https:\/\/www.pressenza.com\/de\/?s={search_term_string}\"},\"query-input\":{\"@type\":\"PropertyValueSpecification\",\"valueRequired\":true,\"valueName\":\"search_term_string\"}}],\"inLanguage\":\"de\"},{\"@type\":\"Organization\",\"@id\":\"https:\/\/www.pressenza.com\/de\/#organization\",\"name\":\"Pressenza\",\"url\":\"https:\/\/www.pressenza.com\/de\/\",\"logo\":{\"@type\":\"ImageObject\",\"inLanguage\":\"de\",\"@id\":\"https:\/\/www.pressenza.com\/de\/#\/schema\/logo\/image\/\",\"url\":\"https:\/\/www.pressenza.com\/wp-content\/uploads\/2022\/10\/pressenza_logo_200x200.jpg\",\"contentUrl\":\"https:\/\/www.pressenza.com\/wp-content\/uploads\/2022\/10\/pressenza_logo_200x200.jpg\",\"width\":200,\"height\":200,\"caption\":\"Pressenza\"},\"image\":{\"@id\":\"https:\/\/www.pressenza.com\/de\/#\/schema\/logo\/image\/\"},\"sameAs\":[\"https:\/\/www.facebook.com\/PressenzaItalia\",\"https:\/\/x.com\/PressenzaIPA\"]},{\"@type\":\"Person\",\"@id\":\"https:\/\/www.pressenza.com\/de\/#\/schema\/person\/2a2e2e83a39e4cf3cf67ecb1e0760b14\",\"name\":\"Pro Asyl\",\"description\":\"Ist die selbstbestimmte und unabh\u00e4ngige Stimme f\u00fcr die Menschenrechte und den Schutz von Fl\u00fcchtlingen in Deutschland und Europa. Es ist ein Verein dessen Arbeit durch Mitgliedsbeitr\u00e4ge, Spenden und Stiftungszuwendungen finanziert wird.\",\"sameAs\":[\"https:\/\/www.proasyl.de\"],\"url\":\"https:\/\/www.pressenza.com\/de\/author\/pro-asyl\/\"}]}<\/script>\n<!-- \/ Yoast SEO plugin. -->","yoast_head_json":{"title":"#offengeht: F\u00fcnf Jahre nach dem Sommer der Flucht","description":"\u00bbMenschen sind gekommen und das war gut so!\u00ab ziehen 27 zivilgesellschaftliche Organisationen f\u00fcnf Jahre nach dem Sommer der Flucht Bilanz. Die","robots":{"index":"index","follow":"follow","max-snippet":"max-snippet:-1","max-image-preview":"max-image-preview:large","max-video-preview":"max-video-preview:-1"},"canonical":"https:\/\/www.pressenza.com\/de\/2020\/07\/offengeht-fuenf-jahre-nach-dem-sommer-der-flucht\/","og_locale":"de_DE","og_type":"article","og_title":"#offengeht: F\u00fcnf Jahre nach dem Sommer der Flucht","og_description":"\u00bbMenschen sind gekommen und das war gut so!\u00ab ziehen 27 zivilgesellschaftliche Organisationen f\u00fcnf Jahre nach dem Sommer der Flucht Bilanz. Die","og_url":"https:\/\/www.pressenza.com\/de\/2020\/07\/offengeht-fuenf-jahre-nach-dem-sommer-der-flucht\/","og_site_name":"Pressenza","article_publisher":"https:\/\/www.facebook.com\/PressenzaItalia","article_published_time":"2020-07-04T08:34:28+00:00","og_image":[{"width":660,"height":370,"url":"https:\/\/www.pressenza.com\/wp-content\/uploads\/2020\/07\/C15F870B-DD8E-4CE5-95C7-1C86AA5050CB.png","type":"image\/png"}],"author":"Pro Asyl","twitter_card":"summary_large_image","twitter_creator":"@PressenzaIPA","twitter_site":"@PressenzaIPA","twitter_misc":{"Verfasst von":"Pro Asyl","Gesch\u00e4tzte Lesezeit":"3\u00a0Minuten"},"schema":{"@context":"https:\/\/schema.org","@graph":[{"@type":"Article","@id":"https:\/\/www.pressenza.com\/de\/2020\/07\/offengeht-fuenf-jahre-nach-dem-sommer-der-flucht\/#article","isPartOf":{"@id":"https:\/\/www.pressenza.com\/de\/2020\/07\/offengeht-fuenf-jahre-nach-dem-sommer-der-flucht\/"},"author":{"name":"Pro Asyl","@id":"https:\/\/www.pressenza.com\/de\/#\/schema\/person\/2a2e2e83a39e4cf3cf67ecb1e0760b14"},"headline":"#offengeht: F\u00fcnf Jahre nach dem Sommer der Flucht","datePublished":"2020-07-04T08:34:28+00:00","mainEntityOfPage":{"@id":"https:\/\/www.pressenza.com\/de\/2020\/07\/offengeht-fuenf-jahre-nach-dem-sommer-der-flucht\/"},"wordCount":537,"publisher":{"@id":"https:\/\/www.pressenza.com\/de\/#organization"},"image":{"@id":"https:\/\/www.pressenza.com\/de\/2020\/07\/offengeht-fuenf-jahre-nach-dem-sommer-der-flucht\/#primaryimage"},"thumbnailUrl":"https:\/\/www.pressenza.com\/wp-content\/uploads\/2020\/07\/C15F870B-DD8E-4CE5-95C7-1C86AA5050CB.png","keywords":["Asyl"],"articleSection":["Frieden und Abr\u00fcstung","Menschenrechte","Migration","Pressemitteilungen"],"inLanguage":"de"},{"@type":"WebPage","@id":"https:\/\/www.pressenza.com\/de\/2020\/07\/offengeht-fuenf-jahre-nach-dem-sommer-der-flucht\/","url":"https:\/\/www.pressenza.com\/de\/2020\/07\/offengeht-fuenf-jahre-nach-dem-sommer-der-flucht\/","name":"#offengeht: F\u00fcnf Jahre nach dem Sommer der Flucht","isPartOf":{"@id":"https:\/\/www.pressenza.com\/de\/#website"},"primaryImageOfPage":{"@id":"https:\/\/www.pressenza.com\/de\/2020\/07\/offengeht-fuenf-jahre-nach-dem-sommer-der-flucht\/#primaryimage"},"image":{"@id":"https:\/\/www.pressenza.com\/de\/2020\/07\/offengeht-fuenf-jahre-nach-dem-sommer-der-flucht\/#primaryimage"},"thumbnailUrl":"https:\/\/www.pressenza.com\/wp-content\/uploads\/2020\/07\/C15F870B-DD8E-4CE5-95C7-1C86AA5050CB.png","datePublished":"2020-07-04T08:34:28+00:00","description":"\u00bbMenschen sind gekommen und das war gut so!\u00ab ziehen 27 zivilgesellschaftliche Organisationen f\u00fcnf Jahre nach dem Sommer der Flucht Bilanz. Die","breadcrumb":{"@id":"https:\/\/www.pressenza.com\/de\/2020\/07\/offengeht-fuenf-jahre-nach-dem-sommer-der-flucht\/#breadcrumb"},"inLanguage":"de","potentialAction":[{"@type":"ReadAction","target":["https:\/\/www.pressenza.com\/de\/2020\/07\/offengeht-fuenf-jahre-nach-dem-sommer-der-flucht\/"]}]},{"@type":"ImageObject","inLanguage":"de","@id":"https:\/\/www.pressenza.com\/de\/2020\/07\/offengeht-fuenf-jahre-nach-dem-sommer-der-flucht\/#primaryimage","url":"https:\/\/www.pressenza.com\/wp-content\/uploads\/2020\/07\/C15F870B-DD8E-4CE5-95C7-1C86AA5050CB.png","contentUrl":"https:\/\/www.pressenza.com\/wp-content\/uploads\/2020\/07\/C15F870B-DD8E-4CE5-95C7-1C86AA5050CB.png","width":660,"height":370},{"@type":"BreadcrumbList","@id":"https:\/\/www.pressenza.com\/de\/2020\/07\/offengeht-fuenf-jahre-nach-dem-sommer-der-flucht\/#breadcrumb","itemListElement":[{"@type":"ListItem","position":1,"name":"Accueil","item":"https:\/\/www.pressenza.com\/de\/"},{"@type":"ListItem","position":2,"name":"#offengeht: F\u00fcnf Jahre nach dem Sommer der Flucht"}]},{"@type":"WebSite","@id":"https:\/\/www.pressenza.com\/de\/#website","url":"https:\/\/www.pressenza.com\/de\/","name":"Pressenza","description":"International Press Agency","publisher":{"@id":"https:\/\/www.pressenza.com\/de\/#organization"},"potentialAction":[{"@type":"SearchAction","target":{"@type":"EntryPoint","urlTemplate":"https:\/\/www.pressenza.com\/de\/?s={search_term_string}"},"query-input":{"@type":"PropertyValueSpecification","valueRequired":true,"valueName":"search_term_string"}}],"inLanguage":"de"},{"@type":"Organization","@id":"https:\/\/www.pressenza.com\/de\/#organization","name":"Pressenza","url":"https:\/\/www.pressenza.com\/de\/","logo":{"@type":"ImageObject","inLanguage":"de","@id":"https:\/\/www.pressenza.com\/de\/#\/schema\/logo\/image\/","url":"https:\/\/www.pressenza.com\/wp-content\/uploads\/2022\/10\/pressenza_logo_200x200.jpg","contentUrl":"https:\/\/www.pressenza.com\/wp-content\/uploads\/2022\/10\/pressenza_logo_200x200.jpg","width":200,"height":200,"caption":"Pressenza"},"image":{"@id":"https:\/\/www.pressenza.com\/de\/#\/schema\/logo\/image\/"},"sameAs":["https:\/\/www.facebook.com\/PressenzaItalia","https:\/\/x.com\/PressenzaIPA"]},{"@type":"Person","@id":"https:\/\/www.pressenza.com\/de\/#\/schema\/person\/2a2e2e83a39e4cf3cf67ecb1e0760b14","name":"Pro Asyl","description":"Ist die selbstbestimmte und unabh\u00e4ngige Stimme f\u00fcr die Menschenrechte und den Schutz von Fl\u00fcchtlingen in Deutschland und Europa. Es ist ein Verein dessen Arbeit durch Mitgliedsbeitr\u00e4ge, Spenden und Stiftungszuwendungen finanziert wird.","sameAs":["https:\/\/www.proasyl.de"],"url":"https:\/\/www.pressenza.com\/de\/author\/pro-asyl\/"}]}},"place":"","original_article_url":"https:\/\/www.proasyl.de\/news\/offengeht-fuenf-jahre-nach-dem-sommer-der-flucht\/","_links":{"self":[{"href":"https:\/\/www.pressenza.com\/de\/wp-json\/wp\/v2\/posts\/1151671","targetHints":{"allow":["GET"]}}],"collection":[{"href":"https:\/\/www.pressenza.com\/de\/wp-json\/wp\/v2\/posts"}],"about":[{"href":"https:\/\/www.pressenza.com\/de\/wp-json\/wp\/v2\/types\/post"}],"author":[{"embeddable":true,"href":"https:\/\/www.pressenza.com\/de\/wp-json\/wp\/v2\/users\/1411"}],"replies":[{"embeddable":true,"href":"https:\/\/www.pressenza.com\/de\/wp-json\/wp\/v2\/comments?post=1151671"}],"version-history":[{"count":0,"href":"https:\/\/www.pressenza.com\/de\/wp-json\/wp\/v2\/posts\/1151671\/revisions"}],"wp:featuredmedia":[{"embeddable":true,"href":"https:\/\/www.pressenza.com\/de\/wp-json\/wp\/v2\/media\/1151672"}],"wp:attachment":[{"href":"https:\/\/www.pressenza.com\/de\/wp-json\/wp\/v2\/media?parent=1151671"}],"wp:term":[{"taxonomy":"category","embeddable":true,"href":"https:\/\/www.pressenza.com\/de\/wp-json\/wp\/v2\/categories?post=1151671"},{"taxonomy":"post_tag","embeddable":true,"href":"https:\/\/www.pressenza.com\/de\/wp-json\/wp\/v2\/tags?post=1151671"}],"curies":[{"name":"wp","href":"https:\/\/api.w.org\/{rel}","templated":true}]}}