{"id":1150115,"date":"2020-07-02T07:05:47","date_gmt":"2020-07-02T06:05:47","guid":{"rendered":"https:\/\/www.pressenza.com\/?p=1150115"},"modified":"2020-07-02T07:05:47","modified_gmt":"2020-07-02T06:05:47","slug":"maskenbefreit-fuer-atomkraftfrei-wahnsinn-beenden-mochovce-3-4-stoppen","status":"publish","type":"post","link":"https:\/\/www.pressenza.com\/de\/2020\/07\/maskenbefreit-fuer-atomkraftfrei-wahnsinn-beenden-mochovce-3-4-stoppen\/","title":{"rendered":"\u201eMaskenbefreit f\u00fcr Atomkraftfrei\u201c  \u201eWahnsinn beenden \u2013 Mochovce 3 &#038; 4 stoppen!!\u201c"},"content":{"rendered":"<p><b>Die Mund-Nasen-Masken sind (teilweise) gefallen. Die Aktivistinnen der Wiener Plattform Atomkraftfrei machten daraus Bikinis mit der Forderung: \u201eWahnsinn beenden \u2013 Mochovce 3 &amp; 4 stoppen!\u201c.<\/b><\/p>\n<p>In einer Kundgebung und einem offenen Brief forderte die Wiener Plattform Atomkraftfrei EU-Ministerin Mag.a Karoline Edtstadler angesichts der drohenden Inbetriebnahme des Reaktors 3 des Atomkraftwerkes Mochovce in der Slowakei auf zu handeln. Mochovce 3 ist ein Schrottreaktor in der Slowakei, nur 120 km von der \u00f6sterreichischen Grenze entfernt. Der Reaktorbau wurde vor 35 Jahren angefangen, mehr als 15 Jahre liegengelassen, dann die verwitterten Teile mit neuer, unpassender Technologie fertiggestellt. Aus Alt Neu zu machen, gelingt nicht einmal dem besten Management &#8211; doch grobe M\u00e4ngel beim Management musste selbst die slowakische Aufsicht kritisieren. Die Reaktoren entsprechen daher NICHT dem heutigen Sicherheitsstandard. Auch Atomkraft-Bef\u00fcrworter warnen wegen der festgestellten Baum\u00e4ngel vor einer Inbetriebnahme.<\/p>\n<p>Deshalb fordern die Aktivistinnen der Wiener Plattform Atomkraftfrei: \u201eDie Atomreaktoren Mochovce 3 &amp; 4 d\u00fcrfen nicht in Betrieb gehen!\u201c<\/p>\n<p>\u201eWir fordern EU-Ministerin Mag.a Karoline Edtstadler auf, endlich eine Allianz mit anderen atomkraftfreien bzw. ausstiegswilligen EU-Staaten zu bilden und sich gemeinsam gegen die Inbetriebnahme von Mochovce 3 &amp; 4 und f\u00fcr einen europaweiten Atomausstieg einzusetzen!\u201c<\/p>\n<p>Hintergrund: Die Wiener Plattform Atomkraftfrei hatte bei der Ministerin um einen Termin angesucht, um ihr Unterschriften zu \u00fcberreichen. \u201eBedauerlicherweise haben wir keinen Termin bekommen,\u201c so die Aktivistinnen. Befremdend fanden sie, dass ihnen auf Anfrage nicht einmal der Name der Person genannt wurde, die den Brief bearbeitet, was in anderen Ministerien sehr wohl Usus ist. Bei der Kundgebung selbst war es \u2013 auch anders als sonst &#8211; nicht m\u00f6glich, jemandem aus dem Kabinett der Ministerin einen Brief f\u00fcr sie zu \u00fcberreichen. Erinnert uns das an das slowakische Management? \u201eWie ist das vereinbar mit der vielbeschworenen Transparenz bzw. B\u00fcrgern\u00e4he? Jedenfalls hoffen wir, dass die Frau Bundesministerin doch noch Zeit findet, 5000 Unterschriften besorgter B\u00fcrgerinnen und B\u00fcrger entgegenzunehmen,\u201c geben sich die Aktivistinnen der Wiener Plattform Atomkraftfrei optimistisch.<\/p>\n<p>&nbsp;<\/p>\n<p><a href=\"https:\/\/www.atomkraftfreiezukunft.at\/img\/Mochovce3Plakat_gelb.jpg\"><img decoding=\"async\" src=\"https:\/\/www.atomkraftfreiezukunft.at\/img\/Mochovce3Plakat_gelb.jpg\" width=\"700px\" \/><\/a><\/p>\n<p>&nbsp;<\/p>\n","protected":false},"excerpt":{"rendered":"<p>Die Mund-Nasen-Masken sind (teilweise) gefallen. Die Aktivistinnen der Wiener Plattform Atomkraftfrei machten daraus Bikinis mit der Forderung: \u201eWahnsinn beenden \u2013 Mochovce 3 &amp; 4 stoppen!\u201c. In einer Kundgebung und einem offenen Brief forderte die Wiener Plattform Atomkraftfrei EU-Ministerin Mag.a Karoline&hellip;<\/p>\n","protected":false},"author":1096,"featured_media":1150116,"comment_status":"closed","ping_status":"closed","sticky":false,"template":"","format":"standard","meta":{"footnotes":""},"categories":[9150,9160,9157,9168,9145],"tags":[15194,9481,78106],"class_list":["post-1150115","post","type-post","status-publish","format-standard","has-post-thumbnail","hentry","category-europa-de","category-gesundheit","category-oekologie-und-umwelt","category-politik","category-pressemitteilungen","tag-atomkraft","tag-eu-de","tag-mochovce"],"yoast_head":"<!-- This site is optimized with the Yoast SEO plugin v27.1.1 - https:\/\/yoast.com\/product\/yoast-seo-wordpress\/ -->\n<title>\u201eMaskenbefreit f\u00fcr Atomkraftfrei\u201c \u201eWahnsinn beenden \u2013 Mochovce 3 &amp; 4 stoppen!!\u201c<\/title>\n<meta name=\"description\" content=\"Die Mund-Nasen-Masken sind (teilweise) gefallen. Die Aktivistinnen der Wiener Plattform Atomkraftfrei machten daraus Bikinis mit der Forderung: \u201eWahnsinn\" \/>\n<meta name=\"robots\" content=\"index, follow, max-snippet:-1, max-image-preview:large, max-video-preview:-1\" \/>\n<link rel=\"canonical\" href=\"https:\/\/www.pressenza.com\/de\/2020\/07\/maskenbefreit-fuer-atomkraftfrei-wahnsinn-beenden-mochovce-3-4-stoppen\/\" \/>\n<meta property=\"og:locale\" content=\"de_DE\" \/>\n<meta property=\"og:type\" content=\"article\" \/>\n<meta property=\"og:title\" content=\"\u201eMaskenbefreit f\u00fcr Atomkraftfrei\u201c \u201eWahnsinn beenden \u2013 Mochovce 3 &amp; 4 stoppen!!\u201c\" \/>\n<meta property=\"og:description\" content=\"Die Mund-Nasen-Masken sind (teilweise) gefallen. Die Aktivistinnen der Wiener Plattform Atomkraftfrei machten daraus Bikinis mit der Forderung: \u201eWahnsinn\" \/>\n<meta property=\"og:url\" content=\"https:\/\/www.pressenza.com\/de\/2020\/07\/maskenbefreit-fuer-atomkraftfrei-wahnsinn-beenden-mochovce-3-4-stoppen\/\" \/>\n<meta property=\"og:site_name\" content=\"Pressenza\" \/>\n<meta property=\"article:publisher\" content=\"https:\/\/www.facebook.com\/PressenzaItalia\" \/>\n<meta property=\"article:published_time\" content=\"2020-07-02T06:05:47+00:00\" \/>\n<meta property=\"og:image\" content=\"https:\/\/www.pressenza.com\/wp-content\/uploads\/2020\/07\/P6259207-HP.jpg\" \/>\n\t<meta property=\"og:image:width\" content=\"1124\" \/>\n\t<meta property=\"og:image:height\" content=\"834\" \/>\n\t<meta property=\"og:image:type\" content=\"image\/jpeg\" \/>\n<meta name=\"author\" content=\"Pressenza Wien\" \/>\n<meta name=\"twitter:card\" content=\"summary_large_image\" \/>\n<meta name=\"twitter:creator\" content=\"@pressenza_ger\" \/>\n<meta name=\"twitter:site\" content=\"@PressenzaIPA\" \/>\n<meta name=\"twitter:label1\" content=\"Verfasst von\" \/>\n\t<meta name=\"twitter:data1\" content=\"Pressenza Wien\" \/>\n\t<meta name=\"twitter:label2\" content=\"Gesch\u00e4tzte Lesezeit\" \/>\n\t<meta name=\"twitter:data2\" content=\"2\u00a0Minuten\" \/>\n<script type=\"application\/ld+json\" class=\"yoast-schema-graph\">{\"@context\":\"https:\/\/schema.org\",\"@graph\":[{\"@type\":\"Article\",\"@id\":\"https:\/\/www.pressenza.com\/de\/2020\/07\/maskenbefreit-fuer-atomkraftfrei-wahnsinn-beenden-mochovce-3-4-stoppen\/#article\",\"isPartOf\":{\"@id\":\"https:\/\/www.pressenza.com\/de\/2020\/07\/maskenbefreit-fuer-atomkraftfrei-wahnsinn-beenden-mochovce-3-4-stoppen\/\"},\"author\":{\"name\":\"Pressenza Wien\",\"@id\":\"https:\/\/www.pressenza.com\/de\/#\/schema\/person\/3df859e5bf9b19ab936f666e0177e38b\"},\"headline\":\"\u201eMaskenbefreit f\u00fcr Atomkraftfrei\u201c \u201eWahnsinn beenden \u2013 Mochovce 3 &#038; 4 stoppen!!\u201c\",\"datePublished\":\"2020-07-02T06:05:47+00:00\",\"mainEntityOfPage\":{\"@id\":\"https:\/\/www.pressenza.com\/de\/2020\/07\/maskenbefreit-fuer-atomkraftfrei-wahnsinn-beenden-mochovce-3-4-stoppen\/\"},\"wordCount\":322,\"publisher\":{\"@id\":\"https:\/\/www.pressenza.com\/de\/#organization\"},\"image\":{\"@id\":\"https:\/\/www.pressenza.com\/de\/2020\/07\/maskenbefreit-fuer-atomkraftfrei-wahnsinn-beenden-mochovce-3-4-stoppen\/#primaryimage\"},\"thumbnailUrl\":\"https:\/\/www.pressenza.com\/wp-content\/uploads\/2020\/07\/P6259207-HP.jpg\",\"keywords\":[\"Atomkraft\",\"EU\",\"Mochovce\"],\"articleSection\":[\"Europa\",\"Gesundheit\",\"\u00d6kologie und Umwelt\",\"Politik\",\"Pressemitteilungen\"],\"inLanguage\":\"de\"},{\"@type\":\"WebPage\",\"@id\":\"https:\/\/www.pressenza.com\/de\/2020\/07\/maskenbefreit-fuer-atomkraftfrei-wahnsinn-beenden-mochovce-3-4-stoppen\/\",\"url\":\"https:\/\/www.pressenza.com\/de\/2020\/07\/maskenbefreit-fuer-atomkraftfrei-wahnsinn-beenden-mochovce-3-4-stoppen\/\",\"name\":\"\u201eMaskenbefreit f\u00fcr Atomkraftfrei\u201c \u201eWahnsinn beenden \u2013 Mochovce 3 & 4 stoppen!!\u201c\",\"isPartOf\":{\"@id\":\"https:\/\/www.pressenza.com\/de\/#website\"},\"primaryImageOfPage\":{\"@id\":\"https:\/\/www.pressenza.com\/de\/2020\/07\/maskenbefreit-fuer-atomkraftfrei-wahnsinn-beenden-mochovce-3-4-stoppen\/#primaryimage\"},\"image\":{\"@id\":\"https:\/\/www.pressenza.com\/de\/2020\/07\/maskenbefreit-fuer-atomkraftfrei-wahnsinn-beenden-mochovce-3-4-stoppen\/#primaryimage\"},\"thumbnailUrl\":\"https:\/\/www.pressenza.com\/wp-content\/uploads\/2020\/07\/P6259207-HP.jpg\",\"datePublished\":\"2020-07-02T06:05:47+00:00\",\"description\":\"Die Mund-Nasen-Masken sind (teilweise) gefallen. Die Aktivistinnen der Wiener Plattform Atomkraftfrei machten daraus Bikinis mit der Forderung: \u201eWahnsinn\",\"breadcrumb\":{\"@id\":\"https:\/\/www.pressenza.com\/de\/2020\/07\/maskenbefreit-fuer-atomkraftfrei-wahnsinn-beenden-mochovce-3-4-stoppen\/#breadcrumb\"},\"inLanguage\":\"de\",\"potentialAction\":[{\"@type\":\"ReadAction\",\"target\":[\"https:\/\/www.pressenza.com\/de\/2020\/07\/maskenbefreit-fuer-atomkraftfrei-wahnsinn-beenden-mochovce-3-4-stoppen\/\"]}]},{\"@type\":\"ImageObject\",\"inLanguage\":\"de\",\"@id\":\"https:\/\/www.pressenza.com\/de\/2020\/07\/maskenbefreit-fuer-atomkraftfrei-wahnsinn-beenden-mochovce-3-4-stoppen\/#primaryimage\",\"url\":\"https:\/\/www.pressenza.com\/wp-content\/uploads\/2020\/07\/P6259207-HP.jpg\",\"contentUrl\":\"https:\/\/www.pressenza.com\/wp-content\/uploads\/2020\/07\/P6259207-HP.jpg\",\"width\":1124,\"height\":834},{\"@type\":\"BreadcrumbList\",\"@id\":\"https:\/\/www.pressenza.com\/de\/2020\/07\/maskenbefreit-fuer-atomkraftfrei-wahnsinn-beenden-mochovce-3-4-stoppen\/#breadcrumb\",\"itemListElement\":[{\"@type\":\"ListItem\",\"position\":1,\"name\":\"Accueil\",\"item\":\"https:\/\/www.pressenza.com\/de\/\"},{\"@type\":\"ListItem\",\"position\":2,\"name\":\"\u201eMaskenbefreit f\u00fcr Atomkraftfrei\u201c \u201eWahnsinn beenden \u2013 Mochovce 3 &#038; 4 stoppen!!\u201c\"}]},{\"@type\":\"WebSite\",\"@id\":\"https:\/\/www.pressenza.com\/de\/#website\",\"url\":\"https:\/\/www.pressenza.com\/de\/\",\"name\":\"Pressenza\",\"description\":\"International Press Agency\",\"publisher\":{\"@id\":\"https:\/\/www.pressenza.com\/de\/#organization\"},\"potentialAction\":[{\"@type\":\"SearchAction\",\"target\":{\"@type\":\"EntryPoint\",\"urlTemplate\":\"https:\/\/www.pressenza.com\/de\/?s={search_term_string}\"},\"query-input\":{\"@type\":\"PropertyValueSpecification\",\"valueRequired\":true,\"valueName\":\"search_term_string\"}}],\"inLanguage\":\"de\"},{\"@type\":\"Organization\",\"@id\":\"https:\/\/www.pressenza.com\/de\/#organization\",\"name\":\"Pressenza\",\"url\":\"https:\/\/www.pressenza.com\/de\/\",\"logo\":{\"@type\":\"ImageObject\",\"inLanguage\":\"de\",\"@id\":\"https:\/\/www.pressenza.com\/de\/#\/schema\/logo\/image\/\",\"url\":\"https:\/\/www.pressenza.com\/wp-content\/uploads\/2022\/10\/pressenza_logo_200x200.jpg\",\"contentUrl\":\"https:\/\/www.pressenza.com\/wp-content\/uploads\/2022\/10\/pressenza_logo_200x200.jpg\",\"width\":200,\"height\":200,\"caption\":\"Pressenza\"},\"image\":{\"@id\":\"https:\/\/www.pressenza.com\/de\/#\/schema\/logo\/image\/\"},\"sameAs\":[\"https:\/\/www.facebook.com\/PressenzaItalia\",\"https:\/\/x.com\/PressenzaIPA\"]},{\"@type\":\"Person\",\"@id\":\"https:\/\/www.pressenza.com\/de\/#\/schema\/person\/3df859e5bf9b19ab936f666e0177e38b\",\"name\":\"Pressenza Wien\",\"description\":\"News from the Pressenza Bureau in Vienna, Austria\",\"sameAs\":[\"https:\/\/x.com\/pressenza_ger\"],\"url\":\"https:\/\/www.pressenza.com\/de\/author\/pressenza-wien\/\"}]}<\/script>\n<!-- \/ Yoast SEO plugin. -->","yoast_head_json":{"title":"\u201eMaskenbefreit f\u00fcr Atomkraftfrei\u201c \u201eWahnsinn beenden \u2013 Mochovce 3 & 4 stoppen!!\u201c","description":"Die Mund-Nasen-Masken sind (teilweise) gefallen. Die Aktivistinnen der Wiener Plattform Atomkraftfrei machten daraus Bikinis mit der Forderung: \u201eWahnsinn","robots":{"index":"index","follow":"follow","max-snippet":"max-snippet:-1","max-image-preview":"max-image-preview:large","max-video-preview":"max-video-preview:-1"},"canonical":"https:\/\/www.pressenza.com\/de\/2020\/07\/maskenbefreit-fuer-atomkraftfrei-wahnsinn-beenden-mochovce-3-4-stoppen\/","og_locale":"de_DE","og_type":"article","og_title":"\u201eMaskenbefreit f\u00fcr Atomkraftfrei\u201c \u201eWahnsinn beenden \u2013 Mochovce 3 & 4 stoppen!!\u201c","og_description":"Die Mund-Nasen-Masken sind (teilweise) gefallen. Die Aktivistinnen der Wiener Plattform Atomkraftfrei machten daraus Bikinis mit der Forderung: \u201eWahnsinn","og_url":"https:\/\/www.pressenza.com\/de\/2020\/07\/maskenbefreit-fuer-atomkraftfrei-wahnsinn-beenden-mochovce-3-4-stoppen\/","og_site_name":"Pressenza","article_publisher":"https:\/\/www.facebook.com\/PressenzaItalia","article_published_time":"2020-07-02T06:05:47+00:00","og_image":[{"width":1124,"height":834,"url":"https:\/\/www.pressenza.com\/wp-content\/uploads\/2020\/07\/P6259207-HP.jpg","type":"image\/jpeg"}],"author":"Pressenza Wien","twitter_card":"summary_large_image","twitter_creator":"@pressenza_ger","twitter_site":"@PressenzaIPA","twitter_misc":{"Verfasst von":"Pressenza Wien","Gesch\u00e4tzte Lesezeit":"2\u00a0Minuten"},"schema":{"@context":"https:\/\/schema.org","@graph":[{"@type":"Article","@id":"https:\/\/www.pressenza.com\/de\/2020\/07\/maskenbefreit-fuer-atomkraftfrei-wahnsinn-beenden-mochovce-3-4-stoppen\/#article","isPartOf":{"@id":"https:\/\/www.pressenza.com\/de\/2020\/07\/maskenbefreit-fuer-atomkraftfrei-wahnsinn-beenden-mochovce-3-4-stoppen\/"},"author":{"name":"Pressenza Wien","@id":"https:\/\/www.pressenza.com\/de\/#\/schema\/person\/3df859e5bf9b19ab936f666e0177e38b"},"headline":"\u201eMaskenbefreit f\u00fcr Atomkraftfrei\u201c \u201eWahnsinn beenden \u2013 Mochovce 3 &#038; 4 stoppen!!\u201c","datePublished":"2020-07-02T06:05:47+00:00","mainEntityOfPage":{"@id":"https:\/\/www.pressenza.com\/de\/2020\/07\/maskenbefreit-fuer-atomkraftfrei-wahnsinn-beenden-mochovce-3-4-stoppen\/"},"wordCount":322,"publisher":{"@id":"https:\/\/www.pressenza.com\/de\/#organization"},"image":{"@id":"https:\/\/www.pressenza.com\/de\/2020\/07\/maskenbefreit-fuer-atomkraftfrei-wahnsinn-beenden-mochovce-3-4-stoppen\/#primaryimage"},"thumbnailUrl":"https:\/\/www.pressenza.com\/wp-content\/uploads\/2020\/07\/P6259207-HP.jpg","keywords":["Atomkraft","EU","Mochovce"],"articleSection":["Europa","Gesundheit","\u00d6kologie und Umwelt","Politik","Pressemitteilungen"],"inLanguage":"de"},{"@type":"WebPage","@id":"https:\/\/www.pressenza.com\/de\/2020\/07\/maskenbefreit-fuer-atomkraftfrei-wahnsinn-beenden-mochovce-3-4-stoppen\/","url":"https:\/\/www.pressenza.com\/de\/2020\/07\/maskenbefreit-fuer-atomkraftfrei-wahnsinn-beenden-mochovce-3-4-stoppen\/","name":"\u201eMaskenbefreit f\u00fcr Atomkraftfrei\u201c \u201eWahnsinn beenden \u2013 Mochovce 3 & 4 stoppen!!\u201c","isPartOf":{"@id":"https:\/\/www.pressenza.com\/de\/#website"},"primaryImageOfPage":{"@id":"https:\/\/www.pressenza.com\/de\/2020\/07\/maskenbefreit-fuer-atomkraftfrei-wahnsinn-beenden-mochovce-3-4-stoppen\/#primaryimage"},"image":{"@id":"https:\/\/www.pressenza.com\/de\/2020\/07\/maskenbefreit-fuer-atomkraftfrei-wahnsinn-beenden-mochovce-3-4-stoppen\/#primaryimage"},"thumbnailUrl":"https:\/\/www.pressenza.com\/wp-content\/uploads\/2020\/07\/P6259207-HP.jpg","datePublished":"2020-07-02T06:05:47+00:00","description":"Die Mund-Nasen-Masken sind (teilweise) gefallen. Die Aktivistinnen der Wiener Plattform Atomkraftfrei machten daraus Bikinis mit der Forderung: \u201eWahnsinn","breadcrumb":{"@id":"https:\/\/www.pressenza.com\/de\/2020\/07\/maskenbefreit-fuer-atomkraftfrei-wahnsinn-beenden-mochovce-3-4-stoppen\/#breadcrumb"},"inLanguage":"de","potentialAction":[{"@type":"ReadAction","target":["https:\/\/www.pressenza.com\/de\/2020\/07\/maskenbefreit-fuer-atomkraftfrei-wahnsinn-beenden-mochovce-3-4-stoppen\/"]}]},{"@type":"ImageObject","inLanguage":"de","@id":"https:\/\/www.pressenza.com\/de\/2020\/07\/maskenbefreit-fuer-atomkraftfrei-wahnsinn-beenden-mochovce-3-4-stoppen\/#primaryimage","url":"https:\/\/www.pressenza.com\/wp-content\/uploads\/2020\/07\/P6259207-HP.jpg","contentUrl":"https:\/\/www.pressenza.com\/wp-content\/uploads\/2020\/07\/P6259207-HP.jpg","width":1124,"height":834},{"@type":"BreadcrumbList","@id":"https:\/\/www.pressenza.com\/de\/2020\/07\/maskenbefreit-fuer-atomkraftfrei-wahnsinn-beenden-mochovce-3-4-stoppen\/#breadcrumb","itemListElement":[{"@type":"ListItem","position":1,"name":"Accueil","item":"https:\/\/www.pressenza.com\/de\/"},{"@type":"ListItem","position":2,"name":"\u201eMaskenbefreit f\u00fcr Atomkraftfrei\u201c \u201eWahnsinn beenden \u2013 Mochovce 3 &#038; 4 stoppen!!\u201c"}]},{"@type":"WebSite","@id":"https:\/\/www.pressenza.com\/de\/#website","url":"https:\/\/www.pressenza.com\/de\/","name":"Pressenza","description":"International Press Agency","publisher":{"@id":"https:\/\/www.pressenza.com\/de\/#organization"},"potentialAction":[{"@type":"SearchAction","target":{"@type":"EntryPoint","urlTemplate":"https:\/\/www.pressenza.com\/de\/?s={search_term_string}"},"query-input":{"@type":"PropertyValueSpecification","valueRequired":true,"valueName":"search_term_string"}}],"inLanguage":"de"},{"@type":"Organization","@id":"https:\/\/www.pressenza.com\/de\/#organization","name":"Pressenza","url":"https:\/\/www.pressenza.com\/de\/","logo":{"@type":"ImageObject","inLanguage":"de","@id":"https:\/\/www.pressenza.com\/de\/#\/schema\/logo\/image\/","url":"https:\/\/www.pressenza.com\/wp-content\/uploads\/2022\/10\/pressenza_logo_200x200.jpg","contentUrl":"https:\/\/www.pressenza.com\/wp-content\/uploads\/2022\/10\/pressenza_logo_200x200.jpg","width":200,"height":200,"caption":"Pressenza"},"image":{"@id":"https:\/\/www.pressenza.com\/de\/#\/schema\/logo\/image\/"},"sameAs":["https:\/\/www.facebook.com\/PressenzaItalia","https:\/\/x.com\/PressenzaIPA"]},{"@type":"Person","@id":"https:\/\/www.pressenza.com\/de\/#\/schema\/person\/3df859e5bf9b19ab936f666e0177e38b","name":"Pressenza Wien","description":"News from the Pressenza Bureau in Vienna, Austria","sameAs":["https:\/\/x.com\/pressenza_ger"],"url":"https:\/\/www.pressenza.com\/de\/author\/pressenza-wien\/"}]}},"place":"Wiener Plattform Atomkraftfrei","original_article_url":"","_links":{"self":[{"href":"https:\/\/www.pressenza.com\/de\/wp-json\/wp\/v2\/posts\/1150115","targetHints":{"allow":["GET"]}}],"collection":[{"href":"https:\/\/www.pressenza.com\/de\/wp-json\/wp\/v2\/posts"}],"about":[{"href":"https:\/\/www.pressenza.com\/de\/wp-json\/wp\/v2\/types\/post"}],"author":[{"embeddable":true,"href":"https:\/\/www.pressenza.com\/de\/wp-json\/wp\/v2\/users\/1096"}],"replies":[{"embeddable":true,"href":"https:\/\/www.pressenza.com\/de\/wp-json\/wp\/v2\/comments?post=1150115"}],"version-history":[{"count":0,"href":"https:\/\/www.pressenza.com\/de\/wp-json\/wp\/v2\/posts\/1150115\/revisions"}],"wp:featuredmedia":[{"embeddable":true,"href":"https:\/\/www.pressenza.com\/de\/wp-json\/wp\/v2\/media\/1150116"}],"wp:attachment":[{"href":"https:\/\/www.pressenza.com\/de\/wp-json\/wp\/v2\/media?parent=1150115"}],"wp:term":[{"taxonomy":"category","embeddable":true,"href":"https:\/\/www.pressenza.com\/de\/wp-json\/wp\/v2\/categories?post=1150115"},{"taxonomy":"post_tag","embeddable":true,"href":"https:\/\/www.pressenza.com\/de\/wp-json\/wp\/v2\/tags?post=1150115"}],"curies":[{"name":"wp","href":"https:\/\/api.w.org\/{rel}","templated":true}]}}