{"id":1148210,"date":"2020-06-29T14:14:57","date_gmt":"2020-06-29T13:14:57","guid":{"rendered":"https:\/\/www.pressenza.com\/?p=1148210"},"modified":"2020-06-29T14:17:08","modified_gmt":"2020-06-29T13:17:08","slug":"extremwetter-rekord-am-polarkreis-laut-weltorganisation-fuer-meteorologie-wahrscheinlich","status":"publish","type":"post","link":"https:\/\/www.pressenza.com\/de\/2020\/06\/extremwetter-rekord-am-polarkreis-laut-weltorganisation-fuer-meteorologie-wahrscheinlich\/","title":{"rendered":"Extremwetter-Rekord am Polarkreis laut Weltorganisation f\u00fcr Meteorologie wahrscheinlich"},"content":{"rendered":"<p><strong>Berichten zufolge haben die Temperaturen in einer russischen Stadt am Polarkreis am vergangenen Wochenende einen Rekordstand von 38 Grad Celsius (100,4 Grad Fahrenheit) erreicht und wurden von der Weltorganisation f\u00fcr Meteorologie (WMO) in der Zeit bis zur abschlie\u00dfenden Verifizierung zugelassen, hie\u00df es am Dienstag.<\/strong><\/p>\n<p>&#8222;Die WMO ist bestrebt, Berichte \u00fcber einen neuen Temperaturrekord n\u00f6rdlich des Polarkreises zu verifizieren&#8220;, sagte WMO-Sprecherin Clare Nullis vor Journalisten in Genf. &#8220; Der Rekord wurde aus dem russischen Werchowjansk inmitten einer langanhaltenden sibirischen Hitzewelle und einer Zunahme von Fl\u00e4chenbr\u00e4nden gemeldet.<\/p>\n<blockquote class=\"twitter-tweet\" data-width=\"500\" data-dnt=\"true\">\n<p lang=\"en\" dir=\"ltr\">Temperatures in the Arctic Circle appear to have reached a record high over the weekend.<\/p>\n<p>Our planet is sending us a clear warning. The need for immediate and ambitious <a href=\"https:\/\/twitter.com\/hashtag\/ClimateAction?src=hash&amp;ref_src=twsrc%5Etfw\">#ClimateAction<\/a> is more urgent than ever. <a href=\"https:\/\/t.co\/OmPiim8Dal\">https:\/\/t.co\/OmPiim8Dal<\/a><\/p>\n<p>&mdash; Ant\u00f3nio Guterres (@antonioguterres) <a href=\"https:\/\/twitter.com\/antonioguterres\/status\/1275175572319219713?ref_src=twsrc%5Etfw\">June 22, 2020<\/a><\/p><\/blockquote>\n<p><script async src=\"https:\/\/platform.twitter.com\/widgets.js\" charset=\"utf-8\"><\/script><\/p>\n<p>Sollten die russischen Beh\u00f6rden die am vergangenen Samstag gemessene Temperaturbeobachtung best\u00e4tigen, wird die WMO den Befund zur weiteren detaillierten \u00dcberpr\u00fcfung durch ein internationales Expertengremium weiterleiten, erkl\u00e4rte Frau Nullis.<\/p>\n<p>Die Region Ostsibirien, die jetzt im Rampenlicht steht, ist bekannt f\u00fcr ihre Wetterextreme im Winter und im Sommer, wobei Temperaturen \u00fcber 30 Grad Celsius (86 Grad Fahrenheit) im Juli nicht ungew\u00f6hnlich sind.<\/p>\n<p>Dieser j\u00fcngste Bericht \u00fcber eine arktische Temperatur, die eher typisch f\u00fcr die Tropen ist, folgt einige Monate nachdem die argentinische Forschungsstation Esperanza an der Nordspitze der antarktischen Halbinsel am 6. Februar eine neue Rekordtemperatur von 18,4\u00b0C (65,3\u00b0F) meldete.<\/p>\n<p>Nach Angaben der WMO heizt sich die Arktis etwa doppelt so stark auf wie der globale Durchschnitt. Der Hitzeanstieg folgt auf eine langanhaltende sibirische Hitzewelle und eine Periode von Waldbr\u00e4nden, erkl\u00e4rte Frau Nullis nach einem ungew\u00f6hnlich warmen Fr\u00fchling, der auch durch Schneemangel gekennzeichnet war.<\/p>\n<p>Daten der WMO zeigen, dass der Mai in vielen Teilen Sibiriens etwa 10\u00b0C (18,5\u00b0F) \u00fcber dem Durchschnitt lag, &#8222;und es war diese au\u00dferordentliche Hitze, die tats\u00e4chlich dazu gef\u00fchrt hat, dass der Mai der w\u00e4rmste Mai seit Beginn der Aufzeichnungen f\u00fcr &#8230; die n\u00f6rdliche Hemisph\u00e4re war, und wir denken ebenso auf globaler Ebene&#8220;, sagte Frau Nullis.<\/p>\n<p>Laut WMO waren die Lufttemperaturen in der Arktis von 2016 bis 2019 die h\u00f6chsten seit Beginn der Aufzeichnungen.<\/p>\n<h4><strong>R\u00fcckgang des Meereseises<\/strong><\/h4>\n<p>Ebenso besorgniserregend ist, dass das Volumen des arktischen Meereseises im September 2019 &#8211; nach der Schmelzsaison &#8211; im Vergleich zum Durchschnitt der Jahre 1979 bis 2019 um mehr als 50 Prozent zur\u00fcckgegangen ist.<\/p>\n<p>Der Verifizierungsprozess der WMO umfasst die Einholung zus\u00e4tzlicher Informationen beim russischen Wetterdienst Roshydromet, einschlie\u00dflich der Messwerte, der Art der verwendeten Ausr\u00fcstung und der \u00dcbereinstimmung mit anderen Beobachtungen, die von umliegenden Wetterstationen gemacht wurden.<\/p>\n<p>&#8222;Diese Daten werden dann von einem internationalen Gremium von Atmosph\u00e4renwissenschaftlern sehr sorgf\u00e4ltig gepr\u00fcft, das nach einem Austausch eine Empfehlung dar\u00fcber abgibt, ob die Beobachtung g\u00fcltig ist oder nicht&#8220;, sagte Professor Randall Cerveny, WMO-Berichterstatter, in einer Erkl\u00e4rung.<\/p>\n<p>Er f\u00fcgte hinzu: &#8222;Die Endergebnisse werden unglaublich wertvolle Informationen liefern, die Wissenschaftler unterst\u00fctzen, das Klima besser zu verstehen, Ingenieuren und Medizinern helfen, sich besser auf Klimaextreme vorzubereiten und sogar erm\u00f6glichen, dass die breite \u00d6ffentlichkeit ein besseres Verst\u00e4ndnis des Klimawandels auf diesem Planeten bekommen kann&#8220;.<\/p>\n<p><strong><em>Die \u00dcbersetzung aus dem Englischen wurde von Anita K\u00f6bler <\/em><em>vom ehrenamtlichen Pressenza-\u00dcbersetzungsteam erstellt. <a href=\"https:\/\/www.pressenza.com\/de\/mitarbeiten\/\">Wir suchen Freiwillige!\u00a0<\/a><\/em><\/strong><\/p>\n","protected":false},"excerpt":{"rendered":"<p>Berichten zufolge haben die Temperaturen in einer russischen Stadt am Polarkreis am vergangenen Wochenende einen Rekordstand von 38 Grad Celsius (100,4 Grad Fahrenheit) erreicht und wurden von der Weltorganisation f\u00fcr Meteorologie (WMO) in der Zeit bis zur abschlie\u00dfenden Verifizierung zugelassen,&hellip;<\/p>\n","protected":false},"author":933,"featured_media":1143504,"comment_status":"closed","ping_status":"closed","sticky":false,"template":"","format":"standard","meta":{"footnotes":""},"categories":[7835,9157],"tags":[62962,78005,56309,12395,78003,78004,78006],"class_list":["post-1148210","post","type-post","status-publish","format-standard","has-post-thumbnail","hentry","category-international-de","category-oekologie-und-umwelt","tag-arktis","tag-extremwetter-rekord","tag-klimakrise","tag-klimawandel","tag-polarkreis","tag-weltorganisation-fuer-meteorologie","tag-wmo-de"],"yoast_head":"<!-- This site is optimized with the Yoast SEO plugin v27.1.1 - https:\/\/yoast.com\/product\/yoast-seo-wordpress\/ -->\n<title>Extremwetter-Rekord am Polarkreis laut Weltorganisation f\u00fcr Meteorologie wahrscheinlich<\/title>\n<meta name=\"description\" content=\"Berichten zufolge haben die Temperaturen in einer russischen Stadt am Polarkreis am vergangenen Wochenende einen Rekordstand von 38 Grad Celsius (100,4\" \/>\n<meta name=\"robots\" content=\"index, follow, max-snippet:-1, max-image-preview:large, max-video-preview:-1\" \/>\n<link rel=\"canonical\" href=\"https:\/\/www.pressenza.com\/de\/2020\/06\/extremwetter-rekord-am-polarkreis-laut-weltorganisation-fuer-meteorologie-wahrscheinlich\/\" \/>\n<meta property=\"og:locale\" content=\"de_DE\" \/>\n<meta property=\"og:type\" content=\"article\" \/>\n<meta property=\"og:title\" content=\"Extremwetter-Rekord am Polarkreis laut Weltorganisation f\u00fcr Meteorologie wahrscheinlich\" \/>\n<meta property=\"og:description\" content=\"Berichten zufolge haben die Temperaturen in einer russischen Stadt am Polarkreis am vergangenen Wochenende einen Rekordstand von 38 Grad Celsius (100,4\" \/>\n<meta property=\"og:url\" content=\"https:\/\/www.pressenza.com\/de\/2020\/06\/extremwetter-rekord-am-polarkreis-laut-weltorganisation-fuer-meteorologie-wahrscheinlich\/\" \/>\n<meta property=\"og:site_name\" content=\"Pressenza\" \/>\n<meta property=\"article:publisher\" content=\"https:\/\/www.facebook.com\/PressenzaItalia\" \/>\n<meta property=\"article:author\" content=\"https:\/\/www.facebook.com\/UN.News.Centre\" \/>\n<meta property=\"article:published_time\" content=\"2020-06-29T13:14:57+00:00\" \/>\n<meta property=\"article:modified_time\" content=\"2020-06-29T13:17:08+00:00\" \/>\n<meta property=\"og:image\" content=\"https:\/\/www.pressenza.com\/wp-content\/uploads\/2020\/06\/image1170x530cropped-3.jpg\" \/>\n\t<meta property=\"og:image:width\" content=\"1178\" \/>\n\t<meta property=\"og:image:height\" content=\"530\" \/>\n\t<meta property=\"og:image:type\" content=\"image\/jpeg\" \/>\n<meta name=\"author\" content=\"UN News Centre\" \/>\n<meta name=\"twitter:card\" content=\"summary_large_image\" \/>\n<meta name=\"twitter:creator\" content=\"@UN_News_Centre\" \/>\n<meta name=\"twitter:site\" content=\"@PressenzaIPA\" \/>\n<meta name=\"twitter:label1\" content=\"Verfasst von\" \/>\n\t<meta name=\"twitter:data1\" content=\"UN News Centre\" \/>\n\t<meta name=\"twitter:label2\" content=\"Gesch\u00e4tzte Lesezeit\" \/>\n\t<meta name=\"twitter:data2\" content=\"3\u00a0Minuten\" \/>\n<script type=\"application\/ld+json\" class=\"yoast-schema-graph\">{\"@context\":\"https:\/\/schema.org\",\"@graph\":[{\"@type\":\"Article\",\"@id\":\"https:\/\/www.pressenza.com\/de\/2020\/06\/extremwetter-rekord-am-polarkreis-laut-weltorganisation-fuer-meteorologie-wahrscheinlich\/#article\",\"isPartOf\":{\"@id\":\"https:\/\/www.pressenza.com\/de\/2020\/06\/extremwetter-rekord-am-polarkreis-laut-weltorganisation-fuer-meteorologie-wahrscheinlich\/\"},\"author\":{\"name\":\"UN News Centre\",\"@id\":\"https:\/\/www.pressenza.com\/de\/#\/schema\/person\/868696f3a70d4f8ef7caec14cc979248\"},\"headline\":\"Extremwetter-Rekord am Polarkreis laut Weltorganisation f\u00fcr Meteorologie wahrscheinlich\",\"datePublished\":\"2020-06-29T13:14:57+00:00\",\"dateModified\":\"2020-06-29T13:17:08+00:00\",\"mainEntityOfPage\":{\"@id\":\"https:\/\/www.pressenza.com\/de\/2020\/06\/extremwetter-rekord-am-polarkreis-laut-weltorganisation-fuer-meteorologie-wahrscheinlich\/\"},\"wordCount\":533,\"publisher\":{\"@id\":\"https:\/\/www.pressenza.com\/de\/#organization\"},\"image\":{\"@id\":\"https:\/\/www.pressenza.com\/de\/2020\/06\/extremwetter-rekord-am-polarkreis-laut-weltorganisation-fuer-meteorologie-wahrscheinlich\/#primaryimage\"},\"thumbnailUrl\":\"https:\/\/www.pressenza.com\/wp-content\/uploads\/2020\/06\/image1170x530cropped-3.jpg\",\"keywords\":[\"Arktis\",\"Extremwetter-Rekord\",\"Klimakrise\",\"Klimawandel\",\"Polarkreis\",\"Weltorganisation f\u00fcr Meteorologie\",\"WMO\"],\"articleSection\":[\"International\",\"\u00d6kologie und Umwelt\"],\"inLanguage\":\"de\"},{\"@type\":\"WebPage\",\"@id\":\"https:\/\/www.pressenza.com\/de\/2020\/06\/extremwetter-rekord-am-polarkreis-laut-weltorganisation-fuer-meteorologie-wahrscheinlich\/\",\"url\":\"https:\/\/www.pressenza.com\/de\/2020\/06\/extremwetter-rekord-am-polarkreis-laut-weltorganisation-fuer-meteorologie-wahrscheinlich\/\",\"name\":\"Extremwetter-Rekord am Polarkreis laut Weltorganisation f\u00fcr Meteorologie wahrscheinlich\",\"isPartOf\":{\"@id\":\"https:\/\/www.pressenza.com\/de\/#website\"},\"primaryImageOfPage\":{\"@id\":\"https:\/\/www.pressenza.com\/de\/2020\/06\/extremwetter-rekord-am-polarkreis-laut-weltorganisation-fuer-meteorologie-wahrscheinlich\/#primaryimage\"},\"image\":{\"@id\":\"https:\/\/www.pressenza.com\/de\/2020\/06\/extremwetter-rekord-am-polarkreis-laut-weltorganisation-fuer-meteorologie-wahrscheinlich\/#primaryimage\"},\"thumbnailUrl\":\"https:\/\/www.pressenza.com\/wp-content\/uploads\/2020\/06\/image1170x530cropped-3.jpg\",\"datePublished\":\"2020-06-29T13:14:57+00:00\",\"dateModified\":\"2020-06-29T13:17:08+00:00\",\"description\":\"Berichten zufolge haben die Temperaturen in einer russischen Stadt am Polarkreis am vergangenen Wochenende einen Rekordstand von 38 Grad Celsius (100,4\",\"breadcrumb\":{\"@id\":\"https:\/\/www.pressenza.com\/de\/2020\/06\/extremwetter-rekord-am-polarkreis-laut-weltorganisation-fuer-meteorologie-wahrscheinlich\/#breadcrumb\"},\"inLanguage\":\"de\",\"potentialAction\":[{\"@type\":\"ReadAction\",\"target\":[\"https:\/\/www.pressenza.com\/de\/2020\/06\/extremwetter-rekord-am-polarkreis-laut-weltorganisation-fuer-meteorologie-wahrscheinlich\/\"]}]},{\"@type\":\"ImageObject\",\"inLanguage\":\"de\",\"@id\":\"https:\/\/www.pressenza.com\/de\/2020\/06\/extremwetter-rekord-am-polarkreis-laut-weltorganisation-fuer-meteorologie-wahrscheinlich\/#primaryimage\",\"url\":\"https:\/\/www.pressenza.com\/wp-content\/uploads\/2020\/06\/image1170x530cropped-3.jpg\",\"contentUrl\":\"https:\/\/www.pressenza.com\/wp-content\/uploads\/2020\/06\/image1170x530cropped-3.jpg\",\"width\":1178,\"height\":530,\"caption\":\"Extremwetter-Rekord am Polarkreis laut Weltorganisation f\u00fcr Meteorologie wahrscheinlich\"},{\"@type\":\"BreadcrumbList\",\"@id\":\"https:\/\/www.pressenza.com\/de\/2020\/06\/extremwetter-rekord-am-polarkreis-laut-weltorganisation-fuer-meteorologie-wahrscheinlich\/#breadcrumb\",\"itemListElement\":[{\"@type\":\"ListItem\",\"position\":1,\"name\":\"Accueil\",\"item\":\"https:\/\/www.pressenza.com\/de\/\"},{\"@type\":\"ListItem\",\"position\":2,\"name\":\"Extremwetter-Rekord am Polarkreis laut Weltorganisation f\u00fcr Meteorologie wahrscheinlich\"}]},{\"@type\":\"WebSite\",\"@id\":\"https:\/\/www.pressenza.com\/de\/#website\",\"url\":\"https:\/\/www.pressenza.com\/de\/\",\"name\":\"Pressenza\",\"description\":\"International Press Agency\",\"publisher\":{\"@id\":\"https:\/\/www.pressenza.com\/de\/#organization\"},\"potentialAction\":[{\"@type\":\"SearchAction\",\"target\":{\"@type\":\"EntryPoint\",\"urlTemplate\":\"https:\/\/www.pressenza.com\/de\/?s={search_term_string}\"},\"query-input\":{\"@type\":\"PropertyValueSpecification\",\"valueRequired\":true,\"valueName\":\"search_term_string\"}}],\"inLanguage\":\"de\"},{\"@type\":\"Organization\",\"@id\":\"https:\/\/www.pressenza.com\/de\/#organization\",\"name\":\"Pressenza\",\"url\":\"https:\/\/www.pressenza.com\/de\/\",\"logo\":{\"@type\":\"ImageObject\",\"inLanguage\":\"de\",\"@id\":\"https:\/\/www.pressenza.com\/de\/#\/schema\/logo\/image\/\",\"url\":\"https:\/\/www.pressenza.com\/wp-content\/uploads\/2022\/10\/pressenza_logo_200x200.jpg\",\"contentUrl\":\"https:\/\/www.pressenza.com\/wp-content\/uploads\/2022\/10\/pressenza_logo_200x200.jpg\",\"width\":200,\"height\":200,\"caption\":\"Pressenza\"},\"image\":{\"@id\":\"https:\/\/www.pressenza.com\/de\/#\/schema\/logo\/image\/\"},\"sameAs\":[\"https:\/\/www.facebook.com\/PressenzaItalia\",\"https:\/\/x.com\/PressenzaIPA\"]},{\"@type\":\"Person\",\"@id\":\"https:\/\/www.pressenza.com\/de\/#\/schema\/person\/868696f3a70d4f8ef7caec14cc979248\",\"name\":\"UN News Centre\",\"description\":\"News from the UN News Service www.un.org\/News\/\",\"sameAs\":[\"http:\/\/www.un.org\/News\/\",\"https:\/\/www.facebook.com\/UN.News.Centre\",\"https:\/\/x.com\/UN_News_Centre\"],\"url\":\"https:\/\/www.pressenza.com\/de\/author\/unnewscentre\/\"}]}<\/script>\n<!-- \/ Yoast SEO plugin. -->","yoast_head_json":{"title":"Extremwetter-Rekord am Polarkreis laut Weltorganisation f\u00fcr Meteorologie wahrscheinlich","description":"Berichten zufolge haben die Temperaturen in einer russischen Stadt am Polarkreis am vergangenen Wochenende einen Rekordstand von 38 Grad Celsius (100,4","robots":{"index":"index","follow":"follow","max-snippet":"max-snippet:-1","max-image-preview":"max-image-preview:large","max-video-preview":"max-video-preview:-1"},"canonical":"https:\/\/www.pressenza.com\/de\/2020\/06\/extremwetter-rekord-am-polarkreis-laut-weltorganisation-fuer-meteorologie-wahrscheinlich\/","og_locale":"de_DE","og_type":"article","og_title":"Extremwetter-Rekord am Polarkreis laut Weltorganisation f\u00fcr Meteorologie wahrscheinlich","og_description":"Berichten zufolge haben die Temperaturen in einer russischen Stadt am Polarkreis am vergangenen Wochenende einen Rekordstand von 38 Grad Celsius (100,4","og_url":"https:\/\/www.pressenza.com\/de\/2020\/06\/extremwetter-rekord-am-polarkreis-laut-weltorganisation-fuer-meteorologie-wahrscheinlich\/","og_site_name":"Pressenza","article_publisher":"https:\/\/www.facebook.com\/PressenzaItalia","article_author":"https:\/\/www.facebook.com\/UN.News.Centre","article_published_time":"2020-06-29T13:14:57+00:00","article_modified_time":"2020-06-29T13:17:08+00:00","og_image":[{"width":1178,"height":530,"url":"https:\/\/www.pressenza.com\/wp-content\/uploads\/2020\/06\/image1170x530cropped-3.jpg","type":"image\/jpeg"}],"author":"UN News Centre","twitter_card":"summary_large_image","twitter_creator":"@UN_News_Centre","twitter_site":"@PressenzaIPA","twitter_misc":{"Verfasst von":"UN News Centre","Gesch\u00e4tzte Lesezeit":"3\u00a0Minuten"},"schema":{"@context":"https:\/\/schema.org","@graph":[{"@type":"Article","@id":"https:\/\/www.pressenza.com\/de\/2020\/06\/extremwetter-rekord-am-polarkreis-laut-weltorganisation-fuer-meteorologie-wahrscheinlich\/#article","isPartOf":{"@id":"https:\/\/www.pressenza.com\/de\/2020\/06\/extremwetter-rekord-am-polarkreis-laut-weltorganisation-fuer-meteorologie-wahrscheinlich\/"},"author":{"name":"UN News Centre","@id":"https:\/\/www.pressenza.com\/de\/#\/schema\/person\/868696f3a70d4f8ef7caec14cc979248"},"headline":"Extremwetter-Rekord am Polarkreis laut Weltorganisation f\u00fcr Meteorologie wahrscheinlich","datePublished":"2020-06-29T13:14:57+00:00","dateModified":"2020-06-29T13:17:08+00:00","mainEntityOfPage":{"@id":"https:\/\/www.pressenza.com\/de\/2020\/06\/extremwetter-rekord-am-polarkreis-laut-weltorganisation-fuer-meteorologie-wahrscheinlich\/"},"wordCount":533,"publisher":{"@id":"https:\/\/www.pressenza.com\/de\/#organization"},"image":{"@id":"https:\/\/www.pressenza.com\/de\/2020\/06\/extremwetter-rekord-am-polarkreis-laut-weltorganisation-fuer-meteorologie-wahrscheinlich\/#primaryimage"},"thumbnailUrl":"https:\/\/www.pressenza.com\/wp-content\/uploads\/2020\/06\/image1170x530cropped-3.jpg","keywords":["Arktis","Extremwetter-Rekord","Klimakrise","Klimawandel","Polarkreis","Weltorganisation f\u00fcr Meteorologie","WMO"],"articleSection":["International","\u00d6kologie und Umwelt"],"inLanguage":"de"},{"@type":"WebPage","@id":"https:\/\/www.pressenza.com\/de\/2020\/06\/extremwetter-rekord-am-polarkreis-laut-weltorganisation-fuer-meteorologie-wahrscheinlich\/","url":"https:\/\/www.pressenza.com\/de\/2020\/06\/extremwetter-rekord-am-polarkreis-laut-weltorganisation-fuer-meteorologie-wahrscheinlich\/","name":"Extremwetter-Rekord am Polarkreis laut Weltorganisation f\u00fcr Meteorologie wahrscheinlich","isPartOf":{"@id":"https:\/\/www.pressenza.com\/de\/#website"},"primaryImageOfPage":{"@id":"https:\/\/www.pressenza.com\/de\/2020\/06\/extremwetter-rekord-am-polarkreis-laut-weltorganisation-fuer-meteorologie-wahrscheinlich\/#primaryimage"},"image":{"@id":"https:\/\/www.pressenza.com\/de\/2020\/06\/extremwetter-rekord-am-polarkreis-laut-weltorganisation-fuer-meteorologie-wahrscheinlich\/#primaryimage"},"thumbnailUrl":"https:\/\/www.pressenza.com\/wp-content\/uploads\/2020\/06\/image1170x530cropped-3.jpg","datePublished":"2020-06-29T13:14:57+00:00","dateModified":"2020-06-29T13:17:08+00:00","description":"Berichten zufolge haben die Temperaturen in einer russischen Stadt am Polarkreis am vergangenen Wochenende einen Rekordstand von 38 Grad Celsius (100,4","breadcrumb":{"@id":"https:\/\/www.pressenza.com\/de\/2020\/06\/extremwetter-rekord-am-polarkreis-laut-weltorganisation-fuer-meteorologie-wahrscheinlich\/#breadcrumb"},"inLanguage":"de","potentialAction":[{"@type":"ReadAction","target":["https:\/\/www.pressenza.com\/de\/2020\/06\/extremwetter-rekord-am-polarkreis-laut-weltorganisation-fuer-meteorologie-wahrscheinlich\/"]}]},{"@type":"ImageObject","inLanguage":"de","@id":"https:\/\/www.pressenza.com\/de\/2020\/06\/extremwetter-rekord-am-polarkreis-laut-weltorganisation-fuer-meteorologie-wahrscheinlich\/#primaryimage","url":"https:\/\/www.pressenza.com\/wp-content\/uploads\/2020\/06\/image1170x530cropped-3.jpg","contentUrl":"https:\/\/www.pressenza.com\/wp-content\/uploads\/2020\/06\/image1170x530cropped-3.jpg","width":1178,"height":530,"caption":"Extremwetter-Rekord am Polarkreis laut Weltorganisation f\u00fcr Meteorologie wahrscheinlich"},{"@type":"BreadcrumbList","@id":"https:\/\/www.pressenza.com\/de\/2020\/06\/extremwetter-rekord-am-polarkreis-laut-weltorganisation-fuer-meteorologie-wahrscheinlich\/#breadcrumb","itemListElement":[{"@type":"ListItem","position":1,"name":"Accueil","item":"https:\/\/www.pressenza.com\/de\/"},{"@type":"ListItem","position":2,"name":"Extremwetter-Rekord am Polarkreis laut Weltorganisation f\u00fcr Meteorologie wahrscheinlich"}]},{"@type":"WebSite","@id":"https:\/\/www.pressenza.com\/de\/#website","url":"https:\/\/www.pressenza.com\/de\/","name":"Pressenza","description":"International Press Agency","publisher":{"@id":"https:\/\/www.pressenza.com\/de\/#organization"},"potentialAction":[{"@type":"SearchAction","target":{"@type":"EntryPoint","urlTemplate":"https:\/\/www.pressenza.com\/de\/?s={search_term_string}"},"query-input":{"@type":"PropertyValueSpecification","valueRequired":true,"valueName":"search_term_string"}}],"inLanguage":"de"},{"@type":"Organization","@id":"https:\/\/www.pressenza.com\/de\/#organization","name":"Pressenza","url":"https:\/\/www.pressenza.com\/de\/","logo":{"@type":"ImageObject","inLanguage":"de","@id":"https:\/\/www.pressenza.com\/de\/#\/schema\/logo\/image\/","url":"https:\/\/www.pressenza.com\/wp-content\/uploads\/2022\/10\/pressenza_logo_200x200.jpg","contentUrl":"https:\/\/www.pressenza.com\/wp-content\/uploads\/2022\/10\/pressenza_logo_200x200.jpg","width":200,"height":200,"caption":"Pressenza"},"image":{"@id":"https:\/\/www.pressenza.com\/de\/#\/schema\/logo\/image\/"},"sameAs":["https:\/\/www.facebook.com\/PressenzaItalia","https:\/\/x.com\/PressenzaIPA"]},{"@type":"Person","@id":"https:\/\/www.pressenza.com\/de\/#\/schema\/person\/868696f3a70d4f8ef7caec14cc979248","name":"UN News Centre","description":"News from the UN News Service www.un.org\/News\/","sameAs":["http:\/\/www.un.org\/News\/","https:\/\/www.facebook.com\/UN.News.Centre","https:\/\/x.com\/UN_News_Centre"],"url":"https:\/\/www.pressenza.com\/de\/author\/unnewscentre\/"}]}},"place":"","original_article_url":"","_links":{"self":[{"href":"https:\/\/www.pressenza.com\/de\/wp-json\/wp\/v2\/posts\/1148210","targetHints":{"allow":["GET"]}}],"collection":[{"href":"https:\/\/www.pressenza.com\/de\/wp-json\/wp\/v2\/posts"}],"about":[{"href":"https:\/\/www.pressenza.com\/de\/wp-json\/wp\/v2\/types\/post"}],"author":[{"embeddable":true,"href":"https:\/\/www.pressenza.com\/de\/wp-json\/wp\/v2\/users\/933"}],"replies":[{"embeddable":true,"href":"https:\/\/www.pressenza.com\/de\/wp-json\/wp\/v2\/comments?post=1148210"}],"version-history":[{"count":0,"href":"https:\/\/www.pressenza.com\/de\/wp-json\/wp\/v2\/posts\/1148210\/revisions"}],"wp:featuredmedia":[{"embeddable":true,"href":"https:\/\/www.pressenza.com\/de\/wp-json\/wp\/v2\/media\/1143504"}],"wp:attachment":[{"href":"https:\/\/www.pressenza.com\/de\/wp-json\/wp\/v2\/media?parent=1148210"}],"wp:term":[{"taxonomy":"category","embeddable":true,"href":"https:\/\/www.pressenza.com\/de\/wp-json\/wp\/v2\/categories?post=1148210"},{"taxonomy":"post_tag","embeddable":true,"href":"https:\/\/www.pressenza.com\/de\/wp-json\/wp\/v2\/tags?post=1148210"}],"curies":[{"name":"wp","href":"https:\/\/api.w.org\/{rel}","templated":true}]}}