{"id":1141877,"date":"2020-06-23T05:13:56","date_gmt":"2020-06-23T04:13:56","guid":{"rendered":"https:\/\/www.pressenza.com\/?p=1141877"},"modified":"2020-06-23T05:13:56","modified_gmt":"2020-06-23T04:13:56","slug":"bundesgericht-ruegt-zuercher-praxis-zur-ausschaffungshaft-waehrend-covid-19-pandemie","status":"publish","type":"post","link":"https:\/\/www.pressenza.com\/de\/2020\/06\/bundesgericht-ruegt-zuercher-praxis-zur-ausschaffungshaft-waehrend-covid-19-pandemie\/","title":{"rendered":"Bundesgericht r\u00fcgt Z\u00fcrcher Praxis zur Ausschaffungshaft w\u00e4hrend Covid-19 Pandemie"},"content":{"rendered":"<p>Zahlreiche Kantone (so insbesondere BS, BL, GE) haben Personen aus der Administrativhaft entlassen, da die Ausschaffung w\u00e4hrend der Covid-19 Pandemie nicht absehbar ist. Die Absehbarkeit der Ausschaffung ist eine zwingende Voraussetzung f\u00fcr die Anordnung bzw. das Andauern der Administrativhaft. Offensichtlich sind Ausschaffungen aufgrund der ausgefallenen Fl\u00fcge faktisch innert absehbarer Zeit nicht m\u00f6glich. Die Z\u00fcrcher Sicherheitsdirektion \u2013 teils gest\u00fctzt vom Z\u00fcrcher Zwangsmassnahme- und Verwaltungsgericht \u2013 erachtete die Ausschaffungen trotzdem als absehbar und verweigerte daher die Entlassung zahlreicher Personen.<\/p>\n<p>Das Bundesgericht hat die Z\u00fcrcher Praxis nun korrigiert: Bei zwei von AsyLex erhobenen Beschwerden ordnete das Bundesgericht die sofortige Haftentlassung an und qualifizierte die Haft als rechtswidrig. Das Bundesgericht folgte der Argumentation von AsyLex, dass das weitere Andauern der Haft unzul\u00e4ssig ist, da eine Ausschaffung w\u00e4hrend der Covid-19 Pandemie schlicht nicht absehbar ist.<br \/>\nAsyLex ist erfreut \u00fcber die h\u00f6chstrichterliche Rechtsprechung. Gleichzeitig sind wir aber auch besorgt dar\u00fcber, dass die kantonale Praxis in derart eklatanter Weise dem geltenden Recht widerspricht und erst ein Weiterzug ans Bundesgericht dazu f\u00fchrte, dass die betroffenen Klienten aus der unzul\u00e4ssig fortdauernden Haft entlassen wurden. Es ist von der Z\u00fcrcher Sicherheitsdirektion zu erwarten, dass umgehend s\u00e4mtliche Personen aus der Administrativhaft entlassen werden. Dasselbe gilt f\u00fcr alle anderen Kantone, welche trotz Covid-19 Pandemie weiterhin Personen im Rahmen der nun vom Bundesgericht als unrechtm\u00e4ssig qualifizierten Administrativhaft inhaftieren. Eine andere Praxis kann nach der neuesten bundesgerichtlichen Rechtsprechung nicht mehr vertreten werden.<\/p>\n<p>Hintergrund:<br \/>\nAdministrativhaft (Ausschaffungshaft, Vorbereitungshaft, Durchsetzungshaft) wird angeordnet, wenn sich eine Person ohne g\u00fcltigen Aufenthaltstitel in der Schweiz aufh\u00e4lt und weitere Bedingungen gem\u00e4ss Ausl\u00e4nder- und Integrationsgesetz erf\u00fcllt sind. Die Haft ist nicht zu verwechseln mit dem Strafvollzug oder Untersuchungshaft, wo (potenzielle) Straft\u00e4ter inhaftiert werden. Im Rahmen der Administrativhaft k\u00f6nnen auch Personen, welche sich stets wohlverhielten, bis zu 18 Monate inhaftiert werden, und dies regelm\u00e4ssig ohne anwaltliche Vertretung vor Gericht.<\/p>\n<p>Das Detention Team von AsyLex vertritt Menschen in Administrativhaft vor Gerichten und Beh\u00f6rden. Das Detention Team arbeitet in erster Linie in Z\u00fcrich, betreut aber auch F\u00e4lle in zahlreichen anderen Kantonen.<\/p>\n","protected":false},"excerpt":{"rendered":"<p>Zahlreiche Kantone (so insbesondere BS, BL, GE) haben Personen aus der Administrativhaft entlassen, da die Ausschaffung w\u00e4hrend der Covid-19 Pandemie nicht absehbar ist. Die Absehbarkeit der Ausschaffung ist eine zwingende Voraussetzung f\u00fcr die Anordnung bzw. das Andauern der Administrativhaft. Offensichtlich&hellip;<\/p>\n","protected":false},"author":1096,"featured_media":1141879,"comment_status":"closed","ping_status":"closed","sticky":false,"template":"","format":"standard","meta":{"footnotes":""},"categories":[9150,9161,54569,9168,9145],"tags":[77719,10412,77718,72646],"class_list":["post-1141877","post","type-post","status-publish","format-standard","has-post-thumbnail","hentry","category-europa-de","category-menschenrechte","category-migration","category-politik","category-pressemitteilungen","tag-administrativhaft","tag-asyl","tag-ausschaffungshaft","tag-covid-19-de"],"yoast_head":"<!-- This site is optimized with the Yoast SEO plugin v27.1.1 - https:\/\/yoast.com\/product\/yoast-seo-wordpress\/ -->\n<title>Bundesgericht r\u00fcgt Z\u00fcrcher Praxis zur Ausschaffungshaft w\u00e4hrend Covid-19 Pandemie<\/title>\n<meta name=\"description\" content=\"Zahlreiche Kantone (so insbesondere BS, BL, GE) haben Personen aus der Administrativhaft entlassen, da die Ausschaffung w\u00e4hrend der Covid-19 Pandemie\" \/>\n<meta name=\"robots\" content=\"index, follow, max-snippet:-1, max-image-preview:large, max-video-preview:-1\" \/>\n<link rel=\"canonical\" href=\"https:\/\/www.pressenza.com\/de\/2020\/06\/bundesgericht-ruegt-zuercher-praxis-zur-ausschaffungshaft-waehrend-covid-19-pandemie\/\" \/>\n<meta property=\"og:locale\" content=\"de_DE\" \/>\n<meta property=\"og:type\" content=\"article\" \/>\n<meta property=\"og:title\" content=\"Bundesgericht r\u00fcgt Z\u00fcrcher Praxis zur Ausschaffungshaft w\u00e4hrend Covid-19 Pandemie\" \/>\n<meta property=\"og:description\" content=\"Zahlreiche Kantone (so insbesondere BS, BL, GE) haben Personen aus der Administrativhaft entlassen, da die Ausschaffung w\u00e4hrend der Covid-19 Pandemie\" \/>\n<meta property=\"og:url\" content=\"https:\/\/www.pressenza.com\/de\/2020\/06\/bundesgericht-ruegt-zuercher-praxis-zur-ausschaffungshaft-waehrend-covid-19-pandemie\/\" \/>\n<meta property=\"og:site_name\" content=\"Pressenza\" \/>\n<meta property=\"article:publisher\" content=\"https:\/\/www.facebook.com\/PressenzaItalia\" \/>\n<meta property=\"article:published_time\" content=\"2020-06-23T04:13:56+00:00\" \/>\n<meta property=\"og:image\" content=\"https:\/\/www.pressenza.com\/wp-content\/uploads\/2020\/06\/A80C1961-745D-4C98-ABC2-F4C1DAB526D7.jpeg\" \/>\n\t<meta property=\"og:image:width\" content=\"1920\" \/>\n\t<meta property=\"og:image:height\" content=\"1440\" \/>\n\t<meta property=\"og:image:type\" content=\"image\/jpeg\" \/>\n<meta name=\"author\" content=\"Pressenza Wien\" \/>\n<meta name=\"twitter:card\" content=\"summary_large_image\" \/>\n<meta name=\"twitter:creator\" content=\"@pressenza_ger\" \/>\n<meta name=\"twitter:site\" content=\"@PressenzaIPA\" \/>\n<meta name=\"twitter:label1\" content=\"Verfasst von\" \/>\n\t<meta name=\"twitter:data1\" content=\"Pressenza Wien\" \/>\n\t<meta name=\"twitter:label2\" content=\"Gesch\u00e4tzte Lesezeit\" \/>\n\t<meta name=\"twitter:data2\" content=\"2\u00a0Minuten\" \/>\n<script type=\"application\/ld+json\" class=\"yoast-schema-graph\">{\"@context\":\"https:\/\/schema.org\",\"@graph\":[{\"@type\":\"Article\",\"@id\":\"https:\/\/www.pressenza.com\/de\/2020\/06\/bundesgericht-ruegt-zuercher-praxis-zur-ausschaffungshaft-waehrend-covid-19-pandemie\/#article\",\"isPartOf\":{\"@id\":\"https:\/\/www.pressenza.com\/de\/2020\/06\/bundesgericht-ruegt-zuercher-praxis-zur-ausschaffungshaft-waehrend-covid-19-pandemie\/\"},\"author\":{\"name\":\"Pressenza Wien\",\"@id\":\"https:\/\/www.pressenza.com\/de\/#\/schema\/person\/3df859e5bf9b19ab936f666e0177e38b\"},\"headline\":\"Bundesgericht r\u00fcgt Z\u00fcrcher Praxis zur Ausschaffungshaft w\u00e4hrend Covid-19 Pandemie\",\"datePublished\":\"2020-06-23T04:13:56+00:00\",\"mainEntityOfPage\":{\"@id\":\"https:\/\/www.pressenza.com\/de\/2020\/06\/bundesgericht-ruegt-zuercher-praxis-zur-ausschaffungshaft-waehrend-covid-19-pandemie\/\"},\"wordCount\":364,\"publisher\":{\"@id\":\"https:\/\/www.pressenza.com\/de\/#organization\"},\"image\":{\"@id\":\"https:\/\/www.pressenza.com\/de\/2020\/06\/bundesgericht-ruegt-zuercher-praxis-zur-ausschaffungshaft-waehrend-covid-19-pandemie\/#primaryimage\"},\"thumbnailUrl\":\"https:\/\/www.pressenza.com\/wp-content\/uploads\/2020\/06\/A80C1961-745D-4C98-ABC2-F4C1DAB526D7.jpeg\",\"keywords\":[\"Administrativhaft\",\"Asyl\",\"Ausschaffungshaft\",\"COVID-19\"],\"articleSection\":[\"Europa\",\"Menschenrechte\",\"Migration\",\"Politik\",\"Pressemitteilungen\"],\"inLanguage\":\"de\"},{\"@type\":\"WebPage\",\"@id\":\"https:\/\/www.pressenza.com\/de\/2020\/06\/bundesgericht-ruegt-zuercher-praxis-zur-ausschaffungshaft-waehrend-covid-19-pandemie\/\",\"url\":\"https:\/\/www.pressenza.com\/de\/2020\/06\/bundesgericht-ruegt-zuercher-praxis-zur-ausschaffungshaft-waehrend-covid-19-pandemie\/\",\"name\":\"Bundesgericht r\u00fcgt Z\u00fcrcher Praxis zur Ausschaffungshaft w\u00e4hrend Covid-19 Pandemie\",\"isPartOf\":{\"@id\":\"https:\/\/www.pressenza.com\/de\/#website\"},\"primaryImageOfPage\":{\"@id\":\"https:\/\/www.pressenza.com\/de\/2020\/06\/bundesgericht-ruegt-zuercher-praxis-zur-ausschaffungshaft-waehrend-covid-19-pandemie\/#primaryimage\"},\"image\":{\"@id\":\"https:\/\/www.pressenza.com\/de\/2020\/06\/bundesgericht-ruegt-zuercher-praxis-zur-ausschaffungshaft-waehrend-covid-19-pandemie\/#primaryimage\"},\"thumbnailUrl\":\"https:\/\/www.pressenza.com\/wp-content\/uploads\/2020\/06\/A80C1961-745D-4C98-ABC2-F4C1DAB526D7.jpeg\",\"datePublished\":\"2020-06-23T04:13:56+00:00\",\"description\":\"Zahlreiche Kantone (so insbesondere BS, BL, GE) haben Personen aus der Administrativhaft entlassen, da die Ausschaffung w\u00e4hrend der Covid-19 Pandemie\",\"breadcrumb\":{\"@id\":\"https:\/\/www.pressenza.com\/de\/2020\/06\/bundesgericht-ruegt-zuercher-praxis-zur-ausschaffungshaft-waehrend-covid-19-pandemie\/#breadcrumb\"},\"inLanguage\":\"de\",\"potentialAction\":[{\"@type\":\"ReadAction\",\"target\":[\"https:\/\/www.pressenza.com\/de\/2020\/06\/bundesgericht-ruegt-zuercher-praxis-zur-ausschaffungshaft-waehrend-covid-19-pandemie\/\"]}]},{\"@type\":\"ImageObject\",\"inLanguage\":\"de\",\"@id\":\"https:\/\/www.pressenza.com\/de\/2020\/06\/bundesgericht-ruegt-zuercher-praxis-zur-ausschaffungshaft-waehrend-covid-19-pandemie\/#primaryimage\",\"url\":\"https:\/\/www.pressenza.com\/wp-content\/uploads\/2020\/06\/A80C1961-745D-4C98-ABC2-F4C1DAB526D7.jpeg\",\"contentUrl\":\"https:\/\/www.pressenza.com\/wp-content\/uploads\/2020\/06\/A80C1961-745D-4C98-ABC2-F4C1DAB526D7.jpeg\",\"width\":1920,\"height\":1440,\"caption\":\"Asyl\"},{\"@type\":\"BreadcrumbList\",\"@id\":\"https:\/\/www.pressenza.com\/de\/2020\/06\/bundesgericht-ruegt-zuercher-praxis-zur-ausschaffungshaft-waehrend-covid-19-pandemie\/#breadcrumb\",\"itemListElement\":[{\"@type\":\"ListItem\",\"position\":1,\"name\":\"Accueil\",\"item\":\"https:\/\/www.pressenza.com\/de\/\"},{\"@type\":\"ListItem\",\"position\":2,\"name\":\"Bundesgericht r\u00fcgt Z\u00fcrcher Praxis zur Ausschaffungshaft w\u00e4hrend Covid-19 Pandemie\"}]},{\"@type\":\"WebSite\",\"@id\":\"https:\/\/www.pressenza.com\/de\/#website\",\"url\":\"https:\/\/www.pressenza.com\/de\/\",\"name\":\"Pressenza\",\"description\":\"International Press Agency\",\"publisher\":{\"@id\":\"https:\/\/www.pressenza.com\/de\/#organization\"},\"potentialAction\":[{\"@type\":\"SearchAction\",\"target\":{\"@type\":\"EntryPoint\",\"urlTemplate\":\"https:\/\/www.pressenza.com\/de\/?s={search_term_string}\"},\"query-input\":{\"@type\":\"PropertyValueSpecification\",\"valueRequired\":true,\"valueName\":\"search_term_string\"}}],\"inLanguage\":\"de\"},{\"@type\":\"Organization\",\"@id\":\"https:\/\/www.pressenza.com\/de\/#organization\",\"name\":\"Pressenza\",\"url\":\"https:\/\/www.pressenza.com\/de\/\",\"logo\":{\"@type\":\"ImageObject\",\"inLanguage\":\"de\",\"@id\":\"https:\/\/www.pressenza.com\/de\/#\/schema\/logo\/image\/\",\"url\":\"https:\/\/www.pressenza.com\/wp-content\/uploads\/2022\/10\/pressenza_logo_200x200.jpg\",\"contentUrl\":\"https:\/\/www.pressenza.com\/wp-content\/uploads\/2022\/10\/pressenza_logo_200x200.jpg\",\"width\":200,\"height\":200,\"caption\":\"Pressenza\"},\"image\":{\"@id\":\"https:\/\/www.pressenza.com\/de\/#\/schema\/logo\/image\/\"},\"sameAs\":[\"https:\/\/www.facebook.com\/PressenzaItalia\",\"https:\/\/x.com\/PressenzaIPA\"]},{\"@type\":\"Person\",\"@id\":\"https:\/\/www.pressenza.com\/de\/#\/schema\/person\/3df859e5bf9b19ab936f666e0177e38b\",\"name\":\"Pressenza Wien\",\"description\":\"News from the Pressenza Bureau in Vienna, Austria\",\"sameAs\":[\"https:\/\/x.com\/pressenza_ger\"],\"url\":\"https:\/\/www.pressenza.com\/de\/author\/pressenza-wien\/\"}]}<\/script>\n<!-- \/ Yoast SEO plugin. -->","yoast_head_json":{"title":"Bundesgericht r\u00fcgt Z\u00fcrcher Praxis zur Ausschaffungshaft w\u00e4hrend Covid-19 Pandemie","description":"Zahlreiche Kantone (so insbesondere BS, BL, GE) haben Personen aus der Administrativhaft entlassen, da die Ausschaffung w\u00e4hrend der Covid-19 Pandemie","robots":{"index":"index","follow":"follow","max-snippet":"max-snippet:-1","max-image-preview":"max-image-preview:large","max-video-preview":"max-video-preview:-1"},"canonical":"https:\/\/www.pressenza.com\/de\/2020\/06\/bundesgericht-ruegt-zuercher-praxis-zur-ausschaffungshaft-waehrend-covid-19-pandemie\/","og_locale":"de_DE","og_type":"article","og_title":"Bundesgericht r\u00fcgt Z\u00fcrcher Praxis zur Ausschaffungshaft w\u00e4hrend Covid-19 Pandemie","og_description":"Zahlreiche Kantone (so insbesondere BS, BL, GE) haben Personen aus der Administrativhaft entlassen, da die Ausschaffung w\u00e4hrend der Covid-19 Pandemie","og_url":"https:\/\/www.pressenza.com\/de\/2020\/06\/bundesgericht-ruegt-zuercher-praxis-zur-ausschaffungshaft-waehrend-covid-19-pandemie\/","og_site_name":"Pressenza","article_publisher":"https:\/\/www.facebook.com\/PressenzaItalia","article_published_time":"2020-06-23T04:13:56+00:00","og_image":[{"width":1920,"height":1440,"url":"https:\/\/www.pressenza.com\/wp-content\/uploads\/2020\/06\/A80C1961-745D-4C98-ABC2-F4C1DAB526D7.jpeg","type":"image\/jpeg"}],"author":"Pressenza Wien","twitter_card":"summary_large_image","twitter_creator":"@pressenza_ger","twitter_site":"@PressenzaIPA","twitter_misc":{"Verfasst von":"Pressenza Wien","Gesch\u00e4tzte Lesezeit":"2\u00a0Minuten"},"schema":{"@context":"https:\/\/schema.org","@graph":[{"@type":"Article","@id":"https:\/\/www.pressenza.com\/de\/2020\/06\/bundesgericht-ruegt-zuercher-praxis-zur-ausschaffungshaft-waehrend-covid-19-pandemie\/#article","isPartOf":{"@id":"https:\/\/www.pressenza.com\/de\/2020\/06\/bundesgericht-ruegt-zuercher-praxis-zur-ausschaffungshaft-waehrend-covid-19-pandemie\/"},"author":{"name":"Pressenza Wien","@id":"https:\/\/www.pressenza.com\/de\/#\/schema\/person\/3df859e5bf9b19ab936f666e0177e38b"},"headline":"Bundesgericht r\u00fcgt Z\u00fcrcher Praxis zur Ausschaffungshaft w\u00e4hrend Covid-19 Pandemie","datePublished":"2020-06-23T04:13:56+00:00","mainEntityOfPage":{"@id":"https:\/\/www.pressenza.com\/de\/2020\/06\/bundesgericht-ruegt-zuercher-praxis-zur-ausschaffungshaft-waehrend-covid-19-pandemie\/"},"wordCount":364,"publisher":{"@id":"https:\/\/www.pressenza.com\/de\/#organization"},"image":{"@id":"https:\/\/www.pressenza.com\/de\/2020\/06\/bundesgericht-ruegt-zuercher-praxis-zur-ausschaffungshaft-waehrend-covid-19-pandemie\/#primaryimage"},"thumbnailUrl":"https:\/\/www.pressenza.com\/wp-content\/uploads\/2020\/06\/A80C1961-745D-4C98-ABC2-F4C1DAB526D7.jpeg","keywords":["Administrativhaft","Asyl","Ausschaffungshaft","COVID-19"],"articleSection":["Europa","Menschenrechte","Migration","Politik","Pressemitteilungen"],"inLanguage":"de"},{"@type":"WebPage","@id":"https:\/\/www.pressenza.com\/de\/2020\/06\/bundesgericht-ruegt-zuercher-praxis-zur-ausschaffungshaft-waehrend-covid-19-pandemie\/","url":"https:\/\/www.pressenza.com\/de\/2020\/06\/bundesgericht-ruegt-zuercher-praxis-zur-ausschaffungshaft-waehrend-covid-19-pandemie\/","name":"Bundesgericht r\u00fcgt Z\u00fcrcher Praxis zur Ausschaffungshaft w\u00e4hrend Covid-19 Pandemie","isPartOf":{"@id":"https:\/\/www.pressenza.com\/de\/#website"},"primaryImageOfPage":{"@id":"https:\/\/www.pressenza.com\/de\/2020\/06\/bundesgericht-ruegt-zuercher-praxis-zur-ausschaffungshaft-waehrend-covid-19-pandemie\/#primaryimage"},"image":{"@id":"https:\/\/www.pressenza.com\/de\/2020\/06\/bundesgericht-ruegt-zuercher-praxis-zur-ausschaffungshaft-waehrend-covid-19-pandemie\/#primaryimage"},"thumbnailUrl":"https:\/\/www.pressenza.com\/wp-content\/uploads\/2020\/06\/A80C1961-745D-4C98-ABC2-F4C1DAB526D7.jpeg","datePublished":"2020-06-23T04:13:56+00:00","description":"Zahlreiche Kantone (so insbesondere BS, BL, GE) haben Personen aus der Administrativhaft entlassen, da die Ausschaffung w\u00e4hrend der Covid-19 Pandemie","breadcrumb":{"@id":"https:\/\/www.pressenza.com\/de\/2020\/06\/bundesgericht-ruegt-zuercher-praxis-zur-ausschaffungshaft-waehrend-covid-19-pandemie\/#breadcrumb"},"inLanguage":"de","potentialAction":[{"@type":"ReadAction","target":["https:\/\/www.pressenza.com\/de\/2020\/06\/bundesgericht-ruegt-zuercher-praxis-zur-ausschaffungshaft-waehrend-covid-19-pandemie\/"]}]},{"@type":"ImageObject","inLanguage":"de","@id":"https:\/\/www.pressenza.com\/de\/2020\/06\/bundesgericht-ruegt-zuercher-praxis-zur-ausschaffungshaft-waehrend-covid-19-pandemie\/#primaryimage","url":"https:\/\/www.pressenza.com\/wp-content\/uploads\/2020\/06\/A80C1961-745D-4C98-ABC2-F4C1DAB526D7.jpeg","contentUrl":"https:\/\/www.pressenza.com\/wp-content\/uploads\/2020\/06\/A80C1961-745D-4C98-ABC2-F4C1DAB526D7.jpeg","width":1920,"height":1440,"caption":"Asyl"},{"@type":"BreadcrumbList","@id":"https:\/\/www.pressenza.com\/de\/2020\/06\/bundesgericht-ruegt-zuercher-praxis-zur-ausschaffungshaft-waehrend-covid-19-pandemie\/#breadcrumb","itemListElement":[{"@type":"ListItem","position":1,"name":"Accueil","item":"https:\/\/www.pressenza.com\/de\/"},{"@type":"ListItem","position":2,"name":"Bundesgericht r\u00fcgt Z\u00fcrcher Praxis zur Ausschaffungshaft w\u00e4hrend Covid-19 Pandemie"}]},{"@type":"WebSite","@id":"https:\/\/www.pressenza.com\/de\/#website","url":"https:\/\/www.pressenza.com\/de\/","name":"Pressenza","description":"International Press Agency","publisher":{"@id":"https:\/\/www.pressenza.com\/de\/#organization"},"potentialAction":[{"@type":"SearchAction","target":{"@type":"EntryPoint","urlTemplate":"https:\/\/www.pressenza.com\/de\/?s={search_term_string}"},"query-input":{"@type":"PropertyValueSpecification","valueRequired":true,"valueName":"search_term_string"}}],"inLanguage":"de"},{"@type":"Organization","@id":"https:\/\/www.pressenza.com\/de\/#organization","name":"Pressenza","url":"https:\/\/www.pressenza.com\/de\/","logo":{"@type":"ImageObject","inLanguage":"de","@id":"https:\/\/www.pressenza.com\/de\/#\/schema\/logo\/image\/","url":"https:\/\/www.pressenza.com\/wp-content\/uploads\/2022\/10\/pressenza_logo_200x200.jpg","contentUrl":"https:\/\/www.pressenza.com\/wp-content\/uploads\/2022\/10\/pressenza_logo_200x200.jpg","width":200,"height":200,"caption":"Pressenza"},"image":{"@id":"https:\/\/www.pressenza.com\/de\/#\/schema\/logo\/image\/"},"sameAs":["https:\/\/www.facebook.com\/PressenzaItalia","https:\/\/x.com\/PressenzaIPA"]},{"@type":"Person","@id":"https:\/\/www.pressenza.com\/de\/#\/schema\/person\/3df859e5bf9b19ab936f666e0177e38b","name":"Pressenza Wien","description":"News from the Pressenza Bureau in Vienna, Austria","sameAs":["https:\/\/x.com\/pressenza_ger"],"url":"https:\/\/www.pressenza.com\/de\/author\/pressenza-wien\/"}]}},"place":"AsyLex","original_article_url":"","_links":{"self":[{"href":"https:\/\/www.pressenza.com\/de\/wp-json\/wp\/v2\/posts\/1141877","targetHints":{"allow":["GET"]}}],"collection":[{"href":"https:\/\/www.pressenza.com\/de\/wp-json\/wp\/v2\/posts"}],"about":[{"href":"https:\/\/www.pressenza.com\/de\/wp-json\/wp\/v2\/types\/post"}],"author":[{"embeddable":true,"href":"https:\/\/www.pressenza.com\/de\/wp-json\/wp\/v2\/users\/1096"}],"replies":[{"embeddable":true,"href":"https:\/\/www.pressenza.com\/de\/wp-json\/wp\/v2\/comments?post=1141877"}],"version-history":[{"count":0,"href":"https:\/\/www.pressenza.com\/de\/wp-json\/wp\/v2\/posts\/1141877\/revisions"}],"wp:featuredmedia":[{"embeddable":true,"href":"https:\/\/www.pressenza.com\/de\/wp-json\/wp\/v2\/media\/1141879"}],"wp:attachment":[{"href":"https:\/\/www.pressenza.com\/de\/wp-json\/wp\/v2\/media?parent=1141877"}],"wp:term":[{"taxonomy":"category","embeddable":true,"href":"https:\/\/www.pressenza.com\/de\/wp-json\/wp\/v2\/categories?post=1141877"},{"taxonomy":"post_tag","embeddable":true,"href":"https:\/\/www.pressenza.com\/de\/wp-json\/wp\/v2\/tags?post=1141877"}],"curies":[{"name":"wp","href":"https:\/\/api.w.org\/{rel}","templated":true}]}}