{"id":1131524,"date":"2020-06-09T18:03:03","date_gmt":"2020-06-09T17:03:03","guid":{"rendered":"https:\/\/www.pressenza.com\/?p=1131524"},"modified":"2020-06-09T18:03:03","modified_gmt":"2020-06-09T17:03:03","slug":"die-truppenreduzierungsdebatte","status":"publish","type":"post","link":"https:\/\/www.pressenza.com\/de\/2020\/06\/die-truppenreduzierungsdebatte\/","title":{"rendered":"Die Truppenreduzierungsdebatte"},"content":{"rendered":"<p><strong>Berliner Regierungsberater: Washington k\u00f6nnte US-St\u00fctzpunkte in Europa schlie\u00dfen, um sich noch offensiver gegen China zu richten.<\/strong><\/p>\n<p>Berliner Regierungsberater weisen unabh\u00e4ngig vom j\u00fcngsten einschl\u00e4gigen Vorsto\u00df der Trump-Administration auf eine m\u00f6gliche US-Truppenreduzierung in Deutschland hin. Weil die US-Wirtschaft in der Coronakrise stark einbreche und die US-Staatsschulden wohl auf deutlich mehr als 100 Prozent in die H\u00f6he schnellen w\u00fcrden, sei damit zu rechnen, dass Washington in gewissem Ma\u00df milit\u00e4rpolitische Priorit\u00e4ten setzen m\u00fcsse, hei\u00dft es in einer aktuellen Analyse der Stiftung Wissenschaft und Politik (SWP). Die USA w\u00fcrden sich dann noch st\u00e4rker als bisher auf den Machtkampf gegen China fokussieren und wom\u00f6glich bei ihrer Pr\u00e4senz in Europa Einsparungen vornehmen. Aktuell werden die diesbez\u00fcglichen Pl\u00e4ne der Trump-Administration sowohl in Washington als auch in Berlin scharf kritisiert. W\u00fcrden sie umgesetzt, komme das einem &#8222;Geschenk an Putin&#8220; gleich, urteilen US-Politiker wie auch deutsche Milit\u00e4rs. Freilich w\u00e4re es f\u00fcr die USA nicht leicht, gr\u00f6\u00dfere Reduzierungen in der Bundesrepublik vorzunehmen: Hiesige Milit\u00e4reinrichtungen spielen f\u00fcr US-Kriege eine zentrale Rolle.<\/p>\n<h4><strong>Kriegsdrehscheibe Deutschland<\/strong><\/h4>\n<p>Die Pl\u00e4ne der Trump-Administration, die Zahl der in Deutschland stationierten US-Soldaten deutlich zu reduzieren, sto\u00dfen nach wie vor auf erbitterten Widerstand nicht nur in den Vereinigten Staaten, sondern auch in der Bundesrepublik. Hintergrund f\u00fcr den Unmut in Washington ist, dass die US-Milit\u00e4rinfrastruktur in Deutschland erhebliche Bedeutung f\u00fcr die globalen Operationen der US-Streitkr\u00e4fte besitzt. So sind Stuttgart sowohl das United States European Command (EUCOM) als auch das United States Africa Command (AFRICOM) angesiedelt. In Ramstein und im nahe gelegenen Landstuhl befinden sich die gr\u00f6\u00dfte US-Luftwaffenbasis sowie das gr\u00f6\u00dfte US-Milit\u00e4rkrankenhaus au\u00dferhalb der USA; w\u00e4hrend \u00fcber Ramstein die meisten Transporte der US-Streitkr\u00e4fte in die Einsatzgebiete in Afghanistan und im Irak abgewickelt werden, findet die Behandlung der dort verwundeten US-Soldaten oft in Landstuhl statt. \u00dcber Ramstein werden auch US-Drohnenoperationen gesteuert.[1] Das Hauptquartier der U.S. Army Europe ist in Wiesbaden-Erbenheim angesiedelt; dort sind, wie berichtet wird, &#8222;inzwischen auch wichtige Geheimdiensteinrichtungen&#8220; untergebracht.[2] Hinzu kommen mehrere gro\u00dfe Milit\u00e4rlager (&#8222;Army Prepositioned Stock&#8220;, APS); das Army Depot in Miesau gilt als das gr\u00f6\u00dfte US-Munitionslager au\u00dferhalb der USA.[3]<\/p>\n<h4><strong>Gegen Russland<\/strong><\/h4>\n<p>Erhebliche Bedeutung besitzt die US-Truppenpr\u00e4senz in Deutschland dar\u00fcber hinaus f\u00fcr den Machtkampf gegen Russland. So hat Washington seit dessen Eskalation im Jahr 2014 nicht nur die US-Milit\u00e4raktivit\u00e4ten in Europa allgemein, sondern insbesondere auch diejenigen in Deutschland intensiviert.[4] Dazu z\u00e4hlt die Best\u00fcckung der APS-Lager mit Milit\u00e4rger\u00e4t f\u00fcr einen m\u00f6glichen Krieg in Ost- und S\u00fcdosteuropa gegen Russland ebenso wie die Ausweitung der Man\u00f6vert\u00e4tigkeit. J\u00fcngstes Beispiel ist das Gro\u00dfman\u00f6ver Defender Europe 20, das die Verlegung von rund 20.000 US-Soldaten sowie von gro\u00dfen Mengen an Kriegsger\u00e4t \u00fcber den Atlantik und den Weitertransport in Richtung russische Grenze proben sollte. Zwar musste es wegen der Covid-19-Pandemie unterbrochen werden, wird jetzt aber unter der Bezeichnung Defender 20-plus zumindest teilweise fortgef\u00fchrt (german-foreign-policy.com berichtete [5]). Vor diesem Hintergrund ist von Interesse, dass in Deutschland mehr US-Milit\u00e4rs stationiert sind als in jedem anderen Land au\u00dfer Japan; zu den offiziell 34.500 US-Soldaten in der Bundesrepublik kommen rund 11.000 Zivilangestellte hinzu. Japan beherbergt dauerhaft mehr als 55.000 US-Milit\u00e4rs, w\u00e4hrend deren Zahl in S\u00fcdkorea zuletzt um 2.000 gesunken ist &#8211; auf 26.000.<\/p>\n<h4><strong>&#8222;F\u00fcr Putin ein Geschenk&#8220;<\/strong><\/h4>\n<p>Sowohl in Washington als auch in Berlin ruft speziellen Unmut hervor, dass die geplante US-Truppenreduzierung geeignet ist, den milit\u00e4rischen Druck auf Moskau abzuschw\u00e4chen. Das liegt nicht nur am Abzug eines Teils der fest in der Bundesrepublik stationierten Einheiten, sondern auch daran, dass die Pl\u00e4ne der Trump-Administration zus\u00e4tzlich eine Obergrenze f\u00fcr US-Truppen vorsehen, die sich gleichzeitig in der Bundesrepublik aufhalten &#8211; auch dann, wenn einige davon nur kurzfristig zu Man\u00f6vern angereist sind. Die Obergrenze soll auf 25.000 festgelegt werden. Kommt es dazu, dann w\u00e4ren Kriegs\u00fcbungen wie Defender Europe 20, zu denen Tausende US-Soldaten zus\u00e4tzlich eingeflogen werden, nur noch mit erheblichen Einschr\u00e4nkungen m\u00f6glich. Entsprechend dringen hochrangige US-Milit\u00e4rs darauf, die Pl\u00e4ne zur Truppenreduzierung nicht umzusetzen. Diese seien &#8222;eine Belohnung&#8220; f\u00fcr Moskau, urteilt exemplarisch Generalleutnant a.D. Frederick Ben Hodges, von Ende 2014 bis Ende 2017 Oberkommandierender der US-Landstreitkr\u00e4fte in Europa. Senator Jack Reed von den Demokraten erkl\u00e4rt, man tue mit ihnen &#8222;Putin einen Gefallen&#8220;.[6] In Berlin wurde der stellvertretende Vorsitzende der CDU\/CSU-Bundestagsfraktion, Johann Wadephul, mit der \u00c4u\u00dferung zitiert, von Unstimmigkeiten im Westen, wie sie sich in den j\u00fcngsten US-Truppenreduzierungspl\u00e4nen zeigten, profitierten &#8222;nur Russland und China&#8220;.[7] Auch General a.D. Hans-Lothar Domr\u00f6se \u00e4u\u00dferte, das Vorhaben der Trump-Administration sei &#8222;f\u00fcr Putin ein gro\u00dfes Geschenk&#8220;.<\/p>\n<h4><strong>&#8222;Es ist kompliziert&#8220;<\/strong><\/h4>\n<p>Auch allgemein lassen Berliner Regierungspolitiker Unmut erkennen. Am gestrigen Montag wurde der Koordinator der Bundesregierung f\u00fcr die transatlantische Zusammenarbeit, Peter Beyer, mit der \u00c4u\u00dferung zitiert: &#8222;Der Westen schw\u00e4cht sich selbst&#8220;.[8] &#8222;Bei einer Scheidung&#8220; sei man zwar &#8222;noch nicht&#8220;: &#8222;Aber wir sind schon bei einer deutlich schlechteren Qualit\u00e4t des Miteinanders als fr\u00fcher.&#8220; Verteidigungsministerin Annegret Kramp-Karrenbauer best\u00e4tigte, Berlin sei nach wie vor nicht offiziell \u00fcber die Washingtoner Pl\u00e4ne informiert worden: &#8222;Wir kennen nur die Informationen, die es aus der Presse gibt.&#8220;[9] Au\u00dfenminister Heiko Maas hatte bereits am Wochenende erkl\u00e4rt, man lege im Grundsatz Wert auf die US-Truppenpr\u00e4senz: &#8222;Wir sch\u00e4tzen die seit Jahrzehnten gewachsene Zusammenarbeit mit den US-Streitkr\u00e4ften. Sie ist im Interesse unserer beiden L\u00e4nder&#8220;.[10] Jedoch gab sich auch Maas ver\u00e4rgert: &#8222;Wir sind enge Partner im transatlantischen B\u00fcndnis. Aber: Es ist kompliziert&#8220;.<\/p>\n<h4><strong>&#8222;Noch mehr in Richtung China&#8220;<\/strong><\/h4>\n<p>Bereits vor Beginn der aktuellen Debatte sind Berliner Regierungsberater zu dem Schluss gelangt, die Bundesregierung m\u00fcsse mit der M\u00f6glichkeit einer US-Truppenreduzierung in Deutschland rechnen. Hintergrund ist, dass die Coronakrise die US-Wirtschaft massiv einbrechen lassen wird &#8211; und dass die US-Staatsschulden rapide in die H\u00f6he schnellen werden. Wie es in einer aktuellen Analyse der Stiftung Wissenschaft und Politik (SWP) hei\u00dft, k\u00f6nne der US-Schuldenstand, der im vergangenen Jahr noch bei 79,2 Prozent des Bruttoinlandsprodukts (BIP) gelegen habe, bereits im kommenden Jahr auf 108,0 Prozent des BIP steigen. Zwar sei nicht damit zu rechnen, dass Washington gr\u00f6\u00dfere Einschnitte im Milit\u00e4rhaushalt vornehmen werde. Doch k\u00f6nne sich wohl &#8222;die Einsicht&#8220; durchsetzen, &#8222;dass die USA sicherheits- und verteidigungspolitisch nicht mehr alles machen k\u00f6nnen und entsprechend Priorit\u00e4ten setzen m\u00fcssen&#8220;.[11] Insgesamt werde &#8222;der amerikanische Fokus&#8220; sich wohl &#8222;noch mehr in Richtung China und den Indo-Pazifik verlagern&#8220; &#8211; mit der Folge, dass woanders gek\u00fcrzt werde: &#8222;Es ist gut m\u00f6glich, dass Washington aufgrund der wirtschaftlichen Pandemie-Folgen dauerhaft in Europa stationierte Truppen reduzieren und gegebenenfalls einzelne Standorte schlie\u00dfen wird.&#8220;<\/p>\n<hr \/>\n<p>[1] S. dazu <a href=\"https:\/\/www.german-foreign-policy.com\/news\/detail\/7893\/\" target=\"_blank\" rel=\"noopener noreferrer\">Drohnenmorde vor Gericht<\/a>.<br \/>\n[2] Das Geraune geht weiter. Frankfurter Allgemeine Zeitung 08.06.2020.<br \/>\n[3] S. dazu <a href=\"https:\/\/www.german-foreign-policy.com\/news\/detail\/7381\/\" target=\"_blank\" rel=\"noopener noreferrer\">Vom Frontstaat zur Transitzone (II)<\/a>.<br \/>\n[4] S. dazu <a href=\"https:\/\/www.german-foreign-policy.com\/news\/detail\/7664\/\" target=\"_blank\" rel=\"noopener noreferrer\">Der Zwei-Prozent-Konflikt<\/a>.<br \/>\n[5] S. dazu <a href=\"https:\/\/www.german-foreign-policy.com\/news\/detail\/8279\/\" target=\"_blank\" rel=\"noopener noreferrer\">Kriegs\u00fcbung trotz Pandemie<\/a>.<br \/>\n[6] Michael R. Gordon, Gordon Lubold: Trump to Pull Thousands of U.S. Troops From Germany. wsj.com 05.06.2020.<br \/>\n[7] M\u00f6glicher US-Truppenabzug aus Deutschland &#8211; ein Weckruf f\u00fcr Europa. cducsu.de 06.06.2020.<br \/>\n[8] Berlin schweigt zu US-Abzugsspekulationen &#8211; Koalition ver\u00e4rgert. de.reuters.com 08.06.2020.<br \/>\n[9] Matthias Koch: Kramp-Karrenbauer: Wissen von m\u00f6glichem US-Truppenabzug &#8222;aus der Presse&#8220;. rnd.de 08.06.2020.<br \/>\n[10] &#8222;Es ist kompliziert&#8220;. tagesschau.de 07.06.2020.<br \/>\n[11] Marco Overhaus: Das Virus und die Weltmacht. SWP-Aktuell Nr. 44. Juni 2020.<\/p>\n","protected":false},"excerpt":{"rendered":"<p>Berliner Regierungsberater: Washington k\u00f6nnte US-St\u00fctzpunkte in Europa schlie\u00dfen, um sich noch offensiver gegen China zu richten. Berliner Regierungsberater weisen unabh\u00e4ngig vom j\u00fcngsten einschl\u00e4gigen Vorsto\u00df der Trump-Administration auf eine m\u00f6gliche US-Truppenreduzierung in Deutschland hin. Weil die US-Wirtschaft in der Coronakrise stark&hellip;<\/p>\n","protected":false},"author":1516,"featured_media":1131537,"comment_status":"closed","ping_status":"closed","sticky":false,"template":"","format":"standard","meta":{"footnotes":""},"categories":[9150,9167,9168],"tags":[77058,46598,9182,18892,30181,53147,77057,30180,9767],"class_list":["post-1131524","post","type-post","status-publish","format-standard","has-post-thumbnail","hentry","category-europa-de","category-frieden-und-abruestung","category-politik","tag-africom-de","tag-air-base-ramstein","tag-deutschland","tag-drohnenkrieg","tag-eucom","tag-truppenabzug","tag-truppenreduzierung","tag-us-militaerbasen","tag-usa-de"],"yoast_head":"<!-- This site is optimized with the Yoast SEO plugin v27.1.1 - https:\/\/yoast.com\/product\/yoast-seo-wordpress\/ -->\n<title>Die Truppenreduzierungsdebatte<\/title>\n<meta name=\"description\" content=\"Berliner Regierungsberater: Washington k\u00f6nnte US-St\u00fctzpunkte in Europa schlie\u00dfen, um sich noch offensiver gegen China zu richten. Berliner\" \/>\n<meta name=\"robots\" content=\"index, follow, max-snippet:-1, max-image-preview:large, max-video-preview:-1\" \/>\n<link rel=\"canonical\" href=\"https:\/\/www.pressenza.com\/de\/2020\/06\/die-truppenreduzierungsdebatte\/\" \/>\n<meta property=\"og:locale\" content=\"de_DE\" \/>\n<meta property=\"og:type\" content=\"article\" \/>\n<meta property=\"og:title\" content=\"Die Truppenreduzierungsdebatte\" \/>\n<meta property=\"og:description\" content=\"Berliner Regierungsberater: Washington k\u00f6nnte US-St\u00fctzpunkte in Europa schlie\u00dfen, um sich noch offensiver gegen China zu richten. Berliner\" \/>\n<meta property=\"og:url\" content=\"https:\/\/www.pressenza.com\/de\/2020\/06\/die-truppenreduzierungsdebatte\/\" \/>\n<meta property=\"og:site_name\" content=\"Pressenza\" \/>\n<meta property=\"article:publisher\" content=\"https:\/\/www.facebook.com\/PressenzaItalia\" \/>\n<meta property=\"article:published_time\" content=\"2020-06-09T17:03:03+00:00\" \/>\n<meta property=\"og:image\" content=\"https:\/\/www.pressenza.com\/wp-content\/uploads\/2020\/06\/Truppenabzugsdebatte.jpg\" \/>\n\t<meta property=\"og:image:width\" content=\"750\" \/>\n\t<meta property=\"og:image:height\" content=\"415\" \/>\n\t<meta property=\"og:image:type\" content=\"image\/jpeg\" \/>\n<meta name=\"author\" content=\"GERMAN-FOREIGN-POLICY.com\" \/>\n<meta name=\"twitter:card\" content=\"summary_large_image\" \/>\n<meta name=\"twitter:creator\" content=\"@PressenzaIPA\" \/>\n<meta name=\"twitter:site\" content=\"@PressenzaIPA\" \/>\n<meta name=\"twitter:label1\" content=\"Verfasst von\" \/>\n\t<meta name=\"twitter:data1\" content=\"GERMAN-FOREIGN-POLICY.com\" \/>\n\t<meta name=\"twitter:label2\" content=\"Gesch\u00e4tzte Lesezeit\" \/>\n\t<meta name=\"twitter:data2\" content=\"6\u00a0Minuten\" \/>\n<script type=\"application\/ld+json\" class=\"yoast-schema-graph\">{\"@context\":\"https:\/\/schema.org\",\"@graph\":[{\"@type\":\"Article\",\"@id\":\"https:\/\/www.pressenza.com\/de\/2020\/06\/die-truppenreduzierungsdebatte\/#article\",\"isPartOf\":{\"@id\":\"https:\/\/www.pressenza.com\/de\/2020\/06\/die-truppenreduzierungsdebatte\/\"},\"author\":{\"name\":\"GERMAN-FOREIGN-POLICY.com\",\"@id\":\"https:\/\/www.pressenza.com\/de\/#\/schema\/person\/65976e5880ee37f0ffc0cea7b0d6f456\"},\"headline\":\"Die Truppenreduzierungsdebatte\",\"datePublished\":\"2020-06-09T17:03:03+00:00\",\"mainEntityOfPage\":{\"@id\":\"https:\/\/www.pressenza.com\/de\/2020\/06\/die-truppenreduzierungsdebatte\/\"},\"wordCount\":1216,\"publisher\":{\"@id\":\"https:\/\/www.pressenza.com\/de\/#organization\"},\"image\":{\"@id\":\"https:\/\/www.pressenza.com\/de\/2020\/06\/die-truppenreduzierungsdebatte\/#primaryimage\"},\"thumbnailUrl\":\"https:\/\/www.pressenza.com\/wp-content\/uploads\/2020\/06\/Truppenabzugsdebatte.jpg\",\"keywords\":[\"AFRICOM\",\"Air Base Ramstein\",\"Deutschland\",\"Drohnenkrieg\",\"EUCOM\",\"Truppenabzug\",\"Truppenreduzierung\",\"US-Milit\u00e4rbasen\",\"USA\"],\"articleSection\":[\"Europa\",\"Frieden und Abr\u00fcstung\",\"Politik\"],\"inLanguage\":\"de\"},{\"@type\":\"WebPage\",\"@id\":\"https:\/\/www.pressenza.com\/de\/2020\/06\/die-truppenreduzierungsdebatte\/\",\"url\":\"https:\/\/www.pressenza.com\/de\/2020\/06\/die-truppenreduzierungsdebatte\/\",\"name\":\"Die Truppenreduzierungsdebatte\",\"isPartOf\":{\"@id\":\"https:\/\/www.pressenza.com\/de\/#website\"},\"primaryImageOfPage\":{\"@id\":\"https:\/\/www.pressenza.com\/de\/2020\/06\/die-truppenreduzierungsdebatte\/#primaryimage\"},\"image\":{\"@id\":\"https:\/\/www.pressenza.com\/de\/2020\/06\/die-truppenreduzierungsdebatte\/#primaryimage\"},\"thumbnailUrl\":\"https:\/\/www.pressenza.com\/wp-content\/uploads\/2020\/06\/Truppenabzugsdebatte.jpg\",\"datePublished\":\"2020-06-09T17:03:03+00:00\",\"description\":\"Berliner Regierungsberater: Washington k\u00f6nnte US-St\u00fctzpunkte in Europa schlie\u00dfen, um sich noch offensiver gegen China zu richten. Berliner\",\"breadcrumb\":{\"@id\":\"https:\/\/www.pressenza.com\/de\/2020\/06\/die-truppenreduzierungsdebatte\/#breadcrumb\"},\"inLanguage\":\"de\",\"potentialAction\":[{\"@type\":\"ReadAction\",\"target\":[\"https:\/\/www.pressenza.com\/de\/2020\/06\/die-truppenreduzierungsdebatte\/\"]}]},{\"@type\":\"ImageObject\",\"inLanguage\":\"de\",\"@id\":\"https:\/\/www.pressenza.com\/de\/2020\/06\/die-truppenreduzierungsdebatte\/#primaryimage\",\"url\":\"https:\/\/www.pressenza.com\/wp-content\/uploads\/2020\/06\/Truppenabzugsdebatte.jpg\",\"contentUrl\":\"https:\/\/www.pressenza.com\/wp-content\/uploads\/2020\/06\/Truppenabzugsdebatte.jpg\",\"width\":750,\"height\":415,\"caption\":\"Die Truppenreduzierungsdebatte\"},{\"@type\":\"BreadcrumbList\",\"@id\":\"https:\/\/www.pressenza.com\/de\/2020\/06\/die-truppenreduzierungsdebatte\/#breadcrumb\",\"itemListElement\":[{\"@type\":\"ListItem\",\"position\":1,\"name\":\"Accueil\",\"item\":\"https:\/\/www.pressenza.com\/de\/\"},{\"@type\":\"ListItem\",\"position\":2,\"name\":\"Die Truppenreduzierungsdebatte\"}]},{\"@type\":\"WebSite\",\"@id\":\"https:\/\/www.pressenza.com\/de\/#website\",\"url\":\"https:\/\/www.pressenza.com\/de\/\",\"name\":\"Pressenza\",\"description\":\"International Press Agency\",\"publisher\":{\"@id\":\"https:\/\/www.pressenza.com\/de\/#organization\"},\"potentialAction\":[{\"@type\":\"SearchAction\",\"target\":{\"@type\":\"EntryPoint\",\"urlTemplate\":\"https:\/\/www.pressenza.com\/de\/?s={search_term_string}\"},\"query-input\":{\"@type\":\"PropertyValueSpecification\",\"valueRequired\":true,\"valueName\":\"search_term_string\"}}],\"inLanguage\":\"de\"},{\"@type\":\"Organization\",\"@id\":\"https:\/\/www.pressenza.com\/de\/#organization\",\"name\":\"Pressenza\",\"url\":\"https:\/\/www.pressenza.com\/de\/\",\"logo\":{\"@type\":\"ImageObject\",\"inLanguage\":\"de\",\"@id\":\"https:\/\/www.pressenza.com\/de\/#\/schema\/logo\/image\/\",\"url\":\"https:\/\/www.pressenza.com\/wp-content\/uploads\/2022\/10\/pressenza_logo_200x200.jpg\",\"contentUrl\":\"https:\/\/www.pressenza.com\/wp-content\/uploads\/2022\/10\/pressenza_logo_200x200.jpg\",\"width\":200,\"height\":200,\"caption\":\"Pressenza\"},\"image\":{\"@id\":\"https:\/\/www.pressenza.com\/de\/#\/schema\/logo\/image\/\"},\"sameAs\":[\"https:\/\/www.facebook.com\/PressenzaItalia\",\"https:\/\/x.com\/PressenzaIPA\"]},{\"@type\":\"Person\",\"@id\":\"https:\/\/www.pressenza.com\/de\/#\/schema\/person\/65976e5880ee37f0ffc0cea7b0d6f456\",\"name\":\"GERMAN-FOREIGN-POLICY.com\",\"description\":\"Information on German Foreign Policy Articles and photographs by german-foreign-policy.com on Pressenza do not fall under the Creative Commons license and are not reproducible in any way. \\\"Information on German Foreign Policy\\\" (german-foreign-policy.com) is compiled by a group of independent journalists and social scientists who observe, on an ongoing basis, Germany's renewed attempts to regain great power status in the economic, military and political arena.\",\"url\":\"https:\/\/www.pressenza.com\/de\/author\/german-foreign-policy-com\/\"}]}<\/script>\n<!-- \/ Yoast SEO plugin. -->","yoast_head_json":{"title":"Die Truppenreduzierungsdebatte","description":"Berliner Regierungsberater: Washington k\u00f6nnte US-St\u00fctzpunkte in Europa schlie\u00dfen, um sich noch offensiver gegen China zu richten. Berliner","robots":{"index":"index","follow":"follow","max-snippet":"max-snippet:-1","max-image-preview":"max-image-preview:large","max-video-preview":"max-video-preview:-1"},"canonical":"https:\/\/www.pressenza.com\/de\/2020\/06\/die-truppenreduzierungsdebatte\/","og_locale":"de_DE","og_type":"article","og_title":"Die Truppenreduzierungsdebatte","og_description":"Berliner Regierungsberater: Washington k\u00f6nnte US-St\u00fctzpunkte in Europa schlie\u00dfen, um sich noch offensiver gegen China zu richten. Berliner","og_url":"https:\/\/www.pressenza.com\/de\/2020\/06\/die-truppenreduzierungsdebatte\/","og_site_name":"Pressenza","article_publisher":"https:\/\/www.facebook.com\/PressenzaItalia","article_published_time":"2020-06-09T17:03:03+00:00","og_image":[{"width":750,"height":415,"url":"https:\/\/www.pressenza.com\/wp-content\/uploads\/2020\/06\/Truppenabzugsdebatte.jpg","type":"image\/jpeg"}],"author":"GERMAN-FOREIGN-POLICY.com","twitter_card":"summary_large_image","twitter_creator":"@PressenzaIPA","twitter_site":"@PressenzaIPA","twitter_misc":{"Verfasst von":"GERMAN-FOREIGN-POLICY.com","Gesch\u00e4tzte Lesezeit":"6\u00a0Minuten"},"schema":{"@context":"https:\/\/schema.org","@graph":[{"@type":"Article","@id":"https:\/\/www.pressenza.com\/de\/2020\/06\/die-truppenreduzierungsdebatte\/#article","isPartOf":{"@id":"https:\/\/www.pressenza.com\/de\/2020\/06\/die-truppenreduzierungsdebatte\/"},"author":{"name":"GERMAN-FOREIGN-POLICY.com","@id":"https:\/\/www.pressenza.com\/de\/#\/schema\/person\/65976e5880ee37f0ffc0cea7b0d6f456"},"headline":"Die Truppenreduzierungsdebatte","datePublished":"2020-06-09T17:03:03+00:00","mainEntityOfPage":{"@id":"https:\/\/www.pressenza.com\/de\/2020\/06\/die-truppenreduzierungsdebatte\/"},"wordCount":1216,"publisher":{"@id":"https:\/\/www.pressenza.com\/de\/#organization"},"image":{"@id":"https:\/\/www.pressenza.com\/de\/2020\/06\/die-truppenreduzierungsdebatte\/#primaryimage"},"thumbnailUrl":"https:\/\/www.pressenza.com\/wp-content\/uploads\/2020\/06\/Truppenabzugsdebatte.jpg","keywords":["AFRICOM","Air Base Ramstein","Deutschland","Drohnenkrieg","EUCOM","Truppenabzug","Truppenreduzierung","US-Milit\u00e4rbasen","USA"],"articleSection":["Europa","Frieden und Abr\u00fcstung","Politik"],"inLanguage":"de"},{"@type":"WebPage","@id":"https:\/\/www.pressenza.com\/de\/2020\/06\/die-truppenreduzierungsdebatte\/","url":"https:\/\/www.pressenza.com\/de\/2020\/06\/die-truppenreduzierungsdebatte\/","name":"Die Truppenreduzierungsdebatte","isPartOf":{"@id":"https:\/\/www.pressenza.com\/de\/#website"},"primaryImageOfPage":{"@id":"https:\/\/www.pressenza.com\/de\/2020\/06\/die-truppenreduzierungsdebatte\/#primaryimage"},"image":{"@id":"https:\/\/www.pressenza.com\/de\/2020\/06\/die-truppenreduzierungsdebatte\/#primaryimage"},"thumbnailUrl":"https:\/\/www.pressenza.com\/wp-content\/uploads\/2020\/06\/Truppenabzugsdebatte.jpg","datePublished":"2020-06-09T17:03:03+00:00","description":"Berliner Regierungsberater: Washington k\u00f6nnte US-St\u00fctzpunkte in Europa schlie\u00dfen, um sich noch offensiver gegen China zu richten. Berliner","breadcrumb":{"@id":"https:\/\/www.pressenza.com\/de\/2020\/06\/die-truppenreduzierungsdebatte\/#breadcrumb"},"inLanguage":"de","potentialAction":[{"@type":"ReadAction","target":["https:\/\/www.pressenza.com\/de\/2020\/06\/die-truppenreduzierungsdebatte\/"]}]},{"@type":"ImageObject","inLanguage":"de","@id":"https:\/\/www.pressenza.com\/de\/2020\/06\/die-truppenreduzierungsdebatte\/#primaryimage","url":"https:\/\/www.pressenza.com\/wp-content\/uploads\/2020\/06\/Truppenabzugsdebatte.jpg","contentUrl":"https:\/\/www.pressenza.com\/wp-content\/uploads\/2020\/06\/Truppenabzugsdebatte.jpg","width":750,"height":415,"caption":"Die Truppenreduzierungsdebatte"},{"@type":"BreadcrumbList","@id":"https:\/\/www.pressenza.com\/de\/2020\/06\/die-truppenreduzierungsdebatte\/#breadcrumb","itemListElement":[{"@type":"ListItem","position":1,"name":"Accueil","item":"https:\/\/www.pressenza.com\/de\/"},{"@type":"ListItem","position":2,"name":"Die Truppenreduzierungsdebatte"}]},{"@type":"WebSite","@id":"https:\/\/www.pressenza.com\/de\/#website","url":"https:\/\/www.pressenza.com\/de\/","name":"Pressenza","description":"International Press Agency","publisher":{"@id":"https:\/\/www.pressenza.com\/de\/#organization"},"potentialAction":[{"@type":"SearchAction","target":{"@type":"EntryPoint","urlTemplate":"https:\/\/www.pressenza.com\/de\/?s={search_term_string}"},"query-input":{"@type":"PropertyValueSpecification","valueRequired":true,"valueName":"search_term_string"}}],"inLanguage":"de"},{"@type":"Organization","@id":"https:\/\/www.pressenza.com\/de\/#organization","name":"Pressenza","url":"https:\/\/www.pressenza.com\/de\/","logo":{"@type":"ImageObject","inLanguage":"de","@id":"https:\/\/www.pressenza.com\/de\/#\/schema\/logo\/image\/","url":"https:\/\/www.pressenza.com\/wp-content\/uploads\/2022\/10\/pressenza_logo_200x200.jpg","contentUrl":"https:\/\/www.pressenza.com\/wp-content\/uploads\/2022\/10\/pressenza_logo_200x200.jpg","width":200,"height":200,"caption":"Pressenza"},"image":{"@id":"https:\/\/www.pressenza.com\/de\/#\/schema\/logo\/image\/"},"sameAs":["https:\/\/www.facebook.com\/PressenzaItalia","https:\/\/x.com\/PressenzaIPA"]},{"@type":"Person","@id":"https:\/\/www.pressenza.com\/de\/#\/schema\/person\/65976e5880ee37f0ffc0cea7b0d6f456","name":"GERMAN-FOREIGN-POLICY.com","description":"Information on German Foreign Policy Articles and photographs by german-foreign-policy.com on Pressenza do not fall under the Creative Commons license and are not reproducible in any way. \"Information on German Foreign Policy\" (german-foreign-policy.com) is compiled by a group of independent journalists and social scientists who observe, on an ongoing basis, Germany's renewed attempts to regain great power status in the economic, military and political arena.","url":"https:\/\/www.pressenza.com\/de\/author\/german-foreign-policy-com\/"}]}},"place":"","original_article_url":"https:\/\/www.german-foreign-policy.com\/news\/detail\/8300\/","_links":{"self":[{"href":"https:\/\/www.pressenza.com\/de\/wp-json\/wp\/v2\/posts\/1131524","targetHints":{"allow":["GET"]}}],"collection":[{"href":"https:\/\/www.pressenza.com\/de\/wp-json\/wp\/v2\/posts"}],"about":[{"href":"https:\/\/www.pressenza.com\/de\/wp-json\/wp\/v2\/types\/post"}],"author":[{"embeddable":true,"href":"https:\/\/www.pressenza.com\/de\/wp-json\/wp\/v2\/users\/1516"}],"replies":[{"embeddable":true,"href":"https:\/\/www.pressenza.com\/de\/wp-json\/wp\/v2\/comments?post=1131524"}],"version-history":[{"count":0,"href":"https:\/\/www.pressenza.com\/de\/wp-json\/wp\/v2\/posts\/1131524\/revisions"}],"wp:featuredmedia":[{"embeddable":true,"href":"https:\/\/www.pressenza.com\/de\/wp-json\/wp\/v2\/media\/1131537"}],"wp:attachment":[{"href":"https:\/\/www.pressenza.com\/de\/wp-json\/wp\/v2\/media?parent=1131524"}],"wp:term":[{"taxonomy":"category","embeddable":true,"href":"https:\/\/www.pressenza.com\/de\/wp-json\/wp\/v2\/categories?post=1131524"},{"taxonomy":"post_tag","embeddable":true,"href":"https:\/\/www.pressenza.com\/de\/wp-json\/wp\/v2\/tags?post=1131524"}],"curies":[{"name":"wp","href":"https:\/\/api.w.org\/{rel}","templated":true}]}}