{"id":112359,"date":"2014-06-10T16:20:29","date_gmt":"2014-06-10T15:20:29","guid":{"rendered":"http:\/\/www.pressenza.com\/?p=112359"},"modified":"2014-06-10T16:23:14","modified_gmt":"2014-06-10T15:23:14","slug":"vertreter-von-verdingkinder-erklart-den-runden-tisch-als-gescheitert","status":"publish","type":"post","link":"https:\/\/www.pressenza.com\/de\/2014\/06\/vertreter-von-verdingkinder-erklart-den-runden-tisch-als-gescheitert\/","title":{"rendered":"Vertreter von Verdingkinder  erkl\u00e4rt den runden Tisch als gescheitert"},"content":{"rendered":"<p><strong>Ein d\u00fcsteres Kapitel der schweizerischen Sozialgeschichte soll aufgearbeitet werden. <\/strong><\/p>\n<p>Gem\u00e4ss der <a href=\"http:\/\/www.fuersorgerischezwangsmassnahmen.ch\">Webseite des Delegierten f\u00fcr Opfer von f\u00fcrsorgerischen Zwangsmassnahmen<\/a> sei die Schweiz gegenw\u00e4rtig daran, ein d\u00fcsteres Kapitel ihrer Sozialgeschichte aufzuarbeiten. Es geht um das Schicksal von Kindern und Jugendlichen, die vor 1981 von f\u00fcrsorgerischen Zwangsmassnahmen (FSZM) oder Fremdplatzierungen betroffen waren. Zu den Betroffenen z\u00e4hlen etwa Verdingkinder, Heimkinder, administrativ Versorgte (Personen, die im Rahmen administrativer Massnahmen in geschlossene Anstalten, zum Teil sogar in Strafanstalten eingewiesen worden sind), Personen, deren Reproduktionsrechte verletzt worden sind (unter Zwang oder ohne Zustimmung erfolgte Abtreibungen, Sterilisierungen, Kastrationen), Zwangsadoptierte, Fahrende, etc.<\/p>\n<p>Der Verein <a href=\"http:\/\/www.netzwerk-verdingt.ch\/\">netzwerk-verdingt<\/a> taxiert gem\u00e4ss Medienmitteilung den runden Tisch als gescheitert zieht und sich nach interner Beratung ab sofort vom runden Tisch mit dem Thema f\u00fcrsorgerische Zwangsmassnahmen zur\u00fcck. Die Hauptschuld daran trage der Delegierte des Bundes: Luzius Mader.<\/p>\n<p>Der Verein kritisiert den stellvertretenden Direktor des Bundesamtes f\u00fcr Justiz mit harten Worten. Mader sei ein parteiischer, humorloser, in sich erstarrter Verwaltungs- und Machtmensch, der trotz Beteuerungen stets klar auf der Seite der T\u00e4ter und nicht der Opfer sei. Diverse ihm pers\u00f6nlich nicht genehme Alternativen w\u00fcrden diskussionslos abgew\u00fcrgt, eine weitere Teilnahme in diesem Gremium k\u00e4me einem Verrat an den Betroffenen gleich, so die Stellungnahme des Vereins.<\/p>\n<p>Luzius Mader selber zeigte sich gem\u00e4ss SDA von dieser Entwicklung \u00fcberrascht und will mit dem Verein das Gespr\u00e4ch suchen. Seiner Meinung nach ist der runde Tisch nicht gescheitert.<\/p>\n<p>Der Verein hat bereits vor \u00fcber einem Jahr bei der Lancierung des runden Tisches klar gemacht, dass er sich von nichts und niemand \u00fcber den Tisch ziehen lassen wolle. Frau Sommaruga habe leider leider in der Person des aktuellen Delegierten f\u00e4lschlicherweise einen diktatorischen Apparatschik und Zensor nominierte, der mit der Praxis des Amtszwangs sympathisiere. Die Betroffenen wollen weder einen Verhinderer, eine erneute Bevormundung noch eine Zwangsjacke. Sie erhofften sich in dieser Funktion vielmehr eine integre, unabh\u00e4ngige Person, welche eine echte Diskussionsplattform leitet und konstruktiv mitarbeitet.<\/p>\n<p>Der Verein netzwerk-verdingt setzt als gr\u00f6sste Betroffenenorganisation dagegen klar auf die von der Guido-Fluri-Stiftung lancierte <a href=\"http:\/\/www.wiedergutmachung.ch\">Wiedergutmachungsinitiative<\/a>. <em>&#8222;Hier ist ein vision\u00e4res Team am Werk, das sich engagiert f\u00fcr die Opfer der staatlichen Willk\u00fcr einsetzt, zuh\u00f6rt, ihre Anliegen versteht und Br\u00fccken baut.&#8220;<\/em><\/p>\n","protected":false},"excerpt":{"rendered":"<p>Ein d\u00fcsteres Kapitel der schweizerischen Sozialgeschichte soll aufgearbeitet werden. Gem\u00e4ss der Webseite des Delegierten f\u00fcr Opfer von f\u00fcrsorgerischen Zwangsmassnahmen sei die Schweiz gegenw\u00e4rtig daran, ein d\u00fcsteres Kapitel ihrer Sozialgeschichte aufzuarbeiten. Es geht um das Schicksal von Kindern und Jugendlichen, die&hellip;<\/p>\n","protected":false},"author":1089,"featured_media":112369,"comment_status":"closed","ping_status":"open","sticky":false,"template":"","format":"standard","meta":{"footnotes":""},"categories":[9150,7835,9161,9145,9165],"tags":[10234,10928,10236,10929],"class_list":["post-112359","post","type-post","status-publish","format-standard","has-post-thumbnail","hentry","category-europa-de","category-international-de","category-menschenrechte","category-pressemitteilungen","category-vielfalt","tag-fahrende-en-de","tag-fursorgerischen-zwangsmassnahmen-de","tag-schweiz-en-de","tag-verdingkinder-en-de"],"yoast_head":"<!-- This site is optimized with the Yoast SEO plugin v27.1.1 - https:\/\/yoast.com\/product\/yoast-seo-wordpress\/ -->\n<title>Vertreter von Verdingkinder erkl\u00e4rt den runden Tisch als gescheitert<\/title>\n<meta name=\"description\" content=\"Ein d\u00fcsteres Kapitel der schweizerischen Sozialgeschichte soll aufgearbeitet werden. Gem\u00e4ss der Webseite des Delegierten f\u00fcr Opfer von f\u00fcrsorgerischen\" \/>\n<meta name=\"robots\" content=\"index, follow, max-snippet:-1, max-image-preview:large, max-video-preview:-1\" \/>\n<link rel=\"canonical\" href=\"https:\/\/www.pressenza.com\/de\/2014\/06\/vertreter-von-verdingkinder-erklart-den-runden-tisch-als-gescheitert\/\" \/>\n<meta property=\"og:locale\" content=\"de_DE\" \/>\n<meta property=\"og:type\" content=\"article\" \/>\n<meta property=\"og:title\" content=\"Vertreter von Verdingkinder erkl\u00e4rt den runden Tisch als gescheitert\" \/>\n<meta property=\"og:description\" content=\"Ein d\u00fcsteres Kapitel der schweizerischen Sozialgeschichte soll aufgearbeitet werden. Gem\u00e4ss der Webseite des Delegierten f\u00fcr Opfer von f\u00fcrsorgerischen\" \/>\n<meta property=\"og:url\" content=\"https:\/\/www.pressenza.com\/de\/2014\/06\/vertreter-von-verdingkinder-erklart-den-runden-tisch-als-gescheitert\/\" \/>\n<meta property=\"og:site_name\" content=\"Pressenza\" \/>\n<meta property=\"article:publisher\" content=\"https:\/\/www.facebook.com\/PressenzaItalia\" \/>\n<meta property=\"article:author\" content=\"https:\/\/www.facebook.com\/rthumiger\" \/>\n<meta property=\"article:published_time\" content=\"2014-06-10T15:20:29+00:00\" \/>\n<meta property=\"article:modified_time\" content=\"2014-06-10T15:23:14+00:00\" \/>\n<meta property=\"og:image\" content=\"https:\/\/www.pressenza.com\/wp-content\/uploads\/2014\/06\/widergutmachung-600x145.jpg\" \/>\n\t<meta property=\"og:image:width\" content=\"600\" \/>\n\t<meta property=\"og:image:height\" content=\"145\" \/>\n\t<meta property=\"og:image:type\" content=\"image\/jpeg\" \/>\n<meta name=\"author\" content=\"Reto Thumiger\" \/>\n<meta name=\"twitter:card\" content=\"summary_large_image\" \/>\n<meta name=\"twitter:creator\" content=\"@pressenza_ger\" \/>\n<meta name=\"twitter:site\" content=\"@PressenzaIPA\" \/>\n<meta name=\"twitter:label1\" content=\"Verfasst von\" \/>\n\t<meta name=\"twitter:data1\" content=\"Reto Thumiger\" \/>\n\t<meta name=\"twitter:label2\" content=\"Gesch\u00e4tzte Lesezeit\" \/>\n\t<meta name=\"twitter:data2\" content=\"2\u00a0Minuten\" \/>\n<script type=\"application\/ld+json\" class=\"yoast-schema-graph\">{\"@context\":\"https:\/\/schema.org\",\"@graph\":[{\"@type\":\"Article\",\"@id\":\"https:\/\/www.pressenza.com\/de\/2014\/06\/vertreter-von-verdingkinder-erklart-den-runden-tisch-als-gescheitert\/#article\",\"isPartOf\":{\"@id\":\"https:\/\/www.pressenza.com\/de\/2014\/06\/vertreter-von-verdingkinder-erklart-den-runden-tisch-als-gescheitert\/\"},\"author\":{\"name\":\"Reto Thumiger\",\"@id\":\"https:\/\/www.pressenza.com\/de\/#\/schema\/person\/e233667f8b5764bd84b766de5286a5fa\"},\"headline\":\"Vertreter von Verdingkinder erkl\u00e4rt den runden Tisch als gescheitert\",\"datePublished\":\"2014-06-10T15:20:29+00:00\",\"dateModified\":\"2014-06-10T15:23:14+00:00\",\"mainEntityOfPage\":{\"@id\":\"https:\/\/www.pressenza.com\/de\/2014\/06\/vertreter-von-verdingkinder-erklart-den-runden-tisch-als-gescheitert\/\"},\"wordCount\":387,\"publisher\":{\"@id\":\"https:\/\/www.pressenza.com\/de\/#organization\"},\"image\":{\"@id\":\"https:\/\/www.pressenza.com\/de\/2014\/06\/vertreter-von-verdingkinder-erklart-den-runden-tisch-als-gescheitert\/#primaryimage\"},\"thumbnailUrl\":\"https:\/\/www.pressenza.com\/wp-content\/uploads\/2014\/06\/widergutmachung-600x145.jpg\",\"keywords\":[\"Fahrende\",\"f\u00fcrsorgerischen Zwangsmassnahmen\",\"Schweiz\",\"verdingkinder\"],\"articleSection\":[\"Europa\",\"International\",\"Menschenrechte\",\"Pressemitteilungen\",\"Vielfalt\"],\"inLanguage\":\"de\"},{\"@type\":\"WebPage\",\"@id\":\"https:\/\/www.pressenza.com\/de\/2014\/06\/vertreter-von-verdingkinder-erklart-den-runden-tisch-als-gescheitert\/\",\"url\":\"https:\/\/www.pressenza.com\/de\/2014\/06\/vertreter-von-verdingkinder-erklart-den-runden-tisch-als-gescheitert\/\",\"name\":\"Vertreter von Verdingkinder erkl\u00e4rt den runden Tisch als gescheitert\",\"isPartOf\":{\"@id\":\"https:\/\/www.pressenza.com\/de\/#website\"},\"primaryImageOfPage\":{\"@id\":\"https:\/\/www.pressenza.com\/de\/2014\/06\/vertreter-von-verdingkinder-erklart-den-runden-tisch-als-gescheitert\/#primaryimage\"},\"image\":{\"@id\":\"https:\/\/www.pressenza.com\/de\/2014\/06\/vertreter-von-verdingkinder-erklart-den-runden-tisch-als-gescheitert\/#primaryimage\"},\"thumbnailUrl\":\"https:\/\/www.pressenza.com\/wp-content\/uploads\/2014\/06\/widergutmachung-600x145.jpg\",\"datePublished\":\"2014-06-10T15:20:29+00:00\",\"dateModified\":\"2014-06-10T15:23:14+00:00\",\"description\":\"Ein d\u00fcsteres Kapitel der schweizerischen Sozialgeschichte soll aufgearbeitet werden. Gem\u00e4ss der Webseite des Delegierten f\u00fcr Opfer von f\u00fcrsorgerischen\",\"breadcrumb\":{\"@id\":\"https:\/\/www.pressenza.com\/de\/2014\/06\/vertreter-von-verdingkinder-erklart-den-runden-tisch-als-gescheitert\/#breadcrumb\"},\"inLanguage\":\"de\",\"potentialAction\":[{\"@type\":\"ReadAction\",\"target\":[\"https:\/\/www.pressenza.com\/de\/2014\/06\/vertreter-von-verdingkinder-erklart-den-runden-tisch-als-gescheitert\/\"]}]},{\"@type\":\"ImageObject\",\"inLanguage\":\"de\",\"@id\":\"https:\/\/www.pressenza.com\/de\/2014\/06\/vertreter-von-verdingkinder-erklart-den-runden-tisch-als-gescheitert\/#primaryimage\",\"url\":\"https:\/\/www.pressenza.com\/wp-content\/uploads\/2014\/06\/widergutmachung-600x145.jpg\",\"contentUrl\":\"https:\/\/www.pressenza.com\/wp-content\/uploads\/2014\/06\/widergutmachung-600x145.jpg\",\"width\":600,\"height\":145},{\"@type\":\"BreadcrumbList\",\"@id\":\"https:\/\/www.pressenza.com\/de\/2014\/06\/vertreter-von-verdingkinder-erklart-den-runden-tisch-als-gescheitert\/#breadcrumb\",\"itemListElement\":[{\"@type\":\"ListItem\",\"position\":1,\"name\":\"Accueil\",\"item\":\"https:\/\/www.pressenza.com\/de\/\"},{\"@type\":\"ListItem\",\"position\":2,\"name\":\"Vertreter von Verdingkinder erkl\u00e4rt den runden Tisch als gescheitert\"}]},{\"@type\":\"WebSite\",\"@id\":\"https:\/\/www.pressenza.com\/de\/#website\",\"url\":\"https:\/\/www.pressenza.com\/de\/\",\"name\":\"Pressenza\",\"description\":\"International Press Agency\",\"publisher\":{\"@id\":\"https:\/\/www.pressenza.com\/de\/#organization\"},\"potentialAction\":[{\"@type\":\"SearchAction\",\"target\":{\"@type\":\"EntryPoint\",\"urlTemplate\":\"https:\/\/www.pressenza.com\/de\/?s={search_term_string}\"},\"query-input\":{\"@type\":\"PropertyValueSpecification\",\"valueRequired\":true,\"valueName\":\"search_term_string\"}}],\"inLanguage\":\"de\"},{\"@type\":\"Organization\",\"@id\":\"https:\/\/www.pressenza.com\/de\/#organization\",\"name\":\"Pressenza\",\"url\":\"https:\/\/www.pressenza.com\/de\/\",\"logo\":{\"@type\":\"ImageObject\",\"inLanguage\":\"de\",\"@id\":\"https:\/\/www.pressenza.com\/de\/#\/schema\/logo\/image\/\",\"url\":\"https:\/\/www.pressenza.com\/wp-content\/uploads\/2022\/10\/pressenza_logo_200x200.jpg\",\"contentUrl\":\"https:\/\/www.pressenza.com\/wp-content\/uploads\/2022\/10\/pressenza_logo_200x200.jpg\",\"width\":200,\"height\":200,\"caption\":\"Pressenza\"},\"image\":{\"@id\":\"https:\/\/www.pressenza.com\/de\/#\/schema\/logo\/image\/\"},\"sameAs\":[\"https:\/\/www.facebook.com\/PressenzaItalia\",\"https:\/\/x.com\/PressenzaIPA\"]},{\"@type\":\"Person\",\"@id\":\"https:\/\/www.pressenza.com\/de\/#\/schema\/person\/e233667f8b5764bd84b766de5286a5fa\",\"name\":\"Reto Thumiger\",\"description\":\"The Swiss-born business administrator has been an activist for the New Humanism for over 25 years. He is committed to the promotion of cultural diversity, equal rights and the creation of equal opportunities for all people. He is committed to an internal and external revolution based on active non-violence. Through his voluntary work at Pressenza, he endeavours to contribute to overcoming violence through journalism that focuses on peace and non-violence.\",\"sameAs\":[\"http:\/\/www.pressenza.com\/de\",\"https:\/\/www.facebook.com\/rthumiger\",\"https:\/\/x.com\/pressenza_ger\"],\"url\":\"https:\/\/www.pressenza.com\/de\/author\/reto-thumiger\/\"}]}<\/script>\n<!-- \/ Yoast SEO plugin. -->","yoast_head_json":{"title":"Vertreter von Verdingkinder erkl\u00e4rt den runden Tisch als gescheitert","description":"Ein d\u00fcsteres Kapitel der schweizerischen Sozialgeschichte soll aufgearbeitet werden. Gem\u00e4ss der Webseite des Delegierten f\u00fcr Opfer von f\u00fcrsorgerischen","robots":{"index":"index","follow":"follow","max-snippet":"max-snippet:-1","max-image-preview":"max-image-preview:large","max-video-preview":"max-video-preview:-1"},"canonical":"https:\/\/www.pressenza.com\/de\/2014\/06\/vertreter-von-verdingkinder-erklart-den-runden-tisch-als-gescheitert\/","og_locale":"de_DE","og_type":"article","og_title":"Vertreter von Verdingkinder erkl\u00e4rt den runden Tisch als gescheitert","og_description":"Ein d\u00fcsteres Kapitel der schweizerischen Sozialgeschichte soll aufgearbeitet werden. Gem\u00e4ss der Webseite des Delegierten f\u00fcr Opfer von f\u00fcrsorgerischen","og_url":"https:\/\/www.pressenza.com\/de\/2014\/06\/vertreter-von-verdingkinder-erklart-den-runden-tisch-als-gescheitert\/","og_site_name":"Pressenza","article_publisher":"https:\/\/www.facebook.com\/PressenzaItalia","article_author":"https:\/\/www.facebook.com\/rthumiger","article_published_time":"2014-06-10T15:20:29+00:00","article_modified_time":"2014-06-10T15:23:14+00:00","og_image":[{"width":600,"height":145,"url":"https:\/\/www.pressenza.com\/wp-content\/uploads\/2014\/06\/widergutmachung-600x145.jpg","type":"image\/jpeg"}],"author":"Reto Thumiger","twitter_card":"summary_large_image","twitter_creator":"@pressenza_ger","twitter_site":"@PressenzaIPA","twitter_misc":{"Verfasst von":"Reto Thumiger","Gesch\u00e4tzte Lesezeit":"2\u00a0Minuten"},"schema":{"@context":"https:\/\/schema.org","@graph":[{"@type":"Article","@id":"https:\/\/www.pressenza.com\/de\/2014\/06\/vertreter-von-verdingkinder-erklart-den-runden-tisch-als-gescheitert\/#article","isPartOf":{"@id":"https:\/\/www.pressenza.com\/de\/2014\/06\/vertreter-von-verdingkinder-erklart-den-runden-tisch-als-gescheitert\/"},"author":{"name":"Reto Thumiger","@id":"https:\/\/www.pressenza.com\/de\/#\/schema\/person\/e233667f8b5764bd84b766de5286a5fa"},"headline":"Vertreter von Verdingkinder erkl\u00e4rt den runden Tisch als gescheitert","datePublished":"2014-06-10T15:20:29+00:00","dateModified":"2014-06-10T15:23:14+00:00","mainEntityOfPage":{"@id":"https:\/\/www.pressenza.com\/de\/2014\/06\/vertreter-von-verdingkinder-erklart-den-runden-tisch-als-gescheitert\/"},"wordCount":387,"publisher":{"@id":"https:\/\/www.pressenza.com\/de\/#organization"},"image":{"@id":"https:\/\/www.pressenza.com\/de\/2014\/06\/vertreter-von-verdingkinder-erklart-den-runden-tisch-als-gescheitert\/#primaryimage"},"thumbnailUrl":"https:\/\/www.pressenza.com\/wp-content\/uploads\/2014\/06\/widergutmachung-600x145.jpg","keywords":["Fahrende","f\u00fcrsorgerischen Zwangsmassnahmen","Schweiz","verdingkinder"],"articleSection":["Europa","International","Menschenrechte","Pressemitteilungen","Vielfalt"],"inLanguage":"de"},{"@type":"WebPage","@id":"https:\/\/www.pressenza.com\/de\/2014\/06\/vertreter-von-verdingkinder-erklart-den-runden-tisch-als-gescheitert\/","url":"https:\/\/www.pressenza.com\/de\/2014\/06\/vertreter-von-verdingkinder-erklart-den-runden-tisch-als-gescheitert\/","name":"Vertreter von Verdingkinder erkl\u00e4rt den runden Tisch als gescheitert","isPartOf":{"@id":"https:\/\/www.pressenza.com\/de\/#website"},"primaryImageOfPage":{"@id":"https:\/\/www.pressenza.com\/de\/2014\/06\/vertreter-von-verdingkinder-erklart-den-runden-tisch-als-gescheitert\/#primaryimage"},"image":{"@id":"https:\/\/www.pressenza.com\/de\/2014\/06\/vertreter-von-verdingkinder-erklart-den-runden-tisch-als-gescheitert\/#primaryimage"},"thumbnailUrl":"https:\/\/www.pressenza.com\/wp-content\/uploads\/2014\/06\/widergutmachung-600x145.jpg","datePublished":"2014-06-10T15:20:29+00:00","dateModified":"2014-06-10T15:23:14+00:00","description":"Ein d\u00fcsteres Kapitel der schweizerischen Sozialgeschichte soll aufgearbeitet werden. Gem\u00e4ss der Webseite des Delegierten f\u00fcr Opfer von f\u00fcrsorgerischen","breadcrumb":{"@id":"https:\/\/www.pressenza.com\/de\/2014\/06\/vertreter-von-verdingkinder-erklart-den-runden-tisch-als-gescheitert\/#breadcrumb"},"inLanguage":"de","potentialAction":[{"@type":"ReadAction","target":["https:\/\/www.pressenza.com\/de\/2014\/06\/vertreter-von-verdingkinder-erklart-den-runden-tisch-als-gescheitert\/"]}]},{"@type":"ImageObject","inLanguage":"de","@id":"https:\/\/www.pressenza.com\/de\/2014\/06\/vertreter-von-verdingkinder-erklart-den-runden-tisch-als-gescheitert\/#primaryimage","url":"https:\/\/www.pressenza.com\/wp-content\/uploads\/2014\/06\/widergutmachung-600x145.jpg","contentUrl":"https:\/\/www.pressenza.com\/wp-content\/uploads\/2014\/06\/widergutmachung-600x145.jpg","width":600,"height":145},{"@type":"BreadcrumbList","@id":"https:\/\/www.pressenza.com\/de\/2014\/06\/vertreter-von-verdingkinder-erklart-den-runden-tisch-als-gescheitert\/#breadcrumb","itemListElement":[{"@type":"ListItem","position":1,"name":"Accueil","item":"https:\/\/www.pressenza.com\/de\/"},{"@type":"ListItem","position":2,"name":"Vertreter von Verdingkinder erkl\u00e4rt den runden Tisch als gescheitert"}]},{"@type":"WebSite","@id":"https:\/\/www.pressenza.com\/de\/#website","url":"https:\/\/www.pressenza.com\/de\/","name":"Pressenza","description":"International Press Agency","publisher":{"@id":"https:\/\/www.pressenza.com\/de\/#organization"},"potentialAction":[{"@type":"SearchAction","target":{"@type":"EntryPoint","urlTemplate":"https:\/\/www.pressenza.com\/de\/?s={search_term_string}"},"query-input":{"@type":"PropertyValueSpecification","valueRequired":true,"valueName":"search_term_string"}}],"inLanguage":"de"},{"@type":"Organization","@id":"https:\/\/www.pressenza.com\/de\/#organization","name":"Pressenza","url":"https:\/\/www.pressenza.com\/de\/","logo":{"@type":"ImageObject","inLanguage":"de","@id":"https:\/\/www.pressenza.com\/de\/#\/schema\/logo\/image\/","url":"https:\/\/www.pressenza.com\/wp-content\/uploads\/2022\/10\/pressenza_logo_200x200.jpg","contentUrl":"https:\/\/www.pressenza.com\/wp-content\/uploads\/2022\/10\/pressenza_logo_200x200.jpg","width":200,"height":200,"caption":"Pressenza"},"image":{"@id":"https:\/\/www.pressenza.com\/de\/#\/schema\/logo\/image\/"},"sameAs":["https:\/\/www.facebook.com\/PressenzaItalia","https:\/\/x.com\/PressenzaIPA"]},{"@type":"Person","@id":"https:\/\/www.pressenza.com\/de\/#\/schema\/person\/e233667f8b5764bd84b766de5286a5fa","name":"Reto Thumiger","description":"The Swiss-born business administrator has been an activist for the New Humanism for over 25 years. He is committed to the promotion of cultural diversity, equal rights and the creation of equal opportunities for all people. He is committed to an internal and external revolution based on active non-violence. Through his voluntary work at Pressenza, he endeavours to contribute to overcoming violence through journalism that focuses on peace and non-violence.","sameAs":["http:\/\/www.pressenza.com\/de","https:\/\/www.facebook.com\/rthumiger","https:\/\/x.com\/pressenza_ger"],"url":"https:\/\/www.pressenza.com\/de\/author\/reto-thumiger\/"}]}},"place":"","original_article_url":"","_links":{"self":[{"href":"https:\/\/www.pressenza.com\/de\/wp-json\/wp\/v2\/posts\/112359","targetHints":{"allow":["GET"]}}],"collection":[{"href":"https:\/\/www.pressenza.com\/de\/wp-json\/wp\/v2\/posts"}],"about":[{"href":"https:\/\/www.pressenza.com\/de\/wp-json\/wp\/v2\/types\/post"}],"author":[{"embeddable":true,"href":"https:\/\/www.pressenza.com\/de\/wp-json\/wp\/v2\/users\/1089"}],"replies":[{"embeddable":true,"href":"https:\/\/www.pressenza.com\/de\/wp-json\/wp\/v2\/comments?post=112359"}],"version-history":[{"count":0,"href":"https:\/\/www.pressenza.com\/de\/wp-json\/wp\/v2\/posts\/112359\/revisions"}],"wp:featuredmedia":[{"embeddable":true,"href":"https:\/\/www.pressenza.com\/de\/wp-json\/wp\/v2\/media\/112369"}],"wp:attachment":[{"href":"https:\/\/www.pressenza.com\/de\/wp-json\/wp\/v2\/media?parent=112359"}],"wp:term":[{"taxonomy":"category","embeddable":true,"href":"https:\/\/www.pressenza.com\/de\/wp-json\/wp\/v2\/categories?post=112359"},{"taxonomy":"post_tag","embeddable":true,"href":"https:\/\/www.pressenza.com\/de\/wp-json\/wp\/v2\/tags?post=112359"}],"curies":[{"name":"wp","href":"https:\/\/api.w.org\/{rel}","templated":true}]}}