{"id":111788,"date":"2014-06-07T15:49:17","date_gmt":"2014-06-07T14:49:17","guid":{"rendered":"http:\/\/www.pressenza.com\/?p=111788"},"modified":"2014-06-07T15:56:55","modified_gmt":"2014-06-07T14:56:55","slug":"marsch-fuer-freiheit-fluechtlinge-sind-polizeibrutalitaet-ausgesetzt-auf-ihrem-weg-nach-bruessel","status":"publish","type":"post","link":"https:\/\/www.pressenza.com\/de\/2014\/06\/marsch-fuer-freiheit-fluechtlinge-sind-polizeibrutalitaet-ausgesetzt-auf-ihrem-weg-nach-bruessel\/","title":{"rendered":"Marsch f\u00fcr Freiheit &#8211; Fl\u00fcchtlinge sind Polizeibrutalit\u00e4t ausgesetzt auf ihrem Weg nach Br\u00fcssel"},"content":{"rendered":"<p><strong>Amir, ein Teilnehmer am Marsch f\u00fcr Freiheit der Fl\u00fcchtlinge nach Br\u00fcssel erkl\u00e4rt, worum es beim Marsch geht und was am 5. <\/strong><strong>Juni in Luxemburg geschah. <\/strong><\/p>\n<p>\u00dcbersetzung eines Videointerviews, das beim <a title=\"www.wort.lu\" href=\"http:\/\/www.wort.lu\/de\/lokales\/freiheitsmarsch-wir-sind-der-abschaum-der-gesellschaft-53909a1ab9b39887080312f8\">Luxemburg Wort<\/a> erschien.<\/p>\n<p><b>Worum geht es beim Marsch f\u00fcr Freiheit?<\/b><\/p>\n<p>Der Marsch f\u00fcr Freiheit ist eine Gruppe von Asylbewerbern, Staatenlosen, Sans Papiers, Immigranten und auch B\u00fcrgern. Wir teilen mit all diesen Menschen dieselbe Wut und k\u00e4mpfen f\u00fcr Freiheit. Unsere Forderungen sind Bewegungsfreiheit, Residenzfreiheit, die Aufl\u00f6sung von Frontex und allen anti-Migration Regelungen. Als einer, der keine Papiere hat, als ein Staatenloser, als ein Asylbewerber hier in Europa, egal wo wir sind, in Deutschland, in Frankreich, in den Niederlanden, \u00fcberall sind wir derselben Brutalit\u00e4t ausgesetzt, niemand sieht uns als Menschen, weil wir der Abfall des Kapitalismus sind.<\/p>\n<p>In Br\u00fcssel, ungef\u00e4hr zu der Zeit, wenn wir in Br\u00fcssel ankommen, wird ein Gipfeltreffen stattfinden, welches \u00fcber die Asylbewerber geht, \u00fcber die Fl\u00fcchtlinge. Und es ist sehr komisch, dass sie ohne die Menschen, wie uns hier, entscheiden, irgendwo zusammensitzen und Reden halten, aber sie wollen nicht die Stimme der Menschen selbst h\u00f6ren. Also in erster Linie wollen wir dort sein und sagen \u201eHey, wir sind hier, Ihr k\u00f6nnt nicht \u00fcber die Menschen ohne sie entscheiden.\u201c<\/p>\n<p><b>Bis gestern war alles prima, was passierte dann?<\/b><\/p>\n<p>Wir besuchten das Abschiebegef\u00e4ngnis in der N\u00e4he des Flughafens. Da waren so viele Menschen und dort herrschte dieselbe Situation wie in allen Abschiebegef\u00e4ngnissen. Es ist auch eine unserer Forderungen, die Abschiebungen zu stoppen.<\/p>\n<p>Aber zu heute: wir waren so friedlich und wir wollten nur dabei sein [beim EU-Innenministertreffen in Kirchberg, Anm.d.Redaktion]. Und es liegt in der logischen Wahrheit, dass wenn Du \u00fcber Menschen Entscheidungen triffst und diese Menschen selbst sind anwesend, dann kannst Du sie nicht ignorieren. Zumindest kannst Du sie einlassen als Repr\u00e4sentanten der 17 000 Menschen, die im Mittelmeer gestorben sind. Um da zu sein und ihre Wut und ihre Traurigkeit auszudr\u00fccken.<\/p>\n<p>Heute wollten wir zu diesem Treffen gehen und daran teilnehmen, aber die Polizei ignorierte komplett jede Verhandlung mit uns. Nach einiger Zeit fingen sie an, sehr gewaltt\u00e4tig zu reagieren. \u00a0Menschen wurden von ihren Hunden gebissen und sie fingen an, mit Pfefferspray direkt in die Gesichter der Menschen zu spr\u00fchen. Danach zwangen sie uns, vor dem Geb\u00e4ude zu bleiben. All dies geschah w\u00e4hrend der g\u00e4nzlichen Ignoranz dieser Politiker, die in diesem Moment anwesend waren.<\/p>\n<p>W\u00e4hrend dieser Brutalit\u00e4t fingen wir an, \u00fcber unsere Forderungen zu sprechen und dann, als wir weggehen wollten, fingen sie wieder an, die Menschen anzugreifen, wieder die Hunde, wieder das Pfefferspray und Verhaftungen der Leute.<\/p>\n<p>Wir werden jetzt hier bleiben, bis unsere Freunde wieder frei sind. Wir k\u00f6nnen diese Brutalit\u00e4t nicht mehr ertragen.<\/p>\n","protected":false},"excerpt":{"rendered":"<p>Amir, ein Teilnehmer am Marsch f\u00fcr Freiheit der Fl\u00fcchtlinge nach Br\u00fcssel erkl\u00e4rt, worum es beim Marsch geht und was am 5. Juni in Luxemburg geschah. \u00dcbersetzung eines Videointerviews, das beim Luxemburg Wort erschien. Worum geht es beim Marsch f\u00fcr Freiheit?&hellip;<\/p>\n","protected":false},"author":1091,"featured_media":111744,"comment_status":"closed","ping_status":"open","sticky":false,"template":"","format":"standard","meta":{"footnotes":""},"categories":[9150,7835,9142,9161],"tags":[9219,10884,9218],"class_list":["post-111788","post","type-post","status-publish","format-standard","has-post-thumbnail","hentry","category-europa-de","category-international-de","category-interviews-de","category-menschenrechte","tag-fluchtlinge","tag-marsch-fuer-freiheit","tag-migration-de"],"yoast_head":"<!-- This site is optimized with the Yoast SEO plugin v27.1.1 - https:\/\/yoast.com\/product\/yoast-seo-wordpress\/ -->\n<title>Marsch f\u00fcr Freiheit - Fl\u00fcchtlinge sind Polizeibrutalit\u00e4t ausgesetzt auf ihrem Weg nach Br\u00fcssel<\/title>\n<meta name=\"description\" content=\"Amir, ein Teilnehmer am Marsch f\u00fcr Freiheit der Fl\u00fcchtlinge nach Br\u00fcssel erkl\u00e4rt, worum es beim Marsch geht und was am 5. Juni in Luxemburg geschah.\" \/>\n<meta name=\"robots\" content=\"index, follow, max-snippet:-1, max-image-preview:large, max-video-preview:-1\" \/>\n<link rel=\"canonical\" href=\"https:\/\/www.pressenza.com\/de\/2014\/06\/marsch-fuer-freiheit-fluechtlinge-sind-polizeibrutalitaet-ausgesetzt-auf-ihrem-weg-nach-bruessel\/\" \/>\n<meta property=\"og:locale\" content=\"de_DE\" \/>\n<meta property=\"og:type\" content=\"article\" \/>\n<meta property=\"og:title\" content=\"Marsch f\u00fcr Freiheit - Fl\u00fcchtlinge sind Polizeibrutalit\u00e4t ausgesetzt auf ihrem Weg nach Br\u00fcssel\" \/>\n<meta property=\"og:description\" content=\"Amir, ein Teilnehmer am Marsch f\u00fcr Freiheit der Fl\u00fcchtlinge nach Br\u00fcssel erkl\u00e4rt, worum es beim Marsch geht und was am 5. Juni in Luxemburg geschah.\" \/>\n<meta property=\"og:url\" content=\"https:\/\/www.pressenza.com\/de\/2014\/06\/marsch-fuer-freiheit-fluechtlinge-sind-polizeibrutalitaet-ausgesetzt-auf-ihrem-weg-nach-bruessel\/\" \/>\n<meta property=\"og:site_name\" content=\"Pressenza\" \/>\n<meta property=\"article:publisher\" content=\"https:\/\/www.facebook.com\/PressenzaItalia\" \/>\n<meta property=\"article:published_time\" content=\"2014-06-07T14:49:17+00:00\" \/>\n<meta property=\"article:modified_time\" content=\"2014-06-07T14:56:55+00:00\" \/>\n<meta property=\"og:image\" content=\"https:\/\/www.pressenza.com\/wp-content\/uploads\/2014\/06\/freedom-march-to-brussels.jpg\" \/>\n\t<meta property=\"og:image:width\" content=\"605\" \/>\n\t<meta property=\"og:image:height\" content=\"339\" \/>\n\t<meta property=\"og:image:type\" content=\"image\/jpeg\" \/>\n<meta name=\"author\" content=\"Johanna Heuveling\" \/>\n<meta name=\"twitter:card\" content=\"summary_large_image\" \/>\n<meta name=\"twitter:creator\" content=\"@PressenzaIPA\" \/>\n<meta name=\"twitter:site\" content=\"@PressenzaIPA\" \/>\n<meta name=\"twitter:label1\" content=\"Verfasst von\" \/>\n\t<meta name=\"twitter:data1\" content=\"Johanna Heuveling\" \/>\n\t<meta name=\"twitter:label2\" content=\"Gesch\u00e4tzte Lesezeit\" \/>\n\t<meta name=\"twitter:data2\" content=\"2\u00a0Minuten\" \/>\n<script type=\"application\/ld+json\" class=\"yoast-schema-graph\">{\"@context\":\"https:\/\/schema.org\",\"@graph\":[{\"@type\":\"Article\",\"@id\":\"https:\/\/www.pressenza.com\/de\/2014\/06\/marsch-fuer-freiheit-fluechtlinge-sind-polizeibrutalitaet-ausgesetzt-auf-ihrem-weg-nach-bruessel\/#article\",\"isPartOf\":{\"@id\":\"https:\/\/www.pressenza.com\/de\/2014\/06\/marsch-fuer-freiheit-fluechtlinge-sind-polizeibrutalitaet-ausgesetzt-auf-ihrem-weg-nach-bruessel\/\"},\"author\":{\"name\":\"Johanna Heuveling\",\"@id\":\"https:\/\/www.pressenza.com\/de\/#\/schema\/person\/dc5d249e1ad384095a92ed36392872fc\"},\"headline\":\"Marsch f\u00fcr Freiheit &#8211; Fl\u00fcchtlinge sind Polizeibrutalit\u00e4t ausgesetzt auf ihrem Weg nach Br\u00fcssel\",\"datePublished\":\"2014-06-07T14:49:17+00:00\",\"dateModified\":\"2014-06-07T14:56:55+00:00\",\"mainEntityOfPage\":{\"@id\":\"https:\/\/www.pressenza.com\/de\/2014\/06\/marsch-fuer-freiheit-fluechtlinge-sind-polizeibrutalitaet-ausgesetzt-auf-ihrem-weg-nach-bruessel\/\"},\"wordCount\":484,\"publisher\":{\"@id\":\"https:\/\/www.pressenza.com\/de\/#organization\"},\"image\":{\"@id\":\"https:\/\/www.pressenza.com\/de\/2014\/06\/marsch-fuer-freiheit-fluechtlinge-sind-polizeibrutalitaet-ausgesetzt-auf-ihrem-weg-nach-bruessel\/#primaryimage\"},\"thumbnailUrl\":\"https:\/\/www.pressenza.com\/wp-content\/uploads\/2014\/06\/freedom-march-to-brussels.jpg\",\"keywords\":[\"Fl\u00fcchtlinge\",\"Marsch f\u00fcr Freiheit\",\"Migration\"],\"articleSection\":[\"Europa\",\"International\",\"Interviews\",\"Menschenrechte\"],\"inLanguage\":\"de\"},{\"@type\":\"WebPage\",\"@id\":\"https:\/\/www.pressenza.com\/de\/2014\/06\/marsch-fuer-freiheit-fluechtlinge-sind-polizeibrutalitaet-ausgesetzt-auf-ihrem-weg-nach-bruessel\/\",\"url\":\"https:\/\/www.pressenza.com\/de\/2014\/06\/marsch-fuer-freiheit-fluechtlinge-sind-polizeibrutalitaet-ausgesetzt-auf-ihrem-weg-nach-bruessel\/\",\"name\":\"Marsch f\u00fcr Freiheit - Fl\u00fcchtlinge sind Polizeibrutalit\u00e4t ausgesetzt auf ihrem Weg nach Br\u00fcssel\",\"isPartOf\":{\"@id\":\"https:\/\/www.pressenza.com\/de\/#website\"},\"primaryImageOfPage\":{\"@id\":\"https:\/\/www.pressenza.com\/de\/2014\/06\/marsch-fuer-freiheit-fluechtlinge-sind-polizeibrutalitaet-ausgesetzt-auf-ihrem-weg-nach-bruessel\/#primaryimage\"},\"image\":{\"@id\":\"https:\/\/www.pressenza.com\/de\/2014\/06\/marsch-fuer-freiheit-fluechtlinge-sind-polizeibrutalitaet-ausgesetzt-auf-ihrem-weg-nach-bruessel\/#primaryimage\"},\"thumbnailUrl\":\"https:\/\/www.pressenza.com\/wp-content\/uploads\/2014\/06\/freedom-march-to-brussels.jpg\",\"datePublished\":\"2014-06-07T14:49:17+00:00\",\"dateModified\":\"2014-06-07T14:56:55+00:00\",\"description\":\"Amir, ein Teilnehmer am Marsch f\u00fcr Freiheit der Fl\u00fcchtlinge nach Br\u00fcssel erkl\u00e4rt, worum es beim Marsch geht und was am 5. Juni in Luxemburg geschah.\",\"breadcrumb\":{\"@id\":\"https:\/\/www.pressenza.com\/de\/2014\/06\/marsch-fuer-freiheit-fluechtlinge-sind-polizeibrutalitaet-ausgesetzt-auf-ihrem-weg-nach-bruessel\/#breadcrumb\"},\"inLanguage\":\"de\",\"potentialAction\":[{\"@type\":\"ReadAction\",\"target\":[\"https:\/\/www.pressenza.com\/de\/2014\/06\/marsch-fuer-freiheit-fluechtlinge-sind-polizeibrutalitaet-ausgesetzt-auf-ihrem-weg-nach-bruessel\/\"]}]},{\"@type\":\"ImageObject\",\"inLanguage\":\"de\",\"@id\":\"https:\/\/www.pressenza.com\/de\/2014\/06\/marsch-fuer-freiheit-fluechtlinge-sind-polizeibrutalitaet-ausgesetzt-auf-ihrem-weg-nach-bruessel\/#primaryimage\",\"url\":\"https:\/\/www.pressenza.com\/wp-content\/uploads\/2014\/06\/freedom-march-to-brussels.jpg\",\"contentUrl\":\"https:\/\/www.pressenza.com\/wp-content\/uploads\/2014\/06\/freedom-march-to-brussels.jpg\",\"width\":605,\"height\":339},{\"@type\":\"BreadcrumbList\",\"@id\":\"https:\/\/www.pressenza.com\/de\/2014\/06\/marsch-fuer-freiheit-fluechtlinge-sind-polizeibrutalitaet-ausgesetzt-auf-ihrem-weg-nach-bruessel\/#breadcrumb\",\"itemListElement\":[{\"@type\":\"ListItem\",\"position\":1,\"name\":\"Accueil\",\"item\":\"https:\/\/www.pressenza.com\/de\/\"},{\"@type\":\"ListItem\",\"position\":2,\"name\":\"Marsch f\u00fcr Freiheit &#8211; Fl\u00fcchtlinge sind Polizeibrutalit\u00e4t ausgesetzt auf ihrem Weg nach Br\u00fcssel\"}]},{\"@type\":\"WebSite\",\"@id\":\"https:\/\/www.pressenza.com\/de\/#website\",\"url\":\"https:\/\/www.pressenza.com\/de\/\",\"name\":\"Pressenza\",\"description\":\"International Press Agency\",\"publisher\":{\"@id\":\"https:\/\/www.pressenza.com\/de\/#organization\"},\"potentialAction\":[{\"@type\":\"SearchAction\",\"target\":{\"@type\":\"EntryPoint\",\"urlTemplate\":\"https:\/\/www.pressenza.com\/de\/?s={search_term_string}\"},\"query-input\":{\"@type\":\"PropertyValueSpecification\",\"valueRequired\":true,\"valueName\":\"search_term_string\"}}],\"inLanguage\":\"de\"},{\"@type\":\"Organization\",\"@id\":\"https:\/\/www.pressenza.com\/de\/#organization\",\"name\":\"Pressenza\",\"url\":\"https:\/\/www.pressenza.com\/de\/\",\"logo\":{\"@type\":\"ImageObject\",\"inLanguage\":\"de\",\"@id\":\"https:\/\/www.pressenza.com\/de\/#\/schema\/logo\/image\/\",\"url\":\"https:\/\/www.pressenza.com\/wp-content\/uploads\/2022\/10\/pressenza_logo_200x200.jpg\",\"contentUrl\":\"https:\/\/www.pressenza.com\/wp-content\/uploads\/2022\/10\/pressenza_logo_200x200.jpg\",\"width\":200,\"height\":200,\"caption\":\"Pressenza\"},\"image\":{\"@id\":\"https:\/\/www.pressenza.com\/de\/#\/schema\/logo\/image\/\"},\"sameAs\":[\"https:\/\/www.facebook.com\/PressenzaItalia\",\"https:\/\/x.com\/PressenzaIPA\"]},{\"@type\":\"Person\",\"@id\":\"https:\/\/www.pressenza.com\/de\/#\/schema\/person\/dc5d249e1ad384095a92ed36392872fc\",\"name\":\"Johanna Heuveling\",\"description\":\"lives in Berlin and works as a scientist and science communicator. She is also active in \\\"World without Wars and Violence\\\" and Pressenza. As a journalist she is most interested in refugee politics, weapon trade, Africa, Arts and News from Sciences.\",\"url\":\"https:\/\/www.pressenza.com\/de\/author\/johanna-heuveling\/\"}]}<\/script>\n<!-- \/ Yoast SEO plugin. -->","yoast_head_json":{"title":"Marsch f\u00fcr Freiheit - Fl\u00fcchtlinge sind Polizeibrutalit\u00e4t ausgesetzt auf ihrem Weg nach Br\u00fcssel","description":"Amir, ein Teilnehmer am Marsch f\u00fcr Freiheit der Fl\u00fcchtlinge nach Br\u00fcssel erkl\u00e4rt, worum es beim Marsch geht und was am 5. Juni in Luxemburg geschah.","robots":{"index":"index","follow":"follow","max-snippet":"max-snippet:-1","max-image-preview":"max-image-preview:large","max-video-preview":"max-video-preview:-1"},"canonical":"https:\/\/www.pressenza.com\/de\/2014\/06\/marsch-fuer-freiheit-fluechtlinge-sind-polizeibrutalitaet-ausgesetzt-auf-ihrem-weg-nach-bruessel\/","og_locale":"de_DE","og_type":"article","og_title":"Marsch f\u00fcr Freiheit - Fl\u00fcchtlinge sind Polizeibrutalit\u00e4t ausgesetzt auf ihrem Weg nach Br\u00fcssel","og_description":"Amir, ein Teilnehmer am Marsch f\u00fcr Freiheit der Fl\u00fcchtlinge nach Br\u00fcssel erkl\u00e4rt, worum es beim Marsch geht und was am 5. Juni in Luxemburg geschah.","og_url":"https:\/\/www.pressenza.com\/de\/2014\/06\/marsch-fuer-freiheit-fluechtlinge-sind-polizeibrutalitaet-ausgesetzt-auf-ihrem-weg-nach-bruessel\/","og_site_name":"Pressenza","article_publisher":"https:\/\/www.facebook.com\/PressenzaItalia","article_published_time":"2014-06-07T14:49:17+00:00","article_modified_time":"2014-06-07T14:56:55+00:00","og_image":[{"width":605,"height":339,"url":"https:\/\/www.pressenza.com\/wp-content\/uploads\/2014\/06\/freedom-march-to-brussels.jpg","type":"image\/jpeg"}],"author":"Johanna Heuveling","twitter_card":"summary_large_image","twitter_creator":"@PressenzaIPA","twitter_site":"@PressenzaIPA","twitter_misc":{"Verfasst von":"Johanna Heuveling","Gesch\u00e4tzte Lesezeit":"2\u00a0Minuten"},"schema":{"@context":"https:\/\/schema.org","@graph":[{"@type":"Article","@id":"https:\/\/www.pressenza.com\/de\/2014\/06\/marsch-fuer-freiheit-fluechtlinge-sind-polizeibrutalitaet-ausgesetzt-auf-ihrem-weg-nach-bruessel\/#article","isPartOf":{"@id":"https:\/\/www.pressenza.com\/de\/2014\/06\/marsch-fuer-freiheit-fluechtlinge-sind-polizeibrutalitaet-ausgesetzt-auf-ihrem-weg-nach-bruessel\/"},"author":{"name":"Johanna Heuveling","@id":"https:\/\/www.pressenza.com\/de\/#\/schema\/person\/dc5d249e1ad384095a92ed36392872fc"},"headline":"Marsch f\u00fcr Freiheit &#8211; Fl\u00fcchtlinge sind Polizeibrutalit\u00e4t ausgesetzt auf ihrem Weg nach Br\u00fcssel","datePublished":"2014-06-07T14:49:17+00:00","dateModified":"2014-06-07T14:56:55+00:00","mainEntityOfPage":{"@id":"https:\/\/www.pressenza.com\/de\/2014\/06\/marsch-fuer-freiheit-fluechtlinge-sind-polizeibrutalitaet-ausgesetzt-auf-ihrem-weg-nach-bruessel\/"},"wordCount":484,"publisher":{"@id":"https:\/\/www.pressenza.com\/de\/#organization"},"image":{"@id":"https:\/\/www.pressenza.com\/de\/2014\/06\/marsch-fuer-freiheit-fluechtlinge-sind-polizeibrutalitaet-ausgesetzt-auf-ihrem-weg-nach-bruessel\/#primaryimage"},"thumbnailUrl":"https:\/\/www.pressenza.com\/wp-content\/uploads\/2014\/06\/freedom-march-to-brussels.jpg","keywords":["Fl\u00fcchtlinge","Marsch f\u00fcr Freiheit","Migration"],"articleSection":["Europa","International","Interviews","Menschenrechte"],"inLanguage":"de"},{"@type":"WebPage","@id":"https:\/\/www.pressenza.com\/de\/2014\/06\/marsch-fuer-freiheit-fluechtlinge-sind-polizeibrutalitaet-ausgesetzt-auf-ihrem-weg-nach-bruessel\/","url":"https:\/\/www.pressenza.com\/de\/2014\/06\/marsch-fuer-freiheit-fluechtlinge-sind-polizeibrutalitaet-ausgesetzt-auf-ihrem-weg-nach-bruessel\/","name":"Marsch f\u00fcr Freiheit - Fl\u00fcchtlinge sind Polizeibrutalit\u00e4t ausgesetzt auf ihrem Weg nach Br\u00fcssel","isPartOf":{"@id":"https:\/\/www.pressenza.com\/de\/#website"},"primaryImageOfPage":{"@id":"https:\/\/www.pressenza.com\/de\/2014\/06\/marsch-fuer-freiheit-fluechtlinge-sind-polizeibrutalitaet-ausgesetzt-auf-ihrem-weg-nach-bruessel\/#primaryimage"},"image":{"@id":"https:\/\/www.pressenza.com\/de\/2014\/06\/marsch-fuer-freiheit-fluechtlinge-sind-polizeibrutalitaet-ausgesetzt-auf-ihrem-weg-nach-bruessel\/#primaryimage"},"thumbnailUrl":"https:\/\/www.pressenza.com\/wp-content\/uploads\/2014\/06\/freedom-march-to-brussels.jpg","datePublished":"2014-06-07T14:49:17+00:00","dateModified":"2014-06-07T14:56:55+00:00","description":"Amir, ein Teilnehmer am Marsch f\u00fcr Freiheit der Fl\u00fcchtlinge nach Br\u00fcssel erkl\u00e4rt, worum es beim Marsch geht und was am 5. Juni in Luxemburg geschah.","breadcrumb":{"@id":"https:\/\/www.pressenza.com\/de\/2014\/06\/marsch-fuer-freiheit-fluechtlinge-sind-polizeibrutalitaet-ausgesetzt-auf-ihrem-weg-nach-bruessel\/#breadcrumb"},"inLanguage":"de","potentialAction":[{"@type":"ReadAction","target":["https:\/\/www.pressenza.com\/de\/2014\/06\/marsch-fuer-freiheit-fluechtlinge-sind-polizeibrutalitaet-ausgesetzt-auf-ihrem-weg-nach-bruessel\/"]}]},{"@type":"ImageObject","inLanguage":"de","@id":"https:\/\/www.pressenza.com\/de\/2014\/06\/marsch-fuer-freiheit-fluechtlinge-sind-polizeibrutalitaet-ausgesetzt-auf-ihrem-weg-nach-bruessel\/#primaryimage","url":"https:\/\/www.pressenza.com\/wp-content\/uploads\/2014\/06\/freedom-march-to-brussels.jpg","contentUrl":"https:\/\/www.pressenza.com\/wp-content\/uploads\/2014\/06\/freedom-march-to-brussels.jpg","width":605,"height":339},{"@type":"BreadcrumbList","@id":"https:\/\/www.pressenza.com\/de\/2014\/06\/marsch-fuer-freiheit-fluechtlinge-sind-polizeibrutalitaet-ausgesetzt-auf-ihrem-weg-nach-bruessel\/#breadcrumb","itemListElement":[{"@type":"ListItem","position":1,"name":"Accueil","item":"https:\/\/www.pressenza.com\/de\/"},{"@type":"ListItem","position":2,"name":"Marsch f\u00fcr Freiheit &#8211; Fl\u00fcchtlinge sind Polizeibrutalit\u00e4t ausgesetzt auf ihrem Weg nach Br\u00fcssel"}]},{"@type":"WebSite","@id":"https:\/\/www.pressenza.com\/de\/#website","url":"https:\/\/www.pressenza.com\/de\/","name":"Pressenza","description":"International Press Agency","publisher":{"@id":"https:\/\/www.pressenza.com\/de\/#organization"},"potentialAction":[{"@type":"SearchAction","target":{"@type":"EntryPoint","urlTemplate":"https:\/\/www.pressenza.com\/de\/?s={search_term_string}"},"query-input":{"@type":"PropertyValueSpecification","valueRequired":true,"valueName":"search_term_string"}}],"inLanguage":"de"},{"@type":"Organization","@id":"https:\/\/www.pressenza.com\/de\/#organization","name":"Pressenza","url":"https:\/\/www.pressenza.com\/de\/","logo":{"@type":"ImageObject","inLanguage":"de","@id":"https:\/\/www.pressenza.com\/de\/#\/schema\/logo\/image\/","url":"https:\/\/www.pressenza.com\/wp-content\/uploads\/2022\/10\/pressenza_logo_200x200.jpg","contentUrl":"https:\/\/www.pressenza.com\/wp-content\/uploads\/2022\/10\/pressenza_logo_200x200.jpg","width":200,"height":200,"caption":"Pressenza"},"image":{"@id":"https:\/\/www.pressenza.com\/de\/#\/schema\/logo\/image\/"},"sameAs":["https:\/\/www.facebook.com\/PressenzaItalia","https:\/\/x.com\/PressenzaIPA"]},{"@type":"Person","@id":"https:\/\/www.pressenza.com\/de\/#\/schema\/person\/dc5d249e1ad384095a92ed36392872fc","name":"Johanna Heuveling","description":"lives in Berlin and works as a scientist and science communicator. She is also active in \"World without Wars and Violence\" and Pressenza. As a journalist she is most interested in refugee politics, weapon trade, Africa, Arts and News from Sciences.","url":"https:\/\/www.pressenza.com\/de\/author\/johanna-heuveling\/"}]}},"place":"","original_article_url":"","_links":{"self":[{"href":"https:\/\/www.pressenza.com\/de\/wp-json\/wp\/v2\/posts\/111788","targetHints":{"allow":["GET"]}}],"collection":[{"href":"https:\/\/www.pressenza.com\/de\/wp-json\/wp\/v2\/posts"}],"about":[{"href":"https:\/\/www.pressenza.com\/de\/wp-json\/wp\/v2\/types\/post"}],"author":[{"embeddable":true,"href":"https:\/\/www.pressenza.com\/de\/wp-json\/wp\/v2\/users\/1091"}],"replies":[{"embeddable":true,"href":"https:\/\/www.pressenza.com\/de\/wp-json\/wp\/v2\/comments?post=111788"}],"version-history":[{"count":0,"href":"https:\/\/www.pressenza.com\/de\/wp-json\/wp\/v2\/posts\/111788\/revisions"}],"wp:featuredmedia":[{"embeddable":true,"href":"https:\/\/www.pressenza.com\/de\/wp-json\/wp\/v2\/media\/111744"}],"wp:attachment":[{"href":"https:\/\/www.pressenza.com\/de\/wp-json\/wp\/v2\/media?parent=111788"}],"wp:term":[{"taxonomy":"category","embeddable":true,"href":"https:\/\/www.pressenza.com\/de\/wp-json\/wp\/v2\/categories?post=111788"},{"taxonomy":"post_tag","embeddable":true,"href":"https:\/\/www.pressenza.com\/de\/wp-json\/wp\/v2\/tags?post=111788"}],"curies":[{"name":"wp","href":"https:\/\/api.w.org\/{rel}","templated":true}]}}