{"id":1116894,"date":"2020-05-24T12:22:50","date_gmt":"2020-05-24T11:22:50","guid":{"rendered":"https:\/\/www.pressenza.com\/?p=1116894"},"modified":"2020-06-01T12:38:56","modified_gmt":"2020-06-01T11:38:56","slug":"haben-oder-sein-erich-fromm-und-die-krise-des-menschen-im-21-jahrhundert","status":"publish","type":"post","link":"https:\/\/www.pressenza.com\/de\/2020\/05\/haben-oder-sein-erich-fromm-und-die-krise-des-menschen-im-21-jahrhundert\/","title":{"rendered":"Haben oder Sein: Erich Fromm und die Krise des Menschen im 21. Jahrhundert"},"content":{"rendered":"<p><strong>\u201eJetzt wird wieder in die H\u00e4nde gespuckt\u201c. Warum diese Einstellung noch einmal kritisch \u00fcberpr\u00fcft werden sollte, diskutiert Florian Maiwald in seinem neuen Gastbeitrag. Unter Bezugnahme auf Erich Fromm sollten wir insbesondere lernen, die Existenzweise des \u201eSeins\u201c wieder sch\u00e4tzen zu lernen.<\/strong><span id=\"more-17535\"><\/span><\/p>\n<p>Die Corona-Pandemie h\u00e4lt derzeit die ganze Welt in Schach. Doch jetzt, wo einige Lockerungen wieder einsetzen, wird der Wirtschaftsapparat wieder nach oben gefahren. Dass die Wirtschaftsmaschine wieder an den Start gehen muss, steht au\u00dfer Frage. Immerhin geht es in vielerlei Hinsicht um \u00f6konomische Existenz\u00e4ngste, welche mittel- oder langfristig auch lebensbedrohlich sein k\u00f6nnen. Aber wenn wir schon wieder zur \u2013 wie wir es gerne nennen \u2013 Normalit\u00e4t zur\u00fcckkehren, ist es nicht an der Zeit zu fragen, welche Normalit\u00e4t wir eigentlich wollen?\u00a0Dies scheint nicht zuletzt umso dringlicher, wenn man sich vergegenw\u00e4rtigt, dass dieses kleine mikrobische Etwas einige systemimmanente Fehler aufgedeckt hat, welche medial zudem reichlich thematisiert wurden (Stichwort: Systemrelevanz, Unterbezahlung, flexible Arbeitszeiten etc).<\/p>\n<p>Ungeachtet der Tatsache, dass das Virus faktisch noch nicht verschwunden ist \u2013 auch wenn das Leben auf den Stra\u00dfen teilweise einen anderen Eindruck vermitteln mag \u2013 scheint im Moment wieder das Diktum \u201eJetzt wird wieder in die H\u00e4nde gespuckt\u201c vorzuherrschen. Dabei werden durch eine derartige Einstellung nicht nur all die wirtschaftlichen Ungerechtigkeiten w\u00e4hrend der COVID-19 Pandemie offengelegt, sondern auch andere Dinge wie Klimawandel, Armut, Krieg, soziale Ungerechtigkeiten sind untrennbar mit einer derartigen Einstellung verbunden. All diese Dinge werden \u00e4u\u00dferst gerne \u2013 und das nicht ganz zu Unrecht \u2013 mit den Verwerfungen und negativen Konsequenzen des modernen Kapitalismus in Verbindung gebracht. Mit kritischem Auge mag man sich vielleicht weigern, einen Kausalzusammenhang zu sehen, aber un\u00fcbersehbare Korrelationen scheinen nichts desto trotz vorhanden.<\/p>\n<p>Es soll an dieser Stelle jedoch nicht das Ziel sein, \u00fcber die globalen Probleme zu sprechen, welche der moderne Marktradikalismus verursacht hat. Es soll auch nicht f\u00fcr neue Formen des Kommunismus pl\u00e4diert werden. Vielmehr soll untersucht werden, was der Kapitalismus mit dem Charakter des einzelnen Menschen gemacht hat. Nicht zuletzt, da der Charakter des Einzelnen den Charakter der Gesellschaft(en), in welcher\/n wir leben, auf eine nicht unwesentliche Art und Weise beeinflusst. Erich Fromm hat in seinem Werk <em>Haben oder Sein<\/em> bereits angemerkt,<\/p>\n<blockquote><p>\u201e[\u2026] da\u00df die Charakterstruktur des Individuums und die sozio\u00f6konomische Struktur der Gesellschaft, der dieses angeh\u00f6rt, miteinander in Wechselbeziehung stehen\u201c (Fromm, 1976, 163).<\/p><\/blockquote>\n<p>Aus diesem Wechselspiel wiederum entsteht laut Fromm der sogenannte Gesellschaftscharakter, welcher in einem Verh\u00e4ltnis mit der allgemeinen Struktur einer Gesellschaft steht (vgl. ebd.). Fromm macht in diesem Kontext berechtigterweise darauf aufmerksam, dass Revolutionen \u2013 oder etwas milder ausgedr\u00fcckt \u2013 gesellschaftliche Ver\u00e4nderungen, in erster Linie beim Individuum anfangen. Individuelle Ver\u00e4nderungen bilden demnach die Pr\u00e4dispositionen f\u00fcr die sozialen, \u00f6konomischen und kulturellen Modifikationen eines Gesellschaftsbildes.<\/p>\n<p>Es ist bemerkenswert, dass Erich Fromm in seinem 1976 erschienenen Buch eine psychische, \u00f6konomische und \u00f6kologische Katastrophe prophezeit, mit welcher die Menschheit sich in naher Zukunft konfrontiert sehen muss. Fromms neuer Menschheitscharakter, welcher die prognostizierte \u00f6konomische Katastrophe abwenden soll, zeichnet sich durch \u201e[\u2026] ein Zur\u00fcckdr\u00e4ngen der Orientierung am Haben zugunsten der am Sein [\u2026]\u201caus (Fromm, 1976, 205).\u00a0Sowohl das Haben als auch das Sein sind Existenzweisen, welche einen nicht unwesentlichen Einfluss auf den Menschen, sein Wirken und damit auf die Menschheit insgesamt aus\u00fcben.<\/p>\n<p>Die Existenzweise des Habens leitet sich vom Privateigentum ab und Fromm f\u00fchrt in diesem Zusammenhang pr\u00e4gnant aus:<\/p>\n<blockquote><p>\u201eIn dieser Existenzweise z\u00e4hlt einzig und allein die Aneignung und das uneingeschr\u00e4nkte Recht, das Erworbene zu behalten. Die Habenorientierung schlie\u00dft andere aus und verlangt mir keine weiteren Anstrengungen ab, um meinen Besitz zu behalten bzw. produktiven Gebrauch davon zu machen. [\u2026] In der Existenzweise des Habens gibt es keine lebendige Beziehung zwischen mir und dem, was ich habe. Es und ich sind Dinge geworden, und ich habe es, weil ich die M\u00f6glichkeit habe, es mir anzueignen. Aber es besteht auch die umgekehrte Beziehung: Es hat mich, da mein Identit\u00e4tsgef\u00fchl bzw. meine psychische Gesundheit davon abh\u00e4ngt, es und so viele Dinge wie m\u00f6glich zu haben\u201c (Fromm, 1976, 97-98).<\/p><\/blockquote>\n<p>Eben jene auf Gegenseitigkeit beruhende Aneignung zwischen Subjekt und Objekt, welche letztendlich zur unausweichlichen Determinierung des Individuums f\u00fchrt und damit zur Transformation zum Dividuum, dessen psychologische Struktur nahezu \u00e4quivalent mit der des Gesellschaftscharakters ist, bilden die Quintessenz des Habens \u2013 Modus. Es ist genau diese Existenzweise, welche in David Finchers gro\u00dfartiger Romanverfilmung <em>Fight Club<\/em> von Tyler Durden \u2013 einem der beiden Protagonisten \u2013 kritisiert wird, als dieser warnend darauf hinweist: \u201eAlles was du hast, hat irgendwann dich\u201c.<\/p>\n<p>Aber es geht nicht nur um das problematische Verh\u00e4ltnis zwischen Mensch und Ware, sondern auch darum, dass der Mensch und damit einhergehend alle zwischenmenschlichen Beziehungen, selbst auf Dauer zu einer Art Warencharakter verkommen, welcher nicht nur jegliche Art von Individualit\u00e4t zerst\u00f6rt, sondern auch zu einem Objektivierungsprozess des Subjektiven f\u00fchrt. F\u00fcr den US-amerikanischen Philosophen Michael Sandel macht sich dies in seinem Buch <em>Was man f\u00fcr Geld nicht kaufen kann<\/em>. Die moralischen Grenzen des Marktes durch den Wandel von einer Marktwirtschaft zu einer Marktgesellschaft bemerkbar (vgl. Sandel, 2012).<\/p>\n<p>Fromms Gegengift ist die Existenzweise des Seins, welche in unserer heutigen Gesellschaft nahezu nicht mehr vorhanden zu sein scheint. Auch wenn diese Existenzweise in einer derartigen Pr\u00e4zision, wie Fromm sie beschrieben hat, in einem kurzen Artikel wie diesen nicht dargelegt werden kann, soll dennoch der Versuch unternommen werden die essentiellen Merkmale von ebendieser Existenzweise darzustellen. Fromm definiert \u201e[\u2026] Unabh\u00e4ngigkeit, Freiheit und das Vorhandensein kritischer Vernunft [\u2026]\u201c als die Grundvoraussetzungen f\u00fcr die Existenzweise des Seins und f\u00fchrt weiter aus:<\/p>\n<blockquote><p>\u201eIhr wesentliches Merkmal ist die Aktivit\u00e4t, nicht im Sinne von Gesch\u00e4ftigkeit, sondern im Sinne eines inneren T\u00e4tigseins, des produktiven Gebrauchs der menschlichen Kr\u00e4fte. T\u00e4tigsein hei\u00dft, seinen Anlagen, seinen Talenten, dem Reichtum menschlicher Gaben Ausdruck zu verleihen, mit denen jeder- wenn auch in verschiedenem Ma\u00df- ausgestattet ist. [\u2026] Nur in dem Ma\u00dfe, in dem wir die Existenzweise des Habens bzw. des Nichtseins abbauen (das hei\u00dft aufh\u00f6ren, Sicherheit und Identit\u00e4t zu suchen, indem wir uns an das anklammern, was wir haben, indem wir es &gt;&gt;be-sitzen&lt;&lt;, indem wir an unserem Ich und unserem Besitz festhalten), kann die Existenzweise des Seins durchbrechen. Um zu sein, m\u00fcssen wir unsere Egozentrik und Selbstsucht aufgeben bzw. uns arm und leer machen, wie es die Mystiker oft ausdr\u00fccken\u201c (Fromm, 1976, 111).<\/p><\/blockquote>\n<p>Sein f\u00fchrt wieder zur\u00fcck zu einer Subjektivierung des Subjektiven, wodurch das Dividuum wieder zum Individuum wird und seinen eigenen F\u00e4higkeiten wieder voll und ganz Ausdruck verleihen kann. Diese Aktivit\u00e4t der Verwirklichung des eigenen Selbst impliziert laut Fromm jedoch gerade nicht jegliche Form der \u00f6konomischen Gesch\u00e4ftigkeit, sondern vielmehr \u2013 ganz im Sinne des Diogenes \u2013 das kontemplative Leben, welches durch einen Zustand externalisierter und objektiver Passivit\u00e4t und einer simultanen Inkraftsetzung internalisierter und subjektiver Aktivit\u00e4t gekennzeichnet ist.<\/p>\n<p>Quellen:<\/p>\n<ul>\n<li><em>Fromm, E. (1976). Haben oder Sein: Die seelischen Grundlagen einer neuen Gesellschaft. Stuttgart: Dt. Verl.-Anst.<\/em><\/li>\n<li><em>Sandel, M. J. (2012). Was man f\u00fcr Geld nicht kaufen kann: Die moralischen Grenzen des Marktes (5. Aufl.). Berlin: Ullstein.<\/em><\/li>\n<\/ul>\n<hr \/>\n<p><strong>Florian Maiwald<\/strong>\u00a0(27) studiert Philosophie, Englisch und Bildungswissenschaften im Master an der Universit\u00e4t Bonn und betreibt den Philosophie- Blog\u00a0<a href=\"https:\/\/fmwordpresssite.wordpress.com\/\" target=\"_blank\" rel=\"noopener noreferrer\">\u201eMeta-Ebene\u201c<\/a>.<\/p>\n","protected":false},"excerpt":{"rendered":"<p>\u201eJetzt wird wieder in die H\u00e4nde gespuckt\u201c. Warum diese Einstellung noch einmal kritisch \u00fcberpr\u00fcft werden sollte, diskutiert Florian Maiwald in seinem neuen Gastbeitrag. Unter Bezugnahme auf Erich Fromm sollten wir insbesondere lernen, die Existenzweise des \u201eSeins\u201c wieder sch\u00e4tzen zu lernen.&hellip;<\/p>\n","protected":false},"author":1408,"featured_media":1116895,"comment_status":"closed","ping_status":"closed","sticky":false,"template":"","format":"standard","meta":{"footnotes":""},"categories":[9150,7835,9158,9169],"tags":[74646,76143,30455,26462],"class_list":["post-1116894","post","type-post","status-publish","format-standard","has-post-thumbnail","hentry","category-europa-de","category-international-de","category-wirtschaft","category-wissenschaft-und-technologie","tag-covid-de","tag-erich-fromm","tag-gesellschaft","tag-kapitalismus"],"yoast_head":"<!-- This site is optimized with the Yoast SEO plugin v27.1.1 - https:\/\/yoast.com\/product\/yoast-seo-wordpress\/ -->\n<title>Haben oder Sein: Erich Fromm und die Krise des Menschen im 21. Jahrhundert<\/title>\n<meta name=\"description\" content=\"\u201eJetzt wird wieder in die H\u00e4nde gespuckt\u201c. Warum diese Einstellung noch einmal kritisch \u00fcberpr\u00fcft werden sollte, diskutiert Florian Maiwald in seinem\" \/>\n<meta name=\"robots\" content=\"index, follow, max-snippet:-1, max-image-preview:large, max-video-preview:-1\" \/>\n<link rel=\"canonical\" href=\"https:\/\/www.pressenza.com\/de\/2020\/05\/haben-oder-sein-erich-fromm-und-die-krise-des-menschen-im-21-jahrhundert\/\" \/>\n<meta property=\"og:locale\" content=\"de_DE\" \/>\n<meta property=\"og:type\" content=\"article\" \/>\n<meta property=\"og:title\" content=\"Haben oder Sein: Erich Fromm und die Krise des Menschen im 21. Jahrhundert\" \/>\n<meta property=\"og:description\" content=\"\u201eJetzt wird wieder in die H\u00e4nde gespuckt\u201c. Warum diese Einstellung noch einmal kritisch \u00fcberpr\u00fcft werden sollte, diskutiert Florian Maiwald in seinem\" \/>\n<meta property=\"og:url\" content=\"https:\/\/www.pressenza.com\/de\/2020\/05\/haben-oder-sein-erich-fromm-und-die-krise-des-menschen-im-21-jahrhundert\/\" \/>\n<meta property=\"og:site_name\" content=\"Pressenza\" \/>\n<meta property=\"article:publisher\" content=\"https:\/\/www.facebook.com\/PressenzaItalia\" \/>\n<meta property=\"article:published_time\" content=\"2020-05-24T11:22:50+00:00\" \/>\n<meta property=\"article:modified_time\" content=\"2020-06-01T11:38:56+00:00\" \/>\n<meta property=\"og:image\" content=\"https:\/\/www.pressenza.com\/wp-content\/uploads\/2020\/05\/8D4E9597-51F8-468A-B645-673D36E8A58C.jpeg\" \/>\n\t<meta property=\"og:image:width\" content=\"800\" \/>\n\t<meta property=\"og:image:height\" content=\"445\" \/>\n\t<meta property=\"og:image:type\" content=\"image\/jpeg\" \/>\n<meta name=\"author\" content=\"Unsere Zeitung\" \/>\n<meta name=\"twitter:card\" content=\"summary_large_image\" \/>\n<meta name=\"twitter:creator\" content=\"@PressenzaIPA\" \/>\n<meta name=\"twitter:site\" content=\"@PressenzaIPA\" \/>\n<meta name=\"twitter:label1\" content=\"Verfasst von\" \/>\n\t<meta name=\"twitter:data1\" content=\"Unsere Zeitung\" \/>\n\t<meta name=\"twitter:label2\" content=\"Gesch\u00e4tzte Lesezeit\" \/>\n\t<meta name=\"twitter:data2\" content=\"6\u00a0Minuten\" \/>\n<script type=\"application\/ld+json\" class=\"yoast-schema-graph\">{\"@context\":\"https:\/\/schema.org\",\"@graph\":[{\"@type\":\"Article\",\"@id\":\"https:\/\/www.pressenza.com\/de\/2020\/05\/haben-oder-sein-erich-fromm-und-die-krise-des-menschen-im-21-jahrhundert\/#article\",\"isPartOf\":{\"@id\":\"https:\/\/www.pressenza.com\/de\/2020\/05\/haben-oder-sein-erich-fromm-und-die-krise-des-menschen-im-21-jahrhundert\/\"},\"author\":{\"name\":\"Unsere Zeitung\",\"@id\":\"https:\/\/www.pressenza.com\/de\/#\/schema\/person\/204e67ffc5ecb05d81ec7dbb33ded555\"},\"headline\":\"Haben oder Sein: Erich Fromm und die Krise des Menschen im 21. Jahrhundert\",\"datePublished\":\"2020-05-24T11:22:50+00:00\",\"dateModified\":\"2020-06-01T11:38:56+00:00\",\"mainEntityOfPage\":{\"@id\":\"https:\/\/www.pressenza.com\/de\/2020\/05\/haben-oder-sein-erich-fromm-und-die-krise-des-menschen-im-21-jahrhundert\/\"},\"wordCount\":1200,\"publisher\":{\"@id\":\"https:\/\/www.pressenza.com\/de\/#organization\"},\"image\":{\"@id\":\"https:\/\/www.pressenza.com\/de\/2020\/05\/haben-oder-sein-erich-fromm-und-die-krise-des-menschen-im-21-jahrhundert\/#primaryimage\"},\"thumbnailUrl\":\"https:\/\/www.pressenza.com\/wp-content\/uploads\/2020\/05\/8D4E9597-51F8-468A-B645-673D36E8A58C.jpeg\",\"keywords\":[\"covid\",\"Erich Fromm\",\"Gesellschaft\",\"Kapitalismus\"],\"articleSection\":[\"Europa\",\"International\",\"Wirtschaft\",\"Wissenschaft und Technologie\"],\"inLanguage\":\"de\"},{\"@type\":\"WebPage\",\"@id\":\"https:\/\/www.pressenza.com\/de\/2020\/05\/haben-oder-sein-erich-fromm-und-die-krise-des-menschen-im-21-jahrhundert\/\",\"url\":\"https:\/\/www.pressenza.com\/de\/2020\/05\/haben-oder-sein-erich-fromm-und-die-krise-des-menschen-im-21-jahrhundert\/\",\"name\":\"Haben oder Sein: Erich Fromm und die Krise des Menschen im 21. Jahrhundert\",\"isPartOf\":{\"@id\":\"https:\/\/www.pressenza.com\/de\/#website\"},\"primaryImageOfPage\":{\"@id\":\"https:\/\/www.pressenza.com\/de\/2020\/05\/haben-oder-sein-erich-fromm-und-die-krise-des-menschen-im-21-jahrhundert\/#primaryimage\"},\"image\":{\"@id\":\"https:\/\/www.pressenza.com\/de\/2020\/05\/haben-oder-sein-erich-fromm-und-die-krise-des-menschen-im-21-jahrhundert\/#primaryimage\"},\"thumbnailUrl\":\"https:\/\/www.pressenza.com\/wp-content\/uploads\/2020\/05\/8D4E9597-51F8-468A-B645-673D36E8A58C.jpeg\",\"datePublished\":\"2020-05-24T11:22:50+00:00\",\"dateModified\":\"2020-06-01T11:38:56+00:00\",\"description\":\"\u201eJetzt wird wieder in die H\u00e4nde gespuckt\u201c. Warum diese Einstellung noch einmal kritisch \u00fcberpr\u00fcft werden sollte, diskutiert Florian Maiwald in seinem\",\"breadcrumb\":{\"@id\":\"https:\/\/www.pressenza.com\/de\/2020\/05\/haben-oder-sein-erich-fromm-und-die-krise-des-menschen-im-21-jahrhundert\/#breadcrumb\"},\"inLanguage\":\"de\",\"potentialAction\":[{\"@type\":\"ReadAction\",\"target\":[\"https:\/\/www.pressenza.com\/de\/2020\/05\/haben-oder-sein-erich-fromm-und-die-krise-des-menschen-im-21-jahrhundert\/\"]}]},{\"@type\":\"ImageObject\",\"inLanguage\":\"de\",\"@id\":\"https:\/\/www.pressenza.com\/de\/2020\/05\/haben-oder-sein-erich-fromm-und-die-krise-des-menschen-im-21-jahrhundert\/#primaryimage\",\"url\":\"https:\/\/www.pressenza.com\/wp-content\/uploads\/2020\/05\/8D4E9597-51F8-468A-B645-673D36E8A58C.jpeg\",\"contentUrl\":\"https:\/\/www.pressenza.com\/wp-content\/uploads\/2020\/05\/8D4E9597-51F8-468A-B645-673D36E8A58C.jpeg\",\"width\":800,\"height\":445,\"caption\":\"Erich From\"},{\"@type\":\"BreadcrumbList\",\"@id\":\"https:\/\/www.pressenza.com\/de\/2020\/05\/haben-oder-sein-erich-fromm-und-die-krise-des-menschen-im-21-jahrhundert\/#breadcrumb\",\"itemListElement\":[{\"@type\":\"ListItem\",\"position\":1,\"name\":\"Accueil\",\"item\":\"https:\/\/www.pressenza.com\/de\/\"},{\"@type\":\"ListItem\",\"position\":2,\"name\":\"Haben oder Sein: Erich Fromm und die Krise des Menschen im 21. Jahrhundert\"}]},{\"@type\":\"WebSite\",\"@id\":\"https:\/\/www.pressenza.com\/de\/#website\",\"url\":\"https:\/\/www.pressenza.com\/de\/\",\"name\":\"Pressenza\",\"description\":\"International Press Agency\",\"publisher\":{\"@id\":\"https:\/\/www.pressenza.com\/de\/#organization\"},\"potentialAction\":[{\"@type\":\"SearchAction\",\"target\":{\"@type\":\"EntryPoint\",\"urlTemplate\":\"https:\/\/www.pressenza.com\/de\/?s={search_term_string}\"},\"query-input\":{\"@type\":\"PropertyValueSpecification\",\"valueRequired\":true,\"valueName\":\"search_term_string\"}}],\"inLanguage\":\"de\"},{\"@type\":\"Organization\",\"@id\":\"https:\/\/www.pressenza.com\/de\/#organization\",\"name\":\"Pressenza\",\"url\":\"https:\/\/www.pressenza.com\/de\/\",\"logo\":{\"@type\":\"ImageObject\",\"inLanguage\":\"de\",\"@id\":\"https:\/\/www.pressenza.com\/de\/#\/schema\/logo\/image\/\",\"url\":\"https:\/\/www.pressenza.com\/wp-content\/uploads\/2022\/10\/pressenza_logo_200x200.jpg\",\"contentUrl\":\"https:\/\/www.pressenza.com\/wp-content\/uploads\/2022\/10\/pressenza_logo_200x200.jpg\",\"width\":200,\"height\":200,\"caption\":\"Pressenza\"},\"image\":{\"@id\":\"https:\/\/www.pressenza.com\/de\/#\/schema\/logo\/image\/\"},\"sameAs\":[\"https:\/\/www.facebook.com\/PressenzaItalia\",\"https:\/\/x.com\/PressenzaIPA\"]},{\"@type\":\"Person\",\"@id\":\"https:\/\/www.pressenza.com\/de\/#\/schema\/person\/204e67ffc5ecb05d81ec7dbb33ded555\",\"name\":\"Unsere Zeitung\",\"url\":\"https:\/\/www.pressenza.com\/de\/author\/unsere-zeitung\/\"}]}<\/script>\n<!-- \/ Yoast SEO plugin. -->","yoast_head_json":{"title":"Haben oder Sein: Erich Fromm und die Krise des Menschen im 21. Jahrhundert","description":"\u201eJetzt wird wieder in die H\u00e4nde gespuckt\u201c. Warum diese Einstellung noch einmal kritisch \u00fcberpr\u00fcft werden sollte, diskutiert Florian Maiwald in seinem","robots":{"index":"index","follow":"follow","max-snippet":"max-snippet:-1","max-image-preview":"max-image-preview:large","max-video-preview":"max-video-preview:-1"},"canonical":"https:\/\/www.pressenza.com\/de\/2020\/05\/haben-oder-sein-erich-fromm-und-die-krise-des-menschen-im-21-jahrhundert\/","og_locale":"de_DE","og_type":"article","og_title":"Haben oder Sein: Erich Fromm und die Krise des Menschen im 21. Jahrhundert","og_description":"\u201eJetzt wird wieder in die H\u00e4nde gespuckt\u201c. Warum diese Einstellung noch einmal kritisch \u00fcberpr\u00fcft werden sollte, diskutiert Florian Maiwald in seinem","og_url":"https:\/\/www.pressenza.com\/de\/2020\/05\/haben-oder-sein-erich-fromm-und-die-krise-des-menschen-im-21-jahrhundert\/","og_site_name":"Pressenza","article_publisher":"https:\/\/www.facebook.com\/PressenzaItalia","article_published_time":"2020-05-24T11:22:50+00:00","article_modified_time":"2020-06-01T11:38:56+00:00","og_image":[{"width":800,"height":445,"url":"https:\/\/www.pressenza.com\/wp-content\/uploads\/2020\/05\/8D4E9597-51F8-468A-B645-673D36E8A58C.jpeg","type":"image\/jpeg"}],"author":"Unsere Zeitung","twitter_card":"summary_large_image","twitter_creator":"@PressenzaIPA","twitter_site":"@PressenzaIPA","twitter_misc":{"Verfasst von":"Unsere Zeitung","Gesch\u00e4tzte Lesezeit":"6\u00a0Minuten"},"schema":{"@context":"https:\/\/schema.org","@graph":[{"@type":"Article","@id":"https:\/\/www.pressenza.com\/de\/2020\/05\/haben-oder-sein-erich-fromm-und-die-krise-des-menschen-im-21-jahrhundert\/#article","isPartOf":{"@id":"https:\/\/www.pressenza.com\/de\/2020\/05\/haben-oder-sein-erich-fromm-und-die-krise-des-menschen-im-21-jahrhundert\/"},"author":{"name":"Unsere Zeitung","@id":"https:\/\/www.pressenza.com\/de\/#\/schema\/person\/204e67ffc5ecb05d81ec7dbb33ded555"},"headline":"Haben oder Sein: Erich Fromm und die Krise des Menschen im 21. Jahrhundert","datePublished":"2020-05-24T11:22:50+00:00","dateModified":"2020-06-01T11:38:56+00:00","mainEntityOfPage":{"@id":"https:\/\/www.pressenza.com\/de\/2020\/05\/haben-oder-sein-erich-fromm-und-die-krise-des-menschen-im-21-jahrhundert\/"},"wordCount":1200,"publisher":{"@id":"https:\/\/www.pressenza.com\/de\/#organization"},"image":{"@id":"https:\/\/www.pressenza.com\/de\/2020\/05\/haben-oder-sein-erich-fromm-und-die-krise-des-menschen-im-21-jahrhundert\/#primaryimage"},"thumbnailUrl":"https:\/\/www.pressenza.com\/wp-content\/uploads\/2020\/05\/8D4E9597-51F8-468A-B645-673D36E8A58C.jpeg","keywords":["covid","Erich Fromm","Gesellschaft","Kapitalismus"],"articleSection":["Europa","International","Wirtschaft","Wissenschaft und Technologie"],"inLanguage":"de"},{"@type":"WebPage","@id":"https:\/\/www.pressenza.com\/de\/2020\/05\/haben-oder-sein-erich-fromm-und-die-krise-des-menschen-im-21-jahrhundert\/","url":"https:\/\/www.pressenza.com\/de\/2020\/05\/haben-oder-sein-erich-fromm-und-die-krise-des-menschen-im-21-jahrhundert\/","name":"Haben oder Sein: Erich Fromm und die Krise des Menschen im 21. Jahrhundert","isPartOf":{"@id":"https:\/\/www.pressenza.com\/de\/#website"},"primaryImageOfPage":{"@id":"https:\/\/www.pressenza.com\/de\/2020\/05\/haben-oder-sein-erich-fromm-und-die-krise-des-menschen-im-21-jahrhundert\/#primaryimage"},"image":{"@id":"https:\/\/www.pressenza.com\/de\/2020\/05\/haben-oder-sein-erich-fromm-und-die-krise-des-menschen-im-21-jahrhundert\/#primaryimage"},"thumbnailUrl":"https:\/\/www.pressenza.com\/wp-content\/uploads\/2020\/05\/8D4E9597-51F8-468A-B645-673D36E8A58C.jpeg","datePublished":"2020-05-24T11:22:50+00:00","dateModified":"2020-06-01T11:38:56+00:00","description":"\u201eJetzt wird wieder in die H\u00e4nde gespuckt\u201c. Warum diese Einstellung noch einmal kritisch \u00fcberpr\u00fcft werden sollte, diskutiert Florian Maiwald in seinem","breadcrumb":{"@id":"https:\/\/www.pressenza.com\/de\/2020\/05\/haben-oder-sein-erich-fromm-und-die-krise-des-menschen-im-21-jahrhundert\/#breadcrumb"},"inLanguage":"de","potentialAction":[{"@type":"ReadAction","target":["https:\/\/www.pressenza.com\/de\/2020\/05\/haben-oder-sein-erich-fromm-und-die-krise-des-menschen-im-21-jahrhundert\/"]}]},{"@type":"ImageObject","inLanguage":"de","@id":"https:\/\/www.pressenza.com\/de\/2020\/05\/haben-oder-sein-erich-fromm-und-die-krise-des-menschen-im-21-jahrhundert\/#primaryimage","url":"https:\/\/www.pressenza.com\/wp-content\/uploads\/2020\/05\/8D4E9597-51F8-468A-B645-673D36E8A58C.jpeg","contentUrl":"https:\/\/www.pressenza.com\/wp-content\/uploads\/2020\/05\/8D4E9597-51F8-468A-B645-673D36E8A58C.jpeg","width":800,"height":445,"caption":"Erich From"},{"@type":"BreadcrumbList","@id":"https:\/\/www.pressenza.com\/de\/2020\/05\/haben-oder-sein-erich-fromm-und-die-krise-des-menschen-im-21-jahrhundert\/#breadcrumb","itemListElement":[{"@type":"ListItem","position":1,"name":"Accueil","item":"https:\/\/www.pressenza.com\/de\/"},{"@type":"ListItem","position":2,"name":"Haben oder Sein: Erich Fromm und die Krise des Menschen im 21. Jahrhundert"}]},{"@type":"WebSite","@id":"https:\/\/www.pressenza.com\/de\/#website","url":"https:\/\/www.pressenza.com\/de\/","name":"Pressenza","description":"International Press Agency","publisher":{"@id":"https:\/\/www.pressenza.com\/de\/#organization"},"potentialAction":[{"@type":"SearchAction","target":{"@type":"EntryPoint","urlTemplate":"https:\/\/www.pressenza.com\/de\/?s={search_term_string}"},"query-input":{"@type":"PropertyValueSpecification","valueRequired":true,"valueName":"search_term_string"}}],"inLanguage":"de"},{"@type":"Organization","@id":"https:\/\/www.pressenza.com\/de\/#organization","name":"Pressenza","url":"https:\/\/www.pressenza.com\/de\/","logo":{"@type":"ImageObject","inLanguage":"de","@id":"https:\/\/www.pressenza.com\/de\/#\/schema\/logo\/image\/","url":"https:\/\/www.pressenza.com\/wp-content\/uploads\/2022\/10\/pressenza_logo_200x200.jpg","contentUrl":"https:\/\/www.pressenza.com\/wp-content\/uploads\/2022\/10\/pressenza_logo_200x200.jpg","width":200,"height":200,"caption":"Pressenza"},"image":{"@id":"https:\/\/www.pressenza.com\/de\/#\/schema\/logo\/image\/"},"sameAs":["https:\/\/www.facebook.com\/PressenzaItalia","https:\/\/x.com\/PressenzaIPA"]},{"@type":"Person","@id":"https:\/\/www.pressenza.com\/de\/#\/schema\/person\/204e67ffc5ecb05d81ec7dbb33ded555","name":"Unsere Zeitung","url":"https:\/\/www.pressenza.com\/de\/author\/unsere-zeitung\/"}]}},"place":"","original_article_url":"https:\/\/www.unsere-zeitung.at\/2020\/05\/20\/haben-oder-sein-erich-fromm-und-die-krise-des-menschen-im-21-jahrhundert\/","_links":{"self":[{"href":"https:\/\/www.pressenza.com\/de\/wp-json\/wp\/v2\/posts\/1116894","targetHints":{"allow":["GET"]}}],"collection":[{"href":"https:\/\/www.pressenza.com\/de\/wp-json\/wp\/v2\/posts"}],"about":[{"href":"https:\/\/www.pressenza.com\/de\/wp-json\/wp\/v2\/types\/post"}],"author":[{"embeddable":true,"href":"https:\/\/www.pressenza.com\/de\/wp-json\/wp\/v2\/users\/1408"}],"replies":[{"embeddable":true,"href":"https:\/\/www.pressenza.com\/de\/wp-json\/wp\/v2\/comments?post=1116894"}],"version-history":[{"count":0,"href":"https:\/\/www.pressenza.com\/de\/wp-json\/wp\/v2\/posts\/1116894\/revisions"}],"wp:featuredmedia":[{"embeddable":true,"href":"https:\/\/www.pressenza.com\/de\/wp-json\/wp\/v2\/media\/1116895"}],"wp:attachment":[{"href":"https:\/\/www.pressenza.com\/de\/wp-json\/wp\/v2\/media?parent=1116894"}],"wp:term":[{"taxonomy":"category","embeddable":true,"href":"https:\/\/www.pressenza.com\/de\/wp-json\/wp\/v2\/categories?post=1116894"},{"taxonomy":"post_tag","embeddable":true,"href":"https:\/\/www.pressenza.com\/de\/wp-json\/wp\/v2\/tags?post=1116894"}],"curies":[{"name":"wp","href":"https:\/\/api.w.org\/{rel}","templated":true}]}}