{"id":1116670,"date":"2020-05-24T10:01:20","date_gmt":"2020-05-24T09:01:20","guid":{"rendered":"https:\/\/www.pressenza.com\/?p=1116670"},"modified":"2020-05-24T10:01:20","modified_gmt":"2020-05-24T09:01:20","slug":"aufruf-friedensnobelpreis-fuer-kubanische-aerztinnen-und-aerzte","status":"publish","type":"post","link":"https:\/\/www.pressenza.com\/de\/2020\/05\/aufruf-friedensnobelpreis-fuer-kubanische-aerztinnen-und-aerzte\/","title":{"rendered":"AUFRUF: \u201cFriedensnobelpreis f\u00fcr kubanische \u00c4rztinnen und \u00c4rzte\u201d"},"content":{"rendered":"<p><strong>Die COVID-19 Pandemie geht um die Welt, ganz unabh\u00e4ngig von L\u00e4ngen-und Breitengraden, nationalen Grenzen oder der jeweiligen technischen und wirtschaftlichen Entwicklung. Ungew\u00f6hnlich schnell hat sich das Virus in der Bev\u00f6lkerung ausgebreitet. Die Gesundheitssysteme vieler L\u00e4nder waren darauf nicht vorbereitet, auch nicht in Europa und Nordamerika.<\/strong><\/p>\n<p>Kuba hat schon zu einem fr\u00fchen Zeitpunkt des Gesundheitsnotstandes Kontingente seiner Medizinbrigade \u201cBrigada M\u00e9dica Internacional Henry Reeve\u201d in mehr als 20 L\u00e4nder geschickt und dort als Geste der Solidarit\u00e4t umsonst medizinische Hilfe angeboten. Kuba hat daf\u00fcr keine \u201epolitische Gegenleistung\u201c gefordert und das ist besonders beachtlich aufgrund des harten Embargos unter dem das Land seit Jahren zu leiden hat. In einigen F\u00e4llen haben lokale Verwaltungen wie z.B. in Italien direkt Hilfe durch Gesundheitsbrigaden aus Kuba angefragt. Und sie kamen mit \u00c4rzt*innen, medizinischem Personal, Techniker*innen, technischer und medizinischer Ausr\u00fcstung. Allein in den ersten Monaten der Pandemie, reisten kubanische Brigaden in mehr als 20 L\u00e4nder. Dort standen sie immer an vorderster Front, wenn es um Hilfe f\u00fcr vom Virus betroffene lokale Bev\u00f6lkerung ging.<\/p>\n<p>Die kubanischen &#8222;Brigada M\u00e9dica Internacional&#8220; haben eine lange und beeindruckende Geschichte im Kampf gegen globale Gesundheitsnotst\u00e4nde. So sind im Jahr 2014 mehr als 250 kubanische \u00c4rzte nach Westafrika gereist, um den Kampf gegen Ebola aufzunehmen. Die internationale Presse &#8211; ausgehend von der New York Times &#8211; erkannte \u00fcbereinstimmend an, dass Kuba eine \u201ef\u00fchrende Rolle\u201c im Sieg gegen das Virus zugekommen war. Einige Jahre zuvor waren kubanische \u00c4rzte in Haiti pr\u00e4sent, als ein Erdbeben die Insel zerst\u00f6rt hatte und im Gefolge eine Choleraepidemie ausgebrochen war. Nach dem Hurrikan Katrina, der die Stadt New Orleans so schwer getroffen hatte, waren sie sogar bereit, sich in die Vereinigten Staaten aufzumachen. Ihre Hilfe wurde von der damaligen US Administration zur\u00fcckgewiesen. Zurzeit sind zus\u00e4tzlich zu den COVID 19 \u201eMissionen\u201c \u00c4rzt*innen und Krankenpfleger*innen aus Kuba an fast 70 Auftr\u00e4gen in der ganzen Welt beteiligt.<\/p>\n<p><b>\u201cWir bieten nicht das an, was wir \u00fcbrig haben: Wir teilen was wir haben\u201c<\/b> lautet ihr Slogan. Mit diesem gro\u00dfartigen Engagement stellen sie idealerweise den Menschen in den Mittelpunkt, unabh\u00e4ngig von den politischen, sozialen und wirtschaftlichen Bedingungen. Die Zahl der Leben, die sie gerettet haben, ist unsch\u00e4tzbar, sowohl im Kampf gegen COVID-19 als auch bei all ihren anderen Missionen. Dahinter steckt als Grundhaltung eine tief empfundene menschliche und internationale Solidarit\u00e4t, die eine Quelle der Inspiration sein kann f\u00fcr alle Menschen auf der Welt, sich dem Kampf gegen das Virus und den Schwierigkeiten des \u201eWiederaufbaus\u201c zu stellen.<\/p>\n<p>Aus all diesen Gr\u00fcnden bitten wir Sie und Euch den Aufruf f\u00fcr eine Nominierung der kubanischen \u00c4rzte der <b>Cuban International Medical Brigades \u201cHenry Reeve\u201c<\/b> f\u00fcr den Friedensnobelpreis zu unterst\u00fctzen! Zur <a href=\"https:\/\/www.change.org\/p\/comitato-per-il-nobel-ai-medici-cubani-il-premio-nobel-per-la-pace?recruiter=619343744&amp;utm_source=share_petition&amp;utm_medium=email&amp;utm_campaign=psf_combo_share_initial&amp;utm_term=psf_combo_share_initial&amp;recruited_by_id=ee781d50-9ce2-11e6-938e-11dd7552ad27\" target=\"_blank\" rel=\"noopener noreferrer\">Petition<\/a>.<\/p>\n<p><em><strong>Die \u00dcbersetzung aus dem Englischen wurde von Heidi Meinzolt vom ehrenamtlichen Pressenza-\u00dcbersetzungsteam erstellt.<\/strong> <a href=\"https:\/\/www.pressenza.com\/de\/mitarbeiten\/\">Wir suchen Freiwillige!\u00a0<\/a><\/em><\/p>\n","protected":false},"excerpt":{"rendered":"<p>Die COVID-19 Pandemie geht um die Welt, ganz unabh\u00e4ngig von L\u00e4ngen-und Breitengraden, nationalen Grenzen oder der jeweiligen technischen und wirtschaftlichen Entwicklung. Ungew\u00f6hnlich schnell hat sich das Virus in der Bev\u00f6lkerung ausgebreitet. Die Gesundheitssysteme vieler L\u00e4nder waren darauf nicht vorbereitet, auch&hellip;<\/p>\n","protected":false},"author":594,"featured_media":1110513,"comment_status":"closed","ping_status":"closed","sticky":false,"template":"","format":"standard","meta":{"footnotes":""},"categories":[9167,9160,7835],"tags":[72645,72725,71680,72646,13953,37106,47270,19191,76141,73014],"class_list":["post-1116670","post","type-post","status-publish","format-standard","has-post-thumbnail","hentry","category-frieden-und-abruestung","category-gesundheit","category-international-de","tag-aerztebrigade","tag-coronakrise","tag-coronavirus-de","tag-covid-19-de","tag-ebola-de-7","tag-internationale-solidaritaet","tag-internationalismus","tag-kuba","tag-medizinbrigade","tag-pandemie-de"],"yoast_head":"<!-- This site is optimized with the Yoast SEO plugin v27.1.1 - https:\/\/yoast.com\/product\/yoast-seo-wordpress\/ -->\n<title>AUFRUF: \u201cFriedensnobelpreis f\u00fcr kubanische \u00c4rztinnen und \u00c4rzte\u201d<\/title>\n<meta name=\"description\" content=\"Die COVID-19 Pandemie geht um die Welt, ganz unabh\u00e4ngig von L\u00e4ngen-und Breitengraden, nationalen Grenzen oder der jeweiligen technischen und\" \/>\n<meta name=\"robots\" content=\"index, follow, max-snippet:-1, max-image-preview:large, max-video-preview:-1\" \/>\n<link rel=\"canonical\" href=\"https:\/\/www.pressenza.com\/de\/2020\/05\/aufruf-friedensnobelpreis-fuer-kubanische-aerztinnen-und-aerzte\/\" \/>\n<meta property=\"og:locale\" content=\"de_DE\" \/>\n<meta property=\"og:type\" content=\"article\" \/>\n<meta property=\"og:title\" content=\"AUFRUF: \u201cFriedensnobelpreis f\u00fcr kubanische \u00c4rztinnen und \u00c4rzte\u201d\" \/>\n<meta property=\"og:description\" content=\"Die COVID-19 Pandemie geht um die Welt, ganz unabh\u00e4ngig von L\u00e4ngen-und Breitengraden, nationalen Grenzen oder der jeweiligen technischen und\" \/>\n<meta property=\"og:url\" content=\"https:\/\/www.pressenza.com\/de\/2020\/05\/aufruf-friedensnobelpreis-fuer-kubanische-aerztinnen-und-aerzte\/\" \/>\n<meta property=\"og:site_name\" content=\"Pressenza\" \/>\n<meta property=\"article:publisher\" content=\"https:\/\/www.facebook.com\/PressenzaItalia\" \/>\n<meta property=\"article:author\" content=\"https:\/\/www.facebook.com\/PressenzaItalia\" \/>\n<meta property=\"article:published_time\" content=\"2020-05-24T09:01:20+00:00\" \/>\n<meta property=\"og:image\" content=\"https:\/\/www.pressenza.com\/wp-content\/uploads\/2020\/05\/medici-cubani.jpg\" \/>\n\t<meta property=\"og:image:width\" content=\"800\" \/>\n\t<meta property=\"og:image:height\" content=\"450\" \/>\n\t<meta property=\"og:image:type\" content=\"image\/jpeg\" \/>\n<meta name=\"author\" content=\"Redazione Italia\" \/>\n<meta name=\"twitter:card\" content=\"summary_large_image\" \/>\n<meta name=\"twitter:creator\" content=\"@pressenza_it\" \/>\n<meta name=\"twitter:site\" content=\"@PressenzaIPA\" \/>\n<meta name=\"twitter:label1\" content=\"Verfasst von\" \/>\n\t<meta name=\"twitter:data1\" content=\"Redazione Italia\" \/>\n\t<meta name=\"twitter:label2\" content=\"Gesch\u00e4tzte Lesezeit\" \/>\n\t<meta name=\"twitter:data2\" content=\"2\u00a0Minuten\" \/>\n<script type=\"application\/ld+json\" class=\"yoast-schema-graph\">{\"@context\":\"https:\/\/schema.org\",\"@graph\":[{\"@type\":\"Article\",\"@id\":\"https:\/\/www.pressenza.com\/de\/2020\/05\/aufruf-friedensnobelpreis-fuer-kubanische-aerztinnen-und-aerzte\/#article\",\"isPartOf\":{\"@id\":\"https:\/\/www.pressenza.com\/de\/2020\/05\/aufruf-friedensnobelpreis-fuer-kubanische-aerztinnen-und-aerzte\/\"},\"author\":{\"name\":\"Redazione Italia\",\"@id\":\"https:\/\/www.pressenza.com\/de\/#\/schema\/person\/d983e81827ae24f2c7b1a2123d197f8d\"},\"headline\":\"AUFRUF: \u201cFriedensnobelpreis f\u00fcr kubanische \u00c4rztinnen und \u00c4rzte\u201d\",\"datePublished\":\"2020-05-24T09:01:20+00:00\",\"mainEntityOfPage\":{\"@id\":\"https:\/\/www.pressenza.com\/de\/2020\/05\/aufruf-friedensnobelpreis-fuer-kubanische-aerztinnen-und-aerzte\/\"},\"wordCount\":486,\"publisher\":{\"@id\":\"https:\/\/www.pressenza.com\/de\/#organization\"},\"image\":{\"@id\":\"https:\/\/www.pressenza.com\/de\/2020\/05\/aufruf-friedensnobelpreis-fuer-kubanische-aerztinnen-und-aerzte\/#primaryimage\"},\"thumbnailUrl\":\"https:\/\/www.pressenza.com\/wp-content\/uploads\/2020\/05\/medici-cubani.jpg\",\"keywords\":[\"\u00c4rztebrigade\",\"Coronakrise\",\"coronavirus\",\"COVID-19\",\"Ebola\",\"Internationale Solidarit\u00e4t\",\"Internationalismus\",\"Kuba\",\"Medizinbrigade\",\"pandemie\"],\"articleSection\":[\"Frieden und Abr\u00fcstung\",\"Gesundheit\",\"International\"],\"inLanguage\":\"de\"},{\"@type\":\"WebPage\",\"@id\":\"https:\/\/www.pressenza.com\/de\/2020\/05\/aufruf-friedensnobelpreis-fuer-kubanische-aerztinnen-und-aerzte\/\",\"url\":\"https:\/\/www.pressenza.com\/de\/2020\/05\/aufruf-friedensnobelpreis-fuer-kubanische-aerztinnen-und-aerzte\/\",\"name\":\"AUFRUF: \u201cFriedensnobelpreis f\u00fcr kubanische \u00c4rztinnen und \u00c4rzte\u201d\",\"isPartOf\":{\"@id\":\"https:\/\/www.pressenza.com\/de\/#website\"},\"primaryImageOfPage\":{\"@id\":\"https:\/\/www.pressenza.com\/de\/2020\/05\/aufruf-friedensnobelpreis-fuer-kubanische-aerztinnen-und-aerzte\/#primaryimage\"},\"image\":{\"@id\":\"https:\/\/www.pressenza.com\/de\/2020\/05\/aufruf-friedensnobelpreis-fuer-kubanische-aerztinnen-und-aerzte\/#primaryimage\"},\"thumbnailUrl\":\"https:\/\/www.pressenza.com\/wp-content\/uploads\/2020\/05\/medici-cubani.jpg\",\"datePublished\":\"2020-05-24T09:01:20+00:00\",\"description\":\"Die COVID-19 Pandemie geht um die Welt, ganz unabh\u00e4ngig von L\u00e4ngen-und Breitengraden, nationalen Grenzen oder der jeweiligen technischen und\",\"breadcrumb\":{\"@id\":\"https:\/\/www.pressenza.com\/de\/2020\/05\/aufruf-friedensnobelpreis-fuer-kubanische-aerztinnen-und-aerzte\/#breadcrumb\"},\"inLanguage\":\"de\",\"potentialAction\":[{\"@type\":\"ReadAction\",\"target\":[\"https:\/\/www.pressenza.com\/de\/2020\/05\/aufruf-friedensnobelpreis-fuer-kubanische-aerztinnen-und-aerzte\/\"]}]},{\"@type\":\"ImageObject\",\"inLanguage\":\"de\",\"@id\":\"https:\/\/www.pressenza.com\/de\/2020\/05\/aufruf-friedensnobelpreis-fuer-kubanische-aerztinnen-und-aerzte\/#primaryimage\",\"url\":\"https:\/\/www.pressenza.com\/wp-content\/uploads\/2020\/05\/medici-cubani.jpg\",\"contentUrl\":\"https:\/\/www.pressenza.com\/wp-content\/uploads\/2020\/05\/medici-cubani.jpg\",\"width\":800,\"height\":450,\"caption\":\"Felh\u00edv\u00e1s: \u201eNobel-b\u00e9ked\u00edjat a kubai orvosok sz\u00e1m\u00e1ra\u201d\"},{\"@type\":\"BreadcrumbList\",\"@id\":\"https:\/\/www.pressenza.com\/de\/2020\/05\/aufruf-friedensnobelpreis-fuer-kubanische-aerztinnen-und-aerzte\/#breadcrumb\",\"itemListElement\":[{\"@type\":\"ListItem\",\"position\":1,\"name\":\"Accueil\",\"item\":\"https:\/\/www.pressenza.com\/de\/\"},{\"@type\":\"ListItem\",\"position\":2,\"name\":\"AUFRUF: \u201cFriedensnobelpreis f\u00fcr kubanische \u00c4rztinnen und \u00c4rzte\u201d\"}]},{\"@type\":\"WebSite\",\"@id\":\"https:\/\/www.pressenza.com\/de\/#website\",\"url\":\"https:\/\/www.pressenza.com\/de\/\",\"name\":\"Pressenza\",\"description\":\"International Press Agency\",\"publisher\":{\"@id\":\"https:\/\/www.pressenza.com\/de\/#organization\"},\"potentialAction\":[{\"@type\":\"SearchAction\",\"target\":{\"@type\":\"EntryPoint\",\"urlTemplate\":\"https:\/\/www.pressenza.com\/de\/?s={search_term_string}\"},\"query-input\":{\"@type\":\"PropertyValueSpecification\",\"valueRequired\":true,\"valueName\":\"search_term_string\"}}],\"inLanguage\":\"de\"},{\"@type\":\"Organization\",\"@id\":\"https:\/\/www.pressenza.com\/de\/#organization\",\"name\":\"Pressenza\",\"url\":\"https:\/\/www.pressenza.com\/de\/\",\"logo\":{\"@type\":\"ImageObject\",\"inLanguage\":\"de\",\"@id\":\"https:\/\/www.pressenza.com\/de\/#\/schema\/logo\/image\/\",\"url\":\"https:\/\/www.pressenza.com\/wp-content\/uploads\/2022\/10\/pressenza_logo_200x200.jpg\",\"contentUrl\":\"https:\/\/www.pressenza.com\/wp-content\/uploads\/2022\/10\/pressenza_logo_200x200.jpg\",\"width\":200,\"height\":200,\"caption\":\"Pressenza\"},\"image\":{\"@id\":\"https:\/\/www.pressenza.com\/de\/#\/schema\/logo\/image\/\"},\"sameAs\":[\"https:\/\/www.facebook.com\/PressenzaItalia\",\"https:\/\/x.com\/PressenzaIPA\"]},{\"@type\":\"Person\",\"@id\":\"https:\/\/www.pressenza.com\/de\/#\/schema\/person\/d983e81827ae24f2c7b1a2123d197f8d\",\"name\":\"Redazione Italia\",\"description\":\"News from the Pressenza Bureau in Italy\",\"sameAs\":[\"https:\/\/www.pressenza.com\/it\/author\/redazione-italia\/\",\"https:\/\/www.facebook.com\/PressenzaItalia\",\"https:\/\/www.instagram.com\/pressenza_italia\/\",\"https:\/\/x.com\/pressenza_it\",\"https:\/\/www.youtube.com\/channel\/UCSalEIWjE1RSxkwjfftFuqg\"],\"url\":\"https:\/\/www.pressenza.com\/de\/author\/redazione-italia\/\"}]}<\/script>\n<!-- \/ Yoast SEO plugin. -->","yoast_head_json":{"title":"AUFRUF: \u201cFriedensnobelpreis f\u00fcr kubanische \u00c4rztinnen und \u00c4rzte\u201d","description":"Die COVID-19 Pandemie geht um die Welt, ganz unabh\u00e4ngig von L\u00e4ngen-und Breitengraden, nationalen Grenzen oder der jeweiligen technischen und","robots":{"index":"index","follow":"follow","max-snippet":"max-snippet:-1","max-image-preview":"max-image-preview:large","max-video-preview":"max-video-preview:-1"},"canonical":"https:\/\/www.pressenza.com\/de\/2020\/05\/aufruf-friedensnobelpreis-fuer-kubanische-aerztinnen-und-aerzte\/","og_locale":"de_DE","og_type":"article","og_title":"AUFRUF: \u201cFriedensnobelpreis f\u00fcr kubanische \u00c4rztinnen und \u00c4rzte\u201d","og_description":"Die COVID-19 Pandemie geht um die Welt, ganz unabh\u00e4ngig von L\u00e4ngen-und Breitengraden, nationalen Grenzen oder der jeweiligen technischen und","og_url":"https:\/\/www.pressenza.com\/de\/2020\/05\/aufruf-friedensnobelpreis-fuer-kubanische-aerztinnen-und-aerzte\/","og_site_name":"Pressenza","article_publisher":"https:\/\/www.facebook.com\/PressenzaItalia","article_author":"https:\/\/www.facebook.com\/PressenzaItalia","article_published_time":"2020-05-24T09:01:20+00:00","og_image":[{"width":800,"height":450,"url":"https:\/\/www.pressenza.com\/wp-content\/uploads\/2020\/05\/medici-cubani.jpg","type":"image\/jpeg"}],"author":"Redazione Italia","twitter_card":"summary_large_image","twitter_creator":"@pressenza_it","twitter_site":"@PressenzaIPA","twitter_misc":{"Verfasst von":"Redazione Italia","Gesch\u00e4tzte Lesezeit":"2\u00a0Minuten"},"schema":{"@context":"https:\/\/schema.org","@graph":[{"@type":"Article","@id":"https:\/\/www.pressenza.com\/de\/2020\/05\/aufruf-friedensnobelpreis-fuer-kubanische-aerztinnen-und-aerzte\/#article","isPartOf":{"@id":"https:\/\/www.pressenza.com\/de\/2020\/05\/aufruf-friedensnobelpreis-fuer-kubanische-aerztinnen-und-aerzte\/"},"author":{"name":"Redazione Italia","@id":"https:\/\/www.pressenza.com\/de\/#\/schema\/person\/d983e81827ae24f2c7b1a2123d197f8d"},"headline":"AUFRUF: \u201cFriedensnobelpreis f\u00fcr kubanische \u00c4rztinnen und \u00c4rzte\u201d","datePublished":"2020-05-24T09:01:20+00:00","mainEntityOfPage":{"@id":"https:\/\/www.pressenza.com\/de\/2020\/05\/aufruf-friedensnobelpreis-fuer-kubanische-aerztinnen-und-aerzte\/"},"wordCount":486,"publisher":{"@id":"https:\/\/www.pressenza.com\/de\/#organization"},"image":{"@id":"https:\/\/www.pressenza.com\/de\/2020\/05\/aufruf-friedensnobelpreis-fuer-kubanische-aerztinnen-und-aerzte\/#primaryimage"},"thumbnailUrl":"https:\/\/www.pressenza.com\/wp-content\/uploads\/2020\/05\/medici-cubani.jpg","keywords":["\u00c4rztebrigade","Coronakrise","coronavirus","COVID-19","Ebola","Internationale Solidarit\u00e4t","Internationalismus","Kuba","Medizinbrigade","pandemie"],"articleSection":["Frieden und Abr\u00fcstung","Gesundheit","International"],"inLanguage":"de"},{"@type":"WebPage","@id":"https:\/\/www.pressenza.com\/de\/2020\/05\/aufruf-friedensnobelpreis-fuer-kubanische-aerztinnen-und-aerzte\/","url":"https:\/\/www.pressenza.com\/de\/2020\/05\/aufruf-friedensnobelpreis-fuer-kubanische-aerztinnen-und-aerzte\/","name":"AUFRUF: \u201cFriedensnobelpreis f\u00fcr kubanische \u00c4rztinnen und \u00c4rzte\u201d","isPartOf":{"@id":"https:\/\/www.pressenza.com\/de\/#website"},"primaryImageOfPage":{"@id":"https:\/\/www.pressenza.com\/de\/2020\/05\/aufruf-friedensnobelpreis-fuer-kubanische-aerztinnen-und-aerzte\/#primaryimage"},"image":{"@id":"https:\/\/www.pressenza.com\/de\/2020\/05\/aufruf-friedensnobelpreis-fuer-kubanische-aerztinnen-und-aerzte\/#primaryimage"},"thumbnailUrl":"https:\/\/www.pressenza.com\/wp-content\/uploads\/2020\/05\/medici-cubani.jpg","datePublished":"2020-05-24T09:01:20+00:00","description":"Die COVID-19 Pandemie geht um die Welt, ganz unabh\u00e4ngig von L\u00e4ngen-und Breitengraden, nationalen Grenzen oder der jeweiligen technischen und","breadcrumb":{"@id":"https:\/\/www.pressenza.com\/de\/2020\/05\/aufruf-friedensnobelpreis-fuer-kubanische-aerztinnen-und-aerzte\/#breadcrumb"},"inLanguage":"de","potentialAction":[{"@type":"ReadAction","target":["https:\/\/www.pressenza.com\/de\/2020\/05\/aufruf-friedensnobelpreis-fuer-kubanische-aerztinnen-und-aerzte\/"]}]},{"@type":"ImageObject","inLanguage":"de","@id":"https:\/\/www.pressenza.com\/de\/2020\/05\/aufruf-friedensnobelpreis-fuer-kubanische-aerztinnen-und-aerzte\/#primaryimage","url":"https:\/\/www.pressenza.com\/wp-content\/uploads\/2020\/05\/medici-cubani.jpg","contentUrl":"https:\/\/www.pressenza.com\/wp-content\/uploads\/2020\/05\/medici-cubani.jpg","width":800,"height":450,"caption":"Felh\u00edv\u00e1s: \u201eNobel-b\u00e9ked\u00edjat a kubai orvosok sz\u00e1m\u00e1ra\u201d"},{"@type":"BreadcrumbList","@id":"https:\/\/www.pressenza.com\/de\/2020\/05\/aufruf-friedensnobelpreis-fuer-kubanische-aerztinnen-und-aerzte\/#breadcrumb","itemListElement":[{"@type":"ListItem","position":1,"name":"Accueil","item":"https:\/\/www.pressenza.com\/de\/"},{"@type":"ListItem","position":2,"name":"AUFRUF: \u201cFriedensnobelpreis f\u00fcr kubanische \u00c4rztinnen und \u00c4rzte\u201d"}]},{"@type":"WebSite","@id":"https:\/\/www.pressenza.com\/de\/#website","url":"https:\/\/www.pressenza.com\/de\/","name":"Pressenza","description":"International Press Agency","publisher":{"@id":"https:\/\/www.pressenza.com\/de\/#organization"},"potentialAction":[{"@type":"SearchAction","target":{"@type":"EntryPoint","urlTemplate":"https:\/\/www.pressenza.com\/de\/?s={search_term_string}"},"query-input":{"@type":"PropertyValueSpecification","valueRequired":true,"valueName":"search_term_string"}}],"inLanguage":"de"},{"@type":"Organization","@id":"https:\/\/www.pressenza.com\/de\/#organization","name":"Pressenza","url":"https:\/\/www.pressenza.com\/de\/","logo":{"@type":"ImageObject","inLanguage":"de","@id":"https:\/\/www.pressenza.com\/de\/#\/schema\/logo\/image\/","url":"https:\/\/www.pressenza.com\/wp-content\/uploads\/2022\/10\/pressenza_logo_200x200.jpg","contentUrl":"https:\/\/www.pressenza.com\/wp-content\/uploads\/2022\/10\/pressenza_logo_200x200.jpg","width":200,"height":200,"caption":"Pressenza"},"image":{"@id":"https:\/\/www.pressenza.com\/de\/#\/schema\/logo\/image\/"},"sameAs":["https:\/\/www.facebook.com\/PressenzaItalia","https:\/\/x.com\/PressenzaIPA"]},{"@type":"Person","@id":"https:\/\/www.pressenza.com\/de\/#\/schema\/person\/d983e81827ae24f2c7b1a2123d197f8d","name":"Redazione Italia","description":"News from the Pressenza Bureau in Italy","sameAs":["https:\/\/www.pressenza.com\/it\/author\/redazione-italia\/","https:\/\/www.facebook.com\/PressenzaItalia","https:\/\/www.instagram.com\/pressenza_italia\/","https:\/\/x.com\/pressenza_it","https:\/\/www.youtube.com\/channel\/UCSalEIWjE1RSxkwjfftFuqg"],"url":"https:\/\/www.pressenza.com\/de\/author\/redazione-italia\/"}]}},"place":"","original_article_url":"","_links":{"self":[{"href":"https:\/\/www.pressenza.com\/de\/wp-json\/wp\/v2\/posts\/1116670","targetHints":{"allow":["GET"]}}],"collection":[{"href":"https:\/\/www.pressenza.com\/de\/wp-json\/wp\/v2\/posts"}],"about":[{"href":"https:\/\/www.pressenza.com\/de\/wp-json\/wp\/v2\/types\/post"}],"author":[{"embeddable":true,"href":"https:\/\/www.pressenza.com\/de\/wp-json\/wp\/v2\/users\/594"}],"replies":[{"embeddable":true,"href":"https:\/\/www.pressenza.com\/de\/wp-json\/wp\/v2\/comments?post=1116670"}],"version-history":[{"count":0,"href":"https:\/\/www.pressenza.com\/de\/wp-json\/wp\/v2\/posts\/1116670\/revisions"}],"wp:featuredmedia":[{"embeddable":true,"href":"https:\/\/www.pressenza.com\/de\/wp-json\/wp\/v2\/media\/1110513"}],"wp:attachment":[{"href":"https:\/\/www.pressenza.com\/de\/wp-json\/wp\/v2\/media?parent=1116670"}],"wp:term":[{"taxonomy":"category","embeddable":true,"href":"https:\/\/www.pressenza.com\/de\/wp-json\/wp\/v2\/categories?post=1116670"},{"taxonomy":"post_tag","embeddable":true,"href":"https:\/\/www.pressenza.com\/de\/wp-json\/wp\/v2\/tags?post=1116670"}],"curies":[{"name":"wp","href":"https:\/\/api.w.org\/{rel}","templated":true}]}}