{"id":1114490,"date":"2020-05-22T11:52:18","date_gmt":"2020-05-22T10:52:18","guid":{"rendered":"https:\/\/www.pressenza.com\/?p=1114490"},"modified":"2020-05-22T11:52:18","modified_gmt":"2020-05-22T10:52:18","slug":"afghanistan-kompromisslose-taliban","status":"publish","type":"post","link":"https:\/\/www.pressenza.com\/de\/2020\/05\/afghanistan-kompromisslose-taliban\/","title":{"rendered":"Afghanistan &#8211; kompromi\u00dflose Taliban &#8230;"},"content":{"rendered":"<div>\n<p><strong>In Afghanistan l\u00e4\u00dft das langersehnte Ende des Krieges weiter auf sich warten. Nach der kurzem Unterbrechung der K\u00e4mpfe, welche die Unterzeichnung eines Friedensabkommens zwischen den USA und den Taliban am 29. Februar in Doha erm\u00f6glichte, ist die Gewalt am Hindukusch wieder aufgeflammt.<\/strong><\/p>\n<p>Hauptverantwortlicher f\u00fcr diese traurige Entwicklung ist Pr\u00e4sident Ashraf Ghani, der versp\u00e4tet und nur sehr schleppend die in der katarischen Hauptstadt vereinbarte Freilassung von 5000 Taliban-Gefangenen im Austausch gegen 1000 inhaftierte Angeh\u00f6rige der afghanischen Sicherheitskr\u00e4fte umzusetzen begann und sich lieber mit seinem Ex-Premierminister Abdullah Abdullah \u00fcber den Ausgang der Pr\u00e4sidentenwahl im vergangenen September streitet. Beide Politiker reklamieren den Sieg f\u00fcr sich. Die erbitterten Rivalen haben sich jeweils am 9. M\u00e4rz in Kabul zum neuen &#8222;Staatsoberhaupt&#8220; ausrufen lassen, doch nur zur Amtseinf\u00fchrung Ghanis sind die Vertreter der USA und der anderen NATO-Staaten, die seit rund 20 Jahren mehr schlecht als recht an der &#8222;Stabilisierung&#8220; Afghanistans basteln, erschienen.<\/p>\n<p>Die eigene Wieder- oder Abwahl im November vor Augen dr\u00e4ngte Pr\u00e4sident Donald Trump auf einen raschen Abzug der US-Streitkr\u00e4fte aus Afghanistan. Berichten zufolge l\u00e4uft die mit den Taliban vereinbarte Reduzierung der amerikanischen Truppenpr\u00e4senz auf Hochtouren. Nach wie vor beharren die Taliban auf der Erf\u00fcllung ihrer Kernforderung, den kompletten Abzug aller ausl\u00e4ndischen Streitkr\u00e4fte aus Afghanistan, und geben sich in dieser Frage kompromi\u00dflos. Um den Deal mit den Taliban doch noch zu retten, erw\u00e4gt die Trump-Administration, die CIA-Pr\u00e4senz in Afghanistan k\u00fcnftig auf eine kleinere Abordnung, die in der US-Botschaft in Kabul stationiert w\u00e4re, zu reduzieren. Dies berichtete am 18. April die New York Times unter Verweis auf US-Regierungsquellen. Mit diesem Schachzug k\u00f6nnten es die Amerikaner vielleicht schaffen, die Taliban mit dem vordringlichsten Kriegsziel des Pentagons in Afghanistan, n\u00e4mlich dem Weiterbetrieb ihres mit Blick auf den Iran, Ru\u00dfland, China und Pakistan strategisch enorm wichtigen Luftwaffenst\u00fctzpunkts Bagram bei Kabul zu vers\u00f6hnen.<\/p>\n<p>F\u00fcr das Wiederaufflammen der K\u00e4mpfe in 14 der insgesamt 34 afghanischen Provinzen machen die Kriegsparteien einander gegenseitig verantwortlich. Nach schweren Anschuldigungen aus Washington und Kabul haben am 19. April die Taliban eine Liste von 50 Verst\u00f6\u00dfen allein der US-Streitkr\u00e4fte gegen das Friedensabkommen von Doha, darunter 33 Drohnenangriffe, ver\u00f6ffentlicht. Am 26. April machten die Taliban ihre Beschwerden an die Adresse von Pr\u00e4sident Ghani publik. Sie erkl\u00e4rten Ghanis Aufruf zur Feuerpause w\u00e4hrend des islamischen Fastenmonats Ramadan f\u00fcr &#8222;nicht glaubw\u00fcrdig&#8220;. Die Regierung in Kabul zeige &#8222;keinerlei Interesse&#8220; am Frieden und habe &#8222;von Anfang an der Umsetzung der Vereinbarung [von Doha &#8211; Anm. d. SB-Red.] Hindernisse in den Weg gelegt&#8220;, so die ehemaligen Koran-Sch\u00fcler. Zudem lasteten die Taliban Ghani und Konsorten an, den Gefangenenaustausch zu verz\u00f6gern, keine inklusive Delegation f\u00fcr die geplanten Friedensverhandlungen erstellt und den Dauerstreit mit Ex-Au\u00dfenminister Abdullah und dessen Anh\u00e4ngerschaft nicht beigelegt zu haben.<\/p>\n<p>Am 28. April, genau zwei Wochen, nachdem er extra nach Doha zu Beratungen mit Talibanchef Mullah Abdul Ghani Baradar geflogen war, richtete General Scott Miller, der Oberkommandierende der US-Streitkr\u00e4fte in Afghanistan, eine deutliche Warnung an die Aufst\u00e4ndischen. Beim Besuch des Hauptquartiers der afghanischen Spezialstreitkr\u00e4fte sowie demonstrativ an der Seite des gesch\u00e4ftsf\u00fchrenden Verteidigungsministers Assadullah Khalid erkl\u00e4rte Miller, da\u00df die Taliban, sollten sie weiterhin ihre Angriffe auf die afghanische Armee und Polizei durchf\u00fchren &#8211; derzeit liegt deren Anzahl im Schnitt bei 55 pro Tag &#8211; &#8222;mit einer Antwort&#8220; rechnen k\u00f6nnten.<\/p>\n<p>Bei aller Konzentration westlicher Medienaufmerksamkeit auf die Aktivit\u00e4ten der Taliban und das Leid, da\u00df sie mit ihren \u00dcberf\u00e4llen und Bombenangriffen unter der Zivilbev\u00f6lkerung verursachen, darf die Zerst\u00f6rung, welche die Regierungstruppen und ihre westlichen Verb\u00fcndeten anrichten, nicht au\u00dfer Acht gelassen werden. Den j\u00fcngsten Angaben der U.N. Assistance Mission for Afghanistan (UNAMA) zufolge starben in den ersten drei Monaten 2020 infolge milit\u00e4rischer Gewalt 533 Zivilisten, w\u00e4hrend 760 verletzt wurden. Im Vergleich zum ersten Quartal 2019 war das ein Anstieg der zivilen Kriegsopfer um 29 Prozent. F\u00fcr 55 Prozent der Verluste unter der Zivilbev\u00f6lkerung und &#8222;die meisten get\u00f6teten Kinder&#8220; sind laut UNAMA &#8222;regierungsfreundliche Kr\u00e4fte &#8230; haupts\u00e4chlich wegen Luftangriffen und indirektem Feuer bei Bodenk\u00e4mpfen&#8220; verantwortlich.<\/p>\n<\/div>\n","protected":false},"excerpt":{"rendered":"<p>In Afghanistan l\u00e4\u00dft das langersehnte Ende des Krieges weiter auf sich warten. Nach der kurzem Unterbrechung der K\u00e4mpfe, welche die Unterzeichnung eines Friedensabkommens zwischen den USA und den Taliban am 29. Februar in Doha erm\u00f6glichte, ist die Gewalt am Hindukusch&hellip;<\/p>\n","protected":false},"author":1413,"featured_media":1114491,"comment_status":"closed","ping_status":"closed","sticky":false,"template":"","format":"standard","meta":{"footnotes":""},"categories":[9151],"tags":[10364,76021,30130,76022,53147,9767],"class_list":["post-1114490","post","type-post","status-publish","format-standard","has-post-thumbnail","hentry","category-mittlerer-osten","tag-afghanistan-de","tag-friedensabkommen","tag-friedensprozess","tag-taliban-de","tag-truppenabzug","tag-usa-de"],"yoast_head":"<!-- This site is optimized with the Yoast SEO plugin v27.1.1 - https:\/\/yoast.com\/product\/yoast-seo-wordpress\/ -->\n<title>Afghanistan - kompromi\u00dflose Taliban ...<\/title>\n<meta name=\"description\" content=\"In Afghanistan l\u00e4\u00dft das langersehnte Ende des Krieges weiter auf sich warten. Nach der kurzem Unterbrechung der K\u00e4mpfe, welche die Unterzeichnung eines\" \/>\n<meta name=\"robots\" content=\"index, follow, max-snippet:-1, max-image-preview:large, max-video-preview:-1\" \/>\n<link rel=\"canonical\" href=\"https:\/\/www.pressenza.com\/de\/2020\/05\/afghanistan-kompromisslose-taliban\/\" \/>\n<meta property=\"og:locale\" content=\"de_DE\" \/>\n<meta property=\"og:type\" content=\"article\" \/>\n<meta property=\"og:title\" content=\"Afghanistan - kompromi\u00dflose Taliban ...\" \/>\n<meta property=\"og:description\" content=\"In Afghanistan l\u00e4\u00dft das langersehnte Ende des Krieges weiter auf sich warten. Nach der kurzem Unterbrechung der K\u00e4mpfe, welche die Unterzeichnung eines\" \/>\n<meta property=\"og:url\" content=\"https:\/\/www.pressenza.com\/de\/2020\/05\/afghanistan-kompromisslose-taliban\/\" \/>\n<meta property=\"og:site_name\" content=\"Pressenza\" \/>\n<meta property=\"article:publisher\" content=\"https:\/\/www.facebook.com\/PressenzaItalia\" \/>\n<meta property=\"article:published_time\" content=\"2020-05-22T10:52:18+00:00\" \/>\n<meta property=\"og:image\" content=\"https:\/\/www.pressenza.com\/wp-content\/uploads\/2020\/05\/Afghanistan_kompromi\u00dflose_Taliban.jpg\" \/>\n\t<meta property=\"og:image:width\" content=\"1920\" \/>\n\t<meta property=\"og:image:height\" content=\"1280\" \/>\n\t<meta property=\"og:image:type\" content=\"image\/jpeg\" \/>\n<meta name=\"author\" content=\"Schattenblick\" \/>\n<meta name=\"twitter:card\" content=\"summary_large_image\" \/>\n<meta name=\"twitter:creator\" content=\"@PressenzaIPA\" \/>\n<meta name=\"twitter:site\" content=\"@PressenzaIPA\" \/>\n<meta name=\"twitter:label1\" content=\"Verfasst von\" \/>\n\t<meta name=\"twitter:data1\" content=\"Schattenblick\" \/>\n\t<meta name=\"twitter:label2\" content=\"Gesch\u00e4tzte Lesezeit\" \/>\n\t<meta name=\"twitter:data2\" content=\"3\u00a0Minuten\" \/>\n<script type=\"application\/ld+json\" class=\"yoast-schema-graph\">{\"@context\":\"https:\/\/schema.org\",\"@graph\":[{\"@type\":\"Article\",\"@id\":\"https:\/\/www.pressenza.com\/de\/2020\/05\/afghanistan-kompromisslose-taliban\/#article\",\"isPartOf\":{\"@id\":\"https:\/\/www.pressenza.com\/de\/2020\/05\/afghanistan-kompromisslose-taliban\/\"},\"author\":{\"name\":\"Schattenblick\",\"@id\":\"https:\/\/www.pressenza.com\/de\/#\/schema\/person\/d65da92c65030205e174cb9dcafb2514\"},\"headline\":\"Afghanistan &#8211; kompromi\u00dflose Taliban &#8230;\",\"datePublished\":\"2020-05-22T10:52:18+00:00\",\"mainEntityOfPage\":{\"@id\":\"https:\/\/www.pressenza.com\/de\/2020\/05\/afghanistan-kompromisslose-taliban\/\"},\"wordCount\":689,\"publisher\":{\"@id\":\"https:\/\/www.pressenza.com\/de\/#organization\"},\"image\":{\"@id\":\"https:\/\/www.pressenza.com\/de\/2020\/05\/afghanistan-kompromisslose-taliban\/#primaryimage\"},\"thumbnailUrl\":\"https:\/\/www.pressenza.com\/wp-content\/uploads\/2020\/05\/Afghanistan_kompromi\u00dflose_Taliban.jpg\",\"keywords\":[\"Afghanistan\",\"Friedensabkommen\",\"Friedensprozess\",\"Taliban\",\"Truppenabzug\",\"USA\"],\"articleSection\":[\"Mittlerer Osten\"],\"inLanguage\":\"de\"},{\"@type\":\"WebPage\",\"@id\":\"https:\/\/www.pressenza.com\/de\/2020\/05\/afghanistan-kompromisslose-taliban\/\",\"url\":\"https:\/\/www.pressenza.com\/de\/2020\/05\/afghanistan-kompromisslose-taliban\/\",\"name\":\"Afghanistan - kompromi\u00dflose Taliban ...\",\"isPartOf\":{\"@id\":\"https:\/\/www.pressenza.com\/de\/#website\"},\"primaryImageOfPage\":{\"@id\":\"https:\/\/www.pressenza.com\/de\/2020\/05\/afghanistan-kompromisslose-taliban\/#primaryimage\"},\"image\":{\"@id\":\"https:\/\/www.pressenza.com\/de\/2020\/05\/afghanistan-kompromisslose-taliban\/#primaryimage\"},\"thumbnailUrl\":\"https:\/\/www.pressenza.com\/wp-content\/uploads\/2020\/05\/Afghanistan_kompromi\u00dflose_Taliban.jpg\",\"datePublished\":\"2020-05-22T10:52:18+00:00\",\"description\":\"In Afghanistan l\u00e4\u00dft das langersehnte Ende des Krieges weiter auf sich warten. Nach der kurzem Unterbrechung der K\u00e4mpfe, welche die Unterzeichnung eines\",\"breadcrumb\":{\"@id\":\"https:\/\/www.pressenza.com\/de\/2020\/05\/afghanistan-kompromisslose-taliban\/#breadcrumb\"},\"inLanguage\":\"de\",\"potentialAction\":[{\"@type\":\"ReadAction\",\"target\":[\"https:\/\/www.pressenza.com\/de\/2020\/05\/afghanistan-kompromisslose-taliban\/\"]}]},{\"@type\":\"ImageObject\",\"inLanguage\":\"de\",\"@id\":\"https:\/\/www.pressenza.com\/de\/2020\/05\/afghanistan-kompromisslose-taliban\/#primaryimage\",\"url\":\"https:\/\/www.pressenza.com\/wp-content\/uploads\/2020\/05\/Afghanistan_kompromi\u00dflose_Taliban.jpg\",\"contentUrl\":\"https:\/\/www.pressenza.com\/wp-content\/uploads\/2020\/05\/Afghanistan_kompromi\u00dflose_Taliban.jpg\",\"width\":1920,\"height\":1280,\"caption\":\"Afghanistan - kompromi\u00dflose Taliban ...\"},{\"@type\":\"BreadcrumbList\",\"@id\":\"https:\/\/www.pressenza.com\/de\/2020\/05\/afghanistan-kompromisslose-taliban\/#breadcrumb\",\"itemListElement\":[{\"@type\":\"ListItem\",\"position\":1,\"name\":\"Accueil\",\"item\":\"https:\/\/www.pressenza.com\/de\/\"},{\"@type\":\"ListItem\",\"position\":2,\"name\":\"Afghanistan &#8211; kompromi\u00dflose Taliban &#8230;\"}]},{\"@type\":\"WebSite\",\"@id\":\"https:\/\/www.pressenza.com\/de\/#website\",\"url\":\"https:\/\/www.pressenza.com\/de\/\",\"name\":\"Pressenza\",\"description\":\"International Press Agency\",\"publisher\":{\"@id\":\"https:\/\/www.pressenza.com\/de\/#organization\"},\"potentialAction\":[{\"@type\":\"SearchAction\",\"target\":{\"@type\":\"EntryPoint\",\"urlTemplate\":\"https:\/\/www.pressenza.com\/de\/?s={search_term_string}\"},\"query-input\":{\"@type\":\"PropertyValueSpecification\",\"valueRequired\":true,\"valueName\":\"search_term_string\"}}],\"inLanguage\":\"de\"},{\"@type\":\"Organization\",\"@id\":\"https:\/\/www.pressenza.com\/de\/#organization\",\"name\":\"Pressenza\",\"url\":\"https:\/\/www.pressenza.com\/de\/\",\"logo\":{\"@type\":\"ImageObject\",\"inLanguage\":\"de\",\"@id\":\"https:\/\/www.pressenza.com\/de\/#\/schema\/logo\/image\/\",\"url\":\"https:\/\/www.pressenza.com\/wp-content\/uploads\/2022\/10\/pressenza_logo_200x200.jpg\",\"contentUrl\":\"https:\/\/www.pressenza.com\/wp-content\/uploads\/2022\/10\/pressenza_logo_200x200.jpg\",\"width\":200,\"height\":200,\"caption\":\"Pressenza\"},\"image\":{\"@id\":\"https:\/\/www.pressenza.com\/de\/#\/schema\/logo\/image\/\"},\"sameAs\":[\"https:\/\/www.facebook.com\/PressenzaItalia\",\"https:\/\/x.com\/PressenzaIPA\"]},{\"@type\":\"Person\",\"@id\":\"https:\/\/www.pressenza.com\/de\/#\/schema\/person\/d65da92c65030205e174cb9dcafb2514\",\"name\":\"Schattenblick\",\"description\":\"Informativ, sozial- und umweltkritisch, engagiert Der Schattenblick ist eine nicht-kommerzielle Online-Tageszeitung und kann seit 2013 auch als Wochendruckausgabe mit Berichten, Reportagen, Kommentaren und Interviews der Schattenblick-Redaktion, der internationalen Nachrichtenagentur Pressenza und des Pressedienstes poonal mit kritischen Analysen und Hintergr\u00fcnden aus aller Welt bezogen werden. Die auf Pressenza ver\u00f6ffentlichten Artikel und Fotografien von Schattenblick unterliegen nicht der Creative Commons Lizenz und d\u00fcrfen ohne Zustimmung der Redaktion Schattenblick nicht verwendet werden.\",\"sameAs\":[\"http:\/\/www.schattenblick.de\/\"],\"url\":\"https:\/\/www.pressenza.com\/de\/author\/schattenblick\/\"}]}<\/script>\n<!-- \/ Yoast SEO plugin. -->","yoast_head_json":{"title":"Afghanistan - kompromi\u00dflose Taliban ...","description":"In Afghanistan l\u00e4\u00dft das langersehnte Ende des Krieges weiter auf sich warten. Nach der kurzem Unterbrechung der K\u00e4mpfe, welche die Unterzeichnung eines","robots":{"index":"index","follow":"follow","max-snippet":"max-snippet:-1","max-image-preview":"max-image-preview:large","max-video-preview":"max-video-preview:-1"},"canonical":"https:\/\/www.pressenza.com\/de\/2020\/05\/afghanistan-kompromisslose-taliban\/","og_locale":"de_DE","og_type":"article","og_title":"Afghanistan - kompromi\u00dflose Taliban ...","og_description":"In Afghanistan l\u00e4\u00dft das langersehnte Ende des Krieges weiter auf sich warten. Nach der kurzem Unterbrechung der K\u00e4mpfe, welche die Unterzeichnung eines","og_url":"https:\/\/www.pressenza.com\/de\/2020\/05\/afghanistan-kompromisslose-taliban\/","og_site_name":"Pressenza","article_publisher":"https:\/\/www.facebook.com\/PressenzaItalia","article_published_time":"2020-05-22T10:52:18+00:00","og_image":[{"width":1920,"height":1280,"url":"https:\/\/www.pressenza.com\/wp-content\/uploads\/2020\/05\/Afghanistan_kompromi\u00dflose_Taliban.jpg","type":"image\/jpeg"}],"author":"Schattenblick","twitter_card":"summary_large_image","twitter_creator":"@PressenzaIPA","twitter_site":"@PressenzaIPA","twitter_misc":{"Verfasst von":"Schattenblick","Gesch\u00e4tzte Lesezeit":"3\u00a0Minuten"},"schema":{"@context":"https:\/\/schema.org","@graph":[{"@type":"Article","@id":"https:\/\/www.pressenza.com\/de\/2020\/05\/afghanistan-kompromisslose-taliban\/#article","isPartOf":{"@id":"https:\/\/www.pressenza.com\/de\/2020\/05\/afghanistan-kompromisslose-taliban\/"},"author":{"name":"Schattenblick","@id":"https:\/\/www.pressenza.com\/de\/#\/schema\/person\/d65da92c65030205e174cb9dcafb2514"},"headline":"Afghanistan &#8211; kompromi\u00dflose Taliban &#8230;","datePublished":"2020-05-22T10:52:18+00:00","mainEntityOfPage":{"@id":"https:\/\/www.pressenza.com\/de\/2020\/05\/afghanistan-kompromisslose-taliban\/"},"wordCount":689,"publisher":{"@id":"https:\/\/www.pressenza.com\/de\/#organization"},"image":{"@id":"https:\/\/www.pressenza.com\/de\/2020\/05\/afghanistan-kompromisslose-taliban\/#primaryimage"},"thumbnailUrl":"https:\/\/www.pressenza.com\/wp-content\/uploads\/2020\/05\/Afghanistan_kompromi\u00dflose_Taliban.jpg","keywords":["Afghanistan","Friedensabkommen","Friedensprozess","Taliban","Truppenabzug","USA"],"articleSection":["Mittlerer Osten"],"inLanguage":"de"},{"@type":"WebPage","@id":"https:\/\/www.pressenza.com\/de\/2020\/05\/afghanistan-kompromisslose-taliban\/","url":"https:\/\/www.pressenza.com\/de\/2020\/05\/afghanistan-kompromisslose-taliban\/","name":"Afghanistan - kompromi\u00dflose Taliban ...","isPartOf":{"@id":"https:\/\/www.pressenza.com\/de\/#website"},"primaryImageOfPage":{"@id":"https:\/\/www.pressenza.com\/de\/2020\/05\/afghanistan-kompromisslose-taliban\/#primaryimage"},"image":{"@id":"https:\/\/www.pressenza.com\/de\/2020\/05\/afghanistan-kompromisslose-taliban\/#primaryimage"},"thumbnailUrl":"https:\/\/www.pressenza.com\/wp-content\/uploads\/2020\/05\/Afghanistan_kompromi\u00dflose_Taliban.jpg","datePublished":"2020-05-22T10:52:18+00:00","description":"In Afghanistan l\u00e4\u00dft das langersehnte Ende des Krieges weiter auf sich warten. Nach der kurzem Unterbrechung der K\u00e4mpfe, welche die Unterzeichnung eines","breadcrumb":{"@id":"https:\/\/www.pressenza.com\/de\/2020\/05\/afghanistan-kompromisslose-taliban\/#breadcrumb"},"inLanguage":"de","potentialAction":[{"@type":"ReadAction","target":["https:\/\/www.pressenza.com\/de\/2020\/05\/afghanistan-kompromisslose-taliban\/"]}]},{"@type":"ImageObject","inLanguage":"de","@id":"https:\/\/www.pressenza.com\/de\/2020\/05\/afghanistan-kompromisslose-taliban\/#primaryimage","url":"https:\/\/www.pressenza.com\/wp-content\/uploads\/2020\/05\/Afghanistan_kompromi\u00dflose_Taliban.jpg","contentUrl":"https:\/\/www.pressenza.com\/wp-content\/uploads\/2020\/05\/Afghanistan_kompromi\u00dflose_Taliban.jpg","width":1920,"height":1280,"caption":"Afghanistan - kompromi\u00dflose Taliban ..."},{"@type":"BreadcrumbList","@id":"https:\/\/www.pressenza.com\/de\/2020\/05\/afghanistan-kompromisslose-taliban\/#breadcrumb","itemListElement":[{"@type":"ListItem","position":1,"name":"Accueil","item":"https:\/\/www.pressenza.com\/de\/"},{"@type":"ListItem","position":2,"name":"Afghanistan &#8211; kompromi\u00dflose Taliban &#8230;"}]},{"@type":"WebSite","@id":"https:\/\/www.pressenza.com\/de\/#website","url":"https:\/\/www.pressenza.com\/de\/","name":"Pressenza","description":"International Press Agency","publisher":{"@id":"https:\/\/www.pressenza.com\/de\/#organization"},"potentialAction":[{"@type":"SearchAction","target":{"@type":"EntryPoint","urlTemplate":"https:\/\/www.pressenza.com\/de\/?s={search_term_string}"},"query-input":{"@type":"PropertyValueSpecification","valueRequired":true,"valueName":"search_term_string"}}],"inLanguage":"de"},{"@type":"Organization","@id":"https:\/\/www.pressenza.com\/de\/#organization","name":"Pressenza","url":"https:\/\/www.pressenza.com\/de\/","logo":{"@type":"ImageObject","inLanguage":"de","@id":"https:\/\/www.pressenza.com\/de\/#\/schema\/logo\/image\/","url":"https:\/\/www.pressenza.com\/wp-content\/uploads\/2022\/10\/pressenza_logo_200x200.jpg","contentUrl":"https:\/\/www.pressenza.com\/wp-content\/uploads\/2022\/10\/pressenza_logo_200x200.jpg","width":200,"height":200,"caption":"Pressenza"},"image":{"@id":"https:\/\/www.pressenza.com\/de\/#\/schema\/logo\/image\/"},"sameAs":["https:\/\/www.facebook.com\/PressenzaItalia","https:\/\/x.com\/PressenzaIPA"]},{"@type":"Person","@id":"https:\/\/www.pressenza.com\/de\/#\/schema\/person\/d65da92c65030205e174cb9dcafb2514","name":"Schattenblick","description":"Informativ, sozial- und umweltkritisch, engagiert Der Schattenblick ist eine nicht-kommerzielle Online-Tageszeitung und kann seit 2013 auch als Wochendruckausgabe mit Berichten, Reportagen, Kommentaren und Interviews der Schattenblick-Redaktion, der internationalen Nachrichtenagentur Pressenza und des Pressedienstes poonal mit kritischen Analysen und Hintergr\u00fcnden aus aller Welt bezogen werden. Die auf Pressenza ver\u00f6ffentlichten Artikel und Fotografien von Schattenblick unterliegen nicht der Creative Commons Lizenz und d\u00fcrfen ohne Zustimmung der Redaktion Schattenblick nicht verwendet werden.","sameAs":["http:\/\/www.schattenblick.de\/"],"url":"https:\/\/www.pressenza.com\/de\/author\/schattenblick\/"}]}},"place":"","original_article_url":"http:\/\/www.schattenblick.de\/infopool\/politik\/redakt\/asie-954.html","_links":{"self":[{"href":"https:\/\/www.pressenza.com\/de\/wp-json\/wp\/v2\/posts\/1114490","targetHints":{"allow":["GET"]}}],"collection":[{"href":"https:\/\/www.pressenza.com\/de\/wp-json\/wp\/v2\/posts"}],"about":[{"href":"https:\/\/www.pressenza.com\/de\/wp-json\/wp\/v2\/types\/post"}],"author":[{"embeddable":true,"href":"https:\/\/www.pressenza.com\/de\/wp-json\/wp\/v2\/users\/1413"}],"replies":[{"embeddable":true,"href":"https:\/\/www.pressenza.com\/de\/wp-json\/wp\/v2\/comments?post=1114490"}],"version-history":[{"count":0,"href":"https:\/\/www.pressenza.com\/de\/wp-json\/wp\/v2\/posts\/1114490\/revisions"}],"wp:featuredmedia":[{"embeddable":true,"href":"https:\/\/www.pressenza.com\/de\/wp-json\/wp\/v2\/media\/1114491"}],"wp:attachment":[{"href":"https:\/\/www.pressenza.com\/de\/wp-json\/wp\/v2\/media?parent=1114490"}],"wp:term":[{"taxonomy":"category","embeddable":true,"href":"https:\/\/www.pressenza.com\/de\/wp-json\/wp\/v2\/categories?post=1114490"},{"taxonomy":"post_tag","embeddable":true,"href":"https:\/\/www.pressenza.com\/de\/wp-json\/wp\/v2\/tags?post=1114490"}],"curies":[{"name":"wp","href":"https:\/\/api.w.org\/{rel}","templated":true}]}}