{"id":1114183,"date":"2020-05-21T17:32:15","date_gmt":"2020-05-21T16:32:15","guid":{"rendered":"https:\/\/www.pressenza.com\/?p=1114183"},"modified":"2020-05-21T17:35:42","modified_gmt":"2020-05-21T16:35:42","slug":"un-vertreterinnen-gemeinsam-dem-hass-und-der-gewalt-gegenueber-lgbti-personen-entgegentreten","status":"publish","type":"post","link":"https:\/\/www.pressenza.com\/de\/2020\/05\/un-vertreterinnen-gemeinsam-dem-hass-und-der-gewalt-gegenueber-lgbti-personen-entgegentreten\/","title":{"rendered":"UN-VertreterInnen: Gemeinsam dem Hass und der Gewalt gegen\u00fcber LGBTI-Personen entgegentreten"},"content":{"rendered":"<p><strong>Der UN-Generalsekret\u00e4r Antonio Guterres ruft die Menschen \u00fcberall dazu auf, die Rechte auf Freiheit und Gleichheit zu unterst\u00fctzen, wie er in seiner Botschaft zum internationalen Tag gegen Homophobie, Biphobie und Transphobie mitteilte.<\/strong><\/p>\n<p>Die Gedenkveranstaltung findet zu einem Zeitpunkt statt, an dem die Welt gegen die Covid-19-Pandemie k\u00e4mpft, die die Verwundbarkeit von Lesben, Schwulen, Bisexuellen, Transsexuellen und Intersexuellen (LGBTI) erh\u00f6ht hat.<\/p>\n<p>\u201eViele LGBTI-Personen, die bereits Vorurteilen, Angriffen und Morden ausgesetzt sind, nur daf\u00fcr, wer sie sind oder wen sie lieben, erleben h\u00e4ufig als Folge des Virus Stigmatisierung und ihnen wird die Inanspruchnahme von medizinischen Versorgung erschwert\u201c, sagt Guterres. \u201eEs gibt auch Berichte \u00fcber Covid-19 Richtlinien, die von der Polizei missbraucht werden, um LGBTI-Personen und -Organisationen ins Visier zu nehmen.\u201c<\/p>\n<p>Die Krise hat die Dinge f\u00fcr LGBTI-Menschen schlechter gemacht, laut Michelle Bachelete, UN-Hochkommissarin f\u00fcr Menschenrechte.<\/p>\n<p>\u201eLGBTI-Personen sind oft zus\u00e4tzlicher Stigmatisierung, Diskriminierungen und Gewalt ausgesetzt, bei Beanspruchung von medizinischen Leistungen und was vielleicht am Traurigsten ist, innerhalb ihrer eigenen Familien w\u00e4hrend der Ausgangssperre. Au\u00dferdem werden sie an einigen Orten als S\u00fcndenb\u00f6cke f\u00fcr die Ausbreitung des Virus verantwortlich gemacht\u201c, sagte sie.<\/p>\n<p>In Bezug auf das Themas des internationalen Tages rief Michele Bachlete alle dazu auf, gegen Hass aufzustehen und \u201edas Schweigen\u201c \u00fcber die Diskriminierung und die Gewalt zu brechen, unter der die die LGBTI Gemeinschaft leidet.<\/p>\n<p>\u201eLasst uns den homophoben, transphoben und biphoben Haltungen und Erz\u00e4hlungen entgegentreten, die so gro\u00dfe Auswirkungen auf die Leben so vieler Menschen weltweit haben\u201c, f\u00fcgte sie hinzu.<\/p>\n<p>Der Generalsekret\u00e4r betonte, dass die Vereinten Nationen im Verlauf der Pandemie weiterhin Ungerechtigkeiten gegen\u00fcber LGBTI-Personen sowie andere Ungerechtigkeiten zu Sprache bringen wird.<\/p>\n<p>Herr Guterres sagte:<\/p>\n<blockquote><p><em>\u201eLasst uns gemeinsam gegen Diskriminierung und f\u00fcr das Recht aller auf ein freies und gleichberechtigtes Leben in W\u00fcrde eintreten\u201c.<\/em><\/p><\/blockquote>\n<p><em>Die \u00dcbersetzung aus dem Englischen wurde von Hannes H\u00f6fs vom ehrenamtlichen Pressenza-\u00dcbersetzungsteam erstellt. <a href=\"https:\/\/www.pressenza.com\/de\/mitarbeiten\/\">Wir suchen Freiwillige!\u00a0<\/a><\/em><\/p>\n","protected":false},"excerpt":{"rendered":"<p>Der UN-Generalsekret\u00e4r Antonio Guterres ruft die Menschen \u00fcberall dazu auf, die Rechte auf Freiheit und Gleichheit zu unterst\u00fctzen, wie er in seiner Botschaft zum internationalen Tag gegen Homophobie, Biphobie und Transphobie mitteilte. Die Gedenkveranstaltung findet zu einem Zeitpunkt statt, an&hellip;<\/p>\n","protected":false},"author":933,"featured_media":1109670,"comment_status":"closed","ping_status":"closed","sticky":false,"template":"","format":"standard","meta":{"footnotes":""},"categories":[7835,9161,9165],"tags":[75751,69760,75752,72646,12091,17560,75990,72869,57684,15828,17596,75753],"class_list":["post-1114183","post","type-post","status-publish","format-standard","has-post-thumbnail","hentry","category-international-de","category-menschenrechte","category-vielfalt","tag-idahobi","tag-antonio-guterres-de","tag-biphobie","tag-covid-19-de","tag-homophobie-de","tag-internationaler-tag-gegen-homophobie","tag-lgbti-de","tag-michelle-bachelet","tag-selbstbestimmung","tag-toleranz","tag-transphobie","tag-wahlfreiheit"],"yoast_head":"<!-- This site is optimized with the Yoast SEO plugin v27.1.1 - https:\/\/yoast.com\/product\/yoast-seo-wordpress\/ -->\n<title>UN-VertreterInnen: Gemeinsam dem Hass und der Gewalt gegen\u00fcber LGBTI-Personen entgegentreten<\/title>\n<meta name=\"description\" content=\"Der UN-Generalsekret\u00e4r Antonio Guterres ruft die Menschen \u00fcberall dazu auf, die Rechte auf Freiheit und Gleichheit zu unterst\u00fctzen, wie er in seiner\" \/>\n<meta name=\"robots\" content=\"index, follow, max-snippet:-1, max-image-preview:large, max-video-preview:-1\" \/>\n<link rel=\"canonical\" href=\"https:\/\/www.pressenza.com\/de\/2020\/05\/un-vertreterinnen-gemeinsam-dem-hass-und-der-gewalt-gegenueber-lgbti-personen-entgegentreten\/\" \/>\n<meta property=\"og:locale\" content=\"de_DE\" \/>\n<meta property=\"og:type\" content=\"article\" \/>\n<meta property=\"og:title\" content=\"UN-VertreterInnen: Gemeinsam dem Hass und der Gewalt gegen\u00fcber LGBTI-Personen entgegentreten\" \/>\n<meta property=\"og:description\" content=\"Der UN-Generalsekret\u00e4r Antonio Guterres ruft die Menschen \u00fcberall dazu auf, die Rechte auf Freiheit und Gleichheit zu unterst\u00fctzen, wie er in seiner\" \/>\n<meta property=\"og:url\" content=\"https:\/\/www.pressenza.com\/de\/2020\/05\/un-vertreterinnen-gemeinsam-dem-hass-und-der-gewalt-gegenueber-lgbti-personen-entgegentreten\/\" \/>\n<meta property=\"og:site_name\" content=\"Pressenza\" \/>\n<meta property=\"article:publisher\" content=\"https:\/\/www.facebook.com\/PressenzaItalia\" \/>\n<meta property=\"article:author\" content=\"https:\/\/www.facebook.com\/UN.News.Centre\" \/>\n<meta property=\"article:published_time\" content=\"2020-05-21T16:32:15+00:00\" \/>\n<meta property=\"article:modified_time\" content=\"2020-05-21T16:35:42+00:00\" \/>\n<meta property=\"og:image\" content=\"https:\/\/www.pressenza.com\/wp-content\/uploads\/2020\/05\/image1170x530cropped-4.jpg\" \/>\n\t<meta property=\"og:image:width\" content=\"1178\" \/>\n\t<meta property=\"og:image:height\" content=\"530\" \/>\n\t<meta property=\"og:image:type\" content=\"image\/jpeg\" \/>\n<meta name=\"author\" content=\"UN News Centre\" \/>\n<meta name=\"twitter:card\" content=\"summary_large_image\" \/>\n<meta name=\"twitter:creator\" content=\"@UN_News_Centre\" \/>\n<meta name=\"twitter:site\" content=\"@PressenzaIPA\" \/>\n<meta name=\"twitter:label1\" content=\"Verfasst von\" \/>\n\t<meta name=\"twitter:data1\" content=\"UN News Centre\" \/>\n\t<meta name=\"twitter:label2\" content=\"Gesch\u00e4tzte Lesezeit\" \/>\n\t<meta name=\"twitter:data2\" content=\"2\u00a0Minuten\" \/>\n<script type=\"application\/ld+json\" class=\"yoast-schema-graph\">{\"@context\":\"https:\/\/schema.org\",\"@graph\":[{\"@type\":\"Article\",\"@id\":\"https:\/\/www.pressenza.com\/de\/2020\/05\/un-vertreterinnen-gemeinsam-dem-hass-und-der-gewalt-gegenueber-lgbti-personen-entgegentreten\/#article\",\"isPartOf\":{\"@id\":\"https:\/\/www.pressenza.com\/de\/2020\/05\/un-vertreterinnen-gemeinsam-dem-hass-und-der-gewalt-gegenueber-lgbti-personen-entgegentreten\/\"},\"author\":{\"name\":\"UN News Centre\",\"@id\":\"https:\/\/www.pressenza.com\/de\/#\/schema\/person\/868696f3a70d4f8ef7caec14cc979248\"},\"headline\":\"UN-VertreterInnen: Gemeinsam dem Hass und der Gewalt gegen\u00fcber LGBTI-Personen entgegentreten\",\"datePublished\":\"2020-05-21T16:32:15+00:00\",\"dateModified\":\"2020-05-21T16:35:42+00:00\",\"mainEntityOfPage\":{\"@id\":\"https:\/\/www.pressenza.com\/de\/2020\/05\/un-vertreterinnen-gemeinsam-dem-hass-und-der-gewalt-gegenueber-lgbti-personen-entgegentreten\/\"},\"wordCount\":333,\"publisher\":{\"@id\":\"https:\/\/www.pressenza.com\/de\/#organization\"},\"image\":{\"@id\":\"https:\/\/www.pressenza.com\/de\/2020\/05\/un-vertreterinnen-gemeinsam-dem-hass-und-der-gewalt-gegenueber-lgbti-personen-entgegentreten\/#primaryimage\"},\"thumbnailUrl\":\"https:\/\/www.pressenza.com\/wp-content\/uploads\/2020\/05\/image1170x530cropped-4.jpg\",\"keywords\":[\"#IDAHOBI\",\"Antonio Guterres\",\"Biphobie\",\"COVID-19\",\"Homophobie\",\"Internationaler Tag gegen Homophobie\",\"LGBTI\",\"Michelle Bachelet\",\"Selbstbestimmung\",\"Toleranz\",\"Transphobie\",\"Wahlfreiheit\"],\"articleSection\":[\"International\",\"Menschenrechte\",\"Vielfalt\"],\"inLanguage\":\"de\"},{\"@type\":\"WebPage\",\"@id\":\"https:\/\/www.pressenza.com\/de\/2020\/05\/un-vertreterinnen-gemeinsam-dem-hass-und-der-gewalt-gegenueber-lgbti-personen-entgegentreten\/\",\"url\":\"https:\/\/www.pressenza.com\/de\/2020\/05\/un-vertreterinnen-gemeinsam-dem-hass-und-der-gewalt-gegenueber-lgbti-personen-entgegentreten\/\",\"name\":\"UN-VertreterInnen: Gemeinsam dem Hass und der Gewalt gegen\u00fcber LGBTI-Personen entgegentreten\",\"isPartOf\":{\"@id\":\"https:\/\/www.pressenza.com\/de\/#website\"},\"primaryImageOfPage\":{\"@id\":\"https:\/\/www.pressenza.com\/de\/2020\/05\/un-vertreterinnen-gemeinsam-dem-hass-und-der-gewalt-gegenueber-lgbti-personen-entgegentreten\/#primaryimage\"},\"image\":{\"@id\":\"https:\/\/www.pressenza.com\/de\/2020\/05\/un-vertreterinnen-gemeinsam-dem-hass-und-der-gewalt-gegenueber-lgbti-personen-entgegentreten\/#primaryimage\"},\"thumbnailUrl\":\"https:\/\/www.pressenza.com\/wp-content\/uploads\/2020\/05\/image1170x530cropped-4.jpg\",\"datePublished\":\"2020-05-21T16:32:15+00:00\",\"dateModified\":\"2020-05-21T16:35:42+00:00\",\"description\":\"Der UN-Generalsekret\u00e4r Antonio Guterres ruft die Menschen \u00fcberall dazu auf, die Rechte auf Freiheit und Gleichheit zu unterst\u00fctzen, wie er in seiner\",\"breadcrumb\":{\"@id\":\"https:\/\/www.pressenza.com\/de\/2020\/05\/un-vertreterinnen-gemeinsam-dem-hass-und-der-gewalt-gegenueber-lgbti-personen-entgegentreten\/#breadcrumb\"},\"inLanguage\":\"de\",\"potentialAction\":[{\"@type\":\"ReadAction\",\"target\":[\"https:\/\/www.pressenza.com\/de\/2020\/05\/un-vertreterinnen-gemeinsam-dem-hass-und-der-gewalt-gegenueber-lgbti-personen-entgegentreten\/\"]}]},{\"@type\":\"ImageObject\",\"inLanguage\":\"de\",\"@id\":\"https:\/\/www.pressenza.com\/de\/2020\/05\/un-vertreterinnen-gemeinsam-dem-hass-und-der-gewalt-gegenueber-lgbti-personen-entgegentreten\/#primaryimage\",\"url\":\"https:\/\/www.pressenza.com\/wp-content\/uploads\/2020\/05\/image1170x530cropped-4.jpg\",\"contentUrl\":\"https:\/\/www.pressenza.com\/wp-content\/uploads\/2020\/05\/image1170x530cropped-4.jpg\",\"width\":1178,\"height\":530,\"caption\":\"Shout out in the Favela da Mar\u00e9, in Rio de Janeiro, Brazil. The t-shirt reads 'Amar\u00e9gay\\\" -- a pun using the name of the favela, meaning both 'to love is gay' and 'Mar\u00e9 is gay'.\"},{\"@type\":\"BreadcrumbList\",\"@id\":\"https:\/\/www.pressenza.com\/de\/2020\/05\/un-vertreterinnen-gemeinsam-dem-hass-und-der-gewalt-gegenueber-lgbti-personen-entgegentreten\/#breadcrumb\",\"itemListElement\":[{\"@type\":\"ListItem\",\"position\":1,\"name\":\"Accueil\",\"item\":\"https:\/\/www.pressenza.com\/de\/\"},{\"@type\":\"ListItem\",\"position\":2,\"name\":\"UN-VertreterInnen: Gemeinsam dem Hass und der Gewalt gegen\u00fcber LGBTI-Personen entgegentreten\"}]},{\"@type\":\"WebSite\",\"@id\":\"https:\/\/www.pressenza.com\/de\/#website\",\"url\":\"https:\/\/www.pressenza.com\/de\/\",\"name\":\"Pressenza\",\"description\":\"International Press Agency\",\"publisher\":{\"@id\":\"https:\/\/www.pressenza.com\/de\/#organization\"},\"potentialAction\":[{\"@type\":\"SearchAction\",\"target\":{\"@type\":\"EntryPoint\",\"urlTemplate\":\"https:\/\/www.pressenza.com\/de\/?s={search_term_string}\"},\"query-input\":{\"@type\":\"PropertyValueSpecification\",\"valueRequired\":true,\"valueName\":\"search_term_string\"}}],\"inLanguage\":\"de\"},{\"@type\":\"Organization\",\"@id\":\"https:\/\/www.pressenza.com\/de\/#organization\",\"name\":\"Pressenza\",\"url\":\"https:\/\/www.pressenza.com\/de\/\",\"logo\":{\"@type\":\"ImageObject\",\"inLanguage\":\"de\",\"@id\":\"https:\/\/www.pressenza.com\/de\/#\/schema\/logo\/image\/\",\"url\":\"https:\/\/www.pressenza.com\/wp-content\/uploads\/2022\/10\/pressenza_logo_200x200.jpg\",\"contentUrl\":\"https:\/\/www.pressenza.com\/wp-content\/uploads\/2022\/10\/pressenza_logo_200x200.jpg\",\"width\":200,\"height\":200,\"caption\":\"Pressenza\"},\"image\":{\"@id\":\"https:\/\/www.pressenza.com\/de\/#\/schema\/logo\/image\/\"},\"sameAs\":[\"https:\/\/www.facebook.com\/PressenzaItalia\",\"https:\/\/x.com\/PressenzaIPA\"]},{\"@type\":\"Person\",\"@id\":\"https:\/\/www.pressenza.com\/de\/#\/schema\/person\/868696f3a70d4f8ef7caec14cc979248\",\"name\":\"UN News Centre\",\"description\":\"News from the UN News Service www.un.org\/News\/\",\"sameAs\":[\"http:\/\/www.un.org\/News\/\",\"https:\/\/www.facebook.com\/UN.News.Centre\",\"https:\/\/x.com\/UN_News_Centre\"],\"url\":\"https:\/\/www.pressenza.com\/de\/author\/unnewscentre\/\"}]}<\/script>\n<!-- \/ Yoast SEO plugin. -->","yoast_head_json":{"title":"UN-VertreterInnen: Gemeinsam dem Hass und der Gewalt gegen\u00fcber LGBTI-Personen entgegentreten","description":"Der UN-Generalsekret\u00e4r Antonio Guterres ruft die Menschen \u00fcberall dazu auf, die Rechte auf Freiheit und Gleichheit zu unterst\u00fctzen, wie er in seiner","robots":{"index":"index","follow":"follow","max-snippet":"max-snippet:-1","max-image-preview":"max-image-preview:large","max-video-preview":"max-video-preview:-1"},"canonical":"https:\/\/www.pressenza.com\/de\/2020\/05\/un-vertreterinnen-gemeinsam-dem-hass-und-der-gewalt-gegenueber-lgbti-personen-entgegentreten\/","og_locale":"de_DE","og_type":"article","og_title":"UN-VertreterInnen: Gemeinsam dem Hass und der Gewalt gegen\u00fcber LGBTI-Personen entgegentreten","og_description":"Der UN-Generalsekret\u00e4r Antonio Guterres ruft die Menschen \u00fcberall dazu auf, die Rechte auf Freiheit und Gleichheit zu unterst\u00fctzen, wie er in seiner","og_url":"https:\/\/www.pressenza.com\/de\/2020\/05\/un-vertreterinnen-gemeinsam-dem-hass-und-der-gewalt-gegenueber-lgbti-personen-entgegentreten\/","og_site_name":"Pressenza","article_publisher":"https:\/\/www.facebook.com\/PressenzaItalia","article_author":"https:\/\/www.facebook.com\/UN.News.Centre","article_published_time":"2020-05-21T16:32:15+00:00","article_modified_time":"2020-05-21T16:35:42+00:00","og_image":[{"width":1178,"height":530,"url":"https:\/\/www.pressenza.com\/wp-content\/uploads\/2020\/05\/image1170x530cropped-4.jpg","type":"image\/jpeg"}],"author":"UN News Centre","twitter_card":"summary_large_image","twitter_creator":"@UN_News_Centre","twitter_site":"@PressenzaIPA","twitter_misc":{"Verfasst von":"UN News Centre","Gesch\u00e4tzte Lesezeit":"2\u00a0Minuten"},"schema":{"@context":"https:\/\/schema.org","@graph":[{"@type":"Article","@id":"https:\/\/www.pressenza.com\/de\/2020\/05\/un-vertreterinnen-gemeinsam-dem-hass-und-der-gewalt-gegenueber-lgbti-personen-entgegentreten\/#article","isPartOf":{"@id":"https:\/\/www.pressenza.com\/de\/2020\/05\/un-vertreterinnen-gemeinsam-dem-hass-und-der-gewalt-gegenueber-lgbti-personen-entgegentreten\/"},"author":{"name":"UN News Centre","@id":"https:\/\/www.pressenza.com\/de\/#\/schema\/person\/868696f3a70d4f8ef7caec14cc979248"},"headline":"UN-VertreterInnen: Gemeinsam dem Hass und der Gewalt gegen\u00fcber LGBTI-Personen entgegentreten","datePublished":"2020-05-21T16:32:15+00:00","dateModified":"2020-05-21T16:35:42+00:00","mainEntityOfPage":{"@id":"https:\/\/www.pressenza.com\/de\/2020\/05\/un-vertreterinnen-gemeinsam-dem-hass-und-der-gewalt-gegenueber-lgbti-personen-entgegentreten\/"},"wordCount":333,"publisher":{"@id":"https:\/\/www.pressenza.com\/de\/#organization"},"image":{"@id":"https:\/\/www.pressenza.com\/de\/2020\/05\/un-vertreterinnen-gemeinsam-dem-hass-und-der-gewalt-gegenueber-lgbti-personen-entgegentreten\/#primaryimage"},"thumbnailUrl":"https:\/\/www.pressenza.com\/wp-content\/uploads\/2020\/05\/image1170x530cropped-4.jpg","keywords":["#IDAHOBI","Antonio Guterres","Biphobie","COVID-19","Homophobie","Internationaler Tag gegen Homophobie","LGBTI","Michelle Bachelet","Selbstbestimmung","Toleranz","Transphobie","Wahlfreiheit"],"articleSection":["International","Menschenrechte","Vielfalt"],"inLanguage":"de"},{"@type":"WebPage","@id":"https:\/\/www.pressenza.com\/de\/2020\/05\/un-vertreterinnen-gemeinsam-dem-hass-und-der-gewalt-gegenueber-lgbti-personen-entgegentreten\/","url":"https:\/\/www.pressenza.com\/de\/2020\/05\/un-vertreterinnen-gemeinsam-dem-hass-und-der-gewalt-gegenueber-lgbti-personen-entgegentreten\/","name":"UN-VertreterInnen: Gemeinsam dem Hass und der Gewalt gegen\u00fcber LGBTI-Personen entgegentreten","isPartOf":{"@id":"https:\/\/www.pressenza.com\/de\/#website"},"primaryImageOfPage":{"@id":"https:\/\/www.pressenza.com\/de\/2020\/05\/un-vertreterinnen-gemeinsam-dem-hass-und-der-gewalt-gegenueber-lgbti-personen-entgegentreten\/#primaryimage"},"image":{"@id":"https:\/\/www.pressenza.com\/de\/2020\/05\/un-vertreterinnen-gemeinsam-dem-hass-und-der-gewalt-gegenueber-lgbti-personen-entgegentreten\/#primaryimage"},"thumbnailUrl":"https:\/\/www.pressenza.com\/wp-content\/uploads\/2020\/05\/image1170x530cropped-4.jpg","datePublished":"2020-05-21T16:32:15+00:00","dateModified":"2020-05-21T16:35:42+00:00","description":"Der UN-Generalsekret\u00e4r Antonio Guterres ruft die Menschen \u00fcberall dazu auf, die Rechte auf Freiheit und Gleichheit zu unterst\u00fctzen, wie er in seiner","breadcrumb":{"@id":"https:\/\/www.pressenza.com\/de\/2020\/05\/un-vertreterinnen-gemeinsam-dem-hass-und-der-gewalt-gegenueber-lgbti-personen-entgegentreten\/#breadcrumb"},"inLanguage":"de","potentialAction":[{"@type":"ReadAction","target":["https:\/\/www.pressenza.com\/de\/2020\/05\/un-vertreterinnen-gemeinsam-dem-hass-und-der-gewalt-gegenueber-lgbti-personen-entgegentreten\/"]}]},{"@type":"ImageObject","inLanguage":"de","@id":"https:\/\/www.pressenza.com\/de\/2020\/05\/un-vertreterinnen-gemeinsam-dem-hass-und-der-gewalt-gegenueber-lgbti-personen-entgegentreten\/#primaryimage","url":"https:\/\/www.pressenza.com\/wp-content\/uploads\/2020\/05\/image1170x530cropped-4.jpg","contentUrl":"https:\/\/www.pressenza.com\/wp-content\/uploads\/2020\/05\/image1170x530cropped-4.jpg","width":1178,"height":530,"caption":"Shout out in the Favela da Mar\u00e9, in Rio de Janeiro, Brazil. The t-shirt reads 'Amar\u00e9gay\" -- a pun using the name of the favela, meaning both 'to love is gay' and 'Mar\u00e9 is gay'."},{"@type":"BreadcrumbList","@id":"https:\/\/www.pressenza.com\/de\/2020\/05\/un-vertreterinnen-gemeinsam-dem-hass-und-der-gewalt-gegenueber-lgbti-personen-entgegentreten\/#breadcrumb","itemListElement":[{"@type":"ListItem","position":1,"name":"Accueil","item":"https:\/\/www.pressenza.com\/de\/"},{"@type":"ListItem","position":2,"name":"UN-VertreterInnen: Gemeinsam dem Hass und der Gewalt gegen\u00fcber LGBTI-Personen entgegentreten"}]},{"@type":"WebSite","@id":"https:\/\/www.pressenza.com\/de\/#website","url":"https:\/\/www.pressenza.com\/de\/","name":"Pressenza","description":"International Press Agency","publisher":{"@id":"https:\/\/www.pressenza.com\/de\/#organization"},"potentialAction":[{"@type":"SearchAction","target":{"@type":"EntryPoint","urlTemplate":"https:\/\/www.pressenza.com\/de\/?s={search_term_string}"},"query-input":{"@type":"PropertyValueSpecification","valueRequired":true,"valueName":"search_term_string"}}],"inLanguage":"de"},{"@type":"Organization","@id":"https:\/\/www.pressenza.com\/de\/#organization","name":"Pressenza","url":"https:\/\/www.pressenza.com\/de\/","logo":{"@type":"ImageObject","inLanguage":"de","@id":"https:\/\/www.pressenza.com\/de\/#\/schema\/logo\/image\/","url":"https:\/\/www.pressenza.com\/wp-content\/uploads\/2022\/10\/pressenza_logo_200x200.jpg","contentUrl":"https:\/\/www.pressenza.com\/wp-content\/uploads\/2022\/10\/pressenza_logo_200x200.jpg","width":200,"height":200,"caption":"Pressenza"},"image":{"@id":"https:\/\/www.pressenza.com\/de\/#\/schema\/logo\/image\/"},"sameAs":["https:\/\/www.facebook.com\/PressenzaItalia","https:\/\/x.com\/PressenzaIPA"]},{"@type":"Person","@id":"https:\/\/www.pressenza.com\/de\/#\/schema\/person\/868696f3a70d4f8ef7caec14cc979248","name":"UN News Centre","description":"News from the UN News Service www.un.org\/News\/","sameAs":["http:\/\/www.un.org\/News\/","https:\/\/www.facebook.com\/UN.News.Centre","https:\/\/x.com\/UN_News_Centre"],"url":"https:\/\/www.pressenza.com\/de\/author\/unnewscentre\/"}]}},"place":"","original_article_url":"","_links":{"self":[{"href":"https:\/\/www.pressenza.com\/de\/wp-json\/wp\/v2\/posts\/1114183","targetHints":{"allow":["GET"]}}],"collection":[{"href":"https:\/\/www.pressenza.com\/de\/wp-json\/wp\/v2\/posts"}],"about":[{"href":"https:\/\/www.pressenza.com\/de\/wp-json\/wp\/v2\/types\/post"}],"author":[{"embeddable":true,"href":"https:\/\/www.pressenza.com\/de\/wp-json\/wp\/v2\/users\/933"}],"replies":[{"embeddable":true,"href":"https:\/\/www.pressenza.com\/de\/wp-json\/wp\/v2\/comments?post=1114183"}],"version-history":[{"count":0,"href":"https:\/\/www.pressenza.com\/de\/wp-json\/wp\/v2\/posts\/1114183\/revisions"}],"wp:featuredmedia":[{"embeddable":true,"href":"https:\/\/www.pressenza.com\/de\/wp-json\/wp\/v2\/media\/1109670"}],"wp:attachment":[{"href":"https:\/\/www.pressenza.com\/de\/wp-json\/wp\/v2\/media?parent=1114183"}],"wp:term":[{"taxonomy":"category","embeddable":true,"href":"https:\/\/www.pressenza.com\/de\/wp-json\/wp\/v2\/categories?post=1114183"},{"taxonomy":"post_tag","embeddable":true,"href":"https:\/\/www.pressenza.com\/de\/wp-json\/wp\/v2\/tags?post=1114183"}],"curies":[{"name":"wp","href":"https:\/\/api.w.org\/{rel}","templated":true}]}}