{"id":1111111,"date":"2020-05-21T15:23:01","date_gmt":"2020-05-21T14:23:01","guid":{"rendered":"https:\/\/www.pressenza.com\/?p=1111111"},"modified":"2020-06-14T12:25:36","modified_gmt":"2020-06-14T11:25:36","slug":"waldrodungen-erhoehen-das-risiko-fuer-pandemien","status":"publish","type":"post","link":"https:\/\/www.pressenza.com\/de\/2020\/05\/waldrodungen-erhoehen-das-risiko-fuer-pandemien\/","title":{"rendered":"Waldrodungen erh\u00f6hen das Risiko f\u00fcr Pandemien"},"content":{"rendered":"<p><strong>Die Covid-19-Pandemie ist in China ausgebrochen. Biologen und Epidemiologen aus Ecuador warnen vor weiteren Krankheiten.<\/strong><\/p>\n<p><span class=\"author\"><em><strong>Mar\u00eda Jos\u00e9 Sarzoza und Romano Paganini f\u00fcr die Online-Zeitung <\/strong><a href=\"https:\/\/www.infosperber.ch\/Artikel\/Umwelt\/Waldrodungen-erhohen-das-Risiko-fur-Pandemien\" target=\"_blank\" rel=\"noopener noreferrer\">InfoSperber<\/a><\/em><\/span><\/p>\n<div class=\"content\">\n<p class=\"paragraph\">\u00abGesunde \u00d6kosysteme und gesunde W\u00e4lder sind unser bester Schutz gegen Viren.\u00bb Das sagt<a href=\"https:\/\/twitter.com\/luissuarezwwf?lang=de\" target=\"_blank\" rel=\"noopener noreferrer\"> Luis Su\u00e1rez<\/a> vom\u00a0World Wildlife Fund\u00a0(WWF). \u00abWenn wir ein \u00d6kosystem, einen Dschungel oder einen Wald zerst\u00f6ren, ver\u00e4ndern wir die komplexen Beziehungen, die zwischen den verschiedenen Tieren und Lebewesen bestehen, die diese Viren und Krankheitserreger im Gleichgewicht halten.\u00bb In seinem Appell verweist der Koordinator von WWF Spanien auf die weltweit hohe Abholzungsrate, welche die Ausbreitung von zoonotischen Krankheiten wie Covid-19 beg\u00fcnstigt.<\/p>\n<p class=\"section2\"><strong>\u00dcber 200 Krankheiten als Zoonosen identifiziert<\/strong><\/p>\n<p class=\"paragraph\">Zoonotischen Krankheiten\u00a0oder\u00a0<a href=\"https:\/\/de.wikipedia.org\/wiki\/Zoonose\" target=\"_blank\" rel=\"noopener noreferrer\">Zoonosen<\/a>\u00a0bedeuten die \u00dcbertragung von Viren, Bakterien, Protozoen, Helminthen (W\u00fcrmern) und parasit\u00e4ren Pilzen zwischen Tieren und Menschen. Nach Angaben der Ern\u00e4hrungs- und Landwirtschaftsorganisation der Vereinten Nationen <a href=\"http:\/\/www.fao.org\/home\/en\/\" target=\"_blank\" rel=\"noopener noreferrer\">(FAO)<\/a> sind 70 Prozent aller neuen Krankheiten beim Menschen, die in den vergangenen vierzig Jahren aufgetreten sind, tierischen Ursprungs: Das 2015 aufgekommene\u00a0Middle East Respiratory Syndrome <a href=\"https:\/\/de.wikipedia.org\/wiki\/MERS-CoV\" target=\"_blank\" rel=\"noopener noreferrer\">(Mers)<\/a> wurde urspr\u00fcnglich bei Flederm\u00e4usen gefunden, sprang dann auf Kamele und schliesslich auf den Menschen \u00fcber. \u00c4hnliches geschah 2002\/2003 mit dem\u00a0Severe Acute Respiratory Syndrome\u00a0<a href=\"https:\/\/de.wikipedia.org\/wiki\/Schweres_akutes_Atemwegssyndrom\" target=\"_blank\" rel=\"noopener noreferrer\">(Sars)<\/a>, dem Vorl\u00e4ufer von Sars-Cov-2. Das Virus gelangte von Flederm\u00e4usen zu Schleich- und anderen Katzen und landete schliesslich im menschlichen Organismus.<\/p>\n<p class=\"paragraph\">Die <a href=\"https:\/\/www.paho.org\/en\" target=\"_blank\" rel=\"noopener noreferrer\">Panamerikanische Gesundheitsorganisation<\/a> hat inzwischen \u00fcber 200 Krankheiten als Zoonosen identifiziert. Und obwohl die aktuelle Pandemie des neuartigen Coronavirus ihren Ursprung in mehr als 16&#8217;000 Kilometern Entfernung hat, weiss man in Ecuador um die Problematik. Denn im Andenstaat wird nicht nur mit Wildtieren gehandelt. Ecuador hat proportional gesehen auch die h\u00f6chste Abholzungsrate in ganz Lateinamerika und ist daher besonders anf\u00e4llig f\u00fcr Zoonosen.<\/p>\n<p class=\"section4\"><strong>Der Einfluss der Rohstoff-Firmen<\/strong><\/p>\n<p class=\"paragraph\">Nach Angaben der FAO verf\u00fcgt Lateinamerika \u00fcber 935,5 Millionen Hektar Wald, also fast die H\u00e4lfte der Gesamtfl\u00e4che des Kontinents. Doch alleine im Jahr 2018 haben die L\u00e4nder Brasilien, Kolumbien, Bolivien, Peru und Ecuador 1,9 Millionen Hektar Wald verloren. Hinzu kommen die 2,5 Millionen Hektar, die im vergangenen Jahr abgebrannt sind, insbesondere in Brasilien, Bolivien, Paraguay und Peru. Ecuador seinerseits hat gem\u00e4ss nationalen Erhebungen im zweiten Halbjahr 2019 rund 16&#8217;000 Hektar pflanzenbedeckte Fl\u00e4chen durch Br\u00e4nde verloren. Insgesamt werden in Ecuador j\u00e4hrlich 60&#8217;000 Hektar Wald abgeholzt. Das entspricht 120&#8217;000 Fussballfeldern. Seit den 1990er Jahren ist die Gesamtfl\u00e4che des ecuadorianischen Urwaldes von 14,5 Millionen Hektar auf 12,5 Millionen geschrumpft.<\/p>\n<\/div>\n<p>Was bei der Abholzung an Biodiversit\u00e4t verloren geht, landet sp\u00e4ter als Gewinn auf den Konten der Rohstofffirmen. Ein Beispiel ist die Agrar-Industrie: Sie l\u00e4sst auf dem gerodeten Land Monokulturen wie Soja, afrikanische Palmen und Eukalyptus anpflanzen oder schickt f\u00fcr die Milch- und Fleischproduktion K\u00fche zum Weiden. Die dadurch erwirtschafteten Ertr\u00e4ge landen aber nicht bei den Bauern und indigenen Gemeinschaften, die vertrieben worden sind. Der Gewinn geht an die Produzenten und Gesch\u00e4ftsleute, die vielfach aus Asien, Nordamerika oder Europa stammen. Dasselbe gilt f\u00fcr die Bergbau-, Erd\u00f6l- und Holzindustrie. Deren Financiers f\u00f6rdern nicht nur den Rohstoff und verkaufen ihn ins Ausland, sie finanzieren in Abstimmung mit den jeweiligen Regierungen auch den Bau der notwendigen Infrastruktur \u2013 also Strassen, Br\u00fccken, Wasserkraftwerke, H\u00e4fen oder Flugh\u00e4fen \u2013, um den Export zu erleichtern.<\/p>\n<div class=\"content\">\n<p class=\"section8\"><strong>Viren brauchen neue Wirte<\/strong><\/p>\n<p class=\"paragraph\">Diese industrielle Wertsch\u00f6pfungskette, basierend auf der ungebremsten Ausbeutung von Rohstoffen, bedeutet zus\u00e4tzliche Entwaldung und dadurch ein h\u00f6heres Risiko in Bezug auf Zoonosen wie Covid-19. So haben Epidemiologen und Virologen des <a href=\"https:\/\/www.iec.gov.br\/\" target=\"_blank\" rel=\"noopener noreferrer\">Evandro-Chagas-Instituts<\/a> in Brasilien bereits im vergangenen Jahrhundert knapp 100 Viren ausgemacht, die in der Flora und Fauna des brasilianischen Regenwaldes und h\u00f6chstwahrscheinlich auch im \u00fcbrigen Amazonasgebiet vorkommen. Generell kommen diese nicht mit Menschen in Kontakt, sondern koexistieren mit den Organismen des Waldes, sprich: Ihr Leben und Sterben findet dort statt. \u00abDas Problem beginnt dann\u00bb, sagt die <a href=\"https:\/\/www.researchgate.net\/profile\/Sandra_Enriquez2\" target=\"_blank\" rel=\"noopener noreferrer\">Enthomologin Sandra Enriquez<\/a>, \u00abwenn der Mensch in dieses Gleichgewicht des \u00d6kosystems eindringt und beginnt, B\u00e4ume zu f\u00e4llen. Denn damit dringt er auch in den Lebensraum dieser Krankheitserreger ein, die sich dann neue Wirte f\u00fcr ihr\u00a0Fortbestehen suchen.\u00bb<\/p>\n<p class=\"paragraph\"><img decoding=\"async\" src=\"https:\/\/www.infosperber.ch\/data\/attachements\/Kreislauf.png\" alt=\"\" width=\"100%\" \/><\/p>\n<p><em>Wird das \u00d6kosystem gest\u00f6rt, k\u00f6nnen Viren auf Menschen \u00fcberspringen. Infografik: Victoria Jaramillo<\/em><\/p>\n<p class=\"paragraph\">Sandra Enriquez arbeitet am Forschungsinstitut f\u00fcr Zoonosen an der\u00a0<a href=\"https:\/\/www.uce.edu.ec\/web\/ciz\" target=\"_blank\" rel=\"noopener noreferrer\">Universidad Central\u00a0in Quito<\/a> und dokumentiert dort seit Jahren die Probleme der\u00a0<a href=\"https:\/\/de.wikipedia.org\/wiki\/Leishmaniose\" target=\"_blank\" rel=\"noopener noreferrer\">Leishmaniose<\/a>. Leishmaniose ist eine zoonotische Krankheit, die nicht t\u00f6dlich, aber in Ecuador durchaus von Bedeutung ist. Der Vektor, der f\u00fcr die \u00dcbertragung des Leishmania-Parasiten verantwortlich ist, ist eine kleine M\u00fccke, die\u00a0in Ecuador Manta blanca genannt wird. Ihre Br\u00fcteorte sind die H\u00f6hlen von Wildtieren und die Wurzeln von B\u00e4umen. Die\u00a0Manta blanca\u00a0ern\u00e4hrt sich dort vom Saft einzelner Pflanzen sowie von reifen Fr\u00fcchten. Wenn die Weibchen aber ihre Eier legen, sind sie auf das Blut von S\u00e4ugetieren angewiesen. Dort finden sich die Proteine, um das \u00dcberleben ihres Nachwuchses zu garantieren. In diesen Momenten verlassen sie ihre Nester und suchen sich ein Faultier, einen Fuchs oder ein Stachelschwein, stechen das Tier und bringen das Blut zu ihrer Brut. \u00abDas sind nat\u00fcrliche Kreisl\u00e4ufe innerhalb eines Waldes\u00bb, erkl\u00e4rt Sandra Enriquez. \u00abUnd da diese Tiere mit Leishmania leben, entwickeln sie auch keine Krankheiten.\u00bb<\/p>\n<p class=\"section12\"><strong>Menschen werden zur Blutquelle<\/strong><\/p>\n<p class=\"paragraph\">Im Falle der Leishmaniose beginnt das Problem durch menschliche Aktivit\u00e4ten, etwa durch die Erweiterung der Agrarfl\u00e4chen. Wenn die Manta blanca\u00a0das Blut nicht von Wildtieren bekommt, sucht sie es bei Haustieren wie Hunden, Pferden und Ratten. \u00abDa diese Tiere nicht im Wald leben, haben sie auch keine Abwehrkr\u00e4fte entwickelt und k\u00f6nnten daher fr\u00fcher oder sp\u00e4ter Symptome von Leishmaniose aufweisen\u00bb, sagt Sandra Enriquez.<\/p>\n<p class=\"paragraph\">Dasselbe gilt f\u00fcr den Menschen, der eine weitere Blutquelle f\u00fcr die\u00a0Manta blanca\u00a0darstellt. Wenn ein mit dem Parasiten infiziertes Weibchen eine Person beisst, dringt der Erreger ins Blut und an der Bissstelle \u2013 entweder irgendwo auf der Haut oder im Bereich von Mund, Nasen oder Ohren \u2013 kann sich eine nur schwer heilende Wunde bilden. In Ecuador werden j\u00e4hrlich etwa 1&#8217;500 F\u00e4lle mit Leishmaniose gemeldet, wobei die Dunkelziffer enorm hoch sein d\u00fcrfte, wie Sandra Enriquez sagt. \u00abDenn die Menschen, die im Risikogebiet leben, haben nur schlechten Zugang zu \u00f6ffentlichen Gesundheitseinrichtungen und ziehen es in der Regel vor, sich selbst zu heilen.\u00bb<\/p>\n<p class=\"section14\"><strong>Malaria und Dengue-Fieber auf dem Vormarsch<\/strong><\/p>\n<p class=\"paragraph\">Das Gesundheitsministerium hat inzwischen festgestellt, dass Leishmaniose nach <a href=\"https:\/\/de.wikipedia.org\/wiki\/Denguefieber\" target=\"_blank\" rel=\"noopener noreferrer\">Dengue<\/a> und <a href=\"https:\/\/de.wikipedia.org\/wiki\/Malaria\" target=\"_blank\" rel=\"noopener noreferrer\">Malaria<\/a> die dritth\u00e4ufigste <a href=\"https:\/\/www.bag.admin.ch\/bag\/de\/home\/krankheiten\/krankheiten-im-ueberblick\/vektoruebertragen.html\" target=\"_blank\" rel=\"noopener noreferrer\">vektor\u00fcbertragene Krankheit<\/a> ist. Die Zahl von Malaria-Erkrankten hat in Ecuador im vergangenen Jahr wieder zugenommen, wobei sich die 2&#8217;081 gemeldeten F\u00e4lle entlang der K\u00fcste konzentrierten. Auch die Dengue-Infektionen sind, nachdem sie zuletzt r\u00fcckg\u00e4ngig waren, wieder auf dem Vormarsch.<\/p>\n<p class=\"paragraph\">Die Haupt\u00fcbertr\u00e4ger dieser beiden Krankheiten sind Stechm\u00fccken. Sie haben sich an ihren neuen Lebensraum gew\u00f6hnt, der an der K\u00fcste aus Monokulturen besteht: afrikanische Palmen, Eukalyptus und Zedern. Es wird gesch\u00e4tzt, dass diese Plantagen heute etwa 164&#8217;000 Hektar Land einnehmen \u2013 fast f\u00fcnfmal so viel wie die Fl\u00e4che Quitos, der Hauptstadt Ecuadors. Die Konsequenzen: gestorbene oder vertriebene Wildtiere sowie Moskitos, die neue Blutquellen ben\u00f6tigen und weiterhin Viren oder Parasiten \u00fcbertragen, die sonst eigentlich nur im Urwald leben. Diese Insekten, die in stehendem Wasser nahe von D\u00f6rfern oder St\u00e4dten leben, ertragen heute sogar mehrere Monate Trockenheit und k\u00f6nnen ihr ganzes Leben im Umfeld von Menschen verbringen.<\/p>\n<p class=\"section16\"><strong>Wildtierhandel: j\u00e4hrlicher Umsatz von 10 Milliarden Dollar<\/strong><\/p>\n<p class=\"paragraph\">Bei der Entstehung von Krankheiten wie Covid-19 spielt die Zerst\u00f6rung des Lebensraums von Viren, Bakterien, Parasiten oder Pilzen also eine entscheidende Rolle. Ein anderer wichtiger Punkt, der sowohl von WWF Spanien als auch vom Biologen und Epidemiologen <a href=\"https:\/\/www.ws-virology.org\/dt_team\/juan-carlos_navarro\/\" target=\"_blank\" rel=\"noopener noreferrer\">Juan Carlos Navarro<\/a> betont wird, sind die Wildtierm\u00e4rkte wie im chinesischen Wuhan. \u00abDie Leute romantisieren den Handel mit Wildtieren\u00bb, sagt Navarro, der an der Privatuniversit\u00e4t SEK in Quito unterrichtet und mit Sandra Enriquez von der\u00a0Universidad Central\u00a0zusammenarbeitet. \u00abViele dieser Tiere sind Tr\u00e4ger genau jener Viren, die zoonotische Krankheiten verursachen k\u00f6nnen und durch einen Biss, Sekrete, Speichel oder Exkremente leicht \u00fcbertragbar sind.\u00bb Ein Grossteil des Wildtierhandels in Ecuador \u2013 es geht vor allem um V\u00f6gel, S\u00e4ugetiere und Reptilien \u2013 dient dem Fleischkonsum, sowohl lokal als auch international. Julia Campoverde, Biologin und Koordinatorin der\u00a0<a href=\"https:\/\/ecuador.wcs.org\/\" target=\"_blank\" rel=\"noopener noreferrer\">Wildlife Conservation Society\u00a0Ecuador<\/a> zur Bek\u00e4mpfung des Wildtierhandels, warnte k\u00fcrzlich in einem Online-Seminar vor dem Verkauf dieses Fleisches. Obwohl es frisch und ger\u00e4uchert sei, \u00abdie Konservierungs- und Transportbedingungen sind \u00e4usserst prek\u00e4r. Das \u00f6ffnet zoonotischen Krankheiten T\u00fcr und Tor und macht sie f\u00fcr Menschen zu einer Zeitbombe.\u00bb<\/p>\n<p class=\"paragraph\">Das Argument, dieses Gesch\u00e4ft aufrechtzuerhalten, obwohl es sowohl f\u00fcr die Menschen als auch f\u00fcr das Gleichgewicht der \u00d6kosysteme gef\u00e4hrlich ist, ist dasselbe wie bei der Abholzung: Geld anh\u00e4ufen. Experten sagen, dass der Handel mit Wildtieren nach dem Handel mit Drogen-, Waffen und Menschen als weltweit eines der gr\u00f6ssten Gesch\u00e4fte gilt. Dazu werden oft dieselben Netzwerke genutzt, die die organisierte Kriminalit\u00e4t aufgebaut hat. Gem\u00e4ss Sch\u00e4tzungen werden durch den Wildtierhandel alleine in Lateinamerika j\u00e4hrlich \u00fcber 10 Milliarden Dollar erwirtschaftet.<\/p>\n<p class=\"section18\"><strong>Zika-Virus als Vorbote<\/strong><\/p>\n<p class=\"paragraph\">Aus diesem Grund h\u00e4lt der Epidemiologe Juan Carlos Navarro eine strenge Regulierung des Handels mit wilden Tieren und Pflanzen sowie der Abholzung f\u00fcr unerl\u00e4sslich. \u00abDenn wenn nicht, dann laufen wir Gefahr, dass auch in Ecuador zoonotische Krankheiten ausbrechen, die sich sp\u00e4ter zu einer Epidemie entwickeln k\u00f6nnen.\u00bb Er erw\u00e4hnt den Ausbruch des <a href=\"https:\/\/de.wikipedia.org\/wiki\/Zika-Virus\" target=\"_blank\" rel=\"noopener noreferrer\">Zika-Virus<\/a> im Jahr 2014\/2015, der beinahe zu einer Pandemie gef\u00fchrt h\u00e4tte, und warnt: \u00abAufgrund der Zerst\u00f6rung der \u00d6kosysteme, in denen diese Viren leben, und wegen des Handels mit Wildtieren und Pflanzen kann es jederzeit zum Ausbruch irgendeiner Zoonose kommen. Es ist zwar unvorhersehbar, aber durchaus wahrscheinlich.\u00bb<\/p>\n<\/div>\n","protected":false},"excerpt":{"rendered":"<p>Die Covid-19-Pandemie ist in China ausgebrochen. Biologen und Epidemiologen aus Ecuador warnen vor weiteren Krankheiten. Mar\u00eda Jos\u00e9 Sarzoza und Romano Paganini f\u00fcr die Online-Zeitung InfoSperber \u00abGesunde \u00d6kosysteme und gesunde W\u00e4lder sind unser bester Schutz gegen Viren.\u00bb Das sagt Luis Su\u00e1rez&hellip;<\/p>\n","protected":false},"author":1855,"featured_media":1111387,"comment_status":"closed","ping_status":"closed","sticky":false,"template":"","format":"standard","meta":{"footnotes":""},"categories":[7835,9149,9157,9168,9154],"tags":[72646,11452,75942,75941,59866,74527],"class_list":["post-1111111","post","type-post","status-publish","format-standard","has-post-thumbnail","hentry","category-international-de","category-mittelamerika","category-oekologie-und-umwelt","category-politik","category-suedamerika","tag-covid-19-de","tag-regenwald","tag-virologie","tag-waldrodungen","tag-wwf-de","tag-zoonosen"],"yoast_head":"<!-- This site is optimized with the Yoast SEO plugin v27.1.1 - https:\/\/yoast.com\/product\/yoast-seo-wordpress\/ -->\n<title>Waldrodungen erh\u00f6hen das Risiko f\u00fcr Pandemien<\/title>\n<meta name=\"description\" content=\"Die Covid-19-Pandemie ist in China ausgebrochen. Biologen und Epidemiologen aus Ecuador warnen vor weiteren Krankheiten. Mar\u00eda Jos\u00e9 Sarzoza und Romano\" \/>\n<meta name=\"robots\" content=\"index, follow, max-snippet:-1, max-image-preview:large, max-video-preview:-1\" \/>\n<link rel=\"canonical\" href=\"https:\/\/www.pressenza.com\/de\/2020\/05\/waldrodungen-erhoehen-das-risiko-fuer-pandemien\/\" \/>\n<meta property=\"og:locale\" content=\"de_DE\" \/>\n<meta property=\"og:type\" content=\"article\" \/>\n<meta property=\"og:title\" content=\"Waldrodungen erh\u00f6hen das Risiko f\u00fcr Pandemien\" \/>\n<meta property=\"og:description\" content=\"Die Covid-19-Pandemie ist in China ausgebrochen. Biologen und Epidemiologen aus Ecuador warnen vor weiteren Krankheiten. Mar\u00eda Jos\u00e9 Sarzoza und Romano\" \/>\n<meta property=\"og:url\" content=\"https:\/\/www.pressenza.com\/de\/2020\/05\/waldrodungen-erhoehen-das-risiko-fuer-pandemien\/\" \/>\n<meta property=\"og:site_name\" content=\"Pressenza\" \/>\n<meta property=\"article:publisher\" content=\"https:\/\/www.facebook.com\/PressenzaItalia\" \/>\n<meta property=\"article:published_time\" content=\"2020-05-21T14:23:01+00:00\" \/>\n<meta property=\"article:modified_time\" content=\"2020-06-14T11:25:36+00:00\" \/>\n<meta property=\"og:image\" content=\"https:\/\/www.pressenza.com\/wp-content\/uploads\/2020\/05\/D62D4A88-D4B7-4C50-9856-E2D73E41F193.jpeg\" \/>\n\t<meta property=\"og:image:width\" content=\"1280\" \/>\n\t<meta property=\"og:image:height\" content=\"960\" \/>\n\t<meta property=\"og:image:type\" content=\"image\/jpeg\" \/>\n<meta name=\"author\" content=\"INFOsperber\" \/>\n<meta name=\"twitter:card\" content=\"summary_large_image\" \/>\n<meta name=\"twitter:creator\" content=\"@PressenzaIPA\" \/>\n<meta name=\"twitter:site\" content=\"@PressenzaIPA\" \/>\n<meta name=\"twitter:label1\" content=\"Verfasst von\" \/>\n\t<meta name=\"twitter:data1\" content=\"INFOsperber\" \/>\n\t<meta name=\"twitter:label2\" content=\"Gesch\u00e4tzte Lesezeit\" \/>\n\t<meta name=\"twitter:data2\" content=\"8\u00a0Minuten\" \/>\n<script type=\"application\/ld+json\" class=\"yoast-schema-graph\">{\"@context\":\"https:\/\/schema.org\",\"@graph\":[{\"@type\":\"Article\",\"@id\":\"https:\/\/www.pressenza.com\/de\/2020\/05\/waldrodungen-erhoehen-das-risiko-fuer-pandemien\/#article\",\"isPartOf\":{\"@id\":\"https:\/\/www.pressenza.com\/de\/2020\/05\/waldrodungen-erhoehen-das-risiko-fuer-pandemien\/\"},\"author\":{\"name\":\"INFOsperber\",\"@id\":\"https:\/\/www.pressenza.com\/de\/#\/schema\/person\/77735f6583e3041b31ebc7b93a284357\"},\"headline\":\"Waldrodungen erh\u00f6hen das Risiko f\u00fcr Pandemien\",\"datePublished\":\"2020-05-21T14:23:01+00:00\",\"dateModified\":\"2020-06-14T11:25:36+00:00\",\"mainEntityOfPage\":{\"@id\":\"https:\/\/www.pressenza.com\/de\/2020\/05\/waldrodungen-erhoehen-das-risiko-fuer-pandemien\/\"},\"wordCount\":1596,\"publisher\":{\"@id\":\"https:\/\/www.pressenza.com\/de\/#organization\"},\"image\":{\"@id\":\"https:\/\/www.pressenza.com\/de\/2020\/05\/waldrodungen-erhoehen-das-risiko-fuer-pandemien\/#primaryimage\"},\"thumbnailUrl\":\"https:\/\/www.pressenza.com\/wp-content\/uploads\/2020\/05\/D62D4A88-D4B7-4C50-9856-E2D73E41F193.jpeg\",\"keywords\":[\"COVID-19\",\"Regenwald\",\"Virologie\",\"Waldrodungen\",\"WWF\",\"Zoonosen\"],\"articleSection\":[\"International\",\"Mittelamerika\",\"\u00d6kologie und Umwelt\",\"Politik\",\"S\u00fcdamerika\"],\"inLanguage\":\"de\"},{\"@type\":\"WebPage\",\"@id\":\"https:\/\/www.pressenza.com\/de\/2020\/05\/waldrodungen-erhoehen-das-risiko-fuer-pandemien\/\",\"url\":\"https:\/\/www.pressenza.com\/de\/2020\/05\/waldrodungen-erhoehen-das-risiko-fuer-pandemien\/\",\"name\":\"Waldrodungen erh\u00f6hen das Risiko f\u00fcr Pandemien\",\"isPartOf\":{\"@id\":\"https:\/\/www.pressenza.com\/de\/#website\"},\"primaryImageOfPage\":{\"@id\":\"https:\/\/www.pressenza.com\/de\/2020\/05\/waldrodungen-erhoehen-das-risiko-fuer-pandemien\/#primaryimage\"},\"image\":{\"@id\":\"https:\/\/www.pressenza.com\/de\/2020\/05\/waldrodungen-erhoehen-das-risiko-fuer-pandemien\/#primaryimage\"},\"thumbnailUrl\":\"https:\/\/www.pressenza.com\/wp-content\/uploads\/2020\/05\/D62D4A88-D4B7-4C50-9856-E2D73E41F193.jpeg\",\"datePublished\":\"2020-05-21T14:23:01+00:00\",\"dateModified\":\"2020-06-14T11:25:36+00:00\",\"description\":\"Die Covid-19-Pandemie ist in China ausgebrochen. Biologen und Epidemiologen aus Ecuador warnen vor weiteren Krankheiten. Mar\u00eda Jos\u00e9 Sarzoza und Romano\",\"breadcrumb\":{\"@id\":\"https:\/\/www.pressenza.com\/de\/2020\/05\/waldrodungen-erhoehen-das-risiko-fuer-pandemien\/#breadcrumb\"},\"inLanguage\":\"de\",\"potentialAction\":[{\"@type\":\"ReadAction\",\"target\":[\"https:\/\/www.pressenza.com\/de\/2020\/05\/waldrodungen-erhoehen-das-risiko-fuer-pandemien\/\"]}]},{\"@type\":\"ImageObject\",\"inLanguage\":\"de\",\"@id\":\"https:\/\/www.pressenza.com\/de\/2020\/05\/waldrodungen-erhoehen-das-risiko-fuer-pandemien\/#primaryimage\",\"url\":\"https:\/\/www.pressenza.com\/wp-content\/uploads\/2020\/05\/D62D4A88-D4B7-4C50-9856-E2D73E41F193.jpeg\",\"contentUrl\":\"https:\/\/www.pressenza.com\/wp-content\/uploads\/2020\/05\/D62D4A88-D4B7-4C50-9856-E2D73E41F193.jpeg\",\"width\":1280,\"height\":960,\"caption\":\"Waldrodungen\"},{\"@type\":\"BreadcrumbList\",\"@id\":\"https:\/\/www.pressenza.com\/de\/2020\/05\/waldrodungen-erhoehen-das-risiko-fuer-pandemien\/#breadcrumb\",\"itemListElement\":[{\"@type\":\"ListItem\",\"position\":1,\"name\":\"Accueil\",\"item\":\"https:\/\/www.pressenza.com\/de\/\"},{\"@type\":\"ListItem\",\"position\":2,\"name\":\"Waldrodungen erh\u00f6hen das Risiko f\u00fcr Pandemien\"}]},{\"@type\":\"WebSite\",\"@id\":\"https:\/\/www.pressenza.com\/de\/#website\",\"url\":\"https:\/\/www.pressenza.com\/de\/\",\"name\":\"Pressenza\",\"description\":\"International Press Agency\",\"publisher\":{\"@id\":\"https:\/\/www.pressenza.com\/de\/#organization\"},\"potentialAction\":[{\"@type\":\"SearchAction\",\"target\":{\"@type\":\"EntryPoint\",\"urlTemplate\":\"https:\/\/www.pressenza.com\/de\/?s={search_term_string}\"},\"query-input\":{\"@type\":\"PropertyValueSpecification\",\"valueRequired\":true,\"valueName\":\"search_term_string\"}}],\"inLanguage\":\"de\"},{\"@type\":\"Organization\",\"@id\":\"https:\/\/www.pressenza.com\/de\/#organization\",\"name\":\"Pressenza\",\"url\":\"https:\/\/www.pressenza.com\/de\/\",\"logo\":{\"@type\":\"ImageObject\",\"inLanguage\":\"de\",\"@id\":\"https:\/\/www.pressenza.com\/de\/#\/schema\/logo\/image\/\",\"url\":\"https:\/\/www.pressenza.com\/wp-content\/uploads\/2022\/10\/pressenza_logo_200x200.jpg\",\"contentUrl\":\"https:\/\/www.pressenza.com\/wp-content\/uploads\/2022\/10\/pressenza_logo_200x200.jpg\",\"width\":200,\"height\":200,\"caption\":\"Pressenza\"},\"image\":{\"@id\":\"https:\/\/www.pressenza.com\/de\/#\/schema\/logo\/image\/\"},\"sameAs\":[\"https:\/\/www.facebook.com\/PressenzaItalia\",\"https:\/\/x.com\/PressenzaIPA\"]},{\"@type\":\"Person\",\"@id\":\"https:\/\/www.pressenza.com\/de\/#\/schema\/person\/77735f6583e3041b31ebc7b93a284357\",\"name\":\"INFOsperber\",\"description\":\"Infosperber.ch - sieht, was andere \u00fcbersehen Die Schweizer Internet-Zeitung richtet sich an Entscheidungstr\u00e4ger in Gesellschaft, Wirtschaft und Politik sowie alle, die erg\u00e4nzende Informationen zu den grossen Medien suchen. Infosperber will die grossen Informations-Medien nicht konkurrenzieren, sondern diese erg\u00e4nzen. \u00a9 Das Weiterverbreiten s\u00e4mtlicher auf dem gemeinn\u00fctzigen Portal www.infosperber.ch enthaltenen Texte ist ohne Kostenfolge erlaubt, sofern die Texte integral ohne K\u00fcrzung und mit Quellenangaben (Autor und \u00abInfosperber\u00bb) verbreitet werden. Bei einer Online-Nutzung ist die Quellenangabe m\u00f6glichst schon am Anfang des Artikels mit einem Link auf infosperber.ch zu versehen. F\u00fcr das Verbreiten von gek\u00fcrzten oder abge\u00e4nderten Texten ist das schriftliche Einverst\u00e4ndnis der AutorInnen erforderlich.\",\"sameAs\":[\"https:\/\/www.infosperber.ch\/\"],\"url\":\"https:\/\/www.pressenza.com\/de\/author\/infosperber\/\"}]}<\/script>\n<!-- \/ Yoast SEO plugin. -->","yoast_head_json":{"title":"Waldrodungen erh\u00f6hen das Risiko f\u00fcr Pandemien","description":"Die Covid-19-Pandemie ist in China ausgebrochen. Biologen und Epidemiologen aus Ecuador warnen vor weiteren Krankheiten. Mar\u00eda Jos\u00e9 Sarzoza und Romano","robots":{"index":"index","follow":"follow","max-snippet":"max-snippet:-1","max-image-preview":"max-image-preview:large","max-video-preview":"max-video-preview:-1"},"canonical":"https:\/\/www.pressenza.com\/de\/2020\/05\/waldrodungen-erhoehen-das-risiko-fuer-pandemien\/","og_locale":"de_DE","og_type":"article","og_title":"Waldrodungen erh\u00f6hen das Risiko f\u00fcr Pandemien","og_description":"Die Covid-19-Pandemie ist in China ausgebrochen. Biologen und Epidemiologen aus Ecuador warnen vor weiteren Krankheiten. Mar\u00eda Jos\u00e9 Sarzoza und Romano","og_url":"https:\/\/www.pressenza.com\/de\/2020\/05\/waldrodungen-erhoehen-das-risiko-fuer-pandemien\/","og_site_name":"Pressenza","article_publisher":"https:\/\/www.facebook.com\/PressenzaItalia","article_published_time":"2020-05-21T14:23:01+00:00","article_modified_time":"2020-06-14T11:25:36+00:00","og_image":[{"width":1280,"height":960,"url":"https:\/\/www.pressenza.com\/wp-content\/uploads\/2020\/05\/D62D4A88-D4B7-4C50-9856-E2D73E41F193.jpeg","type":"image\/jpeg"}],"author":"INFOsperber","twitter_card":"summary_large_image","twitter_creator":"@PressenzaIPA","twitter_site":"@PressenzaIPA","twitter_misc":{"Verfasst von":"INFOsperber","Gesch\u00e4tzte Lesezeit":"8\u00a0Minuten"},"schema":{"@context":"https:\/\/schema.org","@graph":[{"@type":"Article","@id":"https:\/\/www.pressenza.com\/de\/2020\/05\/waldrodungen-erhoehen-das-risiko-fuer-pandemien\/#article","isPartOf":{"@id":"https:\/\/www.pressenza.com\/de\/2020\/05\/waldrodungen-erhoehen-das-risiko-fuer-pandemien\/"},"author":{"name":"INFOsperber","@id":"https:\/\/www.pressenza.com\/de\/#\/schema\/person\/77735f6583e3041b31ebc7b93a284357"},"headline":"Waldrodungen erh\u00f6hen das Risiko f\u00fcr Pandemien","datePublished":"2020-05-21T14:23:01+00:00","dateModified":"2020-06-14T11:25:36+00:00","mainEntityOfPage":{"@id":"https:\/\/www.pressenza.com\/de\/2020\/05\/waldrodungen-erhoehen-das-risiko-fuer-pandemien\/"},"wordCount":1596,"publisher":{"@id":"https:\/\/www.pressenza.com\/de\/#organization"},"image":{"@id":"https:\/\/www.pressenza.com\/de\/2020\/05\/waldrodungen-erhoehen-das-risiko-fuer-pandemien\/#primaryimage"},"thumbnailUrl":"https:\/\/www.pressenza.com\/wp-content\/uploads\/2020\/05\/D62D4A88-D4B7-4C50-9856-E2D73E41F193.jpeg","keywords":["COVID-19","Regenwald","Virologie","Waldrodungen","WWF","Zoonosen"],"articleSection":["International","Mittelamerika","\u00d6kologie und Umwelt","Politik","S\u00fcdamerika"],"inLanguage":"de"},{"@type":"WebPage","@id":"https:\/\/www.pressenza.com\/de\/2020\/05\/waldrodungen-erhoehen-das-risiko-fuer-pandemien\/","url":"https:\/\/www.pressenza.com\/de\/2020\/05\/waldrodungen-erhoehen-das-risiko-fuer-pandemien\/","name":"Waldrodungen erh\u00f6hen das Risiko f\u00fcr Pandemien","isPartOf":{"@id":"https:\/\/www.pressenza.com\/de\/#website"},"primaryImageOfPage":{"@id":"https:\/\/www.pressenza.com\/de\/2020\/05\/waldrodungen-erhoehen-das-risiko-fuer-pandemien\/#primaryimage"},"image":{"@id":"https:\/\/www.pressenza.com\/de\/2020\/05\/waldrodungen-erhoehen-das-risiko-fuer-pandemien\/#primaryimage"},"thumbnailUrl":"https:\/\/www.pressenza.com\/wp-content\/uploads\/2020\/05\/D62D4A88-D4B7-4C50-9856-E2D73E41F193.jpeg","datePublished":"2020-05-21T14:23:01+00:00","dateModified":"2020-06-14T11:25:36+00:00","description":"Die Covid-19-Pandemie ist in China ausgebrochen. Biologen und Epidemiologen aus Ecuador warnen vor weiteren Krankheiten. Mar\u00eda Jos\u00e9 Sarzoza und Romano","breadcrumb":{"@id":"https:\/\/www.pressenza.com\/de\/2020\/05\/waldrodungen-erhoehen-das-risiko-fuer-pandemien\/#breadcrumb"},"inLanguage":"de","potentialAction":[{"@type":"ReadAction","target":["https:\/\/www.pressenza.com\/de\/2020\/05\/waldrodungen-erhoehen-das-risiko-fuer-pandemien\/"]}]},{"@type":"ImageObject","inLanguage":"de","@id":"https:\/\/www.pressenza.com\/de\/2020\/05\/waldrodungen-erhoehen-das-risiko-fuer-pandemien\/#primaryimage","url":"https:\/\/www.pressenza.com\/wp-content\/uploads\/2020\/05\/D62D4A88-D4B7-4C50-9856-E2D73E41F193.jpeg","contentUrl":"https:\/\/www.pressenza.com\/wp-content\/uploads\/2020\/05\/D62D4A88-D4B7-4C50-9856-E2D73E41F193.jpeg","width":1280,"height":960,"caption":"Waldrodungen"},{"@type":"BreadcrumbList","@id":"https:\/\/www.pressenza.com\/de\/2020\/05\/waldrodungen-erhoehen-das-risiko-fuer-pandemien\/#breadcrumb","itemListElement":[{"@type":"ListItem","position":1,"name":"Accueil","item":"https:\/\/www.pressenza.com\/de\/"},{"@type":"ListItem","position":2,"name":"Waldrodungen erh\u00f6hen das Risiko f\u00fcr Pandemien"}]},{"@type":"WebSite","@id":"https:\/\/www.pressenza.com\/de\/#website","url":"https:\/\/www.pressenza.com\/de\/","name":"Pressenza","description":"International Press Agency","publisher":{"@id":"https:\/\/www.pressenza.com\/de\/#organization"},"potentialAction":[{"@type":"SearchAction","target":{"@type":"EntryPoint","urlTemplate":"https:\/\/www.pressenza.com\/de\/?s={search_term_string}"},"query-input":{"@type":"PropertyValueSpecification","valueRequired":true,"valueName":"search_term_string"}}],"inLanguage":"de"},{"@type":"Organization","@id":"https:\/\/www.pressenza.com\/de\/#organization","name":"Pressenza","url":"https:\/\/www.pressenza.com\/de\/","logo":{"@type":"ImageObject","inLanguage":"de","@id":"https:\/\/www.pressenza.com\/de\/#\/schema\/logo\/image\/","url":"https:\/\/www.pressenza.com\/wp-content\/uploads\/2022\/10\/pressenza_logo_200x200.jpg","contentUrl":"https:\/\/www.pressenza.com\/wp-content\/uploads\/2022\/10\/pressenza_logo_200x200.jpg","width":200,"height":200,"caption":"Pressenza"},"image":{"@id":"https:\/\/www.pressenza.com\/de\/#\/schema\/logo\/image\/"},"sameAs":["https:\/\/www.facebook.com\/PressenzaItalia","https:\/\/x.com\/PressenzaIPA"]},{"@type":"Person","@id":"https:\/\/www.pressenza.com\/de\/#\/schema\/person\/77735f6583e3041b31ebc7b93a284357","name":"INFOsperber","description":"Infosperber.ch - sieht, was andere \u00fcbersehen Die Schweizer Internet-Zeitung richtet sich an Entscheidungstr\u00e4ger in Gesellschaft, Wirtschaft und Politik sowie alle, die erg\u00e4nzende Informationen zu den grossen Medien suchen. Infosperber will die grossen Informations-Medien nicht konkurrenzieren, sondern diese erg\u00e4nzen. \u00a9 Das Weiterverbreiten s\u00e4mtlicher auf dem gemeinn\u00fctzigen Portal www.infosperber.ch enthaltenen Texte ist ohne Kostenfolge erlaubt, sofern die Texte integral ohne K\u00fcrzung und mit Quellenangaben (Autor und \u00abInfosperber\u00bb) verbreitet werden. Bei einer Online-Nutzung ist die Quellenangabe m\u00f6glichst schon am Anfang des Artikels mit einem Link auf infosperber.ch zu versehen. F\u00fcr das Verbreiten von gek\u00fcrzten oder abge\u00e4nderten Texten ist das schriftliche Einverst\u00e4ndnis der AutorInnen erforderlich.","sameAs":["https:\/\/www.infosperber.ch\/"],"url":"https:\/\/www.pressenza.com\/de\/author\/infosperber\/"}]}},"place":"","original_article_url":"","_links":{"self":[{"href":"https:\/\/www.pressenza.com\/de\/wp-json\/wp\/v2\/posts\/1111111","targetHints":{"allow":["GET"]}}],"collection":[{"href":"https:\/\/www.pressenza.com\/de\/wp-json\/wp\/v2\/posts"}],"about":[{"href":"https:\/\/www.pressenza.com\/de\/wp-json\/wp\/v2\/types\/post"}],"author":[{"embeddable":true,"href":"https:\/\/www.pressenza.com\/de\/wp-json\/wp\/v2\/users\/1855"}],"replies":[{"embeddable":true,"href":"https:\/\/www.pressenza.com\/de\/wp-json\/wp\/v2\/comments?post=1111111"}],"version-history":[{"count":0,"href":"https:\/\/www.pressenza.com\/de\/wp-json\/wp\/v2\/posts\/1111111\/revisions"}],"wp:featuredmedia":[{"embeddable":true,"href":"https:\/\/www.pressenza.com\/de\/wp-json\/wp\/v2\/media\/1111387"}],"wp:attachment":[{"href":"https:\/\/www.pressenza.com\/de\/wp-json\/wp\/v2\/media?parent=1111111"}],"wp:term":[{"taxonomy":"category","embeddable":true,"href":"https:\/\/www.pressenza.com\/de\/wp-json\/wp\/v2\/categories?post=1111111"},{"taxonomy":"post_tag","embeddable":true,"href":"https:\/\/www.pressenza.com\/de\/wp-json\/wp\/v2\/tags?post=1111111"}],"curies":[{"name":"wp","href":"https:\/\/api.w.org\/{rel}","templated":true}]}}