{"id":1096128,"date":"2020-05-01T13:05:52","date_gmt":"2020-05-01T12:05:52","guid":{"rendered":"https:\/\/www.pressenza.com\/?p=1096128"},"modified":"2020-05-02T19:32:08","modified_gmt":"2020-05-02T18:32:08","slug":"zum-50-earth-day-stell-dir-eine-gerechte-gruene-pandemiefreie-zukunft-vor","status":"publish","type":"post","link":"https:\/\/www.pressenza.com\/de\/2020\/05\/zum-50-earth-day-stell-dir-eine-gerechte-gruene-pandemiefreie-zukunft-vor\/","title":{"rendered":"Zum 50. Earth Day: stell dir eine gerechte, gr\u00fcne, pandemiefreie Zukunft vor"},"content":{"rendered":"<p><strong>Die Menschheit verzeichnet den 50. Jahrestag des Earth Days inmitten eines weltweiten Lockdowns, w\u00e4hrend sich der Zorn der Natur durch einen der kleinsten bekannten lebenden Partikeln ausbreitet, dem neuartigen Coronavirus.<\/strong><\/p>\n<p>Viele behaupten Viren sind nicht lebendig, da sie f\u00fcr die Fortpflanzung von einem Wirtsorganismus abh\u00e4ngig sind. Ganz egal, ob lebend oder tot, der SARS-CoV-2 Virus dr\u00e4ngt uns unerbittlich zu einem \u201eneuen Normalen\u201c, zwingt uns, uns an seiner bedrohenden Existenz anzupassen. Zumindest bis Behandlungen und Impfungen verf\u00fcgbar sein werden. Es existieren jedoch tausende Coronaviren; besiege eins, und ein anderes, was von einer Fledermaus oder Vogel zum Menschen \u00fcbertragen wird, kann uns genauso leicht vernichten. W\u00e4hrend Menschen in den Lebensraum anderer Spezies eindringen, W\u00e4lder und andere wilde Gebiete dezimieren, steigt die zoonotische Transmission \u2013 die \u00dcbertragung eines Virus vom Tier auf den Menschen \u2013 an. Die herannahende Klimakatastrophe verspricht erbarmungslose extreme Wetterereignisse, die immer h\u00e4ufiger und heftiger auftreten. Diese \u201eneue Normalit\u00e4t\u201c erfordert, dass wir unser Verh\u00e4ltnis zur Natur radikal neu ausrichten, und zwar jetzt. 50 Jahre zu warten, ist keine Option.<\/p>\n<p>Ein Wiederaufbau setzt die Eind\u00e4mmung der COVID-19 Pandemie voraus. Ein globaler Zusammenhalt wird unerl\u00e4sslich sein. \u201cBleib zu Hause, rette Leben\u201d, lautet die Anweisung. Allerdings ist zu Hause bleiben ein Privileg. Die lebensrettende Aus\u00fcbung des Social distancing ist unerreichbar f\u00fcr hunderte Millionen Menschen.<\/p>\n<p>Nehmen wir Indien, das zweitbev\u00f6lkerungsreichste Land der Erde, als Beispiel. \u201eMillionen Arbeiter und Wanderarbeiter befinden sich im Lockdown, was eigentlich das Social Distancing durchsetzen soll und dabei lediglich die physikalische Verdichtung verst\u00e4rkt,\u201c sagte Arundhati Roy, bekannte Schriftstellerin und Dissidentin, in der Democracy Now! Nachrichtenstunde. \u201eMenschen sind zusammengepfercht. Menschen sind von ihren Familien getrennt. Vielerorts haben sie nichts zu essen. Sie haben noch nicht mal Zugang zu Geld. Sie haben ihre Handys verkauft. Man bekommt das Gef\u00fchl, man w\u00fcrde auf einem Pulverfass sitzen.\u201c<\/p>\n<p>Wichtige Schritte zur Eind\u00e4mmung sind Tests, Ermittlung und Isolation. Test Kits, die schnell Ergebnisse erzielen, m\u00fcssen entwickelt, massenproduziert und global verteilt und dann kostenfrei verabreicht werden. Diejenigen, die m\u00f6glicherweise dem Virus ausgesetzt wurden, m\u00fcssen aufgesp\u00fcrt werden, dabei den Vorgaben f\u00fcr Privatsph\u00e4re und den Menschenrechten streng folgend. Und schlie\u00dflich m\u00fcssen sichere und humane Isolationsm\u00f6glichkeiten f\u00fcr die Infizierten zur Verf\u00fcgung gestellt werden, bis sie soweit genesen sind, dass sie der Gemeinschaft wieder zugef\u00fchrt werden k\u00f6nnen.<\/p>\n<p>Man brauch nur auf die Regierung von Pr\u00e4sident Donald Trump schauen, um zu erkennen, was alles falsch laufen kann. Zuerst wies Trump die Pandemie zur\u00fcck, erkl\u00e4rte sie dann zur L\u00fcge, lies dann die Tests unentschuldbar langsam anlaufen, und erzeugte damit ein wildes Durcheinander im Wettrennen um Tests und Ger\u00e4tschaften zwischen den bundesstaatlichen, staatlichen, bezirklichen und kommunalen Zust\u00e4ndigkeitsbereichen. Und dies alles w\u00e4hrend er die U.S Vormacht, in seinen Hass erf\u00fcllten, propagandistischen, pandemischen, pressefeindlichen Reden, verteidigt. Er bezeichnet sich selbst als \u201aPr\u00e4sident in der Kriegszeit\u201c, aber schaffte es nicht dem Gesundheitswesen die n\u00f6tige Ausr\u00fcstung zur Verf\u00fcgung zu stellen, um den Kampf anzutreten. Seine Verz\u00f6gerungen und L\u00fcgen haben den Tod von so vielen tausend Menschen verschuldet.<\/p>\n<p>Die Ausbr\u00fcche geschehen von K\u00fcste zu K\u00fcste. Von fleischverpackenden Fabriken, bei denen die Arbeiter keine andere Wahl haben, als in diesen gef\u00e4hrlichen und potenziell t\u00f6dlichen Bedingungen zur Arbeit zu erscheinen, bis hin zu Gef\u00e4ngnissen und Haftanstalten f\u00fcr Immigranten, in denen Gefangenen die fr\u00fchzeitige Entlassung oder selbst der Zugang zu angemessener Seife, Wasser, Schutzkleidung und sicheren Abstand von anderen, verwehrt bleibt.<\/p>\n<p>Auf der S\u00fcdhalbkugel sind die Pandemie und die Klimast\u00f6rung ein zweischneidiges Schwert. \u201eIn Afrika sagen die Menschen: \u201aFalls wir nicht vom COVID-19 umkommen, t\u00f6tet uns der Hunger,\u2018\u201c \u00e4u\u00dferte sich Kumi Naidoo, der ehemals Amnesty International und Greenpeace geleitet hat, gegen\u00fcber \u201aDemocracy Now!\u2018. \u201eDie Menschheit muss sich ganz genau \u00fcberlegen, ob wir das wieder aufbauen wollen, was wir hatten, oder ob wir eine vern\u00fcnftigere, fairere und nachhaltigere Welt aufbauen.<\/p>\n<p>Arundhati Roy greift diese Gedanken in ihrem letzten Essay auf. Sie schreibt: \u201eHistorisch haben Pandemien Menschen dazu gezwungen, mit der Vergangenheit zu brechen und sich die Welt neu vorzustellen. Diese hier ist nicht anders. Es ist eine Pforte, ein Tor zwischen einer Welt und der n\u00e4chsten.\u201c<\/p>\n<p>Um die schw\u00e4chelnde fossile Brennstoffindustrie zu unterst\u00fctzen, wie Kohle und Erd\u00f6l, hat Donald Trump U.S. Steuergelder versprochen. Als Reaktion tweetete Autorin Naomi Klein: \u201eDemokraten m\u00fcssen mit einem umfassenden Plan kontern, der die Geh\u00e4lter von den Besch\u00e4ftigten in der fossilen Brennstoffindustrie voll deckt, w\u00e4hrend diese f\u00fcr eine saubere Wirtschaft umgeschult werden. Es ist Zeit diese missbr\u00e4uchliche Industrie herunterzufahren, die sich immer auf massive \u00f6ffentliche F\u00f6rdermittel gest\u00fctzt hat.\u201c<\/p>\n<p>Am ersten Earth Day, im Jahr 1970, versammelten sich \u00fcber 20 Millionen Menschen in den Vereinigten Staaten \u2013 zu der Zeit ganze zehn Prozent der Bev\u00f6lkerung \u2013 f\u00fcr ein Ende der Umweltverschmutzung, einer \u00f6kologischen und nachhaltigeren Wirtschaft, und einer gr\u00fcneren Zukunft. \u201eUnser Ziel ist nicht nur eine Umwelt mit sauberer Luft, sauberem Wasser und sch\u00f6ner Landschaft,\u201c sagte der Earth Day Mitgr\u00fcnder, Senator Gaylord Nelson von Wisconsin an diesem Tag, \u201eDas Ziel ist eine Umgebung des Anstandes, der Qualit\u00e4t und des gegenseitigem Respekts gegen\u00fcber allen Menschen und allen Lebewesen.\u201c<\/p>\n<p>Nun 50 Jahre sp\u00e4ter, steht das Klima des Planeten an einem menschenverursachten Abgrund, die Zahlen, die eine Ver\u00e4nderung erfordern, sind viel gr\u00f6\u00dfer und die Organisation ist global geworden, allerdings bleibt nur noch wenig Zeit.<\/p>\n<p><em><strong>\u00dcbersetzung aus dem Englischen von Ronny Heidel vom ehrenamtlichen Pressenza-\u00dcbersetzungsteam erstellt. <a href=\"https:\/\/www.pressenza.com\/de\/mitarbeiten\/\">Wir suchen Freiwillige!\u00a0<\/a><\/strong><\/em><\/p>\n","protected":false},"excerpt":{"rendered":"<p>Die Menschheit verzeichnet den 50. Jahrestag des Earth Days inmitten eines weltweiten Lockdowns, w\u00e4hrend sich der Zorn der Natur durch einen der kleinsten bekannten lebenden Partikeln ausbreitet, dem neuartigen Coronavirus. Viele behaupten Viren sind nicht lebendig, da sie f\u00fcr die&hellip;<\/p>\n","protected":false},"author":38,"featured_media":1096143,"comment_status":"closed","ping_status":"closed","sticky":false,"template":"","format":"standard","meta":{"footnotes":""},"categories":[7835,9143,9157],"tags":[72725,71680,74752,56309,12395,74751,62833],"class_list":["post-1096128","post","type-post","status-publish","format-standard","has-post-thumbnail","hentry","category-international-de","category-meinungen","category-oekologie-und-umwelt","tag-coronakrise","tag-coronavirus-de","tag-earth-day-de","tag-klimakrise","tag-klimawandel","tag-ossile-brennstoffindustrie","tag-umweltaktivismus"],"yoast_head":"<!-- This site is optimized with the Yoast SEO plugin v27.1.1 - https:\/\/yoast.com\/product\/yoast-seo-wordpress\/ -->\n<title>Zum 50. Earth Day: stell dir eine gerechte, gr\u00fcne, pandemiefreie Zukunft vor<\/title>\n<meta name=\"description\" content=\"Die Menschheit verzeichnet den 50. Jahrestag des Earth Days inmitten eines weltweiten Lockdowns, w\u00e4hrend sich der Zorn der Natur durch einen der kleinsten\" \/>\n<meta name=\"robots\" content=\"index, follow, max-snippet:-1, max-image-preview:large, max-video-preview:-1\" \/>\n<link rel=\"canonical\" href=\"https:\/\/www.pressenza.com\/de\/2020\/05\/zum-50-earth-day-stell-dir-eine-gerechte-gruene-pandemiefreie-zukunft-vor\/\" \/>\n<meta property=\"og:locale\" content=\"de_DE\" \/>\n<meta property=\"og:type\" content=\"article\" \/>\n<meta property=\"og:title\" content=\"Zum 50. Earth Day: stell dir eine gerechte, gr\u00fcne, pandemiefreie Zukunft vor\" \/>\n<meta property=\"og:description\" content=\"Die Menschheit verzeichnet den 50. Jahrestag des Earth Days inmitten eines weltweiten Lockdowns, w\u00e4hrend sich der Zorn der Natur durch einen der kleinsten\" \/>\n<meta property=\"og:url\" content=\"https:\/\/www.pressenza.com\/de\/2020\/05\/zum-50-earth-day-stell-dir-eine-gerechte-gruene-pandemiefreie-zukunft-vor\/\" \/>\n<meta property=\"og:site_name\" content=\"Pressenza\" \/>\n<meta property=\"article:publisher\" content=\"https:\/\/www.facebook.com\/PressenzaItalia\" \/>\n<meta property=\"article:published_time\" content=\"2020-05-01T12:05:52+00:00\" \/>\n<meta property=\"article:modified_time\" content=\"2020-05-02T18:32:08+00:00\" \/>\n<meta property=\"og:image\" content=\"https:\/\/www.pressenza.com\/wp-content\/uploads\/2020\/05\/EarthDayPost.jpg\" \/>\n\t<meta property=\"og:image:width\" content=\"820\" \/>\n\t<meta property=\"og:image:height\" content=\"431\" \/>\n\t<meta property=\"og:image:type\" content=\"image\/jpeg\" \/>\n<meta name=\"author\" content=\"Amy Goodman\" \/>\n<meta name=\"twitter:card\" content=\"summary_large_image\" \/>\n<meta name=\"twitter:creator\" content=\"@PressenzaIPA\" \/>\n<meta name=\"twitter:site\" content=\"@PressenzaIPA\" \/>\n<meta name=\"twitter:label1\" content=\"Verfasst von\" \/>\n\t<meta name=\"twitter:data1\" content=\"Amy Goodman\" \/>\n\t<meta name=\"twitter:label2\" content=\"Gesch\u00e4tzte Lesezeit\" \/>\n\t<meta name=\"twitter:data2\" content=\"5\u00a0Minuten\" \/>\n<script type=\"application\/ld+json\" class=\"yoast-schema-graph\">{\"@context\":\"https:\/\/schema.org\",\"@graph\":[{\"@type\":\"Article\",\"@id\":\"https:\/\/www.pressenza.com\/de\/2020\/05\/zum-50-earth-day-stell-dir-eine-gerechte-gruene-pandemiefreie-zukunft-vor\/#article\",\"isPartOf\":{\"@id\":\"https:\/\/www.pressenza.com\/de\/2020\/05\/zum-50-earth-day-stell-dir-eine-gerechte-gruene-pandemiefreie-zukunft-vor\/\"},\"author\":{\"name\":\"Amy Goodman\",\"@id\":\"https:\/\/www.pressenza.com\/de\/#\/schema\/person\/fb76c4542b791ee101e00d9e2f9817ee\"},\"headline\":\"Zum 50. Earth Day: stell dir eine gerechte, gr\u00fcne, pandemiefreie Zukunft vor\",\"datePublished\":\"2020-05-01T12:05:52+00:00\",\"dateModified\":\"2020-05-02T18:32:08+00:00\",\"mainEntityOfPage\":{\"@id\":\"https:\/\/www.pressenza.com\/de\/2020\/05\/zum-50-earth-day-stell-dir-eine-gerechte-gruene-pandemiefreie-zukunft-vor\/\"},\"wordCount\":943,\"publisher\":{\"@id\":\"https:\/\/www.pressenza.com\/de\/#organization\"},\"image\":{\"@id\":\"https:\/\/www.pressenza.com\/de\/2020\/05\/zum-50-earth-day-stell-dir-eine-gerechte-gruene-pandemiefreie-zukunft-vor\/#primaryimage\"},\"thumbnailUrl\":\"https:\/\/www.pressenza.com\/wp-content\/uploads\/2020\/05\/EarthDayPost.jpg\",\"keywords\":[\"Coronakrise\",\"coronavirus\",\"Earth Day\",\"Klimakrise\",\"Klimawandel\",\"ossile Brennstoffindustrie\",\"Umweltaktivismus\"],\"articleSection\":[\"International\",\"Meinungen\",\"\u00d6kologie und Umwelt\"],\"inLanguage\":\"de\"},{\"@type\":\"WebPage\",\"@id\":\"https:\/\/www.pressenza.com\/de\/2020\/05\/zum-50-earth-day-stell-dir-eine-gerechte-gruene-pandemiefreie-zukunft-vor\/\",\"url\":\"https:\/\/www.pressenza.com\/de\/2020\/05\/zum-50-earth-day-stell-dir-eine-gerechte-gruene-pandemiefreie-zukunft-vor\/\",\"name\":\"Zum 50. Earth Day: stell dir eine gerechte, gr\u00fcne, pandemiefreie Zukunft vor\",\"isPartOf\":{\"@id\":\"https:\/\/www.pressenza.com\/de\/#website\"},\"primaryImageOfPage\":{\"@id\":\"https:\/\/www.pressenza.com\/de\/2020\/05\/zum-50-earth-day-stell-dir-eine-gerechte-gruene-pandemiefreie-zukunft-vor\/#primaryimage\"},\"image\":{\"@id\":\"https:\/\/www.pressenza.com\/de\/2020\/05\/zum-50-earth-day-stell-dir-eine-gerechte-gruene-pandemiefreie-zukunft-vor\/#primaryimage\"},\"thumbnailUrl\":\"https:\/\/www.pressenza.com\/wp-content\/uploads\/2020\/05\/EarthDayPost.jpg\",\"datePublished\":\"2020-05-01T12:05:52+00:00\",\"dateModified\":\"2020-05-02T18:32:08+00:00\",\"description\":\"Die Menschheit verzeichnet den 50. Jahrestag des Earth Days inmitten eines weltweiten Lockdowns, w\u00e4hrend sich der Zorn der Natur durch einen der kleinsten\",\"breadcrumb\":{\"@id\":\"https:\/\/www.pressenza.com\/de\/2020\/05\/zum-50-earth-day-stell-dir-eine-gerechte-gruene-pandemiefreie-zukunft-vor\/#breadcrumb\"},\"inLanguage\":\"de\",\"potentialAction\":[{\"@type\":\"ReadAction\",\"target\":[\"https:\/\/www.pressenza.com\/de\/2020\/05\/zum-50-earth-day-stell-dir-eine-gerechte-gruene-pandemiefreie-zukunft-vor\/\"]}]},{\"@type\":\"ImageObject\",\"inLanguage\":\"de\",\"@id\":\"https:\/\/www.pressenza.com\/de\/2020\/05\/zum-50-earth-day-stell-dir-eine-gerechte-gruene-pandemiefreie-zukunft-vor\/#primaryimage\",\"url\":\"https:\/\/www.pressenza.com\/wp-content\/uploads\/2020\/05\/EarthDayPost.jpg\",\"contentUrl\":\"https:\/\/www.pressenza.com\/wp-content\/uploads\/2020\/05\/EarthDayPost.jpg\",\"width\":820,\"height\":431,\"caption\":\"Zum 50. Earth Day: stell dir eine gerechte, gr\u00fcne, pandemiefreie Zukunft vor\"},{\"@type\":\"BreadcrumbList\",\"@id\":\"https:\/\/www.pressenza.com\/de\/2020\/05\/zum-50-earth-day-stell-dir-eine-gerechte-gruene-pandemiefreie-zukunft-vor\/#breadcrumb\",\"itemListElement\":[{\"@type\":\"ListItem\",\"position\":1,\"name\":\"Accueil\",\"item\":\"https:\/\/www.pressenza.com\/de\/\"},{\"@type\":\"ListItem\",\"position\":2,\"name\":\"Zum 50. Earth Day: stell dir eine gerechte, gr\u00fcne, pandemiefreie Zukunft vor\"}]},{\"@type\":\"WebSite\",\"@id\":\"https:\/\/www.pressenza.com\/de\/#website\",\"url\":\"https:\/\/www.pressenza.com\/de\/\",\"name\":\"Pressenza\",\"description\":\"International Press Agency\",\"publisher\":{\"@id\":\"https:\/\/www.pressenza.com\/de\/#organization\"},\"potentialAction\":[{\"@type\":\"SearchAction\",\"target\":{\"@type\":\"EntryPoint\",\"urlTemplate\":\"https:\/\/www.pressenza.com\/de\/?s={search_term_string}\"},\"query-input\":{\"@type\":\"PropertyValueSpecification\",\"valueRequired\":true,\"valueName\":\"search_term_string\"}}],\"inLanguage\":\"de\"},{\"@type\":\"Organization\",\"@id\":\"https:\/\/www.pressenza.com\/de\/#organization\",\"name\":\"Pressenza\",\"url\":\"https:\/\/www.pressenza.com\/de\/\",\"logo\":{\"@type\":\"ImageObject\",\"inLanguage\":\"de\",\"@id\":\"https:\/\/www.pressenza.com\/de\/#\/schema\/logo\/image\/\",\"url\":\"https:\/\/www.pressenza.com\/wp-content\/uploads\/2022\/10\/pressenza_logo_200x200.jpg\",\"contentUrl\":\"https:\/\/www.pressenza.com\/wp-content\/uploads\/2022\/10\/pressenza_logo_200x200.jpg\",\"width\":200,\"height\":200,\"caption\":\"Pressenza\"},\"image\":{\"@id\":\"https:\/\/www.pressenza.com\/de\/#\/schema\/logo\/image\/\"},\"sameAs\":[\"https:\/\/www.facebook.com\/PressenzaItalia\",\"https:\/\/x.com\/PressenzaIPA\"]},{\"@type\":\"Person\",\"@id\":\"https:\/\/www.pressenza.com\/de\/#\/schema\/person\/fb76c4542b791ee101e00d9e2f9817ee\",\"name\":\"Amy Goodman\",\"description\":\"Award-winning investigative journalist and syndicated columnist, author and host\/executive producer of Democracy Now! www.democracynow.org\",\"url\":\"https:\/\/www.pressenza.com\/de\/author\/amy-goodman\/\"}]}<\/script>\n<!-- \/ Yoast SEO plugin. -->","yoast_head_json":{"title":"Zum 50. Earth Day: stell dir eine gerechte, gr\u00fcne, pandemiefreie Zukunft vor","description":"Die Menschheit verzeichnet den 50. Jahrestag des Earth Days inmitten eines weltweiten Lockdowns, w\u00e4hrend sich der Zorn der Natur durch einen der kleinsten","robots":{"index":"index","follow":"follow","max-snippet":"max-snippet:-1","max-image-preview":"max-image-preview:large","max-video-preview":"max-video-preview:-1"},"canonical":"https:\/\/www.pressenza.com\/de\/2020\/05\/zum-50-earth-day-stell-dir-eine-gerechte-gruene-pandemiefreie-zukunft-vor\/","og_locale":"de_DE","og_type":"article","og_title":"Zum 50. Earth Day: stell dir eine gerechte, gr\u00fcne, pandemiefreie Zukunft vor","og_description":"Die Menschheit verzeichnet den 50. Jahrestag des Earth Days inmitten eines weltweiten Lockdowns, w\u00e4hrend sich der Zorn der Natur durch einen der kleinsten","og_url":"https:\/\/www.pressenza.com\/de\/2020\/05\/zum-50-earth-day-stell-dir-eine-gerechte-gruene-pandemiefreie-zukunft-vor\/","og_site_name":"Pressenza","article_publisher":"https:\/\/www.facebook.com\/PressenzaItalia","article_published_time":"2020-05-01T12:05:52+00:00","article_modified_time":"2020-05-02T18:32:08+00:00","og_image":[{"width":820,"height":431,"url":"https:\/\/www.pressenza.com\/wp-content\/uploads\/2020\/05\/EarthDayPost.jpg","type":"image\/jpeg"}],"author":"Amy Goodman","twitter_card":"summary_large_image","twitter_creator":"@PressenzaIPA","twitter_site":"@PressenzaIPA","twitter_misc":{"Verfasst von":"Amy Goodman","Gesch\u00e4tzte Lesezeit":"5\u00a0Minuten"},"schema":{"@context":"https:\/\/schema.org","@graph":[{"@type":"Article","@id":"https:\/\/www.pressenza.com\/de\/2020\/05\/zum-50-earth-day-stell-dir-eine-gerechte-gruene-pandemiefreie-zukunft-vor\/#article","isPartOf":{"@id":"https:\/\/www.pressenza.com\/de\/2020\/05\/zum-50-earth-day-stell-dir-eine-gerechte-gruene-pandemiefreie-zukunft-vor\/"},"author":{"name":"Amy Goodman","@id":"https:\/\/www.pressenza.com\/de\/#\/schema\/person\/fb76c4542b791ee101e00d9e2f9817ee"},"headline":"Zum 50. Earth Day: stell dir eine gerechte, gr\u00fcne, pandemiefreie Zukunft vor","datePublished":"2020-05-01T12:05:52+00:00","dateModified":"2020-05-02T18:32:08+00:00","mainEntityOfPage":{"@id":"https:\/\/www.pressenza.com\/de\/2020\/05\/zum-50-earth-day-stell-dir-eine-gerechte-gruene-pandemiefreie-zukunft-vor\/"},"wordCount":943,"publisher":{"@id":"https:\/\/www.pressenza.com\/de\/#organization"},"image":{"@id":"https:\/\/www.pressenza.com\/de\/2020\/05\/zum-50-earth-day-stell-dir-eine-gerechte-gruene-pandemiefreie-zukunft-vor\/#primaryimage"},"thumbnailUrl":"https:\/\/www.pressenza.com\/wp-content\/uploads\/2020\/05\/EarthDayPost.jpg","keywords":["Coronakrise","coronavirus","Earth Day","Klimakrise","Klimawandel","ossile Brennstoffindustrie","Umweltaktivismus"],"articleSection":["International","Meinungen","\u00d6kologie und Umwelt"],"inLanguage":"de"},{"@type":"WebPage","@id":"https:\/\/www.pressenza.com\/de\/2020\/05\/zum-50-earth-day-stell-dir-eine-gerechte-gruene-pandemiefreie-zukunft-vor\/","url":"https:\/\/www.pressenza.com\/de\/2020\/05\/zum-50-earth-day-stell-dir-eine-gerechte-gruene-pandemiefreie-zukunft-vor\/","name":"Zum 50. Earth Day: stell dir eine gerechte, gr\u00fcne, pandemiefreie Zukunft vor","isPartOf":{"@id":"https:\/\/www.pressenza.com\/de\/#website"},"primaryImageOfPage":{"@id":"https:\/\/www.pressenza.com\/de\/2020\/05\/zum-50-earth-day-stell-dir-eine-gerechte-gruene-pandemiefreie-zukunft-vor\/#primaryimage"},"image":{"@id":"https:\/\/www.pressenza.com\/de\/2020\/05\/zum-50-earth-day-stell-dir-eine-gerechte-gruene-pandemiefreie-zukunft-vor\/#primaryimage"},"thumbnailUrl":"https:\/\/www.pressenza.com\/wp-content\/uploads\/2020\/05\/EarthDayPost.jpg","datePublished":"2020-05-01T12:05:52+00:00","dateModified":"2020-05-02T18:32:08+00:00","description":"Die Menschheit verzeichnet den 50. Jahrestag des Earth Days inmitten eines weltweiten Lockdowns, w\u00e4hrend sich der Zorn der Natur durch einen der kleinsten","breadcrumb":{"@id":"https:\/\/www.pressenza.com\/de\/2020\/05\/zum-50-earth-day-stell-dir-eine-gerechte-gruene-pandemiefreie-zukunft-vor\/#breadcrumb"},"inLanguage":"de","potentialAction":[{"@type":"ReadAction","target":["https:\/\/www.pressenza.com\/de\/2020\/05\/zum-50-earth-day-stell-dir-eine-gerechte-gruene-pandemiefreie-zukunft-vor\/"]}]},{"@type":"ImageObject","inLanguage":"de","@id":"https:\/\/www.pressenza.com\/de\/2020\/05\/zum-50-earth-day-stell-dir-eine-gerechte-gruene-pandemiefreie-zukunft-vor\/#primaryimage","url":"https:\/\/www.pressenza.com\/wp-content\/uploads\/2020\/05\/EarthDayPost.jpg","contentUrl":"https:\/\/www.pressenza.com\/wp-content\/uploads\/2020\/05\/EarthDayPost.jpg","width":820,"height":431,"caption":"Zum 50. Earth Day: stell dir eine gerechte, gr\u00fcne, pandemiefreie Zukunft vor"},{"@type":"BreadcrumbList","@id":"https:\/\/www.pressenza.com\/de\/2020\/05\/zum-50-earth-day-stell-dir-eine-gerechte-gruene-pandemiefreie-zukunft-vor\/#breadcrumb","itemListElement":[{"@type":"ListItem","position":1,"name":"Accueil","item":"https:\/\/www.pressenza.com\/de\/"},{"@type":"ListItem","position":2,"name":"Zum 50. Earth Day: stell dir eine gerechte, gr\u00fcne, pandemiefreie Zukunft vor"}]},{"@type":"WebSite","@id":"https:\/\/www.pressenza.com\/de\/#website","url":"https:\/\/www.pressenza.com\/de\/","name":"Pressenza","description":"International Press Agency","publisher":{"@id":"https:\/\/www.pressenza.com\/de\/#organization"},"potentialAction":[{"@type":"SearchAction","target":{"@type":"EntryPoint","urlTemplate":"https:\/\/www.pressenza.com\/de\/?s={search_term_string}"},"query-input":{"@type":"PropertyValueSpecification","valueRequired":true,"valueName":"search_term_string"}}],"inLanguage":"de"},{"@type":"Organization","@id":"https:\/\/www.pressenza.com\/de\/#organization","name":"Pressenza","url":"https:\/\/www.pressenza.com\/de\/","logo":{"@type":"ImageObject","inLanguage":"de","@id":"https:\/\/www.pressenza.com\/de\/#\/schema\/logo\/image\/","url":"https:\/\/www.pressenza.com\/wp-content\/uploads\/2022\/10\/pressenza_logo_200x200.jpg","contentUrl":"https:\/\/www.pressenza.com\/wp-content\/uploads\/2022\/10\/pressenza_logo_200x200.jpg","width":200,"height":200,"caption":"Pressenza"},"image":{"@id":"https:\/\/www.pressenza.com\/de\/#\/schema\/logo\/image\/"},"sameAs":["https:\/\/www.facebook.com\/PressenzaItalia","https:\/\/x.com\/PressenzaIPA"]},{"@type":"Person","@id":"https:\/\/www.pressenza.com\/de\/#\/schema\/person\/fb76c4542b791ee101e00d9e2f9817ee","name":"Amy Goodman","description":"Award-winning investigative journalist and syndicated columnist, author and host\/executive producer of Democracy Now! www.democracynow.org","url":"https:\/\/www.pressenza.com\/de\/author\/amy-goodman\/"}]}},"place":"New York City","original_article_url":"https:\/\/www.democracynow.org\/2020\/4\/23\/as_earth_day_turns_50_imagine","_links":{"self":[{"href":"https:\/\/www.pressenza.com\/de\/wp-json\/wp\/v2\/posts\/1096128","targetHints":{"allow":["GET"]}}],"collection":[{"href":"https:\/\/www.pressenza.com\/de\/wp-json\/wp\/v2\/posts"}],"about":[{"href":"https:\/\/www.pressenza.com\/de\/wp-json\/wp\/v2\/types\/post"}],"author":[{"embeddable":true,"href":"https:\/\/www.pressenza.com\/de\/wp-json\/wp\/v2\/users\/38"}],"replies":[{"embeddable":true,"href":"https:\/\/www.pressenza.com\/de\/wp-json\/wp\/v2\/comments?post=1096128"}],"version-history":[{"count":0,"href":"https:\/\/www.pressenza.com\/de\/wp-json\/wp\/v2\/posts\/1096128\/revisions"}],"wp:featuredmedia":[{"embeddable":true,"href":"https:\/\/www.pressenza.com\/de\/wp-json\/wp\/v2\/media\/1096143"}],"wp:attachment":[{"href":"https:\/\/www.pressenza.com\/de\/wp-json\/wp\/v2\/media?parent=1096128"}],"wp:term":[{"taxonomy":"category","embeddable":true,"href":"https:\/\/www.pressenza.com\/de\/wp-json\/wp\/v2\/categories?post=1096128"},{"taxonomy":"post_tag","embeddable":true,"href":"https:\/\/www.pressenza.com\/de\/wp-json\/wp\/v2\/tags?post=1096128"}],"curies":[{"name":"wp","href":"https:\/\/api.w.org\/{rel}","templated":true}]}}