{"id":1094965,"date":"2020-04-30T18:49:10","date_gmt":"2020-04-30T17:49:10","guid":{"rendered":"https:\/\/www.pressenza.com\/?p=1094965"},"modified":"2020-04-30T18:49:10","modified_gmt":"2020-04-30T17:49:10","slug":"die-verdaechtigungskampagne","status":"publish","type":"post","link":"https:\/\/www.pressenza.com\/de\/2020\/04\/die-verdaechtigungskampagne\/","title":{"rendered":"Die Verd\u00e4chtigungskampagne"},"content":{"rendered":"<p class=\"news-item-subtitle\"><strong>Berlin schlie\u00dft sich den US-Unterstellungen gegen China zum Ausbruch der Covid-19-Pandemie an.<\/strong><\/p>\n<p>Die Bundesregierung schlie\u00dft sich der US-Verd\u00e4chtigungskampagne gegen China bez\u00fcglich des Ausbruchs der Covid-19-Pandemie an. US-Pr\u00e4sident Donald Trump hatte am Wochenende ge\u00e4u\u00dfert, sollte die Volksrepublik &#8222;wissentlich verantwortlich&#8220; f\u00fcr die Ausbreitung der Pandemie sein, m\u00fcsse es &#8222;Konsequenzen&#8220; geben. Gleichzeitig streut Washington gezielt Ger\u00fcchte, das Virus k\u00f6nne in einem chinesischen Labor entstanden sein. W\u00e4hrend Wissenschaftler den Verd\u00e4chtigungen entschieden widersprechen, erkl\u00e4rt Au\u00dfenminister Heiko Maas, er wolle &#8222;nicht ausschlie\u00dfen&#8220;, dass sich die WHO mit den Vorw\u00fcrfen zu befassen habe. Am gestrigen Montag forderte Bundeskanzlerin Angela Merkel Beijing zu &#8222;Transparenz&#8220; in der Sache auf. Hochrangige deutsche Milit\u00e4rs fordern in j\u00fcngster Zeit, die EU m\u00fcsse &#8222;eine gemeinsame politisch-strategische Antwort&#8220; auf Chinas Erstarken finden; Beijing gewinne in der Coronakrise erheblich an Einfluss. In Italien stuft mittlerweile laut einer aktuellen Umfrage mehr als die H\u00e4lfte der Bev\u00f6lkerung China als &#8222;Freund&#8220; ein, fast die H\u00e4lfte hingegen Deutschland als &#8222;Feind&#8220;.<\/p>\n<h4><strong>Gezielte Ger\u00fcchte<\/strong><\/h4>\n<p>Die Bundesregierung schlie\u00dft sich, wenngleich leicht abgeschw\u00e4cht, der neuen Kampagne der Trump-Administration gegen China an. US-Pr\u00e4sident Donald Trump hatte am Wochenende behauptet, das Virus &#8222;h\u00e4tte in China gestoppt werden k\u00f6nnen&#8220;; sollte die Volksrepublik f\u00fcr seine Ausbreitung &#8222;wissentlich verantwortlich&#8220; sein, &#8222;dann sollte es Konsequenzen geben&#8220;.[1] Parallel werden in den Vereinigten Staaten gezielt Ger\u00fcchte gestreut, das Covid-19-Virus k\u00f6nne in einem chinesischen Labor &#8211; wom\u00f6glich in einem Biowaffenlabor &#8211; erzeugt worden sein. Aus der US-Regierung hei\u00dft es, man schlie\u00dfe dies nicht aus; US-Geheimdienste seien zur Zeit mit der Sache befasst. Sp\u00e4testens seit der L\u00fcge \u00fcber angebliche irakische Massenvernichtungswaffen muss ein solcher Hinweis als Drohung aufgefasst werden, bei Bedarf eine Legitimation f\u00fcr neue Aggressionen zu schaffen. Belege f\u00fcr eine etwaige Herkunft des Virus aus einem Labor gibt es nicht; wissenschaftliche Studien kommen klar zu dem Schluss, es sei durch \u00dcbertragung von Wildtieren zum Menschen gelangt.[2]<\/p>\n<h4><strong>Offen f\u00fcr Verdacht<\/strong><\/h4>\n<p>Berlin gibt sich offen f\u00fcr die g\u00e4nzlich unbelegten Verd\u00e4chtigungen. So wird Au\u00dfenminister Heiko Maas mit der Aussage zitiert, er wolle &#8222;nicht ausschlie\u00dfen&#8220;, dass sich &#8222;die WHO mit diesen Fragen auseinandersetzen muss&#8220;.[3] Entwicklungsminister Gerd M\u00fcller erkl\u00e4rt, die Volksrepublik m\u00fcsse &#8222;vollkommene Offenheit&#8220; zeigen &#8211; &#8222;gerade was den Ursprung des Virus angeht&#8220;.[4] Bereits in der vergangenen Woche hatten auch deutsche Medien ihre Schuldzuweisungen an China f\u00fcr den Ausbruch der Covid-19-Pandemie verst\u00e4rkt und China als deren &#8222;Verursacher&#8220; bezeichnet. In der Springer-Presse wurde gar die Forderung nach &#8222;Schadensersatz&#8220; laut &#8211; unter der \u00dcberschrift: &#8222;Was China uns jetzt schon schuldet&#8220; (german-foreign-policy.com berichtete [5]). In \u00e4hnlicher Weise \u00e4u\u00dfern sich f\u00fchrende Politiker aus Gro\u00dfbritannien und Frankreich. W\u00e4hrend der britische Au\u00dfenminister Dominic Raab bereits mehrfach erkl\u00e4rt hat, China werde sich wegen der Covid-19-Pandemie zu verantworten haben, hat sich zuletzt auch der franz\u00f6sische Pr\u00e4sident Emmanuel Macron der Kampagne angeschlossen. Es gebe &#8222;eindeutig&#8220; Dinge, erkl\u00e4rte er mit Bezug auf den Ursprung der Pandemie, die in China geschehen seien, &#8222;von denen wir nichts wissen&#8220;.[6] Zwar ist nicht wirklich ersichtlich, wie Macron wissen kann, dass etwas existiert, von dem er nichts wei\u00df; deutlich ist allerdings seine Absicht, Beijing unter Verdacht zu stellen.<\/p>\n<h4><strong>&#8222;Ein verheerendes Bild&#8220;<\/strong><\/h4>\n<p>Aufschluss \u00fcber die Hintergr\u00fcnde der deutsch-europ\u00e4ischen Beteiligung an der neuen Kampagne der Trump-Administration gegen China l\u00e4sst sich aus aktuellen Stellungnahmen deutscher Milit\u00e4rs gewinnen. So befasst sich etwa ein neues Arbeitspapier der Bundesakademie f\u00fcr Sicherheitspolitik (BAKS) mit m\u00f6glichen weltpolitischen Folgen der Covid-19-Pandemie. Darin weist der Autor &#8211; Brigadegeneral a.D. Armin Staigis, von 2013 bis 2015 BAKS-Vizepr\u00e4sident, jetzt Vorsitzender des BAKS-&#8222;Freundeskreises&#8220; &#8211; darauf hin, dass die USA, &#8222;der bisher wichtigste Partner der EU&#8220;, &#8222;im globalen Kontext erodieren&#8220;. China hingegen melde sich mehr und mehr &#8222;auf der Weltb\u00fchne&#8220;: &#8222;Es dr\u00e4ngt mit seiner \u00f6konomischen Macht bis auf den europ\u00e4ischen Kontinent und wird dadurch &#8230; auch politischer Rivale&#8220;.[7] Die EU d\u00fcrfe &#8222;nicht zum Spielball werden&#8220; von Staaten wie Russland (&#8222;Revanchisten&#8220;), den USA (&#8222;vom Kurs abgekommene Egozentriker&#8220;) oder auch China (&#8222;hungrige Aufsteiger&#8220;). Vor allem auf das Erstarken der Volksrepublik m\u00fcsse &#8222;eine gemeinsame politisch-strategische Antwort der EU &#8230; erst noch gefunden werden&#8220;. Das gelte umso mehr aufgrund der politischen Entwicklung in der Coronakrise: &#8222;\u00d6ffentlich wird perzipiert, dass China schneller und hilfreicher in Europa unterst\u00fctzt als die EU und ihre Mitgliedstaaten untereinander.&#8220; Das aber sei &#8222;ein verheerendes Bild&#8220;.<\/p>\n<h4><strong>Wettlauf der Weltwirtschaftsm\u00e4chte<\/strong><\/h4>\n<p>\u00c4hnlich hat sich Ende vergangener Woche Oberst i.G. Matthias Rogg ge\u00e4u\u00dfert, Co-Vorstand des German Institute f\u00fcr Defence and Strategic Studies (GIDS), des 2018 gegr\u00fcndeten Think-Tanks der Bundeswehr. Rogg geht davon aus, dass China im Verlauf der Coronakrise international ganz klar an Einfluss gewinnen wird: &#8222;Das betrifft den wirtschaftlichen Aufbau von Staaten, zum Beispiel im Nahen Osten oder auch in Afrika, die noch nicht sichtbar von der Epidemie betroffen sind, aber mit Sicherheit direkt oder indirekt von Corona schwer getroffen werden d\u00fcrften.&#8220;[8] Dort werde sich die Volksrepublik &#8222;durch finanzielle, aber auch durch materielle Hilfe&#8220; neuen Einfluss sichern k\u00f6nnen. Dabei d\u00fcrfe man &#8222;nicht vergessen&#8220;, dass vollkommen unklar sei, &#8222;wie die USA aus dieser Krise wirtschaftlich hervorgehen werden&#8220;: &#8222;Das hei\u00dft, im Wettlauf der Weltwirtschaftsm\u00e4chte ist davon auszugehen, dass China &#8230; die Nase vorn hat und am Ende zu den Krisengewinnern geh\u00f6rt.&#8220; Das wiege schwer &#8211; denn schlie\u00dflich habe man es bei China, das beispielsweise in Italien &#8222;sofort Hilfe angeboten&#8220; habe, &#8222;de facto mit [einem] Systemkonkurrenten zu tun&#8220;.<\/p>\n<h4><strong>Der Feind Nummer eins<\/strong><\/h4>\n<p>Welchen Problemen deutsche Machtstrategen aktuell gegen\u00fcberstehen, zeigt eine aktuelle Umfrage aus Italien; sie l\u00e4sst erahnen, dass die Verd\u00e4chtigungskampagne gegen China auch auf Wirkung in Europa zielt. Bereits Mitte M\u00e4rz hatte sich gezeigt, dass rund zwei Drittel der Italiener mittlerweile die Mitgliedschaft ihres Landes in der EU f\u00fcr nachteilig halten. Lediglich vier Prozent waren der Auffassung, die Union leiste Italien in der Coronakrise gen\u00fcgend Unterst\u00fctzung.[9] Jetzt stellt sich heraus, dass nach den j\u00fcngsten chinesischen Covid-19-Hilfslieferungen 52 Prozent der italienischen Bev\u00f6lkerung China als &#8222;Freund&#8220; Italiens einstufen; 32 Prozent sehen Russland, das ebenfalls Hilfe leistete, als &#8222;Freund&#8220;, nur 17 Prozent hingegen die Vereinigten Staaten. Unter den L\u00e4ndern, die in der Umfrage als &#8222;feindlich&#8220; gegen\u00fcber Italien bezeichnet werden, nimmt den ersten Platz &#8211; mit stolzen 45 Prozent &#8211; Deutschland ein.[10]<\/p>\n<hr \/>\n<p>[1] Trump droht China mit &#8222;Konsequenzen&#8220;. tagesschau.de 19.04.2020.<br \/>\n[2] Vgl. etwa: Kristian G. Andersen, Andrew Rambaut, W. Ian Lipkin, Edward C. Holmes, Robert F. Garry: The proximal origin of SARS-CoV-2. Nature Medicine 26 (2020). S. 450-452.<br \/>\n[3] Nils Metzger: Neue Argumente f\u00fcr Labor-Theorie? zdf.de 17.04.2020.<br \/>\n[4] Darum nimmt die Kritik an Pekings Umgang mit der Coronavirus-Krise zu. tagesspiegel.de 20.04.2020.<br \/>\n[5] S. dazu <a href=\"https:\/\/www.german-foreign-policy.com\/news\/detail\/8246\/\" target=\"_blank\" rel=\"noopener noreferrer\">Die Schlacht der Narrative<\/a>.<br \/>\n[6] Victor Mallet, Roula Khalaf: FT Interview: Emmanuel Macron says it is time to think the unthinkable. ft.com 16.04.2020.<br \/>\n[7] Armin Staigis: Ernstfall Europa &#8211; Jetzt! Bundesakademie f\u00fcr Sicherheitspolitik: Arbeitspapier 2\/20. Berlin, April 2020.<br \/>\n[8] &#8222;China d\u00fcrfte am Ende zu den Krisengewinnern geh\u00f6ren&#8220;. cicero.de 17.04.2020.<br \/>\n[9] S. dazu <a href=\"https:\/\/www.german-foreign-policy.com\/news\/detail\/8238\/\" target=\"_blank\" rel=\"noopener noreferrer\">Germany First (II)<\/a>.<br \/>\n[10] Massimiliano Lenzi: Libert\u00e0 superflua per 2 italiani su 3. iltempo.it 18.04.2020.<\/p>\n<p><a href=\"https:\/\/www.german-foreign-policy.com\/news\/detail\/8250\/\"><em>Originalartikel hier lesen\u00a0<\/em><\/a><\/p>\n","protected":false},"excerpt":{"rendered":"<p>Berlin schlie\u00dft sich den US-Unterstellungen gegen China zum Ausbruch der Covid-19-Pandemie an. Die Bundesregierung schlie\u00dft sich der US-Verd\u00e4chtigungskampagne gegen China bez\u00fcglich des Ausbruchs der Covid-19-Pandemie an. US-Pr\u00e4sident Donald Trump hatte am Wochenende ge\u00e4u\u00dfert, sollte die Volksrepublik &#8222;wissentlich verantwortlich&#8220; f\u00fcr die&hellip;<\/p>\n","protected":false},"author":1516,"featured_media":1094967,"comment_status":"closed","ping_status":"closed","sticky":false,"template":"","format":"standard","meta":{"footnotes":""},"categories":[9148,9150,9160,7835,9152,9168,9158],"tags":[9255,72646,9481,9767,74670,12231],"class_list":["post-1094965","post","type-post","status-publish","format-standard","has-post-thumbnail","hentry","category-asien","category-europa-de","category-gesundheit","category-international-de","category-nordamerika","category-politik","category-wirtschaft","tag-china-de","tag-covid-19-de","tag-eu-de","tag-usa-de","tag-verdaechtigungskampagne","tag-who-de"],"yoast_head":"<!-- This site is optimized with the Yoast SEO plugin v27.1.1 - https:\/\/yoast.com\/product\/yoast-seo-wordpress\/ -->\n<title>Die Verd\u00e4chtigungskampagne<\/title>\n<meta name=\"description\" content=\"Berlin schlie\u00dft sich den US-Unterstellungen gegen China zum Ausbruch der Covid-19-Pandemie an. Die Bundesregierung schlie\u00dft sich der\" \/>\n<meta name=\"robots\" content=\"index, follow, max-snippet:-1, max-image-preview:large, max-video-preview:-1\" \/>\n<link rel=\"canonical\" href=\"https:\/\/www.pressenza.com\/de\/2020\/04\/die-verdaechtigungskampagne\/\" \/>\n<meta property=\"og:locale\" content=\"de_DE\" \/>\n<meta property=\"og:type\" content=\"article\" \/>\n<meta property=\"og:title\" content=\"Die Verd\u00e4chtigungskampagne\" \/>\n<meta property=\"og:description\" content=\"Berlin schlie\u00dft sich den US-Unterstellungen gegen China zum Ausbruch der Covid-19-Pandemie an. Die Bundesregierung schlie\u00dft sich der\" \/>\n<meta property=\"og:url\" content=\"https:\/\/www.pressenza.com\/de\/2020\/04\/die-verdaechtigungskampagne\/\" \/>\n<meta property=\"og:site_name\" content=\"Pressenza\" \/>\n<meta property=\"article:publisher\" content=\"https:\/\/www.facebook.com\/PressenzaItalia\" \/>\n<meta property=\"article:published_time\" content=\"2020-04-30T17:49:10+00:00\" \/>\n<meta property=\"og:image\" content=\"https:\/\/www.pressenza.com\/wp-content\/uploads\/2020\/04\/F2412B80-2124-418D-8FDE-32E8CAB9D245.jpeg\" \/>\n\t<meta property=\"og:image:width\" content=\"1280\" \/>\n\t<meta property=\"og:image:height\" content=\"853\" \/>\n\t<meta property=\"og:image:type\" content=\"image\/jpeg\" \/>\n<meta name=\"author\" content=\"GERMAN-FOREIGN-POLICY.com\" \/>\n<meta name=\"twitter:card\" content=\"summary_large_image\" \/>\n<meta name=\"twitter:creator\" content=\"@PressenzaIPA\" \/>\n<meta name=\"twitter:site\" content=\"@PressenzaIPA\" \/>\n<meta name=\"twitter:label1\" content=\"Verfasst von\" \/>\n\t<meta name=\"twitter:data1\" content=\"GERMAN-FOREIGN-POLICY.com\" \/>\n\t<meta name=\"twitter:label2\" content=\"Gesch\u00e4tzte Lesezeit\" \/>\n\t<meta name=\"twitter:data2\" content=\"6\u00a0Minuten\" \/>\n<script type=\"application\/ld+json\" class=\"yoast-schema-graph\">{\"@context\":\"https:\/\/schema.org\",\"@graph\":[{\"@type\":\"Article\",\"@id\":\"https:\/\/www.pressenza.com\/de\/2020\/04\/die-verdaechtigungskampagne\/#article\",\"isPartOf\":{\"@id\":\"https:\/\/www.pressenza.com\/de\/2020\/04\/die-verdaechtigungskampagne\/\"},\"author\":{\"name\":\"GERMAN-FOREIGN-POLICY.com\",\"@id\":\"https:\/\/www.pressenza.com\/de\/#\/schema\/person\/65976e5880ee37f0ffc0cea7b0d6f456\"},\"headline\":\"Die Verd\u00e4chtigungskampagne\",\"datePublished\":\"2020-04-30T17:49:10+00:00\",\"mainEntityOfPage\":{\"@id\":\"https:\/\/www.pressenza.com\/de\/2020\/04\/die-verdaechtigungskampagne\/\"},\"wordCount\":1184,\"publisher\":{\"@id\":\"https:\/\/www.pressenza.com\/de\/#organization\"},\"image\":{\"@id\":\"https:\/\/www.pressenza.com\/de\/2020\/04\/die-verdaechtigungskampagne\/#primaryimage\"},\"thumbnailUrl\":\"https:\/\/www.pressenza.com\/wp-content\/uploads\/2020\/04\/F2412B80-2124-418D-8FDE-32E8CAB9D245.jpeg\",\"keywords\":[\"China\",\"COVID-19\",\"EU\",\"USA\",\"Verd\u00e4chtigungskampagne\",\"WHO\"],\"articleSection\":[\"Asien\",\"Europa\",\"Gesundheit\",\"International\",\"Nordamerika\",\"Politik\",\"Wirtschaft\"],\"inLanguage\":\"de\"},{\"@type\":\"WebPage\",\"@id\":\"https:\/\/www.pressenza.com\/de\/2020\/04\/die-verdaechtigungskampagne\/\",\"url\":\"https:\/\/www.pressenza.com\/de\/2020\/04\/die-verdaechtigungskampagne\/\",\"name\":\"Die Verd\u00e4chtigungskampagne\",\"isPartOf\":{\"@id\":\"https:\/\/www.pressenza.com\/de\/#website\"},\"primaryImageOfPage\":{\"@id\":\"https:\/\/www.pressenza.com\/de\/2020\/04\/die-verdaechtigungskampagne\/#primaryimage\"},\"image\":{\"@id\":\"https:\/\/www.pressenza.com\/de\/2020\/04\/die-verdaechtigungskampagne\/#primaryimage\"},\"thumbnailUrl\":\"https:\/\/www.pressenza.com\/wp-content\/uploads\/2020\/04\/F2412B80-2124-418D-8FDE-32E8CAB9D245.jpeg\",\"datePublished\":\"2020-04-30T17:49:10+00:00\",\"description\":\"Berlin schlie\u00dft sich den US-Unterstellungen gegen China zum Ausbruch der Covid-19-Pandemie an. Die Bundesregierung schlie\u00dft sich der\",\"breadcrumb\":{\"@id\":\"https:\/\/www.pressenza.com\/de\/2020\/04\/die-verdaechtigungskampagne\/#breadcrumb\"},\"inLanguage\":\"de\",\"potentialAction\":[{\"@type\":\"ReadAction\",\"target\":[\"https:\/\/www.pressenza.com\/de\/2020\/04\/die-verdaechtigungskampagne\/\"]}]},{\"@type\":\"ImageObject\",\"inLanguage\":\"de\",\"@id\":\"https:\/\/www.pressenza.com\/de\/2020\/04\/die-verdaechtigungskampagne\/#primaryimage\",\"url\":\"https:\/\/www.pressenza.com\/wp-content\/uploads\/2020\/04\/F2412B80-2124-418D-8FDE-32E8CAB9D245.jpeg\",\"contentUrl\":\"https:\/\/www.pressenza.com\/wp-content\/uploads\/2020\/04\/F2412B80-2124-418D-8FDE-32E8CAB9D245.jpeg\",\"width\":1280,\"height\":853,\"caption\":\"Wissenschaftliches Labor\"},{\"@type\":\"BreadcrumbList\",\"@id\":\"https:\/\/www.pressenza.com\/de\/2020\/04\/die-verdaechtigungskampagne\/#breadcrumb\",\"itemListElement\":[{\"@type\":\"ListItem\",\"position\":1,\"name\":\"Accueil\",\"item\":\"https:\/\/www.pressenza.com\/de\/\"},{\"@type\":\"ListItem\",\"position\":2,\"name\":\"Die Verd\u00e4chtigungskampagne\"}]},{\"@type\":\"WebSite\",\"@id\":\"https:\/\/www.pressenza.com\/de\/#website\",\"url\":\"https:\/\/www.pressenza.com\/de\/\",\"name\":\"Pressenza\",\"description\":\"International Press Agency\",\"publisher\":{\"@id\":\"https:\/\/www.pressenza.com\/de\/#organization\"},\"potentialAction\":[{\"@type\":\"SearchAction\",\"target\":{\"@type\":\"EntryPoint\",\"urlTemplate\":\"https:\/\/www.pressenza.com\/de\/?s={search_term_string}\"},\"query-input\":{\"@type\":\"PropertyValueSpecification\",\"valueRequired\":true,\"valueName\":\"search_term_string\"}}],\"inLanguage\":\"de\"},{\"@type\":\"Organization\",\"@id\":\"https:\/\/www.pressenza.com\/de\/#organization\",\"name\":\"Pressenza\",\"url\":\"https:\/\/www.pressenza.com\/de\/\",\"logo\":{\"@type\":\"ImageObject\",\"inLanguage\":\"de\",\"@id\":\"https:\/\/www.pressenza.com\/de\/#\/schema\/logo\/image\/\",\"url\":\"https:\/\/www.pressenza.com\/wp-content\/uploads\/2022\/10\/pressenza_logo_200x200.jpg\",\"contentUrl\":\"https:\/\/www.pressenza.com\/wp-content\/uploads\/2022\/10\/pressenza_logo_200x200.jpg\",\"width\":200,\"height\":200,\"caption\":\"Pressenza\"},\"image\":{\"@id\":\"https:\/\/www.pressenza.com\/de\/#\/schema\/logo\/image\/\"},\"sameAs\":[\"https:\/\/www.facebook.com\/PressenzaItalia\",\"https:\/\/x.com\/PressenzaIPA\"]},{\"@type\":\"Person\",\"@id\":\"https:\/\/www.pressenza.com\/de\/#\/schema\/person\/65976e5880ee37f0ffc0cea7b0d6f456\",\"name\":\"GERMAN-FOREIGN-POLICY.com\",\"description\":\"Information on German Foreign Policy Articles and photographs by german-foreign-policy.com on Pressenza do not fall under the Creative Commons license and are not reproducible in any way. \\\"Information on German Foreign Policy\\\" (german-foreign-policy.com) is compiled by a group of independent journalists and social scientists who observe, on an ongoing basis, Germany's renewed attempts to regain great power status in the economic, military and political arena.\",\"url\":\"https:\/\/www.pressenza.com\/de\/author\/german-foreign-policy-com\/\"}]}<\/script>\n<!-- \/ Yoast SEO plugin. -->","yoast_head_json":{"title":"Die Verd\u00e4chtigungskampagne","description":"Berlin schlie\u00dft sich den US-Unterstellungen gegen China zum Ausbruch der Covid-19-Pandemie an. Die Bundesregierung schlie\u00dft sich der","robots":{"index":"index","follow":"follow","max-snippet":"max-snippet:-1","max-image-preview":"max-image-preview:large","max-video-preview":"max-video-preview:-1"},"canonical":"https:\/\/www.pressenza.com\/de\/2020\/04\/die-verdaechtigungskampagne\/","og_locale":"de_DE","og_type":"article","og_title":"Die Verd\u00e4chtigungskampagne","og_description":"Berlin schlie\u00dft sich den US-Unterstellungen gegen China zum Ausbruch der Covid-19-Pandemie an. Die Bundesregierung schlie\u00dft sich der","og_url":"https:\/\/www.pressenza.com\/de\/2020\/04\/die-verdaechtigungskampagne\/","og_site_name":"Pressenza","article_publisher":"https:\/\/www.facebook.com\/PressenzaItalia","article_published_time":"2020-04-30T17:49:10+00:00","og_image":[{"width":1280,"height":853,"url":"https:\/\/www.pressenza.com\/wp-content\/uploads\/2020\/04\/F2412B80-2124-418D-8FDE-32E8CAB9D245.jpeg","type":"image\/jpeg"}],"author":"GERMAN-FOREIGN-POLICY.com","twitter_card":"summary_large_image","twitter_creator":"@PressenzaIPA","twitter_site":"@PressenzaIPA","twitter_misc":{"Verfasst von":"GERMAN-FOREIGN-POLICY.com","Gesch\u00e4tzte Lesezeit":"6\u00a0Minuten"},"schema":{"@context":"https:\/\/schema.org","@graph":[{"@type":"Article","@id":"https:\/\/www.pressenza.com\/de\/2020\/04\/die-verdaechtigungskampagne\/#article","isPartOf":{"@id":"https:\/\/www.pressenza.com\/de\/2020\/04\/die-verdaechtigungskampagne\/"},"author":{"name":"GERMAN-FOREIGN-POLICY.com","@id":"https:\/\/www.pressenza.com\/de\/#\/schema\/person\/65976e5880ee37f0ffc0cea7b0d6f456"},"headline":"Die Verd\u00e4chtigungskampagne","datePublished":"2020-04-30T17:49:10+00:00","mainEntityOfPage":{"@id":"https:\/\/www.pressenza.com\/de\/2020\/04\/die-verdaechtigungskampagne\/"},"wordCount":1184,"publisher":{"@id":"https:\/\/www.pressenza.com\/de\/#organization"},"image":{"@id":"https:\/\/www.pressenza.com\/de\/2020\/04\/die-verdaechtigungskampagne\/#primaryimage"},"thumbnailUrl":"https:\/\/www.pressenza.com\/wp-content\/uploads\/2020\/04\/F2412B80-2124-418D-8FDE-32E8CAB9D245.jpeg","keywords":["China","COVID-19","EU","USA","Verd\u00e4chtigungskampagne","WHO"],"articleSection":["Asien","Europa","Gesundheit","International","Nordamerika","Politik","Wirtschaft"],"inLanguage":"de"},{"@type":"WebPage","@id":"https:\/\/www.pressenza.com\/de\/2020\/04\/die-verdaechtigungskampagne\/","url":"https:\/\/www.pressenza.com\/de\/2020\/04\/die-verdaechtigungskampagne\/","name":"Die Verd\u00e4chtigungskampagne","isPartOf":{"@id":"https:\/\/www.pressenza.com\/de\/#website"},"primaryImageOfPage":{"@id":"https:\/\/www.pressenza.com\/de\/2020\/04\/die-verdaechtigungskampagne\/#primaryimage"},"image":{"@id":"https:\/\/www.pressenza.com\/de\/2020\/04\/die-verdaechtigungskampagne\/#primaryimage"},"thumbnailUrl":"https:\/\/www.pressenza.com\/wp-content\/uploads\/2020\/04\/F2412B80-2124-418D-8FDE-32E8CAB9D245.jpeg","datePublished":"2020-04-30T17:49:10+00:00","description":"Berlin schlie\u00dft sich den US-Unterstellungen gegen China zum Ausbruch der Covid-19-Pandemie an. Die Bundesregierung schlie\u00dft sich der","breadcrumb":{"@id":"https:\/\/www.pressenza.com\/de\/2020\/04\/die-verdaechtigungskampagne\/#breadcrumb"},"inLanguage":"de","potentialAction":[{"@type":"ReadAction","target":["https:\/\/www.pressenza.com\/de\/2020\/04\/die-verdaechtigungskampagne\/"]}]},{"@type":"ImageObject","inLanguage":"de","@id":"https:\/\/www.pressenza.com\/de\/2020\/04\/die-verdaechtigungskampagne\/#primaryimage","url":"https:\/\/www.pressenza.com\/wp-content\/uploads\/2020\/04\/F2412B80-2124-418D-8FDE-32E8CAB9D245.jpeg","contentUrl":"https:\/\/www.pressenza.com\/wp-content\/uploads\/2020\/04\/F2412B80-2124-418D-8FDE-32E8CAB9D245.jpeg","width":1280,"height":853,"caption":"Wissenschaftliches Labor"},{"@type":"BreadcrumbList","@id":"https:\/\/www.pressenza.com\/de\/2020\/04\/die-verdaechtigungskampagne\/#breadcrumb","itemListElement":[{"@type":"ListItem","position":1,"name":"Accueil","item":"https:\/\/www.pressenza.com\/de\/"},{"@type":"ListItem","position":2,"name":"Die Verd\u00e4chtigungskampagne"}]},{"@type":"WebSite","@id":"https:\/\/www.pressenza.com\/de\/#website","url":"https:\/\/www.pressenza.com\/de\/","name":"Pressenza","description":"International Press Agency","publisher":{"@id":"https:\/\/www.pressenza.com\/de\/#organization"},"potentialAction":[{"@type":"SearchAction","target":{"@type":"EntryPoint","urlTemplate":"https:\/\/www.pressenza.com\/de\/?s={search_term_string}"},"query-input":{"@type":"PropertyValueSpecification","valueRequired":true,"valueName":"search_term_string"}}],"inLanguage":"de"},{"@type":"Organization","@id":"https:\/\/www.pressenza.com\/de\/#organization","name":"Pressenza","url":"https:\/\/www.pressenza.com\/de\/","logo":{"@type":"ImageObject","inLanguage":"de","@id":"https:\/\/www.pressenza.com\/de\/#\/schema\/logo\/image\/","url":"https:\/\/www.pressenza.com\/wp-content\/uploads\/2022\/10\/pressenza_logo_200x200.jpg","contentUrl":"https:\/\/www.pressenza.com\/wp-content\/uploads\/2022\/10\/pressenza_logo_200x200.jpg","width":200,"height":200,"caption":"Pressenza"},"image":{"@id":"https:\/\/www.pressenza.com\/de\/#\/schema\/logo\/image\/"},"sameAs":["https:\/\/www.facebook.com\/PressenzaItalia","https:\/\/x.com\/PressenzaIPA"]},{"@type":"Person","@id":"https:\/\/www.pressenza.com\/de\/#\/schema\/person\/65976e5880ee37f0ffc0cea7b0d6f456","name":"GERMAN-FOREIGN-POLICY.com","description":"Information on German Foreign Policy Articles and photographs by german-foreign-policy.com on Pressenza do not fall under the Creative Commons license and are not reproducible in any way. \"Information on German Foreign Policy\" (german-foreign-policy.com) is compiled by a group of independent journalists and social scientists who observe, on an ongoing basis, Germany's renewed attempts to regain great power status in the economic, military and political arena.","url":"https:\/\/www.pressenza.com\/de\/author\/german-foreign-policy-com\/"}]}},"place":"","original_article_url":"","_links":{"self":[{"href":"https:\/\/www.pressenza.com\/de\/wp-json\/wp\/v2\/posts\/1094965","targetHints":{"allow":["GET"]}}],"collection":[{"href":"https:\/\/www.pressenza.com\/de\/wp-json\/wp\/v2\/posts"}],"about":[{"href":"https:\/\/www.pressenza.com\/de\/wp-json\/wp\/v2\/types\/post"}],"author":[{"embeddable":true,"href":"https:\/\/www.pressenza.com\/de\/wp-json\/wp\/v2\/users\/1516"}],"replies":[{"embeddable":true,"href":"https:\/\/www.pressenza.com\/de\/wp-json\/wp\/v2\/comments?post=1094965"}],"version-history":[{"count":0,"href":"https:\/\/www.pressenza.com\/de\/wp-json\/wp\/v2\/posts\/1094965\/revisions"}],"wp:featuredmedia":[{"embeddable":true,"href":"https:\/\/www.pressenza.com\/de\/wp-json\/wp\/v2\/media\/1094967"}],"wp:attachment":[{"href":"https:\/\/www.pressenza.com\/de\/wp-json\/wp\/v2\/media?parent=1094965"}],"wp:term":[{"taxonomy":"category","embeddable":true,"href":"https:\/\/www.pressenza.com\/de\/wp-json\/wp\/v2\/categories?post=1094965"},{"taxonomy":"post_tag","embeddable":true,"href":"https:\/\/www.pressenza.com\/de\/wp-json\/wp\/v2\/tags?post=1094965"}],"curies":[{"name":"wp","href":"https:\/\/api.w.org\/{rel}","templated":true}]}}