{"id":1092986,"date":"2020-04-27T11:32:34","date_gmt":"2020-04-27T10:32:34","guid":{"rendered":"https:\/\/www.pressenza.com\/?p=1092986"},"modified":"2020-04-27T11:32:34","modified_gmt":"2020-04-27T10:32:34","slug":"der-schoss-ist-fruchtbar-noch-aus-dem-das-kroch","status":"publish","type":"post","link":"https:\/\/www.pressenza.com\/de\/2020\/04\/der-schoss-ist-fruchtbar-noch-aus-dem-das-kroch\/","title":{"rendered":"Der Scho\u00df ist fruchtbar noch, aus dem das kroch"},"content":{"rendered":"<p><strong>Mit dieser Mahnung lie\u00df Bertolt Brecht sein Theaterst\u00fcck \u201eDer Aufhaltsame Aufstieg des Arturo Ui\u201c, ein Antikriegswerk enden.<\/strong><\/p>\n<p>Neben der CORONA Pandemie und den Gefahren von Naturkatastrophen lebt die Menschheit gegenw\u00e4rtig noch mit der Bedrohung eines 3. Weltkrieges. In Afrika, Arabien, Asien t\u00f6ten seit Jahrzehnten Milit\u00e4rs Menschen und zerst\u00f6ren Lebensgrundlagen. Kriege sind in NATO-Staaten Optionen f\u00fcr die Regierungen. Auch in Deutschland, wie sich Expr\u00e4sident Gauck nicht scheute, \u00f6ffentlich zu verk\u00fcnden.<\/p>\n<p>Aktionen zur Verhinderung von Kriegen sind medial kaum bemerkbar. Im Gegenteil! Spannungsgeladene Twitter des Pr\u00e4sidenten der USA in Richtung Iran, China, Russland, Venezuela, Kuba f\u00fcllen die Zeitungen. Auch in Syrien, Libyen, Jemen wird gek\u00e4mpft. Man\u00f6ver der NATO bis an die Grenzen Russlands sind im Modus der Vorbereitung. Das Fernsehen verbreitet seit Jahren mit der Serie \u201eHistorie\u201c mehr Feindbilder als Friedensfeste.<\/p>\n<p>Diesem Mainstream folgte die deutsche Ministerin f\u00fcr Verteidigung. Am 22. April \u00fcberraschte sie den Bundestag und das Volk mit dem Vorhaben, die deutsche Luftwaffe mit 138 Jagdflugzeugen zu erneuern. Kosten in vielen Milliardengr\u00f6\u00dfen stehen an. F\u00fcr eine Zeitspanne, in der die Folgekosten der Corona Epidemie noch zu finanzieren sind und der Kohleausstieg Zahlungen an die Kraftwerksbetreiber erfordert. F\u00fcr den Atomausstieg stehen noch 3,4 Milliarden Euro in den Haushaltsb\u00fcchern.<\/p>\n<p>Das Beschaffungsprojekts hat die Ministerin mit einem <em>schm\u00fcckenden technologischen Beiwerk <\/em>begr\u00fcndet: \u201eBr\u00fccken f\u00fcr Zukunftstechnologien bauen, Altes ersetzen, industriepolitische Anschl\u00fcsse nicht verlieren\u201c. Vergessen hat sie herauszustellen, dass mit der Auswechslung ein deutscher Zugriff auf Atomwaffen m\u00f6glich wird. Einen atomaren R\u00fcckschlag auf Deutschland hat sie nicht im Blick. Atombewaffnung Deutschlands haben die USA immer abgelehnt. Sie sieht daher den Kauf von 45 Kampfj\u00e4gern von Boeing vor. Vielleicht hilft das. Das Friedensgebot des Grundgesetzes \u00fcbersieht die Ministerin und Parteivorsitzende, aber von Amtswegen sei sie f\u00fcr einen solchen Vorschlag verpflichtet.<\/p>\n<p>In wenigen Tagen, am 8. Mai 2020, werden Politiker und die Bev\u00f6lkerung den 75. Jahrestag der Beendigung des 2. Weltkrieges gedenken. F\u00fcr viele war es eine Befreiung vom Faschismus, f\u00fcr einige nicht. Zu hoffen ist, dass die Redner den humanen Geist eines deutlichen \u201eNEIN\u201c zum Krieg und Faschismus nicht vergessen und Beschaffungsprojekte f\u00fcr Kriegstechniken ablehnen.<\/p>\n<p>Die Haltung der Bev\u00f6lkerung, die in jedem Krieg leidet und die die Kosten zu tragen hat, ist eindeutig auf der humanen Seite. Die Oster- und Friedensm\u00e4rsche, die Protestaktionen gegen Transporte mit atomarem Material in den alten Bundesl\u00e4ndern verdienen Hochachtung f\u00fcr ihre Verantwortungsbewusstsein und ihr Engagement f\u00fcr die junge Generation.<\/p>\n<p>Viele \u201eGretas\u201c und Unterst\u00fctzer werden gebraucht, um auf die Gefahren aufmerksam zu machen. Der Klimawandel geht weiter. Die Bewahrung des Friedens in Europa und der Welt braucht gleichfalls Helfer.<\/p>\n<p>Lehrreich sind die Willensleistungen und der Mut eines Mahatma Gandhis, Mandelas, Castros, Martin Luther King, die alle scheinbar un\u00fcberwindbare Barrieren zum Wohle ihrer Gemeinschaften aus den Wegen r\u00e4umten.<\/p>\n<p>Das Beschaffungsprojekt der Ministerin ist m\u00f6glicherweise einfacher zu bremsen. Die stimmberechtigten Abgeordneten m\u00fcssten einfach dem Gesetz der Kauffreigabe ihre Zustimmung versagen. Sie brauchten nur ihrem Gewissen und dem Auftrag ihrer W\u00e4hler, die sie in ihr Amt gebracht haben, folgen. Ihre Barrieren sind Fraktionszw\u00e4nge, Weisungen ihrer Fraktionsvorsitzenden und die Lobby. Die Abgeordneten brauchten einfach nur die Demokratie wagen. Rechtliche Folgen brauchen sie nicht zu f\u00fcrchten. Der ART. 46 des Grundgesetzes sch\u00fctzt sie bei der Durchf\u00fchrung ihres Amtes.<\/p>\n<p>Da das Beschaffungsgesetz erst nach der Bundestagswahl 2021 beschlossen werden wird, w\u00e4re eine weitere Variante, das politische F\u00fchrungspersonal anders zu mischen. Bis dahin gilt es viel zu lernen, um die Verh\u00e4ltnisse zwischen Politik | Wirtschaft | Krieg | Naturschutz | Finanzierungen besser zu verstehen.<\/p>\n<p><em><strong>Der Epilog von Brechts Theaterst\u00fcck lautet:<\/strong><\/em><\/p>\n<blockquote><p><em>\u201eIhr aber lernet, wie man sieht, statt stiert und handelt, statt zu reden noch und noch.<\/em><br \/>\n<em>\u00a0So was h\u00e4tt einmal die Welt regiert!<\/em><br \/>\n<em>\u00a0Die V\u00f6lker wurden seiner Herr, jedoch das keiner uns zu fr\u00fch da triumphiert &#8211;<\/em><br \/>\n<em>\u00a0Der Scho\u00df ist fruchtbar noch, aus dem das kroch.\u201c<\/em><\/p><\/blockquote>\n","protected":false},"excerpt":{"rendered":"<p>Mit dieser Mahnung lie\u00df Bertolt Brecht sein Theaterst\u00fcck \u201eDer Aufhaltsame Aufstieg des Arturo Ui\u201c, ein Antikriegswerk enden. Neben der CORONA Pandemie und den Gefahren von Naturkatastrophen lebt die Menschheit gegenw\u00e4rtig noch mit der Bedrohung eines 3. Weltkrieges. In Afrika, Arabien,&hellip;<\/p>\n","protected":false},"author":1463,"featured_media":1092988,"comment_status":"closed","ping_status":"closed","sticky":false,"template":"","format":"standard","meta":{"footnotes":""},"categories":[9150,9167,9143,11387],"tags":[21362,74524,29953,19976,72293,11826,49824],"class_list":["post-1092986","post","type-post","status-publish","format-standard","has-post-thumbnail","hentry","category-europa-de","category-frieden-und-abruestung","category-meinungen","category-originalinhalt","tag-aufruestung","tag-bertolt-brecht","tag-kriegstreiberei","tag-militarisierung","tag-militaermanoever","tag-nato-de","tag-regime-change-politik"],"yoast_head":"<!-- This site is optimized with the Yoast SEO plugin v27.1.1 - https:\/\/yoast.com\/product\/yoast-seo-wordpress\/ -->\n<title>Der Scho\u00df ist fruchtbar noch, aus dem das kroch<\/title>\n<meta name=\"description\" content=\"Mit dieser Mahnung lie\u00df Bertolt Brecht sein Theaterst\u00fcck \u201eDer Aufhaltsame Aufstieg des Arturo Ui\u201c, ein Antikriegswerk enden. Neben der CORONA Pandemie und\" \/>\n<meta name=\"robots\" content=\"index, follow, max-snippet:-1, max-image-preview:large, max-video-preview:-1\" \/>\n<link rel=\"canonical\" href=\"https:\/\/www.pressenza.com\/de\/2020\/04\/der-schoss-ist-fruchtbar-noch-aus-dem-das-kroch\/\" \/>\n<meta property=\"og:locale\" content=\"de_DE\" \/>\n<meta property=\"og:type\" content=\"article\" \/>\n<meta property=\"og:title\" content=\"Der Scho\u00df ist fruchtbar noch, aus dem das kroch\" \/>\n<meta property=\"og:description\" content=\"Mit dieser Mahnung lie\u00df Bertolt Brecht sein Theaterst\u00fcck \u201eDer Aufhaltsame Aufstieg des Arturo Ui\u201c, ein Antikriegswerk enden. Neben der CORONA Pandemie und\" \/>\n<meta property=\"og:url\" content=\"https:\/\/www.pressenza.com\/de\/2020\/04\/der-schoss-ist-fruchtbar-noch-aus-dem-das-kroch\/\" \/>\n<meta property=\"og:site_name\" content=\"Pressenza\" \/>\n<meta property=\"article:publisher\" content=\"https:\/\/www.facebook.com\/PressenzaItalia\" \/>\n<meta property=\"article:published_time\" content=\"2020-04-27T10:32:34+00:00\" \/>\n<meta property=\"og:image\" content=\"https:\/\/www.pressenza.com\/wp-content\/uploads\/2020\/04\/Bertold_Brecht_der_Schoss_aus_dem_das_kroch.jpg\" \/>\n\t<meta property=\"og:image:width\" content=\"750\" \/>\n\t<meta property=\"og:image:height\" content=\"415\" \/>\n\t<meta property=\"og:image:type\" content=\"image\/jpeg\" \/>\n<meta name=\"author\" content=\"G\u00fcnter Buhlke\" \/>\n<meta name=\"twitter:card\" content=\"summary_large_image\" \/>\n<meta name=\"twitter:creator\" content=\"@PressenzaIPA\" \/>\n<meta name=\"twitter:site\" content=\"@PressenzaIPA\" \/>\n<meta name=\"twitter:label1\" content=\"Verfasst von\" \/>\n\t<meta name=\"twitter:data1\" content=\"G\u00fcnter Buhlke\" \/>\n\t<meta name=\"twitter:label2\" content=\"Gesch\u00e4tzte Lesezeit\" \/>\n\t<meta name=\"twitter:data2\" content=\"3\u00a0Minuten\" \/>\n<script type=\"application\/ld+json\" class=\"yoast-schema-graph\">{\"@context\":\"https:\/\/schema.org\",\"@graph\":[{\"@type\":\"Article\",\"@id\":\"https:\/\/www.pressenza.com\/de\/2020\/04\/der-schoss-ist-fruchtbar-noch-aus-dem-das-kroch\/#article\",\"isPartOf\":{\"@id\":\"https:\/\/www.pressenza.com\/de\/2020\/04\/der-schoss-ist-fruchtbar-noch-aus-dem-das-kroch\/\"},\"author\":{\"name\":\"G\u00fcnter Buhlke\",\"@id\":\"https:\/\/www.pressenza.com\/de\/#\/schema\/person\/e48301baaf10fa4f78dc7566caf225b4\"},\"headline\":\"Der Scho\u00df ist fruchtbar noch, aus dem das kroch\",\"datePublished\":\"2020-04-27T10:32:34+00:00\",\"mainEntityOfPage\":{\"@id\":\"https:\/\/www.pressenza.com\/de\/2020\/04\/der-schoss-ist-fruchtbar-noch-aus-dem-das-kroch\/\"},\"wordCount\":662,\"publisher\":{\"@id\":\"https:\/\/www.pressenza.com\/de\/#organization\"},\"image\":{\"@id\":\"https:\/\/www.pressenza.com\/de\/2020\/04\/der-schoss-ist-fruchtbar-noch-aus-dem-das-kroch\/#primaryimage\"},\"thumbnailUrl\":\"https:\/\/www.pressenza.com\/wp-content\/uploads\/2020\/04\/Bertold_Brecht_der_Schoss_aus_dem_das_kroch.jpg\",\"keywords\":[\"Aufr\u00fcstung\",\"Bertolt Brecht\",\"Kriegstreiberei\",\"Militarisierung\",\"Milit\u00e4rman\u00f6ver\",\"NATO\",\"Regime Change Politik\"],\"articleSection\":[\"Europa\",\"Frieden und Abr\u00fcstung\",\"Meinungen\",\"Originalinhalt\"],\"inLanguage\":\"de\"},{\"@type\":\"WebPage\",\"@id\":\"https:\/\/www.pressenza.com\/de\/2020\/04\/der-schoss-ist-fruchtbar-noch-aus-dem-das-kroch\/\",\"url\":\"https:\/\/www.pressenza.com\/de\/2020\/04\/der-schoss-ist-fruchtbar-noch-aus-dem-das-kroch\/\",\"name\":\"Der Scho\u00df ist fruchtbar noch, aus dem das kroch\",\"isPartOf\":{\"@id\":\"https:\/\/www.pressenza.com\/de\/#website\"},\"primaryImageOfPage\":{\"@id\":\"https:\/\/www.pressenza.com\/de\/2020\/04\/der-schoss-ist-fruchtbar-noch-aus-dem-das-kroch\/#primaryimage\"},\"image\":{\"@id\":\"https:\/\/www.pressenza.com\/de\/2020\/04\/der-schoss-ist-fruchtbar-noch-aus-dem-das-kroch\/#primaryimage\"},\"thumbnailUrl\":\"https:\/\/www.pressenza.com\/wp-content\/uploads\/2020\/04\/Bertold_Brecht_der_Schoss_aus_dem_das_kroch.jpg\",\"datePublished\":\"2020-04-27T10:32:34+00:00\",\"description\":\"Mit dieser Mahnung lie\u00df Bertolt Brecht sein Theaterst\u00fcck \u201eDer Aufhaltsame Aufstieg des Arturo Ui\u201c, ein Antikriegswerk enden. Neben der CORONA Pandemie und\",\"breadcrumb\":{\"@id\":\"https:\/\/www.pressenza.com\/de\/2020\/04\/der-schoss-ist-fruchtbar-noch-aus-dem-das-kroch\/#breadcrumb\"},\"inLanguage\":\"de\",\"potentialAction\":[{\"@type\":\"ReadAction\",\"target\":[\"https:\/\/www.pressenza.com\/de\/2020\/04\/der-schoss-ist-fruchtbar-noch-aus-dem-das-kroch\/\"]}]},{\"@type\":\"ImageObject\",\"inLanguage\":\"de\",\"@id\":\"https:\/\/www.pressenza.com\/de\/2020\/04\/der-schoss-ist-fruchtbar-noch-aus-dem-das-kroch\/#primaryimage\",\"url\":\"https:\/\/www.pressenza.com\/wp-content\/uploads\/2020\/04\/Bertold_Brecht_der_Schoss_aus_dem_das_kroch.jpg\",\"contentUrl\":\"https:\/\/www.pressenza.com\/wp-content\/uploads\/2020\/04\/Bertold_Brecht_der_Schoss_aus_dem_das_kroch.jpg\",\"width\":750,\"height\":415,\"caption\":\"Der Scho\u00df ist fruchtbar noch, aus dem das kroch\"},{\"@type\":\"BreadcrumbList\",\"@id\":\"https:\/\/www.pressenza.com\/de\/2020\/04\/der-schoss-ist-fruchtbar-noch-aus-dem-das-kroch\/#breadcrumb\",\"itemListElement\":[{\"@type\":\"ListItem\",\"position\":1,\"name\":\"Accueil\",\"item\":\"https:\/\/www.pressenza.com\/de\/\"},{\"@type\":\"ListItem\",\"position\":2,\"name\":\"Der Scho\u00df ist fruchtbar noch, aus dem das kroch\"}]},{\"@type\":\"WebSite\",\"@id\":\"https:\/\/www.pressenza.com\/de\/#website\",\"url\":\"https:\/\/www.pressenza.com\/de\/\",\"name\":\"Pressenza\",\"description\":\"International Press Agency\",\"publisher\":{\"@id\":\"https:\/\/www.pressenza.com\/de\/#organization\"},\"potentialAction\":[{\"@type\":\"SearchAction\",\"target\":{\"@type\":\"EntryPoint\",\"urlTemplate\":\"https:\/\/www.pressenza.com\/de\/?s={search_term_string}\"},\"query-input\":{\"@type\":\"PropertyValueSpecification\",\"valueRequired\":true,\"valueName\":\"search_term_string\"}}],\"inLanguage\":\"de\"},{\"@type\":\"Organization\",\"@id\":\"https:\/\/www.pressenza.com\/de\/#organization\",\"name\":\"Pressenza\",\"url\":\"https:\/\/www.pressenza.com\/de\/\",\"logo\":{\"@type\":\"ImageObject\",\"inLanguage\":\"de\",\"@id\":\"https:\/\/www.pressenza.com\/de\/#\/schema\/logo\/image\/\",\"url\":\"https:\/\/www.pressenza.com\/wp-content\/uploads\/2022\/10\/pressenza_logo_200x200.jpg\",\"contentUrl\":\"https:\/\/www.pressenza.com\/wp-content\/uploads\/2022\/10\/pressenza_logo_200x200.jpg\",\"width\":200,\"height\":200,\"caption\":\"Pressenza\"},\"image\":{\"@id\":\"https:\/\/www.pressenza.com\/de\/#\/schema\/logo\/image\/\"},\"sameAs\":[\"https:\/\/www.facebook.com\/PressenzaItalia\",\"https:\/\/x.com\/PressenzaIPA\"]},{\"@type\":\"Person\",\"@id\":\"https:\/\/www.pressenza.com\/de\/#\/schema\/person\/e48301baaf10fa4f78dc7566caf225b4\",\"name\":\"G\u00fcnter Buhlke\",\"description\":\"Geboren 1934, Studium an der Humboldtuniversit\u00e4t und der Hochschule f\u00fcr \u00d6konomie Berlin, dipl. Volkswirtschaftler. Internationale Arbeit als Handelsrat in Mexiko und Venezuela. Koordinator f\u00fcr die Wirtschaftsbeziehungen der DDR zu Lateinamerika. Wirtschaftserfahrungen als\u00a0langj\u00e4hriger Leiter des Schweizerischen Instituts f\u00fcr Betriebswirtschaft in Berlin, Vorstand einer Wohnungsgenossenschaft und Referent im Haushaltsausschuss der Volkskammer und des Bundestages. Gegenw\u00e4rtig ehrenamtliche T\u00e4tigkeiten.\",\"url\":\"https:\/\/www.pressenza.com\/de\/author\/guenter-buhlke\/\"}]}<\/script>\n<!-- \/ Yoast SEO plugin. -->","yoast_head_json":{"title":"Der Scho\u00df ist fruchtbar noch, aus dem das kroch","description":"Mit dieser Mahnung lie\u00df Bertolt Brecht sein Theaterst\u00fcck \u201eDer Aufhaltsame Aufstieg des Arturo Ui\u201c, ein Antikriegswerk enden. Neben der CORONA Pandemie und","robots":{"index":"index","follow":"follow","max-snippet":"max-snippet:-1","max-image-preview":"max-image-preview:large","max-video-preview":"max-video-preview:-1"},"canonical":"https:\/\/www.pressenza.com\/de\/2020\/04\/der-schoss-ist-fruchtbar-noch-aus-dem-das-kroch\/","og_locale":"de_DE","og_type":"article","og_title":"Der Scho\u00df ist fruchtbar noch, aus dem das kroch","og_description":"Mit dieser Mahnung lie\u00df Bertolt Brecht sein Theaterst\u00fcck \u201eDer Aufhaltsame Aufstieg des Arturo Ui\u201c, ein Antikriegswerk enden. Neben der CORONA Pandemie und","og_url":"https:\/\/www.pressenza.com\/de\/2020\/04\/der-schoss-ist-fruchtbar-noch-aus-dem-das-kroch\/","og_site_name":"Pressenza","article_publisher":"https:\/\/www.facebook.com\/PressenzaItalia","article_published_time":"2020-04-27T10:32:34+00:00","og_image":[{"width":750,"height":415,"url":"https:\/\/www.pressenza.com\/wp-content\/uploads\/2020\/04\/Bertold_Brecht_der_Schoss_aus_dem_das_kroch.jpg","type":"image\/jpeg"}],"author":"G\u00fcnter Buhlke","twitter_card":"summary_large_image","twitter_creator":"@PressenzaIPA","twitter_site":"@PressenzaIPA","twitter_misc":{"Verfasst von":"G\u00fcnter Buhlke","Gesch\u00e4tzte Lesezeit":"3\u00a0Minuten"},"schema":{"@context":"https:\/\/schema.org","@graph":[{"@type":"Article","@id":"https:\/\/www.pressenza.com\/de\/2020\/04\/der-schoss-ist-fruchtbar-noch-aus-dem-das-kroch\/#article","isPartOf":{"@id":"https:\/\/www.pressenza.com\/de\/2020\/04\/der-schoss-ist-fruchtbar-noch-aus-dem-das-kroch\/"},"author":{"name":"G\u00fcnter Buhlke","@id":"https:\/\/www.pressenza.com\/de\/#\/schema\/person\/e48301baaf10fa4f78dc7566caf225b4"},"headline":"Der Scho\u00df ist fruchtbar noch, aus dem das kroch","datePublished":"2020-04-27T10:32:34+00:00","mainEntityOfPage":{"@id":"https:\/\/www.pressenza.com\/de\/2020\/04\/der-schoss-ist-fruchtbar-noch-aus-dem-das-kroch\/"},"wordCount":662,"publisher":{"@id":"https:\/\/www.pressenza.com\/de\/#organization"},"image":{"@id":"https:\/\/www.pressenza.com\/de\/2020\/04\/der-schoss-ist-fruchtbar-noch-aus-dem-das-kroch\/#primaryimage"},"thumbnailUrl":"https:\/\/www.pressenza.com\/wp-content\/uploads\/2020\/04\/Bertold_Brecht_der_Schoss_aus_dem_das_kroch.jpg","keywords":["Aufr\u00fcstung","Bertolt Brecht","Kriegstreiberei","Militarisierung","Milit\u00e4rman\u00f6ver","NATO","Regime Change Politik"],"articleSection":["Europa","Frieden und Abr\u00fcstung","Meinungen","Originalinhalt"],"inLanguage":"de"},{"@type":"WebPage","@id":"https:\/\/www.pressenza.com\/de\/2020\/04\/der-schoss-ist-fruchtbar-noch-aus-dem-das-kroch\/","url":"https:\/\/www.pressenza.com\/de\/2020\/04\/der-schoss-ist-fruchtbar-noch-aus-dem-das-kroch\/","name":"Der Scho\u00df ist fruchtbar noch, aus dem das kroch","isPartOf":{"@id":"https:\/\/www.pressenza.com\/de\/#website"},"primaryImageOfPage":{"@id":"https:\/\/www.pressenza.com\/de\/2020\/04\/der-schoss-ist-fruchtbar-noch-aus-dem-das-kroch\/#primaryimage"},"image":{"@id":"https:\/\/www.pressenza.com\/de\/2020\/04\/der-schoss-ist-fruchtbar-noch-aus-dem-das-kroch\/#primaryimage"},"thumbnailUrl":"https:\/\/www.pressenza.com\/wp-content\/uploads\/2020\/04\/Bertold_Brecht_der_Schoss_aus_dem_das_kroch.jpg","datePublished":"2020-04-27T10:32:34+00:00","description":"Mit dieser Mahnung lie\u00df Bertolt Brecht sein Theaterst\u00fcck \u201eDer Aufhaltsame Aufstieg des Arturo Ui\u201c, ein Antikriegswerk enden. Neben der CORONA Pandemie und","breadcrumb":{"@id":"https:\/\/www.pressenza.com\/de\/2020\/04\/der-schoss-ist-fruchtbar-noch-aus-dem-das-kroch\/#breadcrumb"},"inLanguage":"de","potentialAction":[{"@type":"ReadAction","target":["https:\/\/www.pressenza.com\/de\/2020\/04\/der-schoss-ist-fruchtbar-noch-aus-dem-das-kroch\/"]}]},{"@type":"ImageObject","inLanguage":"de","@id":"https:\/\/www.pressenza.com\/de\/2020\/04\/der-schoss-ist-fruchtbar-noch-aus-dem-das-kroch\/#primaryimage","url":"https:\/\/www.pressenza.com\/wp-content\/uploads\/2020\/04\/Bertold_Brecht_der_Schoss_aus_dem_das_kroch.jpg","contentUrl":"https:\/\/www.pressenza.com\/wp-content\/uploads\/2020\/04\/Bertold_Brecht_der_Schoss_aus_dem_das_kroch.jpg","width":750,"height":415,"caption":"Der Scho\u00df ist fruchtbar noch, aus dem das kroch"},{"@type":"BreadcrumbList","@id":"https:\/\/www.pressenza.com\/de\/2020\/04\/der-schoss-ist-fruchtbar-noch-aus-dem-das-kroch\/#breadcrumb","itemListElement":[{"@type":"ListItem","position":1,"name":"Accueil","item":"https:\/\/www.pressenza.com\/de\/"},{"@type":"ListItem","position":2,"name":"Der Scho\u00df ist fruchtbar noch, aus dem das kroch"}]},{"@type":"WebSite","@id":"https:\/\/www.pressenza.com\/de\/#website","url":"https:\/\/www.pressenza.com\/de\/","name":"Pressenza","description":"International Press Agency","publisher":{"@id":"https:\/\/www.pressenza.com\/de\/#organization"},"potentialAction":[{"@type":"SearchAction","target":{"@type":"EntryPoint","urlTemplate":"https:\/\/www.pressenza.com\/de\/?s={search_term_string}"},"query-input":{"@type":"PropertyValueSpecification","valueRequired":true,"valueName":"search_term_string"}}],"inLanguage":"de"},{"@type":"Organization","@id":"https:\/\/www.pressenza.com\/de\/#organization","name":"Pressenza","url":"https:\/\/www.pressenza.com\/de\/","logo":{"@type":"ImageObject","inLanguage":"de","@id":"https:\/\/www.pressenza.com\/de\/#\/schema\/logo\/image\/","url":"https:\/\/www.pressenza.com\/wp-content\/uploads\/2022\/10\/pressenza_logo_200x200.jpg","contentUrl":"https:\/\/www.pressenza.com\/wp-content\/uploads\/2022\/10\/pressenza_logo_200x200.jpg","width":200,"height":200,"caption":"Pressenza"},"image":{"@id":"https:\/\/www.pressenza.com\/de\/#\/schema\/logo\/image\/"},"sameAs":["https:\/\/www.facebook.com\/PressenzaItalia","https:\/\/x.com\/PressenzaIPA"]},{"@type":"Person","@id":"https:\/\/www.pressenza.com\/de\/#\/schema\/person\/e48301baaf10fa4f78dc7566caf225b4","name":"G\u00fcnter Buhlke","description":"Geboren 1934, Studium an der Humboldtuniversit\u00e4t und der Hochschule f\u00fcr \u00d6konomie Berlin, dipl. Volkswirtschaftler. Internationale Arbeit als Handelsrat in Mexiko und Venezuela. Koordinator f\u00fcr die Wirtschaftsbeziehungen der DDR zu Lateinamerika. Wirtschaftserfahrungen als\u00a0langj\u00e4hriger Leiter des Schweizerischen Instituts f\u00fcr Betriebswirtschaft in Berlin, Vorstand einer Wohnungsgenossenschaft und Referent im Haushaltsausschuss der Volkskammer und des Bundestages. Gegenw\u00e4rtig ehrenamtliche T\u00e4tigkeiten.","url":"https:\/\/www.pressenza.com\/de\/author\/guenter-buhlke\/"}]}},"place":"","original_article_url":"","_links":{"self":[{"href":"https:\/\/www.pressenza.com\/de\/wp-json\/wp\/v2\/posts\/1092986","targetHints":{"allow":["GET"]}}],"collection":[{"href":"https:\/\/www.pressenza.com\/de\/wp-json\/wp\/v2\/posts"}],"about":[{"href":"https:\/\/www.pressenza.com\/de\/wp-json\/wp\/v2\/types\/post"}],"author":[{"embeddable":true,"href":"https:\/\/www.pressenza.com\/de\/wp-json\/wp\/v2\/users\/1463"}],"replies":[{"embeddable":true,"href":"https:\/\/www.pressenza.com\/de\/wp-json\/wp\/v2\/comments?post=1092986"}],"version-history":[{"count":0,"href":"https:\/\/www.pressenza.com\/de\/wp-json\/wp\/v2\/posts\/1092986\/revisions"}],"wp:featuredmedia":[{"embeddable":true,"href":"https:\/\/www.pressenza.com\/de\/wp-json\/wp\/v2\/media\/1092988"}],"wp:attachment":[{"href":"https:\/\/www.pressenza.com\/de\/wp-json\/wp\/v2\/media?parent=1092986"}],"wp:term":[{"taxonomy":"category","embeddable":true,"href":"https:\/\/www.pressenza.com\/de\/wp-json\/wp\/v2\/categories?post=1092986"},{"taxonomy":"post_tag","embeddable":true,"href":"https:\/\/www.pressenza.com\/de\/wp-json\/wp\/v2\/tags?post=1092986"}],"curies":[{"name":"wp","href":"https:\/\/api.w.org\/{rel}","templated":true}]}}