{"id":108277,"date":"2014-05-21T17:55:50","date_gmt":"2014-05-21T16:55:50","guid":{"rendered":"http:\/\/www.pressenza.com\/?p=108277"},"modified":"2014-05-21T17:56:03","modified_gmt":"2014-05-21T16:56:03","slug":"enough-enough-open-mouth","status":"publish","type":"post","link":"https:\/\/www.pressenza.com\/de\/2014\/05\/enough-enough-open-mouth\/","title":{"rendered":"ENOUGH is ENOUGH! OPEN YOUR MOUTH!"},"content":{"rendered":"<p><strong>Am 17. Mai findet j\u00e4hrlich der Internationale Tag gegen Homophobie und Transphobie statt. Aus diesem Anlass rief die Privatinitiative ENOUGH is ENOUGH! OPEN YOUR MOUTH! am 17. Mai 2014 in Berlin zur Demonstration f\u00fcr Menschenrechte auf. Das Motto der Demonstration lautete &#8222;Wann hast Du entschieden, hetero zu sein?&#8220; und mit dieser Frage wollten die Organisatoren klar machen, dass die sexuelle Orientierung keine Entscheidung, sondern eine angeborene Veranlagung ist.<\/strong><\/p>\n<p>Gleichzeitig wurde auf die weltweite Homophobie und Transphobie aufmerksam gemacht.<br \/>\nHomophobie und Transphobie sind, sowohl in Deutschland als auch weltweit, immer noch ein gro\u00dfes gesellschaftliches Problem. Die rechtliche Gleichstellung von gleichgeschlechtlichen Paaren in Deutschland ist in den letzten Jahren fast vollst\u00e4ndig erreicht worden. Aber eben nur fast, denn Eingetragene Lebenspartnerschaften haben vor allem die gleichen Pflichten wie heterosexuelle Ehepaare, jedoch nicht die gleichen Rechte.<\/p>\n<p><iframe loading=\"lazy\" src=\"\/\/www.youtube.com\/embed\/sF8L8iFQsaE\" height=\"315\" width=\"560\" allowfullscreen=\"\" frameborder=\"0\"><\/iframe><\/p>\n<p>Treffpunkt der DemonstrantInnen war am 17. Mai 2014 um 11 Uhr am Wittenbergplatz in Berlin. Die Route der Demonstration wurde vom Wittenbergplatz \u00fcber die Kleiststra\u00dfe zum Nollendorfplatz gef\u00fchrt, wo zeitgleich der Lesben- und Schwulenverband Berlin-Brandenburg (LSVD) zusammen mit dem B\u00fcndnis gegen Homophobie zur Mitmachaktion \u201eTausend H\u00e4nde f\u00fcr den Regenbogen\u201c einlud, die an der Gedenktafel f\u00fcr die homosexuellen Opfer des Nationalsozialismus stattfand. Im Anschluss wurde die Demonstration gemeinsam fortgesetzt.<\/p>\n<p><iframe loading=\"lazy\" src=\"\/\/www.youtube.com\/embed\/5Aycq-sNHn4\" height=\"315\" width=\"560\" allowfullscreen=\"\" frameborder=\"0\"><\/iframe><\/p>\n<p><a href=\"http:\/\/open-your-mouth.eu\/\">http:\/\/open-your-mouth.eu\/<\/a><\/p>\n<p><a href=\"https:\/\/www.facebook.com\/ENOUGH.EU\">https:\/\/www.facebook.com\/ENOUGH.EU<\/a><\/p>\n","protected":false},"excerpt":{"rendered":"<p>Am 17. Mai findet j\u00e4hrlich der Internationale Tag gegen Homophobie und Transphobie statt. Aus diesem Anlass rief die Privatinitiative ENOUGH is ENOUGH! OPEN YOUR MOUTH! am 17. Mai 2014 in Berlin zur Demonstration f\u00fcr Menschenrechte auf. Das Motto der Demonstration&hellip;<\/p>\n","protected":false},"author":1089,"featured_media":108290,"comment_status":"closed","ping_status":"open","sticky":false,"template":"","format":"standard","meta":{"footnotes":""},"categories":[7835,9161,9165],"tags":[10574,9935,10573,9609,10572],"class_list":["post-108277","post","type-post","status-publish","format-standard","has-post-thumbnail","hentry","category-international-de","category-menschenrechte","category-vielfalt","tag-berlin-de","tag-good-news","tag-homophobia","tag-homosexualitaet","tag-transsexualitat"],"yoast_head":"<!-- This site is optimized with the Yoast SEO plugin v27.1.1 - https:\/\/yoast.com\/product\/yoast-seo-wordpress\/ -->\n<title>ENOUGH is ENOUGH! OPEN YOUR MOUTH!<\/title>\n<meta name=\"description\" content=\"Am 17. Mai findet j\u00e4hrlich der Internationale Tag gegen Homophobie und Transphobie statt. Aus diesem Anlass rief die Privatinitiative ENOUGH is ENOUGH!\" \/>\n<meta name=\"robots\" content=\"index, follow, max-snippet:-1, max-image-preview:large, max-video-preview:-1\" \/>\n<link rel=\"canonical\" href=\"https:\/\/www.pressenza.com\/de\/2014\/05\/enough-enough-open-mouth\/\" \/>\n<meta property=\"og:locale\" content=\"de_DE\" \/>\n<meta property=\"og:type\" content=\"article\" \/>\n<meta property=\"og:title\" content=\"ENOUGH is ENOUGH! OPEN YOUR MOUTH!\" \/>\n<meta property=\"og:description\" content=\"Am 17. Mai findet j\u00e4hrlich der Internationale Tag gegen Homophobie und Transphobie statt. Aus diesem Anlass rief die Privatinitiative ENOUGH is ENOUGH!\" \/>\n<meta property=\"og:url\" content=\"https:\/\/www.pressenza.com\/de\/2014\/05\/enough-enough-open-mouth\/\" \/>\n<meta property=\"og:site_name\" content=\"Pressenza\" \/>\n<meta property=\"article:publisher\" content=\"https:\/\/www.facebook.com\/PressenzaItalia\" \/>\n<meta property=\"article:author\" content=\"https:\/\/www.facebook.com\/rthumiger\" \/>\n<meta property=\"article:published_time\" content=\"2014-05-21T16:55:50+00:00\" \/>\n<meta property=\"article:modified_time\" content=\"2014-05-21T16:56:03+00:00\" \/>\n<meta property=\"og:image\" content=\"https:\/\/www.pressenza.com\/wp-content\/uploads\/2014\/05\/120514121818-b1-.jpg\" \/>\n\t<meta property=\"og:image:width\" content=\"426\" \/>\n\t<meta property=\"og:image:height\" content=\"240\" \/>\n\t<meta property=\"og:image:type\" content=\"image\/jpeg\" \/>\n<meta name=\"author\" content=\"Reto Thumiger\" \/>\n<meta name=\"twitter:card\" content=\"summary_large_image\" \/>\n<meta name=\"twitter:creator\" content=\"@pressenza_ger\" \/>\n<meta name=\"twitter:site\" content=\"@PressenzaIPA\" \/>\n<meta name=\"twitter:label1\" content=\"Verfasst von\" \/>\n\t<meta name=\"twitter:data1\" content=\"Reto Thumiger\" \/>\n\t<meta name=\"twitter:label2\" content=\"Gesch\u00e4tzte Lesezeit\" \/>\n\t<meta name=\"twitter:data2\" content=\"1\u00a0Minute\" \/>\n<script type=\"application\/ld+json\" class=\"yoast-schema-graph\">{\"@context\":\"https:\/\/schema.org\",\"@graph\":[{\"@type\":\"Article\",\"@id\":\"https:\/\/www.pressenza.com\/de\/2014\/05\/enough-enough-open-mouth\/#article\",\"isPartOf\":{\"@id\":\"https:\/\/www.pressenza.com\/de\/2014\/05\/enough-enough-open-mouth\/\"},\"author\":{\"name\":\"Reto Thumiger\",\"@id\":\"https:\/\/www.pressenza.com\/de\/#\/schema\/person\/e233667f8b5764bd84b766de5286a5fa\"},\"headline\":\"ENOUGH is ENOUGH! OPEN YOUR MOUTH!\",\"datePublished\":\"2014-05-21T16:55:50+00:00\",\"dateModified\":\"2014-05-21T16:56:03+00:00\",\"mainEntityOfPage\":{\"@id\":\"https:\/\/www.pressenza.com\/de\/2014\/05\/enough-enough-open-mouth\/\"},\"wordCount\":219,\"publisher\":{\"@id\":\"https:\/\/www.pressenza.com\/de\/#organization\"},\"image\":{\"@id\":\"https:\/\/www.pressenza.com\/de\/2014\/05\/enough-enough-open-mouth\/#primaryimage\"},\"thumbnailUrl\":\"https:\/\/www.pressenza.com\/wp-content\/uploads\/2014\/05\/120514121818-b1-.jpg\",\"keywords\":[\"Berlin\",\"Good News\",\"homophobia\",\"Homosexualit\u00e4t\",\"transsexualit\u00e4t\"],\"articleSection\":[\"International\",\"Menschenrechte\",\"Vielfalt\"],\"inLanguage\":\"de\"},{\"@type\":\"WebPage\",\"@id\":\"https:\/\/www.pressenza.com\/de\/2014\/05\/enough-enough-open-mouth\/\",\"url\":\"https:\/\/www.pressenza.com\/de\/2014\/05\/enough-enough-open-mouth\/\",\"name\":\"ENOUGH is ENOUGH! OPEN YOUR MOUTH!\",\"isPartOf\":{\"@id\":\"https:\/\/www.pressenza.com\/de\/#website\"},\"primaryImageOfPage\":{\"@id\":\"https:\/\/www.pressenza.com\/de\/2014\/05\/enough-enough-open-mouth\/#primaryimage\"},\"image\":{\"@id\":\"https:\/\/www.pressenza.com\/de\/2014\/05\/enough-enough-open-mouth\/#primaryimage\"},\"thumbnailUrl\":\"https:\/\/www.pressenza.com\/wp-content\/uploads\/2014\/05\/120514121818-b1-.jpg\",\"datePublished\":\"2014-05-21T16:55:50+00:00\",\"dateModified\":\"2014-05-21T16:56:03+00:00\",\"description\":\"Am 17. Mai findet j\u00e4hrlich der Internationale Tag gegen Homophobie und Transphobie statt. Aus diesem Anlass rief die Privatinitiative ENOUGH is ENOUGH!\",\"breadcrumb\":{\"@id\":\"https:\/\/www.pressenza.com\/de\/2014\/05\/enough-enough-open-mouth\/#breadcrumb\"},\"inLanguage\":\"de\",\"potentialAction\":[{\"@type\":\"ReadAction\",\"target\":[\"https:\/\/www.pressenza.com\/de\/2014\/05\/enough-enough-open-mouth\/\"]}]},{\"@type\":\"ImageObject\",\"inLanguage\":\"de\",\"@id\":\"https:\/\/www.pressenza.com\/de\/2014\/05\/enough-enough-open-mouth\/#primaryimage\",\"url\":\"https:\/\/www.pressenza.com\/wp-content\/uploads\/2014\/05\/120514121818-b1-.jpg\",\"contentUrl\":\"https:\/\/www.pressenza.com\/wp-content\/uploads\/2014\/05\/120514121818-b1-.jpg\",\"width\":426,\"height\":240},{\"@type\":\"BreadcrumbList\",\"@id\":\"https:\/\/www.pressenza.com\/de\/2014\/05\/enough-enough-open-mouth\/#breadcrumb\",\"itemListElement\":[{\"@type\":\"ListItem\",\"position\":1,\"name\":\"Accueil\",\"item\":\"https:\/\/www.pressenza.com\/de\/\"},{\"@type\":\"ListItem\",\"position\":2,\"name\":\"ENOUGH is ENOUGH! OPEN YOUR MOUTH!\"}]},{\"@type\":\"WebSite\",\"@id\":\"https:\/\/www.pressenza.com\/de\/#website\",\"url\":\"https:\/\/www.pressenza.com\/de\/\",\"name\":\"Pressenza\",\"description\":\"International Press Agency\",\"publisher\":{\"@id\":\"https:\/\/www.pressenza.com\/de\/#organization\"},\"potentialAction\":[{\"@type\":\"SearchAction\",\"target\":{\"@type\":\"EntryPoint\",\"urlTemplate\":\"https:\/\/www.pressenza.com\/de\/?s={search_term_string}\"},\"query-input\":{\"@type\":\"PropertyValueSpecification\",\"valueRequired\":true,\"valueName\":\"search_term_string\"}}],\"inLanguage\":\"de\"},{\"@type\":\"Organization\",\"@id\":\"https:\/\/www.pressenza.com\/de\/#organization\",\"name\":\"Pressenza\",\"url\":\"https:\/\/www.pressenza.com\/de\/\",\"logo\":{\"@type\":\"ImageObject\",\"inLanguage\":\"de\",\"@id\":\"https:\/\/www.pressenza.com\/de\/#\/schema\/logo\/image\/\",\"url\":\"https:\/\/www.pressenza.com\/wp-content\/uploads\/2022\/10\/pressenza_logo_200x200.jpg\",\"contentUrl\":\"https:\/\/www.pressenza.com\/wp-content\/uploads\/2022\/10\/pressenza_logo_200x200.jpg\",\"width\":200,\"height\":200,\"caption\":\"Pressenza\"},\"image\":{\"@id\":\"https:\/\/www.pressenza.com\/de\/#\/schema\/logo\/image\/\"},\"sameAs\":[\"https:\/\/www.facebook.com\/PressenzaItalia\",\"https:\/\/x.com\/PressenzaIPA\"]},{\"@type\":\"Person\",\"@id\":\"https:\/\/www.pressenza.com\/de\/#\/schema\/person\/e233667f8b5764bd84b766de5286a5fa\",\"name\":\"Reto Thumiger\",\"description\":\"The Swiss-born business administrator has been an activist for the New Humanism for over 25 years. He is committed to the promotion of cultural diversity, equal rights and the creation of equal opportunities for all people. He is committed to an internal and external revolution based on active non-violence. Through his voluntary work at Pressenza, he endeavours to contribute to overcoming violence through journalism that focuses on peace and non-violence.\",\"sameAs\":[\"http:\/\/www.pressenza.com\/de\",\"https:\/\/www.facebook.com\/rthumiger\",\"https:\/\/x.com\/pressenza_ger\"],\"url\":\"https:\/\/www.pressenza.com\/de\/author\/reto-thumiger\/\"}]}<\/script>\n<!-- \/ Yoast SEO plugin. -->","yoast_head_json":{"title":"ENOUGH is ENOUGH! OPEN YOUR MOUTH!","description":"Am 17. Mai findet j\u00e4hrlich der Internationale Tag gegen Homophobie und Transphobie statt. Aus diesem Anlass rief die Privatinitiative ENOUGH is ENOUGH!","robots":{"index":"index","follow":"follow","max-snippet":"max-snippet:-1","max-image-preview":"max-image-preview:large","max-video-preview":"max-video-preview:-1"},"canonical":"https:\/\/www.pressenza.com\/de\/2014\/05\/enough-enough-open-mouth\/","og_locale":"de_DE","og_type":"article","og_title":"ENOUGH is ENOUGH! OPEN YOUR MOUTH!","og_description":"Am 17. Mai findet j\u00e4hrlich der Internationale Tag gegen Homophobie und Transphobie statt. Aus diesem Anlass rief die Privatinitiative ENOUGH is ENOUGH!","og_url":"https:\/\/www.pressenza.com\/de\/2014\/05\/enough-enough-open-mouth\/","og_site_name":"Pressenza","article_publisher":"https:\/\/www.facebook.com\/PressenzaItalia","article_author":"https:\/\/www.facebook.com\/rthumiger","article_published_time":"2014-05-21T16:55:50+00:00","article_modified_time":"2014-05-21T16:56:03+00:00","og_image":[{"width":426,"height":240,"url":"https:\/\/www.pressenza.com\/wp-content\/uploads\/2014\/05\/120514121818-b1-.jpg","type":"image\/jpeg"}],"author":"Reto Thumiger","twitter_card":"summary_large_image","twitter_creator":"@pressenza_ger","twitter_site":"@PressenzaIPA","twitter_misc":{"Verfasst von":"Reto Thumiger","Gesch\u00e4tzte Lesezeit":"1\u00a0Minute"},"schema":{"@context":"https:\/\/schema.org","@graph":[{"@type":"Article","@id":"https:\/\/www.pressenza.com\/de\/2014\/05\/enough-enough-open-mouth\/#article","isPartOf":{"@id":"https:\/\/www.pressenza.com\/de\/2014\/05\/enough-enough-open-mouth\/"},"author":{"name":"Reto Thumiger","@id":"https:\/\/www.pressenza.com\/de\/#\/schema\/person\/e233667f8b5764bd84b766de5286a5fa"},"headline":"ENOUGH is ENOUGH! OPEN YOUR MOUTH!","datePublished":"2014-05-21T16:55:50+00:00","dateModified":"2014-05-21T16:56:03+00:00","mainEntityOfPage":{"@id":"https:\/\/www.pressenza.com\/de\/2014\/05\/enough-enough-open-mouth\/"},"wordCount":219,"publisher":{"@id":"https:\/\/www.pressenza.com\/de\/#organization"},"image":{"@id":"https:\/\/www.pressenza.com\/de\/2014\/05\/enough-enough-open-mouth\/#primaryimage"},"thumbnailUrl":"https:\/\/www.pressenza.com\/wp-content\/uploads\/2014\/05\/120514121818-b1-.jpg","keywords":["Berlin","Good News","homophobia","Homosexualit\u00e4t","transsexualit\u00e4t"],"articleSection":["International","Menschenrechte","Vielfalt"],"inLanguage":"de"},{"@type":"WebPage","@id":"https:\/\/www.pressenza.com\/de\/2014\/05\/enough-enough-open-mouth\/","url":"https:\/\/www.pressenza.com\/de\/2014\/05\/enough-enough-open-mouth\/","name":"ENOUGH is ENOUGH! OPEN YOUR MOUTH!","isPartOf":{"@id":"https:\/\/www.pressenza.com\/de\/#website"},"primaryImageOfPage":{"@id":"https:\/\/www.pressenza.com\/de\/2014\/05\/enough-enough-open-mouth\/#primaryimage"},"image":{"@id":"https:\/\/www.pressenza.com\/de\/2014\/05\/enough-enough-open-mouth\/#primaryimage"},"thumbnailUrl":"https:\/\/www.pressenza.com\/wp-content\/uploads\/2014\/05\/120514121818-b1-.jpg","datePublished":"2014-05-21T16:55:50+00:00","dateModified":"2014-05-21T16:56:03+00:00","description":"Am 17. Mai findet j\u00e4hrlich der Internationale Tag gegen Homophobie und Transphobie statt. Aus diesem Anlass rief die Privatinitiative ENOUGH is ENOUGH!","breadcrumb":{"@id":"https:\/\/www.pressenza.com\/de\/2014\/05\/enough-enough-open-mouth\/#breadcrumb"},"inLanguage":"de","potentialAction":[{"@type":"ReadAction","target":["https:\/\/www.pressenza.com\/de\/2014\/05\/enough-enough-open-mouth\/"]}]},{"@type":"ImageObject","inLanguage":"de","@id":"https:\/\/www.pressenza.com\/de\/2014\/05\/enough-enough-open-mouth\/#primaryimage","url":"https:\/\/www.pressenza.com\/wp-content\/uploads\/2014\/05\/120514121818-b1-.jpg","contentUrl":"https:\/\/www.pressenza.com\/wp-content\/uploads\/2014\/05\/120514121818-b1-.jpg","width":426,"height":240},{"@type":"BreadcrumbList","@id":"https:\/\/www.pressenza.com\/de\/2014\/05\/enough-enough-open-mouth\/#breadcrumb","itemListElement":[{"@type":"ListItem","position":1,"name":"Accueil","item":"https:\/\/www.pressenza.com\/de\/"},{"@type":"ListItem","position":2,"name":"ENOUGH is ENOUGH! OPEN YOUR MOUTH!"}]},{"@type":"WebSite","@id":"https:\/\/www.pressenza.com\/de\/#website","url":"https:\/\/www.pressenza.com\/de\/","name":"Pressenza","description":"International Press Agency","publisher":{"@id":"https:\/\/www.pressenza.com\/de\/#organization"},"potentialAction":[{"@type":"SearchAction","target":{"@type":"EntryPoint","urlTemplate":"https:\/\/www.pressenza.com\/de\/?s={search_term_string}"},"query-input":{"@type":"PropertyValueSpecification","valueRequired":true,"valueName":"search_term_string"}}],"inLanguage":"de"},{"@type":"Organization","@id":"https:\/\/www.pressenza.com\/de\/#organization","name":"Pressenza","url":"https:\/\/www.pressenza.com\/de\/","logo":{"@type":"ImageObject","inLanguage":"de","@id":"https:\/\/www.pressenza.com\/de\/#\/schema\/logo\/image\/","url":"https:\/\/www.pressenza.com\/wp-content\/uploads\/2022\/10\/pressenza_logo_200x200.jpg","contentUrl":"https:\/\/www.pressenza.com\/wp-content\/uploads\/2022\/10\/pressenza_logo_200x200.jpg","width":200,"height":200,"caption":"Pressenza"},"image":{"@id":"https:\/\/www.pressenza.com\/de\/#\/schema\/logo\/image\/"},"sameAs":["https:\/\/www.facebook.com\/PressenzaItalia","https:\/\/x.com\/PressenzaIPA"]},{"@type":"Person","@id":"https:\/\/www.pressenza.com\/de\/#\/schema\/person\/e233667f8b5764bd84b766de5286a5fa","name":"Reto Thumiger","description":"The Swiss-born business administrator has been an activist for the New Humanism for over 25 years. He is committed to the promotion of cultural diversity, equal rights and the creation of equal opportunities for all people. He is committed to an internal and external revolution based on active non-violence. Through his voluntary work at Pressenza, he endeavours to contribute to overcoming violence through journalism that focuses on peace and non-violence.","sameAs":["http:\/\/www.pressenza.com\/de","https:\/\/www.facebook.com\/rthumiger","https:\/\/x.com\/pressenza_ger"],"url":"https:\/\/www.pressenza.com\/de\/author\/reto-thumiger\/"}]}},"place":"","original_article_url":"","_links":{"self":[{"href":"https:\/\/www.pressenza.com\/de\/wp-json\/wp\/v2\/posts\/108277","targetHints":{"allow":["GET"]}}],"collection":[{"href":"https:\/\/www.pressenza.com\/de\/wp-json\/wp\/v2\/posts"}],"about":[{"href":"https:\/\/www.pressenza.com\/de\/wp-json\/wp\/v2\/types\/post"}],"author":[{"embeddable":true,"href":"https:\/\/www.pressenza.com\/de\/wp-json\/wp\/v2\/users\/1089"}],"replies":[{"embeddable":true,"href":"https:\/\/www.pressenza.com\/de\/wp-json\/wp\/v2\/comments?post=108277"}],"version-history":[{"count":0,"href":"https:\/\/www.pressenza.com\/de\/wp-json\/wp\/v2\/posts\/108277\/revisions"}],"wp:featuredmedia":[{"embeddable":true,"href":"https:\/\/www.pressenza.com\/de\/wp-json\/wp\/v2\/media\/108290"}],"wp:attachment":[{"href":"https:\/\/www.pressenza.com\/de\/wp-json\/wp\/v2\/media?parent=108277"}],"wp:term":[{"taxonomy":"category","embeddable":true,"href":"https:\/\/www.pressenza.com\/de\/wp-json\/wp\/v2\/categories?post=108277"},{"taxonomy":"post_tag","embeddable":true,"href":"https:\/\/www.pressenza.com\/de\/wp-json\/wp\/v2\/tags?post=108277"}],"curies":[{"name":"wp","href":"https:\/\/api.w.org\/{rel}","templated":true}]}}