{"id":1082570,"date":"2020-04-12T09:41:08","date_gmt":"2020-04-12T08:41:08","guid":{"rendered":"https:\/\/www.pressenza.com\/?p=1082570"},"modified":"2020-04-12T09:41:08","modified_gmt":"2020-04-12T08:41:08","slug":"bmi-chartert-mitten-in-der-corona-krise-erneut-abschiebeflieger-fuer-eine-frau","status":"publish","type":"post","link":"https:\/\/www.pressenza.com\/de\/2020\/04\/bmi-chartert-mitten-in-der-corona-krise-erneut-abschiebeflieger-fuer-eine-frau\/","title":{"rendered":"BMI chartert mitten in der Corona-Krise erneut Abschiebeflieger f\u00fcr eine Frau"},"content":{"rendered":"<div>\n<p><strong>Mitte April will das Bundesinnenministerium (BMI) vom M\u00fcnchener Flughafen aus <a href=\"https:\/\/www.tagesschau.de\/investigativ\/ndr\/abschiebungen-corona-101.html\" target=\"_blank\" rel=\"noopener noreferrer\">eine einzelne Frau nach Togo abschieben<\/a> \u2013 allen Einschr\u00e4nkungen der Corona-Krise zum Trotz. Da es keine regul\u00e4ren Fl\u00fcge mehr gibt und weltweite Reiseverbote existieren, soll wieder ein Flugzeug allein f\u00fcr die Betroffene gechartert werden.<\/strong><\/p>\n<p>Erst vergangene Woche hatte das Bundesinnenministerium (BMI) zwei Iranerinnen in einem eigens f\u00fcr sie gecharterten Flugzeug in den Iran abschieben wollen \u2013 und wurde mitunter durch <a href=\"https:\/\/www.proasyl.de\/news\/trotz-corona-krise-per-charterflug-zurueck-in-den-iran\/\" target=\"_blank\" rel=\"noopener noreferrer\">Protest von PRO ASYL<\/a> dazu gezwungen, die Abschiebung zu stoppen. Doch anstatt daraus zu lernen, wird einfach weitergemacht. PRO ASYL fordert das BMI auf, endlich von diesen absurden und unverantwortlichen Ma\u00dfnahmen Abstand zu nehmen.<\/p>\n<p>\u00bbGanze L\u00e4nder befinden sich seit Wochen im Stillstand. Obwohl es klar sein m\u00fcsste, dass eine Abschiebung derzeit nicht in Frage kommt, werden trotzdem Menschen in Haft gebracht\u00ab, kritisiert Bellinda Bartolucci, Leiterin Abteilung Rechtspolitik bei PRO ASYL. \u00bbEs braucht endlich einen generellen Abschiebestopp, um die \u00c4ngste und die Verunsicherung der Betroffenen zu beenden und die Anwaltschaft und Beh\u00f6rden in diesen Zeiten nicht noch mehr in Anspruch nehmen zu m\u00fcssen\u00ab.<\/p>\n<p>Die Betroffene kam alleine nach Deutschland, um hier Asyl zu ersuchen. Sie wurde im Schnellverfahren am Flughafen abgelehnt, durfte nicht nach Deutschland einreisen und befindet sich nun in der Transitzone in der sog. Zur\u00fcckweisungshaft. Das Asylverfahren durchlief sie in dem extrem beschleunigten sog. \u00bbFlughafenverfahren\u00ab nach \u00a7 18a AsylG. Innerhalb von zwei Tagen nach Ankunft muss bereits die Bundesamtsentscheidung vorliegen. Auch der rechtliche Schutz ist wiederum verk\u00fcrzt. Und die Betroffene hat derzeit keine anwaltliche Unterst\u00fctzung f\u00fcr das Asylverfahren.<\/p>\n<p>Nun soll sie noch im April nach Togo abgeschoben werden, auf einem extra f\u00fcr sie gecharterten Flug. In der Hauptstadt Lom\u00e9 soll ein Hotel f\u00fcr eine 14-t\u00e4gige Quarant\u00e4ne gebucht werden. Die sie begleitenden Personen aus Deutschland fliegen direkt wieder zur\u00fcck \u2013 als lade man sie wie ein Paket ab und mache sich davon.<\/p>\n<p>PRO ASYL h\u00e4lt das derzeitige Beharren des BMI auf einer Charter-R\u00fcckf\u00fchrung f\u00fcr absurd und unverantwortlich.<\/p>\n<p>Auch in Togo ist laut Ausw\u00e4rtigem Amt die medizinische Versorgung im Lande \u00bbvielfach technisch, apparativ und\/ oder hygienisch problematisch\u00ab. Nicht umsonst ist der regul\u00e4re Flugverkehr eingestellt \u2013 auch Togo hat die Einreise von Fl\u00fcgen aus Europa seit dem 20.M\u00e4rz 2020 gesperrt. Doch die Bundesregierung will nun genau f\u00fcr einen Tag das Einreiseverbot aufheben lassen \u2013 ein unverh\u00e4ltnism\u00e4\u00dfiger Aufwand, der Kopfsch\u00fctteln verursacht.<\/p>\n<p>Nicht nur, dass extra f\u00fcr eine Person ein Flugzeug gechartert wird: Gerade zu Zeiten einer Pandemie, die Deutschland mit gravierenden Ma\u00dfnahmen in den Griff zu bekommen versucht, muss man sich fragen, worauf aktuell der Fokus der Beh\u00f6rden liegt. Um eine solche Ma\u00dfnahme zu erm\u00f6glichen, braucht es schlie\u00dflich auch die entsprechende Begleitung durch eine\/n Dolmetscher*in, Arzt\/\u00c4rztin und Begleitbeamt*innen.<\/p>\n<p>PRO ASYL fordert den sofortigen Stopp dieser Abschiebung sowie einen generellen Abschiebungsstopp aufgrund der weltweiten Ausbreitung des Corona-Virus. Betroffene m\u00fcssen davor gesch\u00fctzt werden, in L\u00e4nder mit fragilen Gesundheitssystemen abgeschoben zu werden, in denen die Auswirkungen von Corona katastrophal werden k\u00f6nnen oder dies bereits sind.<\/p>\n<\/div>\n","protected":false},"excerpt":{"rendered":"<p>Mitte April will das Bundesinnenministerium (BMI) vom M\u00fcnchener Flughafen aus eine einzelne Frau nach Togo abschieben \u2013 allen Einschr\u00e4nkungen der Corona-Krise zum Trotz. Da es keine regul\u00e4ren Fl\u00fcge mehr gibt und weltweite Reiseverbote existieren, soll wieder ein Flugzeug allein f\u00fcr&hellip;<\/p>\n","protected":false},"author":1095,"featured_media":1082573,"comment_status":"closed","ping_status":"closed","sticky":false,"template":"","format":"standard","meta":{"footnotes":""},"categories":[9147,9150,9160,9161,54569,9145],"tags":[73722,73721,72725,71680,73723],"class_list":["post-1082570","post","type-post","status-publish","format-standard","has-post-thumbnail","hentry","category-afrika-de","category-europa-de","category-gesundheit","category-menschenrechte","category-migration","category-pressemitteilungen","tag-abschiebungsstopp","tag-bmi","tag-coronakrise","tag-coronavirus-de","tag-reiseverbote"],"yoast_head":"<!-- This site is optimized with the Yoast SEO plugin v27.1.1 - https:\/\/yoast.com\/product\/yoast-seo-wordpress\/ -->\n<title>BMI chartert mitten in der Corona-Krise erneut Abschiebeflieger f\u00fcr eine Frau<\/title>\n<meta name=\"description\" content=\"Mitte April will das Bundesinnenministerium (BMI) vom M\u00fcnchener Flughafen aus eine einzelne Frau nach Togo abschieben \u2013 allen Einschr\u00e4nkungen der\" \/>\n<meta name=\"robots\" content=\"index, follow, max-snippet:-1, max-image-preview:large, max-video-preview:-1\" \/>\n<link rel=\"canonical\" href=\"https:\/\/www.pressenza.com\/de\/2020\/04\/bmi-chartert-mitten-in-der-corona-krise-erneut-abschiebeflieger-fuer-eine-frau\/\" \/>\n<meta property=\"og:locale\" content=\"de_DE\" \/>\n<meta property=\"og:type\" content=\"article\" \/>\n<meta property=\"og:title\" content=\"BMI chartert mitten in der Corona-Krise erneut Abschiebeflieger f\u00fcr eine Frau\" \/>\n<meta property=\"og:description\" content=\"Mitte April will das Bundesinnenministerium (BMI) vom M\u00fcnchener Flughafen aus eine einzelne Frau nach Togo abschieben \u2013 allen Einschr\u00e4nkungen der\" \/>\n<meta property=\"og:url\" content=\"https:\/\/www.pressenza.com\/de\/2020\/04\/bmi-chartert-mitten-in-der-corona-krise-erneut-abschiebeflieger-fuer-eine-frau\/\" \/>\n<meta property=\"og:site_name\" content=\"Pressenza\" \/>\n<meta property=\"article:publisher\" content=\"https:\/\/www.facebook.com\/PressenzaItalia\" \/>\n<meta property=\"article:author\" content=\"https:\/\/www.facebook.com\/Pressenza-Deutschland-sterreich-Schweiz-281675388658060\/timeline\/\" \/>\n<meta property=\"article:published_time\" content=\"2020-04-12T08:41:08+00:00\" \/>\n<meta property=\"og:image\" content=\"https:\/\/www.pressenza.com\/wp-content\/uploads\/2020\/04\/aircraft-1327820_1280.jpg\" \/>\n\t<meta property=\"og:image:width\" content=\"1280\" \/>\n\t<meta property=\"og:image:height\" content=\"856\" \/>\n\t<meta property=\"og:image:type\" content=\"image\/jpeg\" \/>\n<meta name=\"author\" content=\"Pressenza Berlin\" \/>\n<meta name=\"twitter:card\" content=\"summary_large_image\" \/>\n<meta name=\"twitter:creator\" content=\"@pressenza_ger\" \/>\n<meta name=\"twitter:site\" content=\"@PressenzaIPA\" \/>\n<meta name=\"twitter:label1\" content=\"Verfasst von\" \/>\n\t<meta name=\"twitter:data1\" content=\"Pressenza Berlin\" \/>\n\t<meta name=\"twitter:label2\" content=\"Gesch\u00e4tzte Lesezeit\" \/>\n\t<meta name=\"twitter:data2\" content=\"3\u00a0Minuten\" \/>\n<script type=\"application\/ld+json\" class=\"yoast-schema-graph\">{\"@context\":\"https:\/\/schema.org\",\"@graph\":[{\"@type\":\"Article\",\"@id\":\"https:\/\/www.pressenza.com\/de\/2020\/04\/bmi-chartert-mitten-in-der-corona-krise-erneut-abschiebeflieger-fuer-eine-frau\/#article\",\"isPartOf\":{\"@id\":\"https:\/\/www.pressenza.com\/de\/2020\/04\/bmi-chartert-mitten-in-der-corona-krise-erneut-abschiebeflieger-fuer-eine-frau\/\"},\"author\":{\"name\":\"Pressenza Berlin\",\"@id\":\"https:\/\/www.pressenza.com\/de\/#\/schema\/person\/57bb5480943a496a7722b0248e4b658a\"},\"headline\":\"BMI chartert mitten in der Corona-Krise erneut Abschiebeflieger f\u00fcr eine Frau\",\"datePublished\":\"2020-04-12T08:41:08+00:00\",\"mainEntityOfPage\":{\"@id\":\"https:\/\/www.pressenza.com\/de\/2020\/04\/bmi-chartert-mitten-in-der-corona-krise-erneut-abschiebeflieger-fuer-eine-frau\/\"},\"wordCount\":530,\"publisher\":{\"@id\":\"https:\/\/www.pressenza.com\/de\/#organization\"},\"image\":{\"@id\":\"https:\/\/www.pressenza.com\/de\/2020\/04\/bmi-chartert-mitten-in-der-corona-krise-erneut-abschiebeflieger-fuer-eine-frau\/#primaryimage\"},\"thumbnailUrl\":\"https:\/\/www.pressenza.com\/wp-content\/uploads\/2020\/04\/aircraft-1327820_1280.jpg\",\"keywords\":[\"Abschiebungsstopp\",\"BMI\",\"Coronakrise\",\"coronavirus\",\"Reiseverbote\"],\"articleSection\":[\"Afrika\",\"Europa\",\"Gesundheit\",\"Menschenrechte\",\"Migration\",\"Pressemitteilungen\"],\"inLanguage\":\"de\"},{\"@type\":\"WebPage\",\"@id\":\"https:\/\/www.pressenza.com\/de\/2020\/04\/bmi-chartert-mitten-in-der-corona-krise-erneut-abschiebeflieger-fuer-eine-frau\/\",\"url\":\"https:\/\/www.pressenza.com\/de\/2020\/04\/bmi-chartert-mitten-in-der-corona-krise-erneut-abschiebeflieger-fuer-eine-frau\/\",\"name\":\"BMI chartert mitten in der Corona-Krise erneut Abschiebeflieger f\u00fcr eine Frau\",\"isPartOf\":{\"@id\":\"https:\/\/www.pressenza.com\/de\/#website\"},\"primaryImageOfPage\":{\"@id\":\"https:\/\/www.pressenza.com\/de\/2020\/04\/bmi-chartert-mitten-in-der-corona-krise-erneut-abschiebeflieger-fuer-eine-frau\/#primaryimage\"},\"image\":{\"@id\":\"https:\/\/www.pressenza.com\/de\/2020\/04\/bmi-chartert-mitten-in-der-corona-krise-erneut-abschiebeflieger-fuer-eine-frau\/#primaryimage\"},\"thumbnailUrl\":\"https:\/\/www.pressenza.com\/wp-content\/uploads\/2020\/04\/aircraft-1327820_1280.jpg\",\"datePublished\":\"2020-04-12T08:41:08+00:00\",\"description\":\"Mitte April will das Bundesinnenministerium (BMI) vom M\u00fcnchener Flughafen aus eine einzelne Frau nach Togo abschieben \u2013 allen Einschr\u00e4nkungen der\",\"breadcrumb\":{\"@id\":\"https:\/\/www.pressenza.com\/de\/2020\/04\/bmi-chartert-mitten-in-der-corona-krise-erneut-abschiebeflieger-fuer-eine-frau\/#breadcrumb\"},\"inLanguage\":\"de\",\"potentialAction\":[{\"@type\":\"ReadAction\",\"target\":[\"https:\/\/www.pressenza.com\/de\/2020\/04\/bmi-chartert-mitten-in-der-corona-krise-erneut-abschiebeflieger-fuer-eine-frau\/\"]}]},{\"@type\":\"ImageObject\",\"inLanguage\":\"de\",\"@id\":\"https:\/\/www.pressenza.com\/de\/2020\/04\/bmi-chartert-mitten-in-der-corona-krise-erneut-abschiebeflieger-fuer-eine-frau\/#primaryimage\",\"url\":\"https:\/\/www.pressenza.com\/wp-content\/uploads\/2020\/04\/aircraft-1327820_1280.jpg\",\"contentUrl\":\"https:\/\/www.pressenza.com\/wp-content\/uploads\/2020\/04\/aircraft-1327820_1280.jpg\",\"width\":1280,\"height\":856,\"caption\":\"BMI chartert mitten in der Corona-Krise erneut Abschiebeflieger f\u00fcr eine Frau\"},{\"@type\":\"BreadcrumbList\",\"@id\":\"https:\/\/www.pressenza.com\/de\/2020\/04\/bmi-chartert-mitten-in-der-corona-krise-erneut-abschiebeflieger-fuer-eine-frau\/#breadcrumb\",\"itemListElement\":[{\"@type\":\"ListItem\",\"position\":1,\"name\":\"Accueil\",\"item\":\"https:\/\/www.pressenza.com\/de\/\"},{\"@type\":\"ListItem\",\"position\":2,\"name\":\"BMI chartert mitten in der Corona-Krise erneut Abschiebeflieger f\u00fcr eine Frau\"}]},{\"@type\":\"WebSite\",\"@id\":\"https:\/\/www.pressenza.com\/de\/#website\",\"url\":\"https:\/\/www.pressenza.com\/de\/\",\"name\":\"Pressenza\",\"description\":\"International Press Agency\",\"publisher\":{\"@id\":\"https:\/\/www.pressenza.com\/de\/#organization\"},\"potentialAction\":[{\"@type\":\"SearchAction\",\"target\":{\"@type\":\"EntryPoint\",\"urlTemplate\":\"https:\/\/www.pressenza.com\/de\/?s={search_term_string}\"},\"query-input\":{\"@type\":\"PropertyValueSpecification\",\"valueRequired\":true,\"valueName\":\"search_term_string\"}}],\"inLanguage\":\"de\"},{\"@type\":\"Organization\",\"@id\":\"https:\/\/www.pressenza.com\/de\/#organization\",\"name\":\"Pressenza\",\"url\":\"https:\/\/www.pressenza.com\/de\/\",\"logo\":{\"@type\":\"ImageObject\",\"inLanguage\":\"de\",\"@id\":\"https:\/\/www.pressenza.com\/de\/#\/schema\/logo\/image\/\",\"url\":\"https:\/\/www.pressenza.com\/wp-content\/uploads\/2022\/10\/pressenza_logo_200x200.jpg\",\"contentUrl\":\"https:\/\/www.pressenza.com\/wp-content\/uploads\/2022\/10\/pressenza_logo_200x200.jpg\",\"width\":200,\"height\":200,\"caption\":\"Pressenza\"},\"image\":{\"@id\":\"https:\/\/www.pressenza.com\/de\/#\/schema\/logo\/image\/\"},\"sameAs\":[\"https:\/\/www.facebook.com\/PressenzaItalia\",\"https:\/\/x.com\/PressenzaIPA\"]},{\"@type\":\"Person\",\"@id\":\"https:\/\/www.pressenza.com\/de\/#\/schema\/person\/57bb5480943a496a7722b0248e4b658a\",\"name\":\"Pressenza Berlin\",\"description\":\"News from the Pressenza Bureau in Berlin, Germany\",\"sameAs\":[\"https:\/\/www.facebook.com\/Pressenza-Deutschland-sterreich-Schweiz-281675388658060\/timeline\/\",\"https:\/\/x.com\/pressenza_ger\"],\"url\":\"https:\/\/www.pressenza.com\/de\/author\/pressenza-berlin\/\"}]}<\/script>\n<!-- \/ Yoast SEO plugin. -->","yoast_head_json":{"title":"BMI chartert mitten in der Corona-Krise erneut Abschiebeflieger f\u00fcr eine Frau","description":"Mitte April will das Bundesinnenministerium (BMI) vom M\u00fcnchener Flughafen aus eine einzelne Frau nach Togo abschieben \u2013 allen Einschr\u00e4nkungen der","robots":{"index":"index","follow":"follow","max-snippet":"max-snippet:-1","max-image-preview":"max-image-preview:large","max-video-preview":"max-video-preview:-1"},"canonical":"https:\/\/www.pressenza.com\/de\/2020\/04\/bmi-chartert-mitten-in-der-corona-krise-erneut-abschiebeflieger-fuer-eine-frau\/","og_locale":"de_DE","og_type":"article","og_title":"BMI chartert mitten in der Corona-Krise erneut Abschiebeflieger f\u00fcr eine Frau","og_description":"Mitte April will das Bundesinnenministerium (BMI) vom M\u00fcnchener Flughafen aus eine einzelne Frau nach Togo abschieben \u2013 allen Einschr\u00e4nkungen der","og_url":"https:\/\/www.pressenza.com\/de\/2020\/04\/bmi-chartert-mitten-in-der-corona-krise-erneut-abschiebeflieger-fuer-eine-frau\/","og_site_name":"Pressenza","article_publisher":"https:\/\/www.facebook.com\/PressenzaItalia","article_author":"https:\/\/www.facebook.com\/Pressenza-Deutschland-sterreich-Schweiz-281675388658060\/timeline\/","article_published_time":"2020-04-12T08:41:08+00:00","og_image":[{"width":1280,"height":856,"url":"https:\/\/www.pressenza.com\/wp-content\/uploads\/2020\/04\/aircraft-1327820_1280.jpg","type":"image\/jpeg"}],"author":"Pressenza Berlin","twitter_card":"summary_large_image","twitter_creator":"@pressenza_ger","twitter_site":"@PressenzaIPA","twitter_misc":{"Verfasst von":"Pressenza Berlin","Gesch\u00e4tzte Lesezeit":"3\u00a0Minuten"},"schema":{"@context":"https:\/\/schema.org","@graph":[{"@type":"Article","@id":"https:\/\/www.pressenza.com\/de\/2020\/04\/bmi-chartert-mitten-in-der-corona-krise-erneut-abschiebeflieger-fuer-eine-frau\/#article","isPartOf":{"@id":"https:\/\/www.pressenza.com\/de\/2020\/04\/bmi-chartert-mitten-in-der-corona-krise-erneut-abschiebeflieger-fuer-eine-frau\/"},"author":{"name":"Pressenza Berlin","@id":"https:\/\/www.pressenza.com\/de\/#\/schema\/person\/57bb5480943a496a7722b0248e4b658a"},"headline":"BMI chartert mitten in der Corona-Krise erneut Abschiebeflieger f\u00fcr eine Frau","datePublished":"2020-04-12T08:41:08+00:00","mainEntityOfPage":{"@id":"https:\/\/www.pressenza.com\/de\/2020\/04\/bmi-chartert-mitten-in-der-corona-krise-erneut-abschiebeflieger-fuer-eine-frau\/"},"wordCount":530,"publisher":{"@id":"https:\/\/www.pressenza.com\/de\/#organization"},"image":{"@id":"https:\/\/www.pressenza.com\/de\/2020\/04\/bmi-chartert-mitten-in-der-corona-krise-erneut-abschiebeflieger-fuer-eine-frau\/#primaryimage"},"thumbnailUrl":"https:\/\/www.pressenza.com\/wp-content\/uploads\/2020\/04\/aircraft-1327820_1280.jpg","keywords":["Abschiebungsstopp","BMI","Coronakrise","coronavirus","Reiseverbote"],"articleSection":["Afrika","Europa","Gesundheit","Menschenrechte","Migration","Pressemitteilungen"],"inLanguage":"de"},{"@type":"WebPage","@id":"https:\/\/www.pressenza.com\/de\/2020\/04\/bmi-chartert-mitten-in-der-corona-krise-erneut-abschiebeflieger-fuer-eine-frau\/","url":"https:\/\/www.pressenza.com\/de\/2020\/04\/bmi-chartert-mitten-in-der-corona-krise-erneut-abschiebeflieger-fuer-eine-frau\/","name":"BMI chartert mitten in der Corona-Krise erneut Abschiebeflieger f\u00fcr eine Frau","isPartOf":{"@id":"https:\/\/www.pressenza.com\/de\/#website"},"primaryImageOfPage":{"@id":"https:\/\/www.pressenza.com\/de\/2020\/04\/bmi-chartert-mitten-in-der-corona-krise-erneut-abschiebeflieger-fuer-eine-frau\/#primaryimage"},"image":{"@id":"https:\/\/www.pressenza.com\/de\/2020\/04\/bmi-chartert-mitten-in-der-corona-krise-erneut-abschiebeflieger-fuer-eine-frau\/#primaryimage"},"thumbnailUrl":"https:\/\/www.pressenza.com\/wp-content\/uploads\/2020\/04\/aircraft-1327820_1280.jpg","datePublished":"2020-04-12T08:41:08+00:00","description":"Mitte April will das Bundesinnenministerium (BMI) vom M\u00fcnchener Flughafen aus eine einzelne Frau nach Togo abschieben \u2013 allen Einschr\u00e4nkungen der","breadcrumb":{"@id":"https:\/\/www.pressenza.com\/de\/2020\/04\/bmi-chartert-mitten-in-der-corona-krise-erneut-abschiebeflieger-fuer-eine-frau\/#breadcrumb"},"inLanguage":"de","potentialAction":[{"@type":"ReadAction","target":["https:\/\/www.pressenza.com\/de\/2020\/04\/bmi-chartert-mitten-in-der-corona-krise-erneut-abschiebeflieger-fuer-eine-frau\/"]}]},{"@type":"ImageObject","inLanguage":"de","@id":"https:\/\/www.pressenza.com\/de\/2020\/04\/bmi-chartert-mitten-in-der-corona-krise-erneut-abschiebeflieger-fuer-eine-frau\/#primaryimage","url":"https:\/\/www.pressenza.com\/wp-content\/uploads\/2020\/04\/aircraft-1327820_1280.jpg","contentUrl":"https:\/\/www.pressenza.com\/wp-content\/uploads\/2020\/04\/aircraft-1327820_1280.jpg","width":1280,"height":856,"caption":"BMI chartert mitten in der Corona-Krise erneut Abschiebeflieger f\u00fcr eine Frau"},{"@type":"BreadcrumbList","@id":"https:\/\/www.pressenza.com\/de\/2020\/04\/bmi-chartert-mitten-in-der-corona-krise-erneut-abschiebeflieger-fuer-eine-frau\/#breadcrumb","itemListElement":[{"@type":"ListItem","position":1,"name":"Accueil","item":"https:\/\/www.pressenza.com\/de\/"},{"@type":"ListItem","position":2,"name":"BMI chartert mitten in der Corona-Krise erneut Abschiebeflieger f\u00fcr eine Frau"}]},{"@type":"WebSite","@id":"https:\/\/www.pressenza.com\/de\/#website","url":"https:\/\/www.pressenza.com\/de\/","name":"Pressenza","description":"International Press Agency","publisher":{"@id":"https:\/\/www.pressenza.com\/de\/#organization"},"potentialAction":[{"@type":"SearchAction","target":{"@type":"EntryPoint","urlTemplate":"https:\/\/www.pressenza.com\/de\/?s={search_term_string}"},"query-input":{"@type":"PropertyValueSpecification","valueRequired":true,"valueName":"search_term_string"}}],"inLanguage":"de"},{"@type":"Organization","@id":"https:\/\/www.pressenza.com\/de\/#organization","name":"Pressenza","url":"https:\/\/www.pressenza.com\/de\/","logo":{"@type":"ImageObject","inLanguage":"de","@id":"https:\/\/www.pressenza.com\/de\/#\/schema\/logo\/image\/","url":"https:\/\/www.pressenza.com\/wp-content\/uploads\/2022\/10\/pressenza_logo_200x200.jpg","contentUrl":"https:\/\/www.pressenza.com\/wp-content\/uploads\/2022\/10\/pressenza_logo_200x200.jpg","width":200,"height":200,"caption":"Pressenza"},"image":{"@id":"https:\/\/www.pressenza.com\/de\/#\/schema\/logo\/image\/"},"sameAs":["https:\/\/www.facebook.com\/PressenzaItalia","https:\/\/x.com\/PressenzaIPA"]},{"@type":"Person","@id":"https:\/\/www.pressenza.com\/de\/#\/schema\/person\/57bb5480943a496a7722b0248e4b658a","name":"Pressenza Berlin","description":"News from the Pressenza Bureau in Berlin, Germany","sameAs":["https:\/\/www.facebook.com\/Pressenza-Deutschland-sterreich-Schweiz-281675388658060\/timeline\/","https:\/\/x.com\/pressenza_ger"],"url":"https:\/\/www.pressenza.com\/de\/author\/pressenza-berlin\/"}]}},"place":"PRO ASYL","original_article_url":"https:\/\/www.proasyl.de\/pressemitteilung\/nichts-dazugelernt-bmi-chartert-mitten-in-der-corona-krise-erneut-abschiebeflieger-fuer-eine-frau\/","_links":{"self":[{"href":"https:\/\/www.pressenza.com\/de\/wp-json\/wp\/v2\/posts\/1082570","targetHints":{"allow":["GET"]}}],"collection":[{"href":"https:\/\/www.pressenza.com\/de\/wp-json\/wp\/v2\/posts"}],"about":[{"href":"https:\/\/www.pressenza.com\/de\/wp-json\/wp\/v2\/types\/post"}],"author":[{"embeddable":true,"href":"https:\/\/www.pressenza.com\/de\/wp-json\/wp\/v2\/users\/1095"}],"replies":[{"embeddable":true,"href":"https:\/\/www.pressenza.com\/de\/wp-json\/wp\/v2\/comments?post=1082570"}],"version-history":[{"count":0,"href":"https:\/\/www.pressenza.com\/de\/wp-json\/wp\/v2\/posts\/1082570\/revisions"}],"wp:featuredmedia":[{"embeddable":true,"href":"https:\/\/www.pressenza.com\/de\/wp-json\/wp\/v2\/media\/1082573"}],"wp:attachment":[{"href":"https:\/\/www.pressenza.com\/de\/wp-json\/wp\/v2\/media?parent=1082570"}],"wp:term":[{"taxonomy":"category","embeddable":true,"href":"https:\/\/www.pressenza.com\/de\/wp-json\/wp\/v2\/categories?post=1082570"},{"taxonomy":"post_tag","embeddable":true,"href":"https:\/\/www.pressenza.com\/de\/wp-json\/wp\/v2\/tags?post=1082570"}],"curies":[{"name":"wp","href":"https:\/\/api.w.org\/{rel}","templated":true}]}}