{"id":1082117,"date":"2020-04-11T12:50:58","date_gmt":"2020-04-11T11:50:58","guid":{"rendered":"https:\/\/www.pressenza.com\/?p=1082117"},"modified":"2020-04-11T12:50:58","modified_gmt":"2020-04-11T11:50:58","slug":"lucy-hatte-ein-affenaehnliches-gehirn","status":"publish","type":"post","link":"https:\/\/www.pressenza.com\/de\/2020\/04\/lucy-hatte-ein-affenaehnliches-gehirn\/","title":{"rendered":"Lucy hatte ein affen\u00e4hnliches Gehirn"},"content":{"rendered":"<p><b>Eine neue Studie der Pal\u00e4oanthropologen Philipp Gunz und Simon Neubauer vom Max-Planck-Institut f\u00fcr evolution\u00e4re Anthropologie in Leipzig enth\u00fcllt, dass <i>Australopithecus afarensis<\/i> ein affen\u00e4hnliches Gehirn hatte. Die ber\u00fchmte Lucy geh\u00f6rt dieser Urmenschenform an. Das lange Gehirnwachstum l\u00e4sst jedoch vermuten, dass die Kinder dieser Art so wie bei Menschen lange Zeit auf elterliche F\u00fcrsorge angewiesen waren.<\/b><\/p>\n<p>Die Gehirne moderner Menschen sind nicht nur viel gr\u00f6\u00dfer als die von Menschenaffen, sie sind auch anders organisiert und entwickeln sich \u00fcber einen l\u00e4ngeren Zeitraum. Menschenkinder lernen l\u00e4nger als Schimpansen, sind daf\u00fcr aber auch l\u00e4nger von elterlicher F\u00fcrsorge abh\u00e4ngig. Sowohl das ver\u00e4nderte Gehirn als auch die lange Kindheit sind wichtig f\u00fcr die geistigen F\u00e4higkeiten des Menschen und sein soziales Verhalten, aber die evolution\u00e4ren Urspr\u00fcnge dieser beiden Merkmale sind unklar.<\/p>\n<p><i>Australopithecus afarensis<\/i> lebte vor mehr als drei Millionen Jahren in Ostafrika und nimmt eine Schl\u00fcsselposition im Stammbaum der Homininen ein. Von dieser Art stammen vermutlich alle sp\u00e4teren Homininen ab, einschlie\u00dflich des Menschen. &#8222;Lucy und ihre Art liefern wichtige Beweise f\u00fcr das Verhalten fr\u00fcher Homininen: Sie gingen aufrecht, hatten Gehirne, die etwa 20 Prozent gr\u00f6\u00dfer waren als die von Schimpansen, und sie haben m\u00f6glicherweise scharfe Steinwerkzeuge verwendet&#8220;, erkl\u00e4rt Zeresenay Alemseged von der Universit\u00e4t Chicago. Alemseged leitet die Ausgrabungen in Dikika, \u00c4thiopien, bei denen im Jahr 2000 das Skelett eines Australopithecus-Kindes gefunden wurde.<\/p>\n<p>Die Ergebnisse der Studie werfen ein neues Licht auf zwei umstrittene Fragen: Gibt es Hinweise auf eine menschen\u00e4hnliche Organisation des Gehirns bei <i>Australopithecus afarensis<\/i>? War das Muster des Gehirnwachstums bei <i>Australopithecus afarensis<\/i> dem von Schimpansen oder dem von Menschen \u00e4hnlicher?<\/p>\n<h4><strong>Gehirn hinterl\u00e4sst Spuren<\/strong><\/h4>\n<div id=\"attachment_1082132\" class=\"wp-caption aligncenter\"><img loading=\"lazy\" decoding=\"async\" aria-describedby=\"caption-attachment-1082132\" class=\"wp-image-1082132 \" src=\"https:\/\/www.pressenza.com\/wp-content\/uploads\/2020\/04\/lucy_grafik2-720x361.jpg\" alt=\"Lucy hatte ein affen\u00e4hnliches Gehirn\" width=\"774\" height=\"388\" srcset=\"https:\/\/www.pressenza.com\/wp-content\/uploads\/2020\/04\/lucy_grafik2-720x361.jpg 720w, https:\/\/www.pressenza.com\/wp-content\/uploads\/2020\/04\/lucy_grafik2-300x150.jpg 300w, https:\/\/www.pressenza.com\/wp-content\/uploads\/2020\/04\/lucy_grafik2-768x385.jpg 768w, https:\/\/www.pressenza.com\/wp-content\/uploads\/2020\/04\/lucy_grafik2.jpg 1400w\" sizes=\"auto, (max-width: 774px) 100vw, 774px\" \/><p id=\"caption-attachment-1082132\" class=\"wp-caption-text\"><em>\u00dcber mehrere Jahre arbeiteten die Forscher an der Rekonstruktion von fossilen Sch\u00e4deln der Art Australopithecus afarensis. Gehirne versteinern zwar nicht, aber das Gehirn hinterl\u00e4sst es einen Abdruck im kn\u00f6chernen Sch\u00e4del, w\u00e4hrend es sich im Laufe der Kindesentwicklung ausdehnt. Entgegen fr\u00fcheren Behauptungen fanden Forscher in keinem Australopithecus afarensis Gehirnabdruck Hinweise auf eine menschen\u00e4hnliche Neuorganisation des Gehirns. Foto: \u00a9 Philipp Gunz, CC BY-NC-ND 4.0<\/em><\/p><\/div>\n<p>Um das Wachstumsmuster und die Organisation des Gehirns bei <i>Australopithecus afarensis<\/i> besser zu verstehen, haben die Forscher den fossilen Sch\u00e4del des Dikika-Kindes und sieben weitere gut erhaltene fossile Sch\u00e4del aus \u00c4thiopien mit hochaufl\u00f6sender Computertomographie untersucht. Gehirne versteinern zwar nicht, aber das Gehirn hinterl\u00e4sst einen Abdruck im kn\u00f6chernen Sch\u00e4del, w\u00e4hrend es sich im Laufe der Kindesentwicklung ausdehnt. Basierend auf Abg\u00fcssen des inneren Sch\u00e4dels konnten die Leipziger Forscher das Gehirnvolumen sch\u00e4tzen, und aus den sichtbaren Gehirnwindungen wichtige Aspekte der Gehirnorganisation ableiten.<\/p>\n<p>\u00c4hnlich wie die Wachstumsringe eines Baumes zeigen Z\u00e4hne Wachstumslinien, die den inneren Rhythmus des K\u00f6rpers widerspiegeln. Mithilfe der Synchrotron-Mikrotomographie haben die Forscher am Europ\u00e4ischen Synchrotron (ESRF) in Grenoble, Frankreich, das Sterbealter des Dikika-Kindes ermittelt: Den Ergebnissen zufolge wurde es nur 2,4 Jahre alt (861 Tage).<\/p>\n<p>Entgegen fr\u00fcheren Annahmen weisen die Gehirnabr\u00fccke von <i>Australopithecus afarensis<\/i> auf eine affen\u00e4hnliche Gehirnorganisation hin, und zeigen keine menschen\u00e4hnlichen Merkmale. Vergleicht man jedoch das Gehirnvolumen von S\u00e4uglingen mit dem von Erwachsenen zeigt sich, dass das Gehirn bei <i>Australopithecus afarensis<\/i> lange w\u00e4chst, so wie beim Menschen. Dieses lange Gehirnwachstum war vermutlich wichtig f\u00fcr die Evolution der langen Kindesentwicklung bei Homininen.<\/p>\n<h4><strong>Unterschiede in der Gehirnorganisation<\/strong><\/h4>\n<div id=\"attachment_1082143\" class=\"wp-caption aligncenter\"><img loading=\"lazy\" decoding=\"async\" aria-describedby=\"caption-attachment-1082143\" class=\"wp-image-1082143\" src=\"https:\/\/www.pressenza.com\/wp-content\/uploads\/2020\/04\/lucy_grafik3-720x836.jpg\" alt=\"Lucy hatte ein affen\u00e4hnliches Gehirn\" width=\"722\" height=\"838\" srcset=\"https:\/\/www.pressenza.com\/wp-content\/uploads\/2020\/04\/lucy_grafik3-720x836.jpg 720w, https:\/\/www.pressenza.com\/wp-content\/uploads\/2020\/04\/lucy_grafik3-258x300.jpg 258w, https:\/\/www.pressenza.com\/wp-content\/uploads\/2020\/04\/lucy_grafik3-768x891.jpg 768w, https:\/\/www.pressenza.com\/wp-content\/uploads\/2020\/04\/lucy_grafik3-1323x1536.jpg 1323w, https:\/\/www.pressenza.com\/wp-content\/uploads\/2020\/04\/lucy_grafik3.jpg 1400w\" sizes=\"auto, (max-width: 722px) 100vw, 722px\" \/><p id=\"caption-attachment-1082143\" class=\"wp-caption-text\"><em>Abdruck im kn\u00f6chernen Sch\u00e4del, w\u00e4hrend es sich im Laufe der Kindesentwicklung ausdehnt. Der 3.3 Millionen Jahre alte Gehirnabdruck im fossilen Sch\u00e4del des Australopithecus afarensis Kindes aus Dikika (\u00c4thiopien) zeigt eine affen\u00e4hnliche Organisation der Gehirnwindungen. Foto: \u00a9 Philipp Gunz, CC BY-NC-ND 4.0<\/em><\/p><\/div>\n<p>Ein markanter Unterschied zwischen den Gehirnen von Menschenaffen und Menschen liegt in der Organisation des Scheitellappens und des Hinterhauptlappens. &#8222;Bei allen Affengehirnen liegt der prim\u00e4re visuelle Kortex am Rand einer gut sichtbaren halbmondf\u00f6rmigen Furche, dem <i>sulcus lunatus<\/i>&#8222;, erkl\u00e4rt Mitautorin Dean Falk von der Florida State University, eine Spezialistin f\u00fcr die Interpretation von Gehirnabdr\u00fccken. Bei Gehirnabdr\u00fccken moderner Menschen ist dieser <i>sulcus lunatus<\/i> nicht zu erkennen.<\/p>\n<p>Einige Forscher hatten zuvor argumentiert, strukturelle Ver\u00e4nderungen des Gehirns bei <i>Australopithecus<\/i> h\u00e4tten den <i>sulcus lunatus<\/i> im Laufe der Evolution weiter nach hinten verschoben. Eine solche Neuorganisation des Gehirns bei Australopithecus k\u00f6nnte mit der Entwicklung komplexer Verhaltensweisen (z. B. Werkzeugherstellung, Mentalisierungsf\u00e4higkeit, Kommunikation) in Verbindung stehen. Leider ist der <i>sulcus lunatus<\/i> auf den meisten fossilen Gehirnabdr\u00fccken nicht eindeutig zu erkennen. Bis jetzt herrschte daher \u00fcber viele Jahrzehnte keine Klarheit \u00fcber die Position des <i>sulcus lunatus<\/i> beim <i>Australopithecus<\/i>. Auf dem au\u00dfergew\u00f6hnlich gut erhaltenen Gehirnabdruck des Dikika-Kindes identifizierten die Leipziger Forscher einen eindeutigen Abdruck eines affen\u00e4hnlichen <i>sulcus lunatus<\/i>. Weiterhin zeigen die computertomographischen Daten einen zuvor unentdeckten affen\u00e4hnlichen <i>sulcus lunatus<\/i> in einem erwachsenen <i>Australopithecus<\/i> Fossil (A. L. 162-28 von der Fundstelle Hadar). Entgegen fr\u00fcheren Behauptungen fanden die Forscher bei keinem <i>Australopithecus afarensis<\/i> Fossil Hinweise auf eine menschen\u00e4hnliche Neuorganisation des Gehirns.<\/p>\n<p>&#8222;Nach sieben Jahren Arbeit hatten wir endlich alle Puzzleteile, um die Evolution des Gehirnwachstums zu untersuchen&#8220;, sagt Hauptautor Philipp Gunz: &#8222;Das Sterbealter des Dikika-Kindes und sein Gehirnvolumen und das der am besten erhaltenen erwachsenen Australopithecus afarensis Fossilien\u00a0sowie Vergleichsdaten von mehr als 1.600 modernen Menschen und Schimpansen.&#8220;<\/p>\n<h4><strong>Langes Gehirnwachstum<\/strong><\/h4>\n<p>Das Entwicklungstempo der Z\u00e4hne des Dikika-Kindes war weitgehend mit dem von Schimpansen vergleichbar und daher schneller als bei modernen Menschen. Weil aber die Gehirne von <i>Australopithecus afarensis<\/i> Erwachsenen etwa 20 Prozent gr\u00f6\u00dfer waren als die von Schimpansen, deutet das kleine Gehirnvolumen des Dikika-Kindes auf ein l\u00e4ngeres Gehirnwachstum als bei Schimpansen hin. &#8222;Selbst ein konservativer Vergleich des Dikika-Kindes mit kleinen Erwachsenen wie Lucy legt nahe, dass das Gehirnwachstum bei <i>Australopithecus afarensis<\/i> wie beim Menschen lange dauerte&#8220;, erkl\u00e4rt Simon Neubauer. &#8222;Unsere Daten zeigen, dass <i>Australopithecus afarensis<\/i> eine affen\u00e4hnliche Gehirnorganisation aufweist. Sie legen jedoch auch nahe, dass sich dieses Gehirn \u00fcber einen l\u00e4ngeren Zeitraum entwickelt hat als bei Schimpansen&#8220;, schlie\u00dft Philipp Gunz.<\/p>\n<p>Bei Primaten h\u00e4ngen das Wachstumsmuster und die F\u00fcrsorge-Strategie f\u00fcr die Jungtiere miteinander zusammen. Die verl\u00e4ngerte Wachstumsphase des Gehirns bei <i>Australopithecus afarensis<\/i> k\u00f6nnte also m\u00f6glicherweise auf eine lange Abh\u00e4ngigkeit der Kinder von den Eltern hindeuten. Alternativ k\u00f6nnte ein langes Gehirnwachstum auch in erster Linie eine Anpassung an Umweltbedingungen sein: Bei Nahrungsmangel w\u00fcrde der Energiebedarf abh\u00e4ngiger Nachkommen so \u00fcber viele Jahre verteilt. In beiden F\u00e4llen bildete das lange Gehirnwachstum bei <i>Australopithecus afarensis<\/i> eine Grundlage f\u00fcr die sp\u00e4tere Evolution des Gehirns und des Sozialverhaltens bei Homininen, und f\u00fcr die Evolution einer langen Kindheit. (<i><a title=\"https:\/\/www.mpg.de\/14624926\/0325-evan-019609-lucy-hatte-ein-affenaehnliches-gehirn?c=2191\" href=\"https:\/\/www.mpg.de\/14624926\/0325-evan-019609-lucy-hatte-ein-affenaehnliches-gehirn?c=2191\" target=\"_blank\" rel=\"noopener noreferrer\">PG\/HR\/mpg<\/a><\/i>)<\/p>\n","protected":false},"excerpt":{"rendered":"<p>Eine neue Studie der Pal\u00e4oanthropologen Philipp Gunz und Simon Neubauer vom Max-Planck-Institut f\u00fcr evolution\u00e4re Anthropologie in Leipzig enth\u00fcllt, dass Australopithecus afarensis ein affen\u00e4hnliches Gehirn hatte. Die ber\u00fchmte Lucy geh\u00f6rt dieser Urmenschenform an. Das lange Gehirnwachstum l\u00e4sst jedoch vermuten, dass die&hellip;<\/p>\n","protected":false},"author":1163,"featured_media":1082120,"comment_status":"closed","ping_status":"closed","sticky":false,"template":"","format":"standard","meta":{"footnotes":""},"categories":[9150,9169],"tags":[29847,73677,63506,71712,73676],"class_list":["post-1082117","post","type-post","status-publish","format-standard","has-post-thumbnail","hentry","category-europa-de","category-wissenschaft-und-technologie","tag-archaeologie","tag-australopithecus-de","tag-lucy","tag-menschheitsgeschichte","tag-palaeoanthropologie"],"yoast_head":"<!-- This site is optimized with the Yoast SEO plugin v27.1.1 - https:\/\/yoast.com\/product\/yoast-seo-wordpress\/ -->\n<title>Lucy hatte ein affen\u00e4hnliches Gehirn<\/title>\n<meta name=\"description\" content=\"Das lange Gehirnwachstum l\u00e4sst jedoch vermuten, dass die Kinder dieser Art so wie bei Menschen lange Zeit auf elterliche F\u00fcrsorge angewiesen waren.\" \/>\n<meta name=\"robots\" content=\"index, follow, max-snippet:-1, max-image-preview:large, max-video-preview:-1\" \/>\n<link rel=\"canonical\" href=\"https:\/\/www.pressenza.com\/de\/2020\/04\/lucy-hatte-ein-affenaehnliches-gehirn\/\" \/>\n<meta property=\"og:locale\" content=\"de_DE\" \/>\n<meta property=\"og:type\" content=\"article\" \/>\n<meta property=\"og:title\" content=\"Lucy hatte ein affen\u00e4hnliches Gehirn\" \/>\n<meta property=\"og:description\" content=\"Das lange Gehirnwachstum l\u00e4sst jedoch vermuten, dass die Kinder dieser Art so wie bei Menschen lange Zeit auf elterliche F\u00fcrsorge angewiesen waren.\" \/>\n<meta property=\"og:url\" content=\"https:\/\/www.pressenza.com\/de\/2020\/04\/lucy-hatte-ein-affenaehnliches-gehirn\/\" \/>\n<meta property=\"og:site_name\" content=\"Pressenza\" \/>\n<meta property=\"article:publisher\" content=\"https:\/\/www.facebook.com\/PressenzaItalia\" \/>\n<meta property=\"article:author\" content=\"https:\/\/www.facebook.com\/hpd.de\" \/>\n<meta property=\"article:published_time\" content=\"2020-04-11T11:50:58+00:00\" \/>\n<meta property=\"og:image\" content=\"https:\/\/www.pressenza.com\/wp-content\/uploads\/2020\/04\/lucy_grafik1.jpg.png\" \/>\n\t<meta property=\"og:image:width\" content=\"824\" \/>\n\t<meta property=\"og:image:height\" content=\"549\" \/>\n\t<meta property=\"og:image:type\" content=\"image\/png\" \/>\n<meta name=\"author\" content=\"Humanistischer Pressedienst\" \/>\n<meta name=\"twitter:card\" content=\"summary_large_image\" \/>\n<meta name=\"twitter:creator\" content=\"@hpdticker\" \/>\n<meta name=\"twitter:site\" content=\"@PressenzaIPA\" \/>\n<meta name=\"twitter:label1\" content=\"Verfasst von\" \/>\n\t<meta name=\"twitter:data1\" content=\"Humanistischer Pressedienst\" \/>\n\t<meta name=\"twitter:label2\" content=\"Gesch\u00e4tzte Lesezeit\" \/>\n\t<meta name=\"twitter:data2\" content=\"6\u00a0Minuten\" \/>\n<script type=\"application\/ld+json\" class=\"yoast-schema-graph\">{\"@context\":\"https:\/\/schema.org\",\"@graph\":[{\"@type\":\"Article\",\"@id\":\"https:\/\/www.pressenza.com\/de\/2020\/04\/lucy-hatte-ein-affenaehnliches-gehirn\/#article\",\"isPartOf\":{\"@id\":\"https:\/\/www.pressenza.com\/de\/2020\/04\/lucy-hatte-ein-affenaehnliches-gehirn\/\"},\"author\":{\"name\":\"Humanistischer Pressedienst\",\"@id\":\"https:\/\/www.pressenza.com\/de\/#\/schema\/person\/38b1bb4060cd67df380552dfe740ee1c\"},\"headline\":\"Lucy hatte ein affen\u00e4hnliches Gehirn\",\"datePublished\":\"2020-04-11T11:50:58+00:00\",\"mainEntityOfPage\":{\"@id\":\"https:\/\/www.pressenza.com\/de\/2020\/04\/lucy-hatte-ein-affenaehnliches-gehirn\/\"},\"wordCount\":1107,\"publisher\":{\"@id\":\"https:\/\/www.pressenza.com\/de\/#organization\"},\"image\":{\"@id\":\"https:\/\/www.pressenza.com\/de\/2020\/04\/lucy-hatte-ein-affenaehnliches-gehirn\/#primaryimage\"},\"thumbnailUrl\":\"https:\/\/www.pressenza.com\/wp-content\/uploads\/2020\/04\/lucy_grafik1.jpg.png\",\"keywords\":[\"Arch\u00e4ologie\",\"Australopithecus\",\"Lucy\",\"Menschheitsgeschichte\",\"Pal\u00e4oanthropologie\"],\"articleSection\":[\"Europa\",\"Wissenschaft und Technologie\"],\"inLanguage\":\"de\"},{\"@type\":\"WebPage\",\"@id\":\"https:\/\/www.pressenza.com\/de\/2020\/04\/lucy-hatte-ein-affenaehnliches-gehirn\/\",\"url\":\"https:\/\/www.pressenza.com\/de\/2020\/04\/lucy-hatte-ein-affenaehnliches-gehirn\/\",\"name\":\"Lucy hatte ein affen\u00e4hnliches Gehirn\",\"isPartOf\":{\"@id\":\"https:\/\/www.pressenza.com\/de\/#website\"},\"primaryImageOfPage\":{\"@id\":\"https:\/\/www.pressenza.com\/de\/2020\/04\/lucy-hatte-ein-affenaehnliches-gehirn\/#primaryimage\"},\"image\":{\"@id\":\"https:\/\/www.pressenza.com\/de\/2020\/04\/lucy-hatte-ein-affenaehnliches-gehirn\/#primaryimage\"},\"thumbnailUrl\":\"https:\/\/www.pressenza.com\/wp-content\/uploads\/2020\/04\/lucy_grafik1.jpg.png\",\"datePublished\":\"2020-04-11T11:50:58+00:00\",\"description\":\"Das lange Gehirnwachstum l\u00e4sst jedoch vermuten, dass die Kinder dieser Art so wie bei Menschen lange Zeit auf elterliche F\u00fcrsorge angewiesen waren.\",\"breadcrumb\":{\"@id\":\"https:\/\/www.pressenza.com\/de\/2020\/04\/lucy-hatte-ein-affenaehnliches-gehirn\/#breadcrumb\"},\"inLanguage\":\"de\",\"potentialAction\":[{\"@type\":\"ReadAction\",\"target\":[\"https:\/\/www.pressenza.com\/de\/2020\/04\/lucy-hatte-ein-affenaehnliches-gehirn\/\"]}]},{\"@type\":\"ImageObject\",\"inLanguage\":\"de\",\"@id\":\"https:\/\/www.pressenza.com\/de\/2020\/04\/lucy-hatte-ein-affenaehnliches-gehirn\/#primaryimage\",\"url\":\"https:\/\/www.pressenza.com\/wp-content\/uploads\/2020\/04\/lucy_grafik1.jpg.png\",\"contentUrl\":\"https:\/\/www.pressenza.com\/wp-content\/uploads\/2020\/04\/lucy_grafik1.jpg.png\",\"width\":824,\"height\":549,\"caption\":\"Lucy hatte ein affen\u00e4hnliches Gehirn\"},{\"@type\":\"BreadcrumbList\",\"@id\":\"https:\/\/www.pressenza.com\/de\/2020\/04\/lucy-hatte-ein-affenaehnliches-gehirn\/#breadcrumb\",\"itemListElement\":[{\"@type\":\"ListItem\",\"position\":1,\"name\":\"Accueil\",\"item\":\"https:\/\/www.pressenza.com\/de\/\"},{\"@type\":\"ListItem\",\"position\":2,\"name\":\"Lucy hatte ein affen\u00e4hnliches Gehirn\"}]},{\"@type\":\"WebSite\",\"@id\":\"https:\/\/www.pressenza.com\/de\/#website\",\"url\":\"https:\/\/www.pressenza.com\/de\/\",\"name\":\"Pressenza\",\"description\":\"International Press Agency\",\"publisher\":{\"@id\":\"https:\/\/www.pressenza.com\/de\/#organization\"},\"potentialAction\":[{\"@type\":\"SearchAction\",\"target\":{\"@type\":\"EntryPoint\",\"urlTemplate\":\"https:\/\/www.pressenza.com\/de\/?s={search_term_string}\"},\"query-input\":{\"@type\":\"PropertyValueSpecification\",\"valueRequired\":true,\"valueName\":\"search_term_string\"}}],\"inLanguage\":\"de\"},{\"@type\":\"Organization\",\"@id\":\"https:\/\/www.pressenza.com\/de\/#organization\",\"name\":\"Pressenza\",\"url\":\"https:\/\/www.pressenza.com\/de\/\",\"logo\":{\"@type\":\"ImageObject\",\"inLanguage\":\"de\",\"@id\":\"https:\/\/www.pressenza.com\/de\/#\/schema\/logo\/image\/\",\"url\":\"https:\/\/www.pressenza.com\/wp-content\/uploads\/2022\/10\/pressenza_logo_200x200.jpg\",\"contentUrl\":\"https:\/\/www.pressenza.com\/wp-content\/uploads\/2022\/10\/pressenza_logo_200x200.jpg\",\"width\":200,\"height\":200,\"caption\":\"Pressenza\"},\"image\":{\"@id\":\"https:\/\/www.pressenza.com\/de\/#\/schema\/logo\/image\/\"},\"sameAs\":[\"https:\/\/www.facebook.com\/PressenzaItalia\",\"https:\/\/x.com\/PressenzaIPA\"]},{\"@type\":\"Person\",\"@id\":\"https:\/\/www.pressenza.com\/de\/#\/schema\/person\/38b1bb4060cd67df380552dfe740ee1c\",\"name\":\"Humanistischer Pressedienst\",\"description\":\"Der Humanistische Pressedienst (hpd) pr\u00e4sentiert aufkl\u00e4rerische, humanistische und freigeistige Positionen zu aktuellen Ereignissen. Das Internetportal will konfessionsfreien Menschen \u2013 in Deutschland ein Drittel der Bev\u00f6lkerung \u2013 eine Stimme geben. Der hpd versteht sich als Plattform f\u00fcr das breite Spektrum s\u00e4kularer Bestrebungen, mit deren Akteuren er bestens vernetzt ist und zu deren Meinungsbildung er beitragen m\u00f6chte. Artikel des Humanistischen Pressdienst auf Pressenza fallen nicht unter die Creative-Commons-Lizenz und d\u00fcrfen nur mit ausdr\u00fccklicher Zustimmung der Redaktion von hpd.de \u00fcbernommen werden.\",\"sameAs\":[\"https:\/\/www.facebook.com\/hpd.de\",\"https:\/\/x.com\/hpdticker\"],\"url\":\"https:\/\/www.pressenza.com\/de\/author\/humanistischer-pressedienst\/\"}]}<\/script>\n<!-- \/ Yoast SEO plugin. -->","yoast_head_json":{"title":"Lucy hatte ein affen\u00e4hnliches Gehirn","description":"Das lange Gehirnwachstum l\u00e4sst jedoch vermuten, dass die Kinder dieser Art so wie bei Menschen lange Zeit auf elterliche F\u00fcrsorge angewiesen waren.","robots":{"index":"index","follow":"follow","max-snippet":"max-snippet:-1","max-image-preview":"max-image-preview:large","max-video-preview":"max-video-preview:-1"},"canonical":"https:\/\/www.pressenza.com\/de\/2020\/04\/lucy-hatte-ein-affenaehnliches-gehirn\/","og_locale":"de_DE","og_type":"article","og_title":"Lucy hatte ein affen\u00e4hnliches Gehirn","og_description":"Das lange Gehirnwachstum l\u00e4sst jedoch vermuten, dass die Kinder dieser Art so wie bei Menschen lange Zeit auf elterliche F\u00fcrsorge angewiesen waren.","og_url":"https:\/\/www.pressenza.com\/de\/2020\/04\/lucy-hatte-ein-affenaehnliches-gehirn\/","og_site_name":"Pressenza","article_publisher":"https:\/\/www.facebook.com\/PressenzaItalia","article_author":"https:\/\/www.facebook.com\/hpd.de","article_published_time":"2020-04-11T11:50:58+00:00","og_image":[{"width":824,"height":549,"url":"https:\/\/www.pressenza.com\/wp-content\/uploads\/2020\/04\/lucy_grafik1.jpg.png","type":"image\/png"}],"author":"Humanistischer Pressedienst","twitter_card":"summary_large_image","twitter_creator":"@hpdticker","twitter_site":"@PressenzaIPA","twitter_misc":{"Verfasst von":"Humanistischer Pressedienst","Gesch\u00e4tzte Lesezeit":"6\u00a0Minuten"},"schema":{"@context":"https:\/\/schema.org","@graph":[{"@type":"Article","@id":"https:\/\/www.pressenza.com\/de\/2020\/04\/lucy-hatte-ein-affenaehnliches-gehirn\/#article","isPartOf":{"@id":"https:\/\/www.pressenza.com\/de\/2020\/04\/lucy-hatte-ein-affenaehnliches-gehirn\/"},"author":{"name":"Humanistischer Pressedienst","@id":"https:\/\/www.pressenza.com\/de\/#\/schema\/person\/38b1bb4060cd67df380552dfe740ee1c"},"headline":"Lucy hatte ein affen\u00e4hnliches Gehirn","datePublished":"2020-04-11T11:50:58+00:00","mainEntityOfPage":{"@id":"https:\/\/www.pressenza.com\/de\/2020\/04\/lucy-hatte-ein-affenaehnliches-gehirn\/"},"wordCount":1107,"publisher":{"@id":"https:\/\/www.pressenza.com\/de\/#organization"},"image":{"@id":"https:\/\/www.pressenza.com\/de\/2020\/04\/lucy-hatte-ein-affenaehnliches-gehirn\/#primaryimage"},"thumbnailUrl":"https:\/\/www.pressenza.com\/wp-content\/uploads\/2020\/04\/lucy_grafik1.jpg.png","keywords":["Arch\u00e4ologie","Australopithecus","Lucy","Menschheitsgeschichte","Pal\u00e4oanthropologie"],"articleSection":["Europa","Wissenschaft und Technologie"],"inLanguage":"de"},{"@type":"WebPage","@id":"https:\/\/www.pressenza.com\/de\/2020\/04\/lucy-hatte-ein-affenaehnliches-gehirn\/","url":"https:\/\/www.pressenza.com\/de\/2020\/04\/lucy-hatte-ein-affenaehnliches-gehirn\/","name":"Lucy hatte ein affen\u00e4hnliches Gehirn","isPartOf":{"@id":"https:\/\/www.pressenza.com\/de\/#website"},"primaryImageOfPage":{"@id":"https:\/\/www.pressenza.com\/de\/2020\/04\/lucy-hatte-ein-affenaehnliches-gehirn\/#primaryimage"},"image":{"@id":"https:\/\/www.pressenza.com\/de\/2020\/04\/lucy-hatte-ein-affenaehnliches-gehirn\/#primaryimage"},"thumbnailUrl":"https:\/\/www.pressenza.com\/wp-content\/uploads\/2020\/04\/lucy_grafik1.jpg.png","datePublished":"2020-04-11T11:50:58+00:00","description":"Das lange Gehirnwachstum l\u00e4sst jedoch vermuten, dass die Kinder dieser Art so wie bei Menschen lange Zeit auf elterliche F\u00fcrsorge angewiesen waren.","breadcrumb":{"@id":"https:\/\/www.pressenza.com\/de\/2020\/04\/lucy-hatte-ein-affenaehnliches-gehirn\/#breadcrumb"},"inLanguage":"de","potentialAction":[{"@type":"ReadAction","target":["https:\/\/www.pressenza.com\/de\/2020\/04\/lucy-hatte-ein-affenaehnliches-gehirn\/"]}]},{"@type":"ImageObject","inLanguage":"de","@id":"https:\/\/www.pressenza.com\/de\/2020\/04\/lucy-hatte-ein-affenaehnliches-gehirn\/#primaryimage","url":"https:\/\/www.pressenza.com\/wp-content\/uploads\/2020\/04\/lucy_grafik1.jpg.png","contentUrl":"https:\/\/www.pressenza.com\/wp-content\/uploads\/2020\/04\/lucy_grafik1.jpg.png","width":824,"height":549,"caption":"Lucy hatte ein affen\u00e4hnliches Gehirn"},{"@type":"BreadcrumbList","@id":"https:\/\/www.pressenza.com\/de\/2020\/04\/lucy-hatte-ein-affenaehnliches-gehirn\/#breadcrumb","itemListElement":[{"@type":"ListItem","position":1,"name":"Accueil","item":"https:\/\/www.pressenza.com\/de\/"},{"@type":"ListItem","position":2,"name":"Lucy hatte ein affen\u00e4hnliches Gehirn"}]},{"@type":"WebSite","@id":"https:\/\/www.pressenza.com\/de\/#website","url":"https:\/\/www.pressenza.com\/de\/","name":"Pressenza","description":"International Press Agency","publisher":{"@id":"https:\/\/www.pressenza.com\/de\/#organization"},"potentialAction":[{"@type":"SearchAction","target":{"@type":"EntryPoint","urlTemplate":"https:\/\/www.pressenza.com\/de\/?s={search_term_string}"},"query-input":{"@type":"PropertyValueSpecification","valueRequired":true,"valueName":"search_term_string"}}],"inLanguage":"de"},{"@type":"Organization","@id":"https:\/\/www.pressenza.com\/de\/#organization","name":"Pressenza","url":"https:\/\/www.pressenza.com\/de\/","logo":{"@type":"ImageObject","inLanguage":"de","@id":"https:\/\/www.pressenza.com\/de\/#\/schema\/logo\/image\/","url":"https:\/\/www.pressenza.com\/wp-content\/uploads\/2022\/10\/pressenza_logo_200x200.jpg","contentUrl":"https:\/\/www.pressenza.com\/wp-content\/uploads\/2022\/10\/pressenza_logo_200x200.jpg","width":200,"height":200,"caption":"Pressenza"},"image":{"@id":"https:\/\/www.pressenza.com\/de\/#\/schema\/logo\/image\/"},"sameAs":["https:\/\/www.facebook.com\/PressenzaItalia","https:\/\/x.com\/PressenzaIPA"]},{"@type":"Person","@id":"https:\/\/www.pressenza.com\/de\/#\/schema\/person\/38b1bb4060cd67df380552dfe740ee1c","name":"Humanistischer Pressedienst","description":"Der Humanistische Pressedienst (hpd) pr\u00e4sentiert aufkl\u00e4rerische, humanistische und freigeistige Positionen zu aktuellen Ereignissen. Das Internetportal will konfessionsfreien Menschen \u2013 in Deutschland ein Drittel der Bev\u00f6lkerung \u2013 eine Stimme geben. Der hpd versteht sich als Plattform f\u00fcr das breite Spektrum s\u00e4kularer Bestrebungen, mit deren Akteuren er bestens vernetzt ist und zu deren Meinungsbildung er beitragen m\u00f6chte. Artikel des Humanistischen Pressdienst auf Pressenza fallen nicht unter die Creative-Commons-Lizenz und d\u00fcrfen nur mit ausdr\u00fccklicher Zustimmung der Redaktion von hpd.de \u00fcbernommen werden.","sameAs":["https:\/\/www.facebook.com\/hpd.de","https:\/\/x.com\/hpdticker"],"url":"https:\/\/www.pressenza.com\/de\/author\/humanistischer-pressedienst\/"}]}},"place":"","original_article_url":"https:\/\/hpd.de\/artikel\/lucy-hatte-affenaehnliches-gehirn-17913","_links":{"self":[{"href":"https:\/\/www.pressenza.com\/de\/wp-json\/wp\/v2\/posts\/1082117","targetHints":{"allow":["GET"]}}],"collection":[{"href":"https:\/\/www.pressenza.com\/de\/wp-json\/wp\/v2\/posts"}],"about":[{"href":"https:\/\/www.pressenza.com\/de\/wp-json\/wp\/v2\/types\/post"}],"author":[{"embeddable":true,"href":"https:\/\/www.pressenza.com\/de\/wp-json\/wp\/v2\/users\/1163"}],"replies":[{"embeddable":true,"href":"https:\/\/www.pressenza.com\/de\/wp-json\/wp\/v2\/comments?post=1082117"}],"version-history":[{"count":0,"href":"https:\/\/www.pressenza.com\/de\/wp-json\/wp\/v2\/posts\/1082117\/revisions"}],"wp:featuredmedia":[{"embeddable":true,"href":"https:\/\/www.pressenza.com\/de\/wp-json\/wp\/v2\/media\/1082120"}],"wp:attachment":[{"href":"https:\/\/www.pressenza.com\/de\/wp-json\/wp\/v2\/media?parent=1082117"}],"wp:term":[{"taxonomy":"category","embeddable":true,"href":"https:\/\/www.pressenza.com\/de\/wp-json\/wp\/v2\/categories?post=1082117"},{"taxonomy":"post_tag","embeddable":true,"href":"https:\/\/www.pressenza.com\/de\/wp-json\/wp\/v2\/tags?post=1082117"}],"curies":[{"name":"wp","href":"https:\/\/api.w.org\/{rel}","templated":true}]}}