{"id":1078751,"date":"2020-04-08T16:16:39","date_gmt":"2020-04-08T15:16:39","guid":{"rendered":"https:\/\/www.pressenza.com\/?p=1078751"},"modified":"2020-04-08T16:16:39","modified_gmt":"2020-04-08T15:16:39","slug":"in-der-krise-isolation-durch-ueberheblichkeit","status":"publish","type":"post","link":"https:\/\/www.pressenza.com\/de\/2020\/04\/in-der-krise-isolation-durch-ueberheblichkeit\/","title":{"rendered":"In der Krise: Isolation durch \u00dcberheblichkeit"},"content":{"rendered":"<p><strong>Menschen in Not, bedroht von einer gemeinsamen Gefahr, schlie\u00dfen sich trotz aller bestehenden Unterschiede, trotz unterschiedlicher Auffassungen, zusammen, um der Bedrohung zu trotzen. Daf\u00fcr existieren unz\u00e4hlige Beispiele in der Gattungsgeschichte und man sollte meinen, diese Erkenntnis k\u00f6nnte als anthropologische Konstante gelten. Umso erstaunter, best\u00fcrzter und zorniger kann man werden bei der Betrachtung dessen, was zum Teil stattfindet.<\/strong><\/p>\n<h4><strong>Helfer und Giftboten<\/strong><\/h4>\n<p>Nicht, dass nicht ein Hauch von Solidarit\u00e4t \u00fcber dem Land l\u00e4ge und die beschriebene Verhaltensweise wirkte. In der Nachbarschaft, zwischen einzelnen Institutionen, auf der Stra\u00dfe. Und nicht, dass es keine Beispiele daf\u00fcr g\u00e4be, wie es zwischenstaatlich zugehen sollte. Die Initiative aus Baden-W\u00fcrttemberg, die Krankenh\u00e4user f\u00fcr infizierte Els\u00e4sserinnen und Els\u00e4sser zu \u00f6ffnen und sie dort zu behandeln, ist eine solche.<\/p>\n<p><strong>Aber es gibt auch Giftboten, die zeigen, wie viel zur Ver\u00e4nderung ansteht. Und zwar sofort wie nach der Krise.<\/strong><\/p>\n<p>Die Macht der Nachrichtenorgane ist durch die massive Einschr\u00e4nkung der Bewegungsfreiheit und der teilweisen Kontaktsperre immens gewachsen. Ihnen k\u00e4me jetzt die Aufgabe zu, aufzukl\u00e4ren, Beispiele guten Handelns zu zeigen und an den Lehren aus dem zu arbeiten, was wir momentan erleben. Diese Erwartung wird jedoch leider kaum erf\u00fcllt.<\/p>\n<p>Es sind \u00fcberall, nur nicht bei den staatsmonopolistischen Nachrichtenagenturen, Informationen erh\u00e4ltlich \u00fcber gegenseitige Hilfe.\u00a0<a href=\"https:\/\/amerika21.de\/2020\/03\/238383\/corona-covid-19-kuba-china-italien-cuba\" target=\"_blank\" rel=\"noopener noreferrer\">Kubanische \u00c4rzte<\/a>\u00a0helfen mittlerweile in 37 L\u00e4ndern,\u00a0<a href=\"https:\/\/www.nau.ch\/news\/europa\/russland-schickt-italien-hilfe-im-kampf-gegen-coronavirus-65682381\" target=\"_blank\" rel=\"noopener noreferrer\">Russland<\/a>\u00a0liefert medizinische Hilfsg\u00fcter in L\u00e4nder der EU, und\u00a0<a href=\"https:\/\/www.blick.ch\/news\/ausland\/solidaritaet-in-der-coronavirus-krise-china-hilft-italien-mit-beatmungsgeraeten-und-experten-id15802242.html\" target=\"_blank\" rel=\"noopener noreferrer\">China<\/a>\u00a0ist mit \u00c4rzten und Instrumenten in Italien aktiv, sodass der italienische Au\u00dfenminister beteuerte, ohne China sei Italien bereits kollabiert. Derartige Aktionen positiv zu konnotieren, scheint nicht mehr m\u00f6glich zu sein. Es ist, von der Seele gesprochen, besch\u00e4mend.<\/p>\n<h4><strong>Die \u00dcberheblichkeit<\/strong><\/h4>\n<p>Die Frage, die sich aufdr\u00e4ngt, ist die, was an konkreter Kooperation innerhalb der EU geschieht und was die EU an au\u00dfereurop\u00e4ischer Hilfe leistet. So, wie es aussieht, gibt es da nicht viel zu berichten. Was aber zu erw\u00e4hnen gilt, ist die unglaubliche Haltung der Weltgesundheitsorganisation (WHO) gegen\u00fcber\u00a0<a href=\"https:\/\/neue-debatte.com\/2019\/05\/30\/venezuela-im-zangengriff-des-imperiums\/\" target=\"_blank\" rel=\"noopener noreferrer\">Venezuela<\/a>. Weil, so die Verlautbarung, die Regierung\u00a0<a href=\"https:\/\/amerika21.de\/tag\/nicolas-maduro\" target=\"_blank\" rel=\"noopener noreferrer\">Maduro<\/a>\u00a0nicht als die rechtm\u00e4\u00dfige anerkannt w\u00fcrde, k\u00f6nnten keine Hilfsgelder angewiesen werden.<\/p>\n<p><strong>Noch ist der Putschversuch in Erinnerung, der nun dazu dient, die Rechtm\u00e4\u00dfigkeit anzuzweifeln. Und unabh\u00e4ngig davon: Sollen die Menschen dort auf den Stra\u00dfen verrecken, weil das eigene ideologische Konzept sich nicht durchgesetzt hat?<\/strong><\/p>\n<p>EU wie UNO sind, bei der Betrachtung der Lage, keine gro\u00dfe Hilfe. Ganz im Gegenteil, auch sie unterstreichen, dass es an der Zeit ist, radikale Ver\u00e4nderungen anzustreben. Was an bestimmten Akteuren als Erkenntnis spurlos vor\u00fcbergeht und sie daher obsolet macht!<\/p>\n<p>Was sich das\u00a0<em>heute journal<\/em>\u00a0mit dem Auslandsreporter\u00a0<a href=\"https:\/\/presseportal.zdf.de\/biografie\/Person\/ulf-roeller\/\" target=\"_blank\" rel=\"noopener noreferrer\">Ulf R\u00f6ller<\/a>\u00a0seit Jahren leistet, wird durch die gegenw\u00e4rtige Krise noch dramatischer. Aus den USA hat er exklusiv berichtet und nichts zur Erkl\u00e4rung der dortigen Verh\u00e4ltnisse beigetragen. Nun liefert er, als Kritiker der kommunistischen Propaganda, die es gibt, kein Zweifel, im gleichen Modus seine Herablassung und H\u00e4me aus China. Solche Beitr\u00e4ge tragen weder zur Aufkl\u00e4rung bei noch zeichnen sie ein sympathisches Bild des Landes, f\u00fcr das er berichtet.<\/p>\n<h4><strong>The Fool on the Hill!<\/strong><\/h4>\n<p>Allen, die jetzt vielleicht die Zeit haben, sich mit dem Weltgeschehen intensiver auseinanderzusetzen, sei geraten, dieses zu tun. Es wird schnell deutlich werden, wie vergiftet dieses Land ist von Hetzern, die \u00fcberall sind. Und wie \u00fcberheblich dieses kleine Deutschland agiert, wenn es sich in der Welt bewegt. F\u00e4llt nicht auf, dass zwar immer an allen L\u00e4ndern, die einen anderen Weg eingeschlagen haben als wir, herablassend herumgem\u00e4kelt wird? Und, mal ganz ehrlich, mit wem ist dieser Oberlehrer eigentlich noch befreundet? Fool on the Hill!<\/p>\n","protected":false},"excerpt":{"rendered":"<p>Menschen in Not, bedroht von einer gemeinsamen Gefahr, schlie\u00dfen sich trotz aller bestehenden Unterschiede, trotz unterschiedlicher Auffassungen, zusammen, um der Bedrohung zu trotzen. Daf\u00fcr existieren unz\u00e4hlige Beispiele in der Gattungsgeschichte und man sollte meinen, diese Erkenntnis k\u00f6nnte als anthropologische Konstante&hellip;<\/p>\n","protected":false},"author":1342,"featured_media":1078818,"comment_status":"closed","ping_status":"closed","sticky":false,"template":"","format":"standard","meta":{"footnotes":""},"categories":[9150,9160,9143],"tags":[72725,71680,11669],"class_list":["post-1078751","post","type-post","status-publish","format-standard","has-post-thumbnail","hentry","category-europa-de","category-gesundheit","category-meinungen","tag-coronakrise","tag-coronavirus-de","tag-mainstream-medien"],"yoast_head":"<!-- This site is optimized with the Yoast SEO plugin v27.1.1 - https:\/\/yoast.com\/product\/yoast-seo-wordpress\/ -->\n<title>In der Krise: Isolation durch \u00dcberheblichkeit<\/title>\n<meta name=\"description\" content=\"Menschen in Not, bedroht von einer gemeinsamen Gefahr, schlie\u00dfen sich trotz aller bestehenden Unterschiede, trotz unterschiedlicher Auffassungen, zusammen, um der Bedrohung zu trotzen.\" \/>\n<meta name=\"robots\" content=\"index, follow, max-snippet:-1, max-image-preview:large, max-video-preview:-1\" \/>\n<link rel=\"canonical\" href=\"https:\/\/www.pressenza.com\/de\/2020\/04\/in-der-krise-isolation-durch-ueberheblichkeit\/\" \/>\n<meta property=\"og:locale\" content=\"de_DE\" \/>\n<meta property=\"og:type\" content=\"article\" \/>\n<meta property=\"og:title\" content=\"In der Krise: Isolation durch \u00dcberheblichkeit\" \/>\n<meta property=\"og:description\" content=\"Menschen in Not, bedroht von einer gemeinsamen Gefahr, schlie\u00dfen sich trotz aller bestehenden Unterschiede, trotz unterschiedlicher Auffassungen, zusammen, um der Bedrohung zu trotzen.\" \/>\n<meta property=\"og:url\" content=\"https:\/\/www.pressenza.com\/de\/2020\/04\/in-der-krise-isolation-durch-ueberheblichkeit\/\" \/>\n<meta property=\"og:site_name\" content=\"Pressenza\" \/>\n<meta property=\"article:publisher\" content=\"https:\/\/www.facebook.com\/PressenzaItalia\" \/>\n<meta property=\"article:published_time\" content=\"2020-04-08T15:16:39+00:00\" \/>\n<meta property=\"og:image\" content=\"https:\/\/www.pressenza.com\/wp-content\/uploads\/2020\/04\/coronavirus-4937226_1280.jpg\" \/>\n\t<meta property=\"og:image:width\" content=\"1280\" \/>\n\t<meta property=\"og:image:height\" content=\"860\" \/>\n\t<meta property=\"og:image:type\" content=\"image\/jpeg\" \/>\n<meta name=\"author\" content=\"Neue Debatte\" \/>\n<meta name=\"twitter:card\" content=\"summary_large_image\" \/>\n<meta name=\"twitter:creator\" content=\"@PressenzaIPA\" \/>\n<meta name=\"twitter:site\" content=\"@PressenzaIPA\" \/>\n<meta name=\"twitter:label1\" content=\"Verfasst von\" \/>\n\t<meta name=\"twitter:data1\" content=\"Neue Debatte\" \/>\n\t<meta name=\"twitter:label2\" content=\"Gesch\u00e4tzte Lesezeit\" \/>\n\t<meta name=\"twitter:data2\" content=\"3\u00a0Minuten\" \/>\n<script type=\"application\/ld+json\" class=\"yoast-schema-graph\">{\"@context\":\"https:\/\/schema.org\",\"@graph\":[{\"@type\":\"Article\",\"@id\":\"https:\/\/www.pressenza.com\/de\/2020\/04\/in-der-krise-isolation-durch-ueberheblichkeit\/#article\",\"isPartOf\":{\"@id\":\"https:\/\/www.pressenza.com\/de\/2020\/04\/in-der-krise-isolation-durch-ueberheblichkeit\/\"},\"author\":{\"name\":\"Neue Debatte\",\"@id\":\"https:\/\/www.pressenza.com\/de\/#\/schema\/person\/b816344ee166a2736c48a20c4b9ad2a9\"},\"headline\":\"In der Krise: Isolation durch \u00dcberheblichkeit\",\"datePublished\":\"2020-04-08T15:16:39+00:00\",\"mainEntityOfPage\":{\"@id\":\"https:\/\/www.pressenza.com\/de\/2020\/04\/in-der-krise-isolation-durch-ueberheblichkeit\/\"},\"wordCount\":616,\"publisher\":{\"@id\":\"https:\/\/www.pressenza.com\/de\/#organization\"},\"image\":{\"@id\":\"https:\/\/www.pressenza.com\/de\/2020\/04\/in-der-krise-isolation-durch-ueberheblichkeit\/#primaryimage\"},\"thumbnailUrl\":\"https:\/\/www.pressenza.com\/wp-content\/uploads\/2020\/04\/coronavirus-4937226_1280.jpg\",\"keywords\":[\"Coronakrise\",\"coronavirus\",\"Mainstream Medien\"],\"articleSection\":[\"Europa\",\"Gesundheit\",\"Meinungen\"],\"inLanguage\":\"de\"},{\"@type\":\"WebPage\",\"@id\":\"https:\/\/www.pressenza.com\/de\/2020\/04\/in-der-krise-isolation-durch-ueberheblichkeit\/\",\"url\":\"https:\/\/www.pressenza.com\/de\/2020\/04\/in-der-krise-isolation-durch-ueberheblichkeit\/\",\"name\":\"In der Krise: Isolation durch \u00dcberheblichkeit\",\"isPartOf\":{\"@id\":\"https:\/\/www.pressenza.com\/de\/#website\"},\"primaryImageOfPage\":{\"@id\":\"https:\/\/www.pressenza.com\/de\/2020\/04\/in-der-krise-isolation-durch-ueberheblichkeit\/#primaryimage\"},\"image\":{\"@id\":\"https:\/\/www.pressenza.com\/de\/2020\/04\/in-der-krise-isolation-durch-ueberheblichkeit\/#primaryimage\"},\"thumbnailUrl\":\"https:\/\/www.pressenza.com\/wp-content\/uploads\/2020\/04\/coronavirus-4937226_1280.jpg\",\"datePublished\":\"2020-04-08T15:16:39+00:00\",\"description\":\"Menschen in Not, bedroht von einer gemeinsamen Gefahr, schlie\u00dfen sich trotz aller bestehenden Unterschiede, trotz unterschiedlicher Auffassungen, zusammen, um der Bedrohung zu trotzen.\",\"breadcrumb\":{\"@id\":\"https:\/\/www.pressenza.com\/de\/2020\/04\/in-der-krise-isolation-durch-ueberheblichkeit\/#breadcrumb\"},\"inLanguage\":\"de\",\"potentialAction\":[{\"@type\":\"ReadAction\",\"target\":[\"https:\/\/www.pressenza.com\/de\/2020\/04\/in-der-krise-isolation-durch-ueberheblichkeit\/\"]}]},{\"@type\":\"ImageObject\",\"inLanguage\":\"de\",\"@id\":\"https:\/\/www.pressenza.com\/de\/2020\/04\/in-der-krise-isolation-durch-ueberheblichkeit\/#primaryimage\",\"url\":\"https:\/\/www.pressenza.com\/wp-content\/uploads\/2020\/04\/coronavirus-4937226_1280.jpg\",\"contentUrl\":\"https:\/\/www.pressenza.com\/wp-content\/uploads\/2020\/04\/coronavirus-4937226_1280.jpg\",\"width\":1280,\"height\":860,\"caption\":\"In der Krise: Isolation durch \u00dcberheblichkeit\"},{\"@type\":\"BreadcrumbList\",\"@id\":\"https:\/\/www.pressenza.com\/de\/2020\/04\/in-der-krise-isolation-durch-ueberheblichkeit\/#breadcrumb\",\"itemListElement\":[{\"@type\":\"ListItem\",\"position\":1,\"name\":\"Accueil\",\"item\":\"https:\/\/www.pressenza.com\/de\/\"},{\"@type\":\"ListItem\",\"position\":2,\"name\":\"In der Krise: Isolation durch \u00dcberheblichkeit\"}]},{\"@type\":\"WebSite\",\"@id\":\"https:\/\/www.pressenza.com\/de\/#website\",\"url\":\"https:\/\/www.pressenza.com\/de\/\",\"name\":\"Pressenza\",\"description\":\"International Press Agency\",\"publisher\":{\"@id\":\"https:\/\/www.pressenza.com\/de\/#organization\"},\"potentialAction\":[{\"@type\":\"SearchAction\",\"target\":{\"@type\":\"EntryPoint\",\"urlTemplate\":\"https:\/\/www.pressenza.com\/de\/?s={search_term_string}\"},\"query-input\":{\"@type\":\"PropertyValueSpecification\",\"valueRequired\":true,\"valueName\":\"search_term_string\"}}],\"inLanguage\":\"de\"},{\"@type\":\"Organization\",\"@id\":\"https:\/\/www.pressenza.com\/de\/#organization\",\"name\":\"Pressenza\",\"url\":\"https:\/\/www.pressenza.com\/de\/\",\"logo\":{\"@type\":\"ImageObject\",\"inLanguage\":\"de\",\"@id\":\"https:\/\/www.pressenza.com\/de\/#\/schema\/logo\/image\/\",\"url\":\"https:\/\/www.pressenza.com\/wp-content\/uploads\/2022\/10\/pressenza_logo_200x200.jpg\",\"contentUrl\":\"https:\/\/www.pressenza.com\/wp-content\/uploads\/2022\/10\/pressenza_logo_200x200.jpg\",\"width\":200,\"height\":200,\"caption\":\"Pressenza\"},\"image\":{\"@id\":\"https:\/\/www.pressenza.com\/de\/#\/schema\/logo\/image\/\"},\"sameAs\":[\"https:\/\/www.facebook.com\/PressenzaItalia\",\"https:\/\/x.com\/PressenzaIPA\"]},{\"@type\":\"Person\",\"@id\":\"https:\/\/www.pressenza.com\/de\/#\/schema\/person\/b816344ee166a2736c48a20c4b9ad2a9\",\"name\":\"Neue Debatte\",\"description\":\"Magazin f\u00fcr Menschen, Kultur und Gesellschaft www.neue-debatte.de\",\"url\":\"https:\/\/www.pressenza.com\/de\/author\/neue-debatte\/\"}]}<\/script>\n<!-- \/ Yoast SEO plugin. -->","yoast_head_json":{"title":"In der Krise: Isolation durch \u00dcberheblichkeit","description":"Menschen in Not, bedroht von einer gemeinsamen Gefahr, schlie\u00dfen sich trotz aller bestehenden Unterschiede, trotz unterschiedlicher Auffassungen, zusammen, um der Bedrohung zu trotzen.","robots":{"index":"index","follow":"follow","max-snippet":"max-snippet:-1","max-image-preview":"max-image-preview:large","max-video-preview":"max-video-preview:-1"},"canonical":"https:\/\/www.pressenza.com\/de\/2020\/04\/in-der-krise-isolation-durch-ueberheblichkeit\/","og_locale":"de_DE","og_type":"article","og_title":"In der Krise: Isolation durch \u00dcberheblichkeit","og_description":"Menschen in Not, bedroht von einer gemeinsamen Gefahr, schlie\u00dfen sich trotz aller bestehenden Unterschiede, trotz unterschiedlicher Auffassungen, zusammen, um der Bedrohung zu trotzen.","og_url":"https:\/\/www.pressenza.com\/de\/2020\/04\/in-der-krise-isolation-durch-ueberheblichkeit\/","og_site_name":"Pressenza","article_publisher":"https:\/\/www.facebook.com\/PressenzaItalia","article_published_time":"2020-04-08T15:16:39+00:00","og_image":[{"width":1280,"height":860,"url":"https:\/\/www.pressenza.com\/wp-content\/uploads\/2020\/04\/coronavirus-4937226_1280.jpg","type":"image\/jpeg"}],"author":"Neue Debatte","twitter_card":"summary_large_image","twitter_creator":"@PressenzaIPA","twitter_site":"@PressenzaIPA","twitter_misc":{"Verfasst von":"Neue Debatte","Gesch\u00e4tzte Lesezeit":"3\u00a0Minuten"},"schema":{"@context":"https:\/\/schema.org","@graph":[{"@type":"Article","@id":"https:\/\/www.pressenza.com\/de\/2020\/04\/in-der-krise-isolation-durch-ueberheblichkeit\/#article","isPartOf":{"@id":"https:\/\/www.pressenza.com\/de\/2020\/04\/in-der-krise-isolation-durch-ueberheblichkeit\/"},"author":{"name":"Neue Debatte","@id":"https:\/\/www.pressenza.com\/de\/#\/schema\/person\/b816344ee166a2736c48a20c4b9ad2a9"},"headline":"In der Krise: Isolation durch \u00dcberheblichkeit","datePublished":"2020-04-08T15:16:39+00:00","mainEntityOfPage":{"@id":"https:\/\/www.pressenza.com\/de\/2020\/04\/in-der-krise-isolation-durch-ueberheblichkeit\/"},"wordCount":616,"publisher":{"@id":"https:\/\/www.pressenza.com\/de\/#organization"},"image":{"@id":"https:\/\/www.pressenza.com\/de\/2020\/04\/in-der-krise-isolation-durch-ueberheblichkeit\/#primaryimage"},"thumbnailUrl":"https:\/\/www.pressenza.com\/wp-content\/uploads\/2020\/04\/coronavirus-4937226_1280.jpg","keywords":["Coronakrise","coronavirus","Mainstream Medien"],"articleSection":["Europa","Gesundheit","Meinungen"],"inLanguage":"de"},{"@type":"WebPage","@id":"https:\/\/www.pressenza.com\/de\/2020\/04\/in-der-krise-isolation-durch-ueberheblichkeit\/","url":"https:\/\/www.pressenza.com\/de\/2020\/04\/in-der-krise-isolation-durch-ueberheblichkeit\/","name":"In der Krise: Isolation durch \u00dcberheblichkeit","isPartOf":{"@id":"https:\/\/www.pressenza.com\/de\/#website"},"primaryImageOfPage":{"@id":"https:\/\/www.pressenza.com\/de\/2020\/04\/in-der-krise-isolation-durch-ueberheblichkeit\/#primaryimage"},"image":{"@id":"https:\/\/www.pressenza.com\/de\/2020\/04\/in-der-krise-isolation-durch-ueberheblichkeit\/#primaryimage"},"thumbnailUrl":"https:\/\/www.pressenza.com\/wp-content\/uploads\/2020\/04\/coronavirus-4937226_1280.jpg","datePublished":"2020-04-08T15:16:39+00:00","description":"Menschen in Not, bedroht von einer gemeinsamen Gefahr, schlie\u00dfen sich trotz aller bestehenden Unterschiede, trotz unterschiedlicher Auffassungen, zusammen, um der Bedrohung zu trotzen.","breadcrumb":{"@id":"https:\/\/www.pressenza.com\/de\/2020\/04\/in-der-krise-isolation-durch-ueberheblichkeit\/#breadcrumb"},"inLanguage":"de","potentialAction":[{"@type":"ReadAction","target":["https:\/\/www.pressenza.com\/de\/2020\/04\/in-der-krise-isolation-durch-ueberheblichkeit\/"]}]},{"@type":"ImageObject","inLanguage":"de","@id":"https:\/\/www.pressenza.com\/de\/2020\/04\/in-der-krise-isolation-durch-ueberheblichkeit\/#primaryimage","url":"https:\/\/www.pressenza.com\/wp-content\/uploads\/2020\/04\/coronavirus-4937226_1280.jpg","contentUrl":"https:\/\/www.pressenza.com\/wp-content\/uploads\/2020\/04\/coronavirus-4937226_1280.jpg","width":1280,"height":860,"caption":"In der Krise: Isolation durch \u00dcberheblichkeit"},{"@type":"BreadcrumbList","@id":"https:\/\/www.pressenza.com\/de\/2020\/04\/in-der-krise-isolation-durch-ueberheblichkeit\/#breadcrumb","itemListElement":[{"@type":"ListItem","position":1,"name":"Accueil","item":"https:\/\/www.pressenza.com\/de\/"},{"@type":"ListItem","position":2,"name":"In der Krise: Isolation durch \u00dcberheblichkeit"}]},{"@type":"WebSite","@id":"https:\/\/www.pressenza.com\/de\/#website","url":"https:\/\/www.pressenza.com\/de\/","name":"Pressenza","description":"International Press Agency","publisher":{"@id":"https:\/\/www.pressenza.com\/de\/#organization"},"potentialAction":[{"@type":"SearchAction","target":{"@type":"EntryPoint","urlTemplate":"https:\/\/www.pressenza.com\/de\/?s={search_term_string}"},"query-input":{"@type":"PropertyValueSpecification","valueRequired":true,"valueName":"search_term_string"}}],"inLanguage":"de"},{"@type":"Organization","@id":"https:\/\/www.pressenza.com\/de\/#organization","name":"Pressenza","url":"https:\/\/www.pressenza.com\/de\/","logo":{"@type":"ImageObject","inLanguage":"de","@id":"https:\/\/www.pressenza.com\/de\/#\/schema\/logo\/image\/","url":"https:\/\/www.pressenza.com\/wp-content\/uploads\/2022\/10\/pressenza_logo_200x200.jpg","contentUrl":"https:\/\/www.pressenza.com\/wp-content\/uploads\/2022\/10\/pressenza_logo_200x200.jpg","width":200,"height":200,"caption":"Pressenza"},"image":{"@id":"https:\/\/www.pressenza.com\/de\/#\/schema\/logo\/image\/"},"sameAs":["https:\/\/www.facebook.com\/PressenzaItalia","https:\/\/x.com\/PressenzaIPA"]},{"@type":"Person","@id":"https:\/\/www.pressenza.com\/de\/#\/schema\/person\/b816344ee166a2736c48a20c4b9ad2a9","name":"Neue Debatte","description":"Magazin f\u00fcr Menschen, Kultur und Gesellschaft www.neue-debatte.de","url":"https:\/\/www.pressenza.com\/de\/author\/neue-debatte\/"}]}},"place":"Gerhard Mersmann","original_article_url":"","_links":{"self":[{"href":"https:\/\/www.pressenza.com\/de\/wp-json\/wp\/v2\/posts\/1078751","targetHints":{"allow":["GET"]}}],"collection":[{"href":"https:\/\/www.pressenza.com\/de\/wp-json\/wp\/v2\/posts"}],"about":[{"href":"https:\/\/www.pressenza.com\/de\/wp-json\/wp\/v2\/types\/post"}],"author":[{"embeddable":true,"href":"https:\/\/www.pressenza.com\/de\/wp-json\/wp\/v2\/users\/1342"}],"replies":[{"embeddable":true,"href":"https:\/\/www.pressenza.com\/de\/wp-json\/wp\/v2\/comments?post=1078751"}],"version-history":[{"count":0,"href":"https:\/\/www.pressenza.com\/de\/wp-json\/wp\/v2\/posts\/1078751\/revisions"}],"wp:featuredmedia":[{"embeddable":true,"href":"https:\/\/www.pressenza.com\/de\/wp-json\/wp\/v2\/media\/1078818"}],"wp:attachment":[{"href":"https:\/\/www.pressenza.com\/de\/wp-json\/wp\/v2\/media?parent=1078751"}],"wp:term":[{"taxonomy":"category","embeddable":true,"href":"https:\/\/www.pressenza.com\/de\/wp-json\/wp\/v2\/categories?post=1078751"},{"taxonomy":"post_tag","embeddable":true,"href":"https:\/\/www.pressenza.com\/de\/wp-json\/wp\/v2\/tags?post=1078751"}],"curies":[{"name":"wp","href":"https:\/\/api.w.org\/{rel}","templated":true}]}}