{"id":1065460,"date":"2020-03-26T13:46:26","date_gmt":"2020-03-26T13:46:26","guid":{"rendered":"https:\/\/www.pressenza.com\/?p=1065460"},"modified":"2020-06-14T13:12:04","modified_gmt":"2020-06-14T12:12:04","slug":"globaler-uno-plan-gegen-coronakrise-hilfe-fuer-die-schwaechsten","status":"publish","type":"post","link":"https:\/\/www.pressenza.com\/de\/2020\/03\/globaler-uno-plan-gegen-coronakrise-hilfe-fuer-die-schwaechsten\/","title":{"rendered":"Globaler UNO-Plan gegen Coronakrise &#8211; Hilfe f\u00fcr die Schw\u00e4chsten"},"content":{"rendered":"<p><strong>Es braucht 2,2 Milliarden US-Dollar \u00abfrisches Geld\u00bb. Menschenrechtskommissarin Bachelet fordert Aufhebung von US-Sanktionen.<\/strong><\/p>\n<p><strong><em><span class=\"author\"><span id=\"articleAuthor\">Andreas Zumach<\/span><\/span> f\u00fcr die Online-Zeitung <a href=\"https:\/\/www.infosperber.ch\/Artikel\/Gesundheit\/Globaler-UNO-Plan-gegen-Coronakrise---Hilfe-fur-die-Schwachsten\" target=\"_blank\" rel=\"noopener noreferrer\">INFOsperber<\/a><\/em><\/strong><\/p>\n<p>Ein \u00abGlobaler humanit\u00e4rer Plan\u00bb als Reaktion auf die Covid-19-Pandemie: Damit will die UNO besonders gef\u00e4hrdete L\u00e4nder und Bev\u00f6lkerungen bei der Bek\u00e4mpfung des Corona-Virus unterst\u00fctzen. Der Plan identifiziert insgesamt 38 Staaten. Um Hilfe zu erhalten, m\u00fcssen jeweils zwei von vier Kriterien erf\u00fcllt sein:<\/p>\n<ul>\n<li>die Staaten waren infolge von (B\u00fcrger-)Kriegen, Naturkatastrophen oder der globalen Erw\u00e4rmung bereits vor Beginn der Corona-Krise auf humanit\u00e4re Hilfsprogramme der UNO angewiesen;<\/li>\n<li>das Gesundheitssystem in diesen L\u00e4ndern ist unzureichend;<\/li>\n<li>in den L\u00e4ndern gibt es grosse Populationen von Fl\u00fcchtlingen und Binnenvertriebenen;<\/li>\n<li>die bis zum Stichtag 20. M\u00e4rz registrierte Zahl von Corona-Infizierten und Toten war in diesen L\u00e4ndern besonders hoch.<\/li>\n<\/ul>\n<h4><strong>Afrika, aber auch Syrien, Irak, T\u00fcrkei und Afghanistan<\/strong><\/h4>\n<p>Neben 21 Staaten auf dem schwarzafrikanischen Kontinent nennt der Plan Syrien, Libanon, Jemen, Jordanien, Irak, die T\u00fcrkei und Iran im Nahen und Mittleren Osten; Afghanistan, Myanmar, Bangladesh und Nordkorea in Asien; Venezuela, Haiti und Kolumbien in Lateinamerika sowie die Ukraine in Europa.<\/p>\n<p>Diese L\u00e4nder sollen jetzt \u00abumgehend\u00bb mit Laboreinrichtungen f\u00fcr Corona-Tests, mit medizinischen Ger\u00e4ten zur Behandlung von Erkrankten sowie Schutzmasken versorgt werden. Zu diesem Zweck sollen in Afrika, Asien und Lateinamerika Versorgungslager eingerichtet und Luftbr\u00fccken f\u00fcr den Transport von humanit\u00e4ren Helfer*innen und medizinischen G\u00fctern organisiert werden. Zudem sieht der Plan Informationskampagnen \u00fcber Massnahmen zum Schutz gegen das Coronavirus vor sowie die Installation von Einrichtungen zum H\u00e4ndewaschen in allen Lagern und Unterk\u00fcnften f\u00fcr Fl\u00fcchtlinge und Binnenvertriebene.<\/p>\n<h4><strong>Schnell muss es gehen<\/strong><\/h4>\n<p>Gemeinsam umgesetzt werden soll der Globale Plan unter Federf\u00fchrung des Genfer Koordinationsb\u00fcros der UNO f\u00fcr humanit\u00e4re Massnahmen (OCHA), von der Weltgesundheitsorganisation (WHO), dem Weltern\u00e4hrungsprogramm (WFP) und dem UNO-Kinderhilfswerk (UNICEF). Nichtregierungsorganisationen werden gleichberechtigt miteinbezogen. \u00abOhne schnelle Unterst\u00fctzung f\u00fcr die besonders schwachen und hilfsbed\u00fcrftigen L\u00e4nder wird sich das Coronavirus nicht nur dort verbreiten, sondern von dort auch wieder in Staaten und Weltregionen zur\u00fcckkehren, in denen das Virus zun\u00e4chst erfolgreich einged\u00e4mmt wurde\u00bb, warnte UNO-Generalsekret\u00e4r Antonio Guterres auf seiner gemeinsamen Pressekonferenz mit den Direktor*innen von WHO und UNICEF.<\/p>\n<p>Zur Finanzierung der geplanten Massnahmen meldet die UNO einen Finanzbedarf von 2,2 Milliarden US-Dollar zun\u00e4chst bis Ende 2020 an. Dieser Betrag soll durch Spenden von den 193 Mitgliedstaaten aufgebracht werden. Dabei werde \u00abunbedingt frisches Geld ben\u00f6tigt\u00bb, erkl\u00e4rte Guterres.\u00abAuf keinen Fall d\u00fcrfen die Regierungen ihre Beitr\u00e4ge f\u00fcr andere, bereits laufende humanit\u00e4re Nothilfeprogramme k\u00fcrzen\u00bb, mahnte der UNO-Generalsekret\u00e4r.<\/p>\n<h4><strong>Menschenrechtskommissarin: US-Sanktionen lockern<\/strong><\/h4>\n<p>In seinem Kapitel zum Iran erw\u00e4hnt der Globale Plan zwar, dass das Land und sein Gesundheitssystem unter den massiven Wirtschaftssanktionen leidet. Bis Ende des Jahres m\u00fcsse mit einem R\u00fcckgang der Volkswirtschaft um f\u00fcnf bis zehn Prozent und zus\u00e4tzlichen 500&#8217;000 Arbeitslosen gerechnet werden. Aber der Plan enth\u00e4lt keine Empfehlung, die Wirtschaftssanktionen wegen der Coronakrise auszusetzen oder wenigstens zu lockern. Damit k\u00f6nnte zumindest die Versorgung mit dringend ben\u00f6tigten medizinischen G\u00fctern sichergestellt werden.<\/p>\n<p>Eine entsprechende Forderung hatte die UNO-Hochkommissarin f\u00fcr Menschenrechte (UNHCR) Michelle Bachelet am Dienstag in Genf erhoben. Dabei nannte Bachelet nicht nur Iran, sondern die ebenfalls von US-Sanktionen betroffenen Staaten Venezuela, Kuba, Nordkorea sowie Simbawe. Die US-Regierung hat die Forderung Bachelets umgehend zur\u00fcckgewiesen. Auf die Frage von Infosperber an UNO-Generalsekret\u00e4r Guterres, den Generaldirektor der WHO, Tedros Adhanom Ghebreyesus und die Exekutivdirektorin von UNICEF, Henrietta Fore, ob sie die Forderung der Hochkommissarin f\u00fcr Menschenrechte teilen, lag bis zum Redaktionsschluss dieser Zeilen keine Antwort vor.<\/p>\n","protected":false},"excerpt":{"rendered":"<p>Es braucht 2,2 Milliarden US-Dollar \u00abfrisches Geld\u00bb. Menschenrechtskommissarin Bachelet fordert Aufhebung von US-Sanktionen. Andreas Zumach f\u00fcr die Online-Zeitung INFOsperber Ein \u00abGlobaler humanit\u00e4rer Plan\u00bb als Reaktion auf die Covid-19-Pandemie: Damit will die UNO besonders gef\u00e4hrdete L\u00e4nder und Bev\u00f6lkerungen bei der Bek\u00e4mpfung&hellip;<\/p>\n","protected":false},"author":1855,"featured_media":1065475,"comment_status":"closed","ping_status":"closed","sticky":false,"template":"","format":"standard","meta":{"footnotes":""},"categories":[9160,7835,9161],"tags":[23034,72725,71680,72646,10228,72869,72868,72867,12026,39429],"class_list":["post-1065460","post","type-post","status-publish","format-standard","has-post-thumbnail","hentry","category-gesundheit","category-international-de","category-menschenrechte","tag-nordkorea","tag-coronakrise","tag-coronavirus-de","tag-covid-19-de","tag-iran-de","tag-michelle-bachelet","tag-simbawe","tag-un-menschenrechtskommissarin","tag-venezuela-de","tag-wirtschaftssanktionen"],"yoast_head":"<!-- This site is optimized with the Yoast SEO plugin v27.1.1 - https:\/\/yoast.com\/product\/yoast-seo-wordpress\/ -->\n<title>Globaler UNO-Plan gegen Coronakrise - Hilfe f\u00fcr die Schw\u00e4chsten<\/title>\n<meta name=\"description\" content=\"Die US-Regierung hat die Forderung Bachelets, die Wirtschaftssanktionen gegen den Iran, Venezuela, Kuba, Nordkorea sowie Simbawewegen der Coronakrise auszusetzen oder wenigstens zu lockern, umgehend zur\u00fcckgewiesen.\" \/>\n<meta name=\"robots\" content=\"index, follow, max-snippet:-1, max-image-preview:large, max-video-preview:-1\" \/>\n<link rel=\"canonical\" href=\"https:\/\/www.pressenza.com\/de\/2020\/03\/globaler-uno-plan-gegen-coronakrise-hilfe-fuer-die-schwaechsten\/\" \/>\n<meta property=\"og:locale\" content=\"de_DE\" \/>\n<meta property=\"og:type\" content=\"article\" \/>\n<meta property=\"og:title\" content=\"Globaler UNO-Plan gegen Coronakrise - Hilfe f\u00fcr die Schw\u00e4chsten\" \/>\n<meta property=\"og:description\" content=\"Die US-Regierung hat die Forderung Bachelets, die Wirtschaftssanktionen gegen den Iran, Venezuela, Kuba, Nordkorea sowie Simbawewegen der Coronakrise auszusetzen oder wenigstens zu lockern, umgehend zur\u00fcckgewiesen.\" \/>\n<meta property=\"og:url\" content=\"https:\/\/www.pressenza.com\/de\/2020\/03\/globaler-uno-plan-gegen-coronakrise-hilfe-fuer-die-schwaechsten\/\" \/>\n<meta property=\"og:site_name\" content=\"Pressenza\" \/>\n<meta property=\"article:publisher\" content=\"https:\/\/www.facebook.com\/PressenzaItalia\" \/>\n<meta property=\"article:published_time\" content=\"2020-03-26T13:46:26+00:00\" \/>\n<meta property=\"article:modified_time\" content=\"2020-06-14T12:12:04+00:00\" \/>\n<meta property=\"og:image\" content=\"https:\/\/www.pressenza.com\/wp-content\/uploads\/2020\/03\/unicef_Velasquez-1.jpg\" \/>\n\t<meta property=\"og:image:width\" content=\"750\" \/>\n\t<meta property=\"og:image:height\" content=\"374\" \/>\n\t<meta property=\"og:image:type\" content=\"image\/jpeg\" \/>\n<meta name=\"author\" content=\"INFOsperber\" \/>\n<meta name=\"twitter:card\" content=\"summary_large_image\" \/>\n<meta name=\"twitter:creator\" content=\"@PressenzaIPA\" \/>\n<meta name=\"twitter:site\" content=\"@PressenzaIPA\" \/>\n<meta name=\"twitter:label1\" content=\"Verfasst von\" \/>\n\t<meta name=\"twitter:data1\" content=\"INFOsperber\" \/>\n\t<meta name=\"twitter:label2\" content=\"Gesch\u00e4tzte Lesezeit\" \/>\n\t<meta name=\"twitter:data2\" content=\"3\u00a0Minuten\" \/>\n<script type=\"application\/ld+json\" class=\"yoast-schema-graph\">{\"@context\":\"https:\/\/schema.org\",\"@graph\":[{\"@type\":\"Article\",\"@id\":\"https:\/\/www.pressenza.com\/de\/2020\/03\/globaler-uno-plan-gegen-coronakrise-hilfe-fuer-die-schwaechsten\/#article\",\"isPartOf\":{\"@id\":\"https:\/\/www.pressenza.com\/de\/2020\/03\/globaler-uno-plan-gegen-coronakrise-hilfe-fuer-die-schwaechsten\/\"},\"author\":{\"name\":\"INFOsperber\",\"@id\":\"https:\/\/www.pressenza.com\/de\/#\/schema\/person\/77735f6583e3041b31ebc7b93a284357\"},\"headline\":\"Globaler UNO-Plan gegen Coronakrise &#8211; Hilfe f\u00fcr die Schw\u00e4chsten\",\"datePublished\":\"2020-03-26T13:46:26+00:00\",\"dateModified\":\"2020-06-14T12:12:04+00:00\",\"mainEntityOfPage\":{\"@id\":\"https:\/\/www.pressenza.com\/de\/2020\/03\/globaler-uno-plan-gegen-coronakrise-hilfe-fuer-die-schwaechsten\/\"},\"wordCount\":613,\"publisher\":{\"@id\":\"https:\/\/www.pressenza.com\/de\/#organization\"},\"image\":{\"@id\":\"https:\/\/www.pressenza.com\/de\/2020\/03\/globaler-uno-plan-gegen-coronakrise-hilfe-fuer-die-schwaechsten\/#primaryimage\"},\"thumbnailUrl\":\"https:\/\/www.pressenza.com\/wp-content\/uploads\/2020\/03\/unicef_Velasquez-1.jpg\",\"keywords\":[\"#Nordkorea\",\"Coronakrise\",\"coronavirus\",\"COVID-19\",\"Iran\",\"Michelle Bachelet\",\"Simbawe\",\"UN Menschenrechtskommissarin\",\"Venezuela\",\"Wirtschaftssanktionen\"],\"articleSection\":[\"Gesundheit\",\"International\",\"Menschenrechte\"],\"inLanguage\":\"de\"},{\"@type\":\"WebPage\",\"@id\":\"https:\/\/www.pressenza.com\/de\/2020\/03\/globaler-uno-plan-gegen-coronakrise-hilfe-fuer-die-schwaechsten\/\",\"url\":\"https:\/\/www.pressenza.com\/de\/2020\/03\/globaler-uno-plan-gegen-coronakrise-hilfe-fuer-die-schwaechsten\/\",\"name\":\"Globaler UNO-Plan gegen Coronakrise - Hilfe f\u00fcr die Schw\u00e4chsten\",\"isPartOf\":{\"@id\":\"https:\/\/www.pressenza.com\/de\/#website\"},\"primaryImageOfPage\":{\"@id\":\"https:\/\/www.pressenza.com\/de\/2020\/03\/globaler-uno-plan-gegen-coronakrise-hilfe-fuer-die-schwaechsten\/#primaryimage\"},\"image\":{\"@id\":\"https:\/\/www.pressenza.com\/de\/2020\/03\/globaler-uno-plan-gegen-coronakrise-hilfe-fuer-die-schwaechsten\/#primaryimage\"},\"thumbnailUrl\":\"https:\/\/www.pressenza.com\/wp-content\/uploads\/2020\/03\/unicef_Velasquez-1.jpg\",\"datePublished\":\"2020-03-26T13:46:26+00:00\",\"dateModified\":\"2020-06-14T12:12:04+00:00\",\"description\":\"Die US-Regierung hat die Forderung Bachelets, die Wirtschaftssanktionen gegen den Iran, Venezuela, Kuba, Nordkorea sowie Simbawewegen der Coronakrise auszusetzen oder wenigstens zu lockern, umgehend zur\u00fcckgewiesen.\",\"breadcrumb\":{\"@id\":\"https:\/\/www.pressenza.com\/de\/2020\/03\/globaler-uno-plan-gegen-coronakrise-hilfe-fuer-die-schwaechsten\/#breadcrumb\"},\"inLanguage\":\"de\",\"potentialAction\":[{\"@type\":\"ReadAction\",\"target\":[\"https:\/\/www.pressenza.com\/de\/2020\/03\/globaler-uno-plan-gegen-coronakrise-hilfe-fuer-die-schwaechsten\/\"]}]},{\"@type\":\"ImageObject\",\"inLanguage\":\"de\",\"@id\":\"https:\/\/www.pressenza.com\/de\/2020\/03\/globaler-uno-plan-gegen-coronakrise-hilfe-fuer-die-schwaechsten\/#primaryimage\",\"url\":\"https:\/\/www.pressenza.com\/wp-content\/uploads\/2020\/03\/unicef_Velasquez-1.jpg\",\"contentUrl\":\"https:\/\/www.pressenza.com\/wp-content\/uploads\/2020\/03\/unicef_Velasquez-1.jpg\",\"width\":750,\"height\":374,\"caption\":\"Globaler UNO-Plan gegen Coronakrise - Hilfe f\u00fcr die Schw\u00e4chsten\"},{\"@type\":\"BreadcrumbList\",\"@id\":\"https:\/\/www.pressenza.com\/de\/2020\/03\/globaler-uno-plan-gegen-coronakrise-hilfe-fuer-die-schwaechsten\/#breadcrumb\",\"itemListElement\":[{\"@type\":\"ListItem\",\"position\":1,\"name\":\"Accueil\",\"item\":\"https:\/\/www.pressenza.com\/de\/\"},{\"@type\":\"ListItem\",\"position\":2,\"name\":\"Globaler UNO-Plan gegen Coronakrise &#8211; Hilfe f\u00fcr die Schw\u00e4chsten\"}]},{\"@type\":\"WebSite\",\"@id\":\"https:\/\/www.pressenza.com\/de\/#website\",\"url\":\"https:\/\/www.pressenza.com\/de\/\",\"name\":\"Pressenza\",\"description\":\"International Press Agency\",\"publisher\":{\"@id\":\"https:\/\/www.pressenza.com\/de\/#organization\"},\"potentialAction\":[{\"@type\":\"SearchAction\",\"target\":{\"@type\":\"EntryPoint\",\"urlTemplate\":\"https:\/\/www.pressenza.com\/de\/?s={search_term_string}\"},\"query-input\":{\"@type\":\"PropertyValueSpecification\",\"valueRequired\":true,\"valueName\":\"search_term_string\"}}],\"inLanguage\":\"de\"},{\"@type\":\"Organization\",\"@id\":\"https:\/\/www.pressenza.com\/de\/#organization\",\"name\":\"Pressenza\",\"url\":\"https:\/\/www.pressenza.com\/de\/\",\"logo\":{\"@type\":\"ImageObject\",\"inLanguage\":\"de\",\"@id\":\"https:\/\/www.pressenza.com\/de\/#\/schema\/logo\/image\/\",\"url\":\"https:\/\/www.pressenza.com\/wp-content\/uploads\/2022\/10\/pressenza_logo_200x200.jpg\",\"contentUrl\":\"https:\/\/www.pressenza.com\/wp-content\/uploads\/2022\/10\/pressenza_logo_200x200.jpg\",\"width\":200,\"height\":200,\"caption\":\"Pressenza\"},\"image\":{\"@id\":\"https:\/\/www.pressenza.com\/de\/#\/schema\/logo\/image\/\"},\"sameAs\":[\"https:\/\/www.facebook.com\/PressenzaItalia\",\"https:\/\/x.com\/PressenzaIPA\"]},{\"@type\":\"Person\",\"@id\":\"https:\/\/www.pressenza.com\/de\/#\/schema\/person\/77735f6583e3041b31ebc7b93a284357\",\"name\":\"INFOsperber\",\"description\":\"Infosperber.ch - sieht, was andere \u00fcbersehen Die Schweizer Internet-Zeitung richtet sich an Entscheidungstr\u00e4ger in Gesellschaft, Wirtschaft und Politik sowie alle, die erg\u00e4nzende Informationen zu den grossen Medien suchen. Infosperber will die grossen Informations-Medien nicht konkurrenzieren, sondern diese erg\u00e4nzen. \u00a9 Das Weiterverbreiten s\u00e4mtlicher auf dem gemeinn\u00fctzigen Portal www.infosperber.ch enthaltenen Texte ist ohne Kostenfolge erlaubt, sofern die Texte integral ohne K\u00fcrzung und mit Quellenangaben (Autor und \u00abInfosperber\u00bb) verbreitet werden. Bei einer Online-Nutzung ist die Quellenangabe m\u00f6glichst schon am Anfang des Artikels mit einem Link auf infosperber.ch zu versehen. F\u00fcr das Verbreiten von gek\u00fcrzten oder abge\u00e4nderten Texten ist das schriftliche Einverst\u00e4ndnis der AutorInnen erforderlich.\",\"sameAs\":[\"https:\/\/www.infosperber.ch\/\"],\"url\":\"https:\/\/www.pressenza.com\/de\/author\/infosperber\/\"}]}<\/script>\n<!-- \/ Yoast SEO plugin. -->","yoast_head_json":{"title":"Globaler UNO-Plan gegen Coronakrise - Hilfe f\u00fcr die Schw\u00e4chsten","description":"Die US-Regierung hat die Forderung Bachelets, die Wirtschaftssanktionen gegen den Iran, Venezuela, Kuba, Nordkorea sowie Simbawewegen der Coronakrise auszusetzen oder wenigstens zu lockern, umgehend zur\u00fcckgewiesen.","robots":{"index":"index","follow":"follow","max-snippet":"max-snippet:-1","max-image-preview":"max-image-preview:large","max-video-preview":"max-video-preview:-1"},"canonical":"https:\/\/www.pressenza.com\/de\/2020\/03\/globaler-uno-plan-gegen-coronakrise-hilfe-fuer-die-schwaechsten\/","og_locale":"de_DE","og_type":"article","og_title":"Globaler UNO-Plan gegen Coronakrise - Hilfe f\u00fcr die Schw\u00e4chsten","og_description":"Die US-Regierung hat die Forderung Bachelets, die Wirtschaftssanktionen gegen den Iran, Venezuela, Kuba, Nordkorea sowie Simbawewegen der Coronakrise auszusetzen oder wenigstens zu lockern, umgehend zur\u00fcckgewiesen.","og_url":"https:\/\/www.pressenza.com\/de\/2020\/03\/globaler-uno-plan-gegen-coronakrise-hilfe-fuer-die-schwaechsten\/","og_site_name":"Pressenza","article_publisher":"https:\/\/www.facebook.com\/PressenzaItalia","article_published_time":"2020-03-26T13:46:26+00:00","article_modified_time":"2020-06-14T12:12:04+00:00","og_image":[{"width":750,"height":374,"url":"https:\/\/www.pressenza.com\/wp-content\/uploads\/2020\/03\/unicef_Velasquez-1.jpg","type":"image\/jpeg"}],"author":"INFOsperber","twitter_card":"summary_large_image","twitter_creator":"@PressenzaIPA","twitter_site":"@PressenzaIPA","twitter_misc":{"Verfasst von":"INFOsperber","Gesch\u00e4tzte Lesezeit":"3\u00a0Minuten"},"schema":{"@context":"https:\/\/schema.org","@graph":[{"@type":"Article","@id":"https:\/\/www.pressenza.com\/de\/2020\/03\/globaler-uno-plan-gegen-coronakrise-hilfe-fuer-die-schwaechsten\/#article","isPartOf":{"@id":"https:\/\/www.pressenza.com\/de\/2020\/03\/globaler-uno-plan-gegen-coronakrise-hilfe-fuer-die-schwaechsten\/"},"author":{"name":"INFOsperber","@id":"https:\/\/www.pressenza.com\/de\/#\/schema\/person\/77735f6583e3041b31ebc7b93a284357"},"headline":"Globaler UNO-Plan gegen Coronakrise &#8211; Hilfe f\u00fcr die Schw\u00e4chsten","datePublished":"2020-03-26T13:46:26+00:00","dateModified":"2020-06-14T12:12:04+00:00","mainEntityOfPage":{"@id":"https:\/\/www.pressenza.com\/de\/2020\/03\/globaler-uno-plan-gegen-coronakrise-hilfe-fuer-die-schwaechsten\/"},"wordCount":613,"publisher":{"@id":"https:\/\/www.pressenza.com\/de\/#organization"},"image":{"@id":"https:\/\/www.pressenza.com\/de\/2020\/03\/globaler-uno-plan-gegen-coronakrise-hilfe-fuer-die-schwaechsten\/#primaryimage"},"thumbnailUrl":"https:\/\/www.pressenza.com\/wp-content\/uploads\/2020\/03\/unicef_Velasquez-1.jpg","keywords":["#Nordkorea","Coronakrise","coronavirus","COVID-19","Iran","Michelle Bachelet","Simbawe","UN Menschenrechtskommissarin","Venezuela","Wirtschaftssanktionen"],"articleSection":["Gesundheit","International","Menschenrechte"],"inLanguage":"de"},{"@type":"WebPage","@id":"https:\/\/www.pressenza.com\/de\/2020\/03\/globaler-uno-plan-gegen-coronakrise-hilfe-fuer-die-schwaechsten\/","url":"https:\/\/www.pressenza.com\/de\/2020\/03\/globaler-uno-plan-gegen-coronakrise-hilfe-fuer-die-schwaechsten\/","name":"Globaler UNO-Plan gegen Coronakrise - Hilfe f\u00fcr die Schw\u00e4chsten","isPartOf":{"@id":"https:\/\/www.pressenza.com\/de\/#website"},"primaryImageOfPage":{"@id":"https:\/\/www.pressenza.com\/de\/2020\/03\/globaler-uno-plan-gegen-coronakrise-hilfe-fuer-die-schwaechsten\/#primaryimage"},"image":{"@id":"https:\/\/www.pressenza.com\/de\/2020\/03\/globaler-uno-plan-gegen-coronakrise-hilfe-fuer-die-schwaechsten\/#primaryimage"},"thumbnailUrl":"https:\/\/www.pressenza.com\/wp-content\/uploads\/2020\/03\/unicef_Velasquez-1.jpg","datePublished":"2020-03-26T13:46:26+00:00","dateModified":"2020-06-14T12:12:04+00:00","description":"Die US-Regierung hat die Forderung Bachelets, die Wirtschaftssanktionen gegen den Iran, Venezuela, Kuba, Nordkorea sowie Simbawewegen der Coronakrise auszusetzen oder wenigstens zu lockern, umgehend zur\u00fcckgewiesen.","breadcrumb":{"@id":"https:\/\/www.pressenza.com\/de\/2020\/03\/globaler-uno-plan-gegen-coronakrise-hilfe-fuer-die-schwaechsten\/#breadcrumb"},"inLanguage":"de","potentialAction":[{"@type":"ReadAction","target":["https:\/\/www.pressenza.com\/de\/2020\/03\/globaler-uno-plan-gegen-coronakrise-hilfe-fuer-die-schwaechsten\/"]}]},{"@type":"ImageObject","inLanguage":"de","@id":"https:\/\/www.pressenza.com\/de\/2020\/03\/globaler-uno-plan-gegen-coronakrise-hilfe-fuer-die-schwaechsten\/#primaryimage","url":"https:\/\/www.pressenza.com\/wp-content\/uploads\/2020\/03\/unicef_Velasquez-1.jpg","contentUrl":"https:\/\/www.pressenza.com\/wp-content\/uploads\/2020\/03\/unicef_Velasquez-1.jpg","width":750,"height":374,"caption":"Globaler UNO-Plan gegen Coronakrise - Hilfe f\u00fcr die Schw\u00e4chsten"},{"@type":"BreadcrumbList","@id":"https:\/\/www.pressenza.com\/de\/2020\/03\/globaler-uno-plan-gegen-coronakrise-hilfe-fuer-die-schwaechsten\/#breadcrumb","itemListElement":[{"@type":"ListItem","position":1,"name":"Accueil","item":"https:\/\/www.pressenza.com\/de\/"},{"@type":"ListItem","position":2,"name":"Globaler UNO-Plan gegen Coronakrise &#8211; Hilfe f\u00fcr die Schw\u00e4chsten"}]},{"@type":"WebSite","@id":"https:\/\/www.pressenza.com\/de\/#website","url":"https:\/\/www.pressenza.com\/de\/","name":"Pressenza","description":"International Press Agency","publisher":{"@id":"https:\/\/www.pressenza.com\/de\/#organization"},"potentialAction":[{"@type":"SearchAction","target":{"@type":"EntryPoint","urlTemplate":"https:\/\/www.pressenza.com\/de\/?s={search_term_string}"},"query-input":{"@type":"PropertyValueSpecification","valueRequired":true,"valueName":"search_term_string"}}],"inLanguage":"de"},{"@type":"Organization","@id":"https:\/\/www.pressenza.com\/de\/#organization","name":"Pressenza","url":"https:\/\/www.pressenza.com\/de\/","logo":{"@type":"ImageObject","inLanguage":"de","@id":"https:\/\/www.pressenza.com\/de\/#\/schema\/logo\/image\/","url":"https:\/\/www.pressenza.com\/wp-content\/uploads\/2022\/10\/pressenza_logo_200x200.jpg","contentUrl":"https:\/\/www.pressenza.com\/wp-content\/uploads\/2022\/10\/pressenza_logo_200x200.jpg","width":200,"height":200,"caption":"Pressenza"},"image":{"@id":"https:\/\/www.pressenza.com\/de\/#\/schema\/logo\/image\/"},"sameAs":["https:\/\/www.facebook.com\/PressenzaItalia","https:\/\/x.com\/PressenzaIPA"]},{"@type":"Person","@id":"https:\/\/www.pressenza.com\/de\/#\/schema\/person\/77735f6583e3041b31ebc7b93a284357","name":"INFOsperber","description":"Infosperber.ch - sieht, was andere \u00fcbersehen Die Schweizer Internet-Zeitung richtet sich an Entscheidungstr\u00e4ger in Gesellschaft, Wirtschaft und Politik sowie alle, die erg\u00e4nzende Informationen zu den grossen Medien suchen. Infosperber will die grossen Informations-Medien nicht konkurrenzieren, sondern diese erg\u00e4nzen. \u00a9 Das Weiterverbreiten s\u00e4mtlicher auf dem gemeinn\u00fctzigen Portal www.infosperber.ch enthaltenen Texte ist ohne Kostenfolge erlaubt, sofern die Texte integral ohne K\u00fcrzung und mit Quellenangaben (Autor und \u00abInfosperber\u00bb) verbreitet werden. Bei einer Online-Nutzung ist die Quellenangabe m\u00f6glichst schon am Anfang des Artikels mit einem Link auf infosperber.ch zu versehen. F\u00fcr das Verbreiten von gek\u00fcrzten oder abge\u00e4nderten Texten ist das schriftliche Einverst\u00e4ndnis der AutorInnen erforderlich.","sameAs":["https:\/\/www.infosperber.ch\/"],"url":"https:\/\/www.pressenza.com\/de\/author\/infosperber\/"}]}},"place":"","original_article_url":"","_links":{"self":[{"href":"https:\/\/www.pressenza.com\/de\/wp-json\/wp\/v2\/posts\/1065460","targetHints":{"allow":["GET"]}}],"collection":[{"href":"https:\/\/www.pressenza.com\/de\/wp-json\/wp\/v2\/posts"}],"about":[{"href":"https:\/\/www.pressenza.com\/de\/wp-json\/wp\/v2\/types\/post"}],"author":[{"embeddable":true,"href":"https:\/\/www.pressenza.com\/de\/wp-json\/wp\/v2\/users\/1855"}],"replies":[{"embeddable":true,"href":"https:\/\/www.pressenza.com\/de\/wp-json\/wp\/v2\/comments?post=1065460"}],"version-history":[{"count":0,"href":"https:\/\/www.pressenza.com\/de\/wp-json\/wp\/v2\/posts\/1065460\/revisions"}],"wp:featuredmedia":[{"embeddable":true,"href":"https:\/\/www.pressenza.com\/de\/wp-json\/wp\/v2\/media\/1065475"}],"wp:attachment":[{"href":"https:\/\/www.pressenza.com\/de\/wp-json\/wp\/v2\/media?parent=1065460"}],"wp:term":[{"taxonomy":"category","embeddable":true,"href":"https:\/\/www.pressenza.com\/de\/wp-json\/wp\/v2\/categories?post=1065460"},{"taxonomy":"post_tag","embeddable":true,"href":"https:\/\/www.pressenza.com\/de\/wp-json\/wp\/v2\/tags?post=1065460"}],"curies":[{"name":"wp","href":"https:\/\/api.w.org\/{rel}","templated":true}]}}