{"id":103990,"date":"2014-04-28T12:36:37","date_gmt":"2014-04-28T11:36:37","guid":{"rendered":"http:\/\/www.pressenza.com\/?p=103990"},"modified":"2014-04-28T15:20:50","modified_gmt":"2014-04-28T14:20:50","slug":"nach-der-raumung-der-jenischen-von-der-kleinen-allmend-menschenrechtsorganisationen-kritisieren-polizeieinsatz-und-fordern-rasche-und-respektvolle-losungen-fur-die-fahrenden","status":"publish","type":"post","link":"https:\/\/www.pressenza.com\/de\/2014\/04\/nach-der-raumung-der-jenischen-von-der-kleinen-allmend-menschenrechtsorganisationen-kritisieren-polizeieinsatz-und-fordern-rasche-und-respektvolle-losungen-fur-die-fahrenden\/","title":{"rendered":"Nach der R\u00e4umung der Jenischen von der Kleinen Allmend Menschenrechtsorganisationen kritisieren Polizeieinsatz und fordern rasche und respektvolle L\u00f6sungen f\u00fcr die Fahrenden"},"content":{"rendered":"<p><strong>Nach der gestrigen R\u00e4umung des von der \u00abBewegung Schweizer Reisende\u00bb organisierten Protestcamps auf der Kleinen Allmend in Bern kritisieren die Gesellschaft f\u00fcr bedrohte V\u00f6lker und Amnesty International den entw\u00fcrdigenden Polizeieinsatz gegen die jenischen Familien. Sie bedauern den fehlenden politischen Willen, eine respektvolle L\u00f6sung zu finden. Umso mehr m\u00fcssen Bund und Kantone nun ihrer Pflicht nachkommen, Stand- und Durchgangspl\u00e4tze f\u00fcr die Jenischen zu schaffen.<\/strong><\/p>\n<p><strong>R\u00fcckblick auf das Geschehen<\/strong><\/p>\n<p>Christoph Neuhaus, Regierungspr\u00e4sident und Direktor der Justiz-, Gemeinde- und Kirchendirektion, hatte gestern Nachmittag gegen zwei Uhr versprochen, es werde ein Alternativplatz f\u00fcr die rund 120 jenischen Familien zur Verf\u00fcgung gestellt. Er sollte bis vier Uhr auf dem Platz erscheinen, um den Ort bekannt zu geben. Seine Direktion ist zust\u00e4ndig f\u00fcr die Umsetzung eines im Januar 2012 angenommenen Postulats \u00abRasch gen\u00fcgend Durchgangs- und Standpl\u00e4tze f\u00fcr Fahrende schaffen\u00bb. Jedoch hatte er selbst keinen Alternativplatz gefunden und erschien nicht auf dem Platz.<\/p>\n<p>Statt dessen stellte die Polizei gegen vier Uhr ein Ultimatum und verlangte, dass die Jenischen den Platz in den n\u00e4chsten 10 Minuten r\u00e4umen m\u00fcssen. Trotz weinender Kinder und ruhigen Verhaltens seitens der Jenischen kesselte die Polizei die Anwesenden ein. Rund 70 Jenische, vom S\u00e4ugling bis zu den Grosseltern, wurden abgef\u00fchrt. Ihre Sachen wurden beschlagnahmt, die Menschen mit Nummern auf den Unterarmen beschriftet und in eine Turnhalle verfrachtet. Die Jenischen f\u00fchlten sich in die Zeit des Nationalsozialismus zur\u00fcckversetzt. Die Freilassungen der \u00abzur Personenkontrolle\u00bb Festgenommenen machen deutlich, dass gegen niemanden strafrechtlich Relevantes vorlag und relativiert so das Vorgehen der Polizei stark.<\/p>\n<p><strong>Forderungen nicht geh\u00f6rt<\/strong><\/p>\n<p>Die Forderungen der Fahrenden nach einem Durchgangsplatz im Kanton Bern f\u00fcr 20 Wohnwagen und nach kultureller Anerkennung des jenischen Volkes fanden kein Geh\u00f6r. Die Freilassung der Verhafteten war an die Unterzeichnung eines Rayonverbots gekn\u00fcpft, welches ihnen verbietet, bis am 5. Mai die Stadt Bern zu betreten. Einige Familien, welche nicht abgef\u00fchrt wurden, haben freiwillig den Platz mit ihrem Wohnwagen verlassen. Viele Familien wussten jedoch nicht, wohin sie gehen sollten, da die wenigen verf\u00fcgbaren Pl\u00e4tze um diese Zeit schon besetzt sind.<\/p>\n<p>Der als Mediator seit gestern auf dem Platz anwesende und den konstruktiven Dialog mit den Beh\u00f6rden suchende Venanz Nobel, Vizepr\u00e4sident des Vereins sch\u00e4ft qwant, ist emp\u00f6rt \u00fcber das Vorgehen von Polizei und Beh\u00f6rden: \u00abNachdem die Jenischen am Dienstag von der Polizei selbst auf diesen Platz gewiesen wurden, begann ein unw\u00fcrdiges Drohspiel. Die Bereitschaft der Jenischen, auf einen andern Platz auszuweichen, wurde mit harter Hand zur\u00fcckgewiesen. Das Versprechen von Regierungspr\u00e4sident Neuhaus entpuppte sich im Nachhinein als Hinhaltetaktik, die ohnehin friedlichen und gewaltfreien Menschen ins Leere laufen zu lassen.\u00bb<\/p>\n<p><strong>Untersuchung der Ereignisse gefordert<\/strong><\/p>\n<p>Die Gesellschaft f\u00fcr bedrohte V\u00f6lker und Amnesty International beobachteten den ganzen Tag die Situation auf dem Platz und waren Zeugen der R\u00e4umung. Die beiden Organisationen bedauern zutiefst, dass keine friedliche L\u00f6sung gefunden wurde und die Polizei den R\u00e4umungsauftrag von der Stadt Bern bekommen hat, trotz eingebrachter Vorschl\u00e4ge f\u00fcr einen Alternativplatz und der Bereitschaft der Jenischen, auf einen solchen auszuweichen.<\/p>\n<p>Zusammen mit den Jenischen und Anw\u00e4lten werden die Menschenrechtsorganisationen auf einer genauen Untersuchung der Vorf\u00e4lle der letzten Tage bestehen.<\/p>\n<p><strong>Europ\u00e4isches Rahmenabkommen muss endlich umgesetzt werden<\/strong><\/p>\n<p>Die politische Aufarbeitung dieser Demonstration und ihrer polizeilichen Folgen muss dazu f\u00fchren, dass die langj\u00e4hrigen Versprechungen zur Verbesserung der Lebensumst\u00e4nde der Jenischen und zur Schaffung von Stand- und Durchgangspl\u00e4tzen endlich z\u00fcgig an die Hand genommen werden. Die Schweiz hat sich bereits im Oktober 1998 verpflichtet, das Rahmenabkommen des Europarates zum Schutz der nationalen Minderheiten umzusetzen. Daraus ergibt sich die Verpflichtung f\u00fcr Bund und Kantone, Bedingungen zu f\u00f6rdern, die es den nationalen Minderheiten erm\u00f6glichen, ihre Kultur zu pflegen und weiterzuentwickeln. Die Anerkennung des Jenischen Volkes als gleichberechtigte Minderheit in der Schweiz muss endlich verwirklicht werden.<\/p>\n","protected":false},"excerpt":{"rendered":"<p>Nach der gestrigen R\u00e4umung des von der \u00abBewegung Schweizer Reisende\u00bb organisierten Protestcamps auf der Kleinen Allmend in Bern kritisieren die Gesellschaft f\u00fcr bedrohte V\u00f6lker und Amnesty International den entw\u00fcrdigenden Polizeieinsatz gegen die jenischen Familien. Sie bedauern den fehlenden politischen Willen,&hellip;<\/p>\n","protected":false},"author":1095,"featured_media":103999,"comment_status":"closed","ping_status":"open","sticky":false,"template":"","format":"standard","meta":{"footnotes":""},"categories":[1233,3,17,10,148],"tags":[10233,10234,10235,10236],"class_list":["post-103990","post","type-post","status-publish","format-standard","has-post-thumbnail","hentry","category-diversity","category-europe","category-human-rights","category-international","category-press-releases","tag-amnesty-international-en-de","tag-fahrende-en-de","tag-jenische-en-de","tag-schweiz-en-de"],"yoast_head":"<!-- This site is optimized with the Yoast SEO plugin v27.1.1 - https:\/\/yoast.com\/product\/yoast-seo-wordpress\/ -->\n<title>Nach der R\u00e4umung der Jenischen von der Kleinen Allmend Menschenrechtsorganisationen kritisieren Polizeieinsatz und fordern rasche und respektvolle L\u00f6sungen f\u00fcr die Fahrenden<\/title>\n<meta name=\"description\" content=\"Nach der gestrigen R\u00e4umung des von der \u00abBewegung Schweizer Reisende\u00bb organisierten Protestcamps auf der Kleinen Allmend in Bern kritisieren die\" \/>\n<meta name=\"robots\" content=\"index, follow, max-snippet:-1, max-image-preview:large, max-video-preview:-1\" \/>\n<link rel=\"canonical\" href=\"https:\/\/www.pressenza.com\/de\/2014\/04\/nach-der-raumung-der-jenischen-von-der-kleinen-allmend-menschenrechtsorganisationen-kritisieren-polizeieinsatz-und-fordern-rasche-und-respektvolle-losungen-fur-die-fahrenden\/\" \/>\n<meta property=\"og:locale\" content=\"de_DE\" \/>\n<meta property=\"og:type\" content=\"article\" \/>\n<meta property=\"og:title\" content=\"Nach der R\u00e4umung der Jenischen von der Kleinen Allmend Menschenrechtsorganisationen kritisieren Polizeieinsatz und fordern rasche und respektvolle L\u00f6sungen f\u00fcr die Fahrenden\" \/>\n<meta property=\"og:description\" content=\"Nach der gestrigen R\u00e4umung des von der \u00abBewegung Schweizer Reisende\u00bb organisierten Protestcamps auf der Kleinen Allmend in Bern kritisieren die\" \/>\n<meta property=\"og:url\" content=\"https:\/\/www.pressenza.com\/de\/2014\/04\/nach-der-raumung-der-jenischen-von-der-kleinen-allmend-menschenrechtsorganisationen-kritisieren-polizeieinsatz-und-fordern-rasche-und-respektvolle-losungen-fur-die-fahrenden\/\" \/>\n<meta property=\"og:site_name\" content=\"Pressenza\" \/>\n<meta property=\"article:publisher\" content=\"https:\/\/www.facebook.com\/PressenzaItalia\" \/>\n<meta property=\"article:author\" content=\"https:\/\/www.facebook.com\/Pressenza-Deutschland-sterreich-Schweiz-281675388658060\/timeline\/\" \/>\n<meta property=\"article:published_time\" content=\"2014-04-28T11:36:37+00:00\" \/>\n<meta property=\"article:modified_time\" content=\"2014-04-28T14:20:50+00:00\" \/>\n<meta property=\"og:image\" content=\"https:\/\/www.pressenza.com\/wp-content\/uploads\/2014\/04\/d6eea89c-19e3-460f-b4c5-f893be707e5d.jpeg\" \/>\n\t<meta property=\"og:image:width\" content=\"512\" \/>\n\t<meta property=\"og:image:height\" content=\"250\" \/>\n\t<meta property=\"og:image:type\" content=\"image\/jpeg\" \/>\n<meta name=\"author\" content=\"Pressenza Berlin\" \/>\n<meta name=\"twitter:card\" content=\"summary_large_image\" \/>\n<meta name=\"twitter:creator\" content=\"@pressenza_ger\" \/>\n<meta name=\"twitter:site\" content=\"@PressenzaIPA\" \/>\n<meta name=\"twitter:label1\" content=\"Verfasst von\" \/>\n\t<meta name=\"twitter:data1\" content=\"Pressenza Berlin\" \/>\n\t<meta name=\"twitter:label2\" content=\"Gesch\u00e4tzte Lesezeit\" \/>\n\t<meta name=\"twitter:data2\" content=\"3\u00a0Minuten\" \/>\n<script type=\"application\/ld+json\" class=\"yoast-schema-graph\">{\"@context\":\"https:\/\/schema.org\",\"@graph\":[{\"@type\":\"Article\",\"@id\":\"https:\/\/www.pressenza.com\/de\/2014\/04\/nach-der-raumung-der-jenischen-von-der-kleinen-allmend-menschenrechtsorganisationen-kritisieren-polizeieinsatz-und-fordern-rasche-und-respektvolle-losungen-fur-die-fahrenden\/#article\",\"isPartOf\":{\"@id\":\"https:\/\/www.pressenza.com\/de\/2014\/04\/nach-der-raumung-der-jenischen-von-der-kleinen-allmend-menschenrechtsorganisationen-kritisieren-polizeieinsatz-und-fordern-rasche-und-respektvolle-losungen-fur-die-fahrenden\/\"},\"author\":{\"name\":\"Pressenza Berlin\",\"@id\":\"https:\/\/www.pressenza.com\/de\/#\/schema\/person\/57bb5480943a496a7722b0248e4b658a\"},\"headline\":\"Nach der R\u00e4umung der Jenischen von der Kleinen Allmend Menschenrechtsorganisationen kritisieren Polizeieinsatz und fordern rasche und respektvolle L\u00f6sungen f\u00fcr die Fahrenden\",\"datePublished\":\"2014-04-28T11:36:37+00:00\",\"dateModified\":\"2014-04-28T14:20:50+00:00\",\"mainEntityOfPage\":{\"@id\":\"https:\/\/www.pressenza.com\/de\/2014\/04\/nach-der-raumung-der-jenischen-von-der-kleinen-allmend-menschenrechtsorganisationen-kritisieren-polizeieinsatz-und-fordern-rasche-und-respektvolle-losungen-fur-die-fahrenden\/\"},\"wordCount\":671,\"publisher\":{\"@id\":\"https:\/\/www.pressenza.com\/de\/#organization\"},\"image\":{\"@id\":\"https:\/\/www.pressenza.com\/de\/2014\/04\/nach-der-raumung-der-jenischen-von-der-kleinen-allmend-menschenrechtsorganisationen-kritisieren-polizeieinsatz-und-fordern-rasche-und-respektvolle-losungen-fur-die-fahrenden\/#primaryimage\"},\"thumbnailUrl\":\"https:\/\/www.pressenza.com\/wp-content\/uploads\/2014\/04\/d6eea89c-19e3-460f-b4c5-f893be707e5d.jpeg\",\"keywords\":[\"Amnesty International\",\"Fahrende\",\"Jenische\",\"Schweiz\"],\"articleSection\":[\"Diversity\",\"Europe\",\"Human Rights\",\"International\",\"Press Releases\"],\"inLanguage\":\"de\"},{\"@type\":\"WebPage\",\"@id\":\"https:\/\/www.pressenza.com\/de\/2014\/04\/nach-der-raumung-der-jenischen-von-der-kleinen-allmend-menschenrechtsorganisationen-kritisieren-polizeieinsatz-und-fordern-rasche-und-respektvolle-losungen-fur-die-fahrenden\/\",\"url\":\"https:\/\/www.pressenza.com\/de\/2014\/04\/nach-der-raumung-der-jenischen-von-der-kleinen-allmend-menschenrechtsorganisationen-kritisieren-polizeieinsatz-und-fordern-rasche-und-respektvolle-losungen-fur-die-fahrenden\/\",\"name\":\"Nach der R\u00e4umung der Jenischen von der Kleinen Allmend Menschenrechtsorganisationen kritisieren Polizeieinsatz und fordern rasche und respektvolle L\u00f6sungen f\u00fcr die Fahrenden\",\"isPartOf\":{\"@id\":\"https:\/\/www.pressenza.com\/de\/#website\"},\"primaryImageOfPage\":{\"@id\":\"https:\/\/www.pressenza.com\/de\/2014\/04\/nach-der-raumung-der-jenischen-von-der-kleinen-allmend-menschenrechtsorganisationen-kritisieren-polizeieinsatz-und-fordern-rasche-und-respektvolle-losungen-fur-die-fahrenden\/#primaryimage\"},\"image\":{\"@id\":\"https:\/\/www.pressenza.com\/de\/2014\/04\/nach-der-raumung-der-jenischen-von-der-kleinen-allmend-menschenrechtsorganisationen-kritisieren-polizeieinsatz-und-fordern-rasche-und-respektvolle-losungen-fur-die-fahrenden\/#primaryimage\"},\"thumbnailUrl\":\"https:\/\/www.pressenza.com\/wp-content\/uploads\/2014\/04\/d6eea89c-19e3-460f-b4c5-f893be707e5d.jpeg\",\"datePublished\":\"2014-04-28T11:36:37+00:00\",\"dateModified\":\"2014-04-28T14:20:50+00:00\",\"description\":\"Nach der gestrigen R\u00e4umung des von der \u00abBewegung Schweizer Reisende\u00bb organisierten Protestcamps auf der Kleinen Allmend in Bern kritisieren die\",\"breadcrumb\":{\"@id\":\"https:\/\/www.pressenza.com\/de\/2014\/04\/nach-der-raumung-der-jenischen-von-der-kleinen-allmend-menschenrechtsorganisationen-kritisieren-polizeieinsatz-und-fordern-rasche-und-respektvolle-losungen-fur-die-fahrenden\/#breadcrumb\"},\"inLanguage\":\"de\",\"potentialAction\":[{\"@type\":\"ReadAction\",\"target\":[\"https:\/\/www.pressenza.com\/de\/2014\/04\/nach-der-raumung-der-jenischen-von-der-kleinen-allmend-menschenrechtsorganisationen-kritisieren-polizeieinsatz-und-fordern-rasche-und-respektvolle-losungen-fur-die-fahrenden\/\"]}]},{\"@type\":\"ImageObject\",\"inLanguage\":\"de\",\"@id\":\"https:\/\/www.pressenza.com\/de\/2014\/04\/nach-der-raumung-der-jenischen-von-der-kleinen-allmend-menschenrechtsorganisationen-kritisieren-polizeieinsatz-und-fordern-rasche-und-respektvolle-losungen-fur-die-fahrenden\/#primaryimage\",\"url\":\"https:\/\/www.pressenza.com\/wp-content\/uploads\/2014\/04\/d6eea89c-19e3-460f-b4c5-f893be707e5d.jpeg\",\"contentUrl\":\"https:\/\/www.pressenza.com\/wp-content\/uploads\/2014\/04\/d6eea89c-19e3-460f-b4c5-f893be707e5d.jpeg\",\"width\":512,\"height\":250},{\"@type\":\"BreadcrumbList\",\"@id\":\"https:\/\/www.pressenza.com\/de\/2014\/04\/nach-der-raumung-der-jenischen-von-der-kleinen-allmend-menschenrechtsorganisationen-kritisieren-polizeieinsatz-und-fordern-rasche-und-respektvolle-losungen-fur-die-fahrenden\/#breadcrumb\",\"itemListElement\":[{\"@type\":\"ListItem\",\"position\":1,\"name\":\"Accueil\",\"item\":\"https:\/\/www.pressenza.com\/de\/\"},{\"@type\":\"ListItem\",\"position\":2,\"name\":\"Nach der R\u00e4umung der Jenischen von der Kleinen Allmend Menschenrechtsorganisationen kritisieren Polizeieinsatz und fordern rasche und respektvolle L\u00f6sungen f\u00fcr die Fahrenden\"}]},{\"@type\":\"WebSite\",\"@id\":\"https:\/\/www.pressenza.com\/de\/#website\",\"url\":\"https:\/\/www.pressenza.com\/de\/\",\"name\":\"Pressenza\",\"description\":\"International Press Agency\",\"publisher\":{\"@id\":\"https:\/\/www.pressenza.com\/de\/#organization\"},\"potentialAction\":[{\"@type\":\"SearchAction\",\"target\":{\"@type\":\"EntryPoint\",\"urlTemplate\":\"https:\/\/www.pressenza.com\/de\/?s={search_term_string}\"},\"query-input\":{\"@type\":\"PropertyValueSpecification\",\"valueRequired\":true,\"valueName\":\"search_term_string\"}}],\"inLanguage\":\"de\"},{\"@type\":\"Organization\",\"@id\":\"https:\/\/www.pressenza.com\/de\/#organization\",\"name\":\"Pressenza\",\"url\":\"https:\/\/www.pressenza.com\/de\/\",\"logo\":{\"@type\":\"ImageObject\",\"inLanguage\":\"de\",\"@id\":\"https:\/\/www.pressenza.com\/de\/#\/schema\/logo\/image\/\",\"url\":\"https:\/\/www.pressenza.com\/wp-content\/uploads\/2022\/10\/pressenza_logo_200x200.jpg\",\"contentUrl\":\"https:\/\/www.pressenza.com\/wp-content\/uploads\/2022\/10\/pressenza_logo_200x200.jpg\",\"width\":200,\"height\":200,\"caption\":\"Pressenza\"},\"image\":{\"@id\":\"https:\/\/www.pressenza.com\/de\/#\/schema\/logo\/image\/\"},\"sameAs\":[\"https:\/\/www.facebook.com\/PressenzaItalia\",\"https:\/\/x.com\/PressenzaIPA\"]},{\"@type\":\"Person\",\"@id\":\"https:\/\/www.pressenza.com\/de\/#\/schema\/person\/57bb5480943a496a7722b0248e4b658a\",\"name\":\"Pressenza Berlin\",\"description\":\"News from the Pressenza Bureau in Berlin, Germany\",\"sameAs\":[\"https:\/\/www.facebook.com\/Pressenza-Deutschland-sterreich-Schweiz-281675388658060\/timeline\/\",\"https:\/\/x.com\/pressenza_ger\"],\"url\":\"https:\/\/www.pressenza.com\/de\/author\/pressenza-berlin\/\"}]}<\/script>\n<!-- \/ Yoast SEO plugin. -->","yoast_head_json":{"title":"Nach der R\u00e4umung der Jenischen von der Kleinen Allmend Menschenrechtsorganisationen kritisieren Polizeieinsatz und fordern rasche und respektvolle L\u00f6sungen f\u00fcr die Fahrenden","description":"Nach der gestrigen R\u00e4umung des von der \u00abBewegung Schweizer Reisende\u00bb organisierten Protestcamps auf der Kleinen Allmend in Bern kritisieren die","robots":{"index":"index","follow":"follow","max-snippet":"max-snippet:-1","max-image-preview":"max-image-preview:large","max-video-preview":"max-video-preview:-1"},"canonical":"https:\/\/www.pressenza.com\/de\/2014\/04\/nach-der-raumung-der-jenischen-von-der-kleinen-allmend-menschenrechtsorganisationen-kritisieren-polizeieinsatz-und-fordern-rasche-und-respektvolle-losungen-fur-die-fahrenden\/","og_locale":"de_DE","og_type":"article","og_title":"Nach der R\u00e4umung der Jenischen von der Kleinen Allmend Menschenrechtsorganisationen kritisieren Polizeieinsatz und fordern rasche und respektvolle L\u00f6sungen f\u00fcr die Fahrenden","og_description":"Nach der gestrigen R\u00e4umung des von der \u00abBewegung Schweizer Reisende\u00bb organisierten Protestcamps auf der Kleinen Allmend in Bern kritisieren die","og_url":"https:\/\/www.pressenza.com\/de\/2014\/04\/nach-der-raumung-der-jenischen-von-der-kleinen-allmend-menschenrechtsorganisationen-kritisieren-polizeieinsatz-und-fordern-rasche-und-respektvolle-losungen-fur-die-fahrenden\/","og_site_name":"Pressenza","article_publisher":"https:\/\/www.facebook.com\/PressenzaItalia","article_author":"https:\/\/www.facebook.com\/Pressenza-Deutschland-sterreich-Schweiz-281675388658060\/timeline\/","article_published_time":"2014-04-28T11:36:37+00:00","article_modified_time":"2014-04-28T14:20:50+00:00","og_image":[{"width":512,"height":250,"url":"https:\/\/www.pressenza.com\/wp-content\/uploads\/2014\/04\/d6eea89c-19e3-460f-b4c5-f893be707e5d.jpeg","type":"image\/jpeg"}],"author":"Pressenza Berlin","twitter_card":"summary_large_image","twitter_creator":"@pressenza_ger","twitter_site":"@PressenzaIPA","twitter_misc":{"Verfasst von":"Pressenza Berlin","Gesch\u00e4tzte Lesezeit":"3\u00a0Minuten"},"schema":{"@context":"https:\/\/schema.org","@graph":[{"@type":"Article","@id":"https:\/\/www.pressenza.com\/de\/2014\/04\/nach-der-raumung-der-jenischen-von-der-kleinen-allmend-menschenrechtsorganisationen-kritisieren-polizeieinsatz-und-fordern-rasche-und-respektvolle-losungen-fur-die-fahrenden\/#article","isPartOf":{"@id":"https:\/\/www.pressenza.com\/de\/2014\/04\/nach-der-raumung-der-jenischen-von-der-kleinen-allmend-menschenrechtsorganisationen-kritisieren-polizeieinsatz-und-fordern-rasche-und-respektvolle-losungen-fur-die-fahrenden\/"},"author":{"name":"Pressenza Berlin","@id":"https:\/\/www.pressenza.com\/de\/#\/schema\/person\/57bb5480943a496a7722b0248e4b658a"},"headline":"Nach der R\u00e4umung der Jenischen von der Kleinen Allmend Menschenrechtsorganisationen kritisieren Polizeieinsatz und fordern rasche und respektvolle L\u00f6sungen f\u00fcr die Fahrenden","datePublished":"2014-04-28T11:36:37+00:00","dateModified":"2014-04-28T14:20:50+00:00","mainEntityOfPage":{"@id":"https:\/\/www.pressenza.com\/de\/2014\/04\/nach-der-raumung-der-jenischen-von-der-kleinen-allmend-menschenrechtsorganisationen-kritisieren-polizeieinsatz-und-fordern-rasche-und-respektvolle-losungen-fur-die-fahrenden\/"},"wordCount":671,"publisher":{"@id":"https:\/\/www.pressenza.com\/de\/#organization"},"image":{"@id":"https:\/\/www.pressenza.com\/de\/2014\/04\/nach-der-raumung-der-jenischen-von-der-kleinen-allmend-menschenrechtsorganisationen-kritisieren-polizeieinsatz-und-fordern-rasche-und-respektvolle-losungen-fur-die-fahrenden\/#primaryimage"},"thumbnailUrl":"https:\/\/www.pressenza.com\/wp-content\/uploads\/2014\/04\/d6eea89c-19e3-460f-b4c5-f893be707e5d.jpeg","keywords":["Amnesty International","Fahrende","Jenische","Schweiz"],"articleSection":["Diversity","Europe","Human Rights","International","Press Releases"],"inLanguage":"de"},{"@type":"WebPage","@id":"https:\/\/www.pressenza.com\/de\/2014\/04\/nach-der-raumung-der-jenischen-von-der-kleinen-allmend-menschenrechtsorganisationen-kritisieren-polizeieinsatz-und-fordern-rasche-und-respektvolle-losungen-fur-die-fahrenden\/","url":"https:\/\/www.pressenza.com\/de\/2014\/04\/nach-der-raumung-der-jenischen-von-der-kleinen-allmend-menschenrechtsorganisationen-kritisieren-polizeieinsatz-und-fordern-rasche-und-respektvolle-losungen-fur-die-fahrenden\/","name":"Nach der R\u00e4umung der Jenischen von der Kleinen Allmend Menschenrechtsorganisationen kritisieren Polizeieinsatz und fordern rasche und respektvolle L\u00f6sungen f\u00fcr die Fahrenden","isPartOf":{"@id":"https:\/\/www.pressenza.com\/de\/#website"},"primaryImageOfPage":{"@id":"https:\/\/www.pressenza.com\/de\/2014\/04\/nach-der-raumung-der-jenischen-von-der-kleinen-allmend-menschenrechtsorganisationen-kritisieren-polizeieinsatz-und-fordern-rasche-und-respektvolle-losungen-fur-die-fahrenden\/#primaryimage"},"image":{"@id":"https:\/\/www.pressenza.com\/de\/2014\/04\/nach-der-raumung-der-jenischen-von-der-kleinen-allmend-menschenrechtsorganisationen-kritisieren-polizeieinsatz-und-fordern-rasche-und-respektvolle-losungen-fur-die-fahrenden\/#primaryimage"},"thumbnailUrl":"https:\/\/www.pressenza.com\/wp-content\/uploads\/2014\/04\/d6eea89c-19e3-460f-b4c5-f893be707e5d.jpeg","datePublished":"2014-04-28T11:36:37+00:00","dateModified":"2014-04-28T14:20:50+00:00","description":"Nach der gestrigen R\u00e4umung des von der \u00abBewegung Schweizer Reisende\u00bb organisierten Protestcamps auf der Kleinen Allmend in Bern kritisieren die","breadcrumb":{"@id":"https:\/\/www.pressenza.com\/de\/2014\/04\/nach-der-raumung-der-jenischen-von-der-kleinen-allmend-menschenrechtsorganisationen-kritisieren-polizeieinsatz-und-fordern-rasche-und-respektvolle-losungen-fur-die-fahrenden\/#breadcrumb"},"inLanguage":"de","potentialAction":[{"@type":"ReadAction","target":["https:\/\/www.pressenza.com\/de\/2014\/04\/nach-der-raumung-der-jenischen-von-der-kleinen-allmend-menschenrechtsorganisationen-kritisieren-polizeieinsatz-und-fordern-rasche-und-respektvolle-losungen-fur-die-fahrenden\/"]}]},{"@type":"ImageObject","inLanguage":"de","@id":"https:\/\/www.pressenza.com\/de\/2014\/04\/nach-der-raumung-der-jenischen-von-der-kleinen-allmend-menschenrechtsorganisationen-kritisieren-polizeieinsatz-und-fordern-rasche-und-respektvolle-losungen-fur-die-fahrenden\/#primaryimage","url":"https:\/\/www.pressenza.com\/wp-content\/uploads\/2014\/04\/d6eea89c-19e3-460f-b4c5-f893be707e5d.jpeg","contentUrl":"https:\/\/www.pressenza.com\/wp-content\/uploads\/2014\/04\/d6eea89c-19e3-460f-b4c5-f893be707e5d.jpeg","width":512,"height":250},{"@type":"BreadcrumbList","@id":"https:\/\/www.pressenza.com\/de\/2014\/04\/nach-der-raumung-der-jenischen-von-der-kleinen-allmend-menschenrechtsorganisationen-kritisieren-polizeieinsatz-und-fordern-rasche-und-respektvolle-losungen-fur-die-fahrenden\/#breadcrumb","itemListElement":[{"@type":"ListItem","position":1,"name":"Accueil","item":"https:\/\/www.pressenza.com\/de\/"},{"@type":"ListItem","position":2,"name":"Nach der R\u00e4umung der Jenischen von der Kleinen Allmend Menschenrechtsorganisationen kritisieren Polizeieinsatz und fordern rasche und respektvolle L\u00f6sungen f\u00fcr die Fahrenden"}]},{"@type":"WebSite","@id":"https:\/\/www.pressenza.com\/de\/#website","url":"https:\/\/www.pressenza.com\/de\/","name":"Pressenza","description":"International Press Agency","publisher":{"@id":"https:\/\/www.pressenza.com\/de\/#organization"},"potentialAction":[{"@type":"SearchAction","target":{"@type":"EntryPoint","urlTemplate":"https:\/\/www.pressenza.com\/de\/?s={search_term_string}"},"query-input":{"@type":"PropertyValueSpecification","valueRequired":true,"valueName":"search_term_string"}}],"inLanguage":"de"},{"@type":"Organization","@id":"https:\/\/www.pressenza.com\/de\/#organization","name":"Pressenza","url":"https:\/\/www.pressenza.com\/de\/","logo":{"@type":"ImageObject","inLanguage":"de","@id":"https:\/\/www.pressenza.com\/de\/#\/schema\/logo\/image\/","url":"https:\/\/www.pressenza.com\/wp-content\/uploads\/2022\/10\/pressenza_logo_200x200.jpg","contentUrl":"https:\/\/www.pressenza.com\/wp-content\/uploads\/2022\/10\/pressenza_logo_200x200.jpg","width":200,"height":200,"caption":"Pressenza"},"image":{"@id":"https:\/\/www.pressenza.com\/de\/#\/schema\/logo\/image\/"},"sameAs":["https:\/\/www.facebook.com\/PressenzaItalia","https:\/\/x.com\/PressenzaIPA"]},{"@type":"Person","@id":"https:\/\/www.pressenza.com\/de\/#\/schema\/person\/57bb5480943a496a7722b0248e4b658a","name":"Pressenza Berlin","description":"News from the Pressenza Bureau in Berlin, Germany","sameAs":["https:\/\/www.facebook.com\/Pressenza-Deutschland-sterreich-Schweiz-281675388658060\/timeline\/","https:\/\/x.com\/pressenza_ger"],"url":"https:\/\/www.pressenza.com\/de\/author\/pressenza-berlin\/"}]}},"place":"","original_article_url":"","_links":{"self":[{"href":"https:\/\/www.pressenza.com\/de\/wp-json\/wp\/v2\/posts\/103990","targetHints":{"allow":["GET"]}}],"collection":[{"href":"https:\/\/www.pressenza.com\/de\/wp-json\/wp\/v2\/posts"}],"about":[{"href":"https:\/\/www.pressenza.com\/de\/wp-json\/wp\/v2\/types\/post"}],"author":[{"embeddable":true,"href":"https:\/\/www.pressenza.com\/de\/wp-json\/wp\/v2\/users\/1095"}],"replies":[{"embeddable":true,"href":"https:\/\/www.pressenza.com\/de\/wp-json\/wp\/v2\/comments?post=103990"}],"version-history":[{"count":0,"href":"https:\/\/www.pressenza.com\/de\/wp-json\/wp\/v2\/posts\/103990\/revisions"}],"wp:featuredmedia":[{"embeddable":true,"href":"https:\/\/www.pressenza.com\/de\/wp-json\/wp\/v2\/media\/103999"}],"wp:attachment":[{"href":"https:\/\/www.pressenza.com\/de\/wp-json\/wp\/v2\/media?parent=103990"}],"wp:term":[{"taxonomy":"category","embeddable":true,"href":"https:\/\/www.pressenza.com\/de\/wp-json\/wp\/v2\/categories?post=103990"},{"taxonomy":"post_tag","embeddable":true,"href":"https:\/\/www.pressenza.com\/de\/wp-json\/wp\/v2\/tags?post=103990"}],"curies":[{"name":"wp","href":"https:\/\/api.w.org\/{rel}","templated":true}]}}