{"id":1038092,"date":"2020-02-19T12:48:23","date_gmt":"2020-02-19T12:48:23","guid":{"rendered":"https:\/\/www.pressenza.com\/?p=1038092"},"modified":"2020-02-19T13:48:23","modified_gmt":"2020-02-19T13:48:23","slug":"macron-schlaegt-europaeische-rolle-fuer-franzoesische-atomwaffen-vor-will-sich-nicht-mit-hiroshima-ueberlebenden-treffen","status":"publish","type":"post","link":"https:\/\/www.pressenza.com\/de\/2020\/02\/macron-schlaegt-europaeische-rolle-fuer-franzoesische-atomwaffen-vor-will-sich-nicht-mit-hiroshima-ueberlebenden-treffen\/","title":{"rendered":"Macron schl\u00e4gt europ\u00e4ische Rolle f\u00fcr franz\u00f6sische Atomwaffen vor, will sich nicht mit Hiroshima \u00dcberlebenden treffen"},"content":{"rendered":"<p><strong>In einer Rede, in der Pr\u00e4sident Macron seine Vision von Frankreichs nuklearer Abschreckungsstrategie schilderte, warb er auch f\u00fcr die Rolle von Atomwaffen in der europ\u00e4ischen Sicherheitspolitik und wies die Forderung nach ihrer weltweiten Abschaffung als &#8222;eine ethische Debatte&#8220; zur\u00fcck, die &#8222;in einem strategischen Kontext unrealistisch&#8220; sei.\u00a0Unterdessen hat der Elys\u00e9e-Palast nicht auf eine Einladung zu einem Treffen mit der ber\u00fchmten Hiroshima-\u00dcberlebenden Setsuko Thurlow reagiert, die letzte Woche in Paris war.<\/strong><\/p>\n<p>Am Freitag, dem 7. Februar, schlug Macron in der \u00c9cole de Guerre in Paris eine Diskussion mit den europ\u00e4ischen Staaten \u00fcber die Rolle vor, die Frankreichs Atomwaffen f\u00fcr die Sicherheit Europas spielen k\u00f6nnen, und bot sogar an, dass andere Staaten an \u00dcbungen der franz\u00f6sischen Atomstreitkr\u00e4fte teilnehmen k\u00f6nnten. Verantwortungsbewusste europ\u00e4ische Staaten sollten seine Einladung zur Diskussion annehmen &#8211; und die Vorstellung, dass nukleare Abr\u00fcstung Sicherheit bringe, kategorisch ablehnen.<\/p>\n<p>In seiner gesamten Rede hat Macron die nukleare Abr\u00fcstung als eine Frage des &#8222;Realismus&#8220; bezeichnet. Er sagte: &#8222;In der Realit\u00e4t unserer Welt m\u00fcssen Fortschritte bei der nuklearen Abr\u00fcstung eine progressive und realistische Einsch\u00e4tzung des strategischen Kontexts darstellen.\u201c<\/p>\n<blockquote><p>&#8222;Macron kennt die Realit\u00e4t der Detonation einer Atomwaffe nicht. Diejenigen, die es wissen &#8211; die \u00dcberlebenden der Atombomben von Hiroshima und Nagasaki sowie der Atomtests in Algerien und auf den Pazifik-Inseln &#8211; sind die wahren Realisten; sie wissen, welche Auswirkungen diese unmenschlichen, unmoralischen Waffen tats\u00e4chlich haben k\u00f6nnen&#8220;, sagt Beatrice Fihn, Exekutivdirektorin der ICAN.<\/p><\/blockquote>\n<p>Letzte Woche war die Hiroshima-\u00dcberlebende und ICAN-Aktivistin Setsuko Thurlow in Paris beim <a href=\"https:\/\/www.pressenza.com\/2020\/02\/ican-paris-forum-day-1-light-in-dark-times\/\" target=\"_blank\" rel=\"noopener\">ICAN-Paris-Forum<\/a> zu Gast. ICAN und Setsuko hatten um ein Treffen mit Macron gebeten, um das Wissen \u00fcber Atomwaffen von \u00dcberlebenden mit ihm zu teilen. &#8222;Leider scheint Macron nicht daran interessiert zu sein, von den wirklichen Experten f\u00fcr Atomwaffen zu h\u00f6ren. Sein Team hat sich nicht einmal die M\u00fche gemacht, auf unsere Bitte zu antworten.&#8220;<\/p>\n<p>Macrons Rede gipfelte in einer Kritik am Atomwaffenverbotsvertrag, in der er bekr\u00e4ftigte, dass Frankreich ihn nicht unterzeichnen werde und keine Verpflichtungen f\u00fcr Frankreich schaffen werde. Er behauptete auch, dass der Atomwaffenverbotsvertrag niemals Auswirkungen auf den privaten Sektor haben werde.<\/p>\n<blockquote><p>&#8222;Dies zeigt, wie besorgt Frankreich wirklich \u00fcber die Auswirkungen des Vertrags ist, denn der Vertrag zeigt bereits Wirkung. Bereits 2019 wies der &#8222;Don&#8217;t Bank on the Bomb&#8220;-Bericht darauf hin, dass Finanzinstitute beginnen, sich von den Unternehmen, die Atomwaffen produzieren, abzuwenden. Dieser Trend wird sich noch verst\u00e4rken, wenn der Atomwaffenverbotsvertrag in Kraft tritt&#8220;, sagte Susi Snyder, Autorin des Berichts &#8222;Don&#8217;t Bank on the Bomb&#8220;.<\/p><\/blockquote>\n<p>Trotz der Kommentare von Macron steht die franz\u00f6sische \u00d6ffentlichkeit hinter dem <a href=\"https:\/\/www.icanw.de\/grunde-fur-ein-verbot\/verbotsvertrag\/\" target=\"_blank\" rel=\"noopener\">Atomwaffenverbotsvertrag<\/a>. Eine k\u00fcrzlich durchgef\u00fchrte Meinungsumfrage zeigt, dass 67% den Beitritt Frankreichs zum Vertrag w\u00fcnschen. Dar\u00fcber hinaus haben sich 21 franz\u00f6sische St\u00e4dte, darunter Paris und Grenoble, dem ICAN-St\u00e4dte-Appell angeschlossen und fordern die Regierung auf, dem Atomwaffenverbotsvertrag beizutreten. &#8222;Es ist an der Zeit, dass Macron Realist wird und auf Experten und B\u00fcrger h\u00f6rt&#8220;, sagt Jean-Marie Collin, ICAN Frankreich.<\/p>\n<p>&nbsp;<\/p>\n<p><em><strong>Die \u00dcbersetzung aus dem Englischen wurde von Anne Schillinger vom ehrenamtlichen Pressenza-\u00dcbersetzungsteam erstellt.\u00a0<a href=\"https:\/\/www.pressenza.com\/de\/mitarbeiten\/\" target=\"_blank\" rel=\"noopener\">Wir suchen Freiwillige!<\/a><\/strong><\/em><\/p>\n<p>&nbsp;<\/p>\n<p><em>Einen\u00a0\u00dcberblick \u00fcber die verschiedenen nationalen Positionen zum Internationalen Vertrag \u00fcber das Verbot von Nuklearwaffen (kurz: Atomwaffenverbotsvertrag) gibt es auf der <a href=\"https:\/\/www.icanw.de\/grunde-fur-ein-verbot\/offizielle-positionen\/\" target=\"_blank\" rel=\"noopener\">Seite von ICAN Deutschland<\/a><\/em><\/p>\n","protected":false},"excerpt":{"rendered":"<p>In einer Rede, in der Pr\u00e4sident Macron seine Vision von Frankreichs nuklearer Abschreckungsstrategie schilderte, warb er auch f\u00fcr die Rolle von Atomwaffen in der europ\u00e4ischen Sicherheitspolitik und wies die Forderung nach ihrer weltweiten Abschaffung als &#8222;eine ethische Debatte&#8220; zur\u00fcck, die&hellip;<\/p>\n","protected":false},"author":1000,"featured_media":1030166,"comment_status":"closed","ping_status":"closed","sticky":false,"template":"","format":"standard","meta":{"footnotes":""},"categories":[9150,9167,9145],"tags":[12506,48861,52609,15291,61728,14669,42266,19481,63447,71327],"class_list":["post-1038092","post","type-post","status-publish","format-standard","has-post-thumbnail","hentry","category-europa-de","category-frieden-und-abruestung","category-pressemitteilungen","tag-atomwaffen","tag-atomwaffenverbotsvertrag","tag-emanuelle-macron","tag-frankreich","tag-hiroshima-de","tag-ican-de","tag-internationaler-vertrag-zum-verbot-von-nuklearwaffen","tag-nukleare-abruestueng","tag-paris-de","tag-setsuko-thurlow-de"],"yoast_head":"<!-- This site is optimized with the Yoast SEO plugin v27.1.1 - https:\/\/yoast.com\/product\/yoast-seo-wordpress\/ -->\n<title>Macron schl\u00e4gt europ\u00e4ische Rolle f\u00fcr franz\u00f6sische Atomwaffen vor, will sich nicht mit Hiroshima \u00dcberlebenden treffen<\/title>\n<meta name=\"description\" content=\"&quot;Macron kennt die Realit\u00e4t der Detonation einer Atomwaffe nicht. Diejenigen, die es wissen - die \u00dcberlebenden der Atombomben von Hiroshima und Nagasaki sowie der Atomtests in Algerien und auf den Pazifik-Inseln - sind die wahren Realisten; sie wissen, welche Auswirkungen diese unmenschlichen, unmoralischen Waffen tats\u00e4chlich haben k\u00f6nnen&quot; - Beatrice Fihn, Exekutivdirektorin der ICAN\" \/>\n<meta name=\"robots\" content=\"index, follow, max-snippet:-1, max-image-preview:large, max-video-preview:-1\" \/>\n<link rel=\"canonical\" href=\"https:\/\/www.pressenza.com\/de\/2020\/02\/macron-schlaegt-europaeische-rolle-fuer-franzoesische-atomwaffen-vor-will-sich-nicht-mit-hiroshima-ueberlebenden-treffen\/\" \/>\n<meta property=\"og:locale\" content=\"de_DE\" \/>\n<meta property=\"og:type\" content=\"article\" \/>\n<meta property=\"og:title\" content=\"Macron schl\u00e4gt europ\u00e4ische Rolle f\u00fcr franz\u00f6sische Atomwaffen vor, will sich nicht mit Hiroshima \u00dcberlebenden treffen\" \/>\n<meta property=\"og:description\" content=\"&quot;Macron kennt die Realit\u00e4t der Detonation einer Atomwaffe nicht. Diejenigen, die es wissen - die \u00dcberlebenden der Atombomben von Hiroshima und Nagasaki sowie der Atomtests in Algerien und auf den Pazifik-Inseln - sind die wahren Realisten; sie wissen, welche Auswirkungen diese unmenschlichen, unmoralischen Waffen tats\u00e4chlich haben k\u00f6nnen&quot; - Beatrice Fihn, Exekutivdirektorin der ICAN\" \/>\n<meta property=\"og:url\" content=\"https:\/\/www.pressenza.com\/de\/2020\/02\/macron-schlaegt-europaeische-rolle-fuer-franzoesische-atomwaffen-vor-will-sich-nicht-mit-hiroshima-ueberlebenden-treffen\/\" \/>\n<meta property=\"og:site_name\" content=\"Pressenza\" \/>\n<meta property=\"article:publisher\" content=\"https:\/\/www.facebook.com\/PressenzaItalia\" \/>\n<meta property=\"article:author\" content=\"https:\/\/www.facebook.com\/icanw.org\" \/>\n<meta property=\"article:published_time\" content=\"2020-02-19T12:48:23+00:00\" \/>\n<meta property=\"article:modified_time\" content=\"2020-02-19T13:48:23+00:00\" \/>\n<meta property=\"og:image\" content=\"https:\/\/www.pressenza.com\/wp-content\/uploads\/2020\/02\/Emmanuel_Macron_6.jpg\" \/>\n\t<meta property=\"og:image:width\" content=\"1200\" \/>\n\t<meta property=\"og:image:height\" content=\"833\" \/>\n\t<meta property=\"og:image:type\" content=\"image\/jpeg\" \/>\n<meta name=\"author\" content=\"International Campaign to Abolish Nuclear Weapons\" \/>\n<meta name=\"twitter:card\" content=\"summary_large_image\" \/>\n<meta name=\"twitter:creator\" content=\"@nuclearban\" \/>\n<meta name=\"twitter:site\" content=\"@PressenzaIPA\" \/>\n<meta name=\"twitter:label1\" content=\"Verfasst von\" \/>\n\t<meta name=\"twitter:data1\" content=\"International Campaign to Abolish Nuclear Weapons\" \/>\n\t<meta name=\"twitter:label2\" content=\"Gesch\u00e4tzte Lesezeit\" \/>\n\t<meta name=\"twitter:data2\" content=\"3\u00a0Minuten\" \/>\n<script type=\"application\/ld+json\" class=\"yoast-schema-graph\">{\"@context\":\"https:\/\/schema.org\",\"@graph\":[{\"@type\":\"Article\",\"@id\":\"https:\/\/www.pressenza.com\/de\/2020\/02\/macron-schlaegt-europaeische-rolle-fuer-franzoesische-atomwaffen-vor-will-sich-nicht-mit-hiroshima-ueberlebenden-treffen\/#article\",\"isPartOf\":{\"@id\":\"https:\/\/www.pressenza.com\/de\/2020\/02\/macron-schlaegt-europaeische-rolle-fuer-franzoesische-atomwaffen-vor-will-sich-nicht-mit-hiroshima-ueberlebenden-treffen\/\"},\"author\":{\"name\":\"International Campaign to Abolish Nuclear Weapons\",\"@id\":\"https:\/\/www.pressenza.com\/de\/#\/schema\/person\/aa7c55b36390ee5908d729832f09fc22\"},\"headline\":\"Macron schl\u00e4gt europ\u00e4ische Rolle f\u00fcr franz\u00f6sische Atomwaffen vor, will sich nicht mit Hiroshima \u00dcberlebenden treffen\",\"datePublished\":\"2020-02-19T12:48:23+00:00\",\"dateModified\":\"2020-02-19T13:48:23+00:00\",\"mainEntityOfPage\":{\"@id\":\"https:\/\/www.pressenza.com\/de\/2020\/02\/macron-schlaegt-europaeische-rolle-fuer-franzoesische-atomwaffen-vor-will-sich-nicht-mit-hiroshima-ueberlebenden-treffen\/\"},\"wordCount\":564,\"publisher\":{\"@id\":\"https:\/\/www.pressenza.com\/de\/#organization\"},\"image\":{\"@id\":\"https:\/\/www.pressenza.com\/de\/2020\/02\/macron-schlaegt-europaeische-rolle-fuer-franzoesische-atomwaffen-vor-will-sich-nicht-mit-hiroshima-ueberlebenden-treffen\/#primaryimage\"},\"thumbnailUrl\":\"https:\/\/www.pressenza.com\/wp-content\/uploads\/2020\/02\/Emmanuel_Macron_6.jpg\",\"keywords\":[\"Atomwaffen\",\"Atomwaffenverbotsvertrag\",\"Emanuelle Macron\",\"Frankreich\",\"Hiroshima\",\"ICAN\",\"internationaler Vertrag zum Verbot von Nuklearwaffen\",\"nukleare Abr\u00fcst\u00fcng\",\"Paris\",\"Setsuko Thurlow\"],\"articleSection\":[\"Europa\",\"Frieden und Abr\u00fcstung\",\"Pressemitteilungen\"],\"inLanguage\":\"de\"},{\"@type\":\"WebPage\",\"@id\":\"https:\/\/www.pressenza.com\/de\/2020\/02\/macron-schlaegt-europaeische-rolle-fuer-franzoesische-atomwaffen-vor-will-sich-nicht-mit-hiroshima-ueberlebenden-treffen\/\",\"url\":\"https:\/\/www.pressenza.com\/de\/2020\/02\/macron-schlaegt-europaeische-rolle-fuer-franzoesische-atomwaffen-vor-will-sich-nicht-mit-hiroshima-ueberlebenden-treffen\/\",\"name\":\"Macron schl\u00e4gt europ\u00e4ische Rolle f\u00fcr franz\u00f6sische Atomwaffen vor, will sich nicht mit Hiroshima \u00dcberlebenden treffen\",\"isPartOf\":{\"@id\":\"https:\/\/www.pressenza.com\/de\/#website\"},\"primaryImageOfPage\":{\"@id\":\"https:\/\/www.pressenza.com\/de\/2020\/02\/macron-schlaegt-europaeische-rolle-fuer-franzoesische-atomwaffen-vor-will-sich-nicht-mit-hiroshima-ueberlebenden-treffen\/#primaryimage\"},\"image\":{\"@id\":\"https:\/\/www.pressenza.com\/de\/2020\/02\/macron-schlaegt-europaeische-rolle-fuer-franzoesische-atomwaffen-vor-will-sich-nicht-mit-hiroshima-ueberlebenden-treffen\/#primaryimage\"},\"thumbnailUrl\":\"https:\/\/www.pressenza.com\/wp-content\/uploads\/2020\/02\/Emmanuel_Macron_6.jpg\",\"datePublished\":\"2020-02-19T12:48:23+00:00\",\"dateModified\":\"2020-02-19T13:48:23+00:00\",\"description\":\"\\\"Macron kennt die Realit\u00e4t der Detonation einer Atomwaffe nicht. Diejenigen, die es wissen - die \u00dcberlebenden der Atombomben von Hiroshima und Nagasaki sowie der Atomtests in Algerien und auf den Pazifik-Inseln - sind die wahren Realisten; sie wissen, welche Auswirkungen diese unmenschlichen, unmoralischen Waffen tats\u00e4chlich haben k\u00f6nnen\\\" - Beatrice Fihn, Exekutivdirektorin der ICAN\",\"breadcrumb\":{\"@id\":\"https:\/\/www.pressenza.com\/de\/2020\/02\/macron-schlaegt-europaeische-rolle-fuer-franzoesische-atomwaffen-vor-will-sich-nicht-mit-hiroshima-ueberlebenden-treffen\/#breadcrumb\"},\"inLanguage\":\"de\",\"potentialAction\":[{\"@type\":\"ReadAction\",\"target\":[\"https:\/\/www.pressenza.com\/de\/2020\/02\/macron-schlaegt-europaeische-rolle-fuer-franzoesische-atomwaffen-vor-will-sich-nicht-mit-hiroshima-ueberlebenden-treffen\/\"]}]},{\"@type\":\"ImageObject\",\"inLanguage\":\"de\",\"@id\":\"https:\/\/www.pressenza.com\/de\/2020\/02\/macron-schlaegt-europaeische-rolle-fuer-franzoesische-atomwaffen-vor-will-sich-nicht-mit-hiroshima-ueberlebenden-treffen\/#primaryimage\",\"url\":\"https:\/\/www.pressenza.com\/wp-content\/uploads\/2020\/02\/Emmanuel_Macron_6.jpg\",\"contentUrl\":\"https:\/\/www.pressenza.com\/wp-content\/uploads\/2020\/02\/Emmanuel_Macron_6.jpg\",\"width\":1200,\"height\":833,\"caption\":\"Macron schl\u00e4gt europ\u00e4ische Rolle f\u00fcr franz\u00f6sische Atomwaffen vor, will sich nicht mit Hiroshima \u00dcberlebenden treffen\"},{\"@type\":\"BreadcrumbList\",\"@id\":\"https:\/\/www.pressenza.com\/de\/2020\/02\/macron-schlaegt-europaeische-rolle-fuer-franzoesische-atomwaffen-vor-will-sich-nicht-mit-hiroshima-ueberlebenden-treffen\/#breadcrumb\",\"itemListElement\":[{\"@type\":\"ListItem\",\"position\":1,\"name\":\"Accueil\",\"item\":\"https:\/\/www.pressenza.com\/de\/\"},{\"@type\":\"ListItem\",\"position\":2,\"name\":\"Macron schl\u00e4gt europ\u00e4ische Rolle f\u00fcr franz\u00f6sische Atomwaffen vor, will sich nicht mit Hiroshima \u00dcberlebenden treffen\"}]},{\"@type\":\"WebSite\",\"@id\":\"https:\/\/www.pressenza.com\/de\/#website\",\"url\":\"https:\/\/www.pressenza.com\/de\/\",\"name\":\"Pressenza\",\"description\":\"International Press Agency\",\"publisher\":{\"@id\":\"https:\/\/www.pressenza.com\/de\/#organization\"},\"potentialAction\":[{\"@type\":\"SearchAction\",\"target\":{\"@type\":\"EntryPoint\",\"urlTemplate\":\"https:\/\/www.pressenza.com\/de\/?s={search_term_string}\"},\"query-input\":{\"@type\":\"PropertyValueSpecification\",\"valueRequired\":true,\"valueName\":\"search_term_string\"}}],\"inLanguage\":\"de\"},{\"@type\":\"Organization\",\"@id\":\"https:\/\/www.pressenza.com\/de\/#organization\",\"name\":\"Pressenza\",\"url\":\"https:\/\/www.pressenza.com\/de\/\",\"logo\":{\"@type\":\"ImageObject\",\"inLanguage\":\"de\",\"@id\":\"https:\/\/www.pressenza.com\/de\/#\/schema\/logo\/image\/\",\"url\":\"https:\/\/www.pressenza.com\/wp-content\/uploads\/2022\/10\/pressenza_logo_200x200.jpg\",\"contentUrl\":\"https:\/\/www.pressenza.com\/wp-content\/uploads\/2022\/10\/pressenza_logo_200x200.jpg\",\"width\":200,\"height\":200,\"caption\":\"Pressenza\"},\"image\":{\"@id\":\"https:\/\/www.pressenza.com\/de\/#\/schema\/logo\/image\/\"},\"sameAs\":[\"https:\/\/www.facebook.com\/PressenzaItalia\",\"https:\/\/x.com\/PressenzaIPA\"]},{\"@type\":\"Person\",\"@id\":\"https:\/\/www.pressenza.com\/de\/#\/schema\/person\/aa7c55b36390ee5908d729832f09fc22\",\"name\":\"International Campaign to Abolish Nuclear Weapons\",\"description\":\"The International Campaign to Abolish Nuclear Weapons (ICAN) is a global campaign coalition working to mobilize people in all countries to inspire, persuade and pressure their governments to initiate negotiations for a treaty banning nuclear weapons. It has 500 partner organizations in 103 countries, and was launched in 2007. www.icanw.org\",\"sameAs\":[\"http:\/\/www.icanw.org\",\"https:\/\/www.facebook.com\/icanw.org\",\"https:\/\/x.com\/nuclearban\"],\"url\":\"https:\/\/www.pressenza.com\/de\/author\/international-campaign-to-abolish-nuclear-weapons\/\"}]}<\/script>\n<!-- \/ Yoast SEO plugin. -->","yoast_head_json":{"title":"Macron schl\u00e4gt europ\u00e4ische Rolle f\u00fcr franz\u00f6sische Atomwaffen vor, will sich nicht mit Hiroshima \u00dcberlebenden treffen","description":"\"Macron kennt die Realit\u00e4t der Detonation einer Atomwaffe nicht. Diejenigen, die es wissen - die \u00dcberlebenden der Atombomben von Hiroshima und Nagasaki sowie der Atomtests in Algerien und auf den Pazifik-Inseln - sind die wahren Realisten; sie wissen, welche Auswirkungen diese unmenschlichen, unmoralischen Waffen tats\u00e4chlich haben k\u00f6nnen\" - Beatrice Fihn, Exekutivdirektorin der ICAN","robots":{"index":"index","follow":"follow","max-snippet":"max-snippet:-1","max-image-preview":"max-image-preview:large","max-video-preview":"max-video-preview:-1"},"canonical":"https:\/\/www.pressenza.com\/de\/2020\/02\/macron-schlaegt-europaeische-rolle-fuer-franzoesische-atomwaffen-vor-will-sich-nicht-mit-hiroshima-ueberlebenden-treffen\/","og_locale":"de_DE","og_type":"article","og_title":"Macron schl\u00e4gt europ\u00e4ische Rolle f\u00fcr franz\u00f6sische Atomwaffen vor, will sich nicht mit Hiroshima \u00dcberlebenden treffen","og_description":"\"Macron kennt die Realit\u00e4t der Detonation einer Atomwaffe nicht. Diejenigen, die es wissen - die \u00dcberlebenden der Atombomben von Hiroshima und Nagasaki sowie der Atomtests in Algerien und auf den Pazifik-Inseln - sind die wahren Realisten; sie wissen, welche Auswirkungen diese unmenschlichen, unmoralischen Waffen tats\u00e4chlich haben k\u00f6nnen\" - Beatrice Fihn, Exekutivdirektorin der ICAN","og_url":"https:\/\/www.pressenza.com\/de\/2020\/02\/macron-schlaegt-europaeische-rolle-fuer-franzoesische-atomwaffen-vor-will-sich-nicht-mit-hiroshima-ueberlebenden-treffen\/","og_site_name":"Pressenza","article_publisher":"https:\/\/www.facebook.com\/PressenzaItalia","article_author":"https:\/\/www.facebook.com\/icanw.org","article_published_time":"2020-02-19T12:48:23+00:00","article_modified_time":"2020-02-19T13:48:23+00:00","og_image":[{"width":1200,"height":833,"url":"https:\/\/www.pressenza.com\/wp-content\/uploads\/2020\/02\/Emmanuel_Macron_6.jpg","type":"image\/jpeg"}],"author":"International Campaign to Abolish Nuclear Weapons","twitter_card":"summary_large_image","twitter_creator":"@nuclearban","twitter_site":"@PressenzaIPA","twitter_misc":{"Verfasst von":"International Campaign to Abolish Nuclear Weapons","Gesch\u00e4tzte Lesezeit":"3\u00a0Minuten"},"schema":{"@context":"https:\/\/schema.org","@graph":[{"@type":"Article","@id":"https:\/\/www.pressenza.com\/de\/2020\/02\/macron-schlaegt-europaeische-rolle-fuer-franzoesische-atomwaffen-vor-will-sich-nicht-mit-hiroshima-ueberlebenden-treffen\/#article","isPartOf":{"@id":"https:\/\/www.pressenza.com\/de\/2020\/02\/macron-schlaegt-europaeische-rolle-fuer-franzoesische-atomwaffen-vor-will-sich-nicht-mit-hiroshima-ueberlebenden-treffen\/"},"author":{"name":"International Campaign to Abolish Nuclear Weapons","@id":"https:\/\/www.pressenza.com\/de\/#\/schema\/person\/aa7c55b36390ee5908d729832f09fc22"},"headline":"Macron schl\u00e4gt europ\u00e4ische Rolle f\u00fcr franz\u00f6sische Atomwaffen vor, will sich nicht mit Hiroshima \u00dcberlebenden treffen","datePublished":"2020-02-19T12:48:23+00:00","dateModified":"2020-02-19T13:48:23+00:00","mainEntityOfPage":{"@id":"https:\/\/www.pressenza.com\/de\/2020\/02\/macron-schlaegt-europaeische-rolle-fuer-franzoesische-atomwaffen-vor-will-sich-nicht-mit-hiroshima-ueberlebenden-treffen\/"},"wordCount":564,"publisher":{"@id":"https:\/\/www.pressenza.com\/de\/#organization"},"image":{"@id":"https:\/\/www.pressenza.com\/de\/2020\/02\/macron-schlaegt-europaeische-rolle-fuer-franzoesische-atomwaffen-vor-will-sich-nicht-mit-hiroshima-ueberlebenden-treffen\/#primaryimage"},"thumbnailUrl":"https:\/\/www.pressenza.com\/wp-content\/uploads\/2020\/02\/Emmanuel_Macron_6.jpg","keywords":["Atomwaffen","Atomwaffenverbotsvertrag","Emanuelle Macron","Frankreich","Hiroshima","ICAN","internationaler Vertrag zum Verbot von Nuklearwaffen","nukleare Abr\u00fcst\u00fcng","Paris","Setsuko Thurlow"],"articleSection":["Europa","Frieden und Abr\u00fcstung","Pressemitteilungen"],"inLanguage":"de"},{"@type":"WebPage","@id":"https:\/\/www.pressenza.com\/de\/2020\/02\/macron-schlaegt-europaeische-rolle-fuer-franzoesische-atomwaffen-vor-will-sich-nicht-mit-hiroshima-ueberlebenden-treffen\/","url":"https:\/\/www.pressenza.com\/de\/2020\/02\/macron-schlaegt-europaeische-rolle-fuer-franzoesische-atomwaffen-vor-will-sich-nicht-mit-hiroshima-ueberlebenden-treffen\/","name":"Macron schl\u00e4gt europ\u00e4ische Rolle f\u00fcr franz\u00f6sische Atomwaffen vor, will sich nicht mit Hiroshima \u00dcberlebenden treffen","isPartOf":{"@id":"https:\/\/www.pressenza.com\/de\/#website"},"primaryImageOfPage":{"@id":"https:\/\/www.pressenza.com\/de\/2020\/02\/macron-schlaegt-europaeische-rolle-fuer-franzoesische-atomwaffen-vor-will-sich-nicht-mit-hiroshima-ueberlebenden-treffen\/#primaryimage"},"image":{"@id":"https:\/\/www.pressenza.com\/de\/2020\/02\/macron-schlaegt-europaeische-rolle-fuer-franzoesische-atomwaffen-vor-will-sich-nicht-mit-hiroshima-ueberlebenden-treffen\/#primaryimage"},"thumbnailUrl":"https:\/\/www.pressenza.com\/wp-content\/uploads\/2020\/02\/Emmanuel_Macron_6.jpg","datePublished":"2020-02-19T12:48:23+00:00","dateModified":"2020-02-19T13:48:23+00:00","description":"\"Macron kennt die Realit\u00e4t der Detonation einer Atomwaffe nicht. Diejenigen, die es wissen - die \u00dcberlebenden der Atombomben von Hiroshima und Nagasaki sowie der Atomtests in Algerien und auf den Pazifik-Inseln - sind die wahren Realisten; sie wissen, welche Auswirkungen diese unmenschlichen, unmoralischen Waffen tats\u00e4chlich haben k\u00f6nnen\" - Beatrice Fihn, Exekutivdirektorin der ICAN","breadcrumb":{"@id":"https:\/\/www.pressenza.com\/de\/2020\/02\/macron-schlaegt-europaeische-rolle-fuer-franzoesische-atomwaffen-vor-will-sich-nicht-mit-hiroshima-ueberlebenden-treffen\/#breadcrumb"},"inLanguage":"de","potentialAction":[{"@type":"ReadAction","target":["https:\/\/www.pressenza.com\/de\/2020\/02\/macron-schlaegt-europaeische-rolle-fuer-franzoesische-atomwaffen-vor-will-sich-nicht-mit-hiroshima-ueberlebenden-treffen\/"]}]},{"@type":"ImageObject","inLanguage":"de","@id":"https:\/\/www.pressenza.com\/de\/2020\/02\/macron-schlaegt-europaeische-rolle-fuer-franzoesische-atomwaffen-vor-will-sich-nicht-mit-hiroshima-ueberlebenden-treffen\/#primaryimage","url":"https:\/\/www.pressenza.com\/wp-content\/uploads\/2020\/02\/Emmanuel_Macron_6.jpg","contentUrl":"https:\/\/www.pressenza.com\/wp-content\/uploads\/2020\/02\/Emmanuel_Macron_6.jpg","width":1200,"height":833,"caption":"Macron schl\u00e4gt europ\u00e4ische Rolle f\u00fcr franz\u00f6sische Atomwaffen vor, will sich nicht mit Hiroshima \u00dcberlebenden treffen"},{"@type":"BreadcrumbList","@id":"https:\/\/www.pressenza.com\/de\/2020\/02\/macron-schlaegt-europaeische-rolle-fuer-franzoesische-atomwaffen-vor-will-sich-nicht-mit-hiroshima-ueberlebenden-treffen\/#breadcrumb","itemListElement":[{"@type":"ListItem","position":1,"name":"Accueil","item":"https:\/\/www.pressenza.com\/de\/"},{"@type":"ListItem","position":2,"name":"Macron schl\u00e4gt europ\u00e4ische Rolle f\u00fcr franz\u00f6sische Atomwaffen vor, will sich nicht mit Hiroshima \u00dcberlebenden treffen"}]},{"@type":"WebSite","@id":"https:\/\/www.pressenza.com\/de\/#website","url":"https:\/\/www.pressenza.com\/de\/","name":"Pressenza","description":"International Press Agency","publisher":{"@id":"https:\/\/www.pressenza.com\/de\/#organization"},"potentialAction":[{"@type":"SearchAction","target":{"@type":"EntryPoint","urlTemplate":"https:\/\/www.pressenza.com\/de\/?s={search_term_string}"},"query-input":{"@type":"PropertyValueSpecification","valueRequired":true,"valueName":"search_term_string"}}],"inLanguage":"de"},{"@type":"Organization","@id":"https:\/\/www.pressenza.com\/de\/#organization","name":"Pressenza","url":"https:\/\/www.pressenza.com\/de\/","logo":{"@type":"ImageObject","inLanguage":"de","@id":"https:\/\/www.pressenza.com\/de\/#\/schema\/logo\/image\/","url":"https:\/\/www.pressenza.com\/wp-content\/uploads\/2022\/10\/pressenza_logo_200x200.jpg","contentUrl":"https:\/\/www.pressenza.com\/wp-content\/uploads\/2022\/10\/pressenza_logo_200x200.jpg","width":200,"height":200,"caption":"Pressenza"},"image":{"@id":"https:\/\/www.pressenza.com\/de\/#\/schema\/logo\/image\/"},"sameAs":["https:\/\/www.facebook.com\/PressenzaItalia","https:\/\/x.com\/PressenzaIPA"]},{"@type":"Person","@id":"https:\/\/www.pressenza.com\/de\/#\/schema\/person\/aa7c55b36390ee5908d729832f09fc22","name":"International Campaign to Abolish Nuclear Weapons","description":"The International Campaign to Abolish Nuclear Weapons (ICAN) is a global campaign coalition working to mobilize people in all countries to inspire, persuade and pressure their governments to initiate negotiations for a treaty banning nuclear weapons. It has 500 partner organizations in 103 countries, and was launched in 2007. www.icanw.org","sameAs":["http:\/\/www.icanw.org","https:\/\/www.facebook.com\/icanw.org","https:\/\/x.com\/nuclearban"],"url":"https:\/\/www.pressenza.com\/de\/author\/international-campaign-to-abolish-nuclear-weapons\/"}]}},"place":"","original_article_url":"","_links":{"self":[{"href":"https:\/\/www.pressenza.com\/de\/wp-json\/wp\/v2\/posts\/1038092","targetHints":{"allow":["GET"]}}],"collection":[{"href":"https:\/\/www.pressenza.com\/de\/wp-json\/wp\/v2\/posts"}],"about":[{"href":"https:\/\/www.pressenza.com\/de\/wp-json\/wp\/v2\/types\/post"}],"author":[{"embeddable":true,"href":"https:\/\/www.pressenza.com\/de\/wp-json\/wp\/v2\/users\/1000"}],"replies":[{"embeddable":true,"href":"https:\/\/www.pressenza.com\/de\/wp-json\/wp\/v2\/comments?post=1038092"}],"version-history":[{"count":0,"href":"https:\/\/www.pressenza.com\/de\/wp-json\/wp\/v2\/posts\/1038092\/revisions"}],"wp:featuredmedia":[{"embeddable":true,"href":"https:\/\/www.pressenza.com\/de\/wp-json\/wp\/v2\/media\/1030166"}],"wp:attachment":[{"href":"https:\/\/www.pressenza.com\/de\/wp-json\/wp\/v2\/media?parent=1038092"}],"wp:term":[{"taxonomy":"category","embeddable":true,"href":"https:\/\/www.pressenza.com\/de\/wp-json\/wp\/v2\/categories?post=1038092"},{"taxonomy":"post_tag","embeddable":true,"href":"https:\/\/www.pressenza.com\/de\/wp-json\/wp\/v2\/tags?post=1038092"}],"curies":[{"name":"wp","href":"https:\/\/api.w.org\/{rel}","templated":true}]}}