{"id":1025055,"date":"2020-01-31T09:14:27","date_gmt":"2020-01-31T09:14:27","guid":{"rendered":"https:\/\/www.pressenza.com\/?p=1025055"},"modified":"2020-01-31T17:33:16","modified_gmt":"2020-01-31T17:33:16","slug":"58-streiktag-gegen-die-rentenreform-in-frankreich","status":"publish","type":"post","link":"https:\/\/www.pressenza.com\/de\/2020\/01\/58-streiktag-gegen-die-rentenreform-in-frankreich\/","title":{"rendered":"58. Streiktag gegen die Rentenreform in Frankreich"},"content":{"rendered":"<p>Auf Aufruf des CGT (Allgemeiner Gewerkschaftsbund), der URIF (Regionalgewerkschaften der Ile-de-France), der FO (Force Ouvri\u00e8re), der FSU (Einheitlicher Gewerkschaftsbund), der Solidaires, der FIDL (Unabh\u00e4ngiger und demokratischer Gymnasialverband), der UNL (Nationale Gymnasialgewerkschaft), der UNEF (Nationale Sch\u00fclergewerkschaft Frankreichs), MNL (Nationale Gymnasialbewegung), SUD Education (Solidaires, Unitaires, D\u00e9mocratiques) sowie mehrerer Gruppen von Gelbwesten fand am Mittwoch, dem 29. Januar eine <strong>berufs- und generationen\u00fcbergreifende Demonstration gegen die Rentenreform<\/strong> statt, einen Tag vor der sogenannten Finanzierungskonferenz am 30. Januar.<\/p>\n<p>Die Gewerkschaften erinnern daran, dass diese Reform die Solidarit\u00e4t zerst\u00f6rt und die Verarmung der Bev\u00f6lkerung beg\u00fcnstigt. Sie fordern:<\/p>\n<p>&#8211; Eine Verbesserung der Renten unter Beibehaltung der bestehenden Systeme<\/p>\n<p>&#8211; Allgemeine Gehaltserh\u00f6hungen mit einer sofortigen Neubewertung des Indexpunktes<\/p>\n<p>&#8211; Schaffung von Arbeitspl\u00e4tzen in den vielen Sektoren, wo dies n\u00f6tig ist<\/p>\n<p>&#8211; Die Verteidigung der \u00f6ffentlichen Aufgaben und damit die Abschaffung aller Formen von Outsourcing und Privatisierung<\/p>\n<p>&#8211; Gleiche Bezahlung f\u00fcr Frauen und M\u00e4nner<\/p>\n<p>&#8211; Anerkennung der H\u00e4rte der Arbeit<\/p>\n<p>Die j\u00fcngsten Umfragen best\u00e4tigen, dass 62% der Franzosen f\u00fcr die Abschaffung der von der Regierung Macron vorgeschlagenen Punkte-basierten Rentenreform sind. Wir erinnern daran, dass der <a href=\"https:\/\/de.wikipedia.org\/wiki\/Conseil_d\u2019\u00c9tat_(Frankreich)\" target=\"_blank\" rel=\"noopener\">Conseil d&#8217;\u00c9tat<\/a> (Staatsrat) diesen Gesetzentwurf kritisiert hat.<\/p>\n<p>Die Mobilisierung bleibt daher sehr wichtig.<\/p>\n<p>&nbsp;<\/p>\n<p><em>Die folgende Fotostrecke von Brigitte Cano gibt Eindr\u00fccke des 58. Streiktags in Paris wieder:<\/em><\/p>\n<div class=\"post-gallery\">\n\t\t\t<figure class=\"post-gallery-item\">\n\t\t\t\t<img decoding=\"async\" src=\"https:\/\/www.pressenza.com\/wp-content\/uploads\/2020\/01\/b.cano-manif-retraite-29012020-DSC_4751-720x480.jpg\" loading=\"lazy\">\n\t\t\t\t<figcaption>\n\t\t\t\t\t\n\t\t\t\t<\/figcaption>\n\t\t\t<\/figure>\n\t\t\t<figure class=\"post-gallery-item\">\n\t\t\t\t<img decoding=\"async\" src=\"https:\/\/www.pressenza.com\/wp-content\/uploads\/2020\/01\/b.cano-manif-retraite-29012020-DSC_4738.jpg\" loading=\"lazy\">\n\t\t\t\t<figcaption>\n\t\t\t\t\t\n\t\t\t\t<\/figcaption>\n\t\t\t<\/figure>\n\t\t\t<figure class=\"post-gallery-item\">\n\t\t\t\t<img decoding=\"async\" src=\"https:\/\/www.pressenza.com\/wp-content\/uploads\/2020\/01\/b.cano-manif-retraite-29012020-DSC_4734-720x480.jpg\" loading=\"lazy\">\n\t\t\t\t<figcaption>\n\t\t\t\t\t\n\t\t\t\t<\/figcaption>\n\t\t\t<\/figure>\n\t\t\t<figure class=\"post-gallery-item\">\n\t\t\t\t<img decoding=\"async\" src=\"https:\/\/www.pressenza.com\/wp-content\/uploads\/2020\/01\/b.cano-manif-retraite-29012020-DSC_4690.jpg\" loading=\"lazy\">\n\t\t\t\t<figcaption>\n\t\t\t\t\t\n\t\t\t\t<\/figcaption>\n\t\t\t<\/figure>\n\t\t\t<figure class=\"post-gallery-item\">\n\t\t\t\t<img decoding=\"async\" src=\"https:\/\/www.pressenza.com\/wp-content\/uploads\/2020\/01\/b.cano-manif-retraite-29012020-DSC_4621-720x480.jpg\" loading=\"lazy\">\n\t\t\t\t<figcaption>\n\t\t\t\t\t\n\t\t\t\t<\/figcaption>\n\t\t\t<\/figure>\n\t\t\t<figure class=\"post-gallery-item\">\n\t\t\t\t<img decoding=\"async\" src=\"https:\/\/www.pressenza.com\/wp-content\/uploads\/2020\/01\/b.cano-manif-retraite-29012020-DSC_4620-720x480.jpg\" loading=\"lazy\">\n\t\t\t\t<figcaption>\n\t\t\t\t\t\n\t\t\t\t<\/figcaption>\n\t\t\t<\/figure>\n\t\t\t<figure class=\"post-gallery-item\">\n\t\t\t\t<img decoding=\"async\" src=\"https:\/\/www.pressenza.com\/wp-content\/uploads\/2020\/01\/b.cano-manif-retraite-29012020-DSC_4603-720x480.jpg\" loading=\"lazy\">\n\t\t\t\t<figcaption>\n\t\t\t\t\t\n\t\t\t\t<\/figcaption>\n\t\t\t<\/figure>\n\t\t\t<figure class=\"post-gallery-item\">\n\t\t\t\t<img decoding=\"async\" src=\"https:\/\/www.pressenza.com\/wp-content\/uploads\/2020\/01\/b.cano-manif-retraite-29012020-DSC_4597.jpg\" loading=\"lazy\">\n\t\t\t\t<figcaption>\n\t\t\t\t\t\n\t\t\t\t<\/figcaption>\n\t\t\t<\/figure><\/div>\n<p><em>\u00dcbersetzung von Pressenza M\u00fcnchen<\/em><\/p>\n","protected":false},"excerpt":{"rendered":"<p>Auf Aufruf des CGT (Allgemeiner Gewerkschaftsbund), der URIF (Regionalgewerkschaften der Ile-de-France), der FO (Force Ouvri\u00e8re), der FSU (Einheitlicher Gewerkschaftsbund), der Solidaires, der FIDL (Unabh\u00e4ngiger und demokratischer Gymnasialverband), der UNL (Nationale Gymnasialgewerkschaft), der UNEF (Nationale Sch\u00fclergewerkschaft Frankreichs), MNL (Nationale Gymnasialbewegung), SUD&hellip;<\/p>\n","protected":false},"author":1215,"featured_media":1023813,"comment_status":"closed","ping_status":"closed","sticky":false,"template":"","format":"standard","meta":{"footnotes":""},"categories":[9150,9144,11387,9168],"tags":[15291,52608,43991,63447,68430,18395,17514,14615],"class_list":["post-1025055","post","type-post","status-publish","format-standard","has-post-thumbnail","hentry","category-europa-de","category-fotoreportagen","category-originalinhalt","category-politik","tag-frankreich","tag-gelbwesten","tag-gewerkschaften","tag-paris-de","tag-rentenreform","tag-solidaritat","tag-soziale-gerechtigkeit","tag-streik"],"yoast_head":"<!-- This site is optimized with the Yoast SEO plugin v27.1.1 - https:\/\/yoast.com\/product\/yoast-seo-wordpress\/ -->\n<title>58. Streiktag gegen die Rentenreform in Frankreich<\/title>\n<meta name=\"description\" content=\"Die j\u00fcngsten Umfragen best\u00e4tigen, dass 62% der Franzosen f\u00fcr die Abschaffung des von der Regierung Macron vorgeschlagenen Punkte-basierten Pensionsplans sind. Daf\u00fcr sind sie am Mittwoch erneut auf die Strassen gegangen.\" \/>\n<meta name=\"robots\" content=\"index, follow, max-snippet:-1, max-image-preview:large, max-video-preview:-1\" \/>\n<link rel=\"canonical\" href=\"https:\/\/www.pressenza.com\/de\/2020\/01\/58-streiktag-gegen-die-rentenreform-in-frankreich\/\" \/>\n<meta property=\"og:locale\" content=\"de_DE\" \/>\n<meta property=\"og:type\" content=\"article\" \/>\n<meta property=\"og:title\" content=\"58. Streiktag gegen die Rentenreform in Frankreich\" \/>\n<meta property=\"og:description\" content=\"Die j\u00fcngsten Umfragen best\u00e4tigen, dass 62% der Franzosen f\u00fcr die Abschaffung des von der Regierung Macron vorgeschlagenen Punkte-basierten Pensionsplans sind. Daf\u00fcr sind sie am Mittwoch erneut auf die Strassen gegangen.\" \/>\n<meta property=\"og:url\" content=\"https:\/\/www.pressenza.com\/de\/2020\/01\/58-streiktag-gegen-die-rentenreform-in-frankreich\/\" \/>\n<meta property=\"og:site_name\" content=\"Pressenza\" \/>\n<meta property=\"article:publisher\" content=\"https:\/\/www.facebook.com\/PressenzaItalia\" \/>\n<meta property=\"article:published_time\" content=\"2020-01-31T09:14:27+00:00\" \/>\n<meta property=\"article:modified_time\" content=\"2020-01-31T17:33:16+00:00\" \/>\n<meta property=\"og:image\" content=\"https:\/\/www.pressenza.com\/wp-content\/uploads\/2020\/01\/b.cano-manif-retraite-29012020-DSC_4599.jpg\" \/>\n\t<meta property=\"og:image:width\" content=\"750\" \/>\n\t<meta property=\"og:image:height\" content=\"500\" \/>\n\t<meta property=\"og:image:type\" content=\"image\/jpeg\" \/>\n<meta name=\"author\" content=\"Brigitte Cano\" \/>\n<meta name=\"twitter:card\" content=\"summary_large_image\" \/>\n<meta name=\"twitter:creator\" content=\"@PressenzaIPA\" \/>\n<meta name=\"twitter:site\" content=\"@PressenzaIPA\" \/>\n<meta name=\"twitter:label1\" content=\"Verfasst von\" \/>\n\t<meta name=\"twitter:data1\" content=\"Brigitte Cano\" \/>\n\t<meta name=\"twitter:label2\" content=\"Gesch\u00e4tzte Lesezeit\" \/>\n\t<meta name=\"twitter:data2\" content=\"1\u00a0Minute\" \/>\n<script type=\"application\/ld+json\" class=\"yoast-schema-graph\">{\"@context\":\"https:\/\/schema.org\",\"@graph\":[{\"@type\":\"Article\",\"@id\":\"https:\/\/www.pressenza.com\/de\/2020\/01\/58-streiktag-gegen-die-rentenreform-in-frankreich\/#article\",\"isPartOf\":{\"@id\":\"https:\/\/www.pressenza.com\/de\/2020\/01\/58-streiktag-gegen-die-rentenreform-in-frankreich\/\"},\"author\":{\"name\":\"Brigitte Cano\",\"@id\":\"https:\/\/www.pressenza.com\/de\/#\/schema\/person\/602645a77d2912fc1013c3f8ff496e97\"},\"headline\":\"58. Streiktag gegen die Rentenreform in Frankreich\",\"datePublished\":\"2020-01-31T09:14:27+00:00\",\"dateModified\":\"2020-01-31T17:33:16+00:00\",\"mainEntityOfPage\":{\"@id\":\"https:\/\/www.pressenza.com\/de\/2020\/01\/58-streiktag-gegen-die-rentenreform-in-frankreich\/\"},\"wordCount\":233,\"publisher\":{\"@id\":\"https:\/\/www.pressenza.com\/de\/#organization\"},\"image\":{\"@id\":\"https:\/\/www.pressenza.com\/de\/2020\/01\/58-streiktag-gegen-die-rentenreform-in-frankreich\/#primaryimage\"},\"thumbnailUrl\":\"https:\/\/www.pressenza.com\/wp-content\/uploads\/2020\/01\/b.cano-manif-retraite-29012020-DSC_4599.jpg\",\"keywords\":[\"Frankreich\",\"Gelbwesten\",\"Gewerkschaften\",\"Paris\",\"Rentenreform\",\"Solidarit\u00e4t\",\"soziale Gerechtigkeit\",\"Streik\"],\"articleSection\":[\"Europa\",\"Fotoreportagen\",\"Originalinhalt\",\"Politik\"],\"inLanguage\":\"de\"},{\"@type\":\"WebPage\",\"@id\":\"https:\/\/www.pressenza.com\/de\/2020\/01\/58-streiktag-gegen-die-rentenreform-in-frankreich\/\",\"url\":\"https:\/\/www.pressenza.com\/de\/2020\/01\/58-streiktag-gegen-die-rentenreform-in-frankreich\/\",\"name\":\"58. Streiktag gegen die Rentenreform in Frankreich\",\"isPartOf\":{\"@id\":\"https:\/\/www.pressenza.com\/de\/#website\"},\"primaryImageOfPage\":{\"@id\":\"https:\/\/www.pressenza.com\/de\/2020\/01\/58-streiktag-gegen-die-rentenreform-in-frankreich\/#primaryimage\"},\"image\":{\"@id\":\"https:\/\/www.pressenza.com\/de\/2020\/01\/58-streiktag-gegen-die-rentenreform-in-frankreich\/#primaryimage\"},\"thumbnailUrl\":\"https:\/\/www.pressenza.com\/wp-content\/uploads\/2020\/01\/b.cano-manif-retraite-29012020-DSC_4599.jpg\",\"datePublished\":\"2020-01-31T09:14:27+00:00\",\"dateModified\":\"2020-01-31T17:33:16+00:00\",\"description\":\"Die j\u00fcngsten Umfragen best\u00e4tigen, dass 62% der Franzosen f\u00fcr die Abschaffung des von der Regierung Macron vorgeschlagenen Punkte-basierten Pensionsplans sind. Daf\u00fcr sind sie am Mittwoch erneut auf die Strassen gegangen.\",\"breadcrumb\":{\"@id\":\"https:\/\/www.pressenza.com\/de\/2020\/01\/58-streiktag-gegen-die-rentenreform-in-frankreich\/#breadcrumb\"},\"inLanguage\":\"de\",\"potentialAction\":[{\"@type\":\"ReadAction\",\"target\":[\"https:\/\/www.pressenza.com\/de\/2020\/01\/58-streiktag-gegen-die-rentenreform-in-frankreich\/\"]}]},{\"@type\":\"ImageObject\",\"inLanguage\":\"de\",\"@id\":\"https:\/\/www.pressenza.com\/de\/2020\/01\/58-streiktag-gegen-die-rentenreform-in-frankreich\/#primaryimage\",\"url\":\"https:\/\/www.pressenza.com\/wp-content\/uploads\/2020\/01\/b.cano-manif-retraite-29012020-DSC_4599.jpg\",\"contentUrl\":\"https:\/\/www.pressenza.com\/wp-content\/uploads\/2020\/01\/b.cano-manif-retraite-29012020-DSC_4599.jpg\",\"width\":750,\"height\":500,\"caption\":\"58. Tag des Streiks gegen die Rentenreform in Frankreich\"},{\"@type\":\"BreadcrumbList\",\"@id\":\"https:\/\/www.pressenza.com\/de\/2020\/01\/58-streiktag-gegen-die-rentenreform-in-frankreich\/#breadcrumb\",\"itemListElement\":[{\"@type\":\"ListItem\",\"position\":1,\"name\":\"Accueil\",\"item\":\"https:\/\/www.pressenza.com\/de\/\"},{\"@type\":\"ListItem\",\"position\":2,\"name\":\"58. Streiktag gegen die Rentenreform in Frankreich\"}]},{\"@type\":\"WebSite\",\"@id\":\"https:\/\/www.pressenza.com\/de\/#website\",\"url\":\"https:\/\/www.pressenza.com\/de\/\",\"name\":\"Pressenza\",\"description\":\"International Press Agency\",\"publisher\":{\"@id\":\"https:\/\/www.pressenza.com\/de\/#organization\"},\"potentialAction\":[{\"@type\":\"SearchAction\",\"target\":{\"@type\":\"EntryPoint\",\"urlTemplate\":\"https:\/\/www.pressenza.com\/de\/?s={search_term_string}\"},\"query-input\":{\"@type\":\"PropertyValueSpecification\",\"valueRequired\":true,\"valueName\":\"search_term_string\"}}],\"inLanguage\":\"de\"},{\"@type\":\"Organization\",\"@id\":\"https:\/\/www.pressenza.com\/de\/#organization\",\"name\":\"Pressenza\",\"url\":\"https:\/\/www.pressenza.com\/de\/\",\"logo\":{\"@type\":\"ImageObject\",\"inLanguage\":\"de\",\"@id\":\"https:\/\/www.pressenza.com\/de\/#\/schema\/logo\/image\/\",\"url\":\"https:\/\/www.pressenza.com\/wp-content\/uploads\/2022\/10\/pressenza_logo_200x200.jpg\",\"contentUrl\":\"https:\/\/www.pressenza.com\/wp-content\/uploads\/2022\/10\/pressenza_logo_200x200.jpg\",\"width\":200,\"height\":200,\"caption\":\"Pressenza\"},\"image\":{\"@id\":\"https:\/\/www.pressenza.com\/de\/#\/schema\/logo\/image\/\"},\"sameAs\":[\"https:\/\/www.facebook.com\/PressenzaItalia\",\"https:\/\/x.com\/PressenzaIPA\"]},{\"@type\":\"Person\",\"@id\":\"https:\/\/www.pressenza.com\/de\/#\/schema\/person\/602645a77d2912fc1013c3f8ff496e97\",\"name\":\"Brigitte Cano\",\"url\":\"https:\/\/www.pressenza.com\/de\/author\/brigittecano\/\"}]}<\/script>\n<!-- \/ Yoast SEO plugin. -->","yoast_head_json":{"title":"58. Streiktag gegen die Rentenreform in Frankreich","description":"Die j\u00fcngsten Umfragen best\u00e4tigen, dass 62% der Franzosen f\u00fcr die Abschaffung des von der Regierung Macron vorgeschlagenen Punkte-basierten Pensionsplans sind. Daf\u00fcr sind sie am Mittwoch erneut auf die Strassen gegangen.","robots":{"index":"index","follow":"follow","max-snippet":"max-snippet:-1","max-image-preview":"max-image-preview:large","max-video-preview":"max-video-preview:-1"},"canonical":"https:\/\/www.pressenza.com\/de\/2020\/01\/58-streiktag-gegen-die-rentenreform-in-frankreich\/","og_locale":"de_DE","og_type":"article","og_title":"58. Streiktag gegen die Rentenreform in Frankreich","og_description":"Die j\u00fcngsten Umfragen best\u00e4tigen, dass 62% der Franzosen f\u00fcr die Abschaffung des von der Regierung Macron vorgeschlagenen Punkte-basierten Pensionsplans sind. Daf\u00fcr sind sie am Mittwoch erneut auf die Strassen gegangen.","og_url":"https:\/\/www.pressenza.com\/de\/2020\/01\/58-streiktag-gegen-die-rentenreform-in-frankreich\/","og_site_name":"Pressenza","article_publisher":"https:\/\/www.facebook.com\/PressenzaItalia","article_published_time":"2020-01-31T09:14:27+00:00","article_modified_time":"2020-01-31T17:33:16+00:00","og_image":[{"width":750,"height":500,"url":"https:\/\/www.pressenza.com\/wp-content\/uploads\/2020\/01\/b.cano-manif-retraite-29012020-DSC_4599.jpg","type":"image\/jpeg"}],"author":"Brigitte Cano","twitter_card":"summary_large_image","twitter_creator":"@PressenzaIPA","twitter_site":"@PressenzaIPA","twitter_misc":{"Verfasst von":"Brigitte Cano","Gesch\u00e4tzte Lesezeit":"1\u00a0Minute"},"schema":{"@context":"https:\/\/schema.org","@graph":[{"@type":"Article","@id":"https:\/\/www.pressenza.com\/de\/2020\/01\/58-streiktag-gegen-die-rentenreform-in-frankreich\/#article","isPartOf":{"@id":"https:\/\/www.pressenza.com\/de\/2020\/01\/58-streiktag-gegen-die-rentenreform-in-frankreich\/"},"author":{"name":"Brigitte Cano","@id":"https:\/\/www.pressenza.com\/de\/#\/schema\/person\/602645a77d2912fc1013c3f8ff496e97"},"headline":"58. Streiktag gegen die Rentenreform in Frankreich","datePublished":"2020-01-31T09:14:27+00:00","dateModified":"2020-01-31T17:33:16+00:00","mainEntityOfPage":{"@id":"https:\/\/www.pressenza.com\/de\/2020\/01\/58-streiktag-gegen-die-rentenreform-in-frankreich\/"},"wordCount":233,"publisher":{"@id":"https:\/\/www.pressenza.com\/de\/#organization"},"image":{"@id":"https:\/\/www.pressenza.com\/de\/2020\/01\/58-streiktag-gegen-die-rentenreform-in-frankreich\/#primaryimage"},"thumbnailUrl":"https:\/\/www.pressenza.com\/wp-content\/uploads\/2020\/01\/b.cano-manif-retraite-29012020-DSC_4599.jpg","keywords":["Frankreich","Gelbwesten","Gewerkschaften","Paris","Rentenreform","Solidarit\u00e4t","soziale Gerechtigkeit","Streik"],"articleSection":["Europa","Fotoreportagen","Originalinhalt","Politik"],"inLanguage":"de"},{"@type":"WebPage","@id":"https:\/\/www.pressenza.com\/de\/2020\/01\/58-streiktag-gegen-die-rentenreform-in-frankreich\/","url":"https:\/\/www.pressenza.com\/de\/2020\/01\/58-streiktag-gegen-die-rentenreform-in-frankreich\/","name":"58. Streiktag gegen die Rentenreform in Frankreich","isPartOf":{"@id":"https:\/\/www.pressenza.com\/de\/#website"},"primaryImageOfPage":{"@id":"https:\/\/www.pressenza.com\/de\/2020\/01\/58-streiktag-gegen-die-rentenreform-in-frankreich\/#primaryimage"},"image":{"@id":"https:\/\/www.pressenza.com\/de\/2020\/01\/58-streiktag-gegen-die-rentenreform-in-frankreich\/#primaryimage"},"thumbnailUrl":"https:\/\/www.pressenza.com\/wp-content\/uploads\/2020\/01\/b.cano-manif-retraite-29012020-DSC_4599.jpg","datePublished":"2020-01-31T09:14:27+00:00","dateModified":"2020-01-31T17:33:16+00:00","description":"Die j\u00fcngsten Umfragen best\u00e4tigen, dass 62% der Franzosen f\u00fcr die Abschaffung des von der Regierung Macron vorgeschlagenen Punkte-basierten Pensionsplans sind. Daf\u00fcr sind sie am Mittwoch erneut auf die Strassen gegangen.","breadcrumb":{"@id":"https:\/\/www.pressenza.com\/de\/2020\/01\/58-streiktag-gegen-die-rentenreform-in-frankreich\/#breadcrumb"},"inLanguage":"de","potentialAction":[{"@type":"ReadAction","target":["https:\/\/www.pressenza.com\/de\/2020\/01\/58-streiktag-gegen-die-rentenreform-in-frankreich\/"]}]},{"@type":"ImageObject","inLanguage":"de","@id":"https:\/\/www.pressenza.com\/de\/2020\/01\/58-streiktag-gegen-die-rentenreform-in-frankreich\/#primaryimage","url":"https:\/\/www.pressenza.com\/wp-content\/uploads\/2020\/01\/b.cano-manif-retraite-29012020-DSC_4599.jpg","contentUrl":"https:\/\/www.pressenza.com\/wp-content\/uploads\/2020\/01\/b.cano-manif-retraite-29012020-DSC_4599.jpg","width":750,"height":500,"caption":"58. Tag des Streiks gegen die Rentenreform in Frankreich"},{"@type":"BreadcrumbList","@id":"https:\/\/www.pressenza.com\/de\/2020\/01\/58-streiktag-gegen-die-rentenreform-in-frankreich\/#breadcrumb","itemListElement":[{"@type":"ListItem","position":1,"name":"Accueil","item":"https:\/\/www.pressenza.com\/de\/"},{"@type":"ListItem","position":2,"name":"58. Streiktag gegen die Rentenreform in Frankreich"}]},{"@type":"WebSite","@id":"https:\/\/www.pressenza.com\/de\/#website","url":"https:\/\/www.pressenza.com\/de\/","name":"Pressenza","description":"International Press Agency","publisher":{"@id":"https:\/\/www.pressenza.com\/de\/#organization"},"potentialAction":[{"@type":"SearchAction","target":{"@type":"EntryPoint","urlTemplate":"https:\/\/www.pressenza.com\/de\/?s={search_term_string}"},"query-input":{"@type":"PropertyValueSpecification","valueRequired":true,"valueName":"search_term_string"}}],"inLanguage":"de"},{"@type":"Organization","@id":"https:\/\/www.pressenza.com\/de\/#organization","name":"Pressenza","url":"https:\/\/www.pressenza.com\/de\/","logo":{"@type":"ImageObject","inLanguage":"de","@id":"https:\/\/www.pressenza.com\/de\/#\/schema\/logo\/image\/","url":"https:\/\/www.pressenza.com\/wp-content\/uploads\/2022\/10\/pressenza_logo_200x200.jpg","contentUrl":"https:\/\/www.pressenza.com\/wp-content\/uploads\/2022\/10\/pressenza_logo_200x200.jpg","width":200,"height":200,"caption":"Pressenza"},"image":{"@id":"https:\/\/www.pressenza.com\/de\/#\/schema\/logo\/image\/"},"sameAs":["https:\/\/www.facebook.com\/PressenzaItalia","https:\/\/x.com\/PressenzaIPA"]},{"@type":"Person","@id":"https:\/\/www.pressenza.com\/de\/#\/schema\/person\/602645a77d2912fc1013c3f8ff496e97","name":"Brigitte Cano","url":"https:\/\/www.pressenza.com\/de\/author\/brigittecano\/"}]}},"place":"Paris, Frankreich","original_article_url":"","_links":{"self":[{"href":"https:\/\/www.pressenza.com\/de\/wp-json\/wp\/v2\/posts\/1025055","targetHints":{"allow":["GET"]}}],"collection":[{"href":"https:\/\/www.pressenza.com\/de\/wp-json\/wp\/v2\/posts"}],"about":[{"href":"https:\/\/www.pressenza.com\/de\/wp-json\/wp\/v2\/types\/post"}],"author":[{"embeddable":true,"href":"https:\/\/www.pressenza.com\/de\/wp-json\/wp\/v2\/users\/1215"}],"replies":[{"embeddable":true,"href":"https:\/\/www.pressenza.com\/de\/wp-json\/wp\/v2\/comments?post=1025055"}],"version-history":[{"count":0,"href":"https:\/\/www.pressenza.com\/de\/wp-json\/wp\/v2\/posts\/1025055\/revisions"}],"wp:featuredmedia":[{"embeddable":true,"href":"https:\/\/www.pressenza.com\/de\/wp-json\/wp\/v2\/media\/1023813"}],"wp:attachment":[{"href":"https:\/\/www.pressenza.com\/de\/wp-json\/wp\/v2\/media?parent=1025055"}],"wp:term":[{"taxonomy":"category","embeddable":true,"href":"https:\/\/www.pressenza.com\/de\/wp-json\/wp\/v2\/categories?post=1025055"},{"taxonomy":"post_tag","embeddable":true,"href":"https:\/\/www.pressenza.com\/de\/wp-json\/wp\/v2\/tags?post=1025055"}],"curies":[{"name":"wp","href":"https:\/\/api.w.org\/{rel}","templated":true}]}}