{"id":1011647,"date":"2020-01-13T13:54:14","date_gmt":"2020-01-13T13:54:14","guid":{"rendered":"https:\/\/www.pressenza.com\/?p=1011647"},"modified":"2020-01-13T13:54:14","modified_gmt":"2020-01-13T13:54:14","slug":"die-transfrau-die-gegen-ihre-mafia-erziehung-rebellierte","status":"publish","type":"post","link":"https:\/\/www.pressenza.com\/de\/2020\/01\/die-transfrau-die-gegen-ihre-mafia-erziehung-rebellierte\/","title":{"rendered":"Die Transfrau, die gegen ihre Mafia-Erziehung rebellierte"},"content":{"rendered":"<p><strong>Daniela Lourdes Falanga wuchs als erstgeborener Sohn ihrer Familie in Neapel auf. Eigentlich h\u00e4tte sie in die Fu\u00dfstapfen ihres Vaters, eines Mafiabosses, treten sollen. Doch es kam anders.<\/strong><\/p>\n<p>Die schmalen Gassen rund um den Obelisk von San Domenico sind ein beliebtes Postkartenmotiv von Neapel. Universit\u00e4tsstudierende\u00a0schlendern Espresso trinkend und Ricotta-Geb\u00e4ck naschend die Spaccanapoli entlang, die Hauptstra\u00dfe, die durch die Stadt f\u00fchrt. Niedrige, schmale T\u00fcren f\u00fchren in sogenannte <em>vasci<\/em> &#8211; Ein-Zimmer-Wohnungen in Erdgeschossen, in denen fr\u00fcher arme Menschen wohnten und die heute&#8230;.. <a href=\"https:\/\/www.dw.com\/de\/die-transfrau-die-gegen-ihre-mafia-erziehung-rebellierte\/a-51939544?maca=de-GK-TXT-Pressenza-DE-13404-xml-mrss\"><em>weiter lesen<\/em><\/a><\/p>\n","protected":false},"excerpt":{"rendered":"<p>Daniela Lourdes Falanga wuchs als erstgeborener Sohn ihrer Familie in Neapel auf. Eigentlich h\u00e4tte sie in die Fu\u00dfstapfen ihres Vaters, eines Mafiabosses, treten sollen. Doch es kam anders. Die schmalen Gassen rund um den Obelisk von San Domenico sind ein&hellip;<\/p>\n","protected":false},"author":993,"featured_media":1011671,"comment_status":"closed","ping_status":"closed","sticky":false,"template":"","format":"standard","meta":{"footnotes":""},"categories":[9159,9150,54510,7835,9161,9165],"tags":[9254,10197,12090,10572],"class_list":["post-1011647","post","type-post","status-publish","format-standard","has-post-thumbnail","hentry","category-bildung","category-europa-de","category-gender-und-feminismen","category-international-de","category-menschenrechte","category-vielfalt","tag-diskriminierung","tag-italien","tag-lgbt-de","tag-transsexualitat"],"yoast_head":"<!-- This site is optimized with the Yoast SEO plugin v27.1.1 - https:\/\/yoast.com\/product\/yoast-seo-wordpress\/ -->\n<title>Die Transfrau, die gegen ihre Mafia-Erziehung rebellierte<\/title>\n<meta name=\"description\" content=\"Daniela Lourdes Falanga wuchs als erstgeborener Sohn ihrer Familie in Neapel auf. Eigentlich h\u00e4tte sie in die Fu\u00dfstapfen ihres Vaters, eines Mafiabosses,\" \/>\n<meta name=\"robots\" content=\"index, follow, max-snippet:-1, max-image-preview:large, max-video-preview:-1\" \/>\n<link rel=\"canonical\" href=\"https:\/\/www.pressenza.com\/de\/2020\/01\/die-transfrau-die-gegen-ihre-mafia-erziehung-rebellierte\/\" \/>\n<meta property=\"og:locale\" content=\"de_DE\" \/>\n<meta property=\"og:type\" content=\"article\" \/>\n<meta property=\"og:title\" content=\"Die Transfrau, die gegen ihre Mafia-Erziehung rebellierte\" \/>\n<meta property=\"og:description\" content=\"Ich habe die ganze Nacht HIV-Tests an alle verteilt, die einen haben wollten&quot;, sagt die 42-J\u00e4hrige, umgeben von Bannern und Postern von der j\u00e4hrlichen Pride Parade. &quot;In der transsexuellen Community gibt es immer noch ein starkes Stigma rund um HIV, deshalb meiden viele den Test.&quot;\" \/>\n<meta property=\"og:url\" content=\"https:\/\/www.pressenza.com\/de\/2020\/01\/die-transfrau-die-gegen-ihre-mafia-erziehung-rebellierte\/\" \/>\n<meta property=\"og:site_name\" content=\"Pressenza\" \/>\n<meta property=\"article:publisher\" content=\"https:\/\/www.facebook.com\/PressenzaItalia\" \/>\n<meta property=\"article:published_time\" content=\"2020-01-13T13:54:14+00:00\" \/>\n<meta property=\"og:image\" content=\"https:\/\/www.pressenza.com\/wp-content\/uploads\/2020\/01\/5F2D3244-1F73-4EA9-B824-1FC3A27C9E8F.jpeg\" \/>\n\t<meta property=\"og:image:width\" content=\"940\" \/>\n\t<meta property=\"og:image:height\" content=\"529\" \/>\n\t<meta property=\"og:image:type\" content=\"image\/jpeg\" \/>\n<meta name=\"author\" content=\"Deutsche Welle\" \/>\n<meta name=\"twitter:card\" content=\"summary_large_image\" \/>\n<meta name=\"twitter:creator\" content=\"@PressenzaIPA\" \/>\n<meta name=\"twitter:site\" content=\"@PressenzaIPA\" \/>\n<meta name=\"twitter:label1\" content=\"Verfasst von\" \/>\n\t<meta name=\"twitter:data1\" content=\"Deutsche Welle\" \/>\n<script type=\"application\/ld+json\" class=\"yoast-schema-graph\">{\"@context\":\"https:\/\/schema.org\",\"@graph\":[{\"@type\":\"Article\",\"@id\":\"https:\/\/www.pressenza.com\/de\/2020\/01\/die-transfrau-die-gegen-ihre-mafia-erziehung-rebellierte\/#article\",\"isPartOf\":{\"@id\":\"https:\/\/www.pressenza.com\/de\/2020\/01\/die-transfrau-die-gegen-ihre-mafia-erziehung-rebellierte\/\"},\"author\":{\"name\":\"Deutsche Welle\",\"@id\":\"https:\/\/www.pressenza.com\/de\/#\/schema\/person\/b7c775911f2c9a1b8c7225b94e2e9f37\"},\"headline\":\"Die Transfrau, die gegen ihre Mafia-Erziehung rebellierte\",\"datePublished\":\"2020-01-13T13:54:14+00:00\",\"mainEntityOfPage\":{\"@id\":\"https:\/\/www.pressenza.com\/de\/2020\/01\/die-transfrau-die-gegen-ihre-mafia-erziehung-rebellierte\/\"},\"wordCount\":99,\"publisher\":{\"@id\":\"https:\/\/www.pressenza.com\/de\/#organization\"},\"image\":{\"@id\":\"https:\/\/www.pressenza.com\/de\/2020\/01\/die-transfrau-die-gegen-ihre-mafia-erziehung-rebellierte\/#primaryimage\"},\"thumbnailUrl\":\"https:\/\/www.pressenza.com\/wp-content\/uploads\/2020\/01\/5F2D3244-1F73-4EA9-B824-1FC3A27C9E8F.jpeg\",\"keywords\":[\"Diskriminierung\",\"italien\",\"LGBT\",\"transsexualit\u00e4t\"],\"articleSection\":[\"Bildung\",\"Europa\",\"Gender und Feminismen\",\"International\",\"Menschenrechte\",\"Vielfalt\"],\"inLanguage\":\"de\"},{\"@type\":\"WebPage\",\"@id\":\"https:\/\/www.pressenza.com\/de\/2020\/01\/die-transfrau-die-gegen-ihre-mafia-erziehung-rebellierte\/\",\"url\":\"https:\/\/www.pressenza.com\/de\/2020\/01\/die-transfrau-die-gegen-ihre-mafia-erziehung-rebellierte\/\",\"name\":\"Die Transfrau, die gegen ihre Mafia-Erziehung rebellierte\",\"isPartOf\":{\"@id\":\"https:\/\/www.pressenza.com\/de\/#website\"},\"primaryImageOfPage\":{\"@id\":\"https:\/\/www.pressenza.com\/de\/2020\/01\/die-transfrau-die-gegen-ihre-mafia-erziehung-rebellierte\/#primaryimage\"},\"image\":{\"@id\":\"https:\/\/www.pressenza.com\/de\/2020\/01\/die-transfrau-die-gegen-ihre-mafia-erziehung-rebellierte\/#primaryimage\"},\"thumbnailUrl\":\"https:\/\/www.pressenza.com\/wp-content\/uploads\/2020\/01\/5F2D3244-1F73-4EA9-B824-1FC3A27C9E8F.jpeg\",\"datePublished\":\"2020-01-13T13:54:14+00:00\",\"description\":\"Daniela Lourdes Falanga wuchs als erstgeborener Sohn ihrer Familie in Neapel auf. Eigentlich h\u00e4tte sie in die Fu\u00dfstapfen ihres Vaters, eines Mafiabosses,\",\"breadcrumb\":{\"@id\":\"https:\/\/www.pressenza.com\/de\/2020\/01\/die-transfrau-die-gegen-ihre-mafia-erziehung-rebellierte\/#breadcrumb\"},\"inLanguage\":\"de\",\"potentialAction\":[{\"@type\":\"ReadAction\",\"target\":[\"https:\/\/www.pressenza.com\/de\/2020\/01\/die-transfrau-die-gegen-ihre-mafia-erziehung-rebellierte\/\"]}]},{\"@type\":\"ImageObject\",\"inLanguage\":\"de\",\"@id\":\"https:\/\/www.pressenza.com\/de\/2020\/01\/die-transfrau-die-gegen-ihre-mafia-erziehung-rebellierte\/#primaryimage\",\"url\":\"https:\/\/www.pressenza.com\/wp-content\/uploads\/2020\/01\/5F2D3244-1F73-4EA9-B824-1FC3A27C9E8F.jpeg\",\"contentUrl\":\"https:\/\/www.pressenza.com\/wp-content\/uploads\/2020\/01\/5F2D3244-1F73-4EA9-B824-1FC3A27C9E8F.jpeg\",\"width\":940,\"height\":529},{\"@type\":\"BreadcrumbList\",\"@id\":\"https:\/\/www.pressenza.com\/de\/2020\/01\/die-transfrau-die-gegen-ihre-mafia-erziehung-rebellierte\/#breadcrumb\",\"itemListElement\":[{\"@type\":\"ListItem\",\"position\":1,\"name\":\"Accueil\",\"item\":\"https:\/\/www.pressenza.com\/de\/\"},{\"@type\":\"ListItem\",\"position\":2,\"name\":\"Die Transfrau, die gegen ihre Mafia-Erziehung rebellierte\"}]},{\"@type\":\"WebSite\",\"@id\":\"https:\/\/www.pressenza.com\/de\/#website\",\"url\":\"https:\/\/www.pressenza.com\/de\/\",\"name\":\"Pressenza\",\"description\":\"International Press Agency\",\"publisher\":{\"@id\":\"https:\/\/www.pressenza.com\/de\/#organization\"},\"potentialAction\":[{\"@type\":\"SearchAction\",\"target\":{\"@type\":\"EntryPoint\",\"urlTemplate\":\"https:\/\/www.pressenza.com\/de\/?s={search_term_string}\"},\"query-input\":{\"@type\":\"PropertyValueSpecification\",\"valueRequired\":true,\"valueName\":\"search_term_string\"}}],\"inLanguage\":\"de\"},{\"@type\":\"Organization\",\"@id\":\"https:\/\/www.pressenza.com\/de\/#organization\",\"name\":\"Pressenza\",\"url\":\"https:\/\/www.pressenza.com\/de\/\",\"logo\":{\"@type\":\"ImageObject\",\"inLanguage\":\"de\",\"@id\":\"https:\/\/www.pressenza.com\/de\/#\/schema\/logo\/image\/\",\"url\":\"https:\/\/www.pressenza.com\/wp-content\/uploads\/2022\/10\/pressenza_logo_200x200.jpg\",\"contentUrl\":\"https:\/\/www.pressenza.com\/wp-content\/uploads\/2022\/10\/pressenza_logo_200x200.jpg\",\"width\":200,\"height\":200,\"caption\":\"Pressenza\"},\"image\":{\"@id\":\"https:\/\/www.pressenza.com\/de\/#\/schema\/logo\/image\/\"},\"sameAs\":[\"https:\/\/www.facebook.com\/PressenzaItalia\",\"https:\/\/x.com\/PressenzaIPA\"]},{\"@type\":\"Person\",\"@id\":\"https:\/\/www.pressenza.com\/de\/#\/schema\/person\/b7c775911f2c9a1b8c7225b94e2e9f37\",\"name\":\"Deutsche Welle\",\"description\":\"Articles and photographs by Deutsche Welle on Pressenza do not fall under the Creative Commons licence and are not reproducible in any way. www.dw.com\",\"sameAs\":[\"http:\/\/www.dw.com\"],\"url\":\"https:\/\/www.pressenza.com\/de\/author\/deutsche-welle\/\"}]}<\/script>\n<!-- \/ Yoast SEO plugin. -->","yoast_head_json":{"title":"Die Transfrau, die gegen ihre Mafia-Erziehung rebellierte","description":"Daniela Lourdes Falanga wuchs als erstgeborener Sohn ihrer Familie in Neapel auf. Eigentlich h\u00e4tte sie in die Fu\u00dfstapfen ihres Vaters, eines Mafiabosses,","robots":{"index":"index","follow":"follow","max-snippet":"max-snippet:-1","max-image-preview":"max-image-preview:large","max-video-preview":"max-video-preview:-1"},"canonical":"https:\/\/www.pressenza.com\/de\/2020\/01\/die-transfrau-die-gegen-ihre-mafia-erziehung-rebellierte\/","og_locale":"de_DE","og_type":"article","og_title":"Die Transfrau, die gegen ihre Mafia-Erziehung rebellierte","og_description":"Ich habe die ganze Nacht HIV-Tests an alle verteilt, die einen haben wollten\", sagt die 42-J\u00e4hrige, umgeben von Bannern und Postern von der j\u00e4hrlichen Pride Parade. \"In der transsexuellen Community gibt es immer noch ein starkes Stigma rund um HIV, deshalb meiden viele den Test.\"","og_url":"https:\/\/www.pressenza.com\/de\/2020\/01\/die-transfrau-die-gegen-ihre-mafia-erziehung-rebellierte\/","og_site_name":"Pressenza","article_publisher":"https:\/\/www.facebook.com\/PressenzaItalia","article_published_time":"2020-01-13T13:54:14+00:00","og_image":[{"width":940,"height":529,"url":"https:\/\/www.pressenza.com\/wp-content\/uploads\/2020\/01\/5F2D3244-1F73-4EA9-B824-1FC3A27C9E8F.jpeg","type":"image\/jpeg"}],"author":"Deutsche Welle","twitter_card":"summary_large_image","twitter_creator":"@PressenzaIPA","twitter_site":"@PressenzaIPA","twitter_misc":{"Verfasst von":"Deutsche Welle"},"schema":{"@context":"https:\/\/schema.org","@graph":[{"@type":"Article","@id":"https:\/\/www.pressenza.com\/de\/2020\/01\/die-transfrau-die-gegen-ihre-mafia-erziehung-rebellierte\/#article","isPartOf":{"@id":"https:\/\/www.pressenza.com\/de\/2020\/01\/die-transfrau-die-gegen-ihre-mafia-erziehung-rebellierte\/"},"author":{"name":"Deutsche Welle","@id":"https:\/\/www.pressenza.com\/de\/#\/schema\/person\/b7c775911f2c9a1b8c7225b94e2e9f37"},"headline":"Die Transfrau, die gegen ihre Mafia-Erziehung rebellierte","datePublished":"2020-01-13T13:54:14+00:00","mainEntityOfPage":{"@id":"https:\/\/www.pressenza.com\/de\/2020\/01\/die-transfrau-die-gegen-ihre-mafia-erziehung-rebellierte\/"},"wordCount":99,"publisher":{"@id":"https:\/\/www.pressenza.com\/de\/#organization"},"image":{"@id":"https:\/\/www.pressenza.com\/de\/2020\/01\/die-transfrau-die-gegen-ihre-mafia-erziehung-rebellierte\/#primaryimage"},"thumbnailUrl":"https:\/\/www.pressenza.com\/wp-content\/uploads\/2020\/01\/5F2D3244-1F73-4EA9-B824-1FC3A27C9E8F.jpeg","keywords":["Diskriminierung","italien","LGBT","transsexualit\u00e4t"],"articleSection":["Bildung","Europa","Gender und Feminismen","International","Menschenrechte","Vielfalt"],"inLanguage":"de"},{"@type":"WebPage","@id":"https:\/\/www.pressenza.com\/de\/2020\/01\/die-transfrau-die-gegen-ihre-mafia-erziehung-rebellierte\/","url":"https:\/\/www.pressenza.com\/de\/2020\/01\/die-transfrau-die-gegen-ihre-mafia-erziehung-rebellierte\/","name":"Die Transfrau, die gegen ihre Mafia-Erziehung rebellierte","isPartOf":{"@id":"https:\/\/www.pressenza.com\/de\/#website"},"primaryImageOfPage":{"@id":"https:\/\/www.pressenza.com\/de\/2020\/01\/die-transfrau-die-gegen-ihre-mafia-erziehung-rebellierte\/#primaryimage"},"image":{"@id":"https:\/\/www.pressenza.com\/de\/2020\/01\/die-transfrau-die-gegen-ihre-mafia-erziehung-rebellierte\/#primaryimage"},"thumbnailUrl":"https:\/\/www.pressenza.com\/wp-content\/uploads\/2020\/01\/5F2D3244-1F73-4EA9-B824-1FC3A27C9E8F.jpeg","datePublished":"2020-01-13T13:54:14+00:00","description":"Daniela Lourdes Falanga wuchs als erstgeborener Sohn ihrer Familie in Neapel auf. Eigentlich h\u00e4tte sie in die Fu\u00dfstapfen ihres Vaters, eines Mafiabosses,","breadcrumb":{"@id":"https:\/\/www.pressenza.com\/de\/2020\/01\/die-transfrau-die-gegen-ihre-mafia-erziehung-rebellierte\/#breadcrumb"},"inLanguage":"de","potentialAction":[{"@type":"ReadAction","target":["https:\/\/www.pressenza.com\/de\/2020\/01\/die-transfrau-die-gegen-ihre-mafia-erziehung-rebellierte\/"]}]},{"@type":"ImageObject","inLanguage":"de","@id":"https:\/\/www.pressenza.com\/de\/2020\/01\/die-transfrau-die-gegen-ihre-mafia-erziehung-rebellierte\/#primaryimage","url":"https:\/\/www.pressenza.com\/wp-content\/uploads\/2020\/01\/5F2D3244-1F73-4EA9-B824-1FC3A27C9E8F.jpeg","contentUrl":"https:\/\/www.pressenza.com\/wp-content\/uploads\/2020\/01\/5F2D3244-1F73-4EA9-B824-1FC3A27C9E8F.jpeg","width":940,"height":529},{"@type":"BreadcrumbList","@id":"https:\/\/www.pressenza.com\/de\/2020\/01\/die-transfrau-die-gegen-ihre-mafia-erziehung-rebellierte\/#breadcrumb","itemListElement":[{"@type":"ListItem","position":1,"name":"Accueil","item":"https:\/\/www.pressenza.com\/de\/"},{"@type":"ListItem","position":2,"name":"Die Transfrau, die gegen ihre Mafia-Erziehung rebellierte"}]},{"@type":"WebSite","@id":"https:\/\/www.pressenza.com\/de\/#website","url":"https:\/\/www.pressenza.com\/de\/","name":"Pressenza","description":"International Press Agency","publisher":{"@id":"https:\/\/www.pressenza.com\/de\/#organization"},"potentialAction":[{"@type":"SearchAction","target":{"@type":"EntryPoint","urlTemplate":"https:\/\/www.pressenza.com\/de\/?s={search_term_string}"},"query-input":{"@type":"PropertyValueSpecification","valueRequired":true,"valueName":"search_term_string"}}],"inLanguage":"de"},{"@type":"Organization","@id":"https:\/\/www.pressenza.com\/de\/#organization","name":"Pressenza","url":"https:\/\/www.pressenza.com\/de\/","logo":{"@type":"ImageObject","inLanguage":"de","@id":"https:\/\/www.pressenza.com\/de\/#\/schema\/logo\/image\/","url":"https:\/\/www.pressenza.com\/wp-content\/uploads\/2022\/10\/pressenza_logo_200x200.jpg","contentUrl":"https:\/\/www.pressenza.com\/wp-content\/uploads\/2022\/10\/pressenza_logo_200x200.jpg","width":200,"height":200,"caption":"Pressenza"},"image":{"@id":"https:\/\/www.pressenza.com\/de\/#\/schema\/logo\/image\/"},"sameAs":["https:\/\/www.facebook.com\/PressenzaItalia","https:\/\/x.com\/PressenzaIPA"]},{"@type":"Person","@id":"https:\/\/www.pressenza.com\/de\/#\/schema\/person\/b7c775911f2c9a1b8c7225b94e2e9f37","name":"Deutsche Welle","description":"Articles and photographs by Deutsche Welle on Pressenza do not fall under the Creative Commons licence and are not reproducible in any way. www.dw.com","sameAs":["http:\/\/www.dw.com"],"url":"https:\/\/www.pressenza.com\/de\/author\/deutsche-welle\/"}]}},"place":"","original_article_url":"https:\/\/www.dw.com\/de\/die-transfrau-die-gegen-ihre-mafia-erziehung-rebellierte\/a-51939544?maca=de-GK-TXT-Pressenza-DE-13404-xml-mrss","_links":{"self":[{"href":"https:\/\/www.pressenza.com\/de\/wp-json\/wp\/v2\/posts\/1011647","targetHints":{"allow":["GET"]}}],"collection":[{"href":"https:\/\/www.pressenza.com\/de\/wp-json\/wp\/v2\/posts"}],"about":[{"href":"https:\/\/www.pressenza.com\/de\/wp-json\/wp\/v2\/types\/post"}],"author":[{"embeddable":true,"href":"https:\/\/www.pressenza.com\/de\/wp-json\/wp\/v2\/users\/993"}],"replies":[{"embeddable":true,"href":"https:\/\/www.pressenza.com\/de\/wp-json\/wp\/v2\/comments?post=1011647"}],"version-history":[{"count":0,"href":"https:\/\/www.pressenza.com\/de\/wp-json\/wp\/v2\/posts\/1011647\/revisions"}],"wp:featuredmedia":[{"embeddable":true,"href":"https:\/\/www.pressenza.com\/de\/wp-json\/wp\/v2\/media\/1011671"}],"wp:attachment":[{"href":"https:\/\/www.pressenza.com\/de\/wp-json\/wp\/v2\/media?parent=1011647"}],"wp:term":[{"taxonomy":"category","embeddable":true,"href":"https:\/\/www.pressenza.com\/de\/wp-json\/wp\/v2\/categories?post=1011647"},{"taxonomy":"post_tag","embeddable":true,"href":"https:\/\/www.pressenza.com\/de\/wp-json\/wp\/v2\/tags?post=1011647"}],"curies":[{"name":"wp","href":"https:\/\/api.w.org\/{rel}","templated":true}]}}