{"id":968855,"date":"2019-11-11T00:58:56","date_gmt":"2019-11-11T00:58:56","guid":{"rendered":"https:\/\/www.pressenza.com\/?p=968855"},"modified":"2019-11-11T09:50:12","modified_gmt":"2019-11-11T09:50:12","slug":"eleccions-espanyoles-ens-anem-totes-a-la-merda","status":"publish","type":"post","link":"https:\/\/www.pressenza.com\/ca\/2019\/11\/eleccions-espanyoles-ens-anem-totes-a-la-merda\/","title":{"rendered":"Eleccions espanyoles: \u201cens anem totes a la merda\u201d"},"content":{"rendered":"<p><strong>L&#8217;amarg sabor de la derrota del possible progr\u00e9s.<\/strong><\/p>\n<p>El Partit Socialista Espanyol ha guanyat de nou les eleccions, per\u00f2 ha perdut escons, els seus fidels no li han secundat. Podem, l&#8217;alternativa d&#8217;esquerres per governar amb PSOE, encara perd m\u00e9s escons.<\/p>\n<p>El somni d&#8217;afavorir uns pressupostos que haguessin estat els millors de la democr\u00e0cia espanyola per a la majoria de la poblaci\u00f3, i el triomf d&#8217;una esquerra que derrotava a un desgastat Partit Popular es va veure truncat en les eleccions d&#8217;abril, al no acordar consens les forces guanyadores d&#8217;esquerres (PSOE i PODEMOS) paralitzant al pa\u00eds per mig any i portant-lo a unes noves eleccions, que han empitjorat els resultats de l&#8217;esquerra i afavorit l&#8217;ascens de la dreta representada pel Partit Popular, per\u00f2 sobretot desfavorit per l&#8217;auge de l&#8217;extrema dreta, representada per VOX.<\/p>\n<p>Les anomenades (de manera dubtosa) forces de centre, representades per Ciutadans, han estat els m\u00e0xims perdedors d&#8217;aquesta nova oportunitat.<\/p>\n<p>La fragmentaci\u00f3 dels partits s&#8217;ha accentuat i els vots s&#8217;han redistribu\u00eft d&#8217;una manera m\u00e9s territorial, amb nous partits que han aparegut representant a zones geogr\u00e0fiques m\u00e9s que a ideologies.<\/p>\n<p>La possibilitat de governar es complica enormement i es dificulta respecte a les eleccions pr\u00e8vies. El tedi de baralles entre partits i lideratges ha produ\u00eft efecte rebot en la ciutadania. 52 diputats d&#8217;extrema dreta sumen massa vots per a parlar de futurs drets per a la poblaci\u00f3.<\/p>\n<p>L&#8217;independentisme catal\u00e0 ha guanyat una bona porci\u00f3 del past\u00eds electoral, el m\u00e0xim hist\u00f2ric en unes eleccions generals, encara que no es veur\u00e0 representat per l&#8217;augment d&#8217;escons, per\u00f2 si per vots. A pesar que la majoria independentista l&#8217;ha guanyat l&#8217;independentisme d&#8217;esquerres, el pacte amb PSOE ser\u00e0 un impossible o una lluita dificil entre presos i llibertats, entre independentisme i nacionalisme.<\/p>\n<p>Dem\u00e0 s&#8217;hauria de comen\u00e7ar a parlar de pactes, pactes que amb el gust d&#8217;una derrota progressista, tornen a enfonsar en la mis\u00e8ria els drets ciutadans pels quals moltes lluitem.<\/p>\n<p>I com diu Colau, \u201cens anem totes a la merda\u201d.<\/p>\n<blockquote class=\"twitter-tweet\" data-width=\"500\" data-dnt=\"true\">\n<p lang=\"es\" dir=\"ltr\">Ninguna persona dem\u00f3crata y progresista puede estar contenta hoy. La extrema derecha avanza por la incapacidad de la izquierda. Pedro, tus elecciones han fracasado. Y en general, o las izquierdas hacen un frente amplio, o nos vamos todas a la mierda <a href=\"https:\/\/twitter.com\/hashtag\/eleccionesgenerales10N?src=hash&amp;ref_src=twsrc%5Etfw\">#eleccionesgenerales10N<\/a><\/p>\n<p>&mdash; Ada Colau \ud83d\udc9c\ud83c\udf08\ud83d\udd3b (@AdaColau) <a href=\"https:\/\/twitter.com\/AdaColau\/status\/1193672617749876736?ref_src=twsrc%5Etfw\">November 10, 2019<\/a><\/p><\/blockquote>\n<p><script async src=\"https:\/\/platform.twitter.com\/widgets.js\" charset=\"utf-8\"><\/script><\/p>\n","protected":false},"excerpt":{"rendered":"<p>L&#8217;amarg sabor de la derrota del possible progr\u00e9s. El Partit Socialista Espanyol ha guanyat de nou les eleccions, per\u00f2 ha perdut escons, els seus fidels no li han secundat. Podem, l&#8217;alternativa d&#8217;esquerres per governar amb PSOE, encara perd m\u00e9s escons.&hellip;<\/p>\n","protected":false},"author":647,"featured_media":968833,"comment_status":"closed","ping_status":"closed","sticky":false,"template":"","format":"standard","meta":{"footnotes":""},"categories":[35531,35506,35524],"tags":[66824,63314,55074,45041],"class_list":["post-968855","post","type-post","status-publish","format-standard","has-post-thumbnail","hentry","category-contingut-original-ca","category-europa-ca","category-politica-ca","tag-eleccionesgenerales10n-ca","tag-elecciones-ca","tag-espana-ca","tag-spain-ca"],"yoast_head":"<!-- This site is optimized with the Yoast SEO plugin v27.1.1 - https:\/\/yoast.com\/product\/yoast-seo-wordpress\/ -->\n<title>Eleccions espanyoles: \u201cens anem totes a la merda\u201d<\/title>\n<meta name=\"description\" content=\"L&#039;amarg sabor de la derrota del possible progr\u00e9s. El Partit Socialista Espanyol ha guanyat de nou les eleccions, per\u00f2 ha perdut escons, els seus fidels no\" \/>\n<meta name=\"robots\" content=\"index, follow, max-snippet:-1, max-image-preview:large, max-video-preview:-1\" \/>\n<link rel=\"canonical\" href=\"https:\/\/www.pressenza.com\/ca\/2019\/11\/eleccions-espanyoles-ens-anem-totes-a-la-merda\/\" \/>\n<meta property=\"og:locale\" content=\"ca_ES\" \/>\n<meta property=\"og:type\" content=\"article\" \/>\n<meta property=\"og:title\" content=\"Eleccions espanyoles: \u201cens anem totes a la merda\u201d\" \/>\n<meta property=\"og:description\" content=\"L&#039;amarg sabor de la derrota del possible progr\u00e9s. El Partit Socialista Espanyol ha guanyat de nou les eleccions, per\u00f2 ha perdut escons, els seus fidels no\" \/>\n<meta property=\"og:url\" content=\"https:\/\/www.pressenza.com\/ca\/2019\/11\/eleccions-espanyoles-ens-anem-totes-a-la-merda\/\" \/>\n<meta property=\"og:site_name\" content=\"Pressenza\" \/>\n<meta property=\"article:publisher\" content=\"https:\/\/www.facebook.com\/PressenzaItalia\" \/>\n<meta property=\"article:published_time\" content=\"2019-11-11T00:58:56+00:00\" \/>\n<meta property=\"article:modified_time\" content=\"2019-11-11T09:50:12+00:00\" \/>\n<meta property=\"og:image\" content=\"https:\/\/www.pressenza.com\/wp-content\/uploads\/2019\/11\/candidatos-elecciones-2019.jpg\" \/>\n\t<meta property=\"og:image:width\" content=\"2048\" \/>\n\t<meta property=\"og:image:height\" content=\"767\" \/>\n\t<meta property=\"og:image:type\" content=\"image\/jpeg\" \/>\n<meta name=\"author\" content=\"Raquel Paricio\" \/>\n<meta name=\"twitter:card\" content=\"summary_large_image\" \/>\n<meta name=\"twitter:creator\" content=\"@PressenzaIPA\" \/>\n<meta name=\"twitter:site\" content=\"@PressenzaIPA\" \/>\n<meta name=\"twitter:label1\" content=\"Escrit per\" \/>\n\t<meta name=\"twitter:data1\" content=\"Raquel Paricio\" \/>\n\t<meta name=\"twitter:label2\" content=\"Temps estimat de lectura\" \/>\n\t<meta name=\"twitter:data2\" content=\"2 minuts\" \/>\n<script type=\"application\/ld+json\" class=\"yoast-schema-graph\">{\"@context\":\"https:\/\/schema.org\",\"@graph\":[{\"@type\":\"Article\",\"@id\":\"https:\/\/www.pressenza.com\/ca\/2019\/11\/eleccions-espanyoles-ens-anem-totes-a-la-merda\/#article\",\"isPartOf\":{\"@id\":\"https:\/\/www.pressenza.com\/ca\/2019\/11\/eleccions-espanyoles-ens-anem-totes-a-la-merda\/\"},\"author\":{\"name\":\"Raquel Paricio\",\"@id\":\"https:\/\/www.pressenza.com\/ca\/#\/schema\/person\/7104466338f7b188aedd367b5e15c977\"},\"headline\":\"Eleccions espanyoles: \u201cens anem totes a la merda\u201d\",\"datePublished\":\"2019-11-11T00:58:56+00:00\",\"dateModified\":\"2019-11-11T09:50:12+00:00\",\"mainEntityOfPage\":{\"@id\":\"https:\/\/www.pressenza.com\/ca\/2019\/11\/eleccions-espanyoles-ens-anem-totes-a-la-merda\/\"},\"wordCount\":380,\"publisher\":{\"@id\":\"https:\/\/www.pressenza.com\/ca\/#organization\"},\"image\":{\"@id\":\"https:\/\/www.pressenza.com\/ca\/2019\/11\/eleccions-espanyoles-ens-anem-totes-a-la-merda\/#primaryimage\"},\"thumbnailUrl\":\"https:\/\/www.pressenza.com\/wp-content\/uploads\/2019\/11\/candidatos-elecciones-2019.jpg\",\"keywords\":[\"#eleccionesgenerales10N\",\"elecciones\",\"Espa\u00f1a\",\"Spain\"],\"articleSection\":[\"Contingut original\",\"Europa\",\"Pol\u00edtica\"],\"inLanguage\":\"ca\"},{\"@type\":\"WebPage\",\"@id\":\"https:\/\/www.pressenza.com\/ca\/2019\/11\/eleccions-espanyoles-ens-anem-totes-a-la-merda\/\",\"url\":\"https:\/\/www.pressenza.com\/ca\/2019\/11\/eleccions-espanyoles-ens-anem-totes-a-la-merda\/\",\"name\":\"Eleccions espanyoles: \u201cens anem totes a la merda\u201d\",\"isPartOf\":{\"@id\":\"https:\/\/www.pressenza.com\/ca\/#website\"},\"primaryImageOfPage\":{\"@id\":\"https:\/\/www.pressenza.com\/ca\/2019\/11\/eleccions-espanyoles-ens-anem-totes-a-la-merda\/#primaryimage\"},\"image\":{\"@id\":\"https:\/\/www.pressenza.com\/ca\/2019\/11\/eleccions-espanyoles-ens-anem-totes-a-la-merda\/#primaryimage\"},\"thumbnailUrl\":\"https:\/\/www.pressenza.com\/wp-content\/uploads\/2019\/11\/candidatos-elecciones-2019.jpg\",\"datePublished\":\"2019-11-11T00:58:56+00:00\",\"dateModified\":\"2019-11-11T09:50:12+00:00\",\"description\":\"L'amarg sabor de la derrota del possible progr\u00e9s. El Partit Socialista Espanyol ha guanyat de nou les eleccions, per\u00f2 ha perdut escons, els seus fidels no\",\"breadcrumb\":{\"@id\":\"https:\/\/www.pressenza.com\/ca\/2019\/11\/eleccions-espanyoles-ens-anem-totes-a-la-merda\/#breadcrumb\"},\"inLanguage\":\"ca\",\"potentialAction\":[{\"@type\":\"ReadAction\",\"target\":[\"https:\/\/www.pressenza.com\/ca\/2019\/11\/eleccions-espanyoles-ens-anem-totes-a-la-merda\/\"]}]},{\"@type\":\"ImageObject\",\"inLanguage\":\"ca\",\"@id\":\"https:\/\/www.pressenza.com\/ca\/2019\/11\/eleccions-espanyoles-ens-anem-totes-a-la-merda\/#primaryimage\",\"url\":\"https:\/\/www.pressenza.com\/wp-content\/uploads\/2019\/11\/candidatos-elecciones-2019.jpg\",\"contentUrl\":\"https:\/\/www.pressenza.com\/wp-content\/uploads\/2019\/11\/candidatos-elecciones-2019.jpg\",\"width\":2048,\"height\":767},{\"@type\":\"BreadcrumbList\",\"@id\":\"https:\/\/www.pressenza.com\/ca\/2019\/11\/eleccions-espanyoles-ens-anem-totes-a-la-merda\/#breadcrumb\",\"itemListElement\":[{\"@type\":\"ListItem\",\"position\":1,\"name\":\"Accueil\",\"item\":\"https:\/\/www.pressenza.com\/ca\/\"},{\"@type\":\"ListItem\",\"position\":2,\"name\":\"Eleccions espanyoles: \u201cens anem totes a la merda\u201d\"}]},{\"@type\":\"WebSite\",\"@id\":\"https:\/\/www.pressenza.com\/ca\/#website\",\"url\":\"https:\/\/www.pressenza.com\/ca\/\",\"name\":\"Pressenza\",\"description\":\"International Press Agency\",\"publisher\":{\"@id\":\"https:\/\/www.pressenza.com\/ca\/#organization\"},\"potentialAction\":[{\"@type\":\"SearchAction\",\"target\":{\"@type\":\"EntryPoint\",\"urlTemplate\":\"https:\/\/www.pressenza.com\/ca\/?s={search_term_string}\"},\"query-input\":{\"@type\":\"PropertyValueSpecification\",\"valueRequired\":true,\"valueName\":\"search_term_string\"}}],\"inLanguage\":\"ca\"},{\"@type\":\"Organization\",\"@id\":\"https:\/\/www.pressenza.com\/ca\/#organization\",\"name\":\"Pressenza\",\"url\":\"https:\/\/www.pressenza.com\/ca\/\",\"logo\":{\"@type\":\"ImageObject\",\"inLanguage\":\"ca\",\"@id\":\"https:\/\/www.pressenza.com\/ca\/#\/schema\/logo\/image\/\",\"url\":\"https:\/\/www.pressenza.com\/wp-content\/uploads\/2022\/10\/pressenza_logo_200x200.jpg\",\"contentUrl\":\"https:\/\/www.pressenza.com\/wp-content\/uploads\/2022\/10\/pressenza_logo_200x200.jpg\",\"width\":200,\"height\":200,\"caption\":\"Pressenza\"},\"image\":{\"@id\":\"https:\/\/www.pressenza.com\/ca\/#\/schema\/logo\/image\/\"},\"sameAs\":[\"https:\/\/www.facebook.com\/PressenzaItalia\",\"https:\/\/x.com\/PressenzaIPA\"]},{\"@type\":\"Person\",\"@id\":\"https:\/\/www.pressenza.com\/ca\/#\/schema\/person\/7104466338f7b188aedd367b5e15c977\",\"name\":\"Raquel Paricio\",\"description\":\"Docente. Artista. Humanista. Doctora en Arte y Tecnolog\u00eda. Investiga en las diferentes escuelas de meditaci\u00f3n de diferentes culturas.\",\"url\":\"https:\/\/www.pressenza.com\/ca\/author\/raquel-paricio\/\"}]}<\/script>\n<!-- \/ Yoast SEO plugin. -->","yoast_head_json":{"title":"Eleccions espanyoles: \u201cens anem totes a la merda\u201d","description":"L'amarg sabor de la derrota del possible progr\u00e9s. El Partit Socialista Espanyol ha guanyat de nou les eleccions, per\u00f2 ha perdut escons, els seus fidels no","robots":{"index":"index","follow":"follow","max-snippet":"max-snippet:-1","max-image-preview":"max-image-preview:large","max-video-preview":"max-video-preview:-1"},"canonical":"https:\/\/www.pressenza.com\/ca\/2019\/11\/eleccions-espanyoles-ens-anem-totes-a-la-merda\/","og_locale":"ca_ES","og_type":"article","og_title":"Eleccions espanyoles: \u201cens anem totes a la merda\u201d","og_description":"L'amarg sabor de la derrota del possible progr\u00e9s. El Partit Socialista Espanyol ha guanyat de nou les eleccions, per\u00f2 ha perdut escons, els seus fidels no","og_url":"https:\/\/www.pressenza.com\/ca\/2019\/11\/eleccions-espanyoles-ens-anem-totes-a-la-merda\/","og_site_name":"Pressenza","article_publisher":"https:\/\/www.facebook.com\/PressenzaItalia","article_published_time":"2019-11-11T00:58:56+00:00","article_modified_time":"2019-11-11T09:50:12+00:00","og_image":[{"width":2048,"height":767,"url":"https:\/\/www.pressenza.com\/wp-content\/uploads\/2019\/11\/candidatos-elecciones-2019.jpg","type":"image\/jpeg"}],"author":"Raquel Paricio","twitter_card":"summary_large_image","twitter_creator":"@PressenzaIPA","twitter_site":"@PressenzaIPA","twitter_misc":{"Escrit per":"Raquel Paricio","Temps estimat de lectura":"2 minuts"},"schema":{"@context":"https:\/\/schema.org","@graph":[{"@type":"Article","@id":"https:\/\/www.pressenza.com\/ca\/2019\/11\/eleccions-espanyoles-ens-anem-totes-a-la-merda\/#article","isPartOf":{"@id":"https:\/\/www.pressenza.com\/ca\/2019\/11\/eleccions-espanyoles-ens-anem-totes-a-la-merda\/"},"author":{"name":"Raquel Paricio","@id":"https:\/\/www.pressenza.com\/ca\/#\/schema\/person\/7104466338f7b188aedd367b5e15c977"},"headline":"Eleccions espanyoles: \u201cens anem totes a la merda\u201d","datePublished":"2019-11-11T00:58:56+00:00","dateModified":"2019-11-11T09:50:12+00:00","mainEntityOfPage":{"@id":"https:\/\/www.pressenza.com\/ca\/2019\/11\/eleccions-espanyoles-ens-anem-totes-a-la-merda\/"},"wordCount":380,"publisher":{"@id":"https:\/\/www.pressenza.com\/ca\/#organization"},"image":{"@id":"https:\/\/www.pressenza.com\/ca\/2019\/11\/eleccions-espanyoles-ens-anem-totes-a-la-merda\/#primaryimage"},"thumbnailUrl":"https:\/\/www.pressenza.com\/wp-content\/uploads\/2019\/11\/candidatos-elecciones-2019.jpg","keywords":["#eleccionesgenerales10N","elecciones","Espa\u00f1a","Spain"],"articleSection":["Contingut original","Europa","Pol\u00edtica"],"inLanguage":"ca"},{"@type":"WebPage","@id":"https:\/\/www.pressenza.com\/ca\/2019\/11\/eleccions-espanyoles-ens-anem-totes-a-la-merda\/","url":"https:\/\/www.pressenza.com\/ca\/2019\/11\/eleccions-espanyoles-ens-anem-totes-a-la-merda\/","name":"Eleccions espanyoles: \u201cens anem totes a la merda\u201d","isPartOf":{"@id":"https:\/\/www.pressenza.com\/ca\/#website"},"primaryImageOfPage":{"@id":"https:\/\/www.pressenza.com\/ca\/2019\/11\/eleccions-espanyoles-ens-anem-totes-a-la-merda\/#primaryimage"},"image":{"@id":"https:\/\/www.pressenza.com\/ca\/2019\/11\/eleccions-espanyoles-ens-anem-totes-a-la-merda\/#primaryimage"},"thumbnailUrl":"https:\/\/www.pressenza.com\/wp-content\/uploads\/2019\/11\/candidatos-elecciones-2019.jpg","datePublished":"2019-11-11T00:58:56+00:00","dateModified":"2019-11-11T09:50:12+00:00","description":"L'amarg sabor de la derrota del possible progr\u00e9s. El Partit Socialista Espanyol ha guanyat de nou les eleccions, per\u00f2 ha perdut escons, els seus fidels no","breadcrumb":{"@id":"https:\/\/www.pressenza.com\/ca\/2019\/11\/eleccions-espanyoles-ens-anem-totes-a-la-merda\/#breadcrumb"},"inLanguage":"ca","potentialAction":[{"@type":"ReadAction","target":["https:\/\/www.pressenza.com\/ca\/2019\/11\/eleccions-espanyoles-ens-anem-totes-a-la-merda\/"]}]},{"@type":"ImageObject","inLanguage":"ca","@id":"https:\/\/www.pressenza.com\/ca\/2019\/11\/eleccions-espanyoles-ens-anem-totes-a-la-merda\/#primaryimage","url":"https:\/\/www.pressenza.com\/wp-content\/uploads\/2019\/11\/candidatos-elecciones-2019.jpg","contentUrl":"https:\/\/www.pressenza.com\/wp-content\/uploads\/2019\/11\/candidatos-elecciones-2019.jpg","width":2048,"height":767},{"@type":"BreadcrumbList","@id":"https:\/\/www.pressenza.com\/ca\/2019\/11\/eleccions-espanyoles-ens-anem-totes-a-la-merda\/#breadcrumb","itemListElement":[{"@type":"ListItem","position":1,"name":"Accueil","item":"https:\/\/www.pressenza.com\/ca\/"},{"@type":"ListItem","position":2,"name":"Eleccions espanyoles: \u201cens anem totes a la merda\u201d"}]},{"@type":"WebSite","@id":"https:\/\/www.pressenza.com\/ca\/#website","url":"https:\/\/www.pressenza.com\/ca\/","name":"Pressenza","description":"International Press Agency","publisher":{"@id":"https:\/\/www.pressenza.com\/ca\/#organization"},"potentialAction":[{"@type":"SearchAction","target":{"@type":"EntryPoint","urlTemplate":"https:\/\/www.pressenza.com\/ca\/?s={search_term_string}"},"query-input":{"@type":"PropertyValueSpecification","valueRequired":true,"valueName":"search_term_string"}}],"inLanguage":"ca"},{"@type":"Organization","@id":"https:\/\/www.pressenza.com\/ca\/#organization","name":"Pressenza","url":"https:\/\/www.pressenza.com\/ca\/","logo":{"@type":"ImageObject","inLanguage":"ca","@id":"https:\/\/www.pressenza.com\/ca\/#\/schema\/logo\/image\/","url":"https:\/\/www.pressenza.com\/wp-content\/uploads\/2022\/10\/pressenza_logo_200x200.jpg","contentUrl":"https:\/\/www.pressenza.com\/wp-content\/uploads\/2022\/10\/pressenza_logo_200x200.jpg","width":200,"height":200,"caption":"Pressenza"},"image":{"@id":"https:\/\/www.pressenza.com\/ca\/#\/schema\/logo\/image\/"},"sameAs":["https:\/\/www.facebook.com\/PressenzaItalia","https:\/\/x.com\/PressenzaIPA"]},{"@type":"Person","@id":"https:\/\/www.pressenza.com\/ca\/#\/schema\/person\/7104466338f7b188aedd367b5e15c977","name":"Raquel Paricio","description":"Docente. Artista. Humanista. Doctora en Arte y Tecnolog\u00eda. Investiga en las diferentes escuelas de meditaci\u00f3n de diferentes culturas.","url":"https:\/\/www.pressenza.com\/ca\/author\/raquel-paricio\/"}]}},"place":"","original_article_url":"","_links":{"self":[{"href":"https:\/\/www.pressenza.com\/ca\/wp-json\/wp\/v2\/posts\/968855","targetHints":{"allow":["GET"]}}],"collection":[{"href":"https:\/\/www.pressenza.com\/ca\/wp-json\/wp\/v2\/posts"}],"about":[{"href":"https:\/\/www.pressenza.com\/ca\/wp-json\/wp\/v2\/types\/post"}],"author":[{"embeddable":true,"href":"https:\/\/www.pressenza.com\/ca\/wp-json\/wp\/v2\/users\/647"}],"replies":[{"embeddable":true,"href":"https:\/\/www.pressenza.com\/ca\/wp-json\/wp\/v2\/comments?post=968855"}],"version-history":[{"count":0,"href":"https:\/\/www.pressenza.com\/ca\/wp-json\/wp\/v2\/posts\/968855\/revisions"}],"wp:featuredmedia":[{"embeddable":true,"href":"https:\/\/www.pressenza.com\/ca\/wp-json\/wp\/v2\/media\/968833"}],"wp:attachment":[{"href":"https:\/\/www.pressenza.com\/ca\/wp-json\/wp\/v2\/media?parent=968855"}],"wp:term":[{"taxonomy":"category","embeddable":true,"href":"https:\/\/www.pressenza.com\/ca\/wp-json\/wp\/v2\/categories?post=968855"},{"taxonomy":"post_tag","embeddable":true,"href":"https:\/\/www.pressenza.com\/ca\/wp-json\/wp\/v2\/tags?post=968855"}],"curies":[{"name":"wp","href":"https:\/\/api.w.org\/{rel}","templated":true}]}}