{"id":948474,"date":"2019-10-20T16:25:33","date_gmt":"2019-10-20T15:25:33","guid":{"rendered":"https:\/\/www.pressenza.com\/?p=948474"},"modified":"2019-10-21T12:51:31","modified_gmt":"2019-10-21T11:51:31","slug":"declaracio-de-lalcaldessa-de-barcelona-sobre-els-actes-violents","status":"publish","type":"post","link":"https:\/\/www.pressenza.com\/ca\/2019\/10\/declaracio-de-lalcaldessa-de-barcelona-sobre-els-actes-violents\/","title":{"rendered":"Declaraci\u00f3 de l\u2019alcaldessa de Barcelona sobre els actes violents"},"content":{"rendered":"<p>Barcelona som una ciutat de pau, de di\u00e0leg, de drets, de respecte a la pluralitat, en canvi aquests dies hem viscut moments de molta tensi\u00f3, dels m\u00e9s greus dels darrers anys, \u00e9s per aquest motiu que faig la seg\u00fcent declaraci\u00f3:<\/p>\n<p>Les darreres nits la ciutat ha viscut situacions de gran tensi\u00f3 i viol\u00e8ncia i Barcelona no ho mereix:<\/p>\n<p>Hem vist grans manifestacions pac\u00edfiques, que sempre s\u00f3n benvingudes a la ciutat, per\u00f2 alhora hem vist incendis als nostres carrers i actituds violentes que cal condemnar. I amb orgull ahir veiem com molta gent cridava \u201csom gent de pau\u201d calmant els \u00e0nims i evitant la viol\u00e8ncia. En nom de la ciutat vull donar les gr\u00e0cies a aquesta gent valenta.<\/p>\n<p>El que m\u00e9s em preocupa d\u2019aquests dies son les persones ferides i, especialment, les 7 persones que es troben en estat greu o molt greu, de les quals un policia nacional en estat molt greu i una noia en estat cr\u00edtic. Des d\u2019aqu\u00ed vull enviar tot el suport als seus familiars i desitjo que es recuperin ben aviat.<\/p>\n<p>Tamb\u00e9 tenim coneixement que entre els ferits greus diverses persones han perdut la vista d\u2019un ull, lesions amb tota probabilitat provocades per pilotes de goma, un material antiavalots que s\u2019havia deixat d\u2019utilitzar a Catalunya, precisament per evitar aquests tipus de lesions. Demano que es revisin els protocols que s\u2019han fet servir en l\u2019\u00fas d\u2019aquest material i que s\u2019obrin les investigacions oportunes.<\/p>\n<p>Tamb\u00e9 hem vist com s\u2019increpaven a periodistes que feien la seva feina, i com fins i tot es detenia a un periodista que anava perfectament acreditat, un fet molt greu. Cal garantir el dreta a la informaci\u00f3 i la llibertat de premsa, garantint la seguretat dels professionals de la informaci\u00f3.<\/p>\n<p>Ahir escolt\u00e0vem al Ministre d\u2019interior afirmar que la policia t\u00e9 el monopoli de l\u2019\u00fas de la for\u00e7a, que s\u2019havia actuat amb proporcionalitat i que les imatges i les den\u00fancies que s\u2019han fet sobre casos de mala praxi policial son totes falses. Soc la primera que durant tota la setmana he reconegut la dificultat en que s\u2019ha hagut de desenvolupar la tasca policial i que no es poden fer generalitzacions. Per\u00f2 precisament perqu\u00e8 el ministre t\u00e9 ra\u00f3 i en un estat democr\u00e0tic la policia exerceix el monopoli de la for\u00e7a, cal ser exemplar i no s\u2019ha de tenir por d\u2019investigar possibles casos de males praxis.<\/p>\n<p>En els moments m\u00e9s dif\u00edcils \u00e9s quan ha de sortir el millor de tothom. Tots i totes tenim molt a aportar per sortir d\u2019aquesta situaci\u00f3. En primer lloc els i les responsables pol\u00edtics i institucionals, tamb\u00e9 els mitjans de comunicaci\u00f3, les entitats i tota la ciutadania.<\/p>\n<p>Com a alcaldessa demano que cuidem Barcelona. La seva diversitat. La seva tradici\u00f3 reivindicativa, defensora de drets i llibertats i dialogant.<\/p>\n<p>Vull fer un reconeixement molt especial a tots els treballadors i treballadores municipals que estan fent aquests dies esfor\u00e7os molt m\u00e9s enll\u00e0 del que \u00e9s exigible: guardia urbana, neteja, bombers, mobilitat, els serveis de cura de les persones (CUESB). Professionals que han ent\u00e8s la situaci\u00f3 d\u2019excepcionalitat i que dia rere dia i nit rere nit treballen per tenir cura dels nostres ve\u00efns i ve\u00efnes i de la nostra ciutat i per fer que, malgrat viure moments molt dif\u00edcils, la ciutat al cap de poques hores torni a funcionar. De tot cor, moltes gr\u00e0cies.<\/p>\n<p>Aquests dies, molts ve\u00efns i ve\u00efnes, comerciants i entitats de tot tipus es dirigeixen a l\u2019Ajuntament demanant com poden ajudar. Barcelona t\u00e9 en la seva forma de ser aquest esperit col\u00b7lectiu de solidaritat i cooperaci\u00f3 que apareix en els moments dif\u00edcils. \u00c9s un orgull ser alcaldessa d\u2019una ciutat que no abandona mai aquests principis i aquesta forma de fer.<\/p>\n<p>Deixeu-me tamb\u00e9 destacar que ens cal escoltar qu\u00e8 est\u00e0 dient la gent jove aquests dies. No criminalitzar, saber separar all\u00f2 que s\u00f3n actituds violentes d\u2019all\u00f2 que \u00e9s un malestar molt greu, profund, que prov\u00e9 de la frustraci\u00f3 d\u2019una generaci\u00f3 que no se sent representada ni escoltada i que t\u00e9 molt a aportar. Una generaci\u00f3 que son el futur, per\u00f2 tamb\u00e9 el nostre present, i a qui segur que no s\u2019ha escoltat suficient i als quals necessitem per millorar la nostra democr\u00e0cia.<\/p>\n<p>Per\u00f2 siguem clars: nom\u00e9s des de la ciutat no podrem trobar les solucions al conflicte sobre la relaci\u00f3 entre Catalunya i Espanya, i sobre la gesti\u00f3 pol\u00edtica que se n\u2019ha fet. \u00c9s evident que necessita de solucions que van m\u00e9s enll\u00e0 del que fem o el que passi a Barcelona. Podem aportar molt, podem col\u00b7laborar, i ho farem, per\u00f2 la responsabilitat \u00e9s sobretot de qui lidera les institucions que han de protagonitzar la negociaci\u00f3 i el desbloqueig.<\/p>\n<p>\u00c9s en aquest sentit, que demano, com a alcaldessa, que el President en funcions de l\u2019Estat, Pedro S\u00e1nchez i el President de la Generalitat Quim Torra, dialoguin. I que ho facin amb responsabilitat. Si el govern catal\u00e0 i espanyol poden parlar per coordinar els operatius policials, com \u00e9s possible que no siguin 4 capa\u00e7os de parlar del problema pol\u00edtic de fons que tenim? Crec que molta gent es fa aquesta pregunta. Els demanaria que, si us plau, parlin en privat, que cada cop que s\u2019interpel\u00b7len a trav\u00e9s de mitjans de comunicaci\u00f3 o de les xarxes socials estan fent menys cre\u00efble el di\u00e0leg. Tots sabem que perqu\u00e8 hi hagi di\u00e0leg real hi ha d\u2019haver un contacte discret i ser\u00e9.<\/p>\n<p>Barcelona \u00e9s una ciutat amb una forta tradici\u00f3 feminista i de cultura de pau. Unes tradicions de les quals hem apr\u00e8s que per al di\u00e0leg real cal, en primer lloc, empatia i escolta: entendre les raons de l\u2019altre i abandonar maximalismes. Per aix\u00f2 faig una crida al di\u00e0leg i a generar les condicions perqu\u00e8 sigui un di\u00e0leg real, efectiu i que ens porti a solucions. I aix\u00f2, nom\u00e9s ser\u00e0 possible si tothom assumeix el seg\u00fcent:<\/p>\n<p>Cal abandonar les posicions de m\u00e0xims, les l\u00ednies vermelles i els bloquejos. \u00c9s dif\u00edcil en context electoral, per\u00f2 cal abandonar el c\u00e0lcul electoral curtplacista i elevar la mirada per entendre la complexitat de la situaci\u00f3. Ens juguem molt m\u00e9s que unes eleccions.<\/p>\n<p>Ens cal sinceritat i parlar clar, perqu\u00e8 totes i tots sabem que la soluci\u00f3 pol\u00edtica al problema de fons que viu Catalunya amb la seva relaci\u00f3 amb l\u2019Estat no arribar\u00e0 en poc temps. Per\u00f2 que alhora hem de treballar per una sortida a curt termini que ens permeti desbloquejar i avan\u00e7ar.<\/p>\n<p>Hem de fer immediatament uns primers passos, per demostrar que les institucions i els partits pol\u00edtics servim per oferir solucions i no per generar problemes. Cal que es parli amb serenor i generositat de com es soluciona la situaci\u00f3 de tenir l\u00edders socials i pol\u00edtics empresonats, perqu\u00e8 tots i totes sabem, que sense la seva llibertat ser\u00e0 molt dif\u00edcil trobar 5 sortides al conflicte que vivim. Demano que no neguem aix\u00f2 i que tampoc usem ret\u00f2riques maximalistes sobre com arribar a la seva llibertat.<\/p>\n<p>Cal a\u00efllar i minimitzar els discursos pol\u00edtics incendiaris, que no representen a la majoria de la poblaci\u00f3 i que nom\u00e9s generen m\u00e9s tensi\u00f3.<\/p>\n<p>Cal, per tant, un taula de di\u00e0leg, tant a nivell de l\u2019estat com catal\u00e0, que generi un nou clima, refaci ponts que avui no existeixen, i que parteixi del comprom\u00eds de ser una taula permanent i estable, que s\u2019allunyi de la gesticulaci\u00f3 i ens acosti a les solucions.<\/p>\n<p>Com a Alcaldessa d\u2019una ciutat que ha viscut amb tristor dies molt dif\u00edcils, per\u00f2 alhora una ciutat esperan\u00e7ada perqu\u00e8 en cap moment ha perdut el seu orgull i la seva ess\u00e8ncia dialogant, oberta i capa\u00e7 de sortir de situacions dif\u00edcils, treballar\u00e9 en tot el que estigui a les meves mans per facilitar el di\u00e0leg en aquests termes que he descrit. Des de l\u2019empatia, des de l\u2019escolta, des de la voluntat de sumar, allunyant-nos dels retrets constants, faig una crida al di\u00e0leg pol\u00edtic i a abandonar la viol\u00e8ncia verbal, f\u00edsica i de tot tipus. Com a societat, com a pa\u00eds, com a ciutat, hem de sortir d\u2019aqu\u00ed. Treballem per fer-ho possible.<\/p>\n","protected":false},"excerpt":{"rendered":"<p>Barcelona som una ciutat de pau, de di\u00e0leg, de drets, de respecte a la pluralitat, en canvi aquests dies hem viscut moments de molta tensi\u00f3, dels m\u00e9s greus dels darrers anys, \u00e9s per aquest motiu que faig la seg\u00fcent declaraci\u00f3:&hellip;<\/p>\n","protected":false},"author":1122,"featured_media":948463,"comment_status":"closed","ping_status":"closed","sticky":false,"template":"","format":"standard","meta":{"footnotes":""},"categories":[35529,35524],"tags":[45989,38463,43600],"class_list":["post-948474","post","type-post","status-publish","format-standard","has-post-thumbnail","hentry","category-comunicats-de-premsa","category-politica-ca","tag-ada-colau-ca","tag-barcelona-ca","tag-cataluna-es-ca"],"yoast_head":"<!-- This site is optimized with the Yoast SEO plugin v27.1.1 - https:\/\/yoast.com\/product\/yoast-seo-wordpress\/ -->\n<title>Declaraci\u00f3 de l\u2019alcaldessa de Barcelona sobre els actes violents<\/title>\n<meta name=\"description\" content=\"Barcelona som una ciutat de pau, de di\u00e0leg, de drets, de respecte a la pluralitat, en canvi aquests dies hem viscut moments de molta tensi\u00f3, dels m\u00e9s\" \/>\n<meta name=\"robots\" content=\"index, follow, max-snippet:-1, max-image-preview:large, max-video-preview:-1\" \/>\n<link rel=\"canonical\" href=\"https:\/\/www.pressenza.com\/ca\/2019\/10\/declaracio-de-lalcaldessa-de-barcelona-sobre-els-actes-violents\/\" \/>\n<meta property=\"og:locale\" content=\"ca_ES\" \/>\n<meta property=\"og:type\" content=\"article\" \/>\n<meta property=\"og:title\" content=\"Declaraci\u00f3 de l\u2019alcaldessa de Barcelona sobre els actes violents\" \/>\n<meta property=\"og:description\" content=\"Barcelona som una ciutat de pau, de di\u00e0leg, de drets, de respecte a la pluralitat, en canvi aquests dies hem viscut moments de molta tensi\u00f3, dels m\u00e9s\" \/>\n<meta property=\"og:url\" content=\"https:\/\/www.pressenza.com\/ca\/2019\/10\/declaracio-de-lalcaldessa-de-barcelona-sobre-els-actes-violents\/\" \/>\n<meta property=\"og:site_name\" content=\"Pressenza\" \/>\n<meta property=\"article:publisher\" content=\"https:\/\/www.facebook.com\/PressenzaItalia\" \/>\n<meta property=\"article:author\" content=\"https:\/\/www.facebook.com\/Pressenza-Espaa-647854795301395\/timeline\/\" \/>\n<meta property=\"article:published_time\" content=\"2019-10-20T15:25:33+00:00\" \/>\n<meta property=\"article:modified_time\" content=\"2019-10-21T11:51:31+00:00\" \/>\n<meta property=\"og:image\" content=\"https:\/\/www.pressenza.com\/wp-content\/uploads\/2019\/10\/unnamed-13.jpg\" \/>\n\t<meta property=\"og:image:width\" content=\"640\" \/>\n\t<meta property=\"og:image:height\" content=\"360\" \/>\n\t<meta property=\"og:image:type\" content=\"image\/jpeg\" \/>\n<meta name=\"author\" content=\"Redacci\u00f3n Barcelona\" \/>\n<meta name=\"twitter:card\" content=\"summary_large_image\" \/>\n<meta name=\"twitter:creator\" content=\"@pressenza\" \/>\n<meta name=\"twitter:site\" content=\"@PressenzaIPA\" \/>\n<meta name=\"twitter:label1\" content=\"Escrit per\" \/>\n\t<meta name=\"twitter:data1\" content=\"Redacci\u00f3n Barcelona\" \/>\n\t<meta name=\"twitter:label2\" content=\"Temps estimat de lectura\" \/>\n\t<meta name=\"twitter:data2\" content=\"7 minuts\" \/>\n<script type=\"application\/ld+json\" class=\"yoast-schema-graph\">{\"@context\":\"https:\/\/schema.org\",\"@graph\":[{\"@type\":\"Article\",\"@id\":\"https:\/\/www.pressenza.com\/ca\/2019\/10\/declaracio-de-lalcaldessa-de-barcelona-sobre-els-actes-violents\/#article\",\"isPartOf\":{\"@id\":\"https:\/\/www.pressenza.com\/ca\/2019\/10\/declaracio-de-lalcaldessa-de-barcelona-sobre-els-actes-violents\/\"},\"author\":{\"name\":\"Redacci\u00f3n Barcelona\",\"@id\":\"https:\/\/www.pressenza.com\/ca\/#\/schema\/person\/8abc53b92f3264e0dad4300d54ac73ff\"},\"headline\":\"Declaraci\u00f3 de l\u2019alcaldessa de Barcelona sobre els actes violents\",\"datePublished\":\"2019-10-20T15:25:33+00:00\",\"dateModified\":\"2019-10-21T11:51:31+00:00\",\"mainEntityOfPage\":{\"@id\":\"https:\/\/www.pressenza.com\/ca\/2019\/10\/declaracio-de-lalcaldessa-de-barcelona-sobre-els-actes-violents\/\"},\"wordCount\":1438,\"publisher\":{\"@id\":\"https:\/\/www.pressenza.com\/ca\/#organization\"},\"image\":{\"@id\":\"https:\/\/www.pressenza.com\/ca\/2019\/10\/declaracio-de-lalcaldessa-de-barcelona-sobre-els-actes-violents\/#primaryimage\"},\"thumbnailUrl\":\"https:\/\/www.pressenza.com\/wp-content\/uploads\/2019\/10\/unnamed-13.jpg\",\"keywords\":[\"Ada Colau\",\"Barcelona\",\"Catalu\u00f1a\"],\"articleSection\":[\"Comunicats de premsa\",\"Pol\u00edtica\"],\"inLanguage\":\"ca\"},{\"@type\":\"WebPage\",\"@id\":\"https:\/\/www.pressenza.com\/ca\/2019\/10\/declaracio-de-lalcaldessa-de-barcelona-sobre-els-actes-violents\/\",\"url\":\"https:\/\/www.pressenza.com\/ca\/2019\/10\/declaracio-de-lalcaldessa-de-barcelona-sobre-els-actes-violents\/\",\"name\":\"Declaraci\u00f3 de l\u2019alcaldessa de Barcelona sobre els actes violents\",\"isPartOf\":{\"@id\":\"https:\/\/www.pressenza.com\/ca\/#website\"},\"primaryImageOfPage\":{\"@id\":\"https:\/\/www.pressenza.com\/ca\/2019\/10\/declaracio-de-lalcaldessa-de-barcelona-sobre-els-actes-violents\/#primaryimage\"},\"image\":{\"@id\":\"https:\/\/www.pressenza.com\/ca\/2019\/10\/declaracio-de-lalcaldessa-de-barcelona-sobre-els-actes-violents\/#primaryimage\"},\"thumbnailUrl\":\"https:\/\/www.pressenza.com\/wp-content\/uploads\/2019\/10\/unnamed-13.jpg\",\"datePublished\":\"2019-10-20T15:25:33+00:00\",\"dateModified\":\"2019-10-21T11:51:31+00:00\",\"description\":\"Barcelona som una ciutat de pau, de di\u00e0leg, de drets, de respecte a la pluralitat, en canvi aquests dies hem viscut moments de molta tensi\u00f3, dels m\u00e9s\",\"breadcrumb\":{\"@id\":\"https:\/\/www.pressenza.com\/ca\/2019\/10\/declaracio-de-lalcaldessa-de-barcelona-sobre-els-actes-violents\/#breadcrumb\"},\"inLanguage\":\"ca\",\"potentialAction\":[{\"@type\":\"ReadAction\",\"target\":[\"https:\/\/www.pressenza.com\/ca\/2019\/10\/declaracio-de-lalcaldessa-de-barcelona-sobre-els-actes-violents\/\"]}]},{\"@type\":\"ImageObject\",\"inLanguage\":\"ca\",\"@id\":\"https:\/\/www.pressenza.com\/ca\/2019\/10\/declaracio-de-lalcaldessa-de-barcelona-sobre-els-actes-violents\/#primaryimage\",\"url\":\"https:\/\/www.pressenza.com\/wp-content\/uploads\/2019\/10\/unnamed-13.jpg\",\"contentUrl\":\"https:\/\/www.pressenza.com\/wp-content\/uploads\/2019\/10\/unnamed-13.jpg\",\"width\":640,\"height\":360,\"caption\":\"D\u00e9claration de la Maire de Barcelone au sujet des actes de violence\"},{\"@type\":\"BreadcrumbList\",\"@id\":\"https:\/\/www.pressenza.com\/ca\/2019\/10\/declaracio-de-lalcaldessa-de-barcelona-sobre-els-actes-violents\/#breadcrumb\",\"itemListElement\":[{\"@type\":\"ListItem\",\"position\":1,\"name\":\"Accueil\",\"item\":\"https:\/\/www.pressenza.com\/ca\/\"},{\"@type\":\"ListItem\",\"position\":2,\"name\":\"Declaraci\u00f3 de l\u2019alcaldessa de Barcelona sobre els actes violents\"}]},{\"@type\":\"WebSite\",\"@id\":\"https:\/\/www.pressenza.com\/ca\/#website\",\"url\":\"https:\/\/www.pressenza.com\/ca\/\",\"name\":\"Pressenza\",\"description\":\"International Press Agency\",\"publisher\":{\"@id\":\"https:\/\/www.pressenza.com\/ca\/#organization\"},\"potentialAction\":[{\"@type\":\"SearchAction\",\"target\":{\"@type\":\"EntryPoint\",\"urlTemplate\":\"https:\/\/www.pressenza.com\/ca\/?s={search_term_string}\"},\"query-input\":{\"@type\":\"PropertyValueSpecification\",\"valueRequired\":true,\"valueName\":\"search_term_string\"}}],\"inLanguage\":\"ca\"},{\"@type\":\"Organization\",\"@id\":\"https:\/\/www.pressenza.com\/ca\/#organization\",\"name\":\"Pressenza\",\"url\":\"https:\/\/www.pressenza.com\/ca\/\",\"logo\":{\"@type\":\"ImageObject\",\"inLanguage\":\"ca\",\"@id\":\"https:\/\/www.pressenza.com\/ca\/#\/schema\/logo\/image\/\",\"url\":\"https:\/\/www.pressenza.com\/wp-content\/uploads\/2022\/10\/pressenza_logo_200x200.jpg\",\"contentUrl\":\"https:\/\/www.pressenza.com\/wp-content\/uploads\/2022\/10\/pressenza_logo_200x200.jpg\",\"width\":200,\"height\":200,\"caption\":\"Pressenza\"},\"image\":{\"@id\":\"https:\/\/www.pressenza.com\/ca\/#\/schema\/logo\/image\/\"},\"sameAs\":[\"https:\/\/www.facebook.com\/PressenzaItalia\",\"https:\/\/x.com\/PressenzaIPA\"]},{\"@type\":\"Person\",\"@id\":\"https:\/\/www.pressenza.com\/ca\/#\/schema\/person\/8abc53b92f3264e0dad4300d54ac73ff\",\"name\":\"Redacci\u00f3n Barcelona\",\"description\":\"News published by the Pressenza bureau in Barcelona, Spain\",\"sameAs\":[\"https:\/\/www.facebook.com\/Pressenza-Espaa-647854795301395\/timeline\/\",\"https:\/\/x.com\/pressenza\"],\"url\":\"https:\/\/www.pressenza.com\/ca\/author\/redaccion-barcelona\/\"}]}<\/script>\n<!-- \/ Yoast SEO plugin. -->","yoast_head_json":{"title":"Declaraci\u00f3 de l\u2019alcaldessa de Barcelona sobre els actes violents","description":"Barcelona som una ciutat de pau, de di\u00e0leg, de drets, de respecte a la pluralitat, en canvi aquests dies hem viscut moments de molta tensi\u00f3, dels m\u00e9s","robots":{"index":"index","follow":"follow","max-snippet":"max-snippet:-1","max-image-preview":"max-image-preview:large","max-video-preview":"max-video-preview:-1"},"canonical":"https:\/\/www.pressenza.com\/ca\/2019\/10\/declaracio-de-lalcaldessa-de-barcelona-sobre-els-actes-violents\/","og_locale":"ca_ES","og_type":"article","og_title":"Declaraci\u00f3 de l\u2019alcaldessa de Barcelona sobre els actes violents","og_description":"Barcelona som una ciutat de pau, de di\u00e0leg, de drets, de respecte a la pluralitat, en canvi aquests dies hem viscut moments de molta tensi\u00f3, dels m\u00e9s","og_url":"https:\/\/www.pressenza.com\/ca\/2019\/10\/declaracio-de-lalcaldessa-de-barcelona-sobre-els-actes-violents\/","og_site_name":"Pressenza","article_publisher":"https:\/\/www.facebook.com\/PressenzaItalia","article_author":"https:\/\/www.facebook.com\/Pressenza-Espaa-647854795301395\/timeline\/","article_published_time":"2019-10-20T15:25:33+00:00","article_modified_time":"2019-10-21T11:51:31+00:00","og_image":[{"width":640,"height":360,"url":"https:\/\/www.pressenza.com\/wp-content\/uploads\/2019\/10\/unnamed-13.jpg","type":"image\/jpeg"}],"author":"Redacci\u00f3n Barcelona","twitter_card":"summary_large_image","twitter_creator":"@pressenza","twitter_site":"@PressenzaIPA","twitter_misc":{"Escrit per":"Redacci\u00f3n Barcelona","Temps estimat de lectura":"7 minuts"},"schema":{"@context":"https:\/\/schema.org","@graph":[{"@type":"Article","@id":"https:\/\/www.pressenza.com\/ca\/2019\/10\/declaracio-de-lalcaldessa-de-barcelona-sobre-els-actes-violents\/#article","isPartOf":{"@id":"https:\/\/www.pressenza.com\/ca\/2019\/10\/declaracio-de-lalcaldessa-de-barcelona-sobre-els-actes-violents\/"},"author":{"name":"Redacci\u00f3n Barcelona","@id":"https:\/\/www.pressenza.com\/ca\/#\/schema\/person\/8abc53b92f3264e0dad4300d54ac73ff"},"headline":"Declaraci\u00f3 de l\u2019alcaldessa de Barcelona sobre els actes violents","datePublished":"2019-10-20T15:25:33+00:00","dateModified":"2019-10-21T11:51:31+00:00","mainEntityOfPage":{"@id":"https:\/\/www.pressenza.com\/ca\/2019\/10\/declaracio-de-lalcaldessa-de-barcelona-sobre-els-actes-violents\/"},"wordCount":1438,"publisher":{"@id":"https:\/\/www.pressenza.com\/ca\/#organization"},"image":{"@id":"https:\/\/www.pressenza.com\/ca\/2019\/10\/declaracio-de-lalcaldessa-de-barcelona-sobre-els-actes-violents\/#primaryimage"},"thumbnailUrl":"https:\/\/www.pressenza.com\/wp-content\/uploads\/2019\/10\/unnamed-13.jpg","keywords":["Ada Colau","Barcelona","Catalu\u00f1a"],"articleSection":["Comunicats de premsa","Pol\u00edtica"],"inLanguage":"ca"},{"@type":"WebPage","@id":"https:\/\/www.pressenza.com\/ca\/2019\/10\/declaracio-de-lalcaldessa-de-barcelona-sobre-els-actes-violents\/","url":"https:\/\/www.pressenza.com\/ca\/2019\/10\/declaracio-de-lalcaldessa-de-barcelona-sobre-els-actes-violents\/","name":"Declaraci\u00f3 de l\u2019alcaldessa de Barcelona sobre els actes violents","isPartOf":{"@id":"https:\/\/www.pressenza.com\/ca\/#website"},"primaryImageOfPage":{"@id":"https:\/\/www.pressenza.com\/ca\/2019\/10\/declaracio-de-lalcaldessa-de-barcelona-sobre-els-actes-violents\/#primaryimage"},"image":{"@id":"https:\/\/www.pressenza.com\/ca\/2019\/10\/declaracio-de-lalcaldessa-de-barcelona-sobre-els-actes-violents\/#primaryimage"},"thumbnailUrl":"https:\/\/www.pressenza.com\/wp-content\/uploads\/2019\/10\/unnamed-13.jpg","datePublished":"2019-10-20T15:25:33+00:00","dateModified":"2019-10-21T11:51:31+00:00","description":"Barcelona som una ciutat de pau, de di\u00e0leg, de drets, de respecte a la pluralitat, en canvi aquests dies hem viscut moments de molta tensi\u00f3, dels m\u00e9s","breadcrumb":{"@id":"https:\/\/www.pressenza.com\/ca\/2019\/10\/declaracio-de-lalcaldessa-de-barcelona-sobre-els-actes-violents\/#breadcrumb"},"inLanguage":"ca","potentialAction":[{"@type":"ReadAction","target":["https:\/\/www.pressenza.com\/ca\/2019\/10\/declaracio-de-lalcaldessa-de-barcelona-sobre-els-actes-violents\/"]}]},{"@type":"ImageObject","inLanguage":"ca","@id":"https:\/\/www.pressenza.com\/ca\/2019\/10\/declaracio-de-lalcaldessa-de-barcelona-sobre-els-actes-violents\/#primaryimage","url":"https:\/\/www.pressenza.com\/wp-content\/uploads\/2019\/10\/unnamed-13.jpg","contentUrl":"https:\/\/www.pressenza.com\/wp-content\/uploads\/2019\/10\/unnamed-13.jpg","width":640,"height":360,"caption":"D\u00e9claration de la Maire de Barcelone au sujet des actes de violence"},{"@type":"BreadcrumbList","@id":"https:\/\/www.pressenza.com\/ca\/2019\/10\/declaracio-de-lalcaldessa-de-barcelona-sobre-els-actes-violents\/#breadcrumb","itemListElement":[{"@type":"ListItem","position":1,"name":"Accueil","item":"https:\/\/www.pressenza.com\/ca\/"},{"@type":"ListItem","position":2,"name":"Declaraci\u00f3 de l\u2019alcaldessa de Barcelona sobre els actes violents"}]},{"@type":"WebSite","@id":"https:\/\/www.pressenza.com\/ca\/#website","url":"https:\/\/www.pressenza.com\/ca\/","name":"Pressenza","description":"International Press Agency","publisher":{"@id":"https:\/\/www.pressenza.com\/ca\/#organization"},"potentialAction":[{"@type":"SearchAction","target":{"@type":"EntryPoint","urlTemplate":"https:\/\/www.pressenza.com\/ca\/?s={search_term_string}"},"query-input":{"@type":"PropertyValueSpecification","valueRequired":true,"valueName":"search_term_string"}}],"inLanguage":"ca"},{"@type":"Organization","@id":"https:\/\/www.pressenza.com\/ca\/#organization","name":"Pressenza","url":"https:\/\/www.pressenza.com\/ca\/","logo":{"@type":"ImageObject","inLanguage":"ca","@id":"https:\/\/www.pressenza.com\/ca\/#\/schema\/logo\/image\/","url":"https:\/\/www.pressenza.com\/wp-content\/uploads\/2022\/10\/pressenza_logo_200x200.jpg","contentUrl":"https:\/\/www.pressenza.com\/wp-content\/uploads\/2022\/10\/pressenza_logo_200x200.jpg","width":200,"height":200,"caption":"Pressenza"},"image":{"@id":"https:\/\/www.pressenza.com\/ca\/#\/schema\/logo\/image\/"},"sameAs":["https:\/\/www.facebook.com\/PressenzaItalia","https:\/\/x.com\/PressenzaIPA"]},{"@type":"Person","@id":"https:\/\/www.pressenza.com\/ca\/#\/schema\/person\/8abc53b92f3264e0dad4300d54ac73ff","name":"Redacci\u00f3n Barcelona","description":"News published by the Pressenza bureau in Barcelona, Spain","sameAs":["https:\/\/www.facebook.com\/Pressenza-Espaa-647854795301395\/timeline\/","https:\/\/x.com\/pressenza"],"url":"https:\/\/www.pressenza.com\/ca\/author\/redaccion-barcelona\/"}]}},"place":"","original_article_url":"","_links":{"self":[{"href":"https:\/\/www.pressenza.com\/ca\/wp-json\/wp\/v2\/posts\/948474","targetHints":{"allow":["GET"]}}],"collection":[{"href":"https:\/\/www.pressenza.com\/ca\/wp-json\/wp\/v2\/posts"}],"about":[{"href":"https:\/\/www.pressenza.com\/ca\/wp-json\/wp\/v2\/types\/post"}],"author":[{"embeddable":true,"href":"https:\/\/www.pressenza.com\/ca\/wp-json\/wp\/v2\/users\/1122"}],"replies":[{"embeddable":true,"href":"https:\/\/www.pressenza.com\/ca\/wp-json\/wp\/v2\/comments?post=948474"}],"version-history":[{"count":0,"href":"https:\/\/www.pressenza.com\/ca\/wp-json\/wp\/v2\/posts\/948474\/revisions"}],"wp:featuredmedia":[{"embeddable":true,"href":"https:\/\/www.pressenza.com\/ca\/wp-json\/wp\/v2\/media\/948463"}],"wp:attachment":[{"href":"https:\/\/www.pressenza.com\/ca\/wp-json\/wp\/v2\/media?parent=948474"}],"wp:term":[{"taxonomy":"category","embeddable":true,"href":"https:\/\/www.pressenza.com\/ca\/wp-json\/wp\/v2\/categories?post=948474"},{"taxonomy":"post_tag","embeddable":true,"href":"https:\/\/www.pressenza.com\/ca\/wp-json\/wp\/v2\/tags?post=948474"}],"curies":[{"name":"wp","href":"https:\/\/api.w.org\/{rel}","templated":true}]}}