{"id":947467,"date":"2019-10-18T23:15:31","date_gmt":"2019-10-18T22:15:31","guid":{"rendered":"https:\/\/www.pressenza.com\/?p=947467"},"modified":"2019-10-18T23:15:31","modified_gmt":"2019-10-18T22:15:31","slug":"les-marxes-per-la-llibertat-congreguen-a-milers-de-catalans","status":"publish","type":"post","link":"https:\/\/www.pressenza.com\/ca\/2019\/10\/les-marxes-per-la-llibertat-congreguen-a-milers-de-catalans\/","title":{"rendered":"Les \u00abMarxes per la llibertat\u201d congreguen a milers de catalans"},"content":{"rendered":"<p>Les &#8220;Marxes per la llibertat\u201d congreguen a mes de 500.000 persones que han caminat durant 3 dies per tota la geografia catalana fins a trobar-se en una gran manifestaci\u00f3 pac\u00edfica i festiva en el centre de Barcelona.<\/p>\n<p>Des del dimecres 16 d&#8217;octubre una part important de la poblaci\u00f3 catalana est\u00e0 realitzant marxes pac\u00edfiques caminant per carreteres des de cinc punts diferents de Catalunya (Girona, Vic, Berga, T\u00e0rrega i Tarragona), marxes que han conflu\u00eft avui 18 d&#8217;octubre en el centre de Barcelona en una gran manifestaci\u00f3. Cadascuna de les marxes ha recorregut al voltant de cent quil\u00f2metres. Es tracta d&#8217;una protesta pac\u00edfica i massiva contra la sent\u00e8ncia del Tribunal Suprem als l\u00edders del &#8220;proc\u00e9s independentista&#8221;.<\/p>\n<p>Denominades \u201cMarxes per la llibertat\u201d, aquestes 5 marxes han estat impulsades per \u201cl\u2019Assemblea Nacional Catalana\u201d i \u201c\u00d2mnium Cultural\u201d i secundada pels altres actors de l&#8217;independentisme, inclosos els partits i el propi &#8220;Govern de la Generalitat&#8221;, que han participat en elles. Amb aquests actes \u201cl\u2019Assemblea Nacional Catalana\u201d, \u201c\u00d2mnium Cultural\u201d i la gran majoria de la societat catalana es desvincula i den\u00fancia els actes violents i vand\u00e0lics que s&#8217;han viscut a Barcelona les \u00faltimes nits.<\/p>\n<p>Les principals art\u00e8ries d&#8217;entrada a Barcelona han estat col\u00b7lapsades des de primeres hores de la tarda per milers de persones, s\u00f3n els participants de les marxes que arriben a la capital catalana. Coincidint amb l&#8217;arribada de les marxes s&#8217;ha celebrat en tota Catalunya una vaga general convocada per sindicats independentistes (Intersindical-CSC i Intersindical Alternativa de Catalunya IAC). La vaga ha estat promoguda al\u00b7legant diversos motius laborals i econ\u00f2mics com la derogaci\u00f3 de la reforma laboral o la implantaci\u00f3 d&#8217;un salari m\u00ednim catal\u00e0 de 1.200 \u20ac, encara que la vaga no ha estat secundada pels sindicats majoritaris (CCOO i UGT).<\/p>\n<p>Desgraciadament, quan comen\u00e7aven a dispersar-se els participants de la manifestaci\u00f3, en una zona molt pr\u00f2xima, als voltants de la Prefectura de la policia, s&#8217;ha produ\u00eft una protesta paral\u00b7lela amb altercats violents entre grups de joves i la policia. Els manifestants han muntat barricades, incendiat contenidors, i llan\u00e7at pedres i material pirot\u00e8cnic, mentre que la Policia Nacional ha llan\u00e7at gas lacrimogen i pilotes de goma als manifestants.<\/p>\n<p>&nbsp;<\/p>\n<div class=\"post-gallery\">\n\t\t\t<figure class=\"post-gallery-item\">\n\t\t\t\t<img decoding=\"async\" src=\"https:\/\/www.pressenza.com\/wp-content\/uploads\/2019\/10\/unnamed-12-1-720x540.jpg\" loading=\"lazy\">\n\t\t\t\t<figcaption>\n\t\t\t\t\t\n\t\t\t\t<\/figcaption>\n\t\t\t<\/figure>\n\t\t\t<figure class=\"post-gallery-item\">\n\t\t\t\t<img decoding=\"async\" src=\"https:\/\/www.pressenza.com\/wp-content\/uploads\/2019\/10\/unnamed-11-1-720x540.jpg\" loading=\"lazy\">\n\t\t\t\t<figcaption>\n\t\t\t\t\t\n\t\t\t\t<\/figcaption>\n\t\t\t<\/figure>\n\t\t\t<figure class=\"post-gallery-item\">\n\t\t\t\t<img decoding=\"async\" src=\"https:\/\/www.pressenza.com\/wp-content\/uploads\/2019\/10\/unnamed-9-720x540.jpg\" loading=\"lazy\">\n\t\t\t\t<figcaption>\n\t\t\t\t\t\n\t\t\t\t<\/figcaption>\n\t\t\t<\/figure>\n\t\t\t<figure class=\"post-gallery-item\">\n\t\t\t\t<img decoding=\"async\" src=\"https:\/\/www.pressenza.com\/wp-content\/uploads\/2019\/10\/unnamed-8-1-720x540.jpg\" loading=\"lazy\">\n\t\t\t\t<figcaption>\n\t\t\t\t\t\n\t\t\t\t<\/figcaption>\n\t\t\t<\/figure>\n\t\t\t<figure class=\"post-gallery-item\">\n\t\t\t\t<img decoding=\"async\" src=\"https:\/\/www.pressenza.com\/wp-content\/uploads\/2019\/10\/unnamed-7-1-720x540.jpg\" loading=\"lazy\">\n\t\t\t\t<figcaption>\n\t\t\t\t\t\n\t\t\t\t<\/figcaption>\n\t\t\t<\/figure>\n\t\t\t<figure class=\"post-gallery-item\">\n\t\t\t\t<img decoding=\"async\" src=\"https:\/\/www.pressenza.com\/wp-content\/uploads\/2019\/10\/unnamed-6-720x540.jpg\" loading=\"lazy\">\n\t\t\t\t<figcaption>\n\t\t\t\t\t\n\t\t\t\t<\/figcaption>\n\t\t\t<\/figure>\n\t\t\t<figure class=\"post-gallery-item\">\n\t\t\t\t<img decoding=\"async\" src=\"https:\/\/www.pressenza.com\/wp-content\/uploads\/2019\/10\/unnamed-5-720x540.jpg\" loading=\"lazy\">\n\t\t\t\t<figcaption>\n\t\t\t\t\t\n\t\t\t\t<\/figcaption>\n\t\t\t<\/figure>\n\t\t\t<figure class=\"post-gallery-item\">\n\t\t\t\t<img decoding=\"async\" src=\"https:\/\/www.pressenza.com\/wp-content\/uploads\/2019\/10\/unnamed-4-1-720x540.jpg\" loading=\"lazy\">\n\t\t\t\t<figcaption>\n\t\t\t\t\t\n\t\t\t\t<\/figcaption>\n\t\t\t<\/figure>\n\t\t\t<figure class=\"post-gallery-item\">\n\t\t\t\t<img decoding=\"async\" src=\"https:\/\/www.pressenza.com\/wp-content\/uploads\/2019\/10\/unnamed-3-1-720x540.jpg\" loading=\"lazy\">\n\t\t\t\t<figcaption>\n\t\t\t\t\t\n\t\t\t\t<\/figcaption>\n\t\t\t<\/figure>\n\t\t\t<figure class=\"post-gallery-item\">\n\t\t\t\t<img decoding=\"async\" src=\"https:\/\/www.pressenza.com\/wp-content\/uploads\/2019\/10\/unnamed-2-1-720x540.jpg\" loading=\"lazy\">\n\t\t\t\t<figcaption>\n\t\t\t\t\t\n\t\t\t\t<\/figcaption>\n\t\t\t<\/figure>\n\t\t\t<figure class=\"post-gallery-item\">\n\t\t\t\t<img decoding=\"async\" src=\"https:\/\/www.pressenza.com\/wp-content\/uploads\/2019\/10\/unnamed-1-1-720x540.jpg\" loading=\"lazy\">\n\t\t\t\t<figcaption>\n\t\t\t\t\t\n\t\t\t\t<\/figcaption>\n\t\t\t<\/figure>\n\t\t\t<figure class=\"post-gallery-item\">\n\t\t\t\t<img decoding=\"async\" src=\"https:\/\/www.pressenza.com\/wp-content\/uploads\/2019\/10\/cabecera-720x960.jpg\" loading=\"lazy\">\n\t\t\t\t<figcaption>\n\t\t\t\t\t\n\t\t\t\t<\/figcaption>\n\t\t\t<\/figure>\n\t\t\t<figure class=\"post-gallery-item\">\n\t\t\t\t<img decoding=\"async\" src=\"https:\/\/www.pressenza.com\/wp-content\/uploads\/2019\/10\/031eb242-e3e8-40ac-922c-e2f19b09eae8-720x480.jpg\" loading=\"lazy\">\n\t\t\t\t<figcaption>\n\t\t\t\t\t\n\t\t\t\t<\/figcaption>\n\t\t\t<\/figure>\n\t\t\t<figure class=\"post-gallery-item\">\n\t\t\t\t<img decoding=\"async\" src=\"https:\/\/www.pressenza.com\/wp-content\/uploads\/2019\/10\/9add7f85-07bd-4057-a8f8-51d88776c02d-720x480.jpg\" loading=\"lazy\">\n\t\t\t\t<figcaption>\n\t\t\t\t\t\n\t\t\t\t<\/figcaption>\n\t\t\t<\/figure>\n\t\t\t<figure class=\"post-gallery-item\">\n\t\t\t\t<img decoding=\"async\" src=\"https:\/\/www.pressenza.com\/wp-content\/uploads\/2019\/10\/1a2413b7-754d-4f92-aa2f-864a1e26e7d2-720x480.jpg\" loading=\"lazy\">\n\t\t\t\t<figcaption>\n\t\t\t\t\t\n\t\t\t\t<\/figcaption>\n\t\t\t<\/figure><\/div>\n<p>Imatges de Pilar Paricio, Josep Zambrano y Fernando estrada<\/p>\n","protected":false},"excerpt":{"rendered":"<p>Les &#8220;Marxes per la llibertat\u201d congreguen a mes de 500.000 persones que han caminat durant 3 dies per tota la geografia catalana fins a trobar-se en una gran manifestaci\u00f3 pac\u00edfica i festiva en el centre de Barcelona. Des del dimecres&hellip;<\/p>\n","protected":false},"author":1102,"featured_media":947113,"comment_status":"closed","ping_status":"closed","sticky":false,"template":"","format":"standard","meta":{"footnotes":""},"categories":[35531,35530,35524],"tags":[43600,65645],"class_list":["post-947467","post","type-post","status-publish","format-standard","has-post-thumbnail","hentry","category-contingut-original-ca","category-foto-reportatges-ca","category-politica-ca","tag-cataluna-es-ca","tag-marchas-por-la-libertad-ca"],"yoast_head":"<!-- This site is optimized with the Yoast SEO plugin v27.1.1 - https:\/\/yoast.com\/product\/yoast-seo-wordpress\/ -->\n<title>Les \u00abMarxes per la llibertat\u201d congreguen a milers de catalans<\/title>\n<meta name=\"description\" content=\"Les &quot;Marxes per la llibertat\u201d congreguen a mes de 500.000 persones que han caminat durant 3 dies per tota la geografia catalana fins a trobar-se en una\" \/>\n<meta name=\"robots\" content=\"index, follow, max-snippet:-1, max-image-preview:large, max-video-preview:-1\" \/>\n<link rel=\"canonical\" href=\"https:\/\/www.pressenza.com\/ca\/2019\/10\/les-marxes-per-la-llibertat-congreguen-a-milers-de-catalans\/\" \/>\n<meta property=\"og:locale\" content=\"ca_ES\" \/>\n<meta property=\"og:type\" content=\"article\" \/>\n<meta property=\"og:title\" content=\"Les \u00abMarxes per la llibertat\u201d congreguen a milers de catalans\" \/>\n<meta property=\"og:description\" content=\"Les &quot;Marxes per la llibertat\u201d congreguen a mes de 500.000 persones que han caminat durant 3 dies per tota la geografia catalana fins a trobar-se en una\" \/>\n<meta property=\"og:url\" content=\"https:\/\/www.pressenza.com\/ca\/2019\/10\/les-marxes-per-la-llibertat-congreguen-a-milers-de-catalans\/\" \/>\n<meta property=\"og:site_name\" content=\"Pressenza\" \/>\n<meta property=\"article:publisher\" content=\"https:\/\/www.facebook.com\/PressenzaItalia\" \/>\n<meta property=\"article:published_time\" content=\"2019-10-18T22:15:31+00:00\" \/>\n<meta property=\"og:image\" content=\"https:\/\/www.pressenza.com\/wp-content\/uploads\/2019\/10\/unnamed-2.jpg\" \/>\n\t<meta property=\"og:image:width\" content=\"2016\" \/>\n\t<meta property=\"og:image:height\" content=\"1512\" \/>\n\t<meta property=\"og:image:type\" content=\"image\/jpeg\" \/>\n<meta name=\"author\" content=\"Pilar Paricio\" \/>\n<meta name=\"twitter:card\" content=\"summary_large_image\" \/>\n<meta name=\"twitter:creator\" content=\"@PressenzaIPA\" \/>\n<meta name=\"twitter:site\" content=\"@PressenzaIPA\" \/>\n<meta name=\"twitter:label1\" content=\"Escrit per\" \/>\n\t<meta name=\"twitter:data1\" content=\"Pilar Paricio\" \/>\n\t<meta name=\"twitter:label2\" content=\"Temps estimat de lectura\" \/>\n\t<meta name=\"twitter:data2\" content=\"2 minuts\" \/>\n<script type=\"application\/ld+json\" class=\"yoast-schema-graph\">{\"@context\":\"https:\/\/schema.org\",\"@graph\":[{\"@type\":\"Article\",\"@id\":\"https:\/\/www.pressenza.com\/ca\/2019\/10\/les-marxes-per-la-llibertat-congreguen-a-milers-de-catalans\/#article\",\"isPartOf\":{\"@id\":\"https:\/\/www.pressenza.com\/ca\/2019\/10\/les-marxes-per-la-llibertat-congreguen-a-milers-de-catalans\/\"},\"author\":{\"name\":\"Pilar Paricio\",\"@id\":\"https:\/\/www.pressenza.com\/ca\/#\/schema\/person\/b38ea2890059fade68f5d3d1713cadfd\"},\"headline\":\"Les \u00abMarxes per la llibertat\u201d congreguen a milers de catalans\",\"datePublished\":\"2019-10-18T22:15:31+00:00\",\"mainEntityOfPage\":{\"@id\":\"https:\/\/www.pressenza.com\/ca\/2019\/10\/les-marxes-per-la-llibertat-congreguen-a-milers-de-catalans\/\"},\"wordCount\":403,\"publisher\":{\"@id\":\"https:\/\/www.pressenza.com\/ca\/#organization\"},\"image\":{\"@id\":\"https:\/\/www.pressenza.com\/ca\/2019\/10\/les-marxes-per-la-llibertat-congreguen-a-milers-de-catalans\/#primaryimage\"},\"thumbnailUrl\":\"https:\/\/www.pressenza.com\/wp-content\/uploads\/2019\/10\/unnamed-2.jpg\",\"keywords\":[\"Catalu\u00f1a\",\"Marchas por la Libertad\"],\"articleSection\":[\"Contingut original\",\"Foto reportatges\",\"Pol\u00edtica\"],\"inLanguage\":\"ca\"},{\"@type\":\"WebPage\",\"@id\":\"https:\/\/www.pressenza.com\/ca\/2019\/10\/les-marxes-per-la-llibertat-congreguen-a-milers-de-catalans\/\",\"url\":\"https:\/\/www.pressenza.com\/ca\/2019\/10\/les-marxes-per-la-llibertat-congreguen-a-milers-de-catalans\/\",\"name\":\"Les \u00abMarxes per la llibertat\u201d congreguen a milers de catalans\",\"isPartOf\":{\"@id\":\"https:\/\/www.pressenza.com\/ca\/#website\"},\"primaryImageOfPage\":{\"@id\":\"https:\/\/www.pressenza.com\/ca\/2019\/10\/les-marxes-per-la-llibertat-congreguen-a-milers-de-catalans\/#primaryimage\"},\"image\":{\"@id\":\"https:\/\/www.pressenza.com\/ca\/2019\/10\/les-marxes-per-la-llibertat-congreguen-a-milers-de-catalans\/#primaryimage\"},\"thumbnailUrl\":\"https:\/\/www.pressenza.com\/wp-content\/uploads\/2019\/10\/unnamed-2.jpg\",\"datePublished\":\"2019-10-18T22:15:31+00:00\",\"description\":\"Les \\\"Marxes per la llibertat\u201d congreguen a mes de 500.000 persones que han caminat durant 3 dies per tota la geografia catalana fins a trobar-se en una\",\"breadcrumb\":{\"@id\":\"https:\/\/www.pressenza.com\/ca\/2019\/10\/les-marxes-per-la-llibertat-congreguen-a-milers-de-catalans\/#breadcrumb\"},\"inLanguage\":\"ca\",\"potentialAction\":[{\"@type\":\"ReadAction\",\"target\":[\"https:\/\/www.pressenza.com\/ca\/2019\/10\/les-marxes-per-la-llibertat-congreguen-a-milers-de-catalans\/\"]}]},{\"@type\":\"ImageObject\",\"inLanguage\":\"ca\",\"@id\":\"https:\/\/www.pressenza.com\/ca\/2019\/10\/les-marxes-per-la-llibertat-congreguen-a-milers-de-catalans\/#primaryimage\",\"url\":\"https:\/\/www.pressenza.com\/wp-content\/uploads\/2019\/10\/unnamed-2.jpg\",\"contentUrl\":\"https:\/\/www.pressenza.com\/wp-content\/uploads\/2019\/10\/unnamed-2.jpg\",\"width\":2016,\"height\":1512,\"caption\":\"Friedliche Massendemonstrationen in Katalonien bringen 500.000 Menschen zusammen\"},{\"@type\":\"BreadcrumbList\",\"@id\":\"https:\/\/www.pressenza.com\/ca\/2019\/10\/les-marxes-per-la-llibertat-congreguen-a-milers-de-catalans\/#breadcrumb\",\"itemListElement\":[{\"@type\":\"ListItem\",\"position\":1,\"name\":\"Accueil\",\"item\":\"https:\/\/www.pressenza.com\/ca\/\"},{\"@type\":\"ListItem\",\"position\":2,\"name\":\"Les \u00abMarxes per la llibertat\u201d congreguen a milers de catalans\"}]},{\"@type\":\"WebSite\",\"@id\":\"https:\/\/www.pressenza.com\/ca\/#website\",\"url\":\"https:\/\/www.pressenza.com\/ca\/\",\"name\":\"Pressenza\",\"description\":\"International Press Agency\",\"publisher\":{\"@id\":\"https:\/\/www.pressenza.com\/ca\/#organization\"},\"potentialAction\":[{\"@type\":\"SearchAction\",\"target\":{\"@type\":\"EntryPoint\",\"urlTemplate\":\"https:\/\/www.pressenza.com\/ca\/?s={search_term_string}\"},\"query-input\":{\"@type\":\"PropertyValueSpecification\",\"valueRequired\":true,\"valueName\":\"search_term_string\"}}],\"inLanguage\":\"ca\"},{\"@type\":\"Organization\",\"@id\":\"https:\/\/www.pressenza.com\/ca\/#organization\",\"name\":\"Pressenza\",\"url\":\"https:\/\/www.pressenza.com\/ca\/\",\"logo\":{\"@type\":\"ImageObject\",\"inLanguage\":\"ca\",\"@id\":\"https:\/\/www.pressenza.com\/ca\/#\/schema\/logo\/image\/\",\"url\":\"https:\/\/www.pressenza.com\/wp-content\/uploads\/2022\/10\/pressenza_logo_200x200.jpg\",\"contentUrl\":\"https:\/\/www.pressenza.com\/wp-content\/uploads\/2022\/10\/pressenza_logo_200x200.jpg\",\"width\":200,\"height\":200,\"caption\":\"Pressenza\"},\"image\":{\"@id\":\"https:\/\/www.pressenza.com\/ca\/#\/schema\/logo\/image\/\"},\"sameAs\":[\"https:\/\/www.facebook.com\/PressenzaItalia\",\"https:\/\/x.com\/PressenzaIPA\"]},{\"@type\":\"Person\",\"@id\":\"https:\/\/www.pressenza.com\/ca\/#\/schema\/person\/b38ea2890059fade68f5d3d1713cadfd\",\"name\":\"Pilar Paricio\",\"description\":\"Barcelona. Arquitecta, especializada en planificaci\u00f3n urbana. Trabaja por el avance de la poblaci\u00f3n en derechos b\u00e1sicos como el derecho a la vivienda y el derecho a la ciudad. Involucrada con el cambio social y personal, participa en el Nuevo Humanismo.\",\"url\":\"https:\/\/www.pressenza.com\/ca\/author\/pilar-paricio\/\"}]}<\/script>\n<!-- \/ Yoast SEO plugin. -->","yoast_head_json":{"title":"Les \u00abMarxes per la llibertat\u201d congreguen a milers de catalans","description":"Les \"Marxes per la llibertat\u201d congreguen a mes de 500.000 persones que han caminat durant 3 dies per tota la geografia catalana fins a trobar-se en una","robots":{"index":"index","follow":"follow","max-snippet":"max-snippet:-1","max-image-preview":"max-image-preview:large","max-video-preview":"max-video-preview:-1"},"canonical":"https:\/\/www.pressenza.com\/ca\/2019\/10\/les-marxes-per-la-llibertat-congreguen-a-milers-de-catalans\/","og_locale":"ca_ES","og_type":"article","og_title":"Les \u00abMarxes per la llibertat\u201d congreguen a milers de catalans","og_description":"Les \"Marxes per la llibertat\u201d congreguen a mes de 500.000 persones que han caminat durant 3 dies per tota la geografia catalana fins a trobar-se en una","og_url":"https:\/\/www.pressenza.com\/ca\/2019\/10\/les-marxes-per-la-llibertat-congreguen-a-milers-de-catalans\/","og_site_name":"Pressenza","article_publisher":"https:\/\/www.facebook.com\/PressenzaItalia","article_published_time":"2019-10-18T22:15:31+00:00","og_image":[{"width":2016,"height":1512,"url":"https:\/\/www.pressenza.com\/wp-content\/uploads\/2019\/10\/unnamed-2.jpg","type":"image\/jpeg"}],"author":"Pilar Paricio","twitter_card":"summary_large_image","twitter_creator":"@PressenzaIPA","twitter_site":"@PressenzaIPA","twitter_misc":{"Escrit per":"Pilar Paricio","Temps estimat de lectura":"2 minuts"},"schema":{"@context":"https:\/\/schema.org","@graph":[{"@type":"Article","@id":"https:\/\/www.pressenza.com\/ca\/2019\/10\/les-marxes-per-la-llibertat-congreguen-a-milers-de-catalans\/#article","isPartOf":{"@id":"https:\/\/www.pressenza.com\/ca\/2019\/10\/les-marxes-per-la-llibertat-congreguen-a-milers-de-catalans\/"},"author":{"name":"Pilar Paricio","@id":"https:\/\/www.pressenza.com\/ca\/#\/schema\/person\/b38ea2890059fade68f5d3d1713cadfd"},"headline":"Les \u00abMarxes per la llibertat\u201d congreguen a milers de catalans","datePublished":"2019-10-18T22:15:31+00:00","mainEntityOfPage":{"@id":"https:\/\/www.pressenza.com\/ca\/2019\/10\/les-marxes-per-la-llibertat-congreguen-a-milers-de-catalans\/"},"wordCount":403,"publisher":{"@id":"https:\/\/www.pressenza.com\/ca\/#organization"},"image":{"@id":"https:\/\/www.pressenza.com\/ca\/2019\/10\/les-marxes-per-la-llibertat-congreguen-a-milers-de-catalans\/#primaryimage"},"thumbnailUrl":"https:\/\/www.pressenza.com\/wp-content\/uploads\/2019\/10\/unnamed-2.jpg","keywords":["Catalu\u00f1a","Marchas por la Libertad"],"articleSection":["Contingut original","Foto reportatges","Pol\u00edtica"],"inLanguage":"ca"},{"@type":"WebPage","@id":"https:\/\/www.pressenza.com\/ca\/2019\/10\/les-marxes-per-la-llibertat-congreguen-a-milers-de-catalans\/","url":"https:\/\/www.pressenza.com\/ca\/2019\/10\/les-marxes-per-la-llibertat-congreguen-a-milers-de-catalans\/","name":"Les \u00abMarxes per la llibertat\u201d congreguen a milers de catalans","isPartOf":{"@id":"https:\/\/www.pressenza.com\/ca\/#website"},"primaryImageOfPage":{"@id":"https:\/\/www.pressenza.com\/ca\/2019\/10\/les-marxes-per-la-llibertat-congreguen-a-milers-de-catalans\/#primaryimage"},"image":{"@id":"https:\/\/www.pressenza.com\/ca\/2019\/10\/les-marxes-per-la-llibertat-congreguen-a-milers-de-catalans\/#primaryimage"},"thumbnailUrl":"https:\/\/www.pressenza.com\/wp-content\/uploads\/2019\/10\/unnamed-2.jpg","datePublished":"2019-10-18T22:15:31+00:00","description":"Les \"Marxes per la llibertat\u201d congreguen a mes de 500.000 persones que han caminat durant 3 dies per tota la geografia catalana fins a trobar-se en una","breadcrumb":{"@id":"https:\/\/www.pressenza.com\/ca\/2019\/10\/les-marxes-per-la-llibertat-congreguen-a-milers-de-catalans\/#breadcrumb"},"inLanguage":"ca","potentialAction":[{"@type":"ReadAction","target":["https:\/\/www.pressenza.com\/ca\/2019\/10\/les-marxes-per-la-llibertat-congreguen-a-milers-de-catalans\/"]}]},{"@type":"ImageObject","inLanguage":"ca","@id":"https:\/\/www.pressenza.com\/ca\/2019\/10\/les-marxes-per-la-llibertat-congreguen-a-milers-de-catalans\/#primaryimage","url":"https:\/\/www.pressenza.com\/wp-content\/uploads\/2019\/10\/unnamed-2.jpg","contentUrl":"https:\/\/www.pressenza.com\/wp-content\/uploads\/2019\/10\/unnamed-2.jpg","width":2016,"height":1512,"caption":"Friedliche Massendemonstrationen in Katalonien bringen 500.000 Menschen zusammen"},{"@type":"BreadcrumbList","@id":"https:\/\/www.pressenza.com\/ca\/2019\/10\/les-marxes-per-la-llibertat-congreguen-a-milers-de-catalans\/#breadcrumb","itemListElement":[{"@type":"ListItem","position":1,"name":"Accueil","item":"https:\/\/www.pressenza.com\/ca\/"},{"@type":"ListItem","position":2,"name":"Les \u00abMarxes per la llibertat\u201d congreguen a milers de catalans"}]},{"@type":"WebSite","@id":"https:\/\/www.pressenza.com\/ca\/#website","url":"https:\/\/www.pressenza.com\/ca\/","name":"Pressenza","description":"International Press Agency","publisher":{"@id":"https:\/\/www.pressenza.com\/ca\/#organization"},"potentialAction":[{"@type":"SearchAction","target":{"@type":"EntryPoint","urlTemplate":"https:\/\/www.pressenza.com\/ca\/?s={search_term_string}"},"query-input":{"@type":"PropertyValueSpecification","valueRequired":true,"valueName":"search_term_string"}}],"inLanguage":"ca"},{"@type":"Organization","@id":"https:\/\/www.pressenza.com\/ca\/#organization","name":"Pressenza","url":"https:\/\/www.pressenza.com\/ca\/","logo":{"@type":"ImageObject","inLanguage":"ca","@id":"https:\/\/www.pressenza.com\/ca\/#\/schema\/logo\/image\/","url":"https:\/\/www.pressenza.com\/wp-content\/uploads\/2022\/10\/pressenza_logo_200x200.jpg","contentUrl":"https:\/\/www.pressenza.com\/wp-content\/uploads\/2022\/10\/pressenza_logo_200x200.jpg","width":200,"height":200,"caption":"Pressenza"},"image":{"@id":"https:\/\/www.pressenza.com\/ca\/#\/schema\/logo\/image\/"},"sameAs":["https:\/\/www.facebook.com\/PressenzaItalia","https:\/\/x.com\/PressenzaIPA"]},{"@type":"Person","@id":"https:\/\/www.pressenza.com\/ca\/#\/schema\/person\/b38ea2890059fade68f5d3d1713cadfd","name":"Pilar Paricio","description":"Barcelona. Arquitecta, especializada en planificaci\u00f3n urbana. Trabaja por el avance de la poblaci\u00f3n en derechos b\u00e1sicos como el derecho a la vivienda y el derecho a la ciudad. Involucrada con el cambio social y personal, participa en el Nuevo Humanismo.","url":"https:\/\/www.pressenza.com\/ca\/author\/pilar-paricio\/"}]}},"place":"Barcelona","original_article_url":"","_links":{"self":[{"href":"https:\/\/www.pressenza.com\/ca\/wp-json\/wp\/v2\/posts\/947467","targetHints":{"allow":["GET"]}}],"collection":[{"href":"https:\/\/www.pressenza.com\/ca\/wp-json\/wp\/v2\/posts"}],"about":[{"href":"https:\/\/www.pressenza.com\/ca\/wp-json\/wp\/v2\/types\/post"}],"author":[{"embeddable":true,"href":"https:\/\/www.pressenza.com\/ca\/wp-json\/wp\/v2\/users\/1102"}],"replies":[{"embeddable":true,"href":"https:\/\/www.pressenza.com\/ca\/wp-json\/wp\/v2\/comments?post=947467"}],"version-history":[{"count":0,"href":"https:\/\/www.pressenza.com\/ca\/wp-json\/wp\/v2\/posts\/947467\/revisions"}],"wp:featuredmedia":[{"embeddable":true,"href":"https:\/\/www.pressenza.com\/ca\/wp-json\/wp\/v2\/media\/947113"}],"wp:attachment":[{"href":"https:\/\/www.pressenza.com\/ca\/wp-json\/wp\/v2\/media?parent=947467"}],"wp:term":[{"taxonomy":"category","embeddable":true,"href":"https:\/\/www.pressenza.com\/ca\/wp-json\/wp\/v2\/categories?post=947467"},{"taxonomy":"post_tag","embeddable":true,"href":"https:\/\/www.pressenza.com\/ca\/wp-json\/wp\/v2\/tags?post=947467"}],"curies":[{"name":"wp","href":"https:\/\/api.w.org\/{rel}","templated":true}]}}