{"id":945039,"date":"2019-10-15T16:39:35","date_gmt":"2019-10-15T15:39:35","guid":{"rendered":"https:\/\/www.pressenza.com\/?p=945039"},"modified":"2019-10-15T16:44:59","modified_gmt":"2019-10-15T15:44:59","slug":"jo-tambe-soc-un-sedicios","status":"publish","type":"post","link":"https:\/\/www.pressenza.com\/ca\/2019\/10\/jo-tambe-soc-un-sedicios\/","title":{"rendered":"Jo tamb\u00e9 s\u00f3c un sedici\u00f3s"},"content":{"rendered":"<p>M\u00e9s enll\u00e0 de la contradicci\u00f3 que suposa que\u00a0 la Sent\u00e8ncia publicada avui sobre el proc\u00e9s estableixi que,\u00a0 per una banda, el proc\u00e9s va ser una enganyifa assumida pels pol\u00edtics catalans, i que, per l&#8217;altra, en cap moment va estar en perill la integritat de l\u2019estat espanyol, per\u00f2 la sent\u00e8ncia acabi imposant 13 anys de pres\u00f3\u00a0 a un vicepresident d\u2019un govern leg\u00edtimament escollit, entre 10 i 11 a la majoria\u00a0 de consellers i 9 anys a dos activistes, que es van enfilar\u00a0 damunt d\u2019un cotxe, el Tribunal Suprem aprofita per fixar qu\u00e8 es pot fer i qu\u00e8 no es pot fer en un estat de dret democr\u00e0tic.<\/p>\n<p>&#8220;El derecho a la protesta no puede mutar en un ex\u00f3tico derecho al impedimento f\u00edsico a los agentes de autoridad a dar cumplimiento a un mandato judicial\u201d. I afegeix: &#8220;La autoridad del poder judicial qued\u00f3 en suspenso sustituido por la propia voluntad de los convocantes y de quienes secundaban la convocatoria, voluntad impuesta por la fuerza&#8221;.<\/p>\n<p>Per tant, el Tribunal Suprem transforma la desobedi\u00e8ncia civil en delicte. La desobedi\u00e8ncia civil \u00e9s doncs prou causa per a acabar imposant una pena de 9 anys de pres\u00f3. Rosa Parks al trullo. Ghandi tamb\u00e9 i Jesucrist que els acompanyi! Per descomptat tots els firmants de la declaraci\u00f3 d\u2019independ\u00e8ncia nordamericana penjats. Aquests si eren rebels.<\/p>\n<p>La Sent\u00e8ncia del proc\u00e9s el que fa \u00e9s acabar per criminalitzar tota l\u2019activitat inspirada i desenvolupada pel 15 M. Era sedici\u00f3 quan els veterans lluitadors de la Marea Pensionista enva\u00efen les seus de la Tresoreria General de la Seguretat Social per reclamar un sistema de pensions p\u00fabliques dignes. Era sedici\u00f3 quan ocup\u00e0vem la Vicepresid\u00e8ncia del Govern de la Generalitat per a reclamar un increment pressupostari per fer front a les llistes d\u2019espera. \u00c9s sedici\u00f3 quan ocupen la PAH, la PAC o els 500 x 20 una entitat bancaria per a aturar un desnonament.<\/p>\n<p><img loading=\"lazy\" decoding=\"async\" class=\"alignnone size-full wp-image-945042\" src=\"https:\/\/www.pressenza.com\/wp-content\/uploads\/2019\/10\/IMG-20191014-WA0005.jpg\" alt=\"\" width=\"1024\" height=\"683\" srcset=\"https:\/\/www.pressenza.com\/wp-content\/uploads\/2019\/10\/IMG-20191014-WA0005.jpg 1024w, https:\/\/www.pressenza.com\/wp-content\/uploads\/2019\/10\/IMG-20191014-WA0005-300x200.jpg 300w, https:\/\/www.pressenza.com\/wp-content\/uploads\/2019\/10\/IMG-20191014-WA0005-768x512.jpg 768w, https:\/\/www.pressenza.com\/wp-content\/uploads\/2019\/10\/IMG-20191014-WA0005-720x480.jpg 720w\" sizes=\"auto, (max-width: 1024px) 100vw, 1024px\" \/><\/p>\n<p>First they came for the Communists<\/p>\n<p>And I did not speak out<\/p>\n<p>Because I was not a Communist<\/p>\n<p>&nbsp;<\/p>\n<p>Then they came for the Socialists<\/p>\n<p>And I did not speak out<\/p>\n<p>Because I was not a Socialist<\/p>\n<p>Then they came for the trade unionists<\/p>\n<p>And I did not speak out<\/p>\n<p>Because I was not a trade unionist<\/p>\n<p>Then they came for the Jews<\/p>\n<p>And I did not speak out<\/p>\n<p>Because I was not a Jew<\/p>\n<p>Then they came for me<\/p>\n<p>And there was no one left<\/p>\n<p>To speak out for me<\/p>\n<p>&nbsp;<\/p>\n<p>I Martin Niemoller tenia ra\u00f3.<\/p>\n<p>&nbsp;<\/p>\n","protected":false},"excerpt":{"rendered":"<p>M\u00e9s enll\u00e0 de la contradicci\u00f3 que suposa que\u00a0 la Sent\u00e8ncia publicada avui sobre el proc\u00e9s estableixi que,\u00a0 per una banda, el proc\u00e9s va ser una enganyifa assumida pels pol\u00edtics catalans, i que, per l&#8217;altra, en cap moment va estar en&hellip;<\/p>\n","protected":false},"author":1122,"featured_media":945051,"comment_status":"closed","ping_status":"closed","sticky":false,"template":"","format":"standard","meta":{"footnotes":""},"categories":[35531,35512,35506,35520,35528,35524],"tags":[43003,41310,65437,65436],"class_list":["post-945039","post","type-post","status-publish","format-standard","has-post-thumbnail","hentry","category-contingut-original-ca","category-drets-humans-ca","category-europa-ca","category-no-violencia-ca","category-opinions-ca","category-politica-ca","tag-llibertat-presos-politics","tag-catalunya-ca","tag-sentencia-ca","tag-spainisafasciststate"],"yoast_head":"<!-- This site is optimized with the Yoast SEO plugin v27.1.1 - https:\/\/yoast.com\/product\/yoast-seo-wordpress\/ -->\n<title>Jo tamb\u00e9 s\u00f3c un sedici\u00f3s<\/title>\n<meta name=\"description\" content=\"M\u00e9s enll\u00e0 de la contradicci\u00f3 que suposa que\u00a0 la Sent\u00e8ncia publicada avui sobre el proc\u00e9s estableixi que,\u00a0 per una banda, el proc\u00e9s va ser una enganyifa\" \/>\n<meta name=\"robots\" content=\"index, follow, max-snippet:-1, max-image-preview:large, max-video-preview:-1\" \/>\n<link rel=\"canonical\" href=\"https:\/\/www.pressenza.com\/ca\/2019\/10\/jo-tambe-soc-un-sedicios\/\" \/>\n<meta property=\"og:locale\" content=\"ca_ES\" \/>\n<meta property=\"og:type\" content=\"article\" \/>\n<meta property=\"og:title\" content=\"Jo tamb\u00e9 s\u00f3c un sedici\u00f3s\" \/>\n<meta property=\"og:description\" content=\"M\u00e9s enll\u00e0 de la contradicci\u00f3 que suposa que\u00a0 la Sent\u00e8ncia publicada avui sobre el proc\u00e9s estableixi que,\u00a0 per una banda, el proc\u00e9s va ser una enganyifa\" \/>\n<meta property=\"og:url\" content=\"https:\/\/www.pressenza.com\/ca\/2019\/10\/jo-tambe-soc-un-sedicios\/\" \/>\n<meta property=\"og:site_name\" content=\"Pressenza\" \/>\n<meta property=\"article:publisher\" content=\"https:\/\/www.facebook.com\/PressenzaItalia\" \/>\n<meta property=\"article:author\" content=\"https:\/\/www.facebook.com\/Pressenza-Espaa-647854795301395\/timeline\/\" \/>\n<meta property=\"article:published_time\" content=\"2019-10-15T15:39:35+00:00\" \/>\n<meta property=\"article:modified_time\" content=\"2019-10-15T15:44:59+00:00\" \/>\n<meta property=\"og:image\" content=\"https:\/\/www.pressenza.com\/wp-content\/uploads\/2019\/10\/IMG-20191014-WA0004.jpg\" \/>\n\t<meta property=\"og:image:width\" content=\"1599\" \/>\n\t<meta property=\"og:image:height\" content=\"1200\" \/>\n\t<meta property=\"og:image:type\" content=\"image\/jpeg\" \/>\n<meta name=\"author\" content=\"Redacci\u00f3n Barcelona\" \/>\n<meta name=\"twitter:card\" content=\"summary_large_image\" \/>\n<meta name=\"twitter:creator\" content=\"@pressenza\" \/>\n<meta name=\"twitter:site\" content=\"@PressenzaIPA\" \/>\n<meta name=\"twitter:label1\" content=\"Escrit per\" \/>\n\t<meta name=\"twitter:data1\" content=\"Redacci\u00f3n Barcelona\" \/>\n\t<meta name=\"twitter:label2\" content=\"Temps estimat de lectura\" \/>\n\t<meta name=\"twitter:data2\" content=\"2 minuts\" \/>\n<script type=\"application\/ld+json\" class=\"yoast-schema-graph\">{\"@context\":\"https:\/\/schema.org\",\"@graph\":[{\"@type\":\"Article\",\"@id\":\"https:\/\/www.pressenza.com\/ca\/2019\/10\/jo-tambe-soc-un-sedicios\/#article\",\"isPartOf\":{\"@id\":\"https:\/\/www.pressenza.com\/ca\/2019\/10\/jo-tambe-soc-un-sedicios\/\"},\"author\":{\"name\":\"Redacci\u00f3n Barcelona\",\"@id\":\"https:\/\/www.pressenza.com\/ca\/#\/schema\/person\/8abc53b92f3264e0dad4300d54ac73ff\"},\"headline\":\"Jo tamb\u00e9 s\u00f3c un sedici\u00f3s\",\"datePublished\":\"2019-10-15T15:39:35+00:00\",\"dateModified\":\"2019-10-15T15:44:59+00:00\",\"mainEntityOfPage\":{\"@id\":\"https:\/\/www.pressenza.com\/ca\/2019\/10\/jo-tambe-soc-un-sedicios\/\"},\"wordCount\":433,\"publisher\":{\"@id\":\"https:\/\/www.pressenza.com\/ca\/#organization\"},\"image\":{\"@id\":\"https:\/\/www.pressenza.com\/ca\/2019\/10\/jo-tambe-soc-un-sedicios\/#primaryimage\"},\"thumbnailUrl\":\"https:\/\/www.pressenza.com\/wp-content\/uploads\/2019\/10\/IMG-20191014-WA0004.jpg\",\"keywords\":[\"#llibertat presos politics\",\"Catalunya\",\"sentencia\",\"SpainisAFascistState\"],\"articleSection\":[\"Contingut original\",\"Drets Humans\",\"Europa\",\"No-viol\u00e8ncia\",\"Opinions\",\"Pol\u00edtica\"],\"inLanguage\":\"ca\"},{\"@type\":\"WebPage\",\"@id\":\"https:\/\/www.pressenza.com\/ca\/2019\/10\/jo-tambe-soc-un-sedicios\/\",\"url\":\"https:\/\/www.pressenza.com\/ca\/2019\/10\/jo-tambe-soc-un-sedicios\/\",\"name\":\"Jo tamb\u00e9 s\u00f3c un sedici\u00f3s\",\"isPartOf\":{\"@id\":\"https:\/\/www.pressenza.com\/ca\/#website\"},\"primaryImageOfPage\":{\"@id\":\"https:\/\/www.pressenza.com\/ca\/2019\/10\/jo-tambe-soc-un-sedicios\/#primaryimage\"},\"image\":{\"@id\":\"https:\/\/www.pressenza.com\/ca\/2019\/10\/jo-tambe-soc-un-sedicios\/#primaryimage\"},\"thumbnailUrl\":\"https:\/\/www.pressenza.com\/wp-content\/uploads\/2019\/10\/IMG-20191014-WA0004.jpg\",\"datePublished\":\"2019-10-15T15:39:35+00:00\",\"dateModified\":\"2019-10-15T15:44:59+00:00\",\"description\":\"M\u00e9s enll\u00e0 de la contradicci\u00f3 que suposa que\u00a0 la Sent\u00e8ncia publicada avui sobre el proc\u00e9s estableixi que,\u00a0 per una banda, el proc\u00e9s va ser una enganyifa\",\"breadcrumb\":{\"@id\":\"https:\/\/www.pressenza.com\/ca\/2019\/10\/jo-tambe-soc-un-sedicios\/#breadcrumb\"},\"inLanguage\":\"ca\",\"potentialAction\":[{\"@type\":\"ReadAction\",\"target\":[\"https:\/\/www.pressenza.com\/ca\/2019\/10\/jo-tambe-soc-un-sedicios\/\"]}]},{\"@type\":\"ImageObject\",\"inLanguage\":\"ca\",\"@id\":\"https:\/\/www.pressenza.com\/ca\/2019\/10\/jo-tambe-soc-un-sedicios\/#primaryimage\",\"url\":\"https:\/\/www.pressenza.com\/wp-content\/uploads\/2019\/10\/IMG-20191014-WA0004.jpg\",\"contentUrl\":\"https:\/\/www.pressenza.com\/wp-content\/uploads\/2019\/10\/IMG-20191014-WA0004.jpg\",\"width\":1599,\"height\":1200},{\"@type\":\"BreadcrumbList\",\"@id\":\"https:\/\/www.pressenza.com\/ca\/2019\/10\/jo-tambe-soc-un-sedicios\/#breadcrumb\",\"itemListElement\":[{\"@type\":\"ListItem\",\"position\":1,\"name\":\"Accueil\",\"item\":\"https:\/\/www.pressenza.com\/ca\/\"},{\"@type\":\"ListItem\",\"position\":2,\"name\":\"Jo tamb\u00e9 s\u00f3c un sedici\u00f3s\"}]},{\"@type\":\"WebSite\",\"@id\":\"https:\/\/www.pressenza.com\/ca\/#website\",\"url\":\"https:\/\/www.pressenza.com\/ca\/\",\"name\":\"Pressenza\",\"description\":\"International Press Agency\",\"publisher\":{\"@id\":\"https:\/\/www.pressenza.com\/ca\/#organization\"},\"potentialAction\":[{\"@type\":\"SearchAction\",\"target\":{\"@type\":\"EntryPoint\",\"urlTemplate\":\"https:\/\/www.pressenza.com\/ca\/?s={search_term_string}\"},\"query-input\":{\"@type\":\"PropertyValueSpecification\",\"valueRequired\":true,\"valueName\":\"search_term_string\"}}],\"inLanguage\":\"ca\"},{\"@type\":\"Organization\",\"@id\":\"https:\/\/www.pressenza.com\/ca\/#organization\",\"name\":\"Pressenza\",\"url\":\"https:\/\/www.pressenza.com\/ca\/\",\"logo\":{\"@type\":\"ImageObject\",\"inLanguage\":\"ca\",\"@id\":\"https:\/\/www.pressenza.com\/ca\/#\/schema\/logo\/image\/\",\"url\":\"https:\/\/www.pressenza.com\/wp-content\/uploads\/2022\/10\/pressenza_logo_200x200.jpg\",\"contentUrl\":\"https:\/\/www.pressenza.com\/wp-content\/uploads\/2022\/10\/pressenza_logo_200x200.jpg\",\"width\":200,\"height\":200,\"caption\":\"Pressenza\"},\"image\":{\"@id\":\"https:\/\/www.pressenza.com\/ca\/#\/schema\/logo\/image\/\"},\"sameAs\":[\"https:\/\/www.facebook.com\/PressenzaItalia\",\"https:\/\/x.com\/PressenzaIPA\"]},{\"@type\":\"Person\",\"@id\":\"https:\/\/www.pressenza.com\/ca\/#\/schema\/person\/8abc53b92f3264e0dad4300d54ac73ff\",\"name\":\"Redacci\u00f3n Barcelona\",\"description\":\"News published by the Pressenza bureau in Barcelona, Spain\",\"sameAs\":[\"https:\/\/www.facebook.com\/Pressenza-Espaa-647854795301395\/timeline\/\",\"https:\/\/x.com\/pressenza\"],\"url\":\"https:\/\/www.pressenza.com\/ca\/author\/redaccion-barcelona\/\"}]}<\/script>\n<!-- \/ Yoast SEO plugin. -->","yoast_head_json":{"title":"Jo tamb\u00e9 s\u00f3c un sedici\u00f3s","description":"M\u00e9s enll\u00e0 de la contradicci\u00f3 que suposa que\u00a0 la Sent\u00e8ncia publicada avui sobre el proc\u00e9s estableixi que,\u00a0 per una banda, el proc\u00e9s va ser una enganyifa","robots":{"index":"index","follow":"follow","max-snippet":"max-snippet:-1","max-image-preview":"max-image-preview:large","max-video-preview":"max-video-preview:-1"},"canonical":"https:\/\/www.pressenza.com\/ca\/2019\/10\/jo-tambe-soc-un-sedicios\/","og_locale":"ca_ES","og_type":"article","og_title":"Jo tamb\u00e9 s\u00f3c un sedici\u00f3s","og_description":"M\u00e9s enll\u00e0 de la contradicci\u00f3 que suposa que\u00a0 la Sent\u00e8ncia publicada avui sobre el proc\u00e9s estableixi que,\u00a0 per una banda, el proc\u00e9s va ser una enganyifa","og_url":"https:\/\/www.pressenza.com\/ca\/2019\/10\/jo-tambe-soc-un-sedicios\/","og_site_name":"Pressenza","article_publisher":"https:\/\/www.facebook.com\/PressenzaItalia","article_author":"https:\/\/www.facebook.com\/Pressenza-Espaa-647854795301395\/timeline\/","article_published_time":"2019-10-15T15:39:35+00:00","article_modified_time":"2019-10-15T15:44:59+00:00","og_image":[{"width":1599,"height":1200,"url":"https:\/\/www.pressenza.com\/wp-content\/uploads\/2019\/10\/IMG-20191014-WA0004.jpg","type":"image\/jpeg"}],"author":"Redacci\u00f3n Barcelona","twitter_card":"summary_large_image","twitter_creator":"@pressenza","twitter_site":"@PressenzaIPA","twitter_misc":{"Escrit per":"Redacci\u00f3n Barcelona","Temps estimat de lectura":"2 minuts"},"schema":{"@context":"https:\/\/schema.org","@graph":[{"@type":"Article","@id":"https:\/\/www.pressenza.com\/ca\/2019\/10\/jo-tambe-soc-un-sedicios\/#article","isPartOf":{"@id":"https:\/\/www.pressenza.com\/ca\/2019\/10\/jo-tambe-soc-un-sedicios\/"},"author":{"name":"Redacci\u00f3n Barcelona","@id":"https:\/\/www.pressenza.com\/ca\/#\/schema\/person\/8abc53b92f3264e0dad4300d54ac73ff"},"headline":"Jo tamb\u00e9 s\u00f3c un sedici\u00f3s","datePublished":"2019-10-15T15:39:35+00:00","dateModified":"2019-10-15T15:44:59+00:00","mainEntityOfPage":{"@id":"https:\/\/www.pressenza.com\/ca\/2019\/10\/jo-tambe-soc-un-sedicios\/"},"wordCount":433,"publisher":{"@id":"https:\/\/www.pressenza.com\/ca\/#organization"},"image":{"@id":"https:\/\/www.pressenza.com\/ca\/2019\/10\/jo-tambe-soc-un-sedicios\/#primaryimage"},"thumbnailUrl":"https:\/\/www.pressenza.com\/wp-content\/uploads\/2019\/10\/IMG-20191014-WA0004.jpg","keywords":["#llibertat presos politics","Catalunya","sentencia","SpainisAFascistState"],"articleSection":["Contingut original","Drets Humans","Europa","No-viol\u00e8ncia","Opinions","Pol\u00edtica"],"inLanguage":"ca"},{"@type":"WebPage","@id":"https:\/\/www.pressenza.com\/ca\/2019\/10\/jo-tambe-soc-un-sedicios\/","url":"https:\/\/www.pressenza.com\/ca\/2019\/10\/jo-tambe-soc-un-sedicios\/","name":"Jo tamb\u00e9 s\u00f3c un sedici\u00f3s","isPartOf":{"@id":"https:\/\/www.pressenza.com\/ca\/#website"},"primaryImageOfPage":{"@id":"https:\/\/www.pressenza.com\/ca\/2019\/10\/jo-tambe-soc-un-sedicios\/#primaryimage"},"image":{"@id":"https:\/\/www.pressenza.com\/ca\/2019\/10\/jo-tambe-soc-un-sedicios\/#primaryimage"},"thumbnailUrl":"https:\/\/www.pressenza.com\/wp-content\/uploads\/2019\/10\/IMG-20191014-WA0004.jpg","datePublished":"2019-10-15T15:39:35+00:00","dateModified":"2019-10-15T15:44:59+00:00","description":"M\u00e9s enll\u00e0 de la contradicci\u00f3 que suposa que\u00a0 la Sent\u00e8ncia publicada avui sobre el proc\u00e9s estableixi que,\u00a0 per una banda, el proc\u00e9s va ser una enganyifa","breadcrumb":{"@id":"https:\/\/www.pressenza.com\/ca\/2019\/10\/jo-tambe-soc-un-sedicios\/#breadcrumb"},"inLanguage":"ca","potentialAction":[{"@type":"ReadAction","target":["https:\/\/www.pressenza.com\/ca\/2019\/10\/jo-tambe-soc-un-sedicios\/"]}]},{"@type":"ImageObject","inLanguage":"ca","@id":"https:\/\/www.pressenza.com\/ca\/2019\/10\/jo-tambe-soc-un-sedicios\/#primaryimage","url":"https:\/\/www.pressenza.com\/wp-content\/uploads\/2019\/10\/IMG-20191014-WA0004.jpg","contentUrl":"https:\/\/www.pressenza.com\/wp-content\/uploads\/2019\/10\/IMG-20191014-WA0004.jpg","width":1599,"height":1200},{"@type":"BreadcrumbList","@id":"https:\/\/www.pressenza.com\/ca\/2019\/10\/jo-tambe-soc-un-sedicios\/#breadcrumb","itemListElement":[{"@type":"ListItem","position":1,"name":"Accueil","item":"https:\/\/www.pressenza.com\/ca\/"},{"@type":"ListItem","position":2,"name":"Jo tamb\u00e9 s\u00f3c un sedici\u00f3s"}]},{"@type":"WebSite","@id":"https:\/\/www.pressenza.com\/ca\/#website","url":"https:\/\/www.pressenza.com\/ca\/","name":"Pressenza","description":"International Press Agency","publisher":{"@id":"https:\/\/www.pressenza.com\/ca\/#organization"},"potentialAction":[{"@type":"SearchAction","target":{"@type":"EntryPoint","urlTemplate":"https:\/\/www.pressenza.com\/ca\/?s={search_term_string}"},"query-input":{"@type":"PropertyValueSpecification","valueRequired":true,"valueName":"search_term_string"}}],"inLanguage":"ca"},{"@type":"Organization","@id":"https:\/\/www.pressenza.com\/ca\/#organization","name":"Pressenza","url":"https:\/\/www.pressenza.com\/ca\/","logo":{"@type":"ImageObject","inLanguage":"ca","@id":"https:\/\/www.pressenza.com\/ca\/#\/schema\/logo\/image\/","url":"https:\/\/www.pressenza.com\/wp-content\/uploads\/2022\/10\/pressenza_logo_200x200.jpg","contentUrl":"https:\/\/www.pressenza.com\/wp-content\/uploads\/2022\/10\/pressenza_logo_200x200.jpg","width":200,"height":200,"caption":"Pressenza"},"image":{"@id":"https:\/\/www.pressenza.com\/ca\/#\/schema\/logo\/image\/"},"sameAs":["https:\/\/www.facebook.com\/PressenzaItalia","https:\/\/x.com\/PressenzaIPA"]},{"@type":"Person","@id":"https:\/\/www.pressenza.com\/ca\/#\/schema\/person\/8abc53b92f3264e0dad4300d54ac73ff","name":"Redacci\u00f3n Barcelona","description":"News published by the Pressenza bureau in Barcelona, Spain","sameAs":["https:\/\/www.facebook.com\/Pressenza-Espaa-647854795301395\/timeline\/","https:\/\/x.com\/pressenza"],"url":"https:\/\/www.pressenza.com\/ca\/author\/redaccion-barcelona\/"}]}},"place":"Catalunya - Enric Feliu","original_article_url":"","_links":{"self":[{"href":"https:\/\/www.pressenza.com\/ca\/wp-json\/wp\/v2\/posts\/945039","targetHints":{"allow":["GET"]}}],"collection":[{"href":"https:\/\/www.pressenza.com\/ca\/wp-json\/wp\/v2\/posts"}],"about":[{"href":"https:\/\/www.pressenza.com\/ca\/wp-json\/wp\/v2\/types\/post"}],"author":[{"embeddable":true,"href":"https:\/\/www.pressenza.com\/ca\/wp-json\/wp\/v2\/users\/1122"}],"replies":[{"embeddable":true,"href":"https:\/\/www.pressenza.com\/ca\/wp-json\/wp\/v2\/comments?post=945039"}],"version-history":[{"count":0,"href":"https:\/\/www.pressenza.com\/ca\/wp-json\/wp\/v2\/posts\/945039\/revisions"}],"wp:featuredmedia":[{"embeddable":true,"href":"https:\/\/www.pressenza.com\/ca\/wp-json\/wp\/v2\/media\/945051"}],"wp:attachment":[{"href":"https:\/\/www.pressenza.com\/ca\/wp-json\/wp\/v2\/media?parent=945039"}],"wp:term":[{"taxonomy":"category","embeddable":true,"href":"https:\/\/www.pressenza.com\/ca\/wp-json\/wp\/v2\/categories?post=945039"},{"taxonomy":"post_tag","embeddable":true,"href":"https:\/\/www.pressenza.com\/ca\/wp-json\/wp\/v2\/tags?post=945039"}],"curies":[{"name":"wp","href":"https:\/\/api.w.org\/{rel}","templated":true}]}}