{"id":912267,"date":"2019-09-04T08:17:34","date_gmt":"2019-09-04T07:17:34","guid":{"rendered":"https:\/\/www.pressenza.com\/?p=912267"},"modified":"2019-09-05T15:31:56","modified_gmt":"2019-09-05T14:31:56","slug":"greta-thunberg","status":"publish","type":"post","link":"https:\/\/www.pressenza.com\/ca\/2019\/09\/greta-thunberg\/","title":{"rendered":"Greta Thunberg"},"content":{"rendered":"<p>Per Flor\u00e8ncia Varas<br \/>\nSu\u00e8cia produeix \u00e9ssers humans forts, disciplinats. Potser \u00e9s el rigor del clima, que els fa ser solidaris, entossudits i d&#8217;una disciplina aclaparadora.<\/p>\n<p>Vaig viure a Estocolm en 1976, quan a Am\u00e8rica Llatina est\u00e0vem molt lluny de tenir una preocupaci\u00f3 mundial pel medi ambient o l&#8217;escalfament global, no obstant aix\u00f2 Su\u00e8cia s\u00ed que la tenia.<br \/>\nEl transport p\u00fablic era obligatori, Minsitres, obrers, professors, acad\u00e8mics, no usaven el seu cotxe per una actitud \u00e8tica de no contaminar. Conduir a la ciutat d&#8217;Estocolm era considerat innecessari i tenia una sanci\u00f3 moral de la col\u00b7lectivitat en contaminar el medi ambient, igual que fumar o tocar la botzina.<\/p>\n<p>Eren lleis no escrites, codis socials com la puntualitat. Si es convidava a sopar, els convidats arribaven exactament a l&#8217;hora que se&#8217;ls havia enviat la invitaci\u00f3, tocant el timbre exactament a l&#8217;hora assenyalada, una cortesia per als amos de casa que havien preparat el sopar i convidat amb tres setmanes d&#8217;antelaci\u00f3.<br \/>\nTot organitzat i programat el <em>juste precise<\/em> suec.<\/p>\n<p>Tots els matins, amb el rellotge en m\u00e0, ministres, professors, obrers, estudiants, esperaven en els seus respectius paradors que senyalitzava l&#8217;horari de cada bus amb les seves hores i minuts exactes.<br \/>\nMai en el meu sojorn vaig constatar retard d&#8217;una fracci\u00f3 de minut, si s&#8217;endarreria cinc minuts, era not\u00edcia criticada en la premsa.<br \/>\nDes dels anys 60, a Su\u00e8cia estava implementada la targeta BIP i gratis per a majors de 60 anys i estudiants.<br \/>\nAls parcs p\u00fablics les rutes estaven pr\u00e8viament senyalitzades, cotxes per a mares amb nens, rutes per a adults grans, pistes per a corredors, ciclistes, patins i esquiadors.<\/p>\n<p>La Su\u00e8cia que vaig viure va ser la Su\u00e8cia de Olof Palme, treballant com a periodista corresponsal per als diaris Journal de Sao Paulo i Sunday Times de Londres, en les eleccions sueques que ho van derrotar.<br \/>\nVa ser denominat per la premsa el guardi\u00e0 moral del planeta.<\/p>\n<p>Va atorgar asil a gaireb\u00e9 trenta mil xilens que van fugir de la dictadura de Pinochet en 1973 i va atorgar asil als desertors de la guerra de Vietnam, joves soldats nord-americans que van desertar a Vietnam i van arribar a Su\u00e8cia. El ministre Palme es va negar a lliurar-los a la just\u00edcia nord-americana que els acusava de greu delicte de tra\u00efci\u00f3 a la p\u00e0tria.<br \/>\nAquesta va ser la Su\u00e8cia que em va tocar viure, avui dia em costa reconciliar aquesta Su\u00e8cia que ara va acusar a Juli\u00e1n Assange del delicte de violaci\u00f3, en el que sens dubte va ser un parany de motivaci\u00f3 pol\u00edtica per a aconseguir extradici\u00f3 als Estats Units.<\/p>\n<p>Aquest breu pre\u00e0mbul per a indicar que Greta Thunberg \u00e9s una fidel representant de la Su\u00e8cia que vaig con\u00e8ixer i vaig admirar fa m\u00e9s de 40 anys. La seva urg\u00e8ncia, la seva vehem\u00e8ncia, la seva honestedat, la seva congru\u00e8ncia al no viatjar en avions que contaminen o vaixells que no siguin a veles, a dormir en carpes, en la seva alimentaci\u00f3 vegana, tota aquesta incre\u00efble congru\u00e8ncia en una adolescent de 15 anys, la fan l&#8217;hero\u00efna que el planeta necessitava\u2026. abans d&#8217;extingir-se per cobd\u00edcia humana.<\/p>\n<p>Va n\u00e9ixer el 3 de gener de 2003, filla de Malena Ernman, una cantant d&#8217;\u00f2pera i de Svante Thunberg, un actor, n\u00e9ta de l&#8217;actor Olof Thunberg.<br \/>\nVa ser diagnosticada amb autisme, s\u00edndrome d&#8217;Asperger i no se la considerava bona estudiant o especialment intel\u00b7ligent.<br \/>\nNo obstant aix\u00f2, la seva tenacitat i la seva passi\u00f3 la van conduir per altres rumbs de consci\u00e8ncia ambiental.<\/p>\n<p>Molt nena va obligar la seva fam\u00edlia a convertir-se en vegans per a no deixar contaminat el planeta amb petjada de carboni.<br \/>\nAquesta petita Greta, porta en si la gen\u00e8tica que fa de Su\u00e8cia un pa\u00eds tan idealista i apassionat en els valors que considera intransigents.<br \/>\nGreta inicia el seu activisme enfront del Parlament Suec Riksdag a l&#8217;agost de l&#8217;any 2018, iniciant el seu moviment de Joventut pel Clima, culminant en el seu discurs en les Nacions Unides pel canvi clim\u00e0tic.<\/p>\n<p>Al mar\u00e7 d&#8217;aquest any, 2019, va ser nominada per al Premi Nobel amb el seu llibre &#8220;No one is too small to make a difference&#8221;.<br \/>\nCada setmana, els dies divendres, asseguda amb els estudiants, a les portes del Parlament suec protesta, sense assistir a classes per a demanar al govern suec que disminueixi les emissions de carboni, sobre la base d&#8217; el que s&#8217;estableix en els acords de Par\u00eds. La seva lluita ha contagiat als joventuts en 270 ciutats del planeta.<\/p>\n<p>Demanant mesures concretes que aconsegueixin detenir el canvi clim\u00e0tic, que per a ella \u00e9s el m\u00e9s important que existeix perqu\u00e8 sobrevisquem.<br \/>\nLa seva veu, \u00e9s una ordre clara i ferma, cal fer-ho ara, no hi ha temps que perdre.<br \/>\nEndavant, Greta, esperem que la teva veu sigui escoltada, la teva tenacitat i disciplina sueca aconsegueixi l&#8217;impossible.<\/p>\n<p>Benvinguda a Xile.<\/p>\n","protected":false},"excerpt":{"rendered":"<p>Per Flor\u00e8ncia Varas Su\u00e8cia produeix \u00e9ssers humans forts, disciplinats. Potser \u00e9s el rigor del clima, que els fa ser solidaris, entossudits i d&#8217;una disciplina aclaparadora. Vaig viure a Estocolm en 1976, quan a Am\u00e8rica Llatina est\u00e0vem molt lluny de tenir&hellip;<\/p>\n","protected":false},"author":43,"featured_media":910149,"comment_status":"closed","ping_status":"closed","sticky":false,"template":"","format":"standard","meta":{"footnotes":""},"categories":[35531,35522,35506,35528],"tags":[63489,63490,63491,63492,63493,63494],"class_list":["post-912267","post","type-post","status-publish","format-standard","has-post-thumbnail","hentry","category-contingut-original-ca","category-ecologia-i-medi-ambient-ca","category-europa-ca","category-opinions-ca","tag-cambio-climatico-ca","tag-conciencia-ambiental-ca","tag-greta-thunberg-ca","tag-huella-de-carbono-ca","tag-olof-palme-ca","tag-suecia-ca"],"yoast_head":"<!-- This site is optimized with the Yoast SEO plugin v27.1.1 - https:\/\/yoast.com\/product\/yoast-seo-wordpress\/ -->\n<title>Greta Thunberg<\/title>\n<meta name=\"description\" content=\"Per Flor\u00e8ncia Varas Su\u00e8cia produeix \u00e9ssers humans forts, disciplinats. Potser \u00e9s el rigor del clima, que els fa ser solidaris, entossudits i d&#039;una\" \/>\n<meta name=\"robots\" content=\"index, follow, max-snippet:-1, max-image-preview:large, max-video-preview:-1\" \/>\n<link rel=\"canonical\" href=\"https:\/\/www.pressenza.com\/ca\/2019\/09\/greta-thunberg\/\" \/>\n<meta property=\"og:locale\" content=\"ca_ES\" \/>\n<meta property=\"og:type\" content=\"article\" \/>\n<meta property=\"og:title\" content=\"Greta Thunberg\" \/>\n<meta property=\"og:description\" content=\"Per Flor\u00e8ncia Varas Su\u00e8cia produeix \u00e9ssers humans forts, disciplinats. Potser \u00e9s el rigor del clima, que els fa ser solidaris, entossudits i d&#039;una\" \/>\n<meta property=\"og:url\" content=\"https:\/\/www.pressenza.com\/ca\/2019\/09\/greta-thunberg\/\" \/>\n<meta property=\"og:site_name\" content=\"Pressenza\" \/>\n<meta property=\"article:publisher\" content=\"https:\/\/www.facebook.com\/PressenzaItalia\" \/>\n<meta property=\"article:author\" content=\"https:\/\/www.facebook.com\/pressenza\" \/>\n<meta property=\"article:published_time\" content=\"2019-09-04T07:17:34+00:00\" \/>\n<meta property=\"article:modified_time\" content=\"2019-09-05T14:31:56+00:00\" \/>\n<meta property=\"og:image\" content=\"https:\/\/www.pressenza.com\/wp-content\/uploads\/2019\/08\/Greta-con-skyline-NY.jpg\" \/>\n\t<meta property=\"og:image:width\" content=\"960\" \/>\n\t<meta property=\"og:image:height\" content=\"720\" \/>\n\t<meta property=\"og:image:type\" content=\"image\/jpeg\" \/>\n<meta name=\"author\" content=\"Redacci\u00f3n Chile\" \/>\n<meta name=\"twitter:card\" content=\"summary_large_image\" \/>\n<meta name=\"twitter:creator\" content=\"@pressenza\" \/>\n<meta name=\"twitter:site\" content=\"@PressenzaIPA\" \/>\n<meta name=\"twitter:label1\" content=\"Escrit per\" \/>\n\t<meta name=\"twitter:data1\" content=\"Redacci\u00f3n Chile\" \/>\n\t<meta name=\"twitter:label2\" content=\"Temps estimat de lectura\" \/>\n\t<meta name=\"twitter:data2\" content=\"4 minuts\" \/>\n<script type=\"application\/ld+json\" class=\"yoast-schema-graph\">{\"@context\":\"https:\/\/schema.org\",\"@graph\":[{\"@type\":\"Article\",\"@id\":\"https:\/\/www.pressenza.com\/ca\/2019\/09\/greta-thunberg\/#article\",\"isPartOf\":{\"@id\":\"https:\/\/www.pressenza.com\/ca\/2019\/09\/greta-thunberg\/\"},\"author\":{\"name\":\"Redacci\u00f3n Chile\",\"@id\":\"https:\/\/www.pressenza.com\/ca\/#\/schema\/person\/d7db40df35d6698ba69ba9ee260944ed\"},\"headline\":\"Greta Thunberg\",\"datePublished\":\"2019-09-04T07:17:34+00:00\",\"dateModified\":\"2019-09-05T14:31:56+00:00\",\"mainEntityOfPage\":{\"@id\":\"https:\/\/www.pressenza.com\/ca\/2019\/09\/greta-thunberg\/\"},\"wordCount\":850,\"publisher\":{\"@id\":\"https:\/\/www.pressenza.com\/ca\/#organization\"},\"image\":{\"@id\":\"https:\/\/www.pressenza.com\/ca\/2019\/09\/greta-thunberg\/#primaryimage\"},\"thumbnailUrl\":\"https:\/\/www.pressenza.com\/wp-content\/uploads\/2019\/08\/Greta-con-skyline-NY.jpg\",\"keywords\":[\"cambio clim\u00e1tico\",\"conciencia ambiental\",\"Greta Thunberg\",\"huella de carbono\",\"Olof Palme\",\"Suecia\"],\"articleSection\":[\"Contingut original\",\"Ecologia i Medi ambient\",\"Europa\",\"Opinions\"],\"inLanguage\":\"ca\"},{\"@type\":\"WebPage\",\"@id\":\"https:\/\/www.pressenza.com\/ca\/2019\/09\/greta-thunberg\/\",\"url\":\"https:\/\/www.pressenza.com\/ca\/2019\/09\/greta-thunberg\/\",\"name\":\"Greta Thunberg\",\"isPartOf\":{\"@id\":\"https:\/\/www.pressenza.com\/ca\/#website\"},\"primaryImageOfPage\":{\"@id\":\"https:\/\/www.pressenza.com\/ca\/2019\/09\/greta-thunberg\/#primaryimage\"},\"image\":{\"@id\":\"https:\/\/www.pressenza.com\/ca\/2019\/09\/greta-thunberg\/#primaryimage\"},\"thumbnailUrl\":\"https:\/\/www.pressenza.com\/wp-content\/uploads\/2019\/08\/Greta-con-skyline-NY.jpg\",\"datePublished\":\"2019-09-04T07:17:34+00:00\",\"dateModified\":\"2019-09-05T14:31:56+00:00\",\"description\":\"Per Flor\u00e8ncia Varas Su\u00e8cia produeix \u00e9ssers humans forts, disciplinats. Potser \u00e9s el rigor del clima, que els fa ser solidaris, entossudits i d'una\",\"breadcrumb\":{\"@id\":\"https:\/\/www.pressenza.com\/ca\/2019\/09\/greta-thunberg\/#breadcrumb\"},\"inLanguage\":\"ca\",\"potentialAction\":[{\"@type\":\"ReadAction\",\"target\":[\"https:\/\/www.pressenza.com\/ca\/2019\/09\/greta-thunberg\/\"]}]},{\"@type\":\"ImageObject\",\"inLanguage\":\"ca\",\"@id\":\"https:\/\/www.pressenza.com\/ca\/2019\/09\/greta-thunberg\/#primaryimage\",\"url\":\"https:\/\/www.pressenza.com\/wp-content\/uploads\/2019\/08\/Greta-con-skyline-NY.jpg\",\"contentUrl\":\"https:\/\/www.pressenza.com\/wp-content\/uploads\/2019\/08\/Greta-con-skyline-NY.jpg\",\"width\":960,\"height\":720},{\"@type\":\"BreadcrumbList\",\"@id\":\"https:\/\/www.pressenza.com\/ca\/2019\/09\/greta-thunberg\/#breadcrumb\",\"itemListElement\":[{\"@type\":\"ListItem\",\"position\":1,\"name\":\"Accueil\",\"item\":\"https:\/\/www.pressenza.com\/ca\/\"},{\"@type\":\"ListItem\",\"position\":2,\"name\":\"Greta Thunberg\"}]},{\"@type\":\"WebSite\",\"@id\":\"https:\/\/www.pressenza.com\/ca\/#website\",\"url\":\"https:\/\/www.pressenza.com\/ca\/\",\"name\":\"Pressenza\",\"description\":\"International Press Agency\",\"publisher\":{\"@id\":\"https:\/\/www.pressenza.com\/ca\/#organization\"},\"potentialAction\":[{\"@type\":\"SearchAction\",\"target\":{\"@type\":\"EntryPoint\",\"urlTemplate\":\"https:\/\/www.pressenza.com\/ca\/?s={search_term_string}\"},\"query-input\":{\"@type\":\"PropertyValueSpecification\",\"valueRequired\":true,\"valueName\":\"search_term_string\"}}],\"inLanguage\":\"ca\"},{\"@type\":\"Organization\",\"@id\":\"https:\/\/www.pressenza.com\/ca\/#organization\",\"name\":\"Pressenza\",\"url\":\"https:\/\/www.pressenza.com\/ca\/\",\"logo\":{\"@type\":\"ImageObject\",\"inLanguage\":\"ca\",\"@id\":\"https:\/\/www.pressenza.com\/ca\/#\/schema\/logo\/image\/\",\"url\":\"https:\/\/www.pressenza.com\/wp-content\/uploads\/2022\/10\/pressenza_logo_200x200.jpg\",\"contentUrl\":\"https:\/\/www.pressenza.com\/wp-content\/uploads\/2022\/10\/pressenza_logo_200x200.jpg\",\"width\":200,\"height\":200,\"caption\":\"Pressenza\"},\"image\":{\"@id\":\"https:\/\/www.pressenza.com\/ca\/#\/schema\/logo\/image\/\"},\"sameAs\":[\"https:\/\/www.facebook.com\/PressenzaItalia\",\"https:\/\/x.com\/PressenzaIPA\"]},{\"@type\":\"Person\",\"@id\":\"https:\/\/www.pressenza.com\/ca\/#\/schema\/person\/d7db40df35d6698ba69ba9ee260944ed\",\"name\":\"Redacci\u00f3n Chile\",\"description\":\"News from the Pressenza Bureau in Chile\",\"sameAs\":[\"https:\/\/www.facebook.com\/pressenza\",\"https:\/\/x.com\/pressenza\"],\"url\":\"https:\/\/www.pressenza.com\/ca\/author\/redaccion-chile\/\"}]}<\/script>\n<!-- \/ Yoast SEO plugin. -->","yoast_head_json":{"title":"Greta Thunberg","description":"Per Flor\u00e8ncia Varas Su\u00e8cia produeix \u00e9ssers humans forts, disciplinats. Potser \u00e9s el rigor del clima, que els fa ser solidaris, entossudits i d'una","robots":{"index":"index","follow":"follow","max-snippet":"max-snippet:-1","max-image-preview":"max-image-preview:large","max-video-preview":"max-video-preview:-1"},"canonical":"https:\/\/www.pressenza.com\/ca\/2019\/09\/greta-thunberg\/","og_locale":"ca_ES","og_type":"article","og_title":"Greta Thunberg","og_description":"Per Flor\u00e8ncia Varas Su\u00e8cia produeix \u00e9ssers humans forts, disciplinats. Potser \u00e9s el rigor del clima, que els fa ser solidaris, entossudits i d'una","og_url":"https:\/\/www.pressenza.com\/ca\/2019\/09\/greta-thunberg\/","og_site_name":"Pressenza","article_publisher":"https:\/\/www.facebook.com\/PressenzaItalia","article_author":"https:\/\/www.facebook.com\/pressenza","article_published_time":"2019-09-04T07:17:34+00:00","article_modified_time":"2019-09-05T14:31:56+00:00","og_image":[{"width":960,"height":720,"url":"https:\/\/www.pressenza.com\/wp-content\/uploads\/2019\/08\/Greta-con-skyline-NY.jpg","type":"image\/jpeg"}],"author":"Redacci\u00f3n Chile","twitter_card":"summary_large_image","twitter_creator":"@pressenza","twitter_site":"@PressenzaIPA","twitter_misc":{"Escrit per":"Redacci\u00f3n Chile","Temps estimat de lectura":"4 minuts"},"schema":{"@context":"https:\/\/schema.org","@graph":[{"@type":"Article","@id":"https:\/\/www.pressenza.com\/ca\/2019\/09\/greta-thunberg\/#article","isPartOf":{"@id":"https:\/\/www.pressenza.com\/ca\/2019\/09\/greta-thunberg\/"},"author":{"name":"Redacci\u00f3n Chile","@id":"https:\/\/www.pressenza.com\/ca\/#\/schema\/person\/d7db40df35d6698ba69ba9ee260944ed"},"headline":"Greta Thunberg","datePublished":"2019-09-04T07:17:34+00:00","dateModified":"2019-09-05T14:31:56+00:00","mainEntityOfPage":{"@id":"https:\/\/www.pressenza.com\/ca\/2019\/09\/greta-thunberg\/"},"wordCount":850,"publisher":{"@id":"https:\/\/www.pressenza.com\/ca\/#organization"},"image":{"@id":"https:\/\/www.pressenza.com\/ca\/2019\/09\/greta-thunberg\/#primaryimage"},"thumbnailUrl":"https:\/\/www.pressenza.com\/wp-content\/uploads\/2019\/08\/Greta-con-skyline-NY.jpg","keywords":["cambio clim\u00e1tico","conciencia ambiental","Greta Thunberg","huella de carbono","Olof Palme","Suecia"],"articleSection":["Contingut original","Ecologia i Medi ambient","Europa","Opinions"],"inLanguage":"ca"},{"@type":"WebPage","@id":"https:\/\/www.pressenza.com\/ca\/2019\/09\/greta-thunberg\/","url":"https:\/\/www.pressenza.com\/ca\/2019\/09\/greta-thunberg\/","name":"Greta Thunberg","isPartOf":{"@id":"https:\/\/www.pressenza.com\/ca\/#website"},"primaryImageOfPage":{"@id":"https:\/\/www.pressenza.com\/ca\/2019\/09\/greta-thunberg\/#primaryimage"},"image":{"@id":"https:\/\/www.pressenza.com\/ca\/2019\/09\/greta-thunberg\/#primaryimage"},"thumbnailUrl":"https:\/\/www.pressenza.com\/wp-content\/uploads\/2019\/08\/Greta-con-skyline-NY.jpg","datePublished":"2019-09-04T07:17:34+00:00","dateModified":"2019-09-05T14:31:56+00:00","description":"Per Flor\u00e8ncia Varas Su\u00e8cia produeix \u00e9ssers humans forts, disciplinats. Potser \u00e9s el rigor del clima, que els fa ser solidaris, entossudits i d'una","breadcrumb":{"@id":"https:\/\/www.pressenza.com\/ca\/2019\/09\/greta-thunberg\/#breadcrumb"},"inLanguage":"ca","potentialAction":[{"@type":"ReadAction","target":["https:\/\/www.pressenza.com\/ca\/2019\/09\/greta-thunberg\/"]}]},{"@type":"ImageObject","inLanguage":"ca","@id":"https:\/\/www.pressenza.com\/ca\/2019\/09\/greta-thunberg\/#primaryimage","url":"https:\/\/www.pressenza.com\/wp-content\/uploads\/2019\/08\/Greta-con-skyline-NY.jpg","contentUrl":"https:\/\/www.pressenza.com\/wp-content\/uploads\/2019\/08\/Greta-con-skyline-NY.jpg","width":960,"height":720},{"@type":"BreadcrumbList","@id":"https:\/\/www.pressenza.com\/ca\/2019\/09\/greta-thunberg\/#breadcrumb","itemListElement":[{"@type":"ListItem","position":1,"name":"Accueil","item":"https:\/\/www.pressenza.com\/ca\/"},{"@type":"ListItem","position":2,"name":"Greta Thunberg"}]},{"@type":"WebSite","@id":"https:\/\/www.pressenza.com\/ca\/#website","url":"https:\/\/www.pressenza.com\/ca\/","name":"Pressenza","description":"International Press Agency","publisher":{"@id":"https:\/\/www.pressenza.com\/ca\/#organization"},"potentialAction":[{"@type":"SearchAction","target":{"@type":"EntryPoint","urlTemplate":"https:\/\/www.pressenza.com\/ca\/?s={search_term_string}"},"query-input":{"@type":"PropertyValueSpecification","valueRequired":true,"valueName":"search_term_string"}}],"inLanguage":"ca"},{"@type":"Organization","@id":"https:\/\/www.pressenza.com\/ca\/#organization","name":"Pressenza","url":"https:\/\/www.pressenza.com\/ca\/","logo":{"@type":"ImageObject","inLanguage":"ca","@id":"https:\/\/www.pressenza.com\/ca\/#\/schema\/logo\/image\/","url":"https:\/\/www.pressenza.com\/wp-content\/uploads\/2022\/10\/pressenza_logo_200x200.jpg","contentUrl":"https:\/\/www.pressenza.com\/wp-content\/uploads\/2022\/10\/pressenza_logo_200x200.jpg","width":200,"height":200,"caption":"Pressenza"},"image":{"@id":"https:\/\/www.pressenza.com\/ca\/#\/schema\/logo\/image\/"},"sameAs":["https:\/\/www.facebook.com\/PressenzaItalia","https:\/\/x.com\/PressenzaIPA"]},{"@type":"Person","@id":"https:\/\/www.pressenza.com\/ca\/#\/schema\/person\/d7db40df35d6698ba69ba9ee260944ed","name":"Redacci\u00f3n Chile","description":"News from the Pressenza Bureau in Chile","sameAs":["https:\/\/www.facebook.com\/pressenza","https:\/\/x.com\/pressenza"],"url":"https:\/\/www.pressenza.com\/ca\/author\/redaccion-chile\/"}]}},"place":"","original_article_url":"","_links":{"self":[{"href":"https:\/\/www.pressenza.com\/ca\/wp-json\/wp\/v2\/posts\/912267","targetHints":{"allow":["GET"]}}],"collection":[{"href":"https:\/\/www.pressenza.com\/ca\/wp-json\/wp\/v2\/posts"}],"about":[{"href":"https:\/\/www.pressenza.com\/ca\/wp-json\/wp\/v2\/types\/post"}],"author":[{"embeddable":true,"href":"https:\/\/www.pressenza.com\/ca\/wp-json\/wp\/v2\/users\/43"}],"replies":[{"embeddable":true,"href":"https:\/\/www.pressenza.com\/ca\/wp-json\/wp\/v2\/comments?post=912267"}],"version-history":[{"count":0,"href":"https:\/\/www.pressenza.com\/ca\/wp-json\/wp\/v2\/posts\/912267\/revisions"}],"wp:featuredmedia":[{"embeddable":true,"href":"https:\/\/www.pressenza.com\/ca\/wp-json\/wp\/v2\/media\/910149"}],"wp:attachment":[{"href":"https:\/\/www.pressenza.com\/ca\/wp-json\/wp\/v2\/media?parent=912267"}],"wp:term":[{"taxonomy":"category","embeddable":true,"href":"https:\/\/www.pressenza.com\/ca\/wp-json\/wp\/v2\/categories?post=912267"},{"taxonomy":"post_tag","embeddable":true,"href":"https:\/\/www.pressenza.com\/ca\/wp-json\/wp\/v2\/tags?post=912267"}],"curies":[{"name":"wp","href":"https:\/\/api.w.org\/{rel}","templated":true}]}}