{"id":897469,"date":"2019-08-03T23:35:08","date_gmt":"2019-08-03T22:35:08","guid":{"rendered":"https:\/\/www.pressenza.com\/?p=897469"},"modified":"2019-08-09T09:19:45","modified_gmt":"2019-08-09T08:19:45","slug":"immigracio-i-top-manta-el-mon-a-linreves","status":"publish","type":"post","link":"https:\/\/www.pressenza.com\/ca\/2019\/08\/immigracio-i-top-manta-el-mon-a-linreves\/","title":{"rendered":"Immigraci\u00f3 i top manta: el m\u00f3n a l&#8217;inrev\u00e9s"},"content":{"rendered":"<p>Avui em desperto al mat\u00ed i, amb un ull obert i l&#8217;altre obrint-se encara, comen\u00e7ament a examinar els principals titulars dels peri\u00f2dics que s&#8217;editen a Barcelona. La majoria esmenten el \u201cproblema dels top manta\u201d (es diu \u201ctop manta\u201d en aquesta ciutat als venedors ambulants, en la seva majoria africans subsaharians, que es dediquen a vendre el que poden on poden, sense cap mena de llic\u00e8ncia ni perm\u00eds).<br \/>\nCom estava mitj\u00e0 dormit, i en aquest estat les associacions volen lliurement pel cap d&#8217;un, r\u00e0pidament em va venir la imatge de la immigraci\u00f3 en general, i la gent morint al Mediterrani o en el Riu Gran\u2026 I em vaig preguntar: per a qui \u00e9s un problema la immigraci\u00f3 i el top manta?<br \/>\nEls qui viuen del top manta s\u00f3n immigrants africans que no tenen un altre mitj\u00e0 de subsist\u00e8ncia. Acostumen a ubicar-se en llocs on hi ha molt de pas de gent, alhora que molt d&#8217;espai per a col\u00b7locar-se sense molestar massa; \u00e9s l\u00f2gic, si tapessin l&#8217;acc\u00e9s ning\u00fa els compraria. Per tant, per a comen\u00e7ar, als transe\u00fcnts no els molesten molt. En aquests llocs, solen vendre mocadors, bosses, cinturons, ulleres de sol, etc., que en molts casos s\u00f3n imitacions de marques molt conegudes i molt cares. Dubto molt que un comprador d&#8217;aquests productes cregui que s&#8217;est\u00e0 portant un original; per tant, tampoc crec que perjudiquin els compradors. Finalment, estan les grans marques imitades, les quals dubto moltiiiiiiiiiiissim que tinguin algun perjudici pel que venguin uns pocs venedors ambulants.<br \/>\nSi obrim el focus i revisem el tema de la immigraci\u00f3, la cosa \u00e9s encara pitjor. Posem-nos, si aix\u00f2 \u00e9s possible, en la pell d&#8217;alg\u00fa disposat a creuar el mar Mediterrani en una barca miserable, plena de gent, amb l&#8217;\u00fanica esperan\u00e7a d&#8217;arribar a un continent ple de luxes, on finalment, en el millor dels casos, acabaran com a venedors ambulants de top manta, fugint de la policia i malvivint en habitacions velles i plenes de gent.<br \/>\nI ara ve el millor:<\/p>\n<ul>\n<li>Per qu\u00e8 hi ha punts immigrants que volen arribar als pa\u00efsos m\u00e9s rics? \u00d2bviament, perqu\u00e8 viuen en pa\u00efsos pobres.<\/li>\n<li>I per qu\u00e8 hi ha pa\u00efsos rics i pobres? Perqu\u00e8 els rics, millor armats i m\u00e9s violents, van sotmetre als pobres durant segles, i avui dia continuen espoliant els seus recursos a trav\u00e9s de les multinacionals.<\/li>\n<li>Per\u00f2, no vivim en un m\u00f3n cada vegada m\u00e9s globalitzat i democr\u00e0tic?, no hauria d&#8217;anar reduint-se la bretxa entre pa\u00efsos rics i pa\u00efsos pobres? Senars, de fet \u00e9s a l&#8217;inrev\u00e9s, cada vegada la bretxa \u00e9s m\u00e9s gran. M\u00e9s gran entre pa\u00efsos, i m\u00e9s gran entre els rics i els pobres dins de cada pa\u00eds. Per descomptat, en aquests casos, els m\u00e9s pobres dels pobres s\u00f3n els immigrants que ni tan sols tenen drets per a residir, treballar, votar, etc.<\/li>\n<li>I per qu\u00e8 la bretxa entre pa\u00efsos s&#8217;engrandeix? Perqu\u00e8 els m\u00e9s rics entre els rics han organitzat tota l&#8217;economia mundial per a guanyar cada vegada m\u00e9s diners, a costa de la majoria de la poblaci\u00f3, per descomptat. Fa poc m\u00e9s d&#8217;una d\u00e8cada van produir un crack mundial, del qual han sortit m\u00e9s rics, mentre que la majoria de la poblaci\u00f3 s&#8217;ha empobrit. Per descomptat, aix\u00f2 no seria possible sense el suport inestimable de la classe pol\u00edtica i dels mitjans de comunicaci\u00f3 massius, que intenten conv\u00e8ncer-nos cada dia que si tenim dificultats en la vida \u00e9s perqu\u00e8 estem fent alguna cosa mal (cadascun, com a individu).<\/li>\n<li>I quin m\u00e9s? Doncs que no contents amb aix\u00f2, els poderosos dels pa\u00efsos m\u00e9s rics organitzen guerres als pa\u00efsos pobres, per a guanyar m\u00e9s diners i m\u00e9s poder.<\/li>\n<li>I quina \u00e9s la conseq\u00fc\u00e8ncia d&#8217;aquestes guerres? \u00d2bviament, que el nombre de persones que volen emigrar d&#8217;aquests pa\u00efsos creix exponencialment.<\/li>\n<li>Resultat? Els rics organitzen guerres als pa\u00efsos pobres; com a conseq\u00fc\u00e8ncia les persones d&#8217;aquests pa\u00efsos fugen de la destrucci\u00f3, cap als pa\u00efsos on no hi ha guerres (que \u201ccasualment\u201d s\u00f3n els qui les organitzen o donen suport des de fora). Per\u00f2 resulta que en aquests pa\u00efsos no els deixen entrar. I als poquets que aconsegueixen entrar, no els donen cap dret i ni tan sols els deixen subsistir com a venedors ambulants.<\/li>\n<\/ul>\n<p>Tornem a principi. A qui perjudica el top manta i la immigraci\u00f3 en general? En primer lloc, als propis manters i immigrants que es veuen obligats a malviure de qualsevol manera, despr\u00e9s de fugir de la pobresa o les guerres a la qual estan sotmesos els seus pobles, per les empreses i els governs dels pa\u00efsos m\u00e9s rics.<\/p>\n<p>Si de deb\u00f2 volem resoldre el problema de la immigraci\u00f3 i la venda ambulant, comencem per deixar d&#8217;espoliar a altres pa\u00efsos. En general, comencem a tractar-nos entre humans com a tals.<\/p>\n<p><em>* Per descomptat que el relat anterior \u00e9s una simplificaci\u00f3, i que les coses en general tenen molts matisos, per\u00f2 l&#8217;essencial \u00e9s que, tal com est\u00e0 organitzat el sistema pol\u00edtic i econ\u00f2mic actual, la desigualtat creix a l&#8217;una que el desastre ecol\u00f2gic, i aix\u00f2 nom\u00e9s es resoldr\u00e0 quan s&#8217;acabi l&#8217;explotaci\u00f3 dels uns pels altres, i comencem a tractar-nos com a iguals, i a remar tots en la mateixa direcci\u00f3.<\/em><\/p>\n<p><em>* Reomano\u00a0<a href=\"https:\/\/www.pressenza.com\/es\/2019\/07\/ciudadania-universal-respuesta-humanista-a-la-violencia-contra-migrantes\/\">aquest article<\/a>, amb una an\u00e0lisi m\u00e9s elaborada sobre el tema.<\/em><\/p>\n","protected":false},"excerpt":{"rendered":"<p>Avui em desperto al mat\u00ed i, amb un ull obert i l&#8217;altre obrint-se encara, comen\u00e7ament a examinar els principals titulars dels peri\u00f2dics que s&#8217;editen a Barcelona. La majoria esmenten el \u201cproblema dels top manta\u201d (es diu \u201ctop manta\u201d en aquesta&hellip;<\/p>\n","protected":false},"author":1205,"featured_media":896007,"comment_status":"closed","ping_status":"closed","sticky":false,"template":"","format":"standard","meta":{"footnotes":""},"categories":[35531,35506,54567,35528],"tags":[40353,62143],"class_list":["post-897469","post","type-post","status-publish","format-standard","has-post-thumbnail","hentry","category-contingut-original-ca","category-europa-ca","category-migrants-ca","category-opinions-ca","tag-inmigracio","tag-top-manta-ca"],"yoast_head":"<!-- This site is optimized with the Yoast SEO plugin v27.1.1 - https:\/\/yoast.com\/product\/yoast-seo-wordpress\/ -->\n<title>Immigraci\u00f3 i top manta: el m\u00f3n a l&#039;inrev\u00e9s<\/title>\n<meta name=\"description\" content=\"Avui em desperto al mat\u00ed i, amb un ull obert i l&#039;altre obrint-se encara, comen\u00e7ament a examinar els principals titulars dels peri\u00f2dics que s&#039;editen a\" \/>\n<meta name=\"robots\" content=\"index, follow, max-snippet:-1, max-image-preview:large, max-video-preview:-1\" \/>\n<link rel=\"canonical\" href=\"https:\/\/www.pressenza.com\/ca\/2019\/08\/immigracio-i-top-manta-el-mon-a-linreves\/\" \/>\n<meta property=\"og:locale\" content=\"ca_ES\" \/>\n<meta property=\"og:type\" content=\"article\" \/>\n<meta property=\"og:title\" content=\"Immigraci\u00f3 i top manta: el m\u00f3n a l&#039;inrev\u00e9s\" \/>\n<meta property=\"og:description\" content=\"Avui em desperto al mat\u00ed i, amb un ull obert i l&#039;altre obrint-se encara, comen\u00e7ament a examinar els principals titulars dels peri\u00f2dics que s&#039;editen a\" \/>\n<meta property=\"og:url\" content=\"https:\/\/www.pressenza.com\/ca\/2019\/08\/immigracio-i-top-manta-el-mon-a-linreves\/\" \/>\n<meta property=\"og:site_name\" content=\"Pressenza\" \/>\n<meta property=\"article:publisher\" content=\"https:\/\/www.facebook.com\/PressenzaItalia\" \/>\n<meta property=\"article:author\" content=\"https:\/\/www.facebook.com\/sasha.volkoff.3\" \/>\n<meta property=\"article:published_time\" content=\"2019-08-03T22:35:08+00:00\" \/>\n<meta property=\"article:modified_time\" content=\"2019-08-09T08:19:45+00:00\" \/>\n<meta property=\"og:image\" content=\"https:\/\/www.pressenza.com\/wp-content\/uploads\/2019\/07\/Top_manta_Barcelona.jpg\" \/>\n\t<meta property=\"og:image:width\" content=\"1134\" \/>\n\t<meta property=\"og:image:height\" content=\"850\" \/>\n\t<meta property=\"og:image:type\" content=\"image\/jpeg\" \/>\n<meta name=\"author\" content=\"Sasha Volkoff\" \/>\n<meta name=\"twitter:card\" content=\"summary_large_image\" \/>\n<meta name=\"twitter:creator\" content=\"@sashavolkoff\" \/>\n<meta name=\"twitter:site\" content=\"@PressenzaIPA\" \/>\n<meta name=\"twitter:label1\" content=\"Escrit per\" \/>\n\t<meta name=\"twitter:data1\" content=\"Sasha Volkoff\" \/>\n\t<meta name=\"twitter:label2\" content=\"Temps estimat de lectura\" \/>\n\t<meta name=\"twitter:data2\" content=\"5 minuts\" \/>\n<script type=\"application\/ld+json\" class=\"yoast-schema-graph\">{\"@context\":\"https:\/\/schema.org\",\"@graph\":[{\"@type\":\"Article\",\"@id\":\"https:\/\/www.pressenza.com\/ca\/2019\/08\/immigracio-i-top-manta-el-mon-a-linreves\/#article\",\"isPartOf\":{\"@id\":\"https:\/\/www.pressenza.com\/ca\/2019\/08\/immigracio-i-top-manta-el-mon-a-linreves\/\"},\"author\":{\"name\":\"Sasha Volkoff\",\"@id\":\"https:\/\/www.pressenza.com\/ca\/#\/schema\/person\/069e9732b414bfce94f3eb6924e276e3\"},\"headline\":\"Immigraci\u00f3 i top manta: el m\u00f3n a l&#8217;inrev\u00e9s\",\"datePublished\":\"2019-08-03T22:35:08+00:00\",\"dateModified\":\"2019-08-09T08:19:45+00:00\",\"mainEntityOfPage\":{\"@id\":\"https:\/\/www.pressenza.com\/ca\/2019\/08\/immigracio-i-top-manta-el-mon-a-linreves\/\"},\"wordCount\":954,\"publisher\":{\"@id\":\"https:\/\/www.pressenza.com\/ca\/#organization\"},\"image\":{\"@id\":\"https:\/\/www.pressenza.com\/ca\/2019\/08\/immigracio-i-top-manta-el-mon-a-linreves\/#primaryimage\"},\"thumbnailUrl\":\"https:\/\/www.pressenza.com\/wp-content\/uploads\/2019\/07\/Top_manta_Barcelona.jpg\",\"keywords\":[\"inmigraci\u00f3\",\"top manta\"],\"articleSection\":[\"Contingut original\",\"Europa\",\"Migrants\",\"Opinions\"],\"inLanguage\":\"ca\"},{\"@type\":\"WebPage\",\"@id\":\"https:\/\/www.pressenza.com\/ca\/2019\/08\/immigracio-i-top-manta-el-mon-a-linreves\/\",\"url\":\"https:\/\/www.pressenza.com\/ca\/2019\/08\/immigracio-i-top-manta-el-mon-a-linreves\/\",\"name\":\"Immigraci\u00f3 i top manta: el m\u00f3n a l'inrev\u00e9s\",\"isPartOf\":{\"@id\":\"https:\/\/www.pressenza.com\/ca\/#website\"},\"primaryImageOfPage\":{\"@id\":\"https:\/\/www.pressenza.com\/ca\/2019\/08\/immigracio-i-top-manta-el-mon-a-linreves\/#primaryimage\"},\"image\":{\"@id\":\"https:\/\/www.pressenza.com\/ca\/2019\/08\/immigracio-i-top-manta-el-mon-a-linreves\/#primaryimage\"},\"thumbnailUrl\":\"https:\/\/www.pressenza.com\/wp-content\/uploads\/2019\/07\/Top_manta_Barcelona.jpg\",\"datePublished\":\"2019-08-03T22:35:08+00:00\",\"dateModified\":\"2019-08-09T08:19:45+00:00\",\"description\":\"Avui em desperto al mat\u00ed i, amb un ull obert i l'altre obrint-se encara, comen\u00e7ament a examinar els principals titulars dels peri\u00f2dics que s'editen a\",\"breadcrumb\":{\"@id\":\"https:\/\/www.pressenza.com\/ca\/2019\/08\/immigracio-i-top-manta-el-mon-a-linreves\/#breadcrumb\"},\"inLanguage\":\"ca\",\"potentialAction\":[{\"@type\":\"ReadAction\",\"target\":[\"https:\/\/www.pressenza.com\/ca\/2019\/08\/immigracio-i-top-manta-el-mon-a-linreves\/\"]}]},{\"@type\":\"ImageObject\",\"inLanguage\":\"ca\",\"@id\":\"https:\/\/www.pressenza.com\/ca\/2019\/08\/immigracio-i-top-manta-el-mon-a-linreves\/#primaryimage\",\"url\":\"https:\/\/www.pressenza.com\/wp-content\/uploads\/2019\/07\/Top_manta_Barcelona.jpg\",\"contentUrl\":\"https:\/\/www.pressenza.com\/wp-content\/uploads\/2019\/07\/Top_manta_Barcelona.jpg\",\"width\":1134,\"height\":850},{\"@type\":\"BreadcrumbList\",\"@id\":\"https:\/\/www.pressenza.com\/ca\/2019\/08\/immigracio-i-top-manta-el-mon-a-linreves\/#breadcrumb\",\"itemListElement\":[{\"@type\":\"ListItem\",\"position\":1,\"name\":\"Accueil\",\"item\":\"https:\/\/www.pressenza.com\/ca\/\"},{\"@type\":\"ListItem\",\"position\":2,\"name\":\"Immigraci\u00f3 i top manta: el m\u00f3n a l&#8217;inrev\u00e9s\"}]},{\"@type\":\"WebSite\",\"@id\":\"https:\/\/www.pressenza.com\/ca\/#website\",\"url\":\"https:\/\/www.pressenza.com\/ca\/\",\"name\":\"Pressenza\",\"description\":\"International Press Agency\",\"publisher\":{\"@id\":\"https:\/\/www.pressenza.com\/ca\/#organization\"},\"potentialAction\":[{\"@type\":\"SearchAction\",\"target\":{\"@type\":\"EntryPoint\",\"urlTemplate\":\"https:\/\/www.pressenza.com\/ca\/?s={search_term_string}\"},\"query-input\":{\"@type\":\"PropertyValueSpecification\",\"valueRequired\":true,\"valueName\":\"search_term_string\"}}],\"inLanguage\":\"ca\"},{\"@type\":\"Organization\",\"@id\":\"https:\/\/www.pressenza.com\/ca\/#organization\",\"name\":\"Pressenza\",\"url\":\"https:\/\/www.pressenza.com\/ca\/\",\"logo\":{\"@type\":\"ImageObject\",\"inLanguage\":\"ca\",\"@id\":\"https:\/\/www.pressenza.com\/ca\/#\/schema\/logo\/image\/\",\"url\":\"https:\/\/www.pressenza.com\/wp-content\/uploads\/2022\/10\/pressenza_logo_200x200.jpg\",\"contentUrl\":\"https:\/\/www.pressenza.com\/wp-content\/uploads\/2022\/10\/pressenza_logo_200x200.jpg\",\"width\":200,\"height\":200,\"caption\":\"Pressenza\"},\"image\":{\"@id\":\"https:\/\/www.pressenza.com\/ca\/#\/schema\/logo\/image\/\"},\"sameAs\":[\"https:\/\/www.facebook.com\/PressenzaItalia\",\"https:\/\/x.com\/PressenzaIPA\"]},{\"@type\":\"Person\",\"@id\":\"https:\/\/www.pressenza.com\/ca\/#\/schema\/person\/069e9732b414bfce94f3eb6924e276e3\",\"name\":\"Sasha Volkoff\",\"description\":\"Born in Argentina, living in Barcelona. He is an Humanist Movement activist since 1984 and part of the team that led to the refounding of the World Centre of Humanist Studies this century. Currently a member of the Noesis Humanist Centre of Studies. http:\/\/movimientoforma.blogspot.com\",\"sameAs\":[\"http:\/\/movimientoforma.blogspot.com\",\"https:\/\/www.facebook.com\/sasha.volkoff.3\",\"https:\/\/x.com\/sashavolkoff\"],\"url\":\"https:\/\/www.pressenza.com\/ca\/author\/sasha-volkoff\/\"}]}<\/script>\n<!-- \/ Yoast SEO plugin. -->","yoast_head_json":{"title":"Immigraci\u00f3 i top manta: el m\u00f3n a l'inrev\u00e9s","description":"Avui em desperto al mat\u00ed i, amb un ull obert i l'altre obrint-se encara, comen\u00e7ament a examinar els principals titulars dels peri\u00f2dics que s'editen a","robots":{"index":"index","follow":"follow","max-snippet":"max-snippet:-1","max-image-preview":"max-image-preview:large","max-video-preview":"max-video-preview:-1"},"canonical":"https:\/\/www.pressenza.com\/ca\/2019\/08\/immigracio-i-top-manta-el-mon-a-linreves\/","og_locale":"ca_ES","og_type":"article","og_title":"Immigraci\u00f3 i top manta: el m\u00f3n a l'inrev\u00e9s","og_description":"Avui em desperto al mat\u00ed i, amb un ull obert i l'altre obrint-se encara, comen\u00e7ament a examinar els principals titulars dels peri\u00f2dics que s'editen a","og_url":"https:\/\/www.pressenza.com\/ca\/2019\/08\/immigracio-i-top-manta-el-mon-a-linreves\/","og_site_name":"Pressenza","article_publisher":"https:\/\/www.facebook.com\/PressenzaItalia","article_author":"https:\/\/www.facebook.com\/sasha.volkoff.3","article_published_time":"2019-08-03T22:35:08+00:00","article_modified_time":"2019-08-09T08:19:45+00:00","og_image":[{"width":1134,"height":850,"url":"https:\/\/www.pressenza.com\/wp-content\/uploads\/2019\/07\/Top_manta_Barcelona.jpg","type":"image\/jpeg"}],"author":"Sasha Volkoff","twitter_card":"summary_large_image","twitter_creator":"@sashavolkoff","twitter_site":"@PressenzaIPA","twitter_misc":{"Escrit per":"Sasha Volkoff","Temps estimat de lectura":"5 minuts"},"schema":{"@context":"https:\/\/schema.org","@graph":[{"@type":"Article","@id":"https:\/\/www.pressenza.com\/ca\/2019\/08\/immigracio-i-top-manta-el-mon-a-linreves\/#article","isPartOf":{"@id":"https:\/\/www.pressenza.com\/ca\/2019\/08\/immigracio-i-top-manta-el-mon-a-linreves\/"},"author":{"name":"Sasha Volkoff","@id":"https:\/\/www.pressenza.com\/ca\/#\/schema\/person\/069e9732b414bfce94f3eb6924e276e3"},"headline":"Immigraci\u00f3 i top manta: el m\u00f3n a l&#8217;inrev\u00e9s","datePublished":"2019-08-03T22:35:08+00:00","dateModified":"2019-08-09T08:19:45+00:00","mainEntityOfPage":{"@id":"https:\/\/www.pressenza.com\/ca\/2019\/08\/immigracio-i-top-manta-el-mon-a-linreves\/"},"wordCount":954,"publisher":{"@id":"https:\/\/www.pressenza.com\/ca\/#organization"},"image":{"@id":"https:\/\/www.pressenza.com\/ca\/2019\/08\/immigracio-i-top-manta-el-mon-a-linreves\/#primaryimage"},"thumbnailUrl":"https:\/\/www.pressenza.com\/wp-content\/uploads\/2019\/07\/Top_manta_Barcelona.jpg","keywords":["inmigraci\u00f3","top manta"],"articleSection":["Contingut original","Europa","Migrants","Opinions"],"inLanguage":"ca"},{"@type":"WebPage","@id":"https:\/\/www.pressenza.com\/ca\/2019\/08\/immigracio-i-top-manta-el-mon-a-linreves\/","url":"https:\/\/www.pressenza.com\/ca\/2019\/08\/immigracio-i-top-manta-el-mon-a-linreves\/","name":"Immigraci\u00f3 i top manta: el m\u00f3n a l'inrev\u00e9s","isPartOf":{"@id":"https:\/\/www.pressenza.com\/ca\/#website"},"primaryImageOfPage":{"@id":"https:\/\/www.pressenza.com\/ca\/2019\/08\/immigracio-i-top-manta-el-mon-a-linreves\/#primaryimage"},"image":{"@id":"https:\/\/www.pressenza.com\/ca\/2019\/08\/immigracio-i-top-manta-el-mon-a-linreves\/#primaryimage"},"thumbnailUrl":"https:\/\/www.pressenza.com\/wp-content\/uploads\/2019\/07\/Top_manta_Barcelona.jpg","datePublished":"2019-08-03T22:35:08+00:00","dateModified":"2019-08-09T08:19:45+00:00","description":"Avui em desperto al mat\u00ed i, amb un ull obert i l'altre obrint-se encara, comen\u00e7ament a examinar els principals titulars dels peri\u00f2dics que s'editen a","breadcrumb":{"@id":"https:\/\/www.pressenza.com\/ca\/2019\/08\/immigracio-i-top-manta-el-mon-a-linreves\/#breadcrumb"},"inLanguage":"ca","potentialAction":[{"@type":"ReadAction","target":["https:\/\/www.pressenza.com\/ca\/2019\/08\/immigracio-i-top-manta-el-mon-a-linreves\/"]}]},{"@type":"ImageObject","inLanguage":"ca","@id":"https:\/\/www.pressenza.com\/ca\/2019\/08\/immigracio-i-top-manta-el-mon-a-linreves\/#primaryimage","url":"https:\/\/www.pressenza.com\/wp-content\/uploads\/2019\/07\/Top_manta_Barcelona.jpg","contentUrl":"https:\/\/www.pressenza.com\/wp-content\/uploads\/2019\/07\/Top_manta_Barcelona.jpg","width":1134,"height":850},{"@type":"BreadcrumbList","@id":"https:\/\/www.pressenza.com\/ca\/2019\/08\/immigracio-i-top-manta-el-mon-a-linreves\/#breadcrumb","itemListElement":[{"@type":"ListItem","position":1,"name":"Accueil","item":"https:\/\/www.pressenza.com\/ca\/"},{"@type":"ListItem","position":2,"name":"Immigraci\u00f3 i top manta: el m\u00f3n a l&#8217;inrev\u00e9s"}]},{"@type":"WebSite","@id":"https:\/\/www.pressenza.com\/ca\/#website","url":"https:\/\/www.pressenza.com\/ca\/","name":"Pressenza","description":"International Press Agency","publisher":{"@id":"https:\/\/www.pressenza.com\/ca\/#organization"},"potentialAction":[{"@type":"SearchAction","target":{"@type":"EntryPoint","urlTemplate":"https:\/\/www.pressenza.com\/ca\/?s={search_term_string}"},"query-input":{"@type":"PropertyValueSpecification","valueRequired":true,"valueName":"search_term_string"}}],"inLanguage":"ca"},{"@type":"Organization","@id":"https:\/\/www.pressenza.com\/ca\/#organization","name":"Pressenza","url":"https:\/\/www.pressenza.com\/ca\/","logo":{"@type":"ImageObject","inLanguage":"ca","@id":"https:\/\/www.pressenza.com\/ca\/#\/schema\/logo\/image\/","url":"https:\/\/www.pressenza.com\/wp-content\/uploads\/2022\/10\/pressenza_logo_200x200.jpg","contentUrl":"https:\/\/www.pressenza.com\/wp-content\/uploads\/2022\/10\/pressenza_logo_200x200.jpg","width":200,"height":200,"caption":"Pressenza"},"image":{"@id":"https:\/\/www.pressenza.com\/ca\/#\/schema\/logo\/image\/"},"sameAs":["https:\/\/www.facebook.com\/PressenzaItalia","https:\/\/x.com\/PressenzaIPA"]},{"@type":"Person","@id":"https:\/\/www.pressenza.com\/ca\/#\/schema\/person\/069e9732b414bfce94f3eb6924e276e3","name":"Sasha Volkoff","description":"Born in Argentina, living in Barcelona. He is an Humanist Movement activist since 1984 and part of the team that led to the refounding of the World Centre of Humanist Studies this century. Currently a member of the Noesis Humanist Centre of Studies. http:\/\/movimientoforma.blogspot.com","sameAs":["http:\/\/movimientoforma.blogspot.com","https:\/\/www.facebook.com\/sasha.volkoff.3","https:\/\/x.com\/sashavolkoff"],"url":"https:\/\/www.pressenza.com\/ca\/author\/sasha-volkoff\/"}]}},"place":"","original_article_url":"","_links":{"self":[{"href":"https:\/\/www.pressenza.com\/ca\/wp-json\/wp\/v2\/posts\/897469","targetHints":{"allow":["GET"]}}],"collection":[{"href":"https:\/\/www.pressenza.com\/ca\/wp-json\/wp\/v2\/posts"}],"about":[{"href":"https:\/\/www.pressenza.com\/ca\/wp-json\/wp\/v2\/types\/post"}],"author":[{"embeddable":true,"href":"https:\/\/www.pressenza.com\/ca\/wp-json\/wp\/v2\/users\/1205"}],"replies":[{"embeddable":true,"href":"https:\/\/www.pressenza.com\/ca\/wp-json\/wp\/v2\/comments?post=897469"}],"version-history":[{"count":0,"href":"https:\/\/www.pressenza.com\/ca\/wp-json\/wp\/v2\/posts\/897469\/revisions"}],"wp:featuredmedia":[{"embeddable":true,"href":"https:\/\/www.pressenza.com\/ca\/wp-json\/wp\/v2\/media\/896007"}],"wp:attachment":[{"href":"https:\/\/www.pressenza.com\/ca\/wp-json\/wp\/v2\/media?parent=897469"}],"wp:term":[{"taxonomy":"category","embeddable":true,"href":"https:\/\/www.pressenza.com\/ca\/wp-json\/wp\/v2\/categories?post=897469"},{"taxonomy":"post_tag","embeddable":true,"href":"https:\/\/www.pressenza.com\/ca\/wp-json\/wp\/v2\/tags?post=897469"}],"curies":[{"name":"wp","href":"https:\/\/api.w.org\/{rel}","templated":true}]}}