{"id":863153,"date":"2019-05-29T19:20:21","date_gmt":"2019-05-29T18:20:21","guid":{"rendered":"https:\/\/www.pressenza.com\/?p=863153"},"modified":"2019-05-29T19:23:32","modified_gmt":"2019-05-29T18:23:32","slug":"eleccions-municipals-i-europees-des-de-catalunya","status":"publish","type":"post","link":"https:\/\/www.pressenza.com\/ca\/2019\/05\/eleccions-municipals-i-europees-des-de-catalunya\/","title":{"rendered":"Eleccions municipals i europees des de Catalunya"},"content":{"rendered":"<h6><span style=\"color: #999999;\"><em>Les dues rep\u00fabliques espanyoles, la de 1873 i la de 1931, van tenir un \u00fanic s\u00edmbol, una dona, Mariana, influ\u00e8ncia m\u00e9s que evident de la revoluci\u00f3 francesa. Una dona que reunia en si el concepte de rep\u00fablica i el concepte de just\u00edcia social, que en aquells temps es veien com a sin\u00f2nims, i que portava al seu cap un capell frigi.<\/em><\/span><\/h6>\n<h1>Empat d&#8217;Ada Colau i Ernest Maragall a Barcelona<\/h1>\n<p>Quan encara no s&#8217;havien escrutat el 100% dels vots l&#8217;alcaldessa de Barcelona va anunciar la vict\u00f2ria d&#8217;Ernest Maragall (per un redu\u00eft marge d&#8217;uns 5.000 vots) amb qui va mantenir rivalitat durant la campanya. Per\u00f2 la realitat \u00e9s que Bcom\u00fa i ERC van obtenir un empat en nombre de regidors.<\/p>\n<p>En moltes ocasions aix\u00f2 se soluciona amb una alcaldia de relleus, a trav\u00e9s d&#8217;un pacte de govern, en el qual els empatats representen a la instituci\u00f3 per la meitat del per\u00edode.<\/p>\n<p>Aquest acord faria just\u00edcia en el sentir de multitud de Barcelonins, m\u00e9s del 50%, que s&#8217;han sentit interpel\u00b7lats per l&#8217;esperit republic\u00e0, que tant ERC com Bcom\u00fa han proclamat durant la campanya. Per a aix\u00f2 hauran de comptar amb el suport de JxCAT, el representant del qual, Joaquim Forn, \u00e9s avui un pres pol\u00edtic.<\/p>\n<p>Est\u00e0 a l&#8217;abast dels comuns de Podemos tenyir de \u201cRep\u00fablica\u201d les capitals catalanes i deixar en l&#8217;oposici\u00f3 als partits tradicionalment corruptes i oportunistes de l&#8217;article 155. Al seu torn, aquesta \u00e9s la jugada encertada per a aconseguir un pacte just en el govern de les Corts espanyoles entre PSOE i Podemos i, per descomptat, els independentistes.<\/p>\n<p>La dreta del PP, C\u2019s i VOX, gran promotora de l&#8217;independentisme en tota la pen\u00ednsula i a Can\u00e0ries, gr\u00e0cies al seu estil corrosiu, ha aconseguit aquest escenari polaritzat. Ara, Espanya haur\u00e0 de comptar amb els independentistes per a formar una majoria estable. Tal vegada per a obrir el cam\u00ed a la Rep\u00fablica Espanyola, deixant enrere els residus del franquisme.<\/p>\n<h6><img loading=\"lazy\" decoding=\"async\" class=\"alignnone size-full wp-image-861953\" src=\"https:\/\/www.pressenza.com\/wp-content\/uploads\/2019\/05\/2019.png\" alt=\"\" width=\"800\" height=\"400\" srcset=\"https:\/\/www.pressenza.com\/wp-content\/uploads\/2019\/05\/2019.png 800w, https:\/\/www.pressenza.com\/wp-content\/uploads\/2019\/05\/2019-300x150.png 300w, https:\/\/www.pressenza.com\/wp-content\/uploads\/2019\/05\/2019-768x384.png 768w, https:\/\/www.pressenza.com\/wp-content\/uploads\/2019\/05\/2019-720x360.png 720w\" sizes=\"auto, (max-width: 800px) 100vw, 800px\" \/><br \/>\n<em><span style=\"color: #999999;\">Eleccions Europees 2019<\/span><\/em><\/h6>\n<p>A Europa les coses tampoc pinten b\u00e9 per a la monarquia espanyola i tot el seu aparell propagand\u00edstic-repressiu despr\u00e9s de l&#8217;espectacular triomf de Carles Puigdemont i Oriol Junqueras, que han aconseguit grans resultats. Concretament Carles Puigdemont va guanyar les eleccions europees a Catalunya, mentre que la coalici\u00f3 Ara Rep\u00fabliques \u2013que suma a ERC, EH, Bildu i BNG\u2013, ha obtingut m\u00e9s d&#8217;1,2 milions de vots (5,62%), la qual cosa significa un total de 3 escons a Brussel\u00b7les.<\/p>\n<p>Paradoxes com que els presos i exiliats pol\u00edtics puguin o no puguin exercir, posar\u00e0 de manifest a Europa la repressi\u00f3 i arbitrarietat del regne d&#8217;Espanya i fins on Europa pot influir en aix\u00f2.<\/p>\n<p>Mentrestant, milers de refugiats continuaran morint al Mediterrani. Esperem que els pol\u00edtics, en les seves pugnes, no s&#8217;oblidin d&#8217;aix\u00f2. La nova esclavitud no t\u00e9 res a envejar al tr\u00e0fic d&#8217;esclaus dels pitjors moments hist\u00f2rics.<\/p>\n<p>\u201cEuropa necessitar\u00e0 uns 7 milions d&#8217;immigrants anuals fins a 2050 i proposa que aquesta arribada massiva sigui regulada sota criteris de productivitat, mitjan\u00e7ant rotacions, i sense proveir de drets pol\u00edtics als migrants\u201d, declarava Lant Pritchett, execonomista del Banc Mundial, per a CTXT.<\/p>\n<p>S&#8217;inaugura un nou escenari pol\u00edtic, el significat del qual t\u00e9 m\u00faltiples lectures segons l&#8217;observador. Podemos obt\u00e9 un bon resultat en el parlament europeu en un moment crucial. Haur\u00e0 de sobreposar-se en lloc de lamentar-se o promoure el derrotisme anticipat, per a aix\u00f2 compta amb el seu gran l\u00edder Pablo Iglesias, capa\u00e7 de fer-ho. El PSOE era i \u00e9s un partit en decad\u00e8ncia al que el seu <em>exitisme<\/em> actual podria ofuscar\u00a0 i impedir la seva regeneraci\u00f3.<\/p>\n<p>&nbsp;<\/p>\n<p>*<em><span class=\"tlid-translation translation\" lang=\"ca\"><span title=\"\">En el moment<\/span> <span title=\"\">en qu\u00e8<\/span> <span title=\"\">es va publicar oriniginalment<\/span> <span title=\"\">aquest<\/span> <span title=\"\">article (27\/05\/2019) no<\/span> <span title=\"\">es<\/span> <span title=\"\">tenia<\/span> <span class=\"\" title=\"\">not\u00edcia sobre<\/span> <span title=\"\">la possibilitat que<\/span> <span title=\"\">el recompte<\/span> <span title=\"\">de vots<\/span> <span class=\"\" title=\"\">pogu\u00e9s significar<\/span> <span class=\"\" title=\"\">la caiguda definitiva del<\/span> <span title=\"\">PP<\/span>, <span title=\"\">perdent<\/span> <span title=\"\">els seus<\/span> <span title=\"\"> 2<\/span> <span title=\"\">sup\u00f2sits <\/span><span title=\"\">regidors,<\/span> <span title=\"\">i<\/span> <span class=\"\" title=\"\">la suma d&#8217;un<\/span> <span title=\"\">regidor<\/span> <span title=\"\">per<\/span> <span title=\"\">ERC.<\/span> <span title=\"\">Aix\u00f2 faria<\/span> <span title=\"\">suficient<\/span> <span class=\"\" title=\"\">la sumat\u00f2ria<\/span> <span class=\"\" title=\"\">de regidors<\/span> <span title=\"\">per a un<\/span> <span title=\"\">pacte<\/span> <span title=\"\">de governabilitat<\/span> <span title=\"\">entre<\/span> <span title=\"\">BCom\u00fa<\/span> <span title=\"\">i ERC.<\/span><\/span><\/em><\/p>\n","protected":false},"excerpt":{"rendered":"<p>Les dues rep\u00fabliques espanyoles, la de 1873 i la de 1931, van tenir un \u00fanic s\u00edmbol, una dona, Mariana, influ\u00e8ncia m\u00e9s que evident de la revoluci\u00f3 francesa. Una dona que reunia en si el concepte de rep\u00fablica i el concepte&hellip;<\/p>\n","protected":false},"author":451,"featured_media":861799,"comment_status":"closed","ping_status":"closed","sticky":false,"template":"","format":"standard","meta":{"footnotes":""},"categories":[35531,35506,54567,35524],"tags":[45989,59274,59276,56964,59275,58213],"class_list":["post-863153","post","type-post","status-publish","format-standard","has-post-thumbnail","hentry","category-contingut-original-ca","category-europa-ca","category-migrants-ca","category-politica-ca","tag-ada-colau-ca","tag-elcciones-2019-ca","tag-ernest-maragall-ca","tag-europa-ca","tag-pablo-iglesias-ca","tag-podemos-ca"],"yoast_head":"<!-- This site is optimized with the Yoast SEO plugin v27.1.1 - https:\/\/yoast.com\/product\/yoast-seo-wordpress\/ -->\n<title>Eleccions municipals i europees des de Catalunya<\/title>\n<meta name=\"description\" content=\"Les dues rep\u00fabliques espanyoles, la de 1873 i la de 1931, van tenir un \u00fanic s\u00edmbol, una dona, Mariana, influ\u00e8ncia m\u00e9s que evident de la revoluci\u00f3\" \/>\n<meta name=\"robots\" content=\"index, follow, max-snippet:-1, max-image-preview:large, max-video-preview:-1\" \/>\n<link rel=\"canonical\" href=\"https:\/\/www.pressenza.com\/ca\/2019\/05\/eleccions-municipals-i-europees-des-de-catalunya\/\" \/>\n<meta property=\"og:locale\" content=\"ca_ES\" \/>\n<meta property=\"og:type\" content=\"article\" \/>\n<meta property=\"og:title\" content=\"Eleccions municipals i europees des de Catalunya\" \/>\n<meta property=\"og:description\" content=\"Les dues rep\u00fabliques espanyoles, la de 1873 i la de 1931, van tenir un \u00fanic s\u00edmbol, una dona, Mariana, influ\u00e8ncia m\u00e9s que evident de la revoluci\u00f3\" \/>\n<meta property=\"og:url\" content=\"https:\/\/www.pressenza.com\/ca\/2019\/05\/eleccions-municipals-i-europees-des-de-catalunya\/\" \/>\n<meta property=\"og:site_name\" content=\"Pressenza\" \/>\n<meta property=\"article:publisher\" content=\"https:\/\/www.facebook.com\/PressenzaItalia\" \/>\n<meta property=\"article:author\" content=\"https:\/\/m.facebook.com\/javier.belda\" \/>\n<meta property=\"article:published_time\" content=\"2019-05-29T18:20:21+00:00\" \/>\n<meta property=\"article:modified_time\" content=\"2019-05-29T18:23:32+00:00\" \/>\n<meta property=\"og:image\" content=\"https:\/\/www.pressenza.com\/wp-content\/uploads\/2019\/05\/republica.png\" \/>\n\t<meta property=\"og:image:width\" content=\"566\" \/>\n\t<meta property=\"og:image:height\" content=\"350\" \/>\n\t<meta property=\"og:image:type\" content=\"image\/png\" \/>\n<meta name=\"author\" content=\"Javier Belda\" \/>\n<meta name=\"twitter:card\" content=\"summary_large_image\" \/>\n<meta name=\"twitter:creator\" content=\"@Xavib1\" \/>\n<meta name=\"twitter:site\" content=\"@PressenzaIPA\" \/>\n<meta name=\"twitter:label1\" content=\"Escrit per\" \/>\n\t<meta name=\"twitter:data1\" content=\"Javier Belda\" \/>\n\t<meta name=\"twitter:label2\" content=\"Temps estimat de lectura\" \/>\n\t<meta name=\"twitter:data2\" content=\"3 minuts\" \/>\n<script type=\"application\/ld+json\" class=\"yoast-schema-graph\">{\"@context\":\"https:\/\/schema.org\",\"@graph\":[{\"@type\":\"Article\",\"@id\":\"https:\/\/www.pressenza.com\/ca\/2019\/05\/eleccions-municipals-i-europees-des-de-catalunya\/#article\",\"isPartOf\":{\"@id\":\"https:\/\/www.pressenza.com\/ca\/2019\/05\/eleccions-municipals-i-europees-des-de-catalunya\/\"},\"author\":{\"name\":\"Javier Belda\",\"@id\":\"https:\/\/www.pressenza.com\/ca\/#\/schema\/person\/fe7403675617ebaa73624ab374ec64a0\"},\"headline\":\"Eleccions municipals i europees des de Catalunya\",\"datePublished\":\"2019-05-29T18:20:21+00:00\",\"dateModified\":\"2019-05-29T18:23:32+00:00\",\"mainEntityOfPage\":{\"@id\":\"https:\/\/www.pressenza.com\/ca\/2019\/05\/eleccions-municipals-i-europees-des-de-catalunya\/\"},\"wordCount\":697,\"publisher\":{\"@id\":\"https:\/\/www.pressenza.com\/ca\/#organization\"},\"image\":{\"@id\":\"https:\/\/www.pressenza.com\/ca\/2019\/05\/eleccions-municipals-i-europees-des-de-catalunya\/#primaryimage\"},\"thumbnailUrl\":\"https:\/\/www.pressenza.com\/wp-content\/uploads\/2019\/05\/republica.png\",\"keywords\":[\"Ada Colau\",\"elcciones 2019\",\"Ernest Maragall\",\"Europa\",\"Pablo Iglesias\",\"Podemos\"],\"articleSection\":[\"Contingut original\",\"Europa\",\"Migrants\",\"Pol\u00edtica\"],\"inLanguage\":\"ca\"},{\"@type\":\"WebPage\",\"@id\":\"https:\/\/www.pressenza.com\/ca\/2019\/05\/eleccions-municipals-i-europees-des-de-catalunya\/\",\"url\":\"https:\/\/www.pressenza.com\/ca\/2019\/05\/eleccions-municipals-i-europees-des-de-catalunya\/\",\"name\":\"Eleccions municipals i europees des de Catalunya\",\"isPartOf\":{\"@id\":\"https:\/\/www.pressenza.com\/ca\/#website\"},\"primaryImageOfPage\":{\"@id\":\"https:\/\/www.pressenza.com\/ca\/2019\/05\/eleccions-municipals-i-europees-des-de-catalunya\/#primaryimage\"},\"image\":{\"@id\":\"https:\/\/www.pressenza.com\/ca\/2019\/05\/eleccions-municipals-i-europees-des-de-catalunya\/#primaryimage\"},\"thumbnailUrl\":\"https:\/\/www.pressenza.com\/wp-content\/uploads\/2019\/05\/republica.png\",\"datePublished\":\"2019-05-29T18:20:21+00:00\",\"dateModified\":\"2019-05-29T18:23:32+00:00\",\"description\":\"Les dues rep\u00fabliques espanyoles, la de 1873 i la de 1931, van tenir un \u00fanic s\u00edmbol, una dona, Mariana, influ\u00e8ncia m\u00e9s que evident de la revoluci\u00f3\",\"breadcrumb\":{\"@id\":\"https:\/\/www.pressenza.com\/ca\/2019\/05\/eleccions-municipals-i-europees-des-de-catalunya\/#breadcrumb\"},\"inLanguage\":\"ca\",\"potentialAction\":[{\"@type\":\"ReadAction\",\"target\":[\"https:\/\/www.pressenza.com\/ca\/2019\/05\/eleccions-municipals-i-europees-des-de-catalunya\/\"]}]},{\"@type\":\"ImageObject\",\"inLanguage\":\"ca\",\"@id\":\"https:\/\/www.pressenza.com\/ca\/2019\/05\/eleccions-municipals-i-europees-des-de-catalunya\/#primaryimage\",\"url\":\"https:\/\/www.pressenza.com\/wp-content\/uploads\/2019\/05\/republica.png\",\"contentUrl\":\"https:\/\/www.pressenza.com\/wp-content\/uploads\/2019\/05\/republica.png\",\"width\":566,\"height\":350},{\"@type\":\"BreadcrumbList\",\"@id\":\"https:\/\/www.pressenza.com\/ca\/2019\/05\/eleccions-municipals-i-europees-des-de-catalunya\/#breadcrumb\",\"itemListElement\":[{\"@type\":\"ListItem\",\"position\":1,\"name\":\"Accueil\",\"item\":\"https:\/\/www.pressenza.com\/ca\/\"},{\"@type\":\"ListItem\",\"position\":2,\"name\":\"Eleccions municipals i europees des de Catalunya\"}]},{\"@type\":\"WebSite\",\"@id\":\"https:\/\/www.pressenza.com\/ca\/#website\",\"url\":\"https:\/\/www.pressenza.com\/ca\/\",\"name\":\"Pressenza\",\"description\":\"International Press Agency\",\"publisher\":{\"@id\":\"https:\/\/www.pressenza.com\/ca\/#organization\"},\"potentialAction\":[{\"@type\":\"SearchAction\",\"target\":{\"@type\":\"EntryPoint\",\"urlTemplate\":\"https:\/\/www.pressenza.com\/ca\/?s={search_term_string}\"},\"query-input\":{\"@type\":\"PropertyValueSpecification\",\"valueRequired\":true,\"valueName\":\"search_term_string\"}}],\"inLanguage\":\"ca\"},{\"@type\":\"Organization\",\"@id\":\"https:\/\/www.pressenza.com\/ca\/#organization\",\"name\":\"Pressenza\",\"url\":\"https:\/\/www.pressenza.com\/ca\/\",\"logo\":{\"@type\":\"ImageObject\",\"inLanguage\":\"ca\",\"@id\":\"https:\/\/www.pressenza.com\/ca\/#\/schema\/logo\/image\/\",\"url\":\"https:\/\/www.pressenza.com\/wp-content\/uploads\/2022\/10\/pressenza_logo_200x200.jpg\",\"contentUrl\":\"https:\/\/www.pressenza.com\/wp-content\/uploads\/2022\/10\/pressenza_logo_200x200.jpg\",\"width\":200,\"height\":200,\"caption\":\"Pressenza\"},\"image\":{\"@id\":\"https:\/\/www.pressenza.com\/ca\/#\/schema\/logo\/image\/\"},\"sameAs\":[\"https:\/\/www.facebook.com\/PressenzaItalia\",\"https:\/\/x.com\/PressenzaIPA\"]},{\"@type\":\"Person\",\"@id\":\"https:\/\/www.pressenza.com\/ca\/#\/schema\/person\/fe7403675617ebaa73624ab374ec64a0\",\"name\":\"Javier Belda\",\"description\":\"He has participated in the New Universalist Humanism since 1989, promoting activities in the fields of journalism and global politics. Member of the World Center of Humanist Studies. Redaction Team of Barcelona in Pressenza IPA. Contact: xavibelda1@gmail.com\",\"sameAs\":[\"http:\/\/eltelondefondo.wordpress.com\/\",\"https:\/\/m.facebook.com\/javier.belda\",\"https:\/\/x.com\/Xavib1\"],\"url\":\"https:\/\/www.pressenza.com\/ca\/author\/javier-belda\/\"}]}<\/script>\n<!-- \/ Yoast SEO plugin. -->","yoast_head_json":{"title":"Eleccions municipals i europees des de Catalunya","description":"Les dues rep\u00fabliques espanyoles, la de 1873 i la de 1931, van tenir un \u00fanic s\u00edmbol, una dona, Mariana, influ\u00e8ncia m\u00e9s que evident de la revoluci\u00f3","robots":{"index":"index","follow":"follow","max-snippet":"max-snippet:-1","max-image-preview":"max-image-preview:large","max-video-preview":"max-video-preview:-1"},"canonical":"https:\/\/www.pressenza.com\/ca\/2019\/05\/eleccions-municipals-i-europees-des-de-catalunya\/","og_locale":"ca_ES","og_type":"article","og_title":"Eleccions municipals i europees des de Catalunya","og_description":"Les dues rep\u00fabliques espanyoles, la de 1873 i la de 1931, van tenir un \u00fanic s\u00edmbol, una dona, Mariana, influ\u00e8ncia m\u00e9s que evident de la revoluci\u00f3","og_url":"https:\/\/www.pressenza.com\/ca\/2019\/05\/eleccions-municipals-i-europees-des-de-catalunya\/","og_site_name":"Pressenza","article_publisher":"https:\/\/www.facebook.com\/PressenzaItalia","article_author":"https:\/\/m.facebook.com\/javier.belda","article_published_time":"2019-05-29T18:20:21+00:00","article_modified_time":"2019-05-29T18:23:32+00:00","og_image":[{"width":566,"height":350,"url":"https:\/\/www.pressenza.com\/wp-content\/uploads\/2019\/05\/republica.png","type":"image\/png"}],"author":"Javier Belda","twitter_card":"summary_large_image","twitter_creator":"@Xavib1","twitter_site":"@PressenzaIPA","twitter_misc":{"Escrit per":"Javier Belda","Temps estimat de lectura":"3 minuts"},"schema":{"@context":"https:\/\/schema.org","@graph":[{"@type":"Article","@id":"https:\/\/www.pressenza.com\/ca\/2019\/05\/eleccions-municipals-i-europees-des-de-catalunya\/#article","isPartOf":{"@id":"https:\/\/www.pressenza.com\/ca\/2019\/05\/eleccions-municipals-i-europees-des-de-catalunya\/"},"author":{"name":"Javier Belda","@id":"https:\/\/www.pressenza.com\/ca\/#\/schema\/person\/fe7403675617ebaa73624ab374ec64a0"},"headline":"Eleccions municipals i europees des de Catalunya","datePublished":"2019-05-29T18:20:21+00:00","dateModified":"2019-05-29T18:23:32+00:00","mainEntityOfPage":{"@id":"https:\/\/www.pressenza.com\/ca\/2019\/05\/eleccions-municipals-i-europees-des-de-catalunya\/"},"wordCount":697,"publisher":{"@id":"https:\/\/www.pressenza.com\/ca\/#organization"},"image":{"@id":"https:\/\/www.pressenza.com\/ca\/2019\/05\/eleccions-municipals-i-europees-des-de-catalunya\/#primaryimage"},"thumbnailUrl":"https:\/\/www.pressenza.com\/wp-content\/uploads\/2019\/05\/republica.png","keywords":["Ada Colau","elcciones 2019","Ernest Maragall","Europa","Pablo Iglesias","Podemos"],"articleSection":["Contingut original","Europa","Migrants","Pol\u00edtica"],"inLanguage":"ca"},{"@type":"WebPage","@id":"https:\/\/www.pressenza.com\/ca\/2019\/05\/eleccions-municipals-i-europees-des-de-catalunya\/","url":"https:\/\/www.pressenza.com\/ca\/2019\/05\/eleccions-municipals-i-europees-des-de-catalunya\/","name":"Eleccions municipals i europees des de Catalunya","isPartOf":{"@id":"https:\/\/www.pressenza.com\/ca\/#website"},"primaryImageOfPage":{"@id":"https:\/\/www.pressenza.com\/ca\/2019\/05\/eleccions-municipals-i-europees-des-de-catalunya\/#primaryimage"},"image":{"@id":"https:\/\/www.pressenza.com\/ca\/2019\/05\/eleccions-municipals-i-europees-des-de-catalunya\/#primaryimage"},"thumbnailUrl":"https:\/\/www.pressenza.com\/wp-content\/uploads\/2019\/05\/republica.png","datePublished":"2019-05-29T18:20:21+00:00","dateModified":"2019-05-29T18:23:32+00:00","description":"Les dues rep\u00fabliques espanyoles, la de 1873 i la de 1931, van tenir un \u00fanic s\u00edmbol, una dona, Mariana, influ\u00e8ncia m\u00e9s que evident de la revoluci\u00f3","breadcrumb":{"@id":"https:\/\/www.pressenza.com\/ca\/2019\/05\/eleccions-municipals-i-europees-des-de-catalunya\/#breadcrumb"},"inLanguage":"ca","potentialAction":[{"@type":"ReadAction","target":["https:\/\/www.pressenza.com\/ca\/2019\/05\/eleccions-municipals-i-europees-des-de-catalunya\/"]}]},{"@type":"ImageObject","inLanguage":"ca","@id":"https:\/\/www.pressenza.com\/ca\/2019\/05\/eleccions-municipals-i-europees-des-de-catalunya\/#primaryimage","url":"https:\/\/www.pressenza.com\/wp-content\/uploads\/2019\/05\/republica.png","contentUrl":"https:\/\/www.pressenza.com\/wp-content\/uploads\/2019\/05\/republica.png","width":566,"height":350},{"@type":"BreadcrumbList","@id":"https:\/\/www.pressenza.com\/ca\/2019\/05\/eleccions-municipals-i-europees-des-de-catalunya\/#breadcrumb","itemListElement":[{"@type":"ListItem","position":1,"name":"Accueil","item":"https:\/\/www.pressenza.com\/ca\/"},{"@type":"ListItem","position":2,"name":"Eleccions municipals i europees des de Catalunya"}]},{"@type":"WebSite","@id":"https:\/\/www.pressenza.com\/ca\/#website","url":"https:\/\/www.pressenza.com\/ca\/","name":"Pressenza","description":"International Press Agency","publisher":{"@id":"https:\/\/www.pressenza.com\/ca\/#organization"},"potentialAction":[{"@type":"SearchAction","target":{"@type":"EntryPoint","urlTemplate":"https:\/\/www.pressenza.com\/ca\/?s={search_term_string}"},"query-input":{"@type":"PropertyValueSpecification","valueRequired":true,"valueName":"search_term_string"}}],"inLanguage":"ca"},{"@type":"Organization","@id":"https:\/\/www.pressenza.com\/ca\/#organization","name":"Pressenza","url":"https:\/\/www.pressenza.com\/ca\/","logo":{"@type":"ImageObject","inLanguage":"ca","@id":"https:\/\/www.pressenza.com\/ca\/#\/schema\/logo\/image\/","url":"https:\/\/www.pressenza.com\/wp-content\/uploads\/2022\/10\/pressenza_logo_200x200.jpg","contentUrl":"https:\/\/www.pressenza.com\/wp-content\/uploads\/2022\/10\/pressenza_logo_200x200.jpg","width":200,"height":200,"caption":"Pressenza"},"image":{"@id":"https:\/\/www.pressenza.com\/ca\/#\/schema\/logo\/image\/"},"sameAs":["https:\/\/www.facebook.com\/PressenzaItalia","https:\/\/x.com\/PressenzaIPA"]},{"@type":"Person","@id":"https:\/\/www.pressenza.com\/ca\/#\/schema\/person\/fe7403675617ebaa73624ab374ec64a0","name":"Javier Belda","description":"He has participated in the New Universalist Humanism since 1989, promoting activities in the fields of journalism and global politics. Member of the World Center of Humanist Studies. Redaction Team of Barcelona in Pressenza IPA. Contact: xavibelda1@gmail.com","sameAs":["http:\/\/eltelondefondo.wordpress.com\/","https:\/\/m.facebook.com\/javier.belda","https:\/\/x.com\/Xavib1"],"url":"https:\/\/www.pressenza.com\/ca\/author\/javier-belda\/"}]}},"place":"","original_article_url":"","_links":{"self":[{"href":"https:\/\/www.pressenza.com\/ca\/wp-json\/wp\/v2\/posts\/863153","targetHints":{"allow":["GET"]}}],"collection":[{"href":"https:\/\/www.pressenza.com\/ca\/wp-json\/wp\/v2\/posts"}],"about":[{"href":"https:\/\/www.pressenza.com\/ca\/wp-json\/wp\/v2\/types\/post"}],"author":[{"embeddable":true,"href":"https:\/\/www.pressenza.com\/ca\/wp-json\/wp\/v2\/users\/451"}],"replies":[{"embeddable":true,"href":"https:\/\/www.pressenza.com\/ca\/wp-json\/wp\/v2\/comments?post=863153"}],"version-history":[{"count":0,"href":"https:\/\/www.pressenza.com\/ca\/wp-json\/wp\/v2\/posts\/863153\/revisions"}],"wp:featuredmedia":[{"embeddable":true,"href":"https:\/\/www.pressenza.com\/ca\/wp-json\/wp\/v2\/media\/861799"}],"wp:attachment":[{"href":"https:\/\/www.pressenza.com\/ca\/wp-json\/wp\/v2\/media?parent=863153"}],"wp:term":[{"taxonomy":"category","embeddable":true,"href":"https:\/\/www.pressenza.com\/ca\/wp-json\/wp\/v2\/categories?post=863153"},{"taxonomy":"post_tag","embeddable":true,"href":"https:\/\/www.pressenza.com\/ca\/wp-json\/wp\/v2\/tags?post=863153"}],"curies":[{"name":"wp","href":"https:\/\/api.w.org\/{rel}","templated":true}]}}