{"id":858440,"date":"2019-05-22T09:31:18","date_gmt":"2019-05-22T08:31:18","guid":{"rendered":"https:\/\/www.pressenza.com\/?p=858440"},"modified":"2019-05-22T09:31:18","modified_gmt":"2019-05-22T08:31:18","slug":"govern-de-colombia-doble-discurs-i-traicio-als-acords-de-pau","status":"publish","type":"post","link":"https:\/\/www.pressenza.com\/ca\/2019\/05\/govern-de-colombia-doble-discurs-i-traicio-als-acords-de-pau\/","title":{"rendered":"Govern de Col\u00f2mbia: doble discurs i traici\u00f3 als acords de pau"},"content":{"rendered":"<p><span style=\"color: #000000;\"><span class=\"tlid-translation translation\" lang=\"ca\"><span class=\"\" title=\"\">Declaraci\u00f3<\/span> <span title=\"\">de les<\/span> <span title=\"\">colombianes<\/span> <span title=\"\">i<\/span> <span title=\"\">els<\/span> <span title=\"\">colombians<\/span> <span title=\"\">a l&#8217;exterior,<\/span> <span class=\"\" title=\"\">adre\u00e7ada a la<\/span> <span class=\"\" title=\"\">comunitat<\/span> <span class=\"\" title=\"\">internacional per<\/span> <span title=\"\">visibilitzar<\/span> <span title=\"\">la situaci\u00f3<\/span> <span title=\"\">de desgovern<\/span> <span title=\"\">d&#8217;Iv\u00e1n<\/span> <span title=\"\">Duc<\/span> <span title=\"\">a Col\u00f2mbia<\/span><span title=\"\">, assassinats<\/span> <span title=\"\">a<\/span> <span title=\"\">l\u00edders<\/span> <span title=\"\">socials<\/span><span title=\"\">, ex<\/span> <span title=\"\">combatents<\/span> <span title=\"\">de les FARC,<\/span> <span title=\"\">boicot als<\/span> <span title=\"\">acords<\/span> <span title=\"\">de Pau,<\/span> <span title=\"\">persecuci\u00f3 a la<\/span> <span title=\"\">JEP<\/span> <span title=\"\">i<\/span> <span title=\"\">poca o cap<\/span> <span title=\"\">voluntat<\/span> <span title=\"\">pol\u00edtica<\/span> <span title=\"\">de continu\u00eftat<\/span> <span title=\"\">dels<\/span> <span title=\"\">di\u00e0legs<\/span> <span title=\"\">amb<\/span> <span title=\"\">l&#8217;ELN.<\/span><\/span><\/span><\/p>\n<p>&nbsp;<\/p>\n<p style=\"text-align: center;\"><strong>Govern de Col\u00f2mbia: doble discurs i traici\u00f3 als acords de pau<\/strong><\/p>\n<p>Les ciutadanies lliures de Col\u00f2mbia, unides per voluntat pr\u00f2pia, amb l\u2019anhel de construir un futur millor per a les generacions que han de venir, manifestem a <strong>l\u2019opini\u00f3 p\u00fablica internacional<\/strong> que:<\/p>\n<p>Cap colombi\u00e0 ha viscut en pau al nostre pa\u00eds. Tots som o hem estat v\u00edctimes de la viol\u00e8ncia. Una viol\u00e8ncia causada per la concentraci\u00f3 permanent del poder pol\u00edtic en mans d\u2019uns pocs sectors econ\u00f2micament privilegiats, que han fet servir les lleis en benefici propi, condemnant a la majoria de la poblaci\u00f3 a la pobresa m\u00e9s deshonrosa.<\/p>\n<p>La desigualtat social causada per les males pr\u00e0ctiques pol\u00edtiques ha estat el que, principalment, ha alimentat la guerra, que a la vegada ha provocat milers de morts durant molts d\u2019anys.<\/p>\n<p>Una de les etapes m\u00e9s violentes de la nostra hist\u00f2ria recent va transc\u00f3rrer durant els anys de 1998 a 2010, durant els per\u00edodes presidencials <em>d\u2019Andr\u00e9s Pastrana Arango<\/em> i <em>\u00c1lvaro Uribe V\u00e9lez<\/em>, en l\u2019actualitat oposats f\u00e8rriament a una sortida negociada del conflicte colombi\u00e0.<\/p>\n<p>Segons xifres del Govern colombi\u00e0, en aquesta etapa es varen registrar <strong>5.827.989<\/strong> v\u00edctimes de guerra directes, afectades per situacions de mort, despla\u00e7ament, segrest i fam. Aquest macabre n\u00famero de v\u00edctimes nom\u00e9s va tenir un tomb durant el per\u00edode president del 2010 al 2018, quan l\u2019 aleshores President Juan Manuel Santos, avui Nobel de la Pau, va signar com Cap d\u2019Estat l\u2019Acord de Pau de l\u2019Habana amb el grup guerriller <em><strong>Fuerzas Armadas Revolucionarias de Colombia (FARC-EP)<\/strong><\/em>, fet que va comptar amb el recolzament de la comunitat internacional.<\/p>\n<p>Va ser per aquest Acord de Pau que l\u2019Estat colombi\u00e0 va adquirir compromisos fonamentals per tal d\u2019aconseguir canvis socials estructurals que permetessin lluitar contra la desigualtat de la poblaci\u00f3 i generar un ambient de Pau veritable.<\/p>\n<p>Lamentablement per a la gran majoria de la ciutadania, les forces pol\u00edtiques que durant anys han procurat i aconseguit romandre en el poder a Col\u00f2mbia, sostinguts en accions de guerra i por, varen aconseguir reprendre, des de l\u2019any passat, la Presid\u00e8ncia de la Rep\u00fablica a trav\u00e9s del que avui \u00e9s el primer mandatari Iv\u00e1n Duque M\u00e1rquez. Des d\u2019aquest mateix moment, han estat molts els atacs que ha rebut la nostra esperan\u00e7a d\u2019aconseguir la Pau. Per exemple, durant els primers 8 mesos del Govern actual, un total de <strong>172<\/strong> l\u00edders socials i defensores de drets humans han estat assassinats a Col\u00f2mbia, segons informe de <em>l\u2019Instituto de Estudios sobre Paz y Desarrollo \u2013 Indepaz.<\/em><\/p>\n<p>Aix\u00ed mateix, amb l\u2019objectiu d\u2019afectar la Pau a Col\u00f2mbia, el mateix President, la seva bancada aliada en el Congr\u00e9s de la Rep\u00fablica i la Fiscalia General de la Naci\u00f3 (cooptada per les anomenades forces guerrillistes) recolzats per una intervenci\u00f3 indeguda del President d\u2019Estats Units, Donald Trump, en els assumptes interns colombians, han dirigit atacs al <em><strong>Tribunal Especial para al Paz \u2013 JEP<\/strong><\/em>. Aquest tribunal \u00e9s un organisme judicial que constitueix el cor dels Acords de Pau, ja que \u00e9s l\u2019encarregat d\u2019investigar els actes de viol\u00e8ncia y de buscar la Just\u00edca, Veritat i Reparaci\u00f3 per a les v\u00edctimes del conflicte Armat.<\/p>\n<p><strong>Per mitj\u00e0 dels greus esdeveniments dels \u00faltims dies, el Govern Nacional de Col\u00f2mbia i els seus aliats pol\u00edtics, han demostrar que els seus interessos personals estan per sobre el benestar de tot un pa\u00eds.<\/strong><\/p>\n<p>Per aquest motiu els colombians ens veiem en la imperiosa necessitat de fer tot el possible per tal d\u2019impedir que s\u2019imposi l\u2019agenda pol\u00edtica que perpetua la guerra i que impedeix l\u2019exercici de la democr\u00e0cia.<\/p>\n<p>Per totes les raons exposades, demanem solid\u00e0riament a la Comunitat internacional i als l\u00edders del m\u00f3n que han estat els nostres aliats en la consecuci\u00f3 de la pau a Col\u00f2mbia, que ens recolzin en els segu\u0308ents prop\u00f2sits:<\/p>\n<ol>\n<li>Que es brindin garanties a l\u00edders socials, defensors i defensores de Drets Humans, reclamants de terres, ex combatents de grups guerrillers reinserits i civils, que sistem\u00e0ticament estan essent assassinats al nostre pa\u00eds.<\/li>\n<li>Que siguin respectats i s\u2019acompleixin els Acords de Pau subscrits per l\u2019Estat colombi\u00e0 amb l\u2019extint grup guerriller de las <strong>FARC-EP<\/strong>.<\/li>\n<li>Que el Govern Nacional de Col\u00f2mbia reprengui les converses de Pau amb el grup guerriller <em><strong>Ej\u00e9rcito de Liberaci\u00f3n Nacional (ELN)<\/strong><\/em> per tal d\u2019aconseguir una Pau veritable, estable i duradora.<\/li>\n<li>Que sigui respectada la <em><strong>Justicia Especial de Paz-JEP<\/strong><\/em>, que busca investigar i aclarir els crims de guerra comesos per tots els actors del conflicte a Col\u00f2mbia.<\/li>\n<li>Que sigui respectada la vida i es garanteixi les condicions per a la participaci\u00f3 de l\u2019oposici\u00f3 pol\u00edtica.<\/li>\n<li>Que sigui respectada la independ\u00e8ncia judicial a Col\u00f2mbia.<\/li>\n<\/ol>\n<p style=\"text-align: center;\"><strong>Que la PAU no ens costi la vida ni la llibertat<\/strong><\/p>\n<p>&nbsp;<\/p>\n<p><span style=\"color: #000000;\"><span class=\"tlid-translation translation\" lang=\"ca\"><span class=\"\" title=\"\">Subscriuen<\/span><span title=\"\">:<\/span><\/span><\/span><\/p>\n<p>1. &#8220;Di\u00e1spora y Paz&#8221; Par\u00eds y Barcelona.<br \/>\n2. Unidos por la Paz, Alemania.<br \/>\n3. Foro Internacional de V\u00edctimas, cap\u00edtulos Am\u00e9ricas y Europa.<br \/>\n4. Colombia Humana La Plata, Argentina.<br \/>\n5. Vamos por los Derechos Internacional.<br \/>\n6. Associazione di Promozione Sociale Migras, Italia.<br \/>\n7. Colectiva de mujeres refugiadas, exiliadas y migradas.<br \/>\n8. Asociaci\u00f3n Red Solidaria de Albacete.<br \/>\n9. Foro Internacional de V\u00edctimas de Albacete.<br \/>\n10. RECOEX &#8211; Representaci\u00f3n de Estudiantes Colombianos en el Exterior.<br \/>\n11. Rumbo a Gaza Am\u00e9rica Latina.<br \/>\n12. Grupo Europa de Familiares de desaparecidos en Colombia.<br \/>\n13. Colombia Humana Suiza.<br \/>\n14. Asociaci\u00f3n Maloka Suiza.<br \/>\n15. Asociaci\u00f3n Asolatino Suiza.<br \/>\n16. Ciudadan\u00edas Libres Suiza.<br \/>\n17. Convergencia Internacional Colombia Humana.<br \/>\n18. Agendas Internacionales por la Paz en Colombia.<br \/>\n19. Paz a la Calle, Barcelona. 20. Mujer Di\u00e1spora, Londres.<br \/>\n21. Colectivo AJI, Londres.<br \/>\n22. Migrantes \u2013 Ciudadan\u00eda en Movimiento.<br \/>\n23. Fundaci\u00f3n Freytter.<br \/>\n24. Carrers del M\u00f3n, Elche.<br \/>\n25. Foro Internacional de V\u00edctimas, Elche.<br \/>\n26. E- Chime, Elche. Colectivo de j\u00f3venes.<br \/>\n27. Nodo Ottawa-Gatineau. Canad\u00e1.<br \/>\n28. Nabowa. Xarxa per la Pau, Barcelona.<br \/>\n29. Colombia Humana, Ecuador.<br \/>\n30. Colectivo Ciudadan\u00edas.<br \/>\n31. ASOVICA &#8211; Asociaci\u00f3n de V\u00edctimas del Conflicto Armado de Colombia en Canad\u00e1.<br \/>\n32. Partido pol\u00edtico espa\u00f1ol Podemos, Par\u00eds.<br \/>\n33. COLPAZ &#8211; Colectivo por la Paz en Colombia, M\u00e9xico.<br \/>\n34. Comunidad Colombia Humana, Argentina.<br \/>\n35. Marcha Patri\u00f3tica cap\u00edtulo Argentina.<br \/>\n36. ALBA &#8211; Movimientos , Argentina.<br \/>\n37. Vamos &#8211; Frente Patria Grande. Argentina.<br \/>\n38. Barrios de Pie, Argentina.<br \/>\n39. Asociaci\u00f3n Civil Madre Tierra.<br \/>\n40. Partido Social de la Ciudad.<br \/>\n41. Centro de Estudios y Acci\u00f3n por la Igualdad.<br \/>\n42. Parranda Po\u00e9tica, Argentina.<br \/>\n43. Grupo de Pensamiento Cr\u00edtico Colombiano de la Universidad de Buenos Aires.<br \/>\n44. Constituyente Exiliad@s Pol\u00edticos Colombianos.<br \/>\n45. On y Va &#8220;Globalizando la Solidaridad &#8220;, Suiza.<br \/>\n46. Aipazcomun, Suiza.<br \/>\n47. Coordinadora Am\u00e9rica \/ Europa de Solidaridad con el Pueblo Colombiano -CAESPUCOL.<br \/>\n48. Partido Comunista \u2013 Hamburgo, Alemania.<br \/>\n49. Convergencia Colombia Humana Internacional, New York.<br \/>\n50. Ciudadan\u00edas por la Paz, Francia.<br \/>\n51. Colombia Humana, Francia.<br \/>\n52. Foro Internacional de V\u00edctimas, Canad\u00e1.<br \/>\n53. ITACA &#8211; Organitzaci\u00f3 Internacionalista dels Pa\u00efsos Catalans.<br \/>\n54. Habitar Argentina.<br \/>\n55. Centro de Intercambio y Servicios para el Cono Sur Argentina &#8211; CISCSA.<br \/>\n56. Movimiento de Ocupantes e Inquilinos- MOI.<br \/>\n57. Fundaci\u00f3n Vivienda y Comunidad &#8211; FVC.<br \/>\n58. RED H\u00e1bitat. Bolivia.<br \/>\n59. Ocupa Tu Ciudad, Guadalajara.<br \/>\n60. Cooperaci\u00f3n Comunitaria M\u00e9xico.<br \/>\n61. La R\u00eda Corriente cr\u00edtico feminista, Argentina.<br \/>\n62. Huitaca \u2013 Pacto por la vida y por la Paz.<br \/>\n63. Ciudadan\u00edas por la Justicia.<br \/>\n64. Colectivo Maloka Colombia.<br \/>\n65. Mujeres Pa\u2019lante.<\/p>\n","protected":false},"excerpt":{"rendered":"<p>Declaraci\u00f3 de les colombianes i els colombians a l&#8217;exterior, adre\u00e7ada a la comunitat internacional per visibilitzar la situaci\u00f3 de desgovern d&#8217;Iv\u00e1n Duc a Col\u00f2mbia, assassinats a l\u00edders socials, ex combatents de les FARC, boicot als acords de Pau, persecuci\u00f3 a&hellip;<\/p>\n","protected":false},"author":1345,"featured_media":858431,"comment_status":"closed","ping_status":"closed","sticky":false,"template":"","format":"standard","meta":{"footnotes":""},"categories":[35529,35512,35516,35524,35509],"tags":[52573],"class_list":["post-858440","post","type-post","status-publish","format-standard","has-post-thumbnail","hentry","category-comunicats-de-premsa","category-drets-humans-ca","category-pau-i-desarmament-ca","category-politica-ca","category-sud-america-ca","tag-peace-ca"],"yoast_head":"<!-- This site is optimized with the Yoast SEO plugin v27.1.1 - https:\/\/yoast.com\/product\/yoast-seo-wordpress\/ -->\n<title>Govern de Col\u00f2mbia: doble discurs i traici\u00f3 als acords de pau<\/title>\n<meta name=\"description\" content=\"Declaraci\u00f3 de les colombianes i els colombians a l&#039;exterior, adre\u00e7ada a la comunitat internacional per visibilitzar la situaci\u00f3 de desgovern d&#039;Iv\u00e1n Duc a\" \/>\n<meta name=\"robots\" content=\"index, follow, max-snippet:-1, max-image-preview:large, max-video-preview:-1\" \/>\n<link rel=\"canonical\" href=\"https:\/\/www.pressenza.com\/ca\/2019\/05\/govern-de-colombia-doble-discurs-i-traicio-als-acords-de-pau\/\" \/>\n<meta property=\"og:locale\" content=\"ca_ES\" \/>\n<meta property=\"og:type\" content=\"article\" \/>\n<meta property=\"og:title\" content=\"Govern de Col\u00f2mbia: doble discurs i traici\u00f3 als acords de pau\" \/>\n<meta property=\"og:description\" content=\"Declaraci\u00f3 de les colombianes i els colombians a l&#039;exterior, adre\u00e7ada a la comunitat internacional per visibilitzar la situaci\u00f3 de desgovern d&#039;Iv\u00e1n Duc a\" \/>\n<meta property=\"og:url\" content=\"https:\/\/www.pressenza.com\/ca\/2019\/05\/govern-de-colombia-doble-discurs-i-traicio-als-acords-de-pau\/\" \/>\n<meta property=\"og:site_name\" content=\"Pressenza\" \/>\n<meta property=\"article:publisher\" content=\"https:\/\/www.facebook.com\/PressenzaItalia\" \/>\n<meta property=\"article:published_time\" content=\"2019-05-22T08:31:18+00:00\" \/>\n<meta property=\"og:image\" content=\"https:\/\/www.pressenza.com\/wp-content\/uploads\/2019\/05\/bandera-de-colombia-Gabriel-Brito.jpg\" \/>\n\t<meta property=\"og:image:width\" content=\"902\" \/>\n\t<meta property=\"og:image:height\" content=\"565\" \/>\n\t<meta property=\"og:image:type\" content=\"image\/jpeg\" \/>\n<meta name=\"author\" content=\"Alexandra Vega-Rivera\" \/>\n<meta name=\"twitter:card\" content=\"summary_large_image\" \/>\n<meta name=\"twitter:creator\" content=\"@PressenzaIPA\" \/>\n<meta name=\"twitter:site\" content=\"@PressenzaIPA\" \/>\n<meta name=\"twitter:label1\" content=\"Escrit per\" \/>\n\t<meta name=\"twitter:data1\" content=\"Alexandra Vega-Rivera\" \/>\n\t<meta name=\"twitter:label2\" content=\"Temps estimat de lectura\" \/>\n\t<meta name=\"twitter:data2\" content=\"6 minuts\" \/>\n<script type=\"application\/ld+json\" class=\"yoast-schema-graph\">{\"@context\":\"https:\/\/schema.org\",\"@graph\":[{\"@type\":\"Article\",\"@id\":\"https:\/\/www.pressenza.com\/ca\/2019\/05\/govern-de-colombia-doble-discurs-i-traicio-als-acords-de-pau\/#article\",\"isPartOf\":{\"@id\":\"https:\/\/www.pressenza.com\/ca\/2019\/05\/govern-de-colombia-doble-discurs-i-traicio-als-acords-de-pau\/\"},\"author\":{\"name\":\"Alexandra Vega-Rivera\",\"@id\":\"https:\/\/www.pressenza.com\/ca\/#\/schema\/person\/e78818511bfc2dbed78955a0c3cc89ec\"},\"headline\":\"Govern de Col\u00f2mbia: doble discurs i traici\u00f3 als acords de pau\",\"datePublished\":\"2019-05-22T08:31:18+00:00\",\"mainEntityOfPage\":{\"@id\":\"https:\/\/www.pressenza.com\/ca\/2019\/05\/govern-de-colombia-doble-discurs-i-traicio-als-acords-de-pau\/\"},\"wordCount\":1294,\"publisher\":{\"@id\":\"https:\/\/www.pressenza.com\/ca\/#organization\"},\"image\":{\"@id\":\"https:\/\/www.pressenza.com\/ca\/2019\/05\/govern-de-colombia-doble-discurs-i-traicio-als-acords-de-pau\/#primaryimage\"},\"thumbnailUrl\":\"https:\/\/www.pressenza.com\/wp-content\/uploads\/2019\/05\/bandera-de-colombia-Gabriel-Brito.jpg\",\"keywords\":[\"Peace\"],\"articleSection\":[\"Comunicats de premsa\",\"Drets Humans\",\"Pau i desarmament\",\"Pol\u00edtica\",\"Sud-am\u00e8rica\"],\"inLanguage\":\"ca\"},{\"@type\":\"WebPage\",\"@id\":\"https:\/\/www.pressenza.com\/ca\/2019\/05\/govern-de-colombia-doble-discurs-i-traicio-als-acords-de-pau\/\",\"url\":\"https:\/\/www.pressenza.com\/ca\/2019\/05\/govern-de-colombia-doble-discurs-i-traicio-als-acords-de-pau\/\",\"name\":\"Govern de Col\u00f2mbia: doble discurs i traici\u00f3 als acords de pau\",\"isPartOf\":{\"@id\":\"https:\/\/www.pressenza.com\/ca\/#website\"},\"primaryImageOfPage\":{\"@id\":\"https:\/\/www.pressenza.com\/ca\/2019\/05\/govern-de-colombia-doble-discurs-i-traicio-als-acords-de-pau\/#primaryimage\"},\"image\":{\"@id\":\"https:\/\/www.pressenza.com\/ca\/2019\/05\/govern-de-colombia-doble-discurs-i-traicio-als-acords-de-pau\/#primaryimage\"},\"thumbnailUrl\":\"https:\/\/www.pressenza.com\/wp-content\/uploads\/2019\/05\/bandera-de-colombia-Gabriel-Brito.jpg\",\"datePublished\":\"2019-05-22T08:31:18+00:00\",\"description\":\"Declaraci\u00f3 de les colombianes i els colombians a l'exterior, adre\u00e7ada a la comunitat internacional per visibilitzar la situaci\u00f3 de desgovern d'Iv\u00e1n Duc a\",\"breadcrumb\":{\"@id\":\"https:\/\/www.pressenza.com\/ca\/2019\/05\/govern-de-colombia-doble-discurs-i-traicio-als-acords-de-pau\/#breadcrumb\"},\"inLanguage\":\"ca\",\"potentialAction\":[{\"@type\":\"ReadAction\",\"target\":[\"https:\/\/www.pressenza.com\/ca\/2019\/05\/govern-de-colombia-doble-discurs-i-traicio-als-acords-de-pau\/\"]}]},{\"@type\":\"ImageObject\",\"inLanguage\":\"ca\",\"@id\":\"https:\/\/www.pressenza.com\/ca\/2019\/05\/govern-de-colombia-doble-discurs-i-traicio-als-acords-de-pau\/#primaryimage\",\"url\":\"https:\/\/www.pressenza.com\/wp-content\/uploads\/2019\/05\/bandera-de-colombia-Gabriel-Brito.jpg\",\"contentUrl\":\"https:\/\/www.pressenza.com\/wp-content\/uploads\/2019\/05\/bandera-de-colombia-Gabriel-Brito.jpg\",\"width\":902,\"height\":565},{\"@type\":\"BreadcrumbList\",\"@id\":\"https:\/\/www.pressenza.com\/ca\/2019\/05\/govern-de-colombia-doble-discurs-i-traicio-als-acords-de-pau\/#breadcrumb\",\"itemListElement\":[{\"@type\":\"ListItem\",\"position\":1,\"name\":\"Accueil\",\"item\":\"https:\/\/www.pressenza.com\/ca\/\"},{\"@type\":\"ListItem\",\"position\":2,\"name\":\"Govern de Col\u00f2mbia: doble discurs i traici\u00f3 als acords de pau\"}]},{\"@type\":\"WebSite\",\"@id\":\"https:\/\/www.pressenza.com\/ca\/#website\",\"url\":\"https:\/\/www.pressenza.com\/ca\/\",\"name\":\"Pressenza\",\"description\":\"International Press Agency\",\"publisher\":{\"@id\":\"https:\/\/www.pressenza.com\/ca\/#organization\"},\"potentialAction\":[{\"@type\":\"SearchAction\",\"target\":{\"@type\":\"EntryPoint\",\"urlTemplate\":\"https:\/\/www.pressenza.com\/ca\/?s={search_term_string}\"},\"query-input\":{\"@type\":\"PropertyValueSpecification\",\"valueRequired\":true,\"valueName\":\"search_term_string\"}}],\"inLanguage\":\"ca\"},{\"@type\":\"Organization\",\"@id\":\"https:\/\/www.pressenza.com\/ca\/#organization\",\"name\":\"Pressenza\",\"url\":\"https:\/\/www.pressenza.com\/ca\/\",\"logo\":{\"@type\":\"ImageObject\",\"inLanguage\":\"ca\",\"@id\":\"https:\/\/www.pressenza.com\/ca\/#\/schema\/logo\/image\/\",\"url\":\"https:\/\/www.pressenza.com\/wp-content\/uploads\/2022\/10\/pressenza_logo_200x200.jpg\",\"contentUrl\":\"https:\/\/www.pressenza.com\/wp-content\/uploads\/2022\/10\/pressenza_logo_200x200.jpg\",\"width\":200,\"height\":200,\"caption\":\"Pressenza\"},\"image\":{\"@id\":\"https:\/\/www.pressenza.com\/ca\/#\/schema\/logo\/image\/\"},\"sameAs\":[\"https:\/\/www.facebook.com\/PressenzaItalia\",\"https:\/\/x.com\/PressenzaIPA\"]},{\"@type\":\"Person\",\"@id\":\"https:\/\/www.pressenza.com\/ca\/#\/schema\/person\/e78818511bfc2dbed78955a0c3cc89ec\",\"name\":\"Alexandra Vega-Rivera\",\"description\":\"Alexandra Vega Rivera naci\u00f3 en Colombia, es migrante y escritora, antrop\u00f3loga e investigadora acad\u00e9mica y de curiosidades varias. Acompa\u00f1a procesos de escritura, es columnista y editora. Ha escrito poes\u00eda, microrrelatos, etnograf\u00edas y ensayos. Est\u00e1 radicada en la ciudad de Buenos Aires, Argentina. @alexandravegarivera\",\"url\":\"https:\/\/www.pressenza.com\/ca\/author\/alexandra-vega-rivera\/\"}]}<\/script>\n<!-- \/ Yoast SEO plugin. -->","yoast_head_json":{"title":"Govern de Col\u00f2mbia: doble discurs i traici\u00f3 als acords de pau","description":"Declaraci\u00f3 de les colombianes i els colombians a l'exterior, adre\u00e7ada a la comunitat internacional per visibilitzar la situaci\u00f3 de desgovern d'Iv\u00e1n Duc a","robots":{"index":"index","follow":"follow","max-snippet":"max-snippet:-1","max-image-preview":"max-image-preview:large","max-video-preview":"max-video-preview:-1"},"canonical":"https:\/\/www.pressenza.com\/ca\/2019\/05\/govern-de-colombia-doble-discurs-i-traicio-als-acords-de-pau\/","og_locale":"ca_ES","og_type":"article","og_title":"Govern de Col\u00f2mbia: doble discurs i traici\u00f3 als acords de pau","og_description":"Declaraci\u00f3 de les colombianes i els colombians a l'exterior, adre\u00e7ada a la comunitat internacional per visibilitzar la situaci\u00f3 de desgovern d'Iv\u00e1n Duc a","og_url":"https:\/\/www.pressenza.com\/ca\/2019\/05\/govern-de-colombia-doble-discurs-i-traicio-als-acords-de-pau\/","og_site_name":"Pressenza","article_publisher":"https:\/\/www.facebook.com\/PressenzaItalia","article_published_time":"2019-05-22T08:31:18+00:00","og_image":[{"width":902,"height":565,"url":"https:\/\/www.pressenza.com\/wp-content\/uploads\/2019\/05\/bandera-de-colombia-Gabriel-Brito.jpg","type":"image\/jpeg"}],"author":"Alexandra Vega-Rivera","twitter_card":"summary_large_image","twitter_creator":"@PressenzaIPA","twitter_site":"@PressenzaIPA","twitter_misc":{"Escrit per":"Alexandra Vega-Rivera","Temps estimat de lectura":"6 minuts"},"schema":{"@context":"https:\/\/schema.org","@graph":[{"@type":"Article","@id":"https:\/\/www.pressenza.com\/ca\/2019\/05\/govern-de-colombia-doble-discurs-i-traicio-als-acords-de-pau\/#article","isPartOf":{"@id":"https:\/\/www.pressenza.com\/ca\/2019\/05\/govern-de-colombia-doble-discurs-i-traicio-als-acords-de-pau\/"},"author":{"name":"Alexandra Vega-Rivera","@id":"https:\/\/www.pressenza.com\/ca\/#\/schema\/person\/e78818511bfc2dbed78955a0c3cc89ec"},"headline":"Govern de Col\u00f2mbia: doble discurs i traici\u00f3 als acords de pau","datePublished":"2019-05-22T08:31:18+00:00","mainEntityOfPage":{"@id":"https:\/\/www.pressenza.com\/ca\/2019\/05\/govern-de-colombia-doble-discurs-i-traicio-als-acords-de-pau\/"},"wordCount":1294,"publisher":{"@id":"https:\/\/www.pressenza.com\/ca\/#organization"},"image":{"@id":"https:\/\/www.pressenza.com\/ca\/2019\/05\/govern-de-colombia-doble-discurs-i-traicio-als-acords-de-pau\/#primaryimage"},"thumbnailUrl":"https:\/\/www.pressenza.com\/wp-content\/uploads\/2019\/05\/bandera-de-colombia-Gabriel-Brito.jpg","keywords":["Peace"],"articleSection":["Comunicats de premsa","Drets Humans","Pau i desarmament","Pol\u00edtica","Sud-am\u00e8rica"],"inLanguage":"ca"},{"@type":"WebPage","@id":"https:\/\/www.pressenza.com\/ca\/2019\/05\/govern-de-colombia-doble-discurs-i-traicio-als-acords-de-pau\/","url":"https:\/\/www.pressenza.com\/ca\/2019\/05\/govern-de-colombia-doble-discurs-i-traicio-als-acords-de-pau\/","name":"Govern de Col\u00f2mbia: doble discurs i traici\u00f3 als acords de pau","isPartOf":{"@id":"https:\/\/www.pressenza.com\/ca\/#website"},"primaryImageOfPage":{"@id":"https:\/\/www.pressenza.com\/ca\/2019\/05\/govern-de-colombia-doble-discurs-i-traicio-als-acords-de-pau\/#primaryimage"},"image":{"@id":"https:\/\/www.pressenza.com\/ca\/2019\/05\/govern-de-colombia-doble-discurs-i-traicio-als-acords-de-pau\/#primaryimage"},"thumbnailUrl":"https:\/\/www.pressenza.com\/wp-content\/uploads\/2019\/05\/bandera-de-colombia-Gabriel-Brito.jpg","datePublished":"2019-05-22T08:31:18+00:00","description":"Declaraci\u00f3 de les colombianes i els colombians a l'exterior, adre\u00e7ada a la comunitat internacional per visibilitzar la situaci\u00f3 de desgovern d'Iv\u00e1n Duc a","breadcrumb":{"@id":"https:\/\/www.pressenza.com\/ca\/2019\/05\/govern-de-colombia-doble-discurs-i-traicio-als-acords-de-pau\/#breadcrumb"},"inLanguage":"ca","potentialAction":[{"@type":"ReadAction","target":["https:\/\/www.pressenza.com\/ca\/2019\/05\/govern-de-colombia-doble-discurs-i-traicio-als-acords-de-pau\/"]}]},{"@type":"ImageObject","inLanguage":"ca","@id":"https:\/\/www.pressenza.com\/ca\/2019\/05\/govern-de-colombia-doble-discurs-i-traicio-als-acords-de-pau\/#primaryimage","url":"https:\/\/www.pressenza.com\/wp-content\/uploads\/2019\/05\/bandera-de-colombia-Gabriel-Brito.jpg","contentUrl":"https:\/\/www.pressenza.com\/wp-content\/uploads\/2019\/05\/bandera-de-colombia-Gabriel-Brito.jpg","width":902,"height":565},{"@type":"BreadcrumbList","@id":"https:\/\/www.pressenza.com\/ca\/2019\/05\/govern-de-colombia-doble-discurs-i-traicio-als-acords-de-pau\/#breadcrumb","itemListElement":[{"@type":"ListItem","position":1,"name":"Accueil","item":"https:\/\/www.pressenza.com\/ca\/"},{"@type":"ListItem","position":2,"name":"Govern de Col\u00f2mbia: doble discurs i traici\u00f3 als acords de pau"}]},{"@type":"WebSite","@id":"https:\/\/www.pressenza.com\/ca\/#website","url":"https:\/\/www.pressenza.com\/ca\/","name":"Pressenza","description":"International Press Agency","publisher":{"@id":"https:\/\/www.pressenza.com\/ca\/#organization"},"potentialAction":[{"@type":"SearchAction","target":{"@type":"EntryPoint","urlTemplate":"https:\/\/www.pressenza.com\/ca\/?s={search_term_string}"},"query-input":{"@type":"PropertyValueSpecification","valueRequired":true,"valueName":"search_term_string"}}],"inLanguage":"ca"},{"@type":"Organization","@id":"https:\/\/www.pressenza.com\/ca\/#organization","name":"Pressenza","url":"https:\/\/www.pressenza.com\/ca\/","logo":{"@type":"ImageObject","inLanguage":"ca","@id":"https:\/\/www.pressenza.com\/ca\/#\/schema\/logo\/image\/","url":"https:\/\/www.pressenza.com\/wp-content\/uploads\/2022\/10\/pressenza_logo_200x200.jpg","contentUrl":"https:\/\/www.pressenza.com\/wp-content\/uploads\/2022\/10\/pressenza_logo_200x200.jpg","width":200,"height":200,"caption":"Pressenza"},"image":{"@id":"https:\/\/www.pressenza.com\/ca\/#\/schema\/logo\/image\/"},"sameAs":["https:\/\/www.facebook.com\/PressenzaItalia","https:\/\/x.com\/PressenzaIPA"]},{"@type":"Person","@id":"https:\/\/www.pressenza.com\/ca\/#\/schema\/person\/e78818511bfc2dbed78955a0c3cc89ec","name":"Alexandra Vega-Rivera","description":"Alexandra Vega Rivera naci\u00f3 en Colombia, es migrante y escritora, antrop\u00f3loga e investigadora acad\u00e9mica y de curiosidades varias. Acompa\u00f1a procesos de escritura, es columnista y editora. Ha escrito poes\u00eda, microrrelatos, etnograf\u00edas y ensayos. Est\u00e1 radicada en la ciudad de Buenos Aires, Argentina. @alexandravegarivera","url":"https:\/\/www.pressenza.com\/ca\/author\/alexandra-vega-rivera\/"}]}},"place":"Ciudad de Buenos Aires, Argentina","original_article_url":"","_links":{"self":[{"href":"https:\/\/www.pressenza.com\/ca\/wp-json\/wp\/v2\/posts\/858440","targetHints":{"allow":["GET"]}}],"collection":[{"href":"https:\/\/www.pressenza.com\/ca\/wp-json\/wp\/v2\/posts"}],"about":[{"href":"https:\/\/www.pressenza.com\/ca\/wp-json\/wp\/v2\/types\/post"}],"author":[{"embeddable":true,"href":"https:\/\/www.pressenza.com\/ca\/wp-json\/wp\/v2\/users\/1345"}],"replies":[{"embeddable":true,"href":"https:\/\/www.pressenza.com\/ca\/wp-json\/wp\/v2\/comments?post=858440"}],"version-history":[{"count":0,"href":"https:\/\/www.pressenza.com\/ca\/wp-json\/wp\/v2\/posts\/858440\/revisions"}],"wp:featuredmedia":[{"embeddable":true,"href":"https:\/\/www.pressenza.com\/ca\/wp-json\/wp\/v2\/media\/858431"}],"wp:attachment":[{"href":"https:\/\/www.pressenza.com\/ca\/wp-json\/wp\/v2\/media?parent=858440"}],"wp:term":[{"taxonomy":"category","embeddable":true,"href":"https:\/\/www.pressenza.com\/ca\/wp-json\/wp\/v2\/categories?post=858440"},{"taxonomy":"post_tag","embeddable":true,"href":"https:\/\/www.pressenza.com\/ca\/wp-json\/wp\/v2\/tags?post=858440"}],"curies":[{"name":"wp","href":"https:\/\/api.w.org\/{rel}","templated":true}]}}