{"id":848606,"date":"2019-04-30T20:22:43","date_gmt":"2019-04-30T19:22:43","guid":{"rendered":"https:\/\/www.pressenza.com\/?p=848606"},"modified":"2019-04-30T20:24:05","modified_gmt":"2019-04-30T19:24:05","slug":"per-la-nostra-salut-un-canvi-de-model-de-sistema-sanitari","status":"publish","type":"post","link":"https:\/\/www.pressenza.com\/ca\/2019\/04\/per-la-nostra-salut-un-canvi-de-model-de-sistema-sanitari\/","title":{"rendered":"Per la nostra salut, un canvi de model de sistema sanitari"},"content":{"rendered":"<p><strong>Del 7 d&#8217;abril -Jornada Europea d&#8217;acci\u00f3 contra la privatitzaci\u00f3 i la mercantilitzaci\u00f3 de la salut- al 25 d&#8217;abril -jornada de lluita estatal contra les llistes d&#8217;espera-.<\/strong><\/p>\n<p>Com diu la popular can\u00e7\u00f3 &#8220;Mai caminar\u00e0s sol&#8221;, al voltant de la setmana del set d&#8217;abril vam marxar pels carrers i places de moltes ciutats d&#8217;Europa com Brussel\u00b7les, Mil\u00e0\u00a0 o Madrid. Diumenge al mat\u00ed era el torn de Barcelona, la ciutat des d&#8217;on precisament el passat mes de novembre, en una trobada de la \u201cXarxa Europea contra la privatitzaci\u00f3 i mercantilitzaci\u00f3 de la Salut i la protecci\u00f3 social\u201d s&#8217;havia impulsat les accions d&#8217;aquests dies emmarcades per la proximitat de les eleccions europees. Aix\u00ed com altres anys anteriors s&#8217;havien fet concentracions davant de la seu de la Delegaci\u00f3 de la comissi\u00f3 de la UE a Barcelona, aquest cop la \u201cMarea Blanca de Catalunya\u201d va apostar per a una manifestaci\u00f3 que des del Parc de la Ciutadella arribes fins al punt neur\u00e0lgic de Barcelona, la pla\u00e7a de Sant Jaume.<\/p>\n<p>En els dies anteriors a la manifestaci\u00f3, l&#8217;acci\u00f3 va rebre el suport de diferents organitzacions sindicals com <strong>Metges de Catalunya<\/strong>, <strong>CCOO<\/strong>, <strong>UGT<\/strong>, <strong>Catac-Cts\/IAC<\/strong> i el <strong>Sindicat Estatal de T\u00e8cnics Superiors Sanitaris<\/strong> aix\u00ed com forces pol\u00edtiques com <strong>EUiA<\/strong>, <strong>Podem<\/strong> o <strong>Comunistes de Catalunya<\/strong>. Tamb\u00e9 la <strong>Fundaci\u00f3 L&#8217;Alternativa<\/strong> o un col\u00b7lectiu dels habituals de la <strong>Marea Blanca de Catalunya<\/strong> com <strong>Que no pase mas<\/strong> van expressar p\u00fablicament el seu comprom\u00eds amb l&#8217;acci\u00f3.<\/p>\n<div class=\"post-gallery\">\n\t\t\t<figure class=\"post-gallery-item\">\n\t\t\t\t<img decoding=\"async\" src=\"https:\/\/www.pressenza.com\/wp-content\/uploads\/2019\/04\/IMG-20190425-WA0066-720x540.jpg\" loading=\"lazy\">\n\t\t\t\t<figcaption>\n\t\t\t\t\t\n\t\t\t\t<\/figcaption>\n\t\t\t<\/figure>\n\t\t\t<figure class=\"post-gallery-item\">\n\t\t\t\t<img decoding=\"async\" src=\"https:\/\/www.pressenza.com\/wp-content\/uploads\/2019\/04\/IMG-20190426-WA0011-574x1024.jpg\" loading=\"lazy\">\n\t\t\t\t<figcaption>\n\t\t\t\t\t\n\t\t\t\t<\/figcaption>\n\t\t\t<\/figure>\n\t\t\t<figure class=\"post-gallery-item\">\n\t\t\t\t<img decoding=\"async\" src=\"https:\/\/www.pressenza.com\/wp-content\/uploads\/2019\/04\/received_425999264852766-720x350.jpeg\" loading=\"lazy\">\n\t\t\t\t<figcaption>\n\t\t\t\t\t\n\t\t\t\t<\/figcaption>\n\t\t\t<\/figure>\n\t\t\t<figure class=\"post-gallery-item\">\n\t\t\t\t<img decoding=\"async\" src=\"https:\/\/www.pressenza.com\/wp-content\/uploads\/2019\/04\/IMG-20190407-WA0159-720x540.jpg\" loading=\"lazy\">\n\t\t\t\t<figcaption>\n\t\t\t\t\t\n\t\t\t\t<\/figcaption>\n\t\t\t<\/figure><\/div>\n<p>A difer\u00e8ncia de l&#8217;any anterior, passat per aigua, aquest diumenge primer d&#8217;abril va permetre gaudir del sol als centenars de manifestant que varen aplegar-se. Pod\u00edem destacar les pancartes de <strong>Rebeli\u00f3n Atenci\u00f3n Primaria<\/strong> o de les plataformes que vingueren del Baix Vall\u00e8s i SAP Muntanya, per\u00f2 va haver-hi representants amb molta for\u00e7a de dos col\u00b7lectius: <strong>T\u00e8cnics en lluita<\/strong> i la <strong>Coordinadora de Residencias 5+1<\/strong>. La greu situaci\u00f3 del transport sanitari amb els incompliments de les condicions dels contractes per les empreses, la precarietat de les condicions laborals dels treballadors, les defici\u00e8ncies en el desplegament i la debilitat cr\u00f2nica generada en la xarxa de transport sanitari van ser explicades als manifestants per <strong>T\u00e8cnics en lluita<\/strong>.<\/p>\n<p>La seg\u00fcent intervenci\u00f3 durant la manifestaci\u00f3 va plantejar el tema de les defici\u00e8ncies de les resid\u00e8ncies, de la necessitat de gesti\u00f3 p\u00fablica d&#8217;aquests serveis i dels maltractaments que pateixen la nostra gent gran en alguns centres. I no va ser la darrera. Els problemes de les persones afectades per les neglig\u00e8ncies m\u00e8diques, la victimitzaci\u00f3 dels malalts de la <strong>PAICAM<\/strong>, les necessitats de mobilitat de les persones discapacitades, la problem\u00e0tica de l&#8217;atenci\u00f3 prim\u00e0ria&#8230;.. una darrera l&#8217;altre tothom va poder parlar. Quan la manifestaci\u00f3 va entrar a la Pla\u00e7a Sant Jaume ens esperava la gent de la <strong>Plataforma per un CAP Raval Nord Digne<\/strong>. Finalment els joves de <strong>Friday for Future Barcelona<\/strong> van cloure l&#8217;acte advertint-nos de la greu situaci\u00f3 d&#8217;emerg\u00e8ncia clim\u00e0tica, una inactivitat de les diferents administracions i governs que a tots en posa en perill immediat.<\/p>\n<p>Just despr\u00e9s de les vacances de Setmana Santa es tornava a la lluita. Aquest cop una iniciativa de <strong>CAS Estatal<\/strong> de Madrid, la \u201c4a Jornada Estatal de Lluita contra les Llistes d&#8217;Espera\u201d, despr\u00e9s dels \u00e8xits de les tres primeres que van haver-hi el passat any 2018. Pel dia 25 a Catalunya foren convocades diferents concentracions. A Barcelona ciutat al mat\u00ed va ser el torn d&#8217;<strong>Acampada Mar<\/strong> a les portes de l&#8217;Hospital del Mar i de <strong>Resist\u00e8ncia Cl\u00ednic<\/strong> davant de l&#8217;Hospital Cl\u00ednic amb dotzenes d&#8217;activistes. La gent de <strong>Rebelion <\/strong><strong>Bellvitge<\/strong> amb el suport de la <strong>Plataforma en defensa de la Salut i la Sanitat P\u00fablica del Prat de Llobregat<\/strong> ho va fer a la tarda a les portes de l&#8217;Hospital de Bellvitge. Fora de Barcelona a Mollet del Vall\u00e8s van ser uns centenars de persones les que durant tot el mat\u00ed es van apropar a la concentraci\u00f3 de la <strong>Plataforma del Baix Vall\u00e9s<\/strong> davant de l&#8217;Hospital del municipi on es va poder realitzar fins i tot una assemblea oberta. Una gran resposta ciutadana a l&#8217;esfor\u00e7 del col\u00b7lectiu. Finalment tancava la jornada la <strong>Plataforma contra el Tancament Nocturn del CAP de Castellbisbal<\/strong> que es va concentrar a les portes del seu ambulatori defensat tot aquests anys per la ciutadania.<\/p>\n<p>No s\u00f3n dues accions a\u00efllades entre si. Les lluites estan connectades. Ja que tant per aturar la privatitzaci\u00f3 dels recursos i serveis p\u00fablics com per actuar efica\u00e7ment contra unes llistes d\u2019espera indignes i que augmenten el patiment de les persones cal anar m\u00e9s enll\u00e0 d\u2019un increment pressupostari. Cal canviar les pol\u00edtiques. Cal canviar el model de Salut, el model del nostre sistema sanitari. \u00c9s imprescindible.<\/p>\n","protected":false},"excerpt":{"rendered":"<p>Del 7 d&#8217;abril -Jornada Europea d&#8217;acci\u00f3 contra la privatitzaci\u00f3 i la mercantilitzaci\u00f3 de la salut- al 25 d&#8217;abril -jornada de lluita estatal contra les llistes d&#8217;espera-. Com diu la popular can\u00e7\u00f3 &#8220;Mai caminar\u00e0s sol&#8221;, al voltant de la setmana del&hellip;<\/p>\n","protected":false},"author":1122,"featured_media":848607,"comment_status":"closed","ping_status":"closed","sticky":false,"template":"","format":"standard","meta":{"footnotes":""},"categories":[35529,35531,35506,35528,35526],"tags":[46346,50067,58265],"class_list":["post-848606","post","type-post","status-publish","format-standard","has-post-thumbnail","hentry","category-comunicats-de-premsa","category-contingut-original-ca","category-europa-ca","category-opinions-ca","category-salut-ca","tag-llistes-despera","tag-marea-blanca-de-catalunya","tag-paicam"],"yoast_head":"<!-- This site is optimized with the Yoast SEO plugin v27.1.1 - https:\/\/yoast.com\/product\/yoast-seo-wordpress\/ -->\n<title>Per la nostra salut, un canvi de model de sistema sanitari<\/title>\n<meta name=\"description\" content=\"Del 7 d&#039;abril -Jornada Europea d&#039;acci\u00f3 contra la privatitzaci\u00f3 i la mercantilitzaci\u00f3 de la salut- al 25 d&#039;abril -jornada de lluita estatal contra les\" \/>\n<meta name=\"robots\" content=\"index, follow, max-snippet:-1, max-image-preview:large, max-video-preview:-1\" \/>\n<link rel=\"canonical\" href=\"https:\/\/www.pressenza.com\/ca\/2019\/04\/per-la-nostra-salut-un-canvi-de-model-de-sistema-sanitari\/\" \/>\n<meta property=\"og:locale\" content=\"ca_ES\" \/>\n<meta property=\"og:type\" content=\"article\" \/>\n<meta property=\"og:title\" content=\"Per la nostra salut, un canvi de model de sistema sanitari\" \/>\n<meta property=\"og:description\" content=\"Del 7 d&#039;abril -Jornada Europea d&#039;acci\u00f3 contra la privatitzaci\u00f3 i la mercantilitzaci\u00f3 de la salut- al 25 d&#039;abril -jornada de lluita estatal contra les\" \/>\n<meta property=\"og:url\" content=\"https:\/\/www.pressenza.com\/ca\/2019\/04\/per-la-nostra-salut-un-canvi-de-model-de-sistema-sanitari\/\" \/>\n<meta property=\"og:site_name\" content=\"Pressenza\" \/>\n<meta property=\"article:publisher\" content=\"https:\/\/www.facebook.com\/PressenzaItalia\" \/>\n<meta property=\"article:author\" content=\"https:\/\/www.facebook.com\/Pressenza-Espaa-647854795301395\/timeline\/\" \/>\n<meta property=\"article:published_time\" content=\"2019-04-30T19:22:43+00:00\" \/>\n<meta property=\"article:modified_time\" content=\"2019-04-30T19:24:05+00:00\" \/>\n<meta property=\"og:image\" content=\"https:\/\/www.pressenza.com\/wp-content\/uploads\/2019\/04\/IMG-20190407-WA0213-1.jpg\" \/>\n\t<meta property=\"og:image:width\" content=\"1600\" \/>\n\t<meta property=\"og:image:height\" content=\"900\" \/>\n\t<meta property=\"og:image:type\" content=\"image\/jpeg\" \/>\n<meta name=\"author\" content=\"Redacci\u00f3n Barcelona\" \/>\n<meta name=\"twitter:card\" content=\"summary_large_image\" \/>\n<meta name=\"twitter:creator\" content=\"@pressenza\" \/>\n<meta name=\"twitter:site\" content=\"@PressenzaIPA\" \/>\n<meta name=\"twitter:label1\" content=\"Escrit per\" \/>\n\t<meta name=\"twitter:data1\" content=\"Redacci\u00f3n Barcelona\" \/>\n\t<meta name=\"twitter:label2\" content=\"Temps estimat de lectura\" \/>\n\t<meta name=\"twitter:data2\" content=\"4 minuts\" \/>\n<script type=\"application\/ld+json\" class=\"yoast-schema-graph\">{\"@context\":\"https:\/\/schema.org\",\"@graph\":[{\"@type\":\"Article\",\"@id\":\"https:\/\/www.pressenza.com\/ca\/2019\/04\/per-la-nostra-salut-un-canvi-de-model-de-sistema-sanitari\/#article\",\"isPartOf\":{\"@id\":\"https:\/\/www.pressenza.com\/ca\/2019\/04\/per-la-nostra-salut-un-canvi-de-model-de-sistema-sanitari\/\"},\"author\":{\"name\":\"Redacci\u00f3n Barcelona\",\"@id\":\"https:\/\/www.pressenza.com\/ca\/#\/schema\/person\/8abc53b92f3264e0dad4300d54ac73ff\"},\"headline\":\"Per la nostra salut, un canvi de model de sistema sanitari\",\"datePublished\":\"2019-04-30T19:22:43+00:00\",\"dateModified\":\"2019-04-30T19:24:05+00:00\",\"mainEntityOfPage\":{\"@id\":\"https:\/\/www.pressenza.com\/ca\/2019\/04\/per-la-nostra-salut-un-canvi-de-model-de-sistema-sanitari\/\"},\"wordCount\":839,\"publisher\":{\"@id\":\"https:\/\/www.pressenza.com\/ca\/#organization\"},\"image\":{\"@id\":\"https:\/\/www.pressenza.com\/ca\/2019\/04\/per-la-nostra-salut-un-canvi-de-model-de-sistema-sanitari\/#primaryimage\"},\"thumbnailUrl\":\"https:\/\/www.pressenza.com\/wp-content\/uploads\/2019\/04\/IMG-20190407-WA0213-1.jpg\",\"keywords\":[\"llistes d'espera\",\"Marea Blanca de Catalunya\",\"PAICAM\"],\"articleSection\":[\"Comunicats de premsa\",\"Contingut original\",\"Europa\",\"Opinions\",\"Salut\"],\"inLanguage\":\"ca\"},{\"@type\":\"WebPage\",\"@id\":\"https:\/\/www.pressenza.com\/ca\/2019\/04\/per-la-nostra-salut-un-canvi-de-model-de-sistema-sanitari\/\",\"url\":\"https:\/\/www.pressenza.com\/ca\/2019\/04\/per-la-nostra-salut-un-canvi-de-model-de-sistema-sanitari\/\",\"name\":\"Per la nostra salut, un canvi de model de sistema sanitari\",\"isPartOf\":{\"@id\":\"https:\/\/www.pressenza.com\/ca\/#website\"},\"primaryImageOfPage\":{\"@id\":\"https:\/\/www.pressenza.com\/ca\/2019\/04\/per-la-nostra-salut-un-canvi-de-model-de-sistema-sanitari\/#primaryimage\"},\"image\":{\"@id\":\"https:\/\/www.pressenza.com\/ca\/2019\/04\/per-la-nostra-salut-un-canvi-de-model-de-sistema-sanitari\/#primaryimage\"},\"thumbnailUrl\":\"https:\/\/www.pressenza.com\/wp-content\/uploads\/2019\/04\/IMG-20190407-WA0213-1.jpg\",\"datePublished\":\"2019-04-30T19:22:43+00:00\",\"dateModified\":\"2019-04-30T19:24:05+00:00\",\"description\":\"Del 7 d'abril -Jornada Europea d'acci\u00f3 contra la privatitzaci\u00f3 i la mercantilitzaci\u00f3 de la salut- al 25 d'abril -jornada de lluita estatal contra les\",\"breadcrumb\":{\"@id\":\"https:\/\/www.pressenza.com\/ca\/2019\/04\/per-la-nostra-salut-un-canvi-de-model-de-sistema-sanitari\/#breadcrumb\"},\"inLanguage\":\"ca\",\"potentialAction\":[{\"@type\":\"ReadAction\",\"target\":[\"https:\/\/www.pressenza.com\/ca\/2019\/04\/per-la-nostra-salut-un-canvi-de-model-de-sistema-sanitari\/\"]}]},{\"@type\":\"ImageObject\",\"inLanguage\":\"ca\",\"@id\":\"https:\/\/www.pressenza.com\/ca\/2019\/04\/per-la-nostra-salut-un-canvi-de-model-de-sistema-sanitari\/#primaryimage\",\"url\":\"https:\/\/www.pressenza.com\/wp-content\/uploads\/2019\/04\/IMG-20190407-WA0213-1.jpg\",\"contentUrl\":\"https:\/\/www.pressenza.com\/wp-content\/uploads\/2019\/04\/IMG-20190407-WA0213-1.jpg\",\"width\":1600,\"height\":900},{\"@type\":\"BreadcrumbList\",\"@id\":\"https:\/\/www.pressenza.com\/ca\/2019\/04\/per-la-nostra-salut-un-canvi-de-model-de-sistema-sanitari\/#breadcrumb\",\"itemListElement\":[{\"@type\":\"ListItem\",\"position\":1,\"name\":\"Accueil\",\"item\":\"https:\/\/www.pressenza.com\/ca\/\"},{\"@type\":\"ListItem\",\"position\":2,\"name\":\"Per la nostra salut, un canvi de model de sistema sanitari\"}]},{\"@type\":\"WebSite\",\"@id\":\"https:\/\/www.pressenza.com\/ca\/#website\",\"url\":\"https:\/\/www.pressenza.com\/ca\/\",\"name\":\"Pressenza\",\"description\":\"International Press Agency\",\"publisher\":{\"@id\":\"https:\/\/www.pressenza.com\/ca\/#organization\"},\"potentialAction\":[{\"@type\":\"SearchAction\",\"target\":{\"@type\":\"EntryPoint\",\"urlTemplate\":\"https:\/\/www.pressenza.com\/ca\/?s={search_term_string}\"},\"query-input\":{\"@type\":\"PropertyValueSpecification\",\"valueRequired\":true,\"valueName\":\"search_term_string\"}}],\"inLanguage\":\"ca\"},{\"@type\":\"Organization\",\"@id\":\"https:\/\/www.pressenza.com\/ca\/#organization\",\"name\":\"Pressenza\",\"url\":\"https:\/\/www.pressenza.com\/ca\/\",\"logo\":{\"@type\":\"ImageObject\",\"inLanguage\":\"ca\",\"@id\":\"https:\/\/www.pressenza.com\/ca\/#\/schema\/logo\/image\/\",\"url\":\"https:\/\/www.pressenza.com\/wp-content\/uploads\/2022\/10\/pressenza_logo_200x200.jpg\",\"contentUrl\":\"https:\/\/www.pressenza.com\/wp-content\/uploads\/2022\/10\/pressenza_logo_200x200.jpg\",\"width\":200,\"height\":200,\"caption\":\"Pressenza\"},\"image\":{\"@id\":\"https:\/\/www.pressenza.com\/ca\/#\/schema\/logo\/image\/\"},\"sameAs\":[\"https:\/\/www.facebook.com\/PressenzaItalia\",\"https:\/\/x.com\/PressenzaIPA\"]},{\"@type\":\"Person\",\"@id\":\"https:\/\/www.pressenza.com\/ca\/#\/schema\/person\/8abc53b92f3264e0dad4300d54ac73ff\",\"name\":\"Redacci\u00f3n Barcelona\",\"description\":\"News published by the Pressenza bureau in Barcelona, Spain\",\"sameAs\":[\"https:\/\/www.facebook.com\/Pressenza-Espaa-647854795301395\/timeline\/\",\"https:\/\/x.com\/pressenza\"],\"url\":\"https:\/\/www.pressenza.com\/ca\/author\/redaccion-barcelona\/\"}]}<\/script>\n<!-- \/ Yoast SEO plugin. -->","yoast_head_json":{"title":"Per la nostra salut, un canvi de model de sistema sanitari","description":"Del 7 d'abril -Jornada Europea d'acci\u00f3 contra la privatitzaci\u00f3 i la mercantilitzaci\u00f3 de la salut- al 25 d'abril -jornada de lluita estatal contra les","robots":{"index":"index","follow":"follow","max-snippet":"max-snippet:-1","max-image-preview":"max-image-preview:large","max-video-preview":"max-video-preview:-1"},"canonical":"https:\/\/www.pressenza.com\/ca\/2019\/04\/per-la-nostra-salut-un-canvi-de-model-de-sistema-sanitari\/","og_locale":"ca_ES","og_type":"article","og_title":"Per la nostra salut, un canvi de model de sistema sanitari","og_description":"Del 7 d'abril -Jornada Europea d'acci\u00f3 contra la privatitzaci\u00f3 i la mercantilitzaci\u00f3 de la salut- al 25 d'abril -jornada de lluita estatal contra les","og_url":"https:\/\/www.pressenza.com\/ca\/2019\/04\/per-la-nostra-salut-un-canvi-de-model-de-sistema-sanitari\/","og_site_name":"Pressenza","article_publisher":"https:\/\/www.facebook.com\/PressenzaItalia","article_author":"https:\/\/www.facebook.com\/Pressenza-Espaa-647854795301395\/timeline\/","article_published_time":"2019-04-30T19:22:43+00:00","article_modified_time":"2019-04-30T19:24:05+00:00","og_image":[{"width":1600,"height":900,"url":"https:\/\/www.pressenza.com\/wp-content\/uploads\/2019\/04\/IMG-20190407-WA0213-1.jpg","type":"image\/jpeg"}],"author":"Redacci\u00f3n Barcelona","twitter_card":"summary_large_image","twitter_creator":"@pressenza","twitter_site":"@PressenzaIPA","twitter_misc":{"Escrit per":"Redacci\u00f3n Barcelona","Temps estimat de lectura":"4 minuts"},"schema":{"@context":"https:\/\/schema.org","@graph":[{"@type":"Article","@id":"https:\/\/www.pressenza.com\/ca\/2019\/04\/per-la-nostra-salut-un-canvi-de-model-de-sistema-sanitari\/#article","isPartOf":{"@id":"https:\/\/www.pressenza.com\/ca\/2019\/04\/per-la-nostra-salut-un-canvi-de-model-de-sistema-sanitari\/"},"author":{"name":"Redacci\u00f3n Barcelona","@id":"https:\/\/www.pressenza.com\/ca\/#\/schema\/person\/8abc53b92f3264e0dad4300d54ac73ff"},"headline":"Per la nostra salut, un canvi de model de sistema sanitari","datePublished":"2019-04-30T19:22:43+00:00","dateModified":"2019-04-30T19:24:05+00:00","mainEntityOfPage":{"@id":"https:\/\/www.pressenza.com\/ca\/2019\/04\/per-la-nostra-salut-un-canvi-de-model-de-sistema-sanitari\/"},"wordCount":839,"publisher":{"@id":"https:\/\/www.pressenza.com\/ca\/#organization"},"image":{"@id":"https:\/\/www.pressenza.com\/ca\/2019\/04\/per-la-nostra-salut-un-canvi-de-model-de-sistema-sanitari\/#primaryimage"},"thumbnailUrl":"https:\/\/www.pressenza.com\/wp-content\/uploads\/2019\/04\/IMG-20190407-WA0213-1.jpg","keywords":["llistes d'espera","Marea Blanca de Catalunya","PAICAM"],"articleSection":["Comunicats de premsa","Contingut original","Europa","Opinions","Salut"],"inLanguage":"ca"},{"@type":"WebPage","@id":"https:\/\/www.pressenza.com\/ca\/2019\/04\/per-la-nostra-salut-un-canvi-de-model-de-sistema-sanitari\/","url":"https:\/\/www.pressenza.com\/ca\/2019\/04\/per-la-nostra-salut-un-canvi-de-model-de-sistema-sanitari\/","name":"Per la nostra salut, un canvi de model de sistema sanitari","isPartOf":{"@id":"https:\/\/www.pressenza.com\/ca\/#website"},"primaryImageOfPage":{"@id":"https:\/\/www.pressenza.com\/ca\/2019\/04\/per-la-nostra-salut-un-canvi-de-model-de-sistema-sanitari\/#primaryimage"},"image":{"@id":"https:\/\/www.pressenza.com\/ca\/2019\/04\/per-la-nostra-salut-un-canvi-de-model-de-sistema-sanitari\/#primaryimage"},"thumbnailUrl":"https:\/\/www.pressenza.com\/wp-content\/uploads\/2019\/04\/IMG-20190407-WA0213-1.jpg","datePublished":"2019-04-30T19:22:43+00:00","dateModified":"2019-04-30T19:24:05+00:00","description":"Del 7 d'abril -Jornada Europea d'acci\u00f3 contra la privatitzaci\u00f3 i la mercantilitzaci\u00f3 de la salut- al 25 d'abril -jornada de lluita estatal contra les","breadcrumb":{"@id":"https:\/\/www.pressenza.com\/ca\/2019\/04\/per-la-nostra-salut-un-canvi-de-model-de-sistema-sanitari\/#breadcrumb"},"inLanguage":"ca","potentialAction":[{"@type":"ReadAction","target":["https:\/\/www.pressenza.com\/ca\/2019\/04\/per-la-nostra-salut-un-canvi-de-model-de-sistema-sanitari\/"]}]},{"@type":"ImageObject","inLanguage":"ca","@id":"https:\/\/www.pressenza.com\/ca\/2019\/04\/per-la-nostra-salut-un-canvi-de-model-de-sistema-sanitari\/#primaryimage","url":"https:\/\/www.pressenza.com\/wp-content\/uploads\/2019\/04\/IMG-20190407-WA0213-1.jpg","contentUrl":"https:\/\/www.pressenza.com\/wp-content\/uploads\/2019\/04\/IMG-20190407-WA0213-1.jpg","width":1600,"height":900},{"@type":"BreadcrumbList","@id":"https:\/\/www.pressenza.com\/ca\/2019\/04\/per-la-nostra-salut-un-canvi-de-model-de-sistema-sanitari\/#breadcrumb","itemListElement":[{"@type":"ListItem","position":1,"name":"Accueil","item":"https:\/\/www.pressenza.com\/ca\/"},{"@type":"ListItem","position":2,"name":"Per la nostra salut, un canvi de model de sistema sanitari"}]},{"@type":"WebSite","@id":"https:\/\/www.pressenza.com\/ca\/#website","url":"https:\/\/www.pressenza.com\/ca\/","name":"Pressenza","description":"International Press Agency","publisher":{"@id":"https:\/\/www.pressenza.com\/ca\/#organization"},"potentialAction":[{"@type":"SearchAction","target":{"@type":"EntryPoint","urlTemplate":"https:\/\/www.pressenza.com\/ca\/?s={search_term_string}"},"query-input":{"@type":"PropertyValueSpecification","valueRequired":true,"valueName":"search_term_string"}}],"inLanguage":"ca"},{"@type":"Organization","@id":"https:\/\/www.pressenza.com\/ca\/#organization","name":"Pressenza","url":"https:\/\/www.pressenza.com\/ca\/","logo":{"@type":"ImageObject","inLanguage":"ca","@id":"https:\/\/www.pressenza.com\/ca\/#\/schema\/logo\/image\/","url":"https:\/\/www.pressenza.com\/wp-content\/uploads\/2022\/10\/pressenza_logo_200x200.jpg","contentUrl":"https:\/\/www.pressenza.com\/wp-content\/uploads\/2022\/10\/pressenza_logo_200x200.jpg","width":200,"height":200,"caption":"Pressenza"},"image":{"@id":"https:\/\/www.pressenza.com\/ca\/#\/schema\/logo\/image\/"},"sameAs":["https:\/\/www.facebook.com\/PressenzaItalia","https:\/\/x.com\/PressenzaIPA"]},{"@type":"Person","@id":"https:\/\/www.pressenza.com\/ca\/#\/schema\/person\/8abc53b92f3264e0dad4300d54ac73ff","name":"Redacci\u00f3n Barcelona","description":"News published by the Pressenza bureau in Barcelona, Spain","sameAs":["https:\/\/www.facebook.com\/Pressenza-Espaa-647854795301395\/timeline\/","https:\/\/x.com\/pressenza"],"url":"https:\/\/www.pressenza.com\/ca\/author\/redaccion-barcelona\/"}]}},"place":"Catalunya - Enric Feliu","original_article_url":"","_links":{"self":[{"href":"https:\/\/www.pressenza.com\/ca\/wp-json\/wp\/v2\/posts\/848606","targetHints":{"allow":["GET"]}}],"collection":[{"href":"https:\/\/www.pressenza.com\/ca\/wp-json\/wp\/v2\/posts"}],"about":[{"href":"https:\/\/www.pressenza.com\/ca\/wp-json\/wp\/v2\/types\/post"}],"author":[{"embeddable":true,"href":"https:\/\/www.pressenza.com\/ca\/wp-json\/wp\/v2\/users\/1122"}],"replies":[{"embeddable":true,"href":"https:\/\/www.pressenza.com\/ca\/wp-json\/wp\/v2\/comments?post=848606"}],"version-history":[{"count":0,"href":"https:\/\/www.pressenza.com\/ca\/wp-json\/wp\/v2\/posts\/848606\/revisions"}],"wp:featuredmedia":[{"embeddable":true,"href":"https:\/\/www.pressenza.com\/ca\/wp-json\/wp\/v2\/media\/848607"}],"wp:attachment":[{"href":"https:\/\/www.pressenza.com\/ca\/wp-json\/wp\/v2\/media?parent=848606"}],"wp:term":[{"taxonomy":"category","embeddable":true,"href":"https:\/\/www.pressenza.com\/ca\/wp-json\/wp\/v2\/categories?post=848606"},{"taxonomy":"post_tag","embeddable":true,"href":"https:\/\/www.pressenza.com\/ca\/wp-json\/wp\/v2\/tags?post=848606"}],"curies":[{"name":"wp","href":"https:\/\/api.w.org\/{rel}","templated":true}]}}