{"id":843604,"date":"2019-04-19T19:44:51","date_gmt":"2019-04-19T18:44:51","guid":{"rendered":"https:\/\/www.pressenza.com\/?p=843604"},"modified":"2019-04-19T20:03:38","modified_gmt":"2019-04-19T19:03:38","slug":"els-6-punts-minims-de-tanquem-els-cie","status":"publish","type":"post","link":"https:\/\/www.pressenza.com\/ca\/2019\/04\/els-6-punts-minims-de-tanquem-els-cie\/","title":{"rendered":"Els 6 punts m\u00ednims de Tanquem els CIE"},"content":{"rendered":"<div>\n<h2><strong>Campanya pel Tancament dels CIE i la fi de les deportacions<\/strong><\/h2>\n<p><em><a href=\"http:\/\/tanquemelscies.blogspot.com.es\/\">www.tanquemelscie.cat<\/a><\/em><\/p>\n<p><em><a href=\"http:\/\/twitter.com\/TanquemElsCIE\">@TanquemElsCIE<\/a>\u00a0<a href=\"http:\/\/goog_207823918\">\u00a0<\/a><\/em><a href=\"http:\/\/www.facebook.com\/ciesno\"><em>www.facebook.com\/ciesno<\/em><\/a><\/p>\n<\/div>\n<div><\/div>\n<div>Estem de nou en plena campanya, on els partits fan servir el <i><b><a href=\"https:\/\/twitter.com\/search?f=tweets&amp;q=%23RacismoElectoral\">#RacismeElectoral<\/a><\/b><\/i> per guanyar vots. A Tanquem els CIE estem fartes de sentir les mateixes excuses un cop rera un altre, i tenim clar que tant els governs locals, auton\u00f2mics i estatals com el Parlament europeu tenen prou compet\u00e8ncies per comen\u00e7ar a desmuntar aquest sistema de racisme estructural.<\/div>\n<div><\/div>\n<div>\n<p>Hem pensat 6 punts d&#8217;incid\u00e8ncia pol\u00edtica que hem d&#8217;exigir a cada instituci\u00f3 i, per tant, als partits per a prioritzar com a l\u00ednies de treball:<\/p>\n<ul>\n<li><b>A NIVELL MUNICIPAL: <\/b>Volem ciutats properes, que trobin mecanismes propis per fer front al racisme institucional i acabar amb la distinci\u00f3 entre els seus habitants segons el seu origen o color de pell.<\/li>\n<li><b>A NIVELL AUTON\u00d2MIC:\u00a0<\/b>Les autonomies tenen responsabilitat i compet\u00e8ncies suficients per garantir la seguretat de les persones que viuen en el seu territori. Aix\u00ed doncs, exigim que la facin efectiva.<\/li>\n<li><b>A NIVELL ESTATAL:\u00a0<\/b>L\u2019Estat ha de trencar amb la pol\u00edtica de la difer\u00e8ncia i la classificaci\u00f3 de persones. Ha de garantir un compliment radical de l\u2019article 14 de la Constituci\u00f3 Espanyola, aix\u00ed com de l\u2019article 26 del Conveni Internacional sobre Drets Humans i Pol\u00edtics de les Nacions Unides.<\/li>\n<li><b>A NIVELL EUROPEU:\u00a0<\/b>El parlament europeu t\u00e9 responsabilitat i per tant ha de tenir voluntat pol\u00edtica per trencar amb les pol\u00edtiques que promouen la Europa Fortalesa. Mai m\u00e9s morts a les fronteres en nom de la unitat europea, suposada garant dels drets humans.<\/li>\n<\/ul>\n<p>A continuaci\u00f3, els resums dels 6 punts per a cada instituci\u00f3.<\/p>\n<\/div>\n<div>\n<h3 style=\"text-align: center;\">ELS 6 M\u00cdNIMS MUNICIPALS<\/h3>\n<\/div>\n<div><img loading=\"lazy\" decoding=\"async\" class=\"alignnone wp-image-843618\" src=\"https:\/\/www.pressenza.com\/wp-content\/uploads\/2019\/04\/1-6-MUNICIPALS-DE-TANQUEM.jpg\" alt=\"\" width=\"971\" height=\"728\" srcset=\"https:\/\/www.pressenza.com\/wp-content\/uploads\/2019\/04\/1-6-MUNICIPALS-DE-TANQUEM.jpg 640w, https:\/\/www.pressenza.com\/wp-content\/uploads\/2019\/04\/1-6-MUNICIPALS-DE-TANQUEM-300x225.jpg 300w\" sizes=\"auto, (max-width: 971px) 100vw, 971px\" \/><\/div>\n<p><em>\u00a0<\/em><\/p>\n<p><strong>1. Vetllar per la no realitzaci\u00f3 d\u2019identificacions per ra\u00f3 de perfil \u00e8tnic, les quals estan prohibides per la UE.<\/strong><br \/>\nEls municipis han de garantir que s\u2019acati la prohibici\u00f3 de pr\u00e0ctiques discriminat\u00f2ries per ra\u00f3 de naixement o ra\u00e7a, establerta tant a l\u2019article 14 de la Constituci\u00f3 Espanyola com a l\u2019article 26 del Conveni Internacional sobre Drets Humans i Pol\u00edtics de Nacions Unides, i a sent\u00e8ncies del Tribunal Europeu de Drets Humans (Cas Timishev 2006, Cas Rosalind Williams 2009).<\/p>\n<p><strong>2. Establir mecanismes de consulta i participaci\u00f3 ciutadana de totes les ve\u00efnes independentment de la seva situaci\u00f3 administrativa.<\/strong><br \/>\nFins aconseguir lleis que reconeguin el dret a vot de tota persona adulta que visqui en un territori, els municipis han de treballar maneres de consultar i escoltar les veus de totes les seves ve\u00efnes, sense difer\u00e8ncia per nacionalitat o situaci\u00f3 administrativa. Cal que hi hagin mecanismes que garanteixin, tamb\u00e9, la presentaci\u00f3 de propostes socials, urban\u00edstiques, educatives\u2026 per part de les veines migrants i altres col\u00b7lectius poc representats en els processos municipals.<\/p>\n<p><strong>3. Empadronament sense domicili fixe.<\/strong><br \/>\nGarantir el dret a l\u2019empadronament de tota persona que visqui al municipi, i que aquest empadronament garanteixi a la vegada els drets humans i civils de les ve\u00efnes. El proc\u00e9s d\u2019empadronament sense domicili fix ha de ser senzill i, si cal, acompanyat de traductors i mediadors culturals.<\/p>\n<p><strong>4. La precaritzaci\u00f3 de la vivenda de les fam\u00edlies migrants no pot suposar la separaci\u00f3 del nucli familiar, sin\u00f3 la cerca urgent de solucions d\u2019habitabilitat dignes.<\/strong><br \/>\nEls recursos s\u2019han de prioritzar per obtenir solucions per a la fam\u00edlia, com ara el lloguer social, la vivenda de protecci\u00f3 oficial o les ajudes econ\u00f2miques per a persones en risc d\u2019exclusi\u00f3 social, en lloc de separar nuclis familiars i internar als infants als centres de menors a causa de la precarietat econ\u00f2mica de les fam\u00edlies. Aquesta decisi\u00f3 de separar als menors de les seves fam\u00edlies nom\u00e9s pot ser presa per un jutge com a mesura extraordin\u00e0ria i no com es fa en el sistema actual de (des)protecci\u00f3 de la inf\u00e0ncia.<\/p>\n<p><strong>5. Els c\u00e0rrecs p\u00fablics, aix\u00ed com el funcionariat, han de reflectir la diversitat de la poblaci\u00f3 real a la qual representen. Exigim formaci\u00f3 obligat\u00f2ria a tots aquests treballadors p\u00fablics amb perspectiva de g\u00e8nere, antiracista i d\u2019identificaci\u00f3 sexo-afectiva.<\/strong><br \/>\nS\u2019ha de promoure la incorporaci\u00f3 de nous perfils als c\u00e0rrecs p\u00fablics i al funcionariat, perqu\u00e8 sigui m\u00e9s proper a la realitat de la societat a la qual serveixen. Cal, tamb\u00e9, una formaci\u00f3 obligat\u00f2ria que promogui un funcionament de les entitats p\u00fabliques lliure de masclisme, racisme, capacitisme, homof\u00f2bia i transf\u00f2bia. Aquesta formaci\u00f3 ha de ser priorit\u00e0riament impartida per persones dels col\u00b7lectius que m\u00e9s sovint troben barreres a les institucions.<\/p>\n<p><strong>6. Mesures de protecci\u00f3 per les ve\u00efnes en front d\u2019un proc\u00e9s de deportaci\u00f3 for\u00e7ada.<\/strong><br \/>\nEls municipis que es declaren en contra dels Centres d\u2019Internament d\u2019Estrangers, en contra de les deportacions i com a ciutats-refugi han de prendre mesures de protecci\u00f3 per als seus habitants: suport legal especialitzat d\u2019emerg\u00e8ncia, tel\u00e8fons on trucar en cas d\u2019internament al CIE o detenci\u00f3 per deportaci\u00f3, i la creaci\u00f3 d\u2019un mecanisme que actu\u00ef en defensa de totes les seves ve\u00efnes migrants.<\/p>\n<p><em>\u00a0<\/em><\/p>\n<h3 style=\"text-align: center;\">ELS 6 M\u00cdNIMS AUTON\u00d2MICS<\/h3>\n<p><em><img loading=\"lazy\" decoding=\"async\" class=\"alignnone wp-image-843642\" src=\"https:\/\/www.pressenza.com\/wp-content\/uploads\/2019\/04\/2-6-AUTON\u00d2MICS-DE-TANQUEM.jpg\" alt=\"\" width=\"965\" height=\"724\" srcset=\"https:\/\/www.pressenza.com\/wp-content\/uploads\/2019\/04\/2-6-AUTON\u00d2MICS-DE-TANQUEM.jpg 640w, https:\/\/www.pressenza.com\/wp-content\/uploads\/2019\/04\/2-6-AUTON\u00d2MICS-DE-TANQUEM-300x225.jpg 300w\" sizes=\"auto, (max-width: 965px) 100vw, 965px\" \/><\/em><\/p>\n<p><em>Les autonomies tenen responsabilitat i compet\u00e8ncies suficients per garantir la seguretat de les persones que viuen en el seu territori. Aix\u00ed doncs, exigim que la facin efectiva.<\/em><\/p>\n<p>1.\u00a0<b>La pol\u00edtica de protecci\u00f3 del menor, migrant o aut\u00f2cton, ha d\u2019estar pensada en defensa dels seus drets.<\/b><\/p>\n<p>Exigim un canvi de paradigma en el sistema de (des)protecci\u00f3 de la inf\u00e0ncia, on ara mateix prima el fet de ser migrant sobre la condici\u00f3 de menor d\u2019edat. La veu dels nens i joves sota protecci\u00f3 institucional ha de ser central en el canvi de model de protecci\u00f3. Els fills o filles de fam\u00edlies pobres, siguin migrants o no, s\u00f3n sovint institucionalitzats inneces\u00e0riament, sense intervenci\u00f3 judicial, causant greus perjudicis emocionals, socials i econ\u00f2mics a fam\u00edlies ja de per si precaritzades.<\/p>\n<p>2.\u00a0<b>Acabar amb els protocols de discriminaci\u00f3 dins de l\u2019educaci\u00f3 p\u00fablica i establir mecanismes que respectin i reconeguin totes les realitats familiars.<\/b><\/p>\n<p>Establir mecanismes a les institucions educatives que previnguin i aturin les discriminacions a les unitats familiars diverses, allunyant-nos d\u2019un discurs \u00fanic. Treballar amb les fam\u00edlies i menors, dins i fora de l\u2019escola, valors antiracistes i feministes per ajudar a incloure en el seu imaginari totes les realitats familiars.<\/p>\n<p>3.\u00a0<b>Acc\u00e9s a la sanitat p\u00fablica sense necessitat d\u2019empadronament i sense barreres ling\u00fc\u00edstiques i\/o culturals.<\/b><\/p>\n<p>Aix\u00f2 requereix d\u2019una formaci\u00f3 adequada als treballadors sanitaris, per tal de desmuntar rumors i evitar les males praxis amb l\u2019excusa de la desconeixen\u00e7a dels drets en mat\u00e8ria de salut de les persones migrants. A banda, cal un refor\u00e7 en serveis de traducci\u00f3 i mediaci\u00f3 cultural als centres d\u2019atenci\u00f3 prim\u00e0ria.\u00a0<b><\/b><\/p>\n<p><b>4. Mecanismes de prevenci\u00f3, investigaci\u00f3, control i soluci\u00f3 de pr\u00e0ctiques racistes, xen\u00f2fobes i d\u2019ab\u00fas de poder per part dels cossos de seguretat auton\u00f2mics.\u00a0<\/b><\/p>\n<p><b><\/b>Cal que les CCAA utilitzin les seves compet\u00e8ncies per garantir que els seus cossos de seguretat no apliquin identificacions i detencions arbitr\u00e0ries, fomentades en prejudicis racistes i xen\u00f2fobs, aix\u00ed com d\u2019aspecte f\u00edsic. Per aix\u00f2, exigim formaci\u00f3 en mat\u00e8ria antiracista, antifeixista i feminista, i mecanismes de control, seguiment i, quan calgui, la inhabilitaci\u00f3 dels agents per aquestes pr\u00e0ctiques habituals.<\/p>\n<p>5.\u00a0<b>Els c\u00e0rrecs p\u00fablics, aix\u00ed com en el funcionariat, han de reflectir la diversitat de la poblaci\u00f3 real a la qual representen. Exigim formaci\u00f3 obligat\u00f2ria a tots aquests c\u00e0rrecs amb perspectiva de g\u00e8nere, antiracista i d\u2019identificaci\u00f3 sexo-afectiva.\u00a0<\/b><\/p>\n<p>S\u2019ha de promoure la incorporaci\u00f3 de nous perfils als c\u00e0rrecs p\u00fablics i al funcionariat, perqu\u00e8 sigui m\u00e9s proper a la realitat de la societat a la qual serveixen. Cal, tamb\u00e9, una formaci\u00f3 obligat\u00f2ria que promogui un funcionament de les entitats p\u00fabliques lliure de masclisme, racisme, capacitisme, homof\u00f2bia i transf\u00f2bia. Aquesta formaci\u00f3 ha de ser priorit\u00e0riament impartida per persones dels col\u00b7lectius que m\u00e9s sovint troben barreres a les institucions.<\/p>\n<p>6.\u00a0<b>Prendre mesures per fer realitat els compromisos adquirits per part de les institucions auton\u00f2miques pel tancament dels CIE, la fi de les identificacions il\u00b7legals per ra\u00f3 de perfil \u00e8tnic\u00a0<\/b><b>i de les deportacions for\u00e7oses.\u00a0<\/b><\/p>\n<p>Els parlaments de diferents CCAA que ja van votar i es van comprometre a exigir al govern estatal el tancament dels CIE, la fi de les identificacions il\u00b7legals per ra\u00f3 de perfil \u00e8tnic i les deportacions for\u00e7oses, han d\u2019explicar a la ciutadania qu\u00e8 han fet fins ara i quin \u00e9s el full de ruta per fer-ho efectiu. Per exemple, el Parlament de Catalunya es va comprometre el 23 de juliol de 2015 i les Corts Valencianes el 15 d\u2019octubre del mateix any. Malgrat tot, la situaci\u00f3 continua igual: als seus territoris es continua criminalitzant, perseguint, privant de llibertat i expulsant amb excuses administratives una part de les seves habitants.<\/p>\n<h3 style=\"text-align: center;\"><b>ELS 6 M\u00cdNIMS ESTATALS<\/b><\/h3>\n<p><img loading=\"lazy\" decoding=\"async\" class=\"alignnone wp-image-843651\" src=\"https:\/\/www.pressenza.com\/wp-content\/uploads\/2019\/04\/3-6-ESTATALS-DE-TANQUEM.jpg\" alt=\"\" width=\"971\" height=\"728\" srcset=\"https:\/\/www.pressenza.com\/wp-content\/uploads\/2019\/04\/3-6-ESTATALS-DE-TANQUEM.jpg 640w, https:\/\/www.pressenza.com\/wp-content\/uploads\/2019\/04\/3-6-ESTATALS-DE-TANQUEM-300x225.jpg 300w\" sizes=\"auto, (max-width: 971px) 100vw, 971px\" \/><\/p>\n<p class=\"tr_bq\"><em>L\u2019Estat ha de trencar amb la pol\u00edtica de la difer\u00e8ncia i la classificaci\u00f3 de persones. Ha de garantir un compliment radical de l\u2019article 14 de la Constituci\u00f3 Espanyola, aix\u00ed com de l\u2019article 26 del Conveni Internacional sobre Drets Humans i Pol\u00edtics de les Nacions Unides.\u00a0<\/em><\/p>\n<p>1.\u00a0\u00a0<b>Dret a vot per a totes les persones majors d\u2019edat i en situaci\u00f3 administrativa regular.\u00a0<\/b><br \/>\nLes migrants amb perm\u00eds de resid\u00e8ncia i els fills de migrants han de tenir dret a vot i el dret a presentar candidatures a les eleccions generals, auton\u00f2miques, municipals i europees. L\u2019Estat democr\u00e0tic ha de garantir que tota persona que hi viu i hi participa pugui escollir els seus representants pol\u00edtics.<\/p>\n<p>2.\u00a0<b>Acc\u00e9s lliure i sense restriccions a la sanitat p\u00fablica, inclosos els drets reproductius, per a totes les persones del territori independentment de la seva situaci\u00f3 administrativa.<\/b><\/p>\n<p>Aix\u00f2 requereix d\u2019una formaci\u00f3 adequada als treballadors sanitaris, per tal de desmuntar rumors i evitar les males praxis amb l\u2019excusa de la desconeixen\u00e7a dels drets en mat\u00e8ria de salut de les persones migrants. A banda, cal un refor\u00e7 en serveis de traducci\u00f3 i mediaci\u00f3 cultural als centres d\u2019atenci\u00f3 prim\u00e0ria.<\/p>\n<p>3.\u00a0<b>Ha de primar la situaci\u00f3 del menor davant la seva realitat de migrant.<\/b><\/p>\n<p>Exigim un canvi de paradigma en el sistema de (des)protecci\u00f3 de la inf\u00e0ncia, on ara mateix prima el fet de ser migrant sobre la condici\u00f3 de menor d\u2019edat. La veu dels nens i joves sota protecci\u00f3 institucional ha de ser central en el canvi de model de protecci\u00f3. Els fills o filles de fam\u00edlies pobres, siguin migrants o no, s\u00f3n sovint institucionalitzats inneces\u00e0riament, sense intervenci\u00f3 judicial, causant greus perjudicis emocionals, socials i econ\u00f2mics a fam\u00edlies ja de per si precaritzades.<\/p>\n<p>4.\u00a0<b>Prendre mesures per fer efectiva la fi de les identificacions per ra\u00f3 de perfil \u00e8tnic, les quals estan prohibides per la UE.<\/b><\/p>\n<p>Exigim formaci\u00f3 en mat\u00e8ria antiracista, antifeixista i feminista per a tots els treballadors dels diferents cossos de seguretat estatals i privats, aix\u00ed com mecanismes de control i d\u2019inhabilitaci\u00f3 per aquestes pr\u00e0ctiques, les quals s\u00f3n habituals.<\/p>\n<p>5.\u00a0<b>Simplificar el proc\u00e9s d\u2019obtenci\u00f3 de papers i de la seva renovaci\u00f3.<\/b><\/p>\n<p>Reclamem abolir l\u2019exig\u00e8ncia de tres anys de resid\u00e8ncia permanent a l\u2019estat per tal d\u2019accedir a un perm\u00eds de resid\u00e8ncia, abocant d\u2019aquesta manera a treballar en l\u2019economia submergida durant el transcurs d\u2019aquests anys. Els menors d\u2019edat que han estat educats a l\u2019Estat espanyol en complir la majoria d\u2019edat han d\u2019obtenir la nacionalitat de manera immediata, o en el seu defecte, els permisos de resid\u00e8ncia i laboral. Les dones que arriben per reagrupament familiar tamb\u00e9 han d\u2019obtenir el perm\u00eds de treball autom\u00e0ticament. En general, \u00e9s inadmissible que la renovaci\u00f3 dels papers depengui d\u2019un contracte laboral de jornada completa d\u2019un any de durada: l\u2019Estat promou i empeny la irregularitat sobrevinguda.<\/p>\n<p>6.\u00a0<b>Tancament dels CIE, fi de les deportacions for\u00e7ades i derogaci\u00f3 de la llei d\u2019estrangeria.\u00a0<\/b><\/p>\n<p>La llei d&#8217;estrangeria es va crear l\u2019any 1985 i es va comen\u00e7ar a parlar de la figura del \u201cmigrant il\u00b7legal\u201d. Aix\u00f2 va marcar l\u2019inici d\u2019un sistema de control i expulsi\u00f3. La burocr\u00e0cia marca el ritme i el moviment de les persones, i legitima la viol\u00e8ncia institucional i policial. Acabem amb aquests 35 anys d\u2019inf\u00e0mia. I, un cop assolit, exigim l\u2019inici d\u2019un proc\u00e9s de reparaci\u00f3 a totes les persones que n\u2019han patit les conseq\u00fc\u00e8ncies.<b><\/b><\/p>\n<h3 style=\"text-align: center;\"><b>ELS 6 M\u00cdNIMS EUROPEUS<\/b><\/h3>\n<p><img loading=\"lazy\" decoding=\"async\" class=\"alignnone wp-image-843660\" src=\"https:\/\/www.pressenza.com\/wp-content\/uploads\/2019\/04\/4-6-EUROPEUS-DE-TANQUEM.jpg\" alt=\"\" width=\"969\" height=\"727\" srcset=\"https:\/\/www.pressenza.com\/wp-content\/uploads\/2019\/04\/4-6-EUROPEUS-DE-TANQUEM.jpg 640w, https:\/\/www.pressenza.com\/wp-content\/uploads\/2019\/04\/4-6-EUROPEUS-DE-TANQUEM-300x225.jpg 300w\" sizes=\"auto, (max-width: 969px) 100vw, 969px\" \/><\/p>\n<div id=\"post-body-3242698200410841652\" class=\"post-body entry-content\">\n<p class=\"tr_bq\"><em>El parlament europeu t\u00e9 responsabilitat i per tant ha de tenir voluntat pol\u00edtica per trencar amb les pol\u00edtiques que promouen la Europa Fortalesa. Mai m\u00e9s morts a les fronteres en nom de la unitat europea, suposada garant dels drets humans.\u00a0<\/em><\/p>\n<p class=\"tr_bq\">1.\u00a0\u00a0<b>Prendre mesures efectives perqu\u00e8 les identificacions per ra\u00f3 de perfil \u00e8tnic no es duguin a terme en cap Estat membre.<\/b><\/p>\n<p>Els pa\u00efsos de la UE no estan acatant la legalitat vigent: es tracta d\u2019un problema transnacional, ja que abarca a tot el territori europeu. Calen mesures preventives i punitives als Estats que incompleixen els compromisos de m\u00ednims en tractats internacionals.<\/p>\n<p>2.\u00a0<b>Garantir la tramitaci\u00f3 de l\u2019acc\u00e9s a la Protecci\u00f3 Internacional des de les ambaixades en qualsevol pa\u00eds.<\/b><\/p>\n<p>Si una persona est\u00e0 en perill, Europa, com a suposada garant dels DD.HH, ha d\u2019assegurar l\u2019acc\u00e9s r\u00e0pid i des de qualsevol consolat de pa\u00eds europeu a qualsevol territori del m\u00f3n, a iniciar els tr\u00e0mits d\u2019asil pertinents amb els quals pugui viatjar de manera segura a la seva destinaci\u00f3. For\u00e7ar la gent a demanar l\u2019asil al lloc de dest\u00ed en comptes del lloc d\u2019origen o qualsevol tercer pa\u00eds de pas est\u00e0 suposant milers de morts a l\u2019any.<\/p>\n<p>3.\u00a0<b>Fi de la pol\u00edtica d\u2019externalitzaci\u00f3 de les fronteres.<\/b><\/p>\n<p>Els Estats europeus estan finan\u00e7ant estructures de control fronterer a pa\u00efsos com Marroc o L\u00edbia (entre altres) per aplicar unes mesures m\u00e9s dr\u00e0stiques no permeses a la UE, i aix\u00ed difuminar el seu paper decisori a la necropol\u00edtica com a control de fluxos migratoris.<\/p>\n<p>4.\u00a0<b>Fi de l\u2019Acord de Dubl\u00edn.<\/b><\/p>\n<p>Les migrants han de poder exercir el seu dret a accedir a la protecci\u00f3 internacional a qualsevol Estat de la Uni\u00f3 Europea, tants cops com sigui necessari.No pot ser que les migrants quedin vinculades eternament al primer pa\u00eds europeu pel qual van entrar al continent, impedint decidir sobre el propi dest\u00ed migratori.<\/p>\n<p>5.\u00a0<b>Eliminar el sistema de FRONTEX i assegurar els serveis de rescat mar\u00edtim.<\/b><\/p>\n<p>L&#8217;article 19 de la Carta de Drets Fonamentals de la UE i el protocol n\u00famero 4 del Conveni Europeu de Drets Humans prohibeixen les expulsions col\u00b7lectives d&#8217;estrangers. Tot i aix\u00f2, escudant-se en un tecnicisme burocr\u00e0tic, l\u2019ag\u00e8ncia europea de control fronterer FRONTEX practica constantment la deportaci\u00f3 massiva des d\u2019Europa per mar i aire. La UE dedica un pressupost anual de 1.700 milions d\u2019euros a aquesta ag\u00e8ncia per a controlar les fronteres. Aix\u00f2 vol dir que cada mort \u00e9s una decisi\u00f3 pol\u00edtica.<\/p>\n<p>6.\u00a0<b>Finalitzaci\u00f3 i reparaci\u00f3 de l\u2019espoli colonial.<\/b><\/p>\n<p>Europa ha d\u2019acabar amb les pr\u00e0ctiques d\u2019expropiaci\u00f3 colonial, pr\u00f2pies del liberalisme econ\u00f2mic que la sost\u00e9, i promoure una pol\u00edtica de reparaci\u00f3 a totes les v\u00edctimes d\u2019aquest, incloent la recuperaci\u00f3 dels recursos naturals explotats. A m\u00e9s, exigim la prohibici\u00f3 de la venta d\u2019armament i acabar aix\u00ed amb la fal\u00b7l\u00e0cia de l\u2019Europa de la Pau.<\/p>\n<\/div>\n","protected":false},"excerpt":{"rendered":"<p>Campanya pel Tancament dels CIE i la fi de les deportacions www.tanquemelscie.cat @TanquemElsCIE\u00a0\u00a0www.facebook.com\/ciesno Estem de nou en plena campanya, on els partits fan servir el #RacismeElectoral per guanyar vots. A Tanquem els CIE estem fartes de sentir les mateixes excuses&hellip;<\/p>\n","protected":false},"author":1122,"featured_media":843630,"comment_status":"closed","ping_status":"closed","sticky":false,"template":"","format":"standard","meta":{"footnotes":""},"categories":[35529,35512,35506,32516,54567],"tags":[57843,57842,57786],"class_list":["post-843604","post","type-post","status-publish","format-standard","has-post-thumbnail","hentry","category-comunicats-de-premsa","category-drets-humans-ca","category-europa-ca","category-internacional-ca","category-migrants-ca","tag-campanya-ca","tag-racismeelectoral","tag-tanquem-els-cie-ca"],"yoast_head":"<!-- This site is optimized with the Yoast SEO plugin v27.1.1 - https:\/\/yoast.com\/product\/yoast-seo-wordpress\/ -->\n<title>Els 6 punts m\u00ednims de Tanquem els CIE<\/title>\n<meta name=\"description\" content=\"Campanya pel Tancament dels CIE i la fi de les deportacions www.tanquemelscie.cat @TanquemElsCIE\u00a0\u00a0www.facebook.com\/ciesno Estem de nou en plena campanya,\" \/>\n<meta name=\"robots\" content=\"index, follow, max-snippet:-1, max-image-preview:large, max-video-preview:-1\" \/>\n<link rel=\"canonical\" href=\"https:\/\/www.pressenza.com\/ca\/2019\/04\/els-6-punts-minims-de-tanquem-els-cie\/\" \/>\n<meta property=\"og:locale\" content=\"ca_ES\" \/>\n<meta property=\"og:type\" content=\"article\" \/>\n<meta property=\"og:title\" content=\"Els 6 punts m\u00ednims de Tanquem els CIE\" \/>\n<meta property=\"og:description\" content=\"Campanya pel Tancament dels CIE i la fi de les deportacions www.tanquemelscie.cat @TanquemElsCIE\u00a0\u00a0www.facebook.com\/ciesno Estem de nou en plena campanya,\" \/>\n<meta property=\"og:url\" content=\"https:\/\/www.pressenza.com\/ca\/2019\/04\/els-6-punts-minims-de-tanquem-els-cie\/\" \/>\n<meta property=\"og:site_name\" content=\"Pressenza\" \/>\n<meta property=\"article:publisher\" content=\"https:\/\/www.facebook.com\/PressenzaItalia\" \/>\n<meta property=\"article:author\" content=\"https:\/\/www.facebook.com\/Pressenza-Espaa-647854795301395\/timeline\/\" \/>\n<meta property=\"article:published_time\" content=\"2019-04-19T18:44:51+00:00\" \/>\n<meta property=\"article:modified_time\" content=\"2019-04-19T19:03:38+00:00\" \/>\n<meta property=\"og:image\" content=\"https:\/\/www.pressenza.com\/wp-content\/uploads\/2019\/04\/inmigrantes-detenidos-barrio-tarajal-ceuta-tras-lograr-pasar-valla-fronteriza-1481283508119.jpg\" \/>\n\t<meta property=\"og:image:width\" content=\"1200\" \/>\n\t<meta property=\"og:image:height\" content=\"670\" \/>\n\t<meta property=\"og:image:type\" content=\"image\/jpeg\" \/>\n<meta name=\"author\" content=\"Redacci\u00f3n Barcelona\" \/>\n<meta name=\"twitter:card\" content=\"summary_large_image\" \/>\n<meta name=\"twitter:creator\" content=\"@pressenza\" \/>\n<meta name=\"twitter:site\" content=\"@PressenzaIPA\" \/>\n<meta name=\"twitter:label1\" content=\"Escrit per\" \/>\n\t<meta name=\"twitter:data1\" content=\"Redacci\u00f3n Barcelona\" \/>\n\t<meta name=\"twitter:label2\" content=\"Temps estimat de lectura\" \/>\n\t<meta name=\"twitter:data2\" content=\"13 minuts\" \/>\n<script type=\"application\/ld+json\" class=\"yoast-schema-graph\">{\"@context\":\"https:\/\/schema.org\",\"@graph\":[{\"@type\":\"Article\",\"@id\":\"https:\/\/www.pressenza.com\/ca\/2019\/04\/els-6-punts-minims-de-tanquem-els-cie\/#article\",\"isPartOf\":{\"@id\":\"https:\/\/www.pressenza.com\/ca\/2019\/04\/els-6-punts-minims-de-tanquem-els-cie\/\"},\"author\":{\"name\":\"Redacci\u00f3n Barcelona\",\"@id\":\"https:\/\/www.pressenza.com\/ca\/#\/schema\/person\/8abc53b92f3264e0dad4300d54ac73ff\"},\"headline\":\"Els 6 punts m\u00ednims de Tanquem els CIE\",\"datePublished\":\"2019-04-19T18:44:51+00:00\",\"dateModified\":\"2019-04-19T19:03:38+00:00\",\"mainEntityOfPage\":{\"@id\":\"https:\/\/www.pressenza.com\/ca\/2019\/04\/els-6-punts-minims-de-tanquem-els-cie\/\"},\"wordCount\":2638,\"publisher\":{\"@id\":\"https:\/\/www.pressenza.com\/ca\/#organization\"},\"image\":{\"@id\":\"https:\/\/www.pressenza.com\/ca\/2019\/04\/els-6-punts-minims-de-tanquem-els-cie\/#primaryimage\"},\"thumbnailUrl\":\"https:\/\/www.pressenza.com\/wp-content\/uploads\/2019\/04\/inmigrantes-detenidos-barrio-tarajal-ceuta-tras-lograr-pasar-valla-fronteriza-1481283508119.jpg\",\"keywords\":[\"campanya\",\"RacismeElectoral\",\"Tanquem els CIE\"],\"articleSection\":[\"Comunicats de premsa\",\"Drets Humans\",\"Europa\",\"Internacional\",\"Migrants\"],\"inLanguage\":\"ca\"},{\"@type\":\"WebPage\",\"@id\":\"https:\/\/www.pressenza.com\/ca\/2019\/04\/els-6-punts-minims-de-tanquem-els-cie\/\",\"url\":\"https:\/\/www.pressenza.com\/ca\/2019\/04\/els-6-punts-minims-de-tanquem-els-cie\/\",\"name\":\"Els 6 punts m\u00ednims de Tanquem els CIE\",\"isPartOf\":{\"@id\":\"https:\/\/www.pressenza.com\/ca\/#website\"},\"primaryImageOfPage\":{\"@id\":\"https:\/\/www.pressenza.com\/ca\/2019\/04\/els-6-punts-minims-de-tanquem-els-cie\/#primaryimage\"},\"image\":{\"@id\":\"https:\/\/www.pressenza.com\/ca\/2019\/04\/els-6-punts-minims-de-tanquem-els-cie\/#primaryimage\"},\"thumbnailUrl\":\"https:\/\/www.pressenza.com\/wp-content\/uploads\/2019\/04\/inmigrantes-detenidos-barrio-tarajal-ceuta-tras-lograr-pasar-valla-fronteriza-1481283508119.jpg\",\"datePublished\":\"2019-04-19T18:44:51+00:00\",\"dateModified\":\"2019-04-19T19:03:38+00:00\",\"description\":\"Campanya pel Tancament dels CIE i la fi de les deportacions www.tanquemelscie.cat @TanquemElsCIE\u00a0\u00a0www.facebook.com\/ciesno Estem de nou en plena campanya,\",\"breadcrumb\":{\"@id\":\"https:\/\/www.pressenza.com\/ca\/2019\/04\/els-6-punts-minims-de-tanquem-els-cie\/#breadcrumb\"},\"inLanguage\":\"ca\",\"potentialAction\":[{\"@type\":\"ReadAction\",\"target\":[\"https:\/\/www.pressenza.com\/ca\/2019\/04\/els-6-punts-minims-de-tanquem-els-cie\/\"]}]},{\"@type\":\"ImageObject\",\"inLanguage\":\"ca\",\"@id\":\"https:\/\/www.pressenza.com\/ca\/2019\/04\/els-6-punts-minims-de-tanquem-els-cie\/#primaryimage\",\"url\":\"https:\/\/www.pressenza.com\/wp-content\/uploads\/2019\/04\/inmigrantes-detenidos-barrio-tarajal-ceuta-tras-lograr-pasar-valla-fronteriza-1481283508119.jpg\",\"contentUrl\":\"https:\/\/www.pressenza.com\/wp-content\/uploads\/2019\/04\/inmigrantes-detenidos-barrio-tarajal-ceuta-tras-lograr-pasar-valla-fronteriza-1481283508119.jpg\",\"width\":1200,\"height\":670,\"caption\":\"Migrants sit on the ground in El Tarajal Ceuta close to the boarder with Morocco on December 9 2016 after being rounded up by police to be attended to by Red Cross personnel and taken to the Center for Temporary Stay of Immigrants CETI after nearly 400 migrants forced their way through a fence between Morocco and the tiny Spanish enclave of Ceuta slightly injuring two police officers authorities said AFP PHOTO Antonio SEMPERE\"},{\"@type\":\"BreadcrumbList\",\"@id\":\"https:\/\/www.pressenza.com\/ca\/2019\/04\/els-6-punts-minims-de-tanquem-els-cie\/#breadcrumb\",\"itemListElement\":[{\"@type\":\"ListItem\",\"position\":1,\"name\":\"Accueil\",\"item\":\"https:\/\/www.pressenza.com\/ca\/\"},{\"@type\":\"ListItem\",\"position\":2,\"name\":\"Els 6 punts m\u00ednims de Tanquem els CIE\"}]},{\"@type\":\"WebSite\",\"@id\":\"https:\/\/www.pressenza.com\/ca\/#website\",\"url\":\"https:\/\/www.pressenza.com\/ca\/\",\"name\":\"Pressenza\",\"description\":\"International Press Agency\",\"publisher\":{\"@id\":\"https:\/\/www.pressenza.com\/ca\/#organization\"},\"potentialAction\":[{\"@type\":\"SearchAction\",\"target\":{\"@type\":\"EntryPoint\",\"urlTemplate\":\"https:\/\/www.pressenza.com\/ca\/?s={search_term_string}\"},\"query-input\":{\"@type\":\"PropertyValueSpecification\",\"valueRequired\":true,\"valueName\":\"search_term_string\"}}],\"inLanguage\":\"ca\"},{\"@type\":\"Organization\",\"@id\":\"https:\/\/www.pressenza.com\/ca\/#organization\",\"name\":\"Pressenza\",\"url\":\"https:\/\/www.pressenza.com\/ca\/\",\"logo\":{\"@type\":\"ImageObject\",\"inLanguage\":\"ca\",\"@id\":\"https:\/\/www.pressenza.com\/ca\/#\/schema\/logo\/image\/\",\"url\":\"https:\/\/www.pressenza.com\/wp-content\/uploads\/2022\/10\/pressenza_logo_200x200.jpg\",\"contentUrl\":\"https:\/\/www.pressenza.com\/wp-content\/uploads\/2022\/10\/pressenza_logo_200x200.jpg\",\"width\":200,\"height\":200,\"caption\":\"Pressenza\"},\"image\":{\"@id\":\"https:\/\/www.pressenza.com\/ca\/#\/schema\/logo\/image\/\"},\"sameAs\":[\"https:\/\/www.facebook.com\/PressenzaItalia\",\"https:\/\/x.com\/PressenzaIPA\"]},{\"@type\":\"Person\",\"@id\":\"https:\/\/www.pressenza.com\/ca\/#\/schema\/person\/8abc53b92f3264e0dad4300d54ac73ff\",\"name\":\"Redacci\u00f3n Barcelona\",\"description\":\"News published by the Pressenza bureau in Barcelona, Spain\",\"sameAs\":[\"https:\/\/www.facebook.com\/Pressenza-Espaa-647854795301395\/timeline\/\",\"https:\/\/x.com\/pressenza\"],\"url\":\"https:\/\/www.pressenza.com\/ca\/author\/redaccion-barcelona\/\"}]}<\/script>\n<!-- \/ Yoast SEO plugin. -->","yoast_head_json":{"title":"Els 6 punts m\u00ednims de Tanquem els CIE","description":"Campanya pel Tancament dels CIE i la fi de les deportacions www.tanquemelscie.cat @TanquemElsCIE\u00a0\u00a0www.facebook.com\/ciesno Estem de nou en plena campanya,","robots":{"index":"index","follow":"follow","max-snippet":"max-snippet:-1","max-image-preview":"max-image-preview:large","max-video-preview":"max-video-preview:-1"},"canonical":"https:\/\/www.pressenza.com\/ca\/2019\/04\/els-6-punts-minims-de-tanquem-els-cie\/","og_locale":"ca_ES","og_type":"article","og_title":"Els 6 punts m\u00ednims de Tanquem els CIE","og_description":"Campanya pel Tancament dels CIE i la fi de les deportacions www.tanquemelscie.cat @TanquemElsCIE\u00a0\u00a0www.facebook.com\/ciesno Estem de nou en plena campanya,","og_url":"https:\/\/www.pressenza.com\/ca\/2019\/04\/els-6-punts-minims-de-tanquem-els-cie\/","og_site_name":"Pressenza","article_publisher":"https:\/\/www.facebook.com\/PressenzaItalia","article_author":"https:\/\/www.facebook.com\/Pressenza-Espaa-647854795301395\/timeline\/","article_published_time":"2019-04-19T18:44:51+00:00","article_modified_time":"2019-04-19T19:03:38+00:00","og_image":[{"width":1200,"height":670,"url":"https:\/\/www.pressenza.com\/wp-content\/uploads\/2019\/04\/inmigrantes-detenidos-barrio-tarajal-ceuta-tras-lograr-pasar-valla-fronteriza-1481283508119.jpg","type":"image\/jpeg"}],"author":"Redacci\u00f3n Barcelona","twitter_card":"summary_large_image","twitter_creator":"@pressenza","twitter_site":"@PressenzaIPA","twitter_misc":{"Escrit per":"Redacci\u00f3n Barcelona","Temps estimat de lectura":"13 minuts"},"schema":{"@context":"https:\/\/schema.org","@graph":[{"@type":"Article","@id":"https:\/\/www.pressenza.com\/ca\/2019\/04\/els-6-punts-minims-de-tanquem-els-cie\/#article","isPartOf":{"@id":"https:\/\/www.pressenza.com\/ca\/2019\/04\/els-6-punts-minims-de-tanquem-els-cie\/"},"author":{"name":"Redacci\u00f3n Barcelona","@id":"https:\/\/www.pressenza.com\/ca\/#\/schema\/person\/8abc53b92f3264e0dad4300d54ac73ff"},"headline":"Els 6 punts m\u00ednims de Tanquem els CIE","datePublished":"2019-04-19T18:44:51+00:00","dateModified":"2019-04-19T19:03:38+00:00","mainEntityOfPage":{"@id":"https:\/\/www.pressenza.com\/ca\/2019\/04\/els-6-punts-minims-de-tanquem-els-cie\/"},"wordCount":2638,"publisher":{"@id":"https:\/\/www.pressenza.com\/ca\/#organization"},"image":{"@id":"https:\/\/www.pressenza.com\/ca\/2019\/04\/els-6-punts-minims-de-tanquem-els-cie\/#primaryimage"},"thumbnailUrl":"https:\/\/www.pressenza.com\/wp-content\/uploads\/2019\/04\/inmigrantes-detenidos-barrio-tarajal-ceuta-tras-lograr-pasar-valla-fronteriza-1481283508119.jpg","keywords":["campanya","RacismeElectoral","Tanquem els CIE"],"articleSection":["Comunicats de premsa","Drets Humans","Europa","Internacional","Migrants"],"inLanguage":"ca"},{"@type":"WebPage","@id":"https:\/\/www.pressenza.com\/ca\/2019\/04\/els-6-punts-minims-de-tanquem-els-cie\/","url":"https:\/\/www.pressenza.com\/ca\/2019\/04\/els-6-punts-minims-de-tanquem-els-cie\/","name":"Els 6 punts m\u00ednims de Tanquem els CIE","isPartOf":{"@id":"https:\/\/www.pressenza.com\/ca\/#website"},"primaryImageOfPage":{"@id":"https:\/\/www.pressenza.com\/ca\/2019\/04\/els-6-punts-minims-de-tanquem-els-cie\/#primaryimage"},"image":{"@id":"https:\/\/www.pressenza.com\/ca\/2019\/04\/els-6-punts-minims-de-tanquem-els-cie\/#primaryimage"},"thumbnailUrl":"https:\/\/www.pressenza.com\/wp-content\/uploads\/2019\/04\/inmigrantes-detenidos-barrio-tarajal-ceuta-tras-lograr-pasar-valla-fronteriza-1481283508119.jpg","datePublished":"2019-04-19T18:44:51+00:00","dateModified":"2019-04-19T19:03:38+00:00","description":"Campanya pel Tancament dels CIE i la fi de les deportacions www.tanquemelscie.cat @TanquemElsCIE\u00a0\u00a0www.facebook.com\/ciesno Estem de nou en plena campanya,","breadcrumb":{"@id":"https:\/\/www.pressenza.com\/ca\/2019\/04\/els-6-punts-minims-de-tanquem-els-cie\/#breadcrumb"},"inLanguage":"ca","potentialAction":[{"@type":"ReadAction","target":["https:\/\/www.pressenza.com\/ca\/2019\/04\/els-6-punts-minims-de-tanquem-els-cie\/"]}]},{"@type":"ImageObject","inLanguage":"ca","@id":"https:\/\/www.pressenza.com\/ca\/2019\/04\/els-6-punts-minims-de-tanquem-els-cie\/#primaryimage","url":"https:\/\/www.pressenza.com\/wp-content\/uploads\/2019\/04\/inmigrantes-detenidos-barrio-tarajal-ceuta-tras-lograr-pasar-valla-fronteriza-1481283508119.jpg","contentUrl":"https:\/\/www.pressenza.com\/wp-content\/uploads\/2019\/04\/inmigrantes-detenidos-barrio-tarajal-ceuta-tras-lograr-pasar-valla-fronteriza-1481283508119.jpg","width":1200,"height":670,"caption":"Migrants sit on the ground in El Tarajal Ceuta close to the boarder with Morocco on December 9 2016 after being rounded up by police to be attended to by Red Cross personnel and taken to the Center for Temporary Stay of Immigrants CETI after nearly 400 migrants forced their way through a fence between Morocco and the tiny Spanish enclave of Ceuta slightly injuring two police officers authorities said AFP PHOTO Antonio SEMPERE"},{"@type":"BreadcrumbList","@id":"https:\/\/www.pressenza.com\/ca\/2019\/04\/els-6-punts-minims-de-tanquem-els-cie\/#breadcrumb","itemListElement":[{"@type":"ListItem","position":1,"name":"Accueil","item":"https:\/\/www.pressenza.com\/ca\/"},{"@type":"ListItem","position":2,"name":"Els 6 punts m\u00ednims de Tanquem els CIE"}]},{"@type":"WebSite","@id":"https:\/\/www.pressenza.com\/ca\/#website","url":"https:\/\/www.pressenza.com\/ca\/","name":"Pressenza","description":"International Press Agency","publisher":{"@id":"https:\/\/www.pressenza.com\/ca\/#organization"},"potentialAction":[{"@type":"SearchAction","target":{"@type":"EntryPoint","urlTemplate":"https:\/\/www.pressenza.com\/ca\/?s={search_term_string}"},"query-input":{"@type":"PropertyValueSpecification","valueRequired":true,"valueName":"search_term_string"}}],"inLanguage":"ca"},{"@type":"Organization","@id":"https:\/\/www.pressenza.com\/ca\/#organization","name":"Pressenza","url":"https:\/\/www.pressenza.com\/ca\/","logo":{"@type":"ImageObject","inLanguage":"ca","@id":"https:\/\/www.pressenza.com\/ca\/#\/schema\/logo\/image\/","url":"https:\/\/www.pressenza.com\/wp-content\/uploads\/2022\/10\/pressenza_logo_200x200.jpg","contentUrl":"https:\/\/www.pressenza.com\/wp-content\/uploads\/2022\/10\/pressenza_logo_200x200.jpg","width":200,"height":200,"caption":"Pressenza"},"image":{"@id":"https:\/\/www.pressenza.com\/ca\/#\/schema\/logo\/image\/"},"sameAs":["https:\/\/www.facebook.com\/PressenzaItalia","https:\/\/x.com\/PressenzaIPA"]},{"@type":"Person","@id":"https:\/\/www.pressenza.com\/ca\/#\/schema\/person\/8abc53b92f3264e0dad4300d54ac73ff","name":"Redacci\u00f3n Barcelona","description":"News published by the Pressenza bureau in Barcelona, Spain","sameAs":["https:\/\/www.facebook.com\/Pressenza-Espaa-647854795301395\/timeline\/","https:\/\/x.com\/pressenza"],"url":"https:\/\/www.pressenza.com\/ca\/author\/redaccion-barcelona\/"}]}},"place":"Catalunya","original_article_url":"","_links":{"self":[{"href":"https:\/\/www.pressenza.com\/ca\/wp-json\/wp\/v2\/posts\/843604","targetHints":{"allow":["GET"]}}],"collection":[{"href":"https:\/\/www.pressenza.com\/ca\/wp-json\/wp\/v2\/posts"}],"about":[{"href":"https:\/\/www.pressenza.com\/ca\/wp-json\/wp\/v2\/types\/post"}],"author":[{"embeddable":true,"href":"https:\/\/www.pressenza.com\/ca\/wp-json\/wp\/v2\/users\/1122"}],"replies":[{"embeddable":true,"href":"https:\/\/www.pressenza.com\/ca\/wp-json\/wp\/v2\/comments?post=843604"}],"version-history":[{"count":0,"href":"https:\/\/www.pressenza.com\/ca\/wp-json\/wp\/v2\/posts\/843604\/revisions"}],"wp:featuredmedia":[{"embeddable":true,"href":"https:\/\/www.pressenza.com\/ca\/wp-json\/wp\/v2\/media\/843630"}],"wp:attachment":[{"href":"https:\/\/www.pressenza.com\/ca\/wp-json\/wp\/v2\/media?parent=843604"}],"wp:term":[{"taxonomy":"category","embeddable":true,"href":"https:\/\/www.pressenza.com\/ca\/wp-json\/wp\/v2\/categories?post=843604"},{"taxonomy":"post_tag","embeddable":true,"href":"https:\/\/www.pressenza.com\/ca\/wp-json\/wp\/v2\/tags?post=843604"}],"curies":[{"name":"wp","href":"https:\/\/api.w.org\/{rel}","templated":true}]}}