{"id":835599,"date":"2019-04-04T14:46:32","date_gmt":"2019-04-04T13:46:32","guid":{"rendered":"https:\/\/www.pressenza.com\/?p=835599"},"modified":"2019-04-04T14:46:32","modified_gmt":"2019-04-04T13:46:32","slug":"presentacio-de-la-jornada-realitat-climatica-emergencia-social","status":"publish","type":"post","link":"https:\/\/www.pressenza.com\/ca\/2019\/04\/presentacio-de-la-jornada-realitat-climatica-emergencia-social\/","title":{"rendered":"Presentaci\u00f3 de la Jornada Realitat clim\u00e0tica = emerg\u00e8ncia social"},"content":{"rendered":"<blockquote><p>Cient\u00edfics i investigadors explicaran la realitat clim\u00e0tica actual per fer part\u00edcip la ciutadania<\/p><\/blockquote>\n<p>Josep Cabayol, president de Solidaritat i Comunicaci\u00f3 (SICOM), Robert Sav\u00e9, investigador de l&#8217;Institut de tecnologies Agroaliment\u00e0ries (IRTA) i professor de la UAB i Gabriel Borr\u00e0s, bi\u00f2leg, han presentat avui des del Col\u00b7legi de Periodistes la Jornada &#8220;Realitat clim\u00e0tica = emerg\u00e8ncia clim\u00e0tica&#8221; que tindr\u00e0 lloc dissabte dia 6 a l&#8217;espai ve\u00efnal de Cal\u00e0bria 66, obert al p\u00fablic i que es podr\u00e0 seguir en streaming.<\/p>\n<p>Una cinquantena de cient\u00edfics i investigadors de diversos \u00e0mbits oferiran informaci\u00f3, dades claus i propostes de futur perqu\u00e8 la ciutadania prengui consci\u00e8ncia de la gravetat de la situaci\u00f3 que estem vivint i &#8220;pugui decidir si \u00e9s necessari pressionar els pol\u00edtics perqu\u00e8 es produeixin els canvis imprescindibles per tenir futur i vida&#8221;, apuntava Cabayol.<\/p>\n<p>El canvi clim\u00e0tic, l&#8217;escalfament global o la crisi mediambiental, afegia el president de SICOM, s\u00f3n temes d&#8217;una gran complexitat que afecten la temperatura, les pluges, l&#8217;aigua, l&#8217;energia, abandonament dels combustibles f\u00f2ssils, la sobirania aliment\u00e0ria, les migracions, l&#8217;educaci\u00f3, entre molts d&#8217;altres, i aquests seran els temes que ocuparan la jornada.<\/p>\n<p>Minuts despr\u00e9s va llegir la carta que van adre\u00e7ar als futurs ponents en la qual constitueix una exposici\u00f3 clara dels motius de la jornada en la qual &#8220;cient\u00edfics i investigadors relacionats amb el clima, amb les causes i les conseq\u00fc\u00e8ncies del canvi clim\u00e0tic puguem adre\u00e7ar-nos a la ciutadania per explicar quina \u00e9s la situaci\u00f3 real, quin el grau d&#8217;amena\u00e7a, com \u00e9s d&#8217;intensa la necessitat d&#8217;actuar de manera immediata per garantir una societat sostenible i resilient.&#8221; Els organitzadors van demanar la participaci\u00f3 a t\u00edtol individual per garantir la total llibertat dels ponents i evitar els condicionaments de les institucions per a les quals treballen.<\/p>\n<p>Les intervencions, d&#8217;uns deu minuts per ponent, s&#8217;aniran succeint des de les 9 del mat\u00ed a les 9 de la nit, per exposar la situaci\u00f3 del seu \u00e0mbit de coneixement amb un llenguatge entenedor. Segons aclaria Cabayol, hi ha una clara voluntat en el fet d&#8217;aplegar cient\u00edfics i investigadors en un mateix espai de mostrar que la complexitat del canvi clim\u00e0tic \u00e9s tal que necessitem treballar plegats per donar resposta, tant des de la comunitat cient\u00edfica com de la societat civil i els moviments socials. Un bon exemple d&#8217;aix\u00f2 \u00e9s la taula rodona que se celebrar\u00e0 a les 16\u202fh que aplegar\u00e0 diverses marees amb els joves de Friday4Future i alguns representants d&#8217;Extinction Rebellion, ambd\u00f3s activistes contra el canvi clim\u00e0tic.<\/p>\n<p><strong>La situaci\u00f3 Catalana<\/strong><\/p>\n<p>Catalunya compta amb una Llei sobre Canvi Clim\u00e0tic i ha estat tamb\u00e9 pionera en posar en marxa l&#8217;Oficina Catalana del Canvi Clim\u00e0tic, es realitzen informes, que segons Robert Sav\u00e9, el que desprenen \u00e9s que no hem avan\u00e7at. Borr\u00e0s afegia, &#8220;Si hem decidit fer la jornada \u00e9s perqu\u00e8 la realitat del planeta va en direcci\u00f3 contr\u00e0ria dels compromisos que es van adquirir a Par\u00eds el 2015.&#8221; Les emissions de gasos d&#8217;efecte hivernacle fa dos anys que van en augment. A Catalunya hi ha hagut un increment del 2,6%, segons l&#8217;inventari de l&#8217;Oficina de Canvi Clim\u00e0tic el 2016. La soluci\u00f3, apunta Borr\u00e0s, passa sobretot i especialment per reduir la crema de combustibles f\u00f2ssils (carb\u00f3, petroli, gas natural, per exemple), tota la resta de mesures poden ajudar per\u00f2 no seran definitives.<\/p>\n<p><a href=\"https:\/\/youtu.be\/3Su47X-BIhM\">Confer\u00e8ncia de les jornades<\/a><\/p>\n<p>&nbsp;<\/p>\n","protected":false},"excerpt":{"rendered":"<p>Cient\u00edfics i investigadors explicaran la realitat clim\u00e0tica actual per fer part\u00edcip la ciutadania Josep Cabayol, president de Solidaritat i Comunicaci\u00f3 (SICOM), Robert Sav\u00e9, investigador de l&#8217;Institut de tecnologies Agroaliment\u00e0ries (IRTA) i professor de la UAB i Gabriel Borr\u00e0s, bi\u00f2leg, han&hellip;<\/p>\n","protected":false},"author":1122,"featured_media":835604,"comment_status":"closed","ping_status":"closed","sticky":false,"template":"","format":"standard","meta":{"footnotes":""},"categories":[35531,35522,35540],"tags":[42121,57229,54961,57230,57228,57227],"class_list":["post-835599","post","type-post","status-publish","format-standard","has-post-thumbnail","hentry","category-contingut-original-ca","category-ecologia-i-medi-ambient-ca","category-video-ca","tag-canvi-climatic","tag-clima-ca","tag-ecologia-ca","tag-internacional-ca","tag-mediambient","tag-relitat-climatica-emergencia-social"],"yoast_head":"<!-- This site is optimized with the Yoast SEO plugin v27.1.1 - https:\/\/yoast.com\/product\/yoast-seo-wordpress\/ -->\n<title>Presentaci\u00f3 de la Jornada Realitat clim\u00e0tica = emerg\u00e8ncia social<\/title>\n<meta name=\"description\" content=\"Cient\u00edfics i investigadors explicaran la realitat clim\u00e0tica actual per fer part\u00edcip la ciutadania Josep Cabayol, president de Solidaritat i Comunicaci\u00f3\" \/>\n<meta name=\"robots\" content=\"index, follow, max-snippet:-1, max-image-preview:large, max-video-preview:-1\" \/>\n<link rel=\"canonical\" href=\"https:\/\/www.pressenza.com\/ca\/2019\/04\/presentacio-de-la-jornada-realitat-climatica-emergencia-social\/\" \/>\n<meta property=\"og:locale\" content=\"ca_ES\" \/>\n<meta property=\"og:type\" content=\"article\" \/>\n<meta property=\"og:title\" content=\"Presentaci\u00f3 de la Jornada Realitat clim\u00e0tica = emerg\u00e8ncia social\" \/>\n<meta property=\"og:description\" content=\"Cient\u00edfics i investigadors explicaran la realitat clim\u00e0tica actual per fer part\u00edcip la ciutadania Josep Cabayol, president de Solidaritat i Comunicaci\u00f3\" \/>\n<meta property=\"og:url\" content=\"https:\/\/www.pressenza.com\/ca\/2019\/04\/presentacio-de-la-jornada-realitat-climatica-emergencia-social\/\" \/>\n<meta property=\"og:site_name\" content=\"Pressenza\" \/>\n<meta property=\"article:publisher\" content=\"https:\/\/www.facebook.com\/PressenzaItalia\" \/>\n<meta property=\"article:author\" content=\"https:\/\/www.facebook.com\/Pressenza-Espaa-647854795301395\/timeline\/\" \/>\n<meta property=\"article:published_time\" content=\"2019-04-04T13:46:32+00:00\" \/>\n<meta property=\"og:image\" content=\"https:\/\/www.pressenza.com\/wp-content\/uploads\/2019\/04\/DSC_0011.jpg\" \/>\n\t<meta property=\"og:image:width\" content=\"2048\" \/>\n\t<meta property=\"og:image:height\" content=\"1362\" \/>\n\t<meta property=\"og:image:type\" content=\"image\/jpeg\" \/>\n<meta name=\"author\" content=\"Redacci\u00f3n Barcelona\" \/>\n<meta name=\"twitter:card\" content=\"summary_large_image\" \/>\n<meta name=\"twitter:creator\" content=\"@pressenza\" \/>\n<meta name=\"twitter:site\" content=\"@PressenzaIPA\" \/>\n<meta name=\"twitter:label1\" content=\"Escrit per\" \/>\n\t<meta name=\"twitter:data1\" content=\"Redacci\u00f3n Barcelona\" \/>\n\t<meta name=\"twitter:label2\" content=\"Temps estimat de lectura\" \/>\n\t<meta name=\"twitter:data2\" content=\"3 minuts\" \/>\n<script type=\"application\/ld+json\" class=\"yoast-schema-graph\">{\"@context\":\"https:\/\/schema.org\",\"@graph\":[{\"@type\":\"Article\",\"@id\":\"https:\/\/www.pressenza.com\/ca\/2019\/04\/presentacio-de-la-jornada-realitat-climatica-emergencia-social\/#article\",\"isPartOf\":{\"@id\":\"https:\/\/www.pressenza.com\/ca\/2019\/04\/presentacio-de-la-jornada-realitat-climatica-emergencia-social\/\"},\"author\":{\"name\":\"Redacci\u00f3n Barcelona\",\"@id\":\"https:\/\/www.pressenza.com\/ca\/#\/schema\/person\/8abc53b92f3264e0dad4300d54ac73ff\"},\"headline\":\"Presentaci\u00f3 de la Jornada Realitat clim\u00e0tica = emerg\u00e8ncia social\",\"datePublished\":\"2019-04-04T13:46:32+00:00\",\"mainEntityOfPage\":{\"@id\":\"https:\/\/www.pressenza.com\/ca\/2019\/04\/presentacio-de-la-jornada-realitat-climatica-emergencia-social\/\"},\"wordCount\":602,\"publisher\":{\"@id\":\"https:\/\/www.pressenza.com\/ca\/#organization\"},\"image\":{\"@id\":\"https:\/\/www.pressenza.com\/ca\/2019\/04\/presentacio-de-la-jornada-realitat-climatica-emergencia-social\/#primaryimage\"},\"thumbnailUrl\":\"https:\/\/www.pressenza.com\/wp-content\/uploads\/2019\/04\/DSC_0011.jpg\",\"keywords\":[\"#canvi climatic\",\"clima\",\"ecologia\",\"internacional\",\"Mediambient\",\"relitat climatica = emergencia social\"],\"articleSection\":[\"Contingut original\",\"Ecologia i Medi ambient\",\"Video\"],\"inLanguage\":\"ca\"},{\"@type\":\"WebPage\",\"@id\":\"https:\/\/www.pressenza.com\/ca\/2019\/04\/presentacio-de-la-jornada-realitat-climatica-emergencia-social\/\",\"url\":\"https:\/\/www.pressenza.com\/ca\/2019\/04\/presentacio-de-la-jornada-realitat-climatica-emergencia-social\/\",\"name\":\"Presentaci\u00f3 de la Jornada Realitat clim\u00e0tica = emerg\u00e8ncia social\",\"isPartOf\":{\"@id\":\"https:\/\/www.pressenza.com\/ca\/#website\"},\"primaryImageOfPage\":{\"@id\":\"https:\/\/www.pressenza.com\/ca\/2019\/04\/presentacio-de-la-jornada-realitat-climatica-emergencia-social\/#primaryimage\"},\"image\":{\"@id\":\"https:\/\/www.pressenza.com\/ca\/2019\/04\/presentacio-de-la-jornada-realitat-climatica-emergencia-social\/#primaryimage\"},\"thumbnailUrl\":\"https:\/\/www.pressenza.com\/wp-content\/uploads\/2019\/04\/DSC_0011.jpg\",\"datePublished\":\"2019-04-04T13:46:32+00:00\",\"description\":\"Cient\u00edfics i investigadors explicaran la realitat clim\u00e0tica actual per fer part\u00edcip la ciutadania Josep Cabayol, president de Solidaritat i Comunicaci\u00f3\",\"breadcrumb\":{\"@id\":\"https:\/\/www.pressenza.com\/ca\/2019\/04\/presentacio-de-la-jornada-realitat-climatica-emergencia-social\/#breadcrumb\"},\"inLanguage\":\"ca\",\"potentialAction\":[{\"@type\":\"ReadAction\",\"target\":[\"https:\/\/www.pressenza.com\/ca\/2019\/04\/presentacio-de-la-jornada-realitat-climatica-emergencia-social\/\"]}]},{\"@type\":\"ImageObject\",\"inLanguage\":\"ca\",\"@id\":\"https:\/\/www.pressenza.com\/ca\/2019\/04\/presentacio-de-la-jornada-realitat-climatica-emergencia-social\/#primaryimage\",\"url\":\"https:\/\/www.pressenza.com\/wp-content\/uploads\/2019\/04\/DSC_0011.jpg\",\"contentUrl\":\"https:\/\/www.pressenza.com\/wp-content\/uploads\/2019\/04\/DSC_0011.jpg\",\"width\":2048,\"height\":1362},{\"@type\":\"BreadcrumbList\",\"@id\":\"https:\/\/www.pressenza.com\/ca\/2019\/04\/presentacio-de-la-jornada-realitat-climatica-emergencia-social\/#breadcrumb\",\"itemListElement\":[{\"@type\":\"ListItem\",\"position\":1,\"name\":\"Accueil\",\"item\":\"https:\/\/www.pressenza.com\/ca\/\"},{\"@type\":\"ListItem\",\"position\":2,\"name\":\"Presentaci\u00f3 de la Jornada Realitat clim\u00e0tica = emerg\u00e8ncia social\"}]},{\"@type\":\"WebSite\",\"@id\":\"https:\/\/www.pressenza.com\/ca\/#website\",\"url\":\"https:\/\/www.pressenza.com\/ca\/\",\"name\":\"Pressenza\",\"description\":\"International Press Agency\",\"publisher\":{\"@id\":\"https:\/\/www.pressenza.com\/ca\/#organization\"},\"potentialAction\":[{\"@type\":\"SearchAction\",\"target\":{\"@type\":\"EntryPoint\",\"urlTemplate\":\"https:\/\/www.pressenza.com\/ca\/?s={search_term_string}\"},\"query-input\":{\"@type\":\"PropertyValueSpecification\",\"valueRequired\":true,\"valueName\":\"search_term_string\"}}],\"inLanguage\":\"ca\"},{\"@type\":\"Organization\",\"@id\":\"https:\/\/www.pressenza.com\/ca\/#organization\",\"name\":\"Pressenza\",\"url\":\"https:\/\/www.pressenza.com\/ca\/\",\"logo\":{\"@type\":\"ImageObject\",\"inLanguage\":\"ca\",\"@id\":\"https:\/\/www.pressenza.com\/ca\/#\/schema\/logo\/image\/\",\"url\":\"https:\/\/www.pressenza.com\/wp-content\/uploads\/2022\/10\/pressenza_logo_200x200.jpg\",\"contentUrl\":\"https:\/\/www.pressenza.com\/wp-content\/uploads\/2022\/10\/pressenza_logo_200x200.jpg\",\"width\":200,\"height\":200,\"caption\":\"Pressenza\"},\"image\":{\"@id\":\"https:\/\/www.pressenza.com\/ca\/#\/schema\/logo\/image\/\"},\"sameAs\":[\"https:\/\/www.facebook.com\/PressenzaItalia\",\"https:\/\/x.com\/PressenzaIPA\"]},{\"@type\":\"Person\",\"@id\":\"https:\/\/www.pressenza.com\/ca\/#\/schema\/person\/8abc53b92f3264e0dad4300d54ac73ff\",\"name\":\"Redacci\u00f3n Barcelona\",\"description\":\"News published by the Pressenza bureau in Barcelona, Spain\",\"sameAs\":[\"https:\/\/www.facebook.com\/Pressenza-Espaa-647854795301395\/timeline\/\",\"https:\/\/x.com\/pressenza\"],\"url\":\"https:\/\/www.pressenza.com\/ca\/author\/redaccion-barcelona\/\"}]}<\/script>\n<!-- \/ Yoast SEO plugin. -->","yoast_head_json":{"title":"Presentaci\u00f3 de la Jornada Realitat clim\u00e0tica = emerg\u00e8ncia social","description":"Cient\u00edfics i investigadors explicaran la realitat clim\u00e0tica actual per fer part\u00edcip la ciutadania Josep Cabayol, president de Solidaritat i Comunicaci\u00f3","robots":{"index":"index","follow":"follow","max-snippet":"max-snippet:-1","max-image-preview":"max-image-preview:large","max-video-preview":"max-video-preview:-1"},"canonical":"https:\/\/www.pressenza.com\/ca\/2019\/04\/presentacio-de-la-jornada-realitat-climatica-emergencia-social\/","og_locale":"ca_ES","og_type":"article","og_title":"Presentaci\u00f3 de la Jornada Realitat clim\u00e0tica = emerg\u00e8ncia social","og_description":"Cient\u00edfics i investigadors explicaran la realitat clim\u00e0tica actual per fer part\u00edcip la ciutadania Josep Cabayol, president de Solidaritat i Comunicaci\u00f3","og_url":"https:\/\/www.pressenza.com\/ca\/2019\/04\/presentacio-de-la-jornada-realitat-climatica-emergencia-social\/","og_site_name":"Pressenza","article_publisher":"https:\/\/www.facebook.com\/PressenzaItalia","article_author":"https:\/\/www.facebook.com\/Pressenza-Espaa-647854795301395\/timeline\/","article_published_time":"2019-04-04T13:46:32+00:00","og_image":[{"width":2048,"height":1362,"url":"https:\/\/www.pressenza.com\/wp-content\/uploads\/2019\/04\/DSC_0011.jpg","type":"image\/jpeg"}],"author":"Redacci\u00f3n Barcelona","twitter_card":"summary_large_image","twitter_creator":"@pressenza","twitter_site":"@PressenzaIPA","twitter_misc":{"Escrit per":"Redacci\u00f3n Barcelona","Temps estimat de lectura":"3 minuts"},"schema":{"@context":"https:\/\/schema.org","@graph":[{"@type":"Article","@id":"https:\/\/www.pressenza.com\/ca\/2019\/04\/presentacio-de-la-jornada-realitat-climatica-emergencia-social\/#article","isPartOf":{"@id":"https:\/\/www.pressenza.com\/ca\/2019\/04\/presentacio-de-la-jornada-realitat-climatica-emergencia-social\/"},"author":{"name":"Redacci\u00f3n Barcelona","@id":"https:\/\/www.pressenza.com\/ca\/#\/schema\/person\/8abc53b92f3264e0dad4300d54ac73ff"},"headline":"Presentaci\u00f3 de la Jornada Realitat clim\u00e0tica = emerg\u00e8ncia social","datePublished":"2019-04-04T13:46:32+00:00","mainEntityOfPage":{"@id":"https:\/\/www.pressenza.com\/ca\/2019\/04\/presentacio-de-la-jornada-realitat-climatica-emergencia-social\/"},"wordCount":602,"publisher":{"@id":"https:\/\/www.pressenza.com\/ca\/#organization"},"image":{"@id":"https:\/\/www.pressenza.com\/ca\/2019\/04\/presentacio-de-la-jornada-realitat-climatica-emergencia-social\/#primaryimage"},"thumbnailUrl":"https:\/\/www.pressenza.com\/wp-content\/uploads\/2019\/04\/DSC_0011.jpg","keywords":["#canvi climatic","clima","ecologia","internacional","Mediambient","relitat climatica = emergencia social"],"articleSection":["Contingut original","Ecologia i Medi ambient","Video"],"inLanguage":"ca"},{"@type":"WebPage","@id":"https:\/\/www.pressenza.com\/ca\/2019\/04\/presentacio-de-la-jornada-realitat-climatica-emergencia-social\/","url":"https:\/\/www.pressenza.com\/ca\/2019\/04\/presentacio-de-la-jornada-realitat-climatica-emergencia-social\/","name":"Presentaci\u00f3 de la Jornada Realitat clim\u00e0tica = emerg\u00e8ncia social","isPartOf":{"@id":"https:\/\/www.pressenza.com\/ca\/#website"},"primaryImageOfPage":{"@id":"https:\/\/www.pressenza.com\/ca\/2019\/04\/presentacio-de-la-jornada-realitat-climatica-emergencia-social\/#primaryimage"},"image":{"@id":"https:\/\/www.pressenza.com\/ca\/2019\/04\/presentacio-de-la-jornada-realitat-climatica-emergencia-social\/#primaryimage"},"thumbnailUrl":"https:\/\/www.pressenza.com\/wp-content\/uploads\/2019\/04\/DSC_0011.jpg","datePublished":"2019-04-04T13:46:32+00:00","description":"Cient\u00edfics i investigadors explicaran la realitat clim\u00e0tica actual per fer part\u00edcip la ciutadania Josep Cabayol, president de Solidaritat i Comunicaci\u00f3","breadcrumb":{"@id":"https:\/\/www.pressenza.com\/ca\/2019\/04\/presentacio-de-la-jornada-realitat-climatica-emergencia-social\/#breadcrumb"},"inLanguage":"ca","potentialAction":[{"@type":"ReadAction","target":["https:\/\/www.pressenza.com\/ca\/2019\/04\/presentacio-de-la-jornada-realitat-climatica-emergencia-social\/"]}]},{"@type":"ImageObject","inLanguage":"ca","@id":"https:\/\/www.pressenza.com\/ca\/2019\/04\/presentacio-de-la-jornada-realitat-climatica-emergencia-social\/#primaryimage","url":"https:\/\/www.pressenza.com\/wp-content\/uploads\/2019\/04\/DSC_0011.jpg","contentUrl":"https:\/\/www.pressenza.com\/wp-content\/uploads\/2019\/04\/DSC_0011.jpg","width":2048,"height":1362},{"@type":"BreadcrumbList","@id":"https:\/\/www.pressenza.com\/ca\/2019\/04\/presentacio-de-la-jornada-realitat-climatica-emergencia-social\/#breadcrumb","itemListElement":[{"@type":"ListItem","position":1,"name":"Accueil","item":"https:\/\/www.pressenza.com\/ca\/"},{"@type":"ListItem","position":2,"name":"Presentaci\u00f3 de la Jornada Realitat clim\u00e0tica = emerg\u00e8ncia social"}]},{"@type":"WebSite","@id":"https:\/\/www.pressenza.com\/ca\/#website","url":"https:\/\/www.pressenza.com\/ca\/","name":"Pressenza","description":"International Press Agency","publisher":{"@id":"https:\/\/www.pressenza.com\/ca\/#organization"},"potentialAction":[{"@type":"SearchAction","target":{"@type":"EntryPoint","urlTemplate":"https:\/\/www.pressenza.com\/ca\/?s={search_term_string}"},"query-input":{"@type":"PropertyValueSpecification","valueRequired":true,"valueName":"search_term_string"}}],"inLanguage":"ca"},{"@type":"Organization","@id":"https:\/\/www.pressenza.com\/ca\/#organization","name":"Pressenza","url":"https:\/\/www.pressenza.com\/ca\/","logo":{"@type":"ImageObject","inLanguage":"ca","@id":"https:\/\/www.pressenza.com\/ca\/#\/schema\/logo\/image\/","url":"https:\/\/www.pressenza.com\/wp-content\/uploads\/2022\/10\/pressenza_logo_200x200.jpg","contentUrl":"https:\/\/www.pressenza.com\/wp-content\/uploads\/2022\/10\/pressenza_logo_200x200.jpg","width":200,"height":200,"caption":"Pressenza"},"image":{"@id":"https:\/\/www.pressenza.com\/ca\/#\/schema\/logo\/image\/"},"sameAs":["https:\/\/www.facebook.com\/PressenzaItalia","https:\/\/x.com\/PressenzaIPA"]},{"@type":"Person","@id":"https:\/\/www.pressenza.com\/ca\/#\/schema\/person\/8abc53b92f3264e0dad4300d54ac73ff","name":"Redacci\u00f3n Barcelona","description":"News published by the Pressenza bureau in Barcelona, Spain","sameAs":["https:\/\/www.facebook.com\/Pressenza-Espaa-647854795301395\/timeline\/","https:\/\/x.com\/pressenza"],"url":"https:\/\/www.pressenza.com\/ca\/author\/redaccion-barcelona\/"}]}},"place":"Eva Mar\u00edn","original_article_url":"","_links":{"self":[{"href":"https:\/\/www.pressenza.com\/ca\/wp-json\/wp\/v2\/posts\/835599","targetHints":{"allow":["GET"]}}],"collection":[{"href":"https:\/\/www.pressenza.com\/ca\/wp-json\/wp\/v2\/posts"}],"about":[{"href":"https:\/\/www.pressenza.com\/ca\/wp-json\/wp\/v2\/types\/post"}],"author":[{"embeddable":true,"href":"https:\/\/www.pressenza.com\/ca\/wp-json\/wp\/v2\/users\/1122"}],"replies":[{"embeddable":true,"href":"https:\/\/www.pressenza.com\/ca\/wp-json\/wp\/v2\/comments?post=835599"}],"version-history":[{"count":0,"href":"https:\/\/www.pressenza.com\/ca\/wp-json\/wp\/v2\/posts\/835599\/revisions"}],"wp:featuredmedia":[{"embeddable":true,"href":"https:\/\/www.pressenza.com\/ca\/wp-json\/wp\/v2\/media\/835604"}],"wp:attachment":[{"href":"https:\/\/www.pressenza.com\/ca\/wp-json\/wp\/v2\/media?parent=835599"}],"wp:term":[{"taxonomy":"category","embeddable":true,"href":"https:\/\/www.pressenza.com\/ca\/wp-json\/wp\/v2\/categories?post=835599"},{"taxonomy":"post_tag","embeddable":true,"href":"https:\/\/www.pressenza.com\/ca\/wp-json\/wp\/v2\/tags?post=835599"}],"curies":[{"name":"wp","href":"https:\/\/api.w.org\/{rel}","templated":true}]}}