{"id":825813,"date":"2019-03-18T09:49:29","date_gmt":"2019-03-18T09:49:29","guid":{"rendered":"https:\/\/www.pressenza.com\/?p=825813"},"modified":"2019-03-18T09:49:29","modified_gmt":"2019-03-18T09:49:29","slug":"per-la-nostra-salut-surt-al-carrer-el-7-dabril","status":"publish","type":"post","link":"https:\/\/www.pressenza.com\/ca\/2019\/03\/per-la-nostra-salut-surt-al-carrer-el-7-dabril\/","title":{"rendered":"\u201cPer la nostra salut\u201d: Surt al carrer el 7 d\u2019abril"},"content":{"rendered":"<p>Fa uns mesos representants de sindicats i moviments socials de tota Europa es van reunir a Barcelona per a impulsar conjuntament, i dins el marc europeu, la Jornada del 7 d\u2019abril com a jornada d\u2019acci\u00f3 europea contra la mercantilitzaci\u00f3 i la privatitzaci\u00f3 de la Salut i a favor de la Protecci\u00f3 Social. <strong>\u201cPer la Nostra Salut\u201d<\/strong>.<\/p>\n<p>Cada pa\u00eds t\u00e9 les seves lluites i din\u00e0miques. A Anglaterra, el \u201cNational Health Service\u201d (el servei p\u00fablic de salut brit\u00e0nic i model\u00a0 per a gran part de pa\u00efsos) es defensa i fa front a les grans corporacions que volen fer negoci a costa de les privatitzacions. A Fran\u00e7a, avui en dia, el tancament de centres hospitalaris genera els anomenats <em>deserts m\u00e8dics<\/em> a l\u2019interior de Fran\u00e7a, espais sense assist\u00e8ncia hospital\u00e0ria i amb falta de metges locals, un greuge m\u00e9s dels que es fan ress\u00f2 els activistes dels \u201cgilets jaunes\u201d. A It\u00e0lia la necessitat d\u2019un veritable sistema d&#8217;assist\u00e8ncia sanit\u00e0ria p\u00fablic ha fet que antics hospitals hagin estat reocupats\u00a0 amb serveis hospitalaris voluntaris. No podem oblidar Catalunya, on tenim, a m\u00e9s a m\u00e9s, el projecte de llei de \u201ccontractes d\u2019atenci\u00f3 a les persones\u201d, una eina de <em>destrucci\u00f3 massiva<\/em> del nostre servei p\u00fablic si cauen mans d\u2019un Conseller com Boi Ruiz. La situaci\u00f3 prec\u00e0ria dels treballadors, tant de l\u2019atenci\u00f3 prim\u00e0ria com de l\u2019hospital\u00e0ria, no ha estat corregida malgrat les vagues dels darrers mesos. I no oblidem la falta de desenvolupament reglamentari de la llei d\u2019assist\u00e8ncia sanit\u00e0ria universal del parlament de Catalunya que, encara avui, ens fa parlar d&#8217;exclusi\u00f3 sanit\u00e0ria.<\/p>\n<p>Per\u00f2, en els fons, la lluita \u00e9s global. De tots i de totes. De Nord a Sud i de l\u2019Est a l\u2019Oest. Per aix\u00f2\u00a0 la Xarxa Europea contra la Privatitzaci\u00f3 i Comercialitzaci\u00f3 de la Salut i Protecci\u00f3 Social vol destacar que els mecanismes de privatitzaci\u00f3 i comercialitzaci\u00f3 de la salut i la protecci\u00f3 social s\u2019estan expandint a tot Europa, impulsats per pol\u00edtiques neoliberals amb el mantra \u201ctot per al mercat\u201d.<\/p>\n<p>Aquesta observaci\u00f3 es basa en les realitats de molts pa\u00efsos i una \u00e0mplia gamma de sectors de salut i protecci\u00f3 social.<\/p>\n<p>La comercialitzaci\u00f3 de la salut t\u00e9 conseq\u00fc\u00e8ncies desastroses sobre l\u2019acc\u00e9s a l\u2019atenci\u00f3 sanit\u00e0ria (tan geogr\u00e0fica, econ\u00f2mica, temporal, cultural \u2026) [1] i, per tant, comporta una exclusi\u00f3 creixent de grups importants dins de la poblaci\u00f3; dones, joves, aturats, persones grans, persones amb discapacitat, migrants\u2026 que en s\u00f3n les primeres v\u00edctimes.<\/p>\n<p>La precarietat, la por i la resignaci\u00f3 que han aparegut han creat un terreny f\u00e8rtil per a la demag\u00f2gia de l\u2019extrema dreta.<\/p>\n<p>La inexist\u00e8ncia d\u2019una Europa social i les seves pol\u00edtiques neoliberals permeten a les autoritats locals referir-se a Europa com a \u00fanica causa i \u00fanica responsable de tots aquests mals.<\/p>\n<p>M\u00e9s que mai, la Xarxa Europea reafirma la necessitat de protegir i generalitzar el patrimoni social europeu dels sistemes de protecci\u00f3 social com la seguretat social, per\u00f2 tamb\u00e9 les pol\u00edtiques socials encaminades a abordar els determinants socials de la salut (educaci\u00f3, habitatge, condicions laborals, medi ambient, etc.) [2], segons es proclama a la mateixa Carta Social Europea.<\/p>\n<p>Davant aquesta situaci\u00f3 els participants en la trobada de Barcelona:<\/p>\n<ul>\n<li>van decidir continuar i intensificar les accions incloses en l\u2019Any Europeu per a la lluita contra la mercantilitzaci\u00f3 de la salut el 7 d\u2019abril de 2018.<\/li>\n<li>van aprovar la proposta adjunta d\u2019un comprom\u00eds, que es presentar\u00e0 per la seva aprovaci\u00f3 als grups parlamentaris i candidats europeus a les eleccions europees de maig de 2019<\/li>\n<li>van decidir, com a part d\u2019una mobilitzaci\u00f3 europea, organitzar a Brussel\u00b7les, al voltant del 7 d\u2019abril de 2019, el Dia Europeu contra la comercialitzaci\u00f3 de la salut, en una manifestaci\u00f3 europea i una confer\u00e8ncia amb els grups parlamentaris signants (\u00a0<a href=\"http:\/\/europe-health-network.net\/spip.php?article232&amp;lang=es\">http:\/\/europe-health-network.net\/spip.php?article232&amp;lang=es\u00a0)<\/a><br \/>\nEl nostre objectiu: difondre els principals principis que han de garantir l\u2019acci\u00f3 pol\u00edtica europea en l\u2019\u00e0mbit de la salut.<\/li>\n<li>mentrestant cal informar, sensibilitzar i mobilitzar localment, a trav\u00e9s d\u2019organitzacions, membres i xarxes aliades, per crear un front frontal unitari i plural.<\/li>\n<\/ul>\n<p>El nostre objectiu: convergir en les lluites locals per defensar la salut p\u00fablica amb una capacitat real d\u2019acci\u00f3 en l\u00e0mbit europeu i<br \/>\nlluitar per una salut p\u00fablica per a tothom!<\/p>\n<p>Fem com els joves que omplen els carrers i les places de les ciutats\u00a0 i pobles europeus per l\u2019emerg\u00e8ncia clim\u00e0tica i la manca de resposta pol\u00edtica davant aquesta situaci\u00f3.<\/p>\n<p>Omplim els carrers i cridem <strong>\u201cPer la nostra Salut!\u201d<\/strong>.<\/p>\n<p><strong>Fes-ho perqu\u00e8 t\u2019hi va la vida.<\/strong><\/p>\n","protected":false},"excerpt":{"rendered":"<p>Fa uns mesos representants de sindicats i moviments socials de tota Europa es van reunir a Barcelona per a impulsar conjuntament, i dins el marc europeu, la Jornada del 7 d\u2019abril com a jornada d\u2019acci\u00f3 europea contra la mercantilitzaci\u00f3 i&hellip;<\/p>\n","protected":false},"author":1122,"featured_media":825814,"comment_status":"closed","ping_status":"closed","sticky":false,"template":"","format":"standard","meta":{"footnotes":""},"categories":[35529,35531,35506,35526],"tags":[],"class_list":["post-825813","post","type-post","status-publish","format-standard","has-post-thumbnail","hentry","category-comunicats-de-premsa","category-contingut-original-ca","category-europa-ca","category-salut-ca"],"yoast_head":"<!-- This site is optimized with the Yoast SEO plugin v27.1.1 - https:\/\/yoast.com\/product\/yoast-seo-wordpress\/ -->\n<title>\u201cPer la nostra salut\u201d: Surt al carrer el 7 d\u2019abril<\/title>\n<meta name=\"description\" content=\"Fa uns mesos representants de sindicats i moviments socials de tota Europa es van reunir a Barcelona per a impulsar conjuntament, i dins el marc europeu,\" \/>\n<meta name=\"robots\" content=\"index, follow, max-snippet:-1, max-image-preview:large, max-video-preview:-1\" \/>\n<link rel=\"canonical\" href=\"https:\/\/www.pressenza.com\/ca\/2019\/03\/per-la-nostra-salut-surt-al-carrer-el-7-dabril\/\" \/>\n<meta property=\"og:locale\" content=\"ca_ES\" \/>\n<meta property=\"og:type\" content=\"article\" \/>\n<meta property=\"og:title\" content=\"\u201cPer la nostra salut\u201d: Surt al carrer el 7 d\u2019abril\" \/>\n<meta property=\"og:description\" content=\"Fa uns mesos representants de sindicats i moviments socials de tota Europa es van reunir a Barcelona per a impulsar conjuntament, i dins el marc europeu,\" \/>\n<meta property=\"og:url\" content=\"https:\/\/www.pressenza.com\/ca\/2019\/03\/per-la-nostra-salut-surt-al-carrer-el-7-dabril\/\" \/>\n<meta property=\"og:site_name\" content=\"Pressenza\" \/>\n<meta property=\"article:publisher\" content=\"https:\/\/www.facebook.com\/PressenzaItalia\" \/>\n<meta property=\"article:author\" content=\"https:\/\/www.facebook.com\/Pressenza-Espaa-647854795301395\/timeline\/\" \/>\n<meta property=\"article:published_time\" content=\"2019-03-18T09:49:29+00:00\" \/>\n<meta property=\"og:image\" content=\"https:\/\/www.pressenza.com\/wp-content\/uploads\/2019\/03\/arton205.jpg\" \/>\n\t<meta property=\"og:image:width\" content=\"1575\" \/>\n\t<meta property=\"og:image:height\" content=\"1701\" \/>\n\t<meta property=\"og:image:type\" content=\"image\/jpeg\" \/>\n<meta name=\"author\" content=\"Redacci\u00f3n Barcelona\" \/>\n<meta name=\"twitter:card\" content=\"summary_large_image\" \/>\n<meta name=\"twitter:creator\" content=\"@pressenza\" \/>\n<meta name=\"twitter:site\" content=\"@PressenzaIPA\" \/>\n<meta name=\"twitter:label1\" content=\"Escrit per\" \/>\n\t<meta name=\"twitter:data1\" content=\"Redacci\u00f3n Barcelona\" \/>\n\t<meta name=\"twitter:label2\" content=\"Temps estimat de lectura\" \/>\n\t<meta name=\"twitter:data2\" content=\"4 minuts\" \/>\n<script type=\"application\/ld+json\" class=\"yoast-schema-graph\">{\"@context\":\"https:\/\/schema.org\",\"@graph\":[{\"@type\":\"Article\",\"@id\":\"https:\/\/www.pressenza.com\/ca\/2019\/03\/per-la-nostra-salut-surt-al-carrer-el-7-dabril\/#article\",\"isPartOf\":{\"@id\":\"https:\/\/www.pressenza.com\/ca\/2019\/03\/per-la-nostra-salut-surt-al-carrer-el-7-dabril\/\"},\"author\":{\"name\":\"Redacci\u00f3n Barcelona\",\"@id\":\"https:\/\/www.pressenza.com\/ca\/#\/schema\/person\/8abc53b92f3264e0dad4300d54ac73ff\"},\"headline\":\"\u201cPer la nostra salut\u201d: Surt al carrer el 7 d\u2019abril\",\"datePublished\":\"2019-03-18T09:49:29+00:00\",\"mainEntityOfPage\":{\"@id\":\"https:\/\/www.pressenza.com\/ca\/2019\/03\/per-la-nostra-salut-surt-al-carrer-el-7-dabril\/\"},\"wordCount\":806,\"publisher\":{\"@id\":\"https:\/\/www.pressenza.com\/ca\/#organization\"},\"image\":{\"@id\":\"https:\/\/www.pressenza.com\/ca\/2019\/03\/per-la-nostra-salut-surt-al-carrer-el-7-dabril\/#primaryimage\"},\"thumbnailUrl\":\"https:\/\/www.pressenza.com\/wp-content\/uploads\/2019\/03\/arton205.jpg\",\"articleSection\":[\"Comunicats de premsa\",\"Contingut original\",\"Europa\",\"Salut\"],\"inLanguage\":\"ca\"},{\"@type\":\"WebPage\",\"@id\":\"https:\/\/www.pressenza.com\/ca\/2019\/03\/per-la-nostra-salut-surt-al-carrer-el-7-dabril\/\",\"url\":\"https:\/\/www.pressenza.com\/ca\/2019\/03\/per-la-nostra-salut-surt-al-carrer-el-7-dabril\/\",\"name\":\"\u201cPer la nostra salut\u201d: Surt al carrer el 7 d\u2019abril\",\"isPartOf\":{\"@id\":\"https:\/\/www.pressenza.com\/ca\/#website\"},\"primaryImageOfPage\":{\"@id\":\"https:\/\/www.pressenza.com\/ca\/2019\/03\/per-la-nostra-salut-surt-al-carrer-el-7-dabril\/#primaryimage\"},\"image\":{\"@id\":\"https:\/\/www.pressenza.com\/ca\/2019\/03\/per-la-nostra-salut-surt-al-carrer-el-7-dabril\/#primaryimage\"},\"thumbnailUrl\":\"https:\/\/www.pressenza.com\/wp-content\/uploads\/2019\/03\/arton205.jpg\",\"datePublished\":\"2019-03-18T09:49:29+00:00\",\"description\":\"Fa uns mesos representants de sindicats i moviments socials de tota Europa es van reunir a Barcelona per a impulsar conjuntament, i dins el marc europeu,\",\"breadcrumb\":{\"@id\":\"https:\/\/www.pressenza.com\/ca\/2019\/03\/per-la-nostra-salut-surt-al-carrer-el-7-dabril\/#breadcrumb\"},\"inLanguage\":\"ca\",\"potentialAction\":[{\"@type\":\"ReadAction\",\"target\":[\"https:\/\/www.pressenza.com\/ca\/2019\/03\/per-la-nostra-salut-surt-al-carrer-el-7-dabril\/\"]}]},{\"@type\":\"ImageObject\",\"inLanguage\":\"ca\",\"@id\":\"https:\/\/www.pressenza.com\/ca\/2019\/03\/per-la-nostra-salut-surt-al-carrer-el-7-dabril\/#primaryimage\",\"url\":\"https:\/\/www.pressenza.com\/wp-content\/uploads\/2019\/03\/arton205.jpg\",\"contentUrl\":\"https:\/\/www.pressenza.com\/wp-content\/uploads\/2019\/03\/arton205.jpg\",\"width\":1575,\"height\":1701},{\"@type\":\"BreadcrumbList\",\"@id\":\"https:\/\/www.pressenza.com\/ca\/2019\/03\/per-la-nostra-salut-surt-al-carrer-el-7-dabril\/#breadcrumb\",\"itemListElement\":[{\"@type\":\"ListItem\",\"position\":1,\"name\":\"Accueil\",\"item\":\"https:\/\/www.pressenza.com\/ca\/\"},{\"@type\":\"ListItem\",\"position\":2,\"name\":\"\u201cPer la nostra salut\u201d: Surt al carrer el 7 d\u2019abril\"}]},{\"@type\":\"WebSite\",\"@id\":\"https:\/\/www.pressenza.com\/ca\/#website\",\"url\":\"https:\/\/www.pressenza.com\/ca\/\",\"name\":\"Pressenza\",\"description\":\"International Press Agency\",\"publisher\":{\"@id\":\"https:\/\/www.pressenza.com\/ca\/#organization\"},\"potentialAction\":[{\"@type\":\"SearchAction\",\"target\":{\"@type\":\"EntryPoint\",\"urlTemplate\":\"https:\/\/www.pressenza.com\/ca\/?s={search_term_string}\"},\"query-input\":{\"@type\":\"PropertyValueSpecification\",\"valueRequired\":true,\"valueName\":\"search_term_string\"}}],\"inLanguage\":\"ca\"},{\"@type\":\"Organization\",\"@id\":\"https:\/\/www.pressenza.com\/ca\/#organization\",\"name\":\"Pressenza\",\"url\":\"https:\/\/www.pressenza.com\/ca\/\",\"logo\":{\"@type\":\"ImageObject\",\"inLanguage\":\"ca\",\"@id\":\"https:\/\/www.pressenza.com\/ca\/#\/schema\/logo\/image\/\",\"url\":\"https:\/\/www.pressenza.com\/wp-content\/uploads\/2022\/10\/pressenza_logo_200x200.jpg\",\"contentUrl\":\"https:\/\/www.pressenza.com\/wp-content\/uploads\/2022\/10\/pressenza_logo_200x200.jpg\",\"width\":200,\"height\":200,\"caption\":\"Pressenza\"},\"image\":{\"@id\":\"https:\/\/www.pressenza.com\/ca\/#\/schema\/logo\/image\/\"},\"sameAs\":[\"https:\/\/www.facebook.com\/PressenzaItalia\",\"https:\/\/x.com\/PressenzaIPA\"]},{\"@type\":\"Person\",\"@id\":\"https:\/\/www.pressenza.com\/ca\/#\/schema\/person\/8abc53b92f3264e0dad4300d54ac73ff\",\"name\":\"Redacci\u00f3n Barcelona\",\"description\":\"News published by the Pressenza bureau in Barcelona, Spain\",\"sameAs\":[\"https:\/\/www.facebook.com\/Pressenza-Espaa-647854795301395\/timeline\/\",\"https:\/\/x.com\/pressenza\"],\"url\":\"https:\/\/www.pressenza.com\/ca\/author\/redaccion-barcelona\/\"}]}<\/script>\n<!-- \/ Yoast SEO plugin. -->","yoast_head_json":{"title":"\u201cPer la nostra salut\u201d: Surt al carrer el 7 d\u2019abril","description":"Fa uns mesos representants de sindicats i moviments socials de tota Europa es van reunir a Barcelona per a impulsar conjuntament, i dins el marc europeu,","robots":{"index":"index","follow":"follow","max-snippet":"max-snippet:-1","max-image-preview":"max-image-preview:large","max-video-preview":"max-video-preview:-1"},"canonical":"https:\/\/www.pressenza.com\/ca\/2019\/03\/per-la-nostra-salut-surt-al-carrer-el-7-dabril\/","og_locale":"ca_ES","og_type":"article","og_title":"\u201cPer la nostra salut\u201d: Surt al carrer el 7 d\u2019abril","og_description":"Fa uns mesos representants de sindicats i moviments socials de tota Europa es van reunir a Barcelona per a impulsar conjuntament, i dins el marc europeu,","og_url":"https:\/\/www.pressenza.com\/ca\/2019\/03\/per-la-nostra-salut-surt-al-carrer-el-7-dabril\/","og_site_name":"Pressenza","article_publisher":"https:\/\/www.facebook.com\/PressenzaItalia","article_author":"https:\/\/www.facebook.com\/Pressenza-Espaa-647854795301395\/timeline\/","article_published_time":"2019-03-18T09:49:29+00:00","og_image":[{"width":1575,"height":1701,"url":"https:\/\/www.pressenza.com\/wp-content\/uploads\/2019\/03\/arton205.jpg","type":"image\/jpeg"}],"author":"Redacci\u00f3n Barcelona","twitter_card":"summary_large_image","twitter_creator":"@pressenza","twitter_site":"@PressenzaIPA","twitter_misc":{"Escrit per":"Redacci\u00f3n Barcelona","Temps estimat de lectura":"4 minuts"},"schema":{"@context":"https:\/\/schema.org","@graph":[{"@type":"Article","@id":"https:\/\/www.pressenza.com\/ca\/2019\/03\/per-la-nostra-salut-surt-al-carrer-el-7-dabril\/#article","isPartOf":{"@id":"https:\/\/www.pressenza.com\/ca\/2019\/03\/per-la-nostra-salut-surt-al-carrer-el-7-dabril\/"},"author":{"name":"Redacci\u00f3n Barcelona","@id":"https:\/\/www.pressenza.com\/ca\/#\/schema\/person\/8abc53b92f3264e0dad4300d54ac73ff"},"headline":"\u201cPer la nostra salut\u201d: Surt al carrer el 7 d\u2019abril","datePublished":"2019-03-18T09:49:29+00:00","mainEntityOfPage":{"@id":"https:\/\/www.pressenza.com\/ca\/2019\/03\/per-la-nostra-salut-surt-al-carrer-el-7-dabril\/"},"wordCount":806,"publisher":{"@id":"https:\/\/www.pressenza.com\/ca\/#organization"},"image":{"@id":"https:\/\/www.pressenza.com\/ca\/2019\/03\/per-la-nostra-salut-surt-al-carrer-el-7-dabril\/#primaryimage"},"thumbnailUrl":"https:\/\/www.pressenza.com\/wp-content\/uploads\/2019\/03\/arton205.jpg","articleSection":["Comunicats de premsa","Contingut original","Europa","Salut"],"inLanguage":"ca"},{"@type":"WebPage","@id":"https:\/\/www.pressenza.com\/ca\/2019\/03\/per-la-nostra-salut-surt-al-carrer-el-7-dabril\/","url":"https:\/\/www.pressenza.com\/ca\/2019\/03\/per-la-nostra-salut-surt-al-carrer-el-7-dabril\/","name":"\u201cPer la nostra salut\u201d: Surt al carrer el 7 d\u2019abril","isPartOf":{"@id":"https:\/\/www.pressenza.com\/ca\/#website"},"primaryImageOfPage":{"@id":"https:\/\/www.pressenza.com\/ca\/2019\/03\/per-la-nostra-salut-surt-al-carrer-el-7-dabril\/#primaryimage"},"image":{"@id":"https:\/\/www.pressenza.com\/ca\/2019\/03\/per-la-nostra-salut-surt-al-carrer-el-7-dabril\/#primaryimage"},"thumbnailUrl":"https:\/\/www.pressenza.com\/wp-content\/uploads\/2019\/03\/arton205.jpg","datePublished":"2019-03-18T09:49:29+00:00","description":"Fa uns mesos representants de sindicats i moviments socials de tota Europa es van reunir a Barcelona per a impulsar conjuntament, i dins el marc europeu,","breadcrumb":{"@id":"https:\/\/www.pressenza.com\/ca\/2019\/03\/per-la-nostra-salut-surt-al-carrer-el-7-dabril\/#breadcrumb"},"inLanguage":"ca","potentialAction":[{"@type":"ReadAction","target":["https:\/\/www.pressenza.com\/ca\/2019\/03\/per-la-nostra-salut-surt-al-carrer-el-7-dabril\/"]}]},{"@type":"ImageObject","inLanguage":"ca","@id":"https:\/\/www.pressenza.com\/ca\/2019\/03\/per-la-nostra-salut-surt-al-carrer-el-7-dabril\/#primaryimage","url":"https:\/\/www.pressenza.com\/wp-content\/uploads\/2019\/03\/arton205.jpg","contentUrl":"https:\/\/www.pressenza.com\/wp-content\/uploads\/2019\/03\/arton205.jpg","width":1575,"height":1701},{"@type":"BreadcrumbList","@id":"https:\/\/www.pressenza.com\/ca\/2019\/03\/per-la-nostra-salut-surt-al-carrer-el-7-dabril\/#breadcrumb","itemListElement":[{"@type":"ListItem","position":1,"name":"Accueil","item":"https:\/\/www.pressenza.com\/ca\/"},{"@type":"ListItem","position":2,"name":"\u201cPer la nostra salut\u201d: Surt al carrer el 7 d\u2019abril"}]},{"@type":"WebSite","@id":"https:\/\/www.pressenza.com\/ca\/#website","url":"https:\/\/www.pressenza.com\/ca\/","name":"Pressenza","description":"International Press Agency","publisher":{"@id":"https:\/\/www.pressenza.com\/ca\/#organization"},"potentialAction":[{"@type":"SearchAction","target":{"@type":"EntryPoint","urlTemplate":"https:\/\/www.pressenza.com\/ca\/?s={search_term_string}"},"query-input":{"@type":"PropertyValueSpecification","valueRequired":true,"valueName":"search_term_string"}}],"inLanguage":"ca"},{"@type":"Organization","@id":"https:\/\/www.pressenza.com\/ca\/#organization","name":"Pressenza","url":"https:\/\/www.pressenza.com\/ca\/","logo":{"@type":"ImageObject","inLanguage":"ca","@id":"https:\/\/www.pressenza.com\/ca\/#\/schema\/logo\/image\/","url":"https:\/\/www.pressenza.com\/wp-content\/uploads\/2022\/10\/pressenza_logo_200x200.jpg","contentUrl":"https:\/\/www.pressenza.com\/wp-content\/uploads\/2022\/10\/pressenza_logo_200x200.jpg","width":200,"height":200,"caption":"Pressenza"},"image":{"@id":"https:\/\/www.pressenza.com\/ca\/#\/schema\/logo\/image\/"},"sameAs":["https:\/\/www.facebook.com\/PressenzaItalia","https:\/\/x.com\/PressenzaIPA"]},{"@type":"Person","@id":"https:\/\/www.pressenza.com\/ca\/#\/schema\/person\/8abc53b92f3264e0dad4300d54ac73ff","name":"Redacci\u00f3n Barcelona","description":"News published by the Pressenza bureau in Barcelona, Spain","sameAs":["https:\/\/www.facebook.com\/Pressenza-Espaa-647854795301395\/timeline\/","https:\/\/x.com\/pressenza"],"url":"https:\/\/www.pressenza.com\/ca\/author\/redaccion-barcelona\/"}]}},"place":"Barcelona - Enric Feliu","original_article_url":"","_links":{"self":[{"href":"https:\/\/www.pressenza.com\/ca\/wp-json\/wp\/v2\/posts\/825813","targetHints":{"allow":["GET"]}}],"collection":[{"href":"https:\/\/www.pressenza.com\/ca\/wp-json\/wp\/v2\/posts"}],"about":[{"href":"https:\/\/www.pressenza.com\/ca\/wp-json\/wp\/v2\/types\/post"}],"author":[{"embeddable":true,"href":"https:\/\/www.pressenza.com\/ca\/wp-json\/wp\/v2\/users\/1122"}],"replies":[{"embeddable":true,"href":"https:\/\/www.pressenza.com\/ca\/wp-json\/wp\/v2\/comments?post=825813"}],"version-history":[{"count":0,"href":"https:\/\/www.pressenza.com\/ca\/wp-json\/wp\/v2\/posts\/825813\/revisions"}],"wp:featuredmedia":[{"embeddable":true,"href":"https:\/\/www.pressenza.com\/ca\/wp-json\/wp\/v2\/media\/825814"}],"wp:attachment":[{"href":"https:\/\/www.pressenza.com\/ca\/wp-json\/wp\/v2\/media?parent=825813"}],"wp:term":[{"taxonomy":"category","embeddable":true,"href":"https:\/\/www.pressenza.com\/ca\/wp-json\/wp\/v2\/categories?post=825813"},{"taxonomy":"post_tag","embeddable":true,"href":"https:\/\/www.pressenza.com\/ca\/wp-json\/wp\/v2\/tags?post=825813"}],"curies":[{"name":"wp","href":"https:\/\/api.w.org\/{rel}","templated":true}]}}